{"id":5218,"date":"2021-11-09T19:45:18","date_gmt":"2021-11-10T01:45:18","guid":{"rendered":"https:\/\/www.bbmnoticias.com\/labravaradiofm\/?p=5218"},"modified":"2021-11-09T19:45:19","modified_gmt":"2021-11-10T01:45:19","slug":"clausuran-panteon-en-oaxaca-les-deben-13-anos-de-predial","status":"publish","type":"post","link":"https:\/\/www.bbmnoticias.com\/labravaradiofm\/2021\/11\/09\/clausuran-panteon-en-oaxaca-les-deben-13-anos-de-predial\/","title":{"rendered":"Clausuran pante\u00f3n en Oaxaca, les deben 13 a\u00f1os de predial"},"content":{"rendered":"<div style=\"margin-top: 0px; margin-bottom: 0px;\" class=\"sharethis-inline-share-buttons\" ><\/div>\n<p>OAXACA, Oax.- El ayuntamiento de San Andr\u00e9s Huayapam inform\u00f3 que a partir de este martes, clausur\u00f3 el pante\u00f3n Jard\u00edn, por el adeudo que las autoridades municipales de la ciudad de Oaxaca tienen con ellos.<\/p>\n\n\n\n<p>En una lona que colocaron en la puerta, explicaron que el ayuntamiento de Oaxaca ha incumplido con las obligaciones inherentes para el correcto funcionamiento de este pante\u00f3n.<\/p>\n\n\n\n<p>Tales como la regularizaci\u00f3n de la fusi\u00f3n de los predios, la licencia de funcionamiento, el inicio de operaciones, alineamiento, cambio de uso de suelo y pago predial desde hace m\u00e1s de 13 a\u00f1os.<\/p>\n\n\n\n<p>\u201cPor lo anterior y por falta de voluntad por parte de los Concejales del H. Ayuntamiento de la Ciudad de Oaxaca de Ju\u00e1rez para dar soluci\u00f3n a esta problem\u00e1tica, sirva el presente comunicado para los fines legales que a nuestra comunidad convengan\u201d.<\/p>\n\n\n\n<p>Este martes, una patrulla de la polic\u00eda municipal de Huayapam resguarda la entrada del pante\u00f3n.<\/p>\n\n\n\n<p>Por la ma\u00f1ana permitieron el ingreso de un f\u00e9retro que hab\u00eda ya cubierto sus derechos para ser inhumado, sin embargo, dijeron que ya no permitir\u00e1n ning\u00fan sepelio m\u00e1s.<\/p>\n\n\n\n<p>En la ciudad de Oaxaca est\u00e1 suspendido tambi\u00e9n, por falta de pago, el servicio de recolecci\u00f3n de basura.<\/p>\n\n\n\n<p>A pesar del desorden administrativo que repercute en caos en la ciudad de Oaxaca, el Ayuntamiento de la ciudad parece no enterarse ni interesarse en los problemas que aquejan a la poblaci\u00f3n.<\/p>\n","protected":false},"excerpt":{"rendered":"<p>OAXACA, Oax.- El ayuntamiento de San Andr\u00e9s Huayapam inform\u00f3 que a partir de este martes, clausur\u00f3 el pante\u00f3n Jard\u00edn, por el adeudo que las autoridades municipales de la ciudad de Oaxaca tienen con ellos. En una lona que colocaron en la puerta, explicaron que el ayuntamiento de Oaxaca ha incumplido con las obligaciones inherentes para [&hellip;]<\/p>\n","protected":false},"author":5,"featured_media":5219,"comment_status":"closed","ping_status":"closed","sticky":false,"template":"","format":"standard","meta":{"footnotes":""},"categories":[2],"tags":[],"class_list":{"0":"post-5218","1":"post","2":"type-post","3":"status-publish","4":"format-standard","5":"has-post-thumbnail","7":"category-oaxaca"},"yoast_head":"<!-- This site is optimized with the Yoast SEO plugin v27.4 - https:\/\/yoast.com\/product\/yoast-seo-wordpress\/ -->\n<title>Clausuran pante\u00f3n en Oaxaca, les deben 13 a\u00f1os de predial - LA BRAVA RADIO<\/title>\n<meta name=\"robots\" content=\"index, follow, max-snippet:-1, max-image-preview:large, max-video-preview:-1\" \/>\n<link rel=\"canonical\" href=\"https:\/\/www.bbmnoticias.com\/labravaradiofm\/2021\/11\/09\/clausuran-panteon-en-oaxaca-les-deben-13-anos-de-predial\/\" \/>\n<meta property=\"og:locale\" content=\"es_MX\" \/>\n<meta property=\"og:type\" content=\"article\" \/>\n<meta property=\"og:title\" content=\"Clausuran pante\u00f3n en Oaxaca, les deben 13 a\u00f1os de predial - LA BRAVA RADIO\" \/>\n<meta property=\"og:description\" content=\"OAXACA, Oax.- El ayuntamiento de San Andr\u00e9s Huayapam inform\u00f3 que a partir de este martes, clausur\u00f3 el pante\u00f3n Jard\u00edn, por el adeudo que las autoridades municipales de la ciudad de Oaxaca tienen con ellos. En una lona que colocaron en la puerta, explicaron que el ayuntamiento de Oaxaca ha incumplido con las obligaciones inherentes para [&hellip;]\" \/>\n<meta property=\"og:url\" content=\"https:\/\/www.bbmnoticias.com\/labravaradiofm\/2021\/11\/09\/clausuran-panteon-en-oaxaca-les-deben-13-anos-de-predial\/\" \/>\n<meta property=\"og:site_name\" content=\"LA BRAVA RADIO\" \/>\n<meta property=\"article:published_time\" content=\"2021-11-10T01:45:18+00:00\" \/>\n<meta property=\"article:modified_time\" content=\"2021-11-10T01:45:19+00:00\" \/>\n<meta property=\"og:image\" content=\"https:\/\/www.bbmnoticias.com\/labravaradiofm\/wp-content\/uploads\/sites\/5\/2021\/11\/l09112021-31.jpeg\" \/>\n\t<meta property=\"og:image:width\" content=\"1024\" \/>\n\t<meta property=\"og:image:height\" content=\"576\" \/>\n\t<meta property=\"og:image:type\" content=\"image\/jpeg\" \/>\n<meta name=\"author\" content=\"Quadratin\" \/>\n<meta name=\"twitter:card\" content=\"summary_large_image\" \/>\n<meta name=\"twitter:label1\" content=\"Escrito por\" \/>\n\t<meta name=\"twitter:data1\" content=\"Quadratin\" \/>\n\t<meta name=\"twitter:label2\" content=\"Tiempo de lectura\" \/>\n\t<meta name=\"twitter:data2\" content=\"2 minutos\" \/>\n<script type=\"application\/ld+json\" class=\"yoast-schema-graph\">{\"@context\":\"https:\\\/\\\/schema.org\",\"@graph\":[{\"@type\":\"Article\",\"@id\":\"https:\\\/\\\/www.bbmnoticias.com\\\/labravaradiofm\\\/2021\\\/11\\\/09\\\/clausuran-panteon-en-oaxaca-les-deben-13-anos-de-predial\\\/#article\",\"isPartOf\":{\"@id\":\"https:\\\/\\\/www.bbmnoticias.com\\\/labravaradiofm\\\/2021\\\/11\\\/09\\\/clausuran-panteon-en-oaxaca-les-deben-13-anos-de-predial\\\/\"},\"author\":{\"name\":\"Quadratin\",\"@id\":\"https:\\\/\\\/www.bbmnoticias.com\\\/labravaradiofm\\\/#\\\/schema\\\/person\\\/c316b6f6c03640cce5d9482ba5a8e5c2\"},\"headline\":\"Clausuran pante\u00f3n en Oaxaca, les deben 13 a\u00f1os de predial\",\"datePublished\":\"2021-11-10T01:45:18+00:00\",\"dateModified\":\"2021-11-10T01:45:19+00:00\",\"mainEntityOfPage\":{\"@id\":\"https:\\\/\\\/www.bbmnoticias.com\\\/labravaradiofm\\\/2021\\\/11\\\/09\\\/clausuran-panteon-en-oaxaca-les-deben-13-anos-de-predial\\\/\"},\"wordCount\":262,\"image\":{\"@id\":\"https:\\\/\\\/www.bbmnoticias.com\\\/labravaradiofm\\\/2021\\\/11\\\/09\\\/clausuran-panteon-en-oaxaca-les-deben-13-anos-de-predial\\\/#primaryimage\"},\"thumbnailUrl\":\"https:\\\/\\\/www.bbmnoticias.com\\\/labravaradiofm\\\/wp-content\\\/uploads\\\/sites\\\/5\\\/2021\\\/11\\\/l09112021-31.jpeg\",\"articleSection\":[\"LOCAL\"],\"inLanguage\":\"es\"},{\"@type\":\"WebPage\",\"@id\":\"https:\\\/\\\/www.bbmnoticias.com\\\/labravaradiofm\\\/2021\\\/11\\\/09\\\/clausuran-panteon-en-oaxaca-les-deben-13-anos-de-predial\\\/\",\"url\":\"https:\\\/\\\/www.bbmnoticias.com\\\/labravaradiofm\\\/2021\\\/11\\\/09\\\/clausuran-panteon-en-oaxaca-les-deben-13-anos-de-predial\\\/\",\"name\":\"Clausuran pante\u00f3n en Oaxaca, les deben 13 a\u00f1os de predial - LA BRAVA RADIO\",\"isPartOf\":{\"@id\":\"https:\\\/\\\/www.bbmnoticias.com\\\/labravaradiofm\\\/#website\"},\"primaryImageOfPage\":{\"@id\":\"https:\\\/\\\/www.bbmnoticias.com\\\/labravaradiofm\\\/2021\\\/11\\\/09\\\/clausuran-panteon-en-oaxaca-les-deben-13-anos-de-predial\\\/#primaryimage\"},\"image\":{\"@id\":\"https:\\\/\\\/www.bbmnoticias.com\\\/labravaradiofm\\\/2021\\\/11\\\/09\\\/clausuran-panteon-en-oaxaca-les-deben-13-anos-de-predial\\\/#primaryimage\"},\"thumbnailUrl\":\"https:\\\/\\\/www.bbmnoticias.com\\\/labravaradiofm\\\/wp-content\\\/uploads\\\/sites\\\/5\\\/2021\\\/11\\\/l09112021-31.jpeg\",\"datePublished\":\"2021-11-10T01:45:18+00:00\",\"dateModified\":\"2021-11-10T01:45:19+00:00\",\"author\":{\"@id\":\"https:\\\/\\\/www.bbmnoticias.com\\\/labravaradiofm\\\/#\\\/schema\\\/person\\\/c316b6f6c03640cce5d9482ba5a8e5c2\"},\"breadcrumb\":{\"@id\":\"https:\\\/\\\/www.bbmnoticias.com\\\/labravaradiofm\\\/2021\\\/11\\\/09\\\/clausuran-panteon-en-oaxaca-les-deben-13-anos-de-predial\\\/#breadcrumb\"},\"inLanguage\":\"es\",\"potentialAction\":[{\"@type\":\"ReadAction\",\"target\":[\"https:\\\/\\\/www.bbmnoticias.com\\\/labravaradiofm\\\/2021\\\/11\\\/09\\\/clausuran-panteon-en-oaxaca-les-deben-13-anos-de-predial\\\/\"]}]},{\"@type\":\"ImageObject\",\"inLanguage\":\"es\",\"@id\":\"https:\\\/\\\/www.bbmnoticias.com\\\/labravaradiofm\\\/2021\\\/11\\\/09\\\/clausuran-panteon-en-oaxaca-les-deben-13-anos-de-predial\\\/#primaryimage\",\"url\":\"https:\\\/\\\/www.bbmnoticias.com\\\/labravaradiofm\\\/wp-content\\\/uploads\\\/sites\\\/5\\\/2021\\\/11\\\/l09112021-31.jpeg\",\"contentUrl\":\"https:\\\/\\\/www.bbmnoticias.com\\\/labravaradiofm\\\/wp-content\\\/uploads\\\/sites\\\/5\\\/2021\\\/11\\\/l09112021-31.jpeg\",\"width\":1024,\"height\":576},{\"@type\":\"BreadcrumbList\",\"@id\":\"https:\\\/\\\/www.bbmnoticias.com\\\/labravaradiofm\\\/2021\\\/11\\\/09\\\/clausuran-panteon-en-oaxaca-les-deben-13-anos-de-predial\\\/#breadcrumb\",\"itemListElement\":[{\"@type\":\"ListItem\",\"position\":1,\"name\":\"Inicio\",\"item\":\"https:\\\/\\\/www.bbmnoticias.com\\\/labravaradiofm\\\/\"},{\"@type\":\"ListItem\",\"position\":2,\"name\":\"Clausuran pante\u00f3n en Oaxaca, les deben 13 a\u00f1os de predial\"}]},{\"@type\":\"WebSite\",\"@id\":\"https:\\\/\\\/www.bbmnoticias.com\\\/labravaradiofm\\\/#website\",\"url\":\"https:\\\/\\\/www.bbmnoticias.com\\\/labravaradiofm\\\/\",\"name\":\"LA BRAVA RADIO\",\"description\":\"Empresa productora de medios, Radiodifusi\u00f3n, Noticias, tendencias y todo lo que necesitas saber de la pol\u00edtica mexicana e internacional; entretenimiento, espect\u00e1culos, salud y mucho m\u00e1s.\",\"potentialAction\":[{\"@type\":\"SearchAction\",\"target\":{\"@type\":\"EntryPoint\",\"urlTemplate\":\"https:\\\/\\\/www.bbmnoticias.com\\\/labravaradiofm\\\/?s={search_term_string}\"},\"query-input\":{\"@type\":\"PropertyValueSpecification\",\"valueRequired\":true,\"valueName\":\"search_term_string\"}}],\"inLanguage\":\"es\"},{\"@type\":\"Person\",\"@id\":\"https:\\\/\\\/www.bbmnoticias.com\\\/labravaradiofm\\\/#\\\/schema\\\/person\\\/c316b6f6c03640cce5d9482ba5a8e5c2\",\"name\":\"Quadratin\",\"image\":{\"@type\":\"ImageObject\",\"inLanguage\":\"es\",\"@id\":\"https:\\\/\\\/secure.gravatar.com\\\/avatar\\\/34008d7d72488432d6a74f81e839efc9f754b118786ca32cf39d9d5508a68f63?s=96&d=mm&r=g\",\"url\":\"https:\\\/\\\/secure.gravatar.com\\\/avatar\\\/34008d7d72488432d6a74f81e839efc9f754b118786ca32cf39d9d5508a68f63?s=96&d=mm&r=g\",\"contentUrl\":\"https:\\\/\\\/secure.gravatar.com\\\/avatar\\\/34008d7d72488432d6a74f81e839efc9f754b118786ca32cf39d9d5508a68f63?s=96&d=mm&r=g\",\"caption\":\"Quadratin\"},\"url\":\"https:\\\/\\\/www.bbmnoticias.com\\\/labravaradiofm\\\/author\\\/quadratin\\\/\"}]}<\/script>\n<!-- \/ Yoast SEO plugin. -->","yoast_head_json":{"title":"Clausuran pante\u00f3n en Oaxaca, les deben 13 a\u00f1os de predial - LA BRAVA RADIO","robots":{"index":"index","follow":"follow","max-snippet":"max-snippet:-1","max-image-preview":"max-image-preview:large","max-video-preview":"max-video-preview:-1"},"canonical":"https:\/\/www.bbmnoticias.com\/labravaradiofm\/2021\/11\/09\/clausuran-panteon-en-oaxaca-les-deben-13-anos-de-predial\/","og_locale":"es_MX","og_type":"article","og_title":"Clausuran pante\u00f3n en Oaxaca, les deben 13 a\u00f1os de predial - LA BRAVA RADIO","og_description":"OAXACA, Oax.- El ayuntamiento de San Andr\u00e9s Huayapam inform\u00f3 que a partir de este martes, clausur\u00f3 el pante\u00f3n Jard\u00edn, por el adeudo que las autoridades municipales de la ciudad de Oaxaca tienen con ellos. En una lona que colocaron en la puerta, explicaron que el ayuntamiento de Oaxaca ha incumplido con las obligaciones inherentes para [&hellip;]","og_url":"https:\/\/www.bbmnoticias.com\/labravaradiofm\/2021\/11\/09\/clausuran-panteon-en-oaxaca-les-deben-13-anos-de-predial\/","og_site_name":"LA BRAVA RADIO","article_published_time":"2021-11-10T01:45:18+00:00","article_modified_time":"2021-11-10T01:45:19+00:00","og_image":[{"width":1024,"height":576,"url":"https:\/\/www.bbmnoticias.com\/labravaradiofm\/wp-content\/uploads\/sites\/5\/2021\/11\/l09112021-31.jpeg","type":"image\/jpeg"}],"author":"Quadratin","twitter_card":"summary_large_image","twitter_misc":{"Escrito por":"Quadratin","Tiempo de lectura":"2 minutos"},"schema":{"@context":"https:\/\/schema.org","@graph":[{"@type":"Article","@id":"https:\/\/www.bbmnoticias.com\/labravaradiofm\/2021\/11\/09\/clausuran-panteon-en-oaxaca-les-deben-13-anos-de-predial\/#article","isPartOf":{"@id":"https:\/\/www.bbmnoticias.com\/labravaradiofm\/2021\/11\/09\/clausuran-panteon-en-oaxaca-les-deben-13-anos-de-predial\/"},"author":{"name":"Quadratin","@id":"https:\/\/www.bbmnoticias.com\/labravaradiofm\/#\/schema\/person\/c316b6f6c03640cce5d9482ba5a8e5c2"},"headline":"Clausuran pante\u00f3n en Oaxaca, les deben 13 a\u00f1os de predial","datePublished":"2021-11-10T01:45:18+00:00","dateModified":"2021-11-10T01:45:19+00:00","mainEntityOfPage":{"@id":"https:\/\/www.bbmnoticias.com\/labravaradiofm\/2021\/11\/09\/clausuran-panteon-en-oaxaca-les-deben-13-anos-de-predial\/"},"wordCount":262,"image":{"@id":"https:\/\/www.bbmnoticias.com\/labravaradiofm\/2021\/11\/09\/clausuran-panteon-en-oaxaca-les-deben-13-anos-de-predial\/#primaryimage"},"thumbnailUrl":"https:\/\/www.bbmnoticias.com\/labravaradiofm\/wp-content\/uploads\/sites\/5\/2021\/11\/l09112021-31.jpeg","articleSection":["LOCAL"],"inLanguage":"es"},{"@type":"WebPage","@id":"https:\/\/www.bbmnoticias.com\/labravaradiofm\/2021\/11\/09\/clausuran-panteon-en-oaxaca-les-deben-13-anos-de-predial\/","url":"https:\/\/www.bbmnoticias.com\/labravaradiofm\/2021\/11\/09\/clausuran-panteon-en-oaxaca-les-deben-13-anos-de-predial\/","name":"Clausuran pante\u00f3n en Oaxaca, les deben 13 a\u00f1os de predial - LA BRAVA RADIO","isPartOf":{"@id":"https:\/\/www.bbmnoticias.com\/labravaradiofm\/#website"},"primaryImageOfPage":{"@id":"https:\/\/www.bbmnoticias.com\/labravaradiofm\/2021\/11\/09\/clausuran-panteon-en-oaxaca-les-deben-13-anos-de-predial\/#primaryimage"},"image":{"@id":"https:\/\/www.bbmnoticias.com\/labravaradiofm\/2021\/11\/09\/clausuran-panteon-en-oaxaca-les-deben-13-anos-de-predial\/#primaryimage"},"thumbnailUrl":"https:\/\/www.bbmnoticias.com\/labravaradiofm\/wp-content\/uploads\/sites\/5\/2021\/11\/l09112021-31.jpeg","datePublished":"2021-11-10T01:45:18+00:00","dateModified":"2021-11-10T01:45:19+00:00","author":{"@id":"https:\/\/www.bbmnoticias.com\/labravaradiofm\/#\/schema\/person\/c316b6f6c03640cce5d9482ba5a8e5c2"},"breadcrumb":{"@id":"https:\/\/www.bbmnoticias.com\/labravaradiofm\/2021\/11\/09\/clausuran-panteon-en-oaxaca-les-deben-13-anos-de-predial\/#breadcrumb"},"inLanguage":"es","potentialAction":[{"@type":"ReadAction","target":["https:\/\/www.bbmnoticias.com\/labravaradiofm\/2021\/11\/09\/clausuran-panteon-en-oaxaca-les-deben-13-anos-de-predial\/"]}]},{"@type":"ImageObject","inLanguage":"es","@id":"https:\/\/www.bbmnoticias.com\/labravaradiofm\/2021\/11\/09\/clausuran-panteon-en-oaxaca-les-deben-13-anos-de-predial\/#primaryimage","url":"https:\/\/www.bbmnoticias.com\/labravaradiofm\/wp-content\/uploads\/sites\/5\/2021\/11\/l09112021-31.jpeg","contentUrl":"https:\/\/www.bbmnoticias.com\/labravaradiofm\/wp-content\/uploads\/sites\/5\/2021\/11\/l09112021-31.jpeg","width":1024,"height":576},{"@type":"BreadcrumbList","@id":"https:\/\/www.bbmnoticias.com\/labravaradiofm\/2021\/11\/09\/clausuran-panteon-en-oaxaca-les-deben-13-anos-de-predial\/#breadcrumb","itemListElement":[{"@type":"ListItem","position":1,"name":"Inicio","item":"https:\/\/www.bbmnoticias.com\/labravaradiofm\/"},{"@type":"ListItem","position":2,"name":"Clausuran pante\u00f3n en Oaxaca, les deben 13 a\u00f1os de predial"}]},{"@type":"WebSite","@id":"https:\/\/www.bbmnoticias.com\/labravaradiofm\/#website","url":"https:\/\/www.bbmnoticias.com\/labravaradiofm\/","name":"LA BRAVA RADIO","description":"Empresa productora de medios, Radiodifusi\u00f3n, Noticias, tendencias y todo lo que necesitas saber de la pol\u00edtica mexicana e internacional; entretenimiento, espect\u00e1culos, salud y mucho m\u00e1s.","potentialAction":[{"@type":"SearchAction","target":{"@type":"EntryPoint","urlTemplate":"https:\/\/www.bbmnoticias.com\/labravaradiofm\/?s={search_term_string}"},"query-input":{"@type":"PropertyValueSpecification","valueRequired":true,"valueName":"search_term_string"}}],"inLanguage":"es"},{"@type":"Person","@id":"https:\/\/www.bbmnoticias.com\/labravaradiofm\/#\/schema\/person\/c316b6f6c03640cce5d9482ba5a8e5c2","name":"Quadratin","image":{"@type":"ImageObject","inLanguage":"es","@id":"https:\/\/secure.gravatar.com\/avatar\/34008d7d72488432d6a74f81e839efc9f754b118786ca32cf39d9d5508a68f63?s=96&d=mm&r=g","url":"https:\/\/secure.gravatar.com\/avatar\/34008d7d72488432d6a74f81e839efc9f754b118786ca32cf39d9d5508a68f63?s=96&d=mm&r=g","contentUrl":"https:\/\/secure.gravatar.com\/avatar\/34008d7d72488432d6a74f81e839efc9f754b118786ca32cf39d9d5508a68f63?s=96&d=mm&r=g","caption":"Quadratin"},"url":"https:\/\/www.bbmnoticias.com\/labravaradiofm\/author\/quadratin\/"}]}},"_links":{"self":[{"href":"https:\/\/www.bbmnoticias.com\/labravaradiofm\/wp-json\/wp\/v2\/posts\/5218","targetHints":{"allow":["GET"]}}],"collection":[{"href":"https:\/\/www.bbmnoticias.com\/labravaradiofm\/wp-json\/wp\/v2\/posts"}],"about":[{"href":"https:\/\/www.bbmnoticias.com\/labravaradiofm\/wp-json\/wp\/v2\/types\/post"}],"author":[{"embeddable":true,"href":"https:\/\/www.bbmnoticias.com\/labravaradiofm\/wp-json\/wp\/v2\/users\/5"}],"replies":[{"embeddable":true,"href":"https:\/\/www.bbmnoticias.com\/labravaradiofm\/wp-json\/wp\/v2\/comments?post=5218"}],"version-history":[{"count":0,"href":"https:\/\/www.bbmnoticias.com\/labravaradiofm\/wp-json\/wp\/v2\/posts\/5218\/revisions"}],"wp:featuredmedia":[{"embeddable":true,"href":"https:\/\/www.bbmnoticias.com\/labravaradiofm\/wp-json\/wp\/v2\/media\/5219"}],"wp:attachment":[{"href":"https:\/\/www.bbmnoticias.com\/labravaradiofm\/wp-json\/wp\/v2\/media?parent=5218"}],"wp:term":[{"taxonomy":"category","embeddable":true,"href":"https:\/\/www.bbmnoticias.com\/labravaradiofm\/wp-json\/wp\/v2\/categories?post=5218"},{"taxonomy":"post_tag","embeddable":true,"href":"https:\/\/www.bbmnoticias.com\/labravaradiofm\/wp-json\/wp\/v2\/tags?post=5218"}],"curies":[{"name":"wp","href":"https:\/\/api.w.org\/{rel}","templated":true}]}}