{"id":513,"date":"2021-08-21T01:59:13","date_gmt":"2021-08-21T01:59:13","guid":{"rendered":"https:\/\/www.bbmnoticias.com\/labravaradiofm\/?p=513"},"modified":"2021-08-21T01:59:15","modified_gmt":"2021-08-21T01:59:15","slug":"imparte-ieepo-a-personal-directivo-taller-de-uso-de-lenguaje-incluyente-y-no-sexista","status":"publish","type":"post","link":"https:\/\/www.bbmnoticias.com\/labravaradiofm\/2021\/08\/21\/imparte-ieepo-a-personal-directivo-taller-de-uso-de-lenguaje-incluyente-y-no-sexista\/","title":{"rendered":"Imparte IEEPO a personal directivo taller de Uso de Lenguaje Incluyente y No Sexista"},"content":{"rendered":"<div style=\"margin-top: 0px; margin-bottom: 0px;\" class=\"sharethis-inline-share-buttons\" ><\/div>\n<p>* Ante el inter\u00e9s del Director General, Francisco \u00c1ngel Villarreal se impulsan acciones que promuevan la igualdad de g\u00e9nero y no discriminaci\u00f3n espacios laborales y p\u00fablicos<\/p>\n\n\n\n<p><strong>Oaxaca de Ju\u00e1rez, Oax. &#8211; <\/strong>Para brindar herramientas que permitan avanzar en la igualdad entre mujeres y hombres, el Instituto Estatal de Educaci\u00f3n P\u00fablica de Oaxaca (IEEPO), imparti\u00f3 el taller de Uso de Lenguaje Incluyente y No Sexista a personal directivo de esta instancia, y con ello reconocer la importancia de promover la paridad de g\u00e9nero y no discriminaci\u00f3n en espacios laborales y p\u00fablicos.<\/p>\n\n\n\n<p>Con la representaci\u00f3n del Director General del IEEPO, Francisco \u00c1ngel Villarreal, la asesora general de la Direcci\u00f3n General de este Instituto, Romy Caballero Mat\u00edas, indic\u00f3 que a trav\u00e9s del lenguaje incluyente se fortalece la cultura institucional a favor de espacios laborales libres de violencia.<\/p>\n\n\n\n<p>Destac\u00f3 que ante el inter\u00e9s del Instituto de impulsar acciones para lograr la certificaci\u00f3n de la Norma Oficial Mexicana NOM-025 en Igualdad Laboral y No Discriminaci\u00f3n, se llevan a cabo estas capacitaciones con el personal del IEEPO, en el que participan directivos, docentes y trabajadores de apoyo a la educaci\u00f3n.<\/p>\n\n\n\n<p>Refiri\u00f3 que estos conocimientos no solo ser\u00e1n de gran utilidad para el desempe\u00f1o de la administraci\u00f3n estatal, sino tambi\u00e9n para la vida diaria con el fin de fortalecer la cultura de la igualdad, respeto, inclusi\u00f3n y libre de violencia entre la sociedad oaxaque\u00f1a.<\/p>\n\n\n\n<p>La capacitaci\u00f3n estuvo a cargo de la soci\u00f3loga Wina Rosas, quien destac\u00f3 que la Norma Oficial Mexicana NOM-025 establece una ruta definida para una convivencia laboral incluyente, con igualdad de g\u00e9nero y libre de violencia.<\/p>\n\n\n\n<p>La especialista en temas de igualdad expuso los temas sobre Estereotipos de g\u00e9nero, \u00bfQu\u00e9 es el lenguaje incluyente y no sexista?, y Cultura institucional, as\u00ed como recursos para incorporar el lenguaje incluyente y no sexista.<\/p>\n\n\n\n<p>Las &nbsp;y los participantes reconocieron la necesidad de implementar el lenguaje incluyente y no sexista para visibilizar a las mujeres en el espacio p\u00fablico. Adem\u00e1s, se estableci\u00f3 el usarlo en las actividades laborales y cotidianas a fin de consolidar un servicio p\u00fablico que vea a hombres y mujeres por igual.<\/p>\n\n\n\n<p>Este tipo de talleres forman parte del plan permanente de trabajo que lleva a cabo el IEEPO, a trav\u00e9s de cursos, talleres, conferencias, distribuci\u00f3n de folletos informativos y de la Gu\u00eda B\u00e1sica para Comunicaci\u00f3n Incluyente y No Sexista, entre otras acciones, a fin de sensibilizar a escolares del nivel b\u00e1sico de la entidad, as\u00ed como a servidoras y servidores p\u00fablicos sobre la igualdad y la eliminaci\u00f3n de la violencia de g\u00e9nero.<\/p>\n","protected":false},"excerpt":{"rendered":"<p>* Ante el inter\u00e9s del Director General, Francisco \u00c1ngel Villarreal se impulsan acciones que promuevan la igualdad de g\u00e9nero y no discriminaci\u00f3n espacios laborales y p\u00fablicos Oaxaca de Ju\u00e1rez, Oax. &#8211; Para brindar herramientas que permitan avanzar en la igualdad entre mujeres y hombres, el Instituto Estatal de Educaci\u00f3n P\u00fablica de Oaxaca (IEEPO), imparti\u00f3 el [&hellip;]<\/p>\n","protected":false},"author":2,"featured_media":514,"comment_status":"closed","ping_status":"closed","sticky":false,"template":"","format":"standard","meta":{"footnotes":""},"categories":[2],"tags":[],"class_list":{"0":"post-513","1":"post","2":"type-post","3":"status-publish","4":"format-standard","5":"has-post-thumbnail","7":"category-oaxaca"},"yoast_head":"<!-- This site is optimized with the Yoast SEO plugin v27.4 - https:\/\/yoast.com\/product\/yoast-seo-wordpress\/ -->\n<title>Imparte IEEPO a personal directivo taller de Uso de Lenguaje Incluyente y No Sexista - LA BRAVA RADIO<\/title>\n<meta name=\"robots\" content=\"index, follow, max-snippet:-1, max-image-preview:large, max-video-preview:-1\" \/>\n<link rel=\"canonical\" href=\"https:\/\/www.bbmnoticias.com\/labravaradiofm\/2021\/08\/21\/imparte-ieepo-a-personal-directivo-taller-de-uso-de-lenguaje-incluyente-y-no-sexista\/\" \/>\n<meta property=\"og:locale\" content=\"es_MX\" \/>\n<meta property=\"og:type\" content=\"article\" \/>\n<meta property=\"og:title\" content=\"Imparte IEEPO a personal directivo taller de Uso de Lenguaje Incluyente y No Sexista - LA BRAVA RADIO\" \/>\n<meta property=\"og:description\" content=\"* Ante el inter\u00e9s del Director General, Francisco \u00c1ngel Villarreal se impulsan acciones que promuevan la igualdad de g\u00e9nero y no discriminaci\u00f3n espacios laborales y p\u00fablicos Oaxaca de Ju\u00e1rez, Oax. &#8211; Para brindar herramientas que permitan avanzar en la igualdad entre mujeres y hombres, el Instituto Estatal de Educaci\u00f3n P\u00fablica de Oaxaca (IEEPO), imparti\u00f3 el [&hellip;]\" \/>\n<meta property=\"og:url\" content=\"https:\/\/www.bbmnoticias.com\/labravaradiofm\/2021\/08\/21\/imparte-ieepo-a-personal-directivo-taller-de-uso-de-lenguaje-incluyente-y-no-sexista\/\" \/>\n<meta property=\"og:site_name\" content=\"LA BRAVA RADIO\" \/>\n<meta property=\"article:published_time\" content=\"2021-08-21T01:59:13+00:00\" \/>\n<meta property=\"article:modified_time\" content=\"2021-08-21T01:59:15+00:00\" \/>\n<meta property=\"og:image\" content=\"https:\/\/www.bbmnoticias.com\/labravaradiofm\/wp-content\/uploads\/sites\/5\/2021\/08\/local20082021-8.jpg\" \/>\n\t<meta property=\"og:image:width\" content=\"1280\" \/>\n\t<meta property=\"og:image:height\" content=\"727\" \/>\n\t<meta property=\"og:image:type\" content=\"image\/jpeg\" \/>\n<meta name=\"author\" content=\"Staff\" \/>\n<meta name=\"twitter:card\" content=\"summary_large_image\" \/>\n<meta name=\"twitter:label1\" content=\"Escrito por\" \/>\n\t<meta name=\"twitter:data1\" content=\"Staff\" \/>\n\t<meta name=\"twitter:label2\" content=\"Tiempo de lectura\" \/>\n\t<meta name=\"twitter:data2\" content=\"2 minutos\" \/>\n<script type=\"application\/ld+json\" class=\"yoast-schema-graph\">{\"@context\":\"https:\\\/\\\/schema.org\",\"@graph\":[{\"@type\":\"Article\",\"@id\":\"https:\\\/\\\/www.bbmnoticias.com\\\/labravaradiofm\\\/2021\\\/08\\\/21\\\/imparte-ieepo-a-personal-directivo-taller-de-uso-de-lenguaje-incluyente-y-no-sexista\\\/#article\",\"isPartOf\":{\"@id\":\"https:\\\/\\\/www.bbmnoticias.com\\\/labravaradiofm\\\/2021\\\/08\\\/21\\\/imparte-ieepo-a-personal-directivo-taller-de-uso-de-lenguaje-incluyente-y-no-sexista\\\/\"},\"author\":{\"name\":\"Staff\",\"@id\":\"https:\\\/\\\/www.bbmnoticias.com\\\/labravaradiofm\\\/#\\\/schema\\\/person\\\/68a9e9036ef3c5b55aeb2b71dc8bab45\"},\"headline\":\"Imparte IEEPO a personal directivo taller de Uso de Lenguaje Incluyente y No Sexista\",\"datePublished\":\"2021-08-21T01:59:13+00:00\",\"dateModified\":\"2021-08-21T01:59:15+00:00\",\"mainEntityOfPage\":{\"@id\":\"https:\\\/\\\/www.bbmnoticias.com\\\/labravaradiofm\\\/2021\\\/08\\\/21\\\/imparte-ieepo-a-personal-directivo-taller-de-uso-de-lenguaje-incluyente-y-no-sexista\\\/\"},\"wordCount\":472,\"image\":{\"@id\":\"https:\\\/\\\/www.bbmnoticias.com\\\/labravaradiofm\\\/2021\\\/08\\\/21\\\/imparte-ieepo-a-personal-directivo-taller-de-uso-de-lenguaje-incluyente-y-no-sexista\\\/#primaryimage\"},\"thumbnailUrl\":\"https:\\\/\\\/www.bbmnoticias.com\\\/labravaradiofm\\\/wp-content\\\/uploads\\\/sites\\\/5\\\/2021\\\/08\\\/local20082021-8.jpg\",\"articleSection\":[\"LOCAL\"],\"inLanguage\":\"es\"},{\"@type\":\"WebPage\",\"@id\":\"https:\\\/\\\/www.bbmnoticias.com\\\/labravaradiofm\\\/2021\\\/08\\\/21\\\/imparte-ieepo-a-personal-directivo-taller-de-uso-de-lenguaje-incluyente-y-no-sexista\\\/\",\"url\":\"https:\\\/\\\/www.bbmnoticias.com\\\/labravaradiofm\\\/2021\\\/08\\\/21\\\/imparte-ieepo-a-personal-directivo-taller-de-uso-de-lenguaje-incluyente-y-no-sexista\\\/\",\"name\":\"Imparte IEEPO a personal directivo taller de Uso de Lenguaje Incluyente y No Sexista - LA BRAVA RADIO\",\"isPartOf\":{\"@id\":\"https:\\\/\\\/www.bbmnoticias.com\\\/labravaradiofm\\\/#website\"},\"primaryImageOfPage\":{\"@id\":\"https:\\\/\\\/www.bbmnoticias.com\\\/labravaradiofm\\\/2021\\\/08\\\/21\\\/imparte-ieepo-a-personal-directivo-taller-de-uso-de-lenguaje-incluyente-y-no-sexista\\\/#primaryimage\"},\"image\":{\"@id\":\"https:\\\/\\\/www.bbmnoticias.com\\\/labravaradiofm\\\/2021\\\/08\\\/21\\\/imparte-ieepo-a-personal-directivo-taller-de-uso-de-lenguaje-incluyente-y-no-sexista\\\/#primaryimage\"},\"thumbnailUrl\":\"https:\\\/\\\/www.bbmnoticias.com\\\/labravaradiofm\\\/wp-content\\\/uploads\\\/sites\\\/5\\\/2021\\\/08\\\/local20082021-8.jpg\",\"datePublished\":\"2021-08-21T01:59:13+00:00\",\"dateModified\":\"2021-08-21T01:59:15+00:00\",\"author\":{\"@id\":\"https:\\\/\\\/www.bbmnoticias.com\\\/labravaradiofm\\\/#\\\/schema\\\/person\\\/68a9e9036ef3c5b55aeb2b71dc8bab45\"},\"breadcrumb\":{\"@id\":\"https:\\\/\\\/www.bbmnoticias.com\\\/labravaradiofm\\\/2021\\\/08\\\/21\\\/imparte-ieepo-a-personal-directivo-taller-de-uso-de-lenguaje-incluyente-y-no-sexista\\\/#breadcrumb\"},\"inLanguage\":\"es\",\"potentialAction\":[{\"@type\":\"ReadAction\",\"target\":[\"https:\\\/\\\/www.bbmnoticias.com\\\/labravaradiofm\\\/2021\\\/08\\\/21\\\/imparte-ieepo-a-personal-directivo-taller-de-uso-de-lenguaje-incluyente-y-no-sexista\\\/\"]}]},{\"@type\":\"ImageObject\",\"inLanguage\":\"es\",\"@id\":\"https:\\\/\\\/www.bbmnoticias.com\\\/labravaradiofm\\\/2021\\\/08\\\/21\\\/imparte-ieepo-a-personal-directivo-taller-de-uso-de-lenguaje-incluyente-y-no-sexista\\\/#primaryimage\",\"url\":\"https:\\\/\\\/www.bbmnoticias.com\\\/labravaradiofm\\\/wp-content\\\/uploads\\\/sites\\\/5\\\/2021\\\/08\\\/local20082021-8.jpg\",\"contentUrl\":\"https:\\\/\\\/www.bbmnoticias.com\\\/labravaradiofm\\\/wp-content\\\/uploads\\\/sites\\\/5\\\/2021\\\/08\\\/local20082021-8.jpg\",\"width\":1280,\"height\":727},{\"@type\":\"BreadcrumbList\",\"@id\":\"https:\\\/\\\/www.bbmnoticias.com\\\/labravaradiofm\\\/2021\\\/08\\\/21\\\/imparte-ieepo-a-personal-directivo-taller-de-uso-de-lenguaje-incluyente-y-no-sexista\\\/#breadcrumb\",\"itemListElement\":[{\"@type\":\"ListItem\",\"position\":1,\"name\":\"Inicio\",\"item\":\"https:\\\/\\\/www.bbmnoticias.com\\\/labravaradiofm\\\/\"},{\"@type\":\"ListItem\",\"position\":2,\"name\":\"Imparte IEEPO a personal directivo taller de Uso de Lenguaje Incluyente y No Sexista\"}]},{\"@type\":\"WebSite\",\"@id\":\"https:\\\/\\\/www.bbmnoticias.com\\\/labravaradiofm\\\/#website\",\"url\":\"https:\\\/\\\/www.bbmnoticias.com\\\/labravaradiofm\\\/\",\"name\":\"LA BRAVA RADIO\",\"description\":\"Empresa productora de medios, Radiodifusi\u00f3n, Noticias, tendencias y todo lo que necesitas saber de la pol\u00edtica mexicana e internacional; entretenimiento, espect\u00e1culos, salud y mucho m\u00e1s.\",\"potentialAction\":[{\"@type\":\"SearchAction\",\"target\":{\"@type\":\"EntryPoint\",\"urlTemplate\":\"https:\\\/\\\/www.bbmnoticias.com\\\/labravaradiofm\\\/?s={search_term_string}\"},\"query-input\":{\"@type\":\"PropertyValueSpecification\",\"valueRequired\":true,\"valueName\":\"search_term_string\"}}],\"inLanguage\":\"es\"},{\"@type\":\"Person\",\"@id\":\"https:\\\/\\\/www.bbmnoticias.com\\\/labravaradiofm\\\/#\\\/schema\\\/person\\\/68a9e9036ef3c5b55aeb2b71dc8bab45\",\"name\":\"Staff\",\"image\":{\"@type\":\"ImageObject\",\"inLanguage\":\"es\",\"@id\":\"https:\\\/\\\/secure.gravatar.com\\\/avatar\\\/fdd21ad66fd8b98c407f9dee5b5e588cfe7f0d8579ec20fa6527cd59bab7f0f0?s=96&d=mm&r=g\",\"url\":\"https:\\\/\\\/secure.gravatar.com\\\/avatar\\\/fdd21ad66fd8b98c407f9dee5b5e588cfe7f0d8579ec20fa6527cd59bab7f0f0?s=96&d=mm&r=g\",\"contentUrl\":\"https:\\\/\\\/secure.gravatar.com\\\/avatar\\\/fdd21ad66fd8b98c407f9dee5b5e588cfe7f0d8579ec20fa6527cd59bab7f0f0?s=96&d=mm&r=g\",\"caption\":\"Staff\"},\"url\":\"https:\\\/\\\/www.bbmnoticias.com\\\/labravaradiofm\\\/author\\\/redaccion\\\/\"}]}<\/script>\n<!-- \/ Yoast SEO plugin. -->","yoast_head_json":{"title":"Imparte IEEPO a personal directivo taller de Uso de Lenguaje Incluyente y No Sexista - LA BRAVA RADIO","robots":{"index":"index","follow":"follow","max-snippet":"max-snippet:-1","max-image-preview":"max-image-preview:large","max-video-preview":"max-video-preview:-1"},"canonical":"https:\/\/www.bbmnoticias.com\/labravaradiofm\/2021\/08\/21\/imparte-ieepo-a-personal-directivo-taller-de-uso-de-lenguaje-incluyente-y-no-sexista\/","og_locale":"es_MX","og_type":"article","og_title":"Imparte IEEPO a personal directivo taller de Uso de Lenguaje Incluyente y No Sexista - LA BRAVA RADIO","og_description":"* Ante el inter\u00e9s del Director General, Francisco \u00c1ngel Villarreal se impulsan acciones que promuevan la igualdad de g\u00e9nero y no discriminaci\u00f3n espacios laborales y p\u00fablicos Oaxaca de Ju\u00e1rez, Oax. &#8211; Para brindar herramientas que permitan avanzar en la igualdad entre mujeres y hombres, el Instituto Estatal de Educaci\u00f3n P\u00fablica de Oaxaca (IEEPO), imparti\u00f3 el [&hellip;]","og_url":"https:\/\/www.bbmnoticias.com\/labravaradiofm\/2021\/08\/21\/imparte-ieepo-a-personal-directivo-taller-de-uso-de-lenguaje-incluyente-y-no-sexista\/","og_site_name":"LA BRAVA RADIO","article_published_time":"2021-08-21T01:59:13+00:00","article_modified_time":"2021-08-21T01:59:15+00:00","og_image":[{"width":1280,"height":727,"url":"https:\/\/www.bbmnoticias.com\/labravaradiofm\/wp-content\/uploads\/sites\/5\/2021\/08\/local20082021-8.jpg","type":"image\/jpeg"}],"author":"Staff","twitter_card":"summary_large_image","twitter_misc":{"Escrito por":"Staff","Tiempo de lectura":"2 minutos"},"schema":{"@context":"https:\/\/schema.org","@graph":[{"@type":"Article","@id":"https:\/\/www.bbmnoticias.com\/labravaradiofm\/2021\/08\/21\/imparte-ieepo-a-personal-directivo-taller-de-uso-de-lenguaje-incluyente-y-no-sexista\/#article","isPartOf":{"@id":"https:\/\/www.bbmnoticias.com\/labravaradiofm\/2021\/08\/21\/imparte-ieepo-a-personal-directivo-taller-de-uso-de-lenguaje-incluyente-y-no-sexista\/"},"author":{"name":"Staff","@id":"https:\/\/www.bbmnoticias.com\/labravaradiofm\/#\/schema\/person\/68a9e9036ef3c5b55aeb2b71dc8bab45"},"headline":"Imparte IEEPO a personal directivo taller de Uso de Lenguaje Incluyente y No Sexista","datePublished":"2021-08-21T01:59:13+00:00","dateModified":"2021-08-21T01:59:15+00:00","mainEntityOfPage":{"@id":"https:\/\/www.bbmnoticias.com\/labravaradiofm\/2021\/08\/21\/imparte-ieepo-a-personal-directivo-taller-de-uso-de-lenguaje-incluyente-y-no-sexista\/"},"wordCount":472,"image":{"@id":"https:\/\/www.bbmnoticias.com\/labravaradiofm\/2021\/08\/21\/imparte-ieepo-a-personal-directivo-taller-de-uso-de-lenguaje-incluyente-y-no-sexista\/#primaryimage"},"thumbnailUrl":"https:\/\/www.bbmnoticias.com\/labravaradiofm\/wp-content\/uploads\/sites\/5\/2021\/08\/local20082021-8.jpg","articleSection":["LOCAL"],"inLanguage":"es"},{"@type":"WebPage","@id":"https:\/\/www.bbmnoticias.com\/labravaradiofm\/2021\/08\/21\/imparte-ieepo-a-personal-directivo-taller-de-uso-de-lenguaje-incluyente-y-no-sexista\/","url":"https:\/\/www.bbmnoticias.com\/labravaradiofm\/2021\/08\/21\/imparte-ieepo-a-personal-directivo-taller-de-uso-de-lenguaje-incluyente-y-no-sexista\/","name":"Imparte IEEPO a personal directivo taller de Uso de Lenguaje Incluyente y No Sexista - LA BRAVA RADIO","isPartOf":{"@id":"https:\/\/www.bbmnoticias.com\/labravaradiofm\/#website"},"primaryImageOfPage":{"@id":"https:\/\/www.bbmnoticias.com\/labravaradiofm\/2021\/08\/21\/imparte-ieepo-a-personal-directivo-taller-de-uso-de-lenguaje-incluyente-y-no-sexista\/#primaryimage"},"image":{"@id":"https:\/\/www.bbmnoticias.com\/labravaradiofm\/2021\/08\/21\/imparte-ieepo-a-personal-directivo-taller-de-uso-de-lenguaje-incluyente-y-no-sexista\/#primaryimage"},"thumbnailUrl":"https:\/\/www.bbmnoticias.com\/labravaradiofm\/wp-content\/uploads\/sites\/5\/2021\/08\/local20082021-8.jpg","datePublished":"2021-08-21T01:59:13+00:00","dateModified":"2021-08-21T01:59:15+00:00","author":{"@id":"https:\/\/www.bbmnoticias.com\/labravaradiofm\/#\/schema\/person\/68a9e9036ef3c5b55aeb2b71dc8bab45"},"breadcrumb":{"@id":"https:\/\/www.bbmnoticias.com\/labravaradiofm\/2021\/08\/21\/imparte-ieepo-a-personal-directivo-taller-de-uso-de-lenguaje-incluyente-y-no-sexista\/#breadcrumb"},"inLanguage":"es","potentialAction":[{"@type":"ReadAction","target":["https:\/\/www.bbmnoticias.com\/labravaradiofm\/2021\/08\/21\/imparte-ieepo-a-personal-directivo-taller-de-uso-de-lenguaje-incluyente-y-no-sexista\/"]}]},{"@type":"ImageObject","inLanguage":"es","@id":"https:\/\/www.bbmnoticias.com\/labravaradiofm\/2021\/08\/21\/imparte-ieepo-a-personal-directivo-taller-de-uso-de-lenguaje-incluyente-y-no-sexista\/#primaryimage","url":"https:\/\/www.bbmnoticias.com\/labravaradiofm\/wp-content\/uploads\/sites\/5\/2021\/08\/local20082021-8.jpg","contentUrl":"https:\/\/www.bbmnoticias.com\/labravaradiofm\/wp-content\/uploads\/sites\/5\/2021\/08\/local20082021-8.jpg","width":1280,"height":727},{"@type":"BreadcrumbList","@id":"https:\/\/www.bbmnoticias.com\/labravaradiofm\/2021\/08\/21\/imparte-ieepo-a-personal-directivo-taller-de-uso-de-lenguaje-incluyente-y-no-sexista\/#breadcrumb","itemListElement":[{"@type":"ListItem","position":1,"name":"Inicio","item":"https:\/\/www.bbmnoticias.com\/labravaradiofm\/"},{"@type":"ListItem","position":2,"name":"Imparte IEEPO a personal directivo taller de Uso de Lenguaje Incluyente y No Sexista"}]},{"@type":"WebSite","@id":"https:\/\/www.bbmnoticias.com\/labravaradiofm\/#website","url":"https:\/\/www.bbmnoticias.com\/labravaradiofm\/","name":"LA BRAVA RADIO","description":"Empresa productora de medios, Radiodifusi\u00f3n, Noticias, tendencias y todo lo que necesitas saber de la pol\u00edtica mexicana e internacional; entretenimiento, espect\u00e1culos, salud y mucho m\u00e1s.","potentialAction":[{"@type":"SearchAction","target":{"@type":"EntryPoint","urlTemplate":"https:\/\/www.bbmnoticias.com\/labravaradiofm\/?s={search_term_string}"},"query-input":{"@type":"PropertyValueSpecification","valueRequired":true,"valueName":"search_term_string"}}],"inLanguage":"es"},{"@type":"Person","@id":"https:\/\/www.bbmnoticias.com\/labravaradiofm\/#\/schema\/person\/68a9e9036ef3c5b55aeb2b71dc8bab45","name":"Staff","image":{"@type":"ImageObject","inLanguage":"es","@id":"https:\/\/secure.gravatar.com\/avatar\/fdd21ad66fd8b98c407f9dee5b5e588cfe7f0d8579ec20fa6527cd59bab7f0f0?s=96&d=mm&r=g","url":"https:\/\/secure.gravatar.com\/avatar\/fdd21ad66fd8b98c407f9dee5b5e588cfe7f0d8579ec20fa6527cd59bab7f0f0?s=96&d=mm&r=g","contentUrl":"https:\/\/secure.gravatar.com\/avatar\/fdd21ad66fd8b98c407f9dee5b5e588cfe7f0d8579ec20fa6527cd59bab7f0f0?s=96&d=mm&r=g","caption":"Staff"},"url":"https:\/\/www.bbmnoticias.com\/labravaradiofm\/author\/redaccion\/"}]}},"_links":{"self":[{"href":"https:\/\/www.bbmnoticias.com\/labravaradiofm\/wp-json\/wp\/v2\/posts\/513","targetHints":{"allow":["GET"]}}],"collection":[{"href":"https:\/\/www.bbmnoticias.com\/labravaradiofm\/wp-json\/wp\/v2\/posts"}],"about":[{"href":"https:\/\/www.bbmnoticias.com\/labravaradiofm\/wp-json\/wp\/v2\/types\/post"}],"author":[{"embeddable":true,"href":"https:\/\/www.bbmnoticias.com\/labravaradiofm\/wp-json\/wp\/v2\/users\/2"}],"replies":[{"embeddable":true,"href":"https:\/\/www.bbmnoticias.com\/labravaradiofm\/wp-json\/wp\/v2\/comments?post=513"}],"version-history":[{"count":0,"href":"https:\/\/www.bbmnoticias.com\/labravaradiofm\/wp-json\/wp\/v2\/posts\/513\/revisions"}],"wp:featuredmedia":[{"embeddable":true,"href":"https:\/\/www.bbmnoticias.com\/labravaradiofm\/wp-json\/wp\/v2\/media\/514"}],"wp:attachment":[{"href":"https:\/\/www.bbmnoticias.com\/labravaradiofm\/wp-json\/wp\/v2\/media?parent=513"}],"wp:term":[{"taxonomy":"category","embeddable":true,"href":"https:\/\/www.bbmnoticias.com\/labravaradiofm\/wp-json\/wp\/v2\/categories?post=513"},{"taxonomy":"post_tag","embeddable":true,"href":"https:\/\/www.bbmnoticias.com\/labravaradiofm\/wp-json\/wp\/v2\/tags?post=513"}],"curies":[{"name":"wp","href":"https:\/\/api.w.org\/{rel}","templated":true}]}}