{"id":51262,"date":"2024-12-09T09:24:40","date_gmt":"2024-12-09T15:24:40","guid":{"rendered":"https:\/\/www.bbmnoticias.com\/labravaradiofm\/?p=51262"},"modified":"2024-12-09T09:24:44","modified_gmt":"2024-12-09T15:24:44","slug":"mexico-es-un-pais-libre-y-soberano-sheinbaum-tras-nuevos-dichos-de-trump","status":"publish","type":"post","link":"https:\/\/www.bbmnoticias.com\/labravaradiofm\/2024\/12\/09\/mexico-es-un-pais-libre-y-soberano-sheinbaum-tras-nuevos-dichos-de-trump\/","title":{"rendered":"&#8220;M\u00e9xico es un pa\u00eds libre y soberano&#8221;: Sheinbaum tras nuevos dichos de Trump"},"content":{"rendered":"<div style=\"margin-top: 0px; margin-bottom: 0px;\" class=\"sharethis-inline-share-buttons\" ><\/div>\n<p>La presidenta <strong>Claudia Sheinbaum Pardo<\/strong> dej\u00f3 en claro que <strong>M\u00e9xico<\/strong> es\u00a0\u201c<strong>libre y soberano<\/strong>\u201c, en reacci\u00f3n a los dichos del pr\u00f3ximo presidente de EE.UU., <strong>Donald Trump<\/strong>, quien apunt\u00f3 nuestro pa\u00eds y <strong>Canad\u00e1<\/strong> deber\u00edan ser <strong>anexados<\/strong> si reciben <strong>subsidios<\/strong> de la Uni\u00f3n Americana.<\/p>\n\n\n\n<figure class=\"wp-block-embed is-type-video is-provider-youtube wp-block-embed-youtube wp-embed-aspect-16-9 wp-has-aspect-ratio\"><div class=\"wp-block-embed__wrapper\">\n<div class=\"youtube-embed\" data-video_id=\"rFspZ7WSnyU\"><iframe loading=\"lazy\" title=\"#Ma\u00f1aneraDelPueblo desde Palacio Nacional. Lunes 09 de diciembre 2024\" width=\"696\" height=\"392\" src=\"https:\/\/www.youtube.com\/embed\/rFspZ7WSnyU?feature=oembed&#038;enablejsapi=1\" frameborder=\"0\" allow=\"accelerometer; autoplay; clipboard-write; encrypted-media; gyroscope; picture-in-picture; web-share\" referrerpolicy=\"strict-origin-when-cross-origin\" allowfullscreen><\/iframe><\/div>\n<\/div><\/figure>\n\n\n\n<p>En la conferencia matutina de Palacio Nacional, Sheinbaum Pardo evit\u00f3 opinar sobre lo dicho por Trump anoche durante una entrevista con el programa <em>Meet the Press<\/em>, de la cadena NBC.<\/p>\n\n\n\n<figure class=\"wp-block-pullquote\"><blockquote><p>Yo creo que vamos a dejar un poco este di\u00e1logo a trav\u00e9s de los medios. Obviamente M\u00e9xico es un pa\u00eds libre, soberano e independiente, eso lo sabemos todos y as\u00ed siempre lo tenemos que defender\u201d, indic\u00f3.<\/p><\/blockquote><\/figure>\n\n\n\n<p>La mandataria mexicana volvi\u00f3 a recalcar que la \u00fanica manera en que <strong>Am\u00e9rica del Norte<\/strong> puede competir con otras regiones del mundo, como China, es a trav\u00e9s del <strong>T-MEC<\/strong>, del cual<\/p>\n\n\n\n<p>\u201cEntiendo que este subsidio del que habla tiene que ver con el incremento de las exportaciones de M\u00e9xico a EE.UU., que son ya m\u00e1s que las importaciones, pero ayer yo plante\u00e9 en el evento en Nuevo Laredo que la \u00fanica manera de competir con otras regiones del mundo es mantener y fortalecer el T\u00b4MEC, porque m\u00e1s que vernos como competencia hay que vernos como complemento\u201d, enfatiz\u00f3.<\/p>\n\n\n\n<p>Sheinbaum Pardo recalc\u00f3 que EE.UU. ha tenido muchos beneficios derivado del tratado comercial, firmado en 2018.<\/p>\n\n\n\n<p>\u201cEl presidente Trump firm\u00f3 el T-MEC y EE.UU. ha tenido much\u00edsimos beneficios del tratado ya habr\u00e1 tiempo para poder hablar de estos beneficios, hasta aqu\u00ed lo dejar\u00eda\u201d, destac\u00f3.<\/p>\n\n\n\n<p>En la entrevista, el presidente electo de EE.UU. se quej\u00f3 de que su pa\u00eds \u201csubsidia\u201d a M\u00e9xico y Canad\u00e1, y sugiri\u00f3 que ambos deber\u00edan convertirse \u201cen estados\u201d estadounidenses.<\/p>\n\n\n\n<p>\u201cEstamos subvencionando a Canad\u00e1 con m\u00e1s de 100 mil millones de d\u00f3lares al a\u00f1o. Estamos subvencionando a M\u00e9xico con casi 300 mil millones de d\u00f3lares. No deber\u00edamos. \u00bfPor qu\u00e9 subvencionamos a estos pa\u00edses? Si vamos a subvencionarlos, que se conviertan en un estado\u201d de Estados Unidos\u201d, se\u00f1al\u00f3.<\/p>\n","protected":false},"excerpt":{"rendered":"<p>La presidenta Claudia Sheinbaum Pardo dej\u00f3 en claro que M\u00e9xico es\u00a0\u201clibre y soberano\u201c, en reacci\u00f3n a los dichos del pr\u00f3ximo presidente de EE.UU., Donald Trump, quien apunt\u00f3 nuestro pa\u00eds y Canad\u00e1 deber\u00edan ser anexados si reciben subsidios de la Uni\u00f3n Americana. En la conferencia matutina de Palacio Nacional, Sheinbaum Pardo evit\u00f3 opinar sobre lo dicho [&hellip;]<\/p>\n","protected":false},"author":4,"featured_media":51263,"comment_status":"closed","ping_status":"closed","sticky":false,"template":"","format":"standard","meta":{"footnotes":""},"categories":[1025,19],"tags":[],"class_list":{"0":"post-51262","1":"post","2":"type-post","3":"status-publish","4":"format-standard","5":"has-post-thumbnail","7":"category-destacado","8":"category-nacional"},"yoast_head":"<!-- This site is optimized with the Yoast SEO plugin v27.4 - https:\/\/yoast.com\/product\/yoast-seo-wordpress\/ -->\n<title>&quot;M\u00e9xico es un pa\u00eds libre y soberano&quot;: Sheinbaum tras nuevos dichos de Trump - LA BRAVA RADIO<\/title>\n<meta name=\"robots\" content=\"index, follow, max-snippet:-1, max-image-preview:large, max-video-preview:-1\" \/>\n<link rel=\"canonical\" href=\"https:\/\/www.bbmnoticias.com\/labravaradiofm\/2024\/12\/09\/mexico-es-un-pais-libre-y-soberano-sheinbaum-tras-nuevos-dichos-de-trump\/\" \/>\n<meta property=\"og:locale\" content=\"es_MX\" \/>\n<meta property=\"og:type\" content=\"article\" \/>\n<meta property=\"og:title\" content=\"&quot;M\u00e9xico es un pa\u00eds libre y soberano&quot;: Sheinbaum tras nuevos dichos de Trump - LA BRAVA RADIO\" \/>\n<meta property=\"og:description\" content=\"La presidenta Claudia Sheinbaum Pardo dej\u00f3 en claro que M\u00e9xico es\u00a0\u201clibre y soberano\u201c, en reacci\u00f3n a los dichos del pr\u00f3ximo presidente de EE.UU., Donald Trump, quien apunt\u00f3 nuestro pa\u00eds y Canad\u00e1 deber\u00edan ser anexados si reciben subsidios de la Uni\u00f3n Americana. En la conferencia matutina de Palacio Nacional, Sheinbaum Pardo evit\u00f3 opinar sobre lo dicho [&hellip;]\" \/>\n<meta property=\"og:url\" content=\"https:\/\/www.bbmnoticias.com\/labravaradiofm\/2024\/12\/09\/mexico-es-un-pais-libre-y-soberano-sheinbaum-tras-nuevos-dichos-de-trump\/\" \/>\n<meta property=\"og:site_name\" content=\"LA BRAVA RADIO\" \/>\n<meta property=\"article:published_time\" content=\"2024-12-09T15:24:40+00:00\" \/>\n<meta property=\"article:modified_time\" content=\"2024-12-09T15:24:44+00:00\" \/>\n<meta property=\"og:image\" content=\"https:\/\/www.bbmnoticias.com\/labravaradiofm\/wp-content\/uploads\/sites\/5\/2024\/12\/sheinbaum-trump-aranceles.webp\" \/>\n\t<meta property=\"og:image:width\" content=\"1536\" \/>\n\t<meta property=\"og:image:height\" content=\"1028\" \/>\n\t<meta property=\"og:image:type\" content=\"image\/webp\" \/>\n<meta name=\"author\" content=\"Agencias\" \/>\n<meta name=\"twitter:card\" content=\"summary_large_image\" \/>\n<meta name=\"twitter:label1\" content=\"Escrito por\" \/>\n\t<meta name=\"twitter:data1\" content=\"Agencias\" \/>\n\t<meta name=\"twitter:label2\" content=\"Tiempo de lectura\" \/>\n\t<meta name=\"twitter:data2\" content=\"2 minutos\" \/>\n<script type=\"application\/ld+json\" class=\"yoast-schema-graph\">{\"@context\":\"https:\\\/\\\/schema.org\",\"@graph\":[{\"@type\":\"Article\",\"@id\":\"https:\\\/\\\/www.bbmnoticias.com\\\/labravaradiofm\\\/2024\\\/12\\\/09\\\/mexico-es-un-pais-libre-y-soberano-sheinbaum-tras-nuevos-dichos-de-trump\\\/#article\",\"isPartOf\":{\"@id\":\"https:\\\/\\\/www.bbmnoticias.com\\\/labravaradiofm\\\/2024\\\/12\\\/09\\\/mexico-es-un-pais-libre-y-soberano-sheinbaum-tras-nuevos-dichos-de-trump\\\/\"},\"author\":{\"name\":\"Agencias\",\"@id\":\"https:\\\/\\\/www.bbmnoticias.com\\\/labravaradiofm\\\/#\\\/schema\\\/person\\\/000bdaf0a8fb5bff0d537c4d0778e33f\"},\"headline\":\"&#8220;M\u00e9xico es un pa\u00eds libre y soberano&#8221;: Sheinbaum tras nuevos dichos de Trump\",\"datePublished\":\"2024-12-09T15:24:40+00:00\",\"dateModified\":\"2024-12-09T15:24:44+00:00\",\"mainEntityOfPage\":{\"@id\":\"https:\\\/\\\/www.bbmnoticias.com\\\/labravaradiofm\\\/2024\\\/12\\\/09\\\/mexico-es-un-pais-libre-y-soberano-sheinbaum-tras-nuevos-dichos-de-trump\\\/\"},\"wordCount\":378,\"image\":{\"@id\":\"https:\\\/\\\/www.bbmnoticias.com\\\/labravaradiofm\\\/2024\\\/12\\\/09\\\/mexico-es-un-pais-libre-y-soberano-sheinbaum-tras-nuevos-dichos-de-trump\\\/#primaryimage\"},\"thumbnailUrl\":\"https:\\\/\\\/www.bbmnoticias.com\\\/labravaradiofm\\\/wp-content\\\/uploads\\\/sites\\\/5\\\/2024\\\/12\\\/sheinbaum-trump-aranceles.webp\",\"articleSection\":[\"DESTACADO\",\"NACIONAL\"],\"inLanguage\":\"es\"},{\"@type\":\"WebPage\",\"@id\":\"https:\\\/\\\/www.bbmnoticias.com\\\/labravaradiofm\\\/2024\\\/12\\\/09\\\/mexico-es-un-pais-libre-y-soberano-sheinbaum-tras-nuevos-dichos-de-trump\\\/\",\"url\":\"https:\\\/\\\/www.bbmnoticias.com\\\/labravaradiofm\\\/2024\\\/12\\\/09\\\/mexico-es-un-pais-libre-y-soberano-sheinbaum-tras-nuevos-dichos-de-trump\\\/\",\"name\":\"\\\"M\u00e9xico es un pa\u00eds libre y soberano\\\": Sheinbaum tras nuevos dichos de Trump - LA BRAVA RADIO\",\"isPartOf\":{\"@id\":\"https:\\\/\\\/www.bbmnoticias.com\\\/labravaradiofm\\\/#website\"},\"primaryImageOfPage\":{\"@id\":\"https:\\\/\\\/www.bbmnoticias.com\\\/labravaradiofm\\\/2024\\\/12\\\/09\\\/mexico-es-un-pais-libre-y-soberano-sheinbaum-tras-nuevos-dichos-de-trump\\\/#primaryimage\"},\"image\":{\"@id\":\"https:\\\/\\\/www.bbmnoticias.com\\\/labravaradiofm\\\/2024\\\/12\\\/09\\\/mexico-es-un-pais-libre-y-soberano-sheinbaum-tras-nuevos-dichos-de-trump\\\/#primaryimage\"},\"thumbnailUrl\":\"https:\\\/\\\/www.bbmnoticias.com\\\/labravaradiofm\\\/wp-content\\\/uploads\\\/sites\\\/5\\\/2024\\\/12\\\/sheinbaum-trump-aranceles.webp\",\"datePublished\":\"2024-12-09T15:24:40+00:00\",\"dateModified\":\"2024-12-09T15:24:44+00:00\",\"author\":{\"@id\":\"https:\\\/\\\/www.bbmnoticias.com\\\/labravaradiofm\\\/#\\\/schema\\\/person\\\/000bdaf0a8fb5bff0d537c4d0778e33f\"},\"breadcrumb\":{\"@id\":\"https:\\\/\\\/www.bbmnoticias.com\\\/labravaradiofm\\\/2024\\\/12\\\/09\\\/mexico-es-un-pais-libre-y-soberano-sheinbaum-tras-nuevos-dichos-de-trump\\\/#breadcrumb\"},\"inLanguage\":\"es\",\"potentialAction\":[{\"@type\":\"ReadAction\",\"target\":[\"https:\\\/\\\/www.bbmnoticias.com\\\/labravaradiofm\\\/2024\\\/12\\\/09\\\/mexico-es-un-pais-libre-y-soberano-sheinbaum-tras-nuevos-dichos-de-trump\\\/\"]}]},{\"@type\":\"ImageObject\",\"inLanguage\":\"es\",\"@id\":\"https:\\\/\\\/www.bbmnoticias.com\\\/labravaradiofm\\\/2024\\\/12\\\/09\\\/mexico-es-un-pais-libre-y-soberano-sheinbaum-tras-nuevos-dichos-de-trump\\\/#primaryimage\",\"url\":\"https:\\\/\\\/www.bbmnoticias.com\\\/labravaradiofm\\\/wp-content\\\/uploads\\\/sites\\\/5\\\/2024\\\/12\\\/sheinbaum-trump-aranceles.webp\",\"contentUrl\":\"https:\\\/\\\/www.bbmnoticias.com\\\/labravaradiofm\\\/wp-content\\\/uploads\\\/sites\\\/5\\\/2024\\\/12\\\/sheinbaum-trump-aranceles.webp\",\"width\":1536,\"height\":1028},{\"@type\":\"BreadcrumbList\",\"@id\":\"https:\\\/\\\/www.bbmnoticias.com\\\/labravaradiofm\\\/2024\\\/12\\\/09\\\/mexico-es-un-pais-libre-y-soberano-sheinbaum-tras-nuevos-dichos-de-trump\\\/#breadcrumb\",\"itemListElement\":[{\"@type\":\"ListItem\",\"position\":1,\"name\":\"Inicio\",\"item\":\"https:\\\/\\\/www.bbmnoticias.com\\\/labravaradiofm\\\/\"},{\"@type\":\"ListItem\",\"position\":2,\"name\":\"&#8220;M\u00e9xico es un pa\u00eds libre y soberano&#8221;: Sheinbaum tras nuevos dichos de Trump\"}]},{\"@type\":\"WebSite\",\"@id\":\"https:\\\/\\\/www.bbmnoticias.com\\\/labravaradiofm\\\/#website\",\"url\":\"https:\\\/\\\/www.bbmnoticias.com\\\/labravaradiofm\\\/\",\"name\":\"LA BRAVA RADIO\",\"description\":\"Empresa productora de medios, Radiodifusi\u00f3n, Noticias, tendencias y todo lo que necesitas saber de la pol\u00edtica mexicana e internacional; entretenimiento, espect\u00e1culos, salud y mucho m\u00e1s.\",\"potentialAction\":[{\"@type\":\"SearchAction\",\"target\":{\"@type\":\"EntryPoint\",\"urlTemplate\":\"https:\\\/\\\/www.bbmnoticias.com\\\/labravaradiofm\\\/?s={search_term_string}\"},\"query-input\":{\"@type\":\"PropertyValueSpecification\",\"valueRequired\":true,\"valueName\":\"search_term_string\"}}],\"inLanguage\":\"es\"},{\"@type\":\"Person\",\"@id\":\"https:\\\/\\\/www.bbmnoticias.com\\\/labravaradiofm\\\/#\\\/schema\\\/person\\\/000bdaf0a8fb5bff0d537c4d0778e33f\",\"name\":\"Agencias\",\"image\":{\"@type\":\"ImageObject\",\"inLanguage\":\"es\",\"@id\":\"https:\\\/\\\/secure.gravatar.com\\\/avatar\\\/739e0b61adf9e398b425c36718c8752286da0e8cd90f20ce9a86678abc26aa0d?s=96&d=mm&r=g\",\"url\":\"https:\\\/\\\/secure.gravatar.com\\\/avatar\\\/739e0b61adf9e398b425c36718c8752286da0e8cd90f20ce9a86678abc26aa0d?s=96&d=mm&r=g\",\"contentUrl\":\"https:\\\/\\\/secure.gravatar.com\\\/avatar\\\/739e0b61adf9e398b425c36718c8752286da0e8cd90f20ce9a86678abc26aa0d?s=96&d=mm&r=g\",\"caption\":\"Agencias\"},\"url\":\"https:\\\/\\\/www.bbmnoticias.com\\\/labravaradiofm\\\/author\\\/agencias\\\/\"}]}<\/script>\n<!-- \/ Yoast SEO plugin. -->","yoast_head_json":{"title":"\"M\u00e9xico es un pa\u00eds libre y soberano\": Sheinbaum tras nuevos dichos de Trump - LA BRAVA RADIO","robots":{"index":"index","follow":"follow","max-snippet":"max-snippet:-1","max-image-preview":"max-image-preview:large","max-video-preview":"max-video-preview:-1"},"canonical":"https:\/\/www.bbmnoticias.com\/labravaradiofm\/2024\/12\/09\/mexico-es-un-pais-libre-y-soberano-sheinbaum-tras-nuevos-dichos-de-trump\/","og_locale":"es_MX","og_type":"article","og_title":"\"M\u00e9xico es un pa\u00eds libre y soberano\": Sheinbaum tras nuevos dichos de Trump - LA BRAVA RADIO","og_description":"La presidenta Claudia Sheinbaum Pardo dej\u00f3 en claro que M\u00e9xico es\u00a0\u201clibre y soberano\u201c, en reacci\u00f3n a los dichos del pr\u00f3ximo presidente de EE.UU., Donald Trump, quien apunt\u00f3 nuestro pa\u00eds y Canad\u00e1 deber\u00edan ser anexados si reciben subsidios de la Uni\u00f3n Americana. En la conferencia matutina de Palacio Nacional, Sheinbaum Pardo evit\u00f3 opinar sobre lo dicho [&hellip;]","og_url":"https:\/\/www.bbmnoticias.com\/labravaradiofm\/2024\/12\/09\/mexico-es-un-pais-libre-y-soberano-sheinbaum-tras-nuevos-dichos-de-trump\/","og_site_name":"LA BRAVA RADIO","article_published_time":"2024-12-09T15:24:40+00:00","article_modified_time":"2024-12-09T15:24:44+00:00","og_image":[{"width":1536,"height":1028,"url":"https:\/\/www.bbmnoticias.com\/labravaradiofm\/wp-content\/uploads\/sites\/5\/2024\/12\/sheinbaum-trump-aranceles.webp","type":"image\/webp"}],"author":"Agencias","twitter_card":"summary_large_image","twitter_misc":{"Escrito por":"Agencias","Tiempo de lectura":"2 minutos"},"schema":{"@context":"https:\/\/schema.org","@graph":[{"@type":"Article","@id":"https:\/\/www.bbmnoticias.com\/labravaradiofm\/2024\/12\/09\/mexico-es-un-pais-libre-y-soberano-sheinbaum-tras-nuevos-dichos-de-trump\/#article","isPartOf":{"@id":"https:\/\/www.bbmnoticias.com\/labravaradiofm\/2024\/12\/09\/mexico-es-un-pais-libre-y-soberano-sheinbaum-tras-nuevos-dichos-de-trump\/"},"author":{"name":"Agencias","@id":"https:\/\/www.bbmnoticias.com\/labravaradiofm\/#\/schema\/person\/000bdaf0a8fb5bff0d537c4d0778e33f"},"headline":"&#8220;M\u00e9xico es un pa\u00eds libre y soberano&#8221;: Sheinbaum tras nuevos dichos de Trump","datePublished":"2024-12-09T15:24:40+00:00","dateModified":"2024-12-09T15:24:44+00:00","mainEntityOfPage":{"@id":"https:\/\/www.bbmnoticias.com\/labravaradiofm\/2024\/12\/09\/mexico-es-un-pais-libre-y-soberano-sheinbaum-tras-nuevos-dichos-de-trump\/"},"wordCount":378,"image":{"@id":"https:\/\/www.bbmnoticias.com\/labravaradiofm\/2024\/12\/09\/mexico-es-un-pais-libre-y-soberano-sheinbaum-tras-nuevos-dichos-de-trump\/#primaryimage"},"thumbnailUrl":"https:\/\/www.bbmnoticias.com\/labravaradiofm\/wp-content\/uploads\/sites\/5\/2024\/12\/sheinbaum-trump-aranceles.webp","articleSection":["DESTACADO","NACIONAL"],"inLanguage":"es"},{"@type":"WebPage","@id":"https:\/\/www.bbmnoticias.com\/labravaradiofm\/2024\/12\/09\/mexico-es-un-pais-libre-y-soberano-sheinbaum-tras-nuevos-dichos-de-trump\/","url":"https:\/\/www.bbmnoticias.com\/labravaradiofm\/2024\/12\/09\/mexico-es-un-pais-libre-y-soberano-sheinbaum-tras-nuevos-dichos-de-trump\/","name":"\"M\u00e9xico es un pa\u00eds libre y soberano\": Sheinbaum tras nuevos dichos de Trump - LA BRAVA RADIO","isPartOf":{"@id":"https:\/\/www.bbmnoticias.com\/labravaradiofm\/#website"},"primaryImageOfPage":{"@id":"https:\/\/www.bbmnoticias.com\/labravaradiofm\/2024\/12\/09\/mexico-es-un-pais-libre-y-soberano-sheinbaum-tras-nuevos-dichos-de-trump\/#primaryimage"},"image":{"@id":"https:\/\/www.bbmnoticias.com\/labravaradiofm\/2024\/12\/09\/mexico-es-un-pais-libre-y-soberano-sheinbaum-tras-nuevos-dichos-de-trump\/#primaryimage"},"thumbnailUrl":"https:\/\/www.bbmnoticias.com\/labravaradiofm\/wp-content\/uploads\/sites\/5\/2024\/12\/sheinbaum-trump-aranceles.webp","datePublished":"2024-12-09T15:24:40+00:00","dateModified":"2024-12-09T15:24:44+00:00","author":{"@id":"https:\/\/www.bbmnoticias.com\/labravaradiofm\/#\/schema\/person\/000bdaf0a8fb5bff0d537c4d0778e33f"},"breadcrumb":{"@id":"https:\/\/www.bbmnoticias.com\/labravaradiofm\/2024\/12\/09\/mexico-es-un-pais-libre-y-soberano-sheinbaum-tras-nuevos-dichos-de-trump\/#breadcrumb"},"inLanguage":"es","potentialAction":[{"@type":"ReadAction","target":["https:\/\/www.bbmnoticias.com\/labravaradiofm\/2024\/12\/09\/mexico-es-un-pais-libre-y-soberano-sheinbaum-tras-nuevos-dichos-de-trump\/"]}]},{"@type":"ImageObject","inLanguage":"es","@id":"https:\/\/www.bbmnoticias.com\/labravaradiofm\/2024\/12\/09\/mexico-es-un-pais-libre-y-soberano-sheinbaum-tras-nuevos-dichos-de-trump\/#primaryimage","url":"https:\/\/www.bbmnoticias.com\/labravaradiofm\/wp-content\/uploads\/sites\/5\/2024\/12\/sheinbaum-trump-aranceles.webp","contentUrl":"https:\/\/www.bbmnoticias.com\/labravaradiofm\/wp-content\/uploads\/sites\/5\/2024\/12\/sheinbaum-trump-aranceles.webp","width":1536,"height":1028},{"@type":"BreadcrumbList","@id":"https:\/\/www.bbmnoticias.com\/labravaradiofm\/2024\/12\/09\/mexico-es-un-pais-libre-y-soberano-sheinbaum-tras-nuevos-dichos-de-trump\/#breadcrumb","itemListElement":[{"@type":"ListItem","position":1,"name":"Inicio","item":"https:\/\/www.bbmnoticias.com\/labravaradiofm\/"},{"@type":"ListItem","position":2,"name":"&#8220;M\u00e9xico es un pa\u00eds libre y soberano&#8221;: Sheinbaum tras nuevos dichos de Trump"}]},{"@type":"WebSite","@id":"https:\/\/www.bbmnoticias.com\/labravaradiofm\/#website","url":"https:\/\/www.bbmnoticias.com\/labravaradiofm\/","name":"LA BRAVA RADIO","description":"Empresa productora de medios, Radiodifusi\u00f3n, Noticias, tendencias y todo lo que necesitas saber de la pol\u00edtica mexicana e internacional; entretenimiento, espect\u00e1culos, salud y mucho m\u00e1s.","potentialAction":[{"@type":"SearchAction","target":{"@type":"EntryPoint","urlTemplate":"https:\/\/www.bbmnoticias.com\/labravaradiofm\/?s={search_term_string}"},"query-input":{"@type":"PropertyValueSpecification","valueRequired":true,"valueName":"search_term_string"}}],"inLanguage":"es"},{"@type":"Person","@id":"https:\/\/www.bbmnoticias.com\/labravaradiofm\/#\/schema\/person\/000bdaf0a8fb5bff0d537c4d0778e33f","name":"Agencias","image":{"@type":"ImageObject","inLanguage":"es","@id":"https:\/\/secure.gravatar.com\/avatar\/739e0b61adf9e398b425c36718c8752286da0e8cd90f20ce9a86678abc26aa0d?s=96&d=mm&r=g","url":"https:\/\/secure.gravatar.com\/avatar\/739e0b61adf9e398b425c36718c8752286da0e8cd90f20ce9a86678abc26aa0d?s=96&d=mm&r=g","contentUrl":"https:\/\/secure.gravatar.com\/avatar\/739e0b61adf9e398b425c36718c8752286da0e8cd90f20ce9a86678abc26aa0d?s=96&d=mm&r=g","caption":"Agencias"},"url":"https:\/\/www.bbmnoticias.com\/labravaradiofm\/author\/agencias\/"}]}},"_links":{"self":[{"href":"https:\/\/www.bbmnoticias.com\/labravaradiofm\/wp-json\/wp\/v2\/posts\/51262","targetHints":{"allow":["GET"]}}],"collection":[{"href":"https:\/\/www.bbmnoticias.com\/labravaradiofm\/wp-json\/wp\/v2\/posts"}],"about":[{"href":"https:\/\/www.bbmnoticias.com\/labravaradiofm\/wp-json\/wp\/v2\/types\/post"}],"author":[{"embeddable":true,"href":"https:\/\/www.bbmnoticias.com\/labravaradiofm\/wp-json\/wp\/v2\/users\/4"}],"replies":[{"embeddable":true,"href":"https:\/\/www.bbmnoticias.com\/labravaradiofm\/wp-json\/wp\/v2\/comments?post=51262"}],"version-history":[{"count":0,"href":"https:\/\/www.bbmnoticias.com\/labravaradiofm\/wp-json\/wp\/v2\/posts\/51262\/revisions"}],"wp:featuredmedia":[{"embeddable":true,"href":"https:\/\/www.bbmnoticias.com\/labravaradiofm\/wp-json\/wp\/v2\/media\/51263"}],"wp:attachment":[{"href":"https:\/\/www.bbmnoticias.com\/labravaradiofm\/wp-json\/wp\/v2\/media?parent=51262"}],"wp:term":[{"taxonomy":"category","embeddable":true,"href":"https:\/\/www.bbmnoticias.com\/labravaradiofm\/wp-json\/wp\/v2\/categories?post=51262"},{"taxonomy":"post_tag","embeddable":true,"href":"https:\/\/www.bbmnoticias.com\/labravaradiofm\/wp-json\/wp\/v2\/tags?post=51262"}],"curies":[{"name":"wp","href":"https:\/\/api.w.org\/{rel}","templated":true}]}}