{"id":51249,"date":"2024-12-07T09:21:04","date_gmt":"2024-12-07T15:21:04","guid":{"rendered":"https:\/\/www.bbmnoticias.com\/labravaradiofm\/?p=51249"},"modified":"2024-12-07T09:21:07","modified_gmt":"2024-12-07T15:21:07","slug":"identifican-a-ejecutado-en-barrio-nuevo-salina-cruz-lo-acribillaron-a-balazos","status":"publish","type":"post","link":"https:\/\/www.bbmnoticias.com\/labravaradiofm\/2024\/12\/07\/identifican-a-ejecutado-en-barrio-nuevo-salina-cruz-lo-acribillaron-a-balazos\/","title":{"rendered":"Identifican a ejecutado en Barrio Nuevo, Salina Cruz; lo acribillaron a balazos"},"content":{"rendered":"<div style=\"margin-top: 0px; margin-bottom: 0px;\" class=\"sharethis-inline-share-buttons\" ><\/div>\n<p>Salina Cruz, Oaxaca. Un hombre identificado como Germain R. D., de aproximadamente 35 a\u00f1os de edad, fue asesinado a balazos esta noche en el interior de un inmueble de renta de departamentos ubicado en el Barrio Nuevo de esta ciudad.<\/p>\n\n\n\n<p>La v\u00edctima recibi\u00f3 alrededor de diez impactos de arma de fuego en el cuerpo, lo que le caus\u00f3 la muerte de manera instant\u00e1nea.<\/p>\n\n\n\n<p>El ataque, registrado entre la avenida Hidalgo y la calle Laborista, gener\u00f3 alarma entre los vecinos de la zona, quienes escucharon las detonaciones a varias cuadras de distancia. De inmediato, los vecinos salieron de sus hogares y dieron aviso a las corporaciones policiacas.<\/p>\n\n\n\n<p>Elementos de seguridad acudieron al lugar para acordonar la zona e iniciar las investigaciones correspondientes. Hasta el momento, no se tienen informes sobre los responsables ni el m\u00f3vil del ataque.<\/p>\n","protected":false},"excerpt":{"rendered":"<p>Salina Cruz, Oaxaca. Un hombre identificado como Germain R. D., de aproximadamente 35 a\u00f1os de edad, fue asesinado a balazos esta noche en el interior de un inmueble de renta de departamentos ubicado en el Barrio Nuevo de esta ciudad. La v\u00edctima recibi\u00f3 alrededor de diez impactos de arma de fuego en el cuerpo, lo [&hellip;]<\/p>\n","protected":false},"author":2,"featured_media":51250,"comment_status":"closed","ping_status":"closed","sticky":false,"template":"","format":"standard","meta":{"footnotes":""},"categories":[20],"tags":[],"class_list":{"0":"post-51249","1":"post","2":"type-post","3":"status-publish","4":"format-standard","5":"has-post-thumbnail","7":"category-policiaca"},"yoast_head":"<!-- This site is optimized with the Yoast SEO plugin v27.4 - https:\/\/yoast.com\/product\/yoast-seo-wordpress\/ -->\n<title>Identifican a ejecutado en Barrio Nuevo, Salina Cruz; lo acribillaron a balazos - LA BRAVA RADIO<\/title>\n<meta name=\"robots\" content=\"index, follow, max-snippet:-1, max-image-preview:large, max-video-preview:-1\" \/>\n<link rel=\"canonical\" href=\"https:\/\/www.bbmnoticias.com\/labravaradiofm\/2024\/12\/07\/identifican-a-ejecutado-en-barrio-nuevo-salina-cruz-lo-acribillaron-a-balazos\/\" \/>\n<meta property=\"og:locale\" content=\"es_MX\" \/>\n<meta property=\"og:type\" content=\"article\" \/>\n<meta property=\"og:title\" content=\"Identifican a ejecutado en Barrio Nuevo, Salina Cruz; lo acribillaron a balazos - LA BRAVA RADIO\" \/>\n<meta property=\"og:description\" content=\"Salina Cruz, Oaxaca. Un hombre identificado como Germain R. D., de aproximadamente 35 a\u00f1os de edad, fue asesinado a balazos esta noche en el interior de un inmueble de renta de departamentos ubicado en el Barrio Nuevo de esta ciudad. La v\u00edctima recibi\u00f3 alrededor de diez impactos de arma de fuego en el cuerpo, lo [&hellip;]\" \/>\n<meta property=\"og:url\" content=\"https:\/\/www.bbmnoticias.com\/labravaradiofm\/2024\/12\/07\/identifican-a-ejecutado-en-barrio-nuevo-salina-cruz-lo-acribillaron-a-balazos\/\" \/>\n<meta property=\"og:site_name\" content=\"LA BRAVA RADIO\" \/>\n<meta property=\"article:published_time\" content=\"2024-12-07T15:21:04+00:00\" \/>\n<meta property=\"article:modified_time\" content=\"2024-12-07T15:21:07+00:00\" \/>\n<meta property=\"og:image\" content=\"https:\/\/www.bbmnoticias.com\/labravaradiofm\/wp-content\/uploads\/sites\/5\/2024\/12\/ejecutado-salinacruz.jpg\" \/>\n\t<meta property=\"og:image:width\" content=\"1600\" \/>\n\t<meta property=\"og:image:height\" content=\"1200\" \/>\n\t<meta property=\"og:image:type\" content=\"image\/jpeg\" \/>\n<meta name=\"author\" content=\"Staff\" \/>\n<meta name=\"twitter:card\" content=\"summary_large_image\" \/>\n<meta name=\"twitter:label1\" content=\"Escrito por\" \/>\n\t<meta name=\"twitter:data1\" content=\"Staff\" \/>\n\t<meta name=\"twitter:label2\" content=\"Tiempo de lectura\" \/>\n\t<meta name=\"twitter:data2\" content=\"1 minuto\" \/>\n<script type=\"application\/ld+json\" class=\"yoast-schema-graph\">{\"@context\":\"https:\\\/\\\/schema.org\",\"@graph\":[{\"@type\":\"Article\",\"@id\":\"https:\\\/\\\/www.bbmnoticias.com\\\/labravaradiofm\\\/2024\\\/12\\\/07\\\/identifican-a-ejecutado-en-barrio-nuevo-salina-cruz-lo-acribillaron-a-balazos\\\/#article\",\"isPartOf\":{\"@id\":\"https:\\\/\\\/www.bbmnoticias.com\\\/labravaradiofm\\\/2024\\\/12\\\/07\\\/identifican-a-ejecutado-en-barrio-nuevo-salina-cruz-lo-acribillaron-a-balazos\\\/\"},\"author\":{\"name\":\"Staff\",\"@id\":\"https:\\\/\\\/www.bbmnoticias.com\\\/labravaradiofm\\\/#\\\/schema\\\/person\\\/68a9e9036ef3c5b55aeb2b71dc8bab45\"},\"headline\":\"Identifican a ejecutado en Barrio Nuevo, Salina Cruz; lo acribillaron a balazos\",\"datePublished\":\"2024-12-07T15:21:04+00:00\",\"dateModified\":\"2024-12-07T15:21:07+00:00\",\"mainEntityOfPage\":{\"@id\":\"https:\\\/\\\/www.bbmnoticias.com\\\/labravaradiofm\\\/2024\\\/12\\\/07\\\/identifican-a-ejecutado-en-barrio-nuevo-salina-cruz-lo-acribillaron-a-balazos\\\/\"},\"wordCount\":151,\"image\":{\"@id\":\"https:\\\/\\\/www.bbmnoticias.com\\\/labravaradiofm\\\/2024\\\/12\\\/07\\\/identifican-a-ejecutado-en-barrio-nuevo-salina-cruz-lo-acribillaron-a-balazos\\\/#primaryimage\"},\"thumbnailUrl\":\"https:\\\/\\\/www.bbmnoticias.com\\\/labravaradiofm\\\/wp-content\\\/uploads\\\/sites\\\/5\\\/2024\\\/12\\\/ejecutado-salinacruz.jpg\",\"articleSection\":[\"POLICIACA\"],\"inLanguage\":\"es\"},{\"@type\":\"WebPage\",\"@id\":\"https:\\\/\\\/www.bbmnoticias.com\\\/labravaradiofm\\\/2024\\\/12\\\/07\\\/identifican-a-ejecutado-en-barrio-nuevo-salina-cruz-lo-acribillaron-a-balazos\\\/\",\"url\":\"https:\\\/\\\/www.bbmnoticias.com\\\/labravaradiofm\\\/2024\\\/12\\\/07\\\/identifican-a-ejecutado-en-barrio-nuevo-salina-cruz-lo-acribillaron-a-balazos\\\/\",\"name\":\"Identifican a ejecutado en Barrio Nuevo, Salina Cruz; lo acribillaron a balazos - LA BRAVA RADIO\",\"isPartOf\":{\"@id\":\"https:\\\/\\\/www.bbmnoticias.com\\\/labravaradiofm\\\/#website\"},\"primaryImageOfPage\":{\"@id\":\"https:\\\/\\\/www.bbmnoticias.com\\\/labravaradiofm\\\/2024\\\/12\\\/07\\\/identifican-a-ejecutado-en-barrio-nuevo-salina-cruz-lo-acribillaron-a-balazos\\\/#primaryimage\"},\"image\":{\"@id\":\"https:\\\/\\\/www.bbmnoticias.com\\\/labravaradiofm\\\/2024\\\/12\\\/07\\\/identifican-a-ejecutado-en-barrio-nuevo-salina-cruz-lo-acribillaron-a-balazos\\\/#primaryimage\"},\"thumbnailUrl\":\"https:\\\/\\\/www.bbmnoticias.com\\\/labravaradiofm\\\/wp-content\\\/uploads\\\/sites\\\/5\\\/2024\\\/12\\\/ejecutado-salinacruz.jpg\",\"datePublished\":\"2024-12-07T15:21:04+00:00\",\"dateModified\":\"2024-12-07T15:21:07+00:00\",\"author\":{\"@id\":\"https:\\\/\\\/www.bbmnoticias.com\\\/labravaradiofm\\\/#\\\/schema\\\/person\\\/68a9e9036ef3c5b55aeb2b71dc8bab45\"},\"breadcrumb\":{\"@id\":\"https:\\\/\\\/www.bbmnoticias.com\\\/labravaradiofm\\\/2024\\\/12\\\/07\\\/identifican-a-ejecutado-en-barrio-nuevo-salina-cruz-lo-acribillaron-a-balazos\\\/#breadcrumb\"},\"inLanguage\":\"es\",\"potentialAction\":[{\"@type\":\"ReadAction\",\"target\":[\"https:\\\/\\\/www.bbmnoticias.com\\\/labravaradiofm\\\/2024\\\/12\\\/07\\\/identifican-a-ejecutado-en-barrio-nuevo-salina-cruz-lo-acribillaron-a-balazos\\\/\"]}]},{\"@type\":\"ImageObject\",\"inLanguage\":\"es\",\"@id\":\"https:\\\/\\\/www.bbmnoticias.com\\\/labravaradiofm\\\/2024\\\/12\\\/07\\\/identifican-a-ejecutado-en-barrio-nuevo-salina-cruz-lo-acribillaron-a-balazos\\\/#primaryimage\",\"url\":\"https:\\\/\\\/www.bbmnoticias.com\\\/labravaradiofm\\\/wp-content\\\/uploads\\\/sites\\\/5\\\/2024\\\/12\\\/ejecutado-salinacruz.jpg\",\"contentUrl\":\"https:\\\/\\\/www.bbmnoticias.com\\\/labravaradiofm\\\/wp-content\\\/uploads\\\/sites\\\/5\\\/2024\\\/12\\\/ejecutado-salinacruz.jpg\",\"width\":1600,\"height\":1200},{\"@type\":\"BreadcrumbList\",\"@id\":\"https:\\\/\\\/www.bbmnoticias.com\\\/labravaradiofm\\\/2024\\\/12\\\/07\\\/identifican-a-ejecutado-en-barrio-nuevo-salina-cruz-lo-acribillaron-a-balazos\\\/#breadcrumb\",\"itemListElement\":[{\"@type\":\"ListItem\",\"position\":1,\"name\":\"Inicio\",\"item\":\"https:\\\/\\\/www.bbmnoticias.com\\\/labravaradiofm\\\/\"},{\"@type\":\"ListItem\",\"position\":2,\"name\":\"Identifican a ejecutado en Barrio Nuevo, Salina Cruz; lo acribillaron a balazos\"}]},{\"@type\":\"WebSite\",\"@id\":\"https:\\\/\\\/www.bbmnoticias.com\\\/labravaradiofm\\\/#website\",\"url\":\"https:\\\/\\\/www.bbmnoticias.com\\\/labravaradiofm\\\/\",\"name\":\"LA BRAVA RADIO\",\"description\":\"Empresa productora de medios, Radiodifusi\u00f3n, Noticias, tendencias y todo lo que necesitas saber de la pol\u00edtica mexicana e internacional; entretenimiento, espect\u00e1culos, salud y mucho m\u00e1s.\",\"potentialAction\":[{\"@type\":\"SearchAction\",\"target\":{\"@type\":\"EntryPoint\",\"urlTemplate\":\"https:\\\/\\\/www.bbmnoticias.com\\\/labravaradiofm\\\/?s={search_term_string}\"},\"query-input\":{\"@type\":\"PropertyValueSpecification\",\"valueRequired\":true,\"valueName\":\"search_term_string\"}}],\"inLanguage\":\"es\"},{\"@type\":\"Person\",\"@id\":\"https:\\\/\\\/www.bbmnoticias.com\\\/labravaradiofm\\\/#\\\/schema\\\/person\\\/68a9e9036ef3c5b55aeb2b71dc8bab45\",\"name\":\"Staff\",\"image\":{\"@type\":\"ImageObject\",\"inLanguage\":\"es\",\"@id\":\"https:\\\/\\\/secure.gravatar.com\\\/avatar\\\/fdd21ad66fd8b98c407f9dee5b5e588cfe7f0d8579ec20fa6527cd59bab7f0f0?s=96&d=mm&r=g\",\"url\":\"https:\\\/\\\/secure.gravatar.com\\\/avatar\\\/fdd21ad66fd8b98c407f9dee5b5e588cfe7f0d8579ec20fa6527cd59bab7f0f0?s=96&d=mm&r=g\",\"contentUrl\":\"https:\\\/\\\/secure.gravatar.com\\\/avatar\\\/fdd21ad66fd8b98c407f9dee5b5e588cfe7f0d8579ec20fa6527cd59bab7f0f0?s=96&d=mm&r=g\",\"caption\":\"Staff\"},\"url\":\"https:\\\/\\\/www.bbmnoticias.com\\\/labravaradiofm\\\/author\\\/redaccion\\\/\"}]}<\/script>\n<!-- \/ Yoast SEO plugin. -->","yoast_head_json":{"title":"Identifican a ejecutado en Barrio Nuevo, Salina Cruz; lo acribillaron a balazos - LA BRAVA RADIO","robots":{"index":"index","follow":"follow","max-snippet":"max-snippet:-1","max-image-preview":"max-image-preview:large","max-video-preview":"max-video-preview:-1"},"canonical":"https:\/\/www.bbmnoticias.com\/labravaradiofm\/2024\/12\/07\/identifican-a-ejecutado-en-barrio-nuevo-salina-cruz-lo-acribillaron-a-balazos\/","og_locale":"es_MX","og_type":"article","og_title":"Identifican a ejecutado en Barrio Nuevo, Salina Cruz; lo acribillaron a balazos - LA BRAVA RADIO","og_description":"Salina Cruz, Oaxaca. Un hombre identificado como Germain R. D., de aproximadamente 35 a\u00f1os de edad, fue asesinado a balazos esta noche en el interior de un inmueble de renta de departamentos ubicado en el Barrio Nuevo de esta ciudad. La v\u00edctima recibi\u00f3 alrededor de diez impactos de arma de fuego en el cuerpo, lo [&hellip;]","og_url":"https:\/\/www.bbmnoticias.com\/labravaradiofm\/2024\/12\/07\/identifican-a-ejecutado-en-barrio-nuevo-salina-cruz-lo-acribillaron-a-balazos\/","og_site_name":"LA BRAVA RADIO","article_published_time":"2024-12-07T15:21:04+00:00","article_modified_time":"2024-12-07T15:21:07+00:00","og_image":[{"width":1600,"height":1200,"url":"https:\/\/www.bbmnoticias.com\/labravaradiofm\/wp-content\/uploads\/sites\/5\/2024\/12\/ejecutado-salinacruz.jpg","type":"image\/jpeg"}],"author":"Staff","twitter_card":"summary_large_image","twitter_misc":{"Escrito por":"Staff","Tiempo de lectura":"1 minuto"},"schema":{"@context":"https:\/\/schema.org","@graph":[{"@type":"Article","@id":"https:\/\/www.bbmnoticias.com\/labravaradiofm\/2024\/12\/07\/identifican-a-ejecutado-en-barrio-nuevo-salina-cruz-lo-acribillaron-a-balazos\/#article","isPartOf":{"@id":"https:\/\/www.bbmnoticias.com\/labravaradiofm\/2024\/12\/07\/identifican-a-ejecutado-en-barrio-nuevo-salina-cruz-lo-acribillaron-a-balazos\/"},"author":{"name":"Staff","@id":"https:\/\/www.bbmnoticias.com\/labravaradiofm\/#\/schema\/person\/68a9e9036ef3c5b55aeb2b71dc8bab45"},"headline":"Identifican a ejecutado en Barrio Nuevo, Salina Cruz; lo acribillaron a balazos","datePublished":"2024-12-07T15:21:04+00:00","dateModified":"2024-12-07T15:21:07+00:00","mainEntityOfPage":{"@id":"https:\/\/www.bbmnoticias.com\/labravaradiofm\/2024\/12\/07\/identifican-a-ejecutado-en-barrio-nuevo-salina-cruz-lo-acribillaron-a-balazos\/"},"wordCount":151,"image":{"@id":"https:\/\/www.bbmnoticias.com\/labravaradiofm\/2024\/12\/07\/identifican-a-ejecutado-en-barrio-nuevo-salina-cruz-lo-acribillaron-a-balazos\/#primaryimage"},"thumbnailUrl":"https:\/\/www.bbmnoticias.com\/labravaradiofm\/wp-content\/uploads\/sites\/5\/2024\/12\/ejecutado-salinacruz.jpg","articleSection":["POLICIACA"],"inLanguage":"es"},{"@type":"WebPage","@id":"https:\/\/www.bbmnoticias.com\/labravaradiofm\/2024\/12\/07\/identifican-a-ejecutado-en-barrio-nuevo-salina-cruz-lo-acribillaron-a-balazos\/","url":"https:\/\/www.bbmnoticias.com\/labravaradiofm\/2024\/12\/07\/identifican-a-ejecutado-en-barrio-nuevo-salina-cruz-lo-acribillaron-a-balazos\/","name":"Identifican a ejecutado en Barrio Nuevo, Salina Cruz; lo acribillaron a balazos - LA BRAVA RADIO","isPartOf":{"@id":"https:\/\/www.bbmnoticias.com\/labravaradiofm\/#website"},"primaryImageOfPage":{"@id":"https:\/\/www.bbmnoticias.com\/labravaradiofm\/2024\/12\/07\/identifican-a-ejecutado-en-barrio-nuevo-salina-cruz-lo-acribillaron-a-balazos\/#primaryimage"},"image":{"@id":"https:\/\/www.bbmnoticias.com\/labravaradiofm\/2024\/12\/07\/identifican-a-ejecutado-en-barrio-nuevo-salina-cruz-lo-acribillaron-a-balazos\/#primaryimage"},"thumbnailUrl":"https:\/\/www.bbmnoticias.com\/labravaradiofm\/wp-content\/uploads\/sites\/5\/2024\/12\/ejecutado-salinacruz.jpg","datePublished":"2024-12-07T15:21:04+00:00","dateModified":"2024-12-07T15:21:07+00:00","author":{"@id":"https:\/\/www.bbmnoticias.com\/labravaradiofm\/#\/schema\/person\/68a9e9036ef3c5b55aeb2b71dc8bab45"},"breadcrumb":{"@id":"https:\/\/www.bbmnoticias.com\/labravaradiofm\/2024\/12\/07\/identifican-a-ejecutado-en-barrio-nuevo-salina-cruz-lo-acribillaron-a-balazos\/#breadcrumb"},"inLanguage":"es","potentialAction":[{"@type":"ReadAction","target":["https:\/\/www.bbmnoticias.com\/labravaradiofm\/2024\/12\/07\/identifican-a-ejecutado-en-barrio-nuevo-salina-cruz-lo-acribillaron-a-balazos\/"]}]},{"@type":"ImageObject","inLanguage":"es","@id":"https:\/\/www.bbmnoticias.com\/labravaradiofm\/2024\/12\/07\/identifican-a-ejecutado-en-barrio-nuevo-salina-cruz-lo-acribillaron-a-balazos\/#primaryimage","url":"https:\/\/www.bbmnoticias.com\/labravaradiofm\/wp-content\/uploads\/sites\/5\/2024\/12\/ejecutado-salinacruz.jpg","contentUrl":"https:\/\/www.bbmnoticias.com\/labravaradiofm\/wp-content\/uploads\/sites\/5\/2024\/12\/ejecutado-salinacruz.jpg","width":1600,"height":1200},{"@type":"BreadcrumbList","@id":"https:\/\/www.bbmnoticias.com\/labravaradiofm\/2024\/12\/07\/identifican-a-ejecutado-en-barrio-nuevo-salina-cruz-lo-acribillaron-a-balazos\/#breadcrumb","itemListElement":[{"@type":"ListItem","position":1,"name":"Inicio","item":"https:\/\/www.bbmnoticias.com\/labravaradiofm\/"},{"@type":"ListItem","position":2,"name":"Identifican a ejecutado en Barrio Nuevo, Salina Cruz; lo acribillaron a balazos"}]},{"@type":"WebSite","@id":"https:\/\/www.bbmnoticias.com\/labravaradiofm\/#website","url":"https:\/\/www.bbmnoticias.com\/labravaradiofm\/","name":"LA BRAVA RADIO","description":"Empresa productora de medios, Radiodifusi\u00f3n, Noticias, tendencias y todo lo que necesitas saber de la pol\u00edtica mexicana e internacional; entretenimiento, espect\u00e1culos, salud y mucho m\u00e1s.","potentialAction":[{"@type":"SearchAction","target":{"@type":"EntryPoint","urlTemplate":"https:\/\/www.bbmnoticias.com\/labravaradiofm\/?s={search_term_string}"},"query-input":{"@type":"PropertyValueSpecification","valueRequired":true,"valueName":"search_term_string"}}],"inLanguage":"es"},{"@type":"Person","@id":"https:\/\/www.bbmnoticias.com\/labravaradiofm\/#\/schema\/person\/68a9e9036ef3c5b55aeb2b71dc8bab45","name":"Staff","image":{"@type":"ImageObject","inLanguage":"es","@id":"https:\/\/secure.gravatar.com\/avatar\/fdd21ad66fd8b98c407f9dee5b5e588cfe7f0d8579ec20fa6527cd59bab7f0f0?s=96&d=mm&r=g","url":"https:\/\/secure.gravatar.com\/avatar\/fdd21ad66fd8b98c407f9dee5b5e588cfe7f0d8579ec20fa6527cd59bab7f0f0?s=96&d=mm&r=g","contentUrl":"https:\/\/secure.gravatar.com\/avatar\/fdd21ad66fd8b98c407f9dee5b5e588cfe7f0d8579ec20fa6527cd59bab7f0f0?s=96&d=mm&r=g","caption":"Staff"},"url":"https:\/\/www.bbmnoticias.com\/labravaradiofm\/author\/redaccion\/"}]}},"_links":{"self":[{"href":"https:\/\/www.bbmnoticias.com\/labravaradiofm\/wp-json\/wp\/v2\/posts\/51249","targetHints":{"allow":["GET"]}}],"collection":[{"href":"https:\/\/www.bbmnoticias.com\/labravaradiofm\/wp-json\/wp\/v2\/posts"}],"about":[{"href":"https:\/\/www.bbmnoticias.com\/labravaradiofm\/wp-json\/wp\/v2\/types\/post"}],"author":[{"embeddable":true,"href":"https:\/\/www.bbmnoticias.com\/labravaradiofm\/wp-json\/wp\/v2\/users\/2"}],"replies":[{"embeddable":true,"href":"https:\/\/www.bbmnoticias.com\/labravaradiofm\/wp-json\/wp\/v2\/comments?post=51249"}],"version-history":[{"count":0,"href":"https:\/\/www.bbmnoticias.com\/labravaradiofm\/wp-json\/wp\/v2\/posts\/51249\/revisions"}],"wp:featuredmedia":[{"embeddable":true,"href":"https:\/\/www.bbmnoticias.com\/labravaradiofm\/wp-json\/wp\/v2\/media\/51250"}],"wp:attachment":[{"href":"https:\/\/www.bbmnoticias.com\/labravaradiofm\/wp-json\/wp\/v2\/media?parent=51249"}],"wp:term":[{"taxonomy":"category","embeddable":true,"href":"https:\/\/www.bbmnoticias.com\/labravaradiofm\/wp-json\/wp\/v2\/categories?post=51249"},{"taxonomy":"post_tag","embeddable":true,"href":"https:\/\/www.bbmnoticias.com\/labravaradiofm\/wp-json\/wp\/v2\/tags?post=51249"}],"curies":[{"name":"wp","href":"https:\/\/api.w.org\/{rel}","templated":true}]}}