{"id":51246,"date":"2024-12-07T09:10:25","date_gmt":"2024-12-07T15:10:25","guid":{"rendered":"https:\/\/www.bbmnoticias.com\/labravaradiofm\/?p=51246"},"modified":"2024-12-07T09:10:29","modified_gmt":"2024-12-07T15:10:29","slug":"dos-hombres-pierden-la-vida-en-accidentes-viales-en-la-zona-huave","status":"publish","type":"post","link":"https:\/\/www.bbmnoticias.com\/labravaradiofm\/2024\/12\/07\/dos-hombres-pierden-la-vida-en-accidentes-viales-en-la-zona-huave\/","title":{"rendered":"Dos hombres pierden la vida en accidentes viales en la zona huave"},"content":{"rendered":"<div style=\"margin-top: 0px; margin-bottom: 0px;\" class=\"sharethis-inline-share-buttons\" ><\/div>\n<p>San Mateo del Mar, Oaxaca. Dos tr\u00e1gicos accidentes viales se registraron en la regi\u00f3n huave, dejando como saldo la p\u00e9rdida de dos vidas.<\/p>\n\n\n\n<p>El primer incidente ocurri\u00f3 cerca de la colonia Ju\u00e1rez, cuando un hombre de aproximadamente 60 a\u00f1os, que transportaba le\u00f1a en un triciclo, fue arrollado por un veh\u00edculo. El impacto fue mortal, dejando al hombre tendido sobre la cinta asf\u00e1ltica en medio de un charco de sangre.<\/p>\n\n\n\n<p>En la misma carretera, cerca de la agencia municipal de Huazantl\u00e1n y en la entrada de la colonia Reforma, otro hombre perdi\u00f3 la vida al caer de una camioneta en movimiento.<\/p>\n\n\n\n<p>Las autoridades locales ya investigan ambos casos y han informado a las instancias correspondientes para realizar las diligencias necesarias.<\/p>\n","protected":false},"excerpt":{"rendered":"<p>San Mateo del Mar, Oaxaca. Dos tr\u00e1gicos accidentes viales se registraron en la regi\u00f3n huave, dejando como saldo la p\u00e9rdida de dos vidas. El primer incidente ocurri\u00f3 cerca de la colonia Ju\u00e1rez, cuando un hombre de aproximadamente 60 a\u00f1os, que transportaba le\u00f1a en un triciclo, fue arrollado por un veh\u00edculo. El impacto fue mortal, dejando [&hellip;]<\/p>\n","protected":false},"author":2,"featured_media":51247,"comment_status":"closed","ping_status":"closed","sticky":false,"template":"","format":"standard","meta":{"footnotes":""},"categories":[20],"tags":[],"class_list":{"0":"post-51246","1":"post","2":"type-post","3":"status-publish","4":"format-standard","5":"has-post-thumbnail","7":"category-policiaca"},"yoast_head":"<!-- This site is optimized with the Yoast SEO plugin v27.4 - https:\/\/yoast.com\/product\/yoast-seo-wordpress\/ -->\n<title>Dos hombres pierden la vida en accidentes viales en la zona huave - LA BRAVA RADIO<\/title>\n<meta name=\"robots\" content=\"index, follow, max-snippet:-1, max-image-preview:large, max-video-preview:-1\" \/>\n<link rel=\"canonical\" href=\"https:\/\/www.bbmnoticias.com\/labravaradiofm\/2024\/12\/07\/dos-hombres-pierden-la-vida-en-accidentes-viales-en-la-zona-huave\/\" \/>\n<meta property=\"og:locale\" content=\"es_MX\" \/>\n<meta property=\"og:type\" content=\"article\" \/>\n<meta property=\"og:title\" content=\"Dos hombres pierden la vida en accidentes viales en la zona huave - LA BRAVA RADIO\" \/>\n<meta property=\"og:description\" content=\"San Mateo del Mar, Oaxaca. Dos tr\u00e1gicos accidentes viales se registraron en la regi\u00f3n huave, dejando como saldo la p\u00e9rdida de dos vidas. El primer incidente ocurri\u00f3 cerca de la colonia Ju\u00e1rez, cuando un hombre de aproximadamente 60 a\u00f1os, que transportaba le\u00f1a en un triciclo, fue arrollado por un veh\u00edculo. El impacto fue mortal, dejando [&hellip;]\" \/>\n<meta property=\"og:url\" content=\"https:\/\/www.bbmnoticias.com\/labravaradiofm\/2024\/12\/07\/dos-hombres-pierden-la-vida-en-accidentes-viales-en-la-zona-huave\/\" \/>\n<meta property=\"og:site_name\" content=\"LA BRAVA RADIO\" \/>\n<meta property=\"article:published_time\" content=\"2024-12-07T15:10:25+00:00\" \/>\n<meta property=\"article:modified_time\" content=\"2024-12-07T15:10:29+00:00\" \/>\n<meta property=\"og:image\" content=\"https:\/\/www.bbmnoticias.com\/labravaradiofm\/wp-content\/uploads\/sites\/5\/2024\/12\/accidente-e1733584205944.jpg\" \/>\n\t<meta property=\"og:image:width\" content=\"864\" \/>\n\t<meta property=\"og:image:height\" content=\"653\" \/>\n\t<meta property=\"og:image:type\" content=\"image\/jpeg\" \/>\n<meta name=\"author\" content=\"Staff\" \/>\n<meta name=\"twitter:card\" content=\"summary_large_image\" \/>\n<meta name=\"twitter:label1\" content=\"Escrito por\" \/>\n\t<meta name=\"twitter:data1\" content=\"Staff\" \/>\n\t<meta name=\"twitter:label2\" content=\"Tiempo de lectura\" \/>\n\t<meta name=\"twitter:data2\" content=\"1 minuto\" \/>\n<script type=\"application\/ld+json\" class=\"yoast-schema-graph\">{\"@context\":\"https:\\\/\\\/schema.org\",\"@graph\":[{\"@type\":\"Article\",\"@id\":\"https:\\\/\\\/www.bbmnoticias.com\\\/labravaradiofm\\\/2024\\\/12\\\/07\\\/dos-hombres-pierden-la-vida-en-accidentes-viales-en-la-zona-huave\\\/#article\",\"isPartOf\":{\"@id\":\"https:\\\/\\\/www.bbmnoticias.com\\\/labravaradiofm\\\/2024\\\/12\\\/07\\\/dos-hombres-pierden-la-vida-en-accidentes-viales-en-la-zona-huave\\\/\"},\"author\":{\"name\":\"Staff\",\"@id\":\"https:\\\/\\\/www.bbmnoticias.com\\\/labravaradiofm\\\/#\\\/schema\\\/person\\\/68a9e9036ef3c5b55aeb2b71dc8bab45\"},\"headline\":\"Dos hombres pierden la vida en accidentes viales en la zona huave\",\"datePublished\":\"2024-12-07T15:10:25+00:00\",\"dateModified\":\"2024-12-07T15:10:29+00:00\",\"mainEntityOfPage\":{\"@id\":\"https:\\\/\\\/www.bbmnoticias.com\\\/labravaradiofm\\\/2024\\\/12\\\/07\\\/dos-hombres-pierden-la-vida-en-accidentes-viales-en-la-zona-huave\\\/\"},\"wordCount\":139,\"image\":{\"@id\":\"https:\\\/\\\/www.bbmnoticias.com\\\/labravaradiofm\\\/2024\\\/12\\\/07\\\/dos-hombres-pierden-la-vida-en-accidentes-viales-en-la-zona-huave\\\/#primaryimage\"},\"thumbnailUrl\":\"https:\\\/\\\/www.bbmnoticias.com\\\/labravaradiofm\\\/wp-content\\\/uploads\\\/sites\\\/5\\\/2024\\\/12\\\/accidente-e1733584205944.jpg\",\"articleSection\":[\"POLICIACA\"],\"inLanguage\":\"es\"},{\"@type\":\"WebPage\",\"@id\":\"https:\\\/\\\/www.bbmnoticias.com\\\/labravaradiofm\\\/2024\\\/12\\\/07\\\/dos-hombres-pierden-la-vida-en-accidentes-viales-en-la-zona-huave\\\/\",\"url\":\"https:\\\/\\\/www.bbmnoticias.com\\\/labravaradiofm\\\/2024\\\/12\\\/07\\\/dos-hombres-pierden-la-vida-en-accidentes-viales-en-la-zona-huave\\\/\",\"name\":\"Dos hombres pierden la vida en accidentes viales en la zona huave - LA BRAVA RADIO\",\"isPartOf\":{\"@id\":\"https:\\\/\\\/www.bbmnoticias.com\\\/labravaradiofm\\\/#website\"},\"primaryImageOfPage\":{\"@id\":\"https:\\\/\\\/www.bbmnoticias.com\\\/labravaradiofm\\\/2024\\\/12\\\/07\\\/dos-hombres-pierden-la-vida-en-accidentes-viales-en-la-zona-huave\\\/#primaryimage\"},\"image\":{\"@id\":\"https:\\\/\\\/www.bbmnoticias.com\\\/labravaradiofm\\\/2024\\\/12\\\/07\\\/dos-hombres-pierden-la-vida-en-accidentes-viales-en-la-zona-huave\\\/#primaryimage\"},\"thumbnailUrl\":\"https:\\\/\\\/www.bbmnoticias.com\\\/labravaradiofm\\\/wp-content\\\/uploads\\\/sites\\\/5\\\/2024\\\/12\\\/accidente-e1733584205944.jpg\",\"datePublished\":\"2024-12-07T15:10:25+00:00\",\"dateModified\":\"2024-12-07T15:10:29+00:00\",\"author\":{\"@id\":\"https:\\\/\\\/www.bbmnoticias.com\\\/labravaradiofm\\\/#\\\/schema\\\/person\\\/68a9e9036ef3c5b55aeb2b71dc8bab45\"},\"breadcrumb\":{\"@id\":\"https:\\\/\\\/www.bbmnoticias.com\\\/labravaradiofm\\\/2024\\\/12\\\/07\\\/dos-hombres-pierden-la-vida-en-accidentes-viales-en-la-zona-huave\\\/#breadcrumb\"},\"inLanguage\":\"es\",\"potentialAction\":[{\"@type\":\"ReadAction\",\"target\":[\"https:\\\/\\\/www.bbmnoticias.com\\\/labravaradiofm\\\/2024\\\/12\\\/07\\\/dos-hombres-pierden-la-vida-en-accidentes-viales-en-la-zona-huave\\\/\"]}]},{\"@type\":\"ImageObject\",\"inLanguage\":\"es\",\"@id\":\"https:\\\/\\\/www.bbmnoticias.com\\\/labravaradiofm\\\/2024\\\/12\\\/07\\\/dos-hombres-pierden-la-vida-en-accidentes-viales-en-la-zona-huave\\\/#primaryimage\",\"url\":\"https:\\\/\\\/www.bbmnoticias.com\\\/labravaradiofm\\\/wp-content\\\/uploads\\\/sites\\\/5\\\/2024\\\/12\\\/accidente-e1733584205944.jpg\",\"contentUrl\":\"https:\\\/\\\/www.bbmnoticias.com\\\/labravaradiofm\\\/wp-content\\\/uploads\\\/sites\\\/5\\\/2024\\\/12\\\/accidente-e1733584205944.jpg\",\"width\":864,\"height\":653},{\"@type\":\"BreadcrumbList\",\"@id\":\"https:\\\/\\\/www.bbmnoticias.com\\\/labravaradiofm\\\/2024\\\/12\\\/07\\\/dos-hombres-pierden-la-vida-en-accidentes-viales-en-la-zona-huave\\\/#breadcrumb\",\"itemListElement\":[{\"@type\":\"ListItem\",\"position\":1,\"name\":\"Inicio\",\"item\":\"https:\\\/\\\/www.bbmnoticias.com\\\/labravaradiofm\\\/\"},{\"@type\":\"ListItem\",\"position\":2,\"name\":\"Dos hombres pierden la vida en accidentes viales en la zona huave\"}]},{\"@type\":\"WebSite\",\"@id\":\"https:\\\/\\\/www.bbmnoticias.com\\\/labravaradiofm\\\/#website\",\"url\":\"https:\\\/\\\/www.bbmnoticias.com\\\/labravaradiofm\\\/\",\"name\":\"LA BRAVA RADIO\",\"description\":\"Empresa productora de medios, Radiodifusi\u00f3n, Noticias, tendencias y todo lo que necesitas saber de la pol\u00edtica mexicana e internacional; entretenimiento, espect\u00e1culos, salud y mucho m\u00e1s.\",\"potentialAction\":[{\"@type\":\"SearchAction\",\"target\":{\"@type\":\"EntryPoint\",\"urlTemplate\":\"https:\\\/\\\/www.bbmnoticias.com\\\/labravaradiofm\\\/?s={search_term_string}\"},\"query-input\":{\"@type\":\"PropertyValueSpecification\",\"valueRequired\":true,\"valueName\":\"search_term_string\"}}],\"inLanguage\":\"es\"},{\"@type\":\"Person\",\"@id\":\"https:\\\/\\\/www.bbmnoticias.com\\\/labravaradiofm\\\/#\\\/schema\\\/person\\\/68a9e9036ef3c5b55aeb2b71dc8bab45\",\"name\":\"Staff\",\"image\":{\"@type\":\"ImageObject\",\"inLanguage\":\"es\",\"@id\":\"https:\\\/\\\/secure.gravatar.com\\\/avatar\\\/fdd21ad66fd8b98c407f9dee5b5e588cfe7f0d8579ec20fa6527cd59bab7f0f0?s=96&d=mm&r=g\",\"url\":\"https:\\\/\\\/secure.gravatar.com\\\/avatar\\\/fdd21ad66fd8b98c407f9dee5b5e588cfe7f0d8579ec20fa6527cd59bab7f0f0?s=96&d=mm&r=g\",\"contentUrl\":\"https:\\\/\\\/secure.gravatar.com\\\/avatar\\\/fdd21ad66fd8b98c407f9dee5b5e588cfe7f0d8579ec20fa6527cd59bab7f0f0?s=96&d=mm&r=g\",\"caption\":\"Staff\"},\"url\":\"https:\\\/\\\/www.bbmnoticias.com\\\/labravaradiofm\\\/author\\\/redaccion\\\/\"}]}<\/script>\n<!-- \/ Yoast SEO plugin. -->","yoast_head_json":{"title":"Dos hombres pierden la vida en accidentes viales en la zona huave - LA BRAVA RADIO","robots":{"index":"index","follow":"follow","max-snippet":"max-snippet:-1","max-image-preview":"max-image-preview:large","max-video-preview":"max-video-preview:-1"},"canonical":"https:\/\/www.bbmnoticias.com\/labravaradiofm\/2024\/12\/07\/dos-hombres-pierden-la-vida-en-accidentes-viales-en-la-zona-huave\/","og_locale":"es_MX","og_type":"article","og_title":"Dos hombres pierden la vida en accidentes viales en la zona huave - LA BRAVA RADIO","og_description":"San Mateo del Mar, Oaxaca. Dos tr\u00e1gicos accidentes viales se registraron en la regi\u00f3n huave, dejando como saldo la p\u00e9rdida de dos vidas. El primer incidente ocurri\u00f3 cerca de la colonia Ju\u00e1rez, cuando un hombre de aproximadamente 60 a\u00f1os, que transportaba le\u00f1a en un triciclo, fue arrollado por un veh\u00edculo. El impacto fue mortal, dejando [&hellip;]","og_url":"https:\/\/www.bbmnoticias.com\/labravaradiofm\/2024\/12\/07\/dos-hombres-pierden-la-vida-en-accidentes-viales-en-la-zona-huave\/","og_site_name":"LA BRAVA RADIO","article_published_time":"2024-12-07T15:10:25+00:00","article_modified_time":"2024-12-07T15:10:29+00:00","og_image":[{"width":864,"height":653,"url":"https:\/\/www.bbmnoticias.com\/labravaradiofm\/wp-content\/uploads\/sites\/5\/2024\/12\/accidente-e1733584205944.jpg","type":"image\/jpeg"}],"author":"Staff","twitter_card":"summary_large_image","twitter_misc":{"Escrito por":"Staff","Tiempo de lectura":"1 minuto"},"schema":{"@context":"https:\/\/schema.org","@graph":[{"@type":"Article","@id":"https:\/\/www.bbmnoticias.com\/labravaradiofm\/2024\/12\/07\/dos-hombres-pierden-la-vida-en-accidentes-viales-en-la-zona-huave\/#article","isPartOf":{"@id":"https:\/\/www.bbmnoticias.com\/labravaradiofm\/2024\/12\/07\/dos-hombres-pierden-la-vida-en-accidentes-viales-en-la-zona-huave\/"},"author":{"name":"Staff","@id":"https:\/\/www.bbmnoticias.com\/labravaradiofm\/#\/schema\/person\/68a9e9036ef3c5b55aeb2b71dc8bab45"},"headline":"Dos hombres pierden la vida en accidentes viales en la zona huave","datePublished":"2024-12-07T15:10:25+00:00","dateModified":"2024-12-07T15:10:29+00:00","mainEntityOfPage":{"@id":"https:\/\/www.bbmnoticias.com\/labravaradiofm\/2024\/12\/07\/dos-hombres-pierden-la-vida-en-accidentes-viales-en-la-zona-huave\/"},"wordCount":139,"image":{"@id":"https:\/\/www.bbmnoticias.com\/labravaradiofm\/2024\/12\/07\/dos-hombres-pierden-la-vida-en-accidentes-viales-en-la-zona-huave\/#primaryimage"},"thumbnailUrl":"https:\/\/www.bbmnoticias.com\/labravaradiofm\/wp-content\/uploads\/sites\/5\/2024\/12\/accidente-e1733584205944.jpg","articleSection":["POLICIACA"],"inLanguage":"es"},{"@type":"WebPage","@id":"https:\/\/www.bbmnoticias.com\/labravaradiofm\/2024\/12\/07\/dos-hombres-pierden-la-vida-en-accidentes-viales-en-la-zona-huave\/","url":"https:\/\/www.bbmnoticias.com\/labravaradiofm\/2024\/12\/07\/dos-hombres-pierden-la-vida-en-accidentes-viales-en-la-zona-huave\/","name":"Dos hombres pierden la vida en accidentes viales en la zona huave - LA BRAVA RADIO","isPartOf":{"@id":"https:\/\/www.bbmnoticias.com\/labravaradiofm\/#website"},"primaryImageOfPage":{"@id":"https:\/\/www.bbmnoticias.com\/labravaradiofm\/2024\/12\/07\/dos-hombres-pierden-la-vida-en-accidentes-viales-en-la-zona-huave\/#primaryimage"},"image":{"@id":"https:\/\/www.bbmnoticias.com\/labravaradiofm\/2024\/12\/07\/dos-hombres-pierden-la-vida-en-accidentes-viales-en-la-zona-huave\/#primaryimage"},"thumbnailUrl":"https:\/\/www.bbmnoticias.com\/labravaradiofm\/wp-content\/uploads\/sites\/5\/2024\/12\/accidente-e1733584205944.jpg","datePublished":"2024-12-07T15:10:25+00:00","dateModified":"2024-12-07T15:10:29+00:00","author":{"@id":"https:\/\/www.bbmnoticias.com\/labravaradiofm\/#\/schema\/person\/68a9e9036ef3c5b55aeb2b71dc8bab45"},"breadcrumb":{"@id":"https:\/\/www.bbmnoticias.com\/labravaradiofm\/2024\/12\/07\/dos-hombres-pierden-la-vida-en-accidentes-viales-en-la-zona-huave\/#breadcrumb"},"inLanguage":"es","potentialAction":[{"@type":"ReadAction","target":["https:\/\/www.bbmnoticias.com\/labravaradiofm\/2024\/12\/07\/dos-hombres-pierden-la-vida-en-accidentes-viales-en-la-zona-huave\/"]}]},{"@type":"ImageObject","inLanguage":"es","@id":"https:\/\/www.bbmnoticias.com\/labravaradiofm\/2024\/12\/07\/dos-hombres-pierden-la-vida-en-accidentes-viales-en-la-zona-huave\/#primaryimage","url":"https:\/\/www.bbmnoticias.com\/labravaradiofm\/wp-content\/uploads\/sites\/5\/2024\/12\/accidente-e1733584205944.jpg","contentUrl":"https:\/\/www.bbmnoticias.com\/labravaradiofm\/wp-content\/uploads\/sites\/5\/2024\/12\/accidente-e1733584205944.jpg","width":864,"height":653},{"@type":"BreadcrumbList","@id":"https:\/\/www.bbmnoticias.com\/labravaradiofm\/2024\/12\/07\/dos-hombres-pierden-la-vida-en-accidentes-viales-en-la-zona-huave\/#breadcrumb","itemListElement":[{"@type":"ListItem","position":1,"name":"Inicio","item":"https:\/\/www.bbmnoticias.com\/labravaradiofm\/"},{"@type":"ListItem","position":2,"name":"Dos hombres pierden la vida en accidentes viales en la zona huave"}]},{"@type":"WebSite","@id":"https:\/\/www.bbmnoticias.com\/labravaradiofm\/#website","url":"https:\/\/www.bbmnoticias.com\/labravaradiofm\/","name":"LA BRAVA RADIO","description":"Empresa productora de medios, Radiodifusi\u00f3n, Noticias, tendencias y todo lo que necesitas saber de la pol\u00edtica mexicana e internacional; entretenimiento, espect\u00e1culos, salud y mucho m\u00e1s.","potentialAction":[{"@type":"SearchAction","target":{"@type":"EntryPoint","urlTemplate":"https:\/\/www.bbmnoticias.com\/labravaradiofm\/?s={search_term_string}"},"query-input":{"@type":"PropertyValueSpecification","valueRequired":true,"valueName":"search_term_string"}}],"inLanguage":"es"},{"@type":"Person","@id":"https:\/\/www.bbmnoticias.com\/labravaradiofm\/#\/schema\/person\/68a9e9036ef3c5b55aeb2b71dc8bab45","name":"Staff","image":{"@type":"ImageObject","inLanguage":"es","@id":"https:\/\/secure.gravatar.com\/avatar\/fdd21ad66fd8b98c407f9dee5b5e588cfe7f0d8579ec20fa6527cd59bab7f0f0?s=96&d=mm&r=g","url":"https:\/\/secure.gravatar.com\/avatar\/fdd21ad66fd8b98c407f9dee5b5e588cfe7f0d8579ec20fa6527cd59bab7f0f0?s=96&d=mm&r=g","contentUrl":"https:\/\/secure.gravatar.com\/avatar\/fdd21ad66fd8b98c407f9dee5b5e588cfe7f0d8579ec20fa6527cd59bab7f0f0?s=96&d=mm&r=g","caption":"Staff"},"url":"https:\/\/www.bbmnoticias.com\/labravaradiofm\/author\/redaccion\/"}]}},"_links":{"self":[{"href":"https:\/\/www.bbmnoticias.com\/labravaradiofm\/wp-json\/wp\/v2\/posts\/51246","targetHints":{"allow":["GET"]}}],"collection":[{"href":"https:\/\/www.bbmnoticias.com\/labravaradiofm\/wp-json\/wp\/v2\/posts"}],"about":[{"href":"https:\/\/www.bbmnoticias.com\/labravaradiofm\/wp-json\/wp\/v2\/types\/post"}],"author":[{"embeddable":true,"href":"https:\/\/www.bbmnoticias.com\/labravaradiofm\/wp-json\/wp\/v2\/users\/2"}],"replies":[{"embeddable":true,"href":"https:\/\/www.bbmnoticias.com\/labravaradiofm\/wp-json\/wp\/v2\/comments?post=51246"}],"version-history":[{"count":0,"href":"https:\/\/www.bbmnoticias.com\/labravaradiofm\/wp-json\/wp\/v2\/posts\/51246\/revisions"}],"wp:featuredmedia":[{"embeddable":true,"href":"https:\/\/www.bbmnoticias.com\/labravaradiofm\/wp-json\/wp\/v2\/media\/51247"}],"wp:attachment":[{"href":"https:\/\/www.bbmnoticias.com\/labravaradiofm\/wp-json\/wp\/v2\/media?parent=51246"}],"wp:term":[{"taxonomy":"category","embeddable":true,"href":"https:\/\/www.bbmnoticias.com\/labravaradiofm\/wp-json\/wp\/v2\/categories?post=51246"},{"taxonomy":"post_tag","embeddable":true,"href":"https:\/\/www.bbmnoticias.com\/labravaradiofm\/wp-json\/wp\/v2\/tags?post=51246"}],"curies":[{"name":"wp","href":"https:\/\/api.w.org\/{rel}","templated":true}]}}