{"id":51243,"date":"2024-12-07T08:58:05","date_gmt":"2024-12-07T14:58:05","guid":{"rendered":"https:\/\/www.bbmnoticias.com\/labravaradiofm\/?p=51243"},"modified":"2024-12-07T08:58:09","modified_gmt":"2024-12-07T14:58:09","slug":"se-incendia-deposito-militar-de-diesel-para-tren-maya-en-campeche-autoridades-no-han-informado-causas","status":"publish","type":"post","link":"https:\/\/www.bbmnoticias.com\/labravaradiofm\/2024\/12\/07\/se-incendia-deposito-militar-de-diesel-para-tren-maya-en-campeche-autoridades-no-han-informado-causas\/","title":{"rendered":"Se incendia dep\u00f3sito militar de di\u00e9sel para Tren Maya en Campeche; autoridades no han informado causas"},"content":{"rendered":"<div style=\"margin-top: 0px; margin-bottom: 0px;\" class=\"sharethis-inline-share-buttons\" ><\/div>\n<p>Un dep\u00f3sito de di\u00e9sel del <strong>Ej\u00e9rcito mexicano<\/strong>, usado para la construcci\u00f3n del <strong>Tren Maya <\/strong>se prendi\u00f3 la madrugada de este viernes en Esc\u00e1rcega, <strong>Campeche, <\/strong>por lo que se tuvo que<strong> evacuar<\/strong> a50 personas de la zona.<\/p>\n\n\n\n<p>Personal de emergencias tuvo que laborar por m\u00e1s de cuatro horas para poder controlar las llamas.<\/p>\n\n\n\n<p>Seg\u00fan informaci\u00f3n de autoridades locales, a las 5:40 horas lleg\u00f3 equipo de emergencia municipal al <strong>Centro de Acopio<\/strong> de la <strong>Secretar\u00eda de la Defensa Nacional<\/strong>, ubicado en el kil\u00f3metro 10 de la carretera Esc\u00e1rcega-Chetumal en la zona de Matamoros.<\/p>\n\n\n\n<p>El Departamento de Bomberos de Esc\u00e1rcega declar\u00f3 que el incendio se dio en un dep\u00f3sito de <strong>combustible <\/strong>(di\u00e9sel) y debido a este percance el personal fue desalojado.<\/p>\n\n\n\n<p>Mientras que la brigada interna de<strong> Protecci\u00f3n Civil <\/strong>activ\u00f3 el plan de respuesta ante emergencias y retir\u00f3 a 50 personas.<\/p>\n\n\n\n<p>El incendio se registr\u00f3 en un punto aislado, lo que impidi\u00f3 que el fuego se extendiera a otras zonas del <strong>lugar<\/strong>.<\/p>\n\n\n\n<p>Se incendia dep\u00f3sito militar de di\u00e9sel para Tren Maya en Campeche. Foto: Especial<\/p>\n\n\n\n<p>Personal operativo efectu\u00f3 labores de prevenci\u00f3n y combate del incendio, mismo que fue controlado este mismo viernes.<\/p>\n\n\n\n<p>Las labores de enfriamiento continuaron hasta esta tarde en el lugar que es usado para almacenar di\u00e9sel para la construcci\u00f3n del <strong>Tramo 7 del Tren Maya.<\/strong><\/p>\n\n\n\n<p>En la zona quedaron <strong>toneles<\/strong>, pipas, un <strong>autob\u00fas <\/strong>y maquinaria pesada calcinados. Al momento no se ha dado a conocer la causa que pudo originar el incendio, pero lo sucedido se encuentra bajo una exhaustiva investigaci\u00f3n, informaron fuentes.<\/p>\n\n\n\n<p>El \u00e1rea fue protegida por personal de<strong> Guardia Nacional <\/strong>y Defensa Nacional y no se reportaron lesionados.<\/p>\n\n\n\n<p>Hasta el momento, el Tren Maya no ha informado la causa del siniestro.<\/p>\n","protected":false},"excerpt":{"rendered":"<p>Un dep\u00f3sito de di\u00e9sel del Ej\u00e9rcito mexicano, usado para la construcci\u00f3n del Tren Maya se prendi\u00f3 la madrugada de este viernes en Esc\u00e1rcega, Campeche, por lo que se tuvo que evacuar a50 personas de la zona. Personal de emergencias tuvo que laborar por m\u00e1s de cuatro horas para poder controlar las llamas. Seg\u00fan informaci\u00f3n de [&hellip;]<\/p>\n","protected":false},"author":2,"featured_media":51244,"comment_status":"closed","ping_status":"closed","sticky":false,"template":"","format":"standard","meta":{"footnotes":""},"categories":[1025,19],"tags":[],"class_list":{"0":"post-51243","1":"post","2":"type-post","3":"status-publish","4":"format-standard","5":"has-post-thumbnail","7":"category-destacado","8":"category-nacional"},"yoast_head":"<!-- This site is optimized with the Yoast SEO plugin v27.4 - https:\/\/yoast.com\/product\/yoast-seo-wordpress\/ -->\n<title>Se incendia dep\u00f3sito militar de di\u00e9sel para Tren Maya en Campeche; autoridades no han informado causas - LA BRAVA RADIO<\/title>\n<meta name=\"robots\" content=\"index, follow, max-snippet:-1, max-image-preview:large, max-video-preview:-1\" \/>\n<link rel=\"canonical\" href=\"https:\/\/www.bbmnoticias.com\/labravaradiofm\/2024\/12\/07\/se-incendia-deposito-militar-de-diesel-para-tren-maya-en-campeche-autoridades-no-han-informado-causas\/\" \/>\n<meta property=\"og:locale\" content=\"es_MX\" \/>\n<meta property=\"og:type\" content=\"article\" \/>\n<meta property=\"og:title\" content=\"Se incendia dep\u00f3sito militar de di\u00e9sel para Tren Maya en Campeche; autoridades no han informado causas - LA BRAVA RADIO\" \/>\n<meta property=\"og:description\" content=\"Un dep\u00f3sito de di\u00e9sel del Ej\u00e9rcito mexicano, usado para la construcci\u00f3n del Tren Maya se prendi\u00f3 la madrugada de este viernes en Esc\u00e1rcega, Campeche, por lo que se tuvo que evacuar a50 personas de la zona. Personal de emergencias tuvo que laborar por m\u00e1s de cuatro horas para poder controlar las llamas. Seg\u00fan informaci\u00f3n de [&hellip;]\" \/>\n<meta property=\"og:url\" content=\"https:\/\/www.bbmnoticias.com\/labravaradiofm\/2024\/12\/07\/se-incendia-deposito-militar-de-diesel-para-tren-maya-en-campeche-autoridades-no-han-informado-causas\/\" \/>\n<meta property=\"og:site_name\" content=\"LA BRAVA RADIO\" \/>\n<meta property=\"article:published_time\" content=\"2024-12-07T14:58:05+00:00\" \/>\n<meta property=\"article:modified_time\" content=\"2024-12-07T14:58:09+00:00\" \/>\n<meta property=\"og:image\" content=\"https:\/\/www.bbmnoticias.com\/labravaradiofm\/wp-content\/uploads\/sites\/5\/2024\/12\/incendio-tren-maya.jpg\" \/>\n\t<meta property=\"og:image:width\" content=\"800\" \/>\n\t<meta property=\"og:image:height\" content=\"484\" \/>\n\t<meta property=\"og:image:type\" content=\"image\/jpeg\" \/>\n<meta name=\"author\" content=\"Staff\" \/>\n<meta name=\"twitter:card\" content=\"summary_large_image\" \/>\n<meta name=\"twitter:label1\" content=\"Escrito por\" \/>\n\t<meta name=\"twitter:data1\" content=\"Staff\" \/>\n\t<meta name=\"twitter:label2\" content=\"Tiempo de lectura\" \/>\n\t<meta name=\"twitter:data2\" content=\"2 minutos\" \/>\n<script type=\"application\/ld+json\" class=\"yoast-schema-graph\">{\"@context\":\"https:\\\/\\\/schema.org\",\"@graph\":[{\"@type\":\"Article\",\"@id\":\"https:\\\/\\\/www.bbmnoticias.com\\\/labravaradiofm\\\/2024\\\/12\\\/07\\\/se-incendia-deposito-militar-de-diesel-para-tren-maya-en-campeche-autoridades-no-han-informado-causas\\\/#article\",\"isPartOf\":{\"@id\":\"https:\\\/\\\/www.bbmnoticias.com\\\/labravaradiofm\\\/2024\\\/12\\\/07\\\/se-incendia-deposito-militar-de-diesel-para-tren-maya-en-campeche-autoridades-no-han-informado-causas\\\/\"},\"author\":{\"name\":\"Staff\",\"@id\":\"https:\\\/\\\/www.bbmnoticias.com\\\/labravaradiofm\\\/#\\\/schema\\\/person\\\/68a9e9036ef3c5b55aeb2b71dc8bab45\"},\"headline\":\"Se incendia dep\u00f3sito militar de di\u00e9sel para Tren Maya en Campeche; autoridades no han informado causas\",\"datePublished\":\"2024-12-07T14:58:05+00:00\",\"dateModified\":\"2024-12-07T14:58:09+00:00\",\"mainEntityOfPage\":{\"@id\":\"https:\\\/\\\/www.bbmnoticias.com\\\/labravaradiofm\\\/2024\\\/12\\\/07\\\/se-incendia-deposito-militar-de-diesel-para-tren-maya-en-campeche-autoridades-no-han-informado-causas\\\/\"},\"wordCount\":319,\"image\":{\"@id\":\"https:\\\/\\\/www.bbmnoticias.com\\\/labravaradiofm\\\/2024\\\/12\\\/07\\\/se-incendia-deposito-militar-de-diesel-para-tren-maya-en-campeche-autoridades-no-han-informado-causas\\\/#primaryimage\"},\"thumbnailUrl\":\"https:\\\/\\\/www.bbmnoticias.com\\\/labravaradiofm\\\/wp-content\\\/uploads\\\/sites\\\/5\\\/2024\\\/12\\\/incendio-tren-maya.jpg\",\"articleSection\":[\"DESTACADO\",\"NACIONAL\"],\"inLanguage\":\"es\"},{\"@type\":\"WebPage\",\"@id\":\"https:\\\/\\\/www.bbmnoticias.com\\\/labravaradiofm\\\/2024\\\/12\\\/07\\\/se-incendia-deposito-militar-de-diesel-para-tren-maya-en-campeche-autoridades-no-han-informado-causas\\\/\",\"url\":\"https:\\\/\\\/www.bbmnoticias.com\\\/labravaradiofm\\\/2024\\\/12\\\/07\\\/se-incendia-deposito-militar-de-diesel-para-tren-maya-en-campeche-autoridades-no-han-informado-causas\\\/\",\"name\":\"Se incendia dep\u00f3sito militar de di\u00e9sel para Tren Maya en Campeche; autoridades no han informado causas - LA BRAVA RADIO\",\"isPartOf\":{\"@id\":\"https:\\\/\\\/www.bbmnoticias.com\\\/labravaradiofm\\\/#website\"},\"primaryImageOfPage\":{\"@id\":\"https:\\\/\\\/www.bbmnoticias.com\\\/labravaradiofm\\\/2024\\\/12\\\/07\\\/se-incendia-deposito-militar-de-diesel-para-tren-maya-en-campeche-autoridades-no-han-informado-causas\\\/#primaryimage\"},\"image\":{\"@id\":\"https:\\\/\\\/www.bbmnoticias.com\\\/labravaradiofm\\\/2024\\\/12\\\/07\\\/se-incendia-deposito-militar-de-diesel-para-tren-maya-en-campeche-autoridades-no-han-informado-causas\\\/#primaryimage\"},\"thumbnailUrl\":\"https:\\\/\\\/www.bbmnoticias.com\\\/labravaradiofm\\\/wp-content\\\/uploads\\\/sites\\\/5\\\/2024\\\/12\\\/incendio-tren-maya.jpg\",\"datePublished\":\"2024-12-07T14:58:05+00:00\",\"dateModified\":\"2024-12-07T14:58:09+00:00\",\"author\":{\"@id\":\"https:\\\/\\\/www.bbmnoticias.com\\\/labravaradiofm\\\/#\\\/schema\\\/person\\\/68a9e9036ef3c5b55aeb2b71dc8bab45\"},\"breadcrumb\":{\"@id\":\"https:\\\/\\\/www.bbmnoticias.com\\\/labravaradiofm\\\/2024\\\/12\\\/07\\\/se-incendia-deposito-militar-de-diesel-para-tren-maya-en-campeche-autoridades-no-han-informado-causas\\\/#breadcrumb\"},\"inLanguage\":\"es\",\"potentialAction\":[{\"@type\":\"ReadAction\",\"target\":[\"https:\\\/\\\/www.bbmnoticias.com\\\/labravaradiofm\\\/2024\\\/12\\\/07\\\/se-incendia-deposito-militar-de-diesel-para-tren-maya-en-campeche-autoridades-no-han-informado-causas\\\/\"]}]},{\"@type\":\"ImageObject\",\"inLanguage\":\"es\",\"@id\":\"https:\\\/\\\/www.bbmnoticias.com\\\/labravaradiofm\\\/2024\\\/12\\\/07\\\/se-incendia-deposito-militar-de-diesel-para-tren-maya-en-campeche-autoridades-no-han-informado-causas\\\/#primaryimage\",\"url\":\"https:\\\/\\\/www.bbmnoticias.com\\\/labravaradiofm\\\/wp-content\\\/uploads\\\/sites\\\/5\\\/2024\\\/12\\\/incendio-tren-maya.jpg\",\"contentUrl\":\"https:\\\/\\\/www.bbmnoticias.com\\\/labravaradiofm\\\/wp-content\\\/uploads\\\/sites\\\/5\\\/2024\\\/12\\\/incendio-tren-maya.jpg\",\"width\":800,\"height\":484},{\"@type\":\"BreadcrumbList\",\"@id\":\"https:\\\/\\\/www.bbmnoticias.com\\\/labravaradiofm\\\/2024\\\/12\\\/07\\\/se-incendia-deposito-militar-de-diesel-para-tren-maya-en-campeche-autoridades-no-han-informado-causas\\\/#breadcrumb\",\"itemListElement\":[{\"@type\":\"ListItem\",\"position\":1,\"name\":\"Inicio\",\"item\":\"https:\\\/\\\/www.bbmnoticias.com\\\/labravaradiofm\\\/\"},{\"@type\":\"ListItem\",\"position\":2,\"name\":\"Se incendia dep\u00f3sito militar de di\u00e9sel para Tren Maya en Campeche; autoridades no han informado causas\"}]},{\"@type\":\"WebSite\",\"@id\":\"https:\\\/\\\/www.bbmnoticias.com\\\/labravaradiofm\\\/#website\",\"url\":\"https:\\\/\\\/www.bbmnoticias.com\\\/labravaradiofm\\\/\",\"name\":\"LA BRAVA RADIO\",\"description\":\"Empresa productora de medios, Radiodifusi\u00f3n, Noticias, tendencias y todo lo que necesitas saber de la pol\u00edtica mexicana e internacional; entretenimiento, espect\u00e1culos, salud y mucho m\u00e1s.\",\"potentialAction\":[{\"@type\":\"SearchAction\",\"target\":{\"@type\":\"EntryPoint\",\"urlTemplate\":\"https:\\\/\\\/www.bbmnoticias.com\\\/labravaradiofm\\\/?s={search_term_string}\"},\"query-input\":{\"@type\":\"PropertyValueSpecification\",\"valueRequired\":true,\"valueName\":\"search_term_string\"}}],\"inLanguage\":\"es\"},{\"@type\":\"Person\",\"@id\":\"https:\\\/\\\/www.bbmnoticias.com\\\/labravaradiofm\\\/#\\\/schema\\\/person\\\/68a9e9036ef3c5b55aeb2b71dc8bab45\",\"name\":\"Staff\",\"image\":{\"@type\":\"ImageObject\",\"inLanguage\":\"es\",\"@id\":\"https:\\\/\\\/secure.gravatar.com\\\/avatar\\\/fdd21ad66fd8b98c407f9dee5b5e588cfe7f0d8579ec20fa6527cd59bab7f0f0?s=96&d=mm&r=g\",\"url\":\"https:\\\/\\\/secure.gravatar.com\\\/avatar\\\/fdd21ad66fd8b98c407f9dee5b5e588cfe7f0d8579ec20fa6527cd59bab7f0f0?s=96&d=mm&r=g\",\"contentUrl\":\"https:\\\/\\\/secure.gravatar.com\\\/avatar\\\/fdd21ad66fd8b98c407f9dee5b5e588cfe7f0d8579ec20fa6527cd59bab7f0f0?s=96&d=mm&r=g\",\"caption\":\"Staff\"},\"url\":\"https:\\\/\\\/www.bbmnoticias.com\\\/labravaradiofm\\\/author\\\/redaccion\\\/\"}]}<\/script>\n<!-- \/ Yoast SEO plugin. -->","yoast_head_json":{"title":"Se incendia dep\u00f3sito militar de di\u00e9sel para Tren Maya en Campeche; autoridades no han informado causas - LA BRAVA RADIO","robots":{"index":"index","follow":"follow","max-snippet":"max-snippet:-1","max-image-preview":"max-image-preview:large","max-video-preview":"max-video-preview:-1"},"canonical":"https:\/\/www.bbmnoticias.com\/labravaradiofm\/2024\/12\/07\/se-incendia-deposito-militar-de-diesel-para-tren-maya-en-campeche-autoridades-no-han-informado-causas\/","og_locale":"es_MX","og_type":"article","og_title":"Se incendia dep\u00f3sito militar de di\u00e9sel para Tren Maya en Campeche; autoridades no han informado causas - LA BRAVA RADIO","og_description":"Un dep\u00f3sito de di\u00e9sel del Ej\u00e9rcito mexicano, usado para la construcci\u00f3n del Tren Maya se prendi\u00f3 la madrugada de este viernes en Esc\u00e1rcega, Campeche, por lo que se tuvo que evacuar a50 personas de la zona. Personal de emergencias tuvo que laborar por m\u00e1s de cuatro horas para poder controlar las llamas. Seg\u00fan informaci\u00f3n de [&hellip;]","og_url":"https:\/\/www.bbmnoticias.com\/labravaradiofm\/2024\/12\/07\/se-incendia-deposito-militar-de-diesel-para-tren-maya-en-campeche-autoridades-no-han-informado-causas\/","og_site_name":"LA BRAVA RADIO","article_published_time":"2024-12-07T14:58:05+00:00","article_modified_time":"2024-12-07T14:58:09+00:00","og_image":[{"width":800,"height":484,"url":"https:\/\/www.bbmnoticias.com\/labravaradiofm\/wp-content\/uploads\/sites\/5\/2024\/12\/incendio-tren-maya.jpg","type":"image\/jpeg"}],"author":"Staff","twitter_card":"summary_large_image","twitter_misc":{"Escrito por":"Staff","Tiempo de lectura":"2 minutos"},"schema":{"@context":"https:\/\/schema.org","@graph":[{"@type":"Article","@id":"https:\/\/www.bbmnoticias.com\/labravaradiofm\/2024\/12\/07\/se-incendia-deposito-militar-de-diesel-para-tren-maya-en-campeche-autoridades-no-han-informado-causas\/#article","isPartOf":{"@id":"https:\/\/www.bbmnoticias.com\/labravaradiofm\/2024\/12\/07\/se-incendia-deposito-militar-de-diesel-para-tren-maya-en-campeche-autoridades-no-han-informado-causas\/"},"author":{"name":"Staff","@id":"https:\/\/www.bbmnoticias.com\/labravaradiofm\/#\/schema\/person\/68a9e9036ef3c5b55aeb2b71dc8bab45"},"headline":"Se incendia dep\u00f3sito militar de di\u00e9sel para Tren Maya en Campeche; autoridades no han informado causas","datePublished":"2024-12-07T14:58:05+00:00","dateModified":"2024-12-07T14:58:09+00:00","mainEntityOfPage":{"@id":"https:\/\/www.bbmnoticias.com\/labravaradiofm\/2024\/12\/07\/se-incendia-deposito-militar-de-diesel-para-tren-maya-en-campeche-autoridades-no-han-informado-causas\/"},"wordCount":319,"image":{"@id":"https:\/\/www.bbmnoticias.com\/labravaradiofm\/2024\/12\/07\/se-incendia-deposito-militar-de-diesel-para-tren-maya-en-campeche-autoridades-no-han-informado-causas\/#primaryimage"},"thumbnailUrl":"https:\/\/www.bbmnoticias.com\/labravaradiofm\/wp-content\/uploads\/sites\/5\/2024\/12\/incendio-tren-maya.jpg","articleSection":["DESTACADO","NACIONAL"],"inLanguage":"es"},{"@type":"WebPage","@id":"https:\/\/www.bbmnoticias.com\/labravaradiofm\/2024\/12\/07\/se-incendia-deposito-militar-de-diesel-para-tren-maya-en-campeche-autoridades-no-han-informado-causas\/","url":"https:\/\/www.bbmnoticias.com\/labravaradiofm\/2024\/12\/07\/se-incendia-deposito-militar-de-diesel-para-tren-maya-en-campeche-autoridades-no-han-informado-causas\/","name":"Se incendia dep\u00f3sito militar de di\u00e9sel para Tren Maya en Campeche; autoridades no han informado causas - LA BRAVA RADIO","isPartOf":{"@id":"https:\/\/www.bbmnoticias.com\/labravaradiofm\/#website"},"primaryImageOfPage":{"@id":"https:\/\/www.bbmnoticias.com\/labravaradiofm\/2024\/12\/07\/se-incendia-deposito-militar-de-diesel-para-tren-maya-en-campeche-autoridades-no-han-informado-causas\/#primaryimage"},"image":{"@id":"https:\/\/www.bbmnoticias.com\/labravaradiofm\/2024\/12\/07\/se-incendia-deposito-militar-de-diesel-para-tren-maya-en-campeche-autoridades-no-han-informado-causas\/#primaryimage"},"thumbnailUrl":"https:\/\/www.bbmnoticias.com\/labravaradiofm\/wp-content\/uploads\/sites\/5\/2024\/12\/incendio-tren-maya.jpg","datePublished":"2024-12-07T14:58:05+00:00","dateModified":"2024-12-07T14:58:09+00:00","author":{"@id":"https:\/\/www.bbmnoticias.com\/labravaradiofm\/#\/schema\/person\/68a9e9036ef3c5b55aeb2b71dc8bab45"},"breadcrumb":{"@id":"https:\/\/www.bbmnoticias.com\/labravaradiofm\/2024\/12\/07\/se-incendia-deposito-militar-de-diesel-para-tren-maya-en-campeche-autoridades-no-han-informado-causas\/#breadcrumb"},"inLanguage":"es","potentialAction":[{"@type":"ReadAction","target":["https:\/\/www.bbmnoticias.com\/labravaradiofm\/2024\/12\/07\/se-incendia-deposito-militar-de-diesel-para-tren-maya-en-campeche-autoridades-no-han-informado-causas\/"]}]},{"@type":"ImageObject","inLanguage":"es","@id":"https:\/\/www.bbmnoticias.com\/labravaradiofm\/2024\/12\/07\/se-incendia-deposito-militar-de-diesel-para-tren-maya-en-campeche-autoridades-no-han-informado-causas\/#primaryimage","url":"https:\/\/www.bbmnoticias.com\/labravaradiofm\/wp-content\/uploads\/sites\/5\/2024\/12\/incendio-tren-maya.jpg","contentUrl":"https:\/\/www.bbmnoticias.com\/labravaradiofm\/wp-content\/uploads\/sites\/5\/2024\/12\/incendio-tren-maya.jpg","width":800,"height":484},{"@type":"BreadcrumbList","@id":"https:\/\/www.bbmnoticias.com\/labravaradiofm\/2024\/12\/07\/se-incendia-deposito-militar-de-diesel-para-tren-maya-en-campeche-autoridades-no-han-informado-causas\/#breadcrumb","itemListElement":[{"@type":"ListItem","position":1,"name":"Inicio","item":"https:\/\/www.bbmnoticias.com\/labravaradiofm\/"},{"@type":"ListItem","position":2,"name":"Se incendia dep\u00f3sito militar de di\u00e9sel para Tren Maya en Campeche; autoridades no han informado causas"}]},{"@type":"WebSite","@id":"https:\/\/www.bbmnoticias.com\/labravaradiofm\/#website","url":"https:\/\/www.bbmnoticias.com\/labravaradiofm\/","name":"LA BRAVA RADIO","description":"Empresa productora de medios, Radiodifusi\u00f3n, Noticias, tendencias y todo lo que necesitas saber de la pol\u00edtica mexicana e internacional; entretenimiento, espect\u00e1culos, salud y mucho m\u00e1s.","potentialAction":[{"@type":"SearchAction","target":{"@type":"EntryPoint","urlTemplate":"https:\/\/www.bbmnoticias.com\/labravaradiofm\/?s={search_term_string}"},"query-input":{"@type":"PropertyValueSpecification","valueRequired":true,"valueName":"search_term_string"}}],"inLanguage":"es"},{"@type":"Person","@id":"https:\/\/www.bbmnoticias.com\/labravaradiofm\/#\/schema\/person\/68a9e9036ef3c5b55aeb2b71dc8bab45","name":"Staff","image":{"@type":"ImageObject","inLanguage":"es","@id":"https:\/\/secure.gravatar.com\/avatar\/fdd21ad66fd8b98c407f9dee5b5e588cfe7f0d8579ec20fa6527cd59bab7f0f0?s=96&d=mm&r=g","url":"https:\/\/secure.gravatar.com\/avatar\/fdd21ad66fd8b98c407f9dee5b5e588cfe7f0d8579ec20fa6527cd59bab7f0f0?s=96&d=mm&r=g","contentUrl":"https:\/\/secure.gravatar.com\/avatar\/fdd21ad66fd8b98c407f9dee5b5e588cfe7f0d8579ec20fa6527cd59bab7f0f0?s=96&d=mm&r=g","caption":"Staff"},"url":"https:\/\/www.bbmnoticias.com\/labravaradiofm\/author\/redaccion\/"}]}},"_links":{"self":[{"href":"https:\/\/www.bbmnoticias.com\/labravaradiofm\/wp-json\/wp\/v2\/posts\/51243","targetHints":{"allow":["GET"]}}],"collection":[{"href":"https:\/\/www.bbmnoticias.com\/labravaradiofm\/wp-json\/wp\/v2\/posts"}],"about":[{"href":"https:\/\/www.bbmnoticias.com\/labravaradiofm\/wp-json\/wp\/v2\/types\/post"}],"author":[{"embeddable":true,"href":"https:\/\/www.bbmnoticias.com\/labravaradiofm\/wp-json\/wp\/v2\/users\/2"}],"replies":[{"embeddable":true,"href":"https:\/\/www.bbmnoticias.com\/labravaradiofm\/wp-json\/wp\/v2\/comments?post=51243"}],"version-history":[{"count":0,"href":"https:\/\/www.bbmnoticias.com\/labravaradiofm\/wp-json\/wp\/v2\/posts\/51243\/revisions"}],"wp:featuredmedia":[{"embeddable":true,"href":"https:\/\/www.bbmnoticias.com\/labravaradiofm\/wp-json\/wp\/v2\/media\/51244"}],"wp:attachment":[{"href":"https:\/\/www.bbmnoticias.com\/labravaradiofm\/wp-json\/wp\/v2\/media?parent=51243"}],"wp:term":[{"taxonomy":"category","embeddable":true,"href":"https:\/\/www.bbmnoticias.com\/labravaradiofm\/wp-json\/wp\/v2\/categories?post=51243"},{"taxonomy":"post_tag","embeddable":true,"href":"https:\/\/www.bbmnoticias.com\/labravaradiofm\/wp-json\/wp\/v2\/tags?post=51243"}],"curies":[{"name":"wp","href":"https:\/\/api.w.org\/{rel}","templated":true}]}}