{"id":51228,"date":"2024-12-06T15:32:31","date_gmt":"2024-12-06T21:32:31","guid":{"rendered":"https:\/\/www.bbmnoticias.com\/labravaradiofm\/?p=51228"},"modified":"2024-12-06T15:32:36","modified_gmt":"2024-12-06T21:32:36","slug":"revelan-las-primeras-imagenes-de-christian-n-agresor-de-melanie-tras-su-detencion","status":"publish","type":"post","link":"https:\/\/www.bbmnoticias.com\/labravaradiofm\/2024\/12\/06\/revelan-las-primeras-imagenes-de-christian-n-agresor-de-melanie-tras-su-detencion\/","title":{"rendered":"Revelan las primeras im\u00e1genes de Christian &#8220;N&#8221;, agresor de Melanie, tras su detenci\u00f3n"},"content":{"rendered":"<div style=\"margin-top: 0px; margin-bottom: 0px;\" class=\"sharethis-inline-share-buttons\" ><\/div>\n<p>La tarde de este viernes 6 de diciembre se revelaron las primeras im\u00e1genes de <strong>Christian &#8220;N&#8221;, <\/strong>presunto agresor de la estudiante <strong>Melanie Barrag\u00e1n,<\/strong> luego de ser detenido en el municipio de Escobedo durante un operativo encabezado por Polic\u00edas de Investigaci\u00f3n (PDI) de la Fiscal\u00eda General del <strong>Estado de Nuevo Le\u00f3n.\u00a0<\/strong><\/p>\n\n\n\n<p>El implicado de 24 a\u00f1os de edad es acusado de una violenta agresi\u00f3n contra la estudiante de la Universidad Aut\u00f3noma de Tamaulioas (UAT) el pasado 31 de octubre tras acudir a una fiesta de disfraces para celebrar <strong>Halloween.\u00a0<\/strong>Una c\u00e1mara de seguridad capt\u00f3 el momento en que el sujeto violentaba a la joven mexicana pero una amiga de la v\u00edctima, identificada como Danna se interpuso para <strong>detener los golpes.\u00a0<\/strong><\/p>\n\n\n\n<p>Fue el fiscal de Tamaulipas, Irving Barrios Mojica quien confirm\u00f3 que la aprehensi\u00f3n de <strong>Christian &#8220;N&#8221;<\/strong> fue debido a los trabajos de inteligencia en conjunto&nbsp;con el gobierno de Nuevo Le\u00f3n,&nbsp;por lo que ser\u00e1 puesto a disposici\u00f3n de&nbsp;la autoridad competente. Por su parte colectivas feministas esperan no solamente una investigaci\u00f3n con perspectiva de g\u00e9nero, tambi\u00e9n que el implicado sea juzgado por el <strong>delito de tentativa de feminicidio.&nbsp;<\/strong><\/p>\n\n\n\n<figure class=\"wp-block-pullquote\"><blockquote><p>&#8220;No\u00a0habr\u00e1 impunidad para quienes atentan contra las mujeres tamaulipecas&#8221;, sentenci\u00f3 Irving Barrios en su cuenta oficial de X (antes conocido como Twitter)\u00a0<\/p><\/blockquote><\/figure>\n\n\n\n<figure class=\"wp-block-image\"><img decoding=\"async\" src=\"https:\/\/heraldodemexico.com.mx\/u\/fotografias\/m\/2024\/12\/6\/f768x1-1053683_1053810_5050.jpeg\" alt=\"\"\/><figcaption class=\"wp-element-caption\">El implicado le pidi\u00f3 a Melanie piedad por \u00e9l y quitar los cargos&nbsp;<br>Foto: FGE<\/figcaption><\/figure>\n\n\n\n<h2 class=\"wp-block-heading\">As\u00ed fue detenido Christian &#8220;N&#8221; en Escobedo, Nuevo Le\u00f3n<\/h2>\n\n\n\n<p>Alrededor de las 14:52 horas, la Fiscal\u00eda General del Estado (FGE)&nbsp;de Nuevo Le\u00f3n inform\u00f3 sobre la detenci\u00f3n de Christian &#8220;N&#8221; en <strong>el municipio de Escobedo<\/strong>, por lo que siguiendo un protocolo de seguridad fue entregado a las<strong> autoridades de Tamaulipas<\/strong> y trasladado hacia&nbsp;Ciudad Madero para ser presentado ante el juez que lleva la causa.<\/p>\n\n\n\n<p>Derivado de la agresi\u00f3n del pasado 31 de octubre, <strong>Melanie de Jes\u00fas Barrag\u00e1n<\/strong> sufri\u00f3 \u00a0graves heridas en el ojo izquierdo, mand\u00edbula, nariz y en otras partes del cuerpo, por lo cual hubo de permanecer hospitalizada durante varios d\u00edas para ser intervenida quir\u00fargicamente y recuperarse de las heridas.<\/p>\n\n\n\n<p>De acuerdo con la dependencia de Nuevo Le\u00f3n,&nbsp;llevaron a su ubicaci\u00f3n en la <strong>colonia Fernando Amilpa, <\/strong>en el municipio de Escobedo, a 14 kil\u00f3metros de la capital Monterrey.&nbsp;El sujeto fue detenido en flagrancia <strong>por delito contra la salud, <\/strong>en espera de materializar la colaboraci\u00f3n con Tamaulipas.&nbsp;<\/p>\n\n\n\n<figure class=\"wp-block-image\"><img decoding=\"async\" src=\"https:\/\/heraldodemexico.com.mx\/u\/fotografias\/m\/2024\/12\/6\/f768x1-1053687_1053814_5050.jpeg\" alt=\"\"\/><figcaption class=\"wp-element-caption\">El joven se encontraba en Escobedo, Nuevo Le\u00f3n<br>Foto: FGE<\/figcaption><\/figure>\n\n\n\n<h2 class=\"wp-block-heading\">&#8220;La pena m\u00e1xima, que pague por todo&#8221;: mam\u00e1 de Melanie tras detenci\u00f3n de Christian<\/h2>\n\n\n\n<p>En entrevista con&nbsp;Lupita Ju\u00e1rez&nbsp;para <strong>&#8220;Noticias de la Tarde&#8221; de&nbsp;El Heraldo Televisi\u00f3n<\/strong>&nbsp;que se transmite mediante la se\u00f1al de&nbsp;El Heraldo Media Group, la madre de Melanie,&nbsp;Socorro Guzm\u00e1n Elorza, inform\u00f3 que la joven a\u00fan no se entera de la noticia de la detenci\u00f3n debido a que se encuentra recuper\u00e1ndose de las intervenciones quir\u00fargicas.&nbsp;<\/p>\n\n\n\n<figure class=\"wp-block-pullquote\"><blockquote><p>&#8220;La pena m\u00e1xima, que pague por todo&#8221;, pidi\u00f3\u00a0Socorro Guzm\u00e1n Elorza en las pantallas de El Heraldo Televisi\u00f3n<\/p><\/blockquote><\/figure>\n\n\n\n<p>Refiri\u00f3 que su hija se encuentra desinflamandose y que tuvo que ser intervenida por las&nbsp;fracturas, al ser cuestionada sobre si pens\u00f3 que&nbsp;<strong>Christian &#8220;N&#8221;&nbsp;<\/strong>ser\u00eda capaz de lastimar as\u00ed a su hija cuando lo conoci\u00f3 dijo que<strong>&nbsp;&#8220;caras vemos, almas no sabemos&#8221; <\/strong>y al preguntarle cu\u00e1l deber\u00eda ser el castigo que deber\u00eda recibir la expareja de&nbsp;Melanie&nbsp;dijo que deb\u00eda estar en prisi\u00f3n.<\/p>\n","protected":false},"excerpt":{"rendered":"<p>La tarde de este viernes 6 de diciembre se revelaron las primeras im\u00e1genes de Christian &#8220;N&#8221;, presunto agresor de la estudiante Melanie Barrag\u00e1n, luego de ser detenido en el municipio de Escobedo durante un operativo encabezado por Polic\u00edas de Investigaci\u00f3n (PDI) de la Fiscal\u00eda General del Estado de Nuevo Le\u00f3n.\u00a0 El implicado de 24 a\u00f1os [&hellip;]<\/p>\n","protected":false},"author":4,"featured_media":51229,"comment_status":"closed","ping_status":"closed","sticky":false,"template":"","format":"standard","meta":{"footnotes":""},"categories":[1025,19],"tags":[],"class_list":{"0":"post-51228","1":"post","2":"type-post","3":"status-publish","4":"format-standard","5":"has-post-thumbnail","7":"category-destacado","8":"category-nacional"},"yoast_head":"<!-- This site is optimized with the Yoast SEO plugin v27.4 - https:\/\/yoast.com\/product\/yoast-seo-wordpress\/ -->\n<title>Revelan las primeras im\u00e1genes de Christian &quot;N&quot;, agresor de Melanie, tras su detenci\u00f3n - LA BRAVA RADIO<\/title>\n<meta name=\"robots\" content=\"index, follow, max-snippet:-1, max-image-preview:large, max-video-preview:-1\" \/>\n<link rel=\"canonical\" href=\"https:\/\/www.bbmnoticias.com\/labravaradiofm\/2024\/12\/06\/revelan-las-primeras-imagenes-de-christian-n-agresor-de-melanie-tras-su-detencion\/\" \/>\n<meta property=\"og:locale\" content=\"es_MX\" \/>\n<meta property=\"og:type\" content=\"article\" \/>\n<meta property=\"og:title\" content=\"Revelan las primeras im\u00e1genes de Christian &quot;N&quot;, agresor de Melanie, tras su detenci\u00f3n - LA BRAVA RADIO\" \/>\n<meta property=\"og:description\" content=\"La tarde de este viernes 6 de diciembre se revelaron las primeras im\u00e1genes de Christian &#8220;N&#8221;, presunto agresor de la estudiante Melanie Barrag\u00e1n, luego de ser detenido en el municipio de Escobedo durante un operativo encabezado por Polic\u00edas de Investigaci\u00f3n (PDI) de la Fiscal\u00eda General del Estado de Nuevo Le\u00f3n.\u00a0 El implicado de 24 a\u00f1os [&hellip;]\" \/>\n<meta property=\"og:url\" content=\"https:\/\/www.bbmnoticias.com\/labravaradiofm\/2024\/12\/06\/revelan-las-primeras-imagenes-de-christian-n-agresor-de-melanie-tras-su-detencion\/\" \/>\n<meta property=\"og:site_name\" content=\"LA BRAVA RADIO\" \/>\n<meta property=\"article:published_time\" content=\"2024-12-06T21:32:31+00:00\" \/>\n<meta property=\"article:modified_time\" content=\"2024-12-06T21:32:36+00:00\" \/>\n<meta property=\"og:image\" content=\"https:\/\/www.bbmnoticias.com\/labravaradiofm\/wp-content\/uploads\/sites\/5\/2024\/12\/christian-n.jpg\" \/>\n\t<meta property=\"og:image:width\" content=\"848\" \/>\n\t<meta property=\"og:image:height\" content=\"477\" \/>\n\t<meta property=\"og:image:type\" content=\"image\/jpeg\" \/>\n<meta name=\"author\" content=\"Agencias\" \/>\n<meta name=\"twitter:card\" content=\"summary_large_image\" \/>\n<meta name=\"twitter:label1\" content=\"Escrito por\" \/>\n\t<meta name=\"twitter:data1\" content=\"Agencias\" \/>\n\t<meta name=\"twitter:label2\" content=\"Tiempo de lectura\" \/>\n\t<meta name=\"twitter:data2\" content=\"3 minutos\" \/>\n<script type=\"application\/ld+json\" class=\"yoast-schema-graph\">{\"@context\":\"https:\\\/\\\/schema.org\",\"@graph\":[{\"@type\":\"Article\",\"@id\":\"https:\\\/\\\/www.bbmnoticias.com\\\/labravaradiofm\\\/2024\\\/12\\\/06\\\/revelan-las-primeras-imagenes-de-christian-n-agresor-de-melanie-tras-su-detencion\\\/#article\",\"isPartOf\":{\"@id\":\"https:\\\/\\\/www.bbmnoticias.com\\\/labravaradiofm\\\/2024\\\/12\\\/06\\\/revelan-las-primeras-imagenes-de-christian-n-agresor-de-melanie-tras-su-detencion\\\/\"},\"author\":{\"name\":\"Agencias\",\"@id\":\"https:\\\/\\\/www.bbmnoticias.com\\\/labravaradiofm\\\/#\\\/schema\\\/person\\\/000bdaf0a8fb5bff0d537c4d0778e33f\"},\"headline\":\"Revelan las primeras im\u00e1genes de Christian &#8220;N&#8221;, agresor de Melanie, tras su detenci\u00f3n\",\"datePublished\":\"2024-12-06T21:32:31+00:00\",\"dateModified\":\"2024-12-06T21:32:36+00:00\",\"mainEntityOfPage\":{\"@id\":\"https:\\\/\\\/www.bbmnoticias.com\\\/labravaradiofm\\\/2024\\\/12\\\/06\\\/revelan-las-primeras-imagenes-de-christian-n-agresor-de-melanie-tras-su-detencion\\\/\"},\"wordCount\":630,\"image\":{\"@id\":\"https:\\\/\\\/www.bbmnoticias.com\\\/labravaradiofm\\\/2024\\\/12\\\/06\\\/revelan-las-primeras-imagenes-de-christian-n-agresor-de-melanie-tras-su-detencion\\\/#primaryimage\"},\"thumbnailUrl\":\"https:\\\/\\\/www.bbmnoticias.com\\\/labravaradiofm\\\/wp-content\\\/uploads\\\/sites\\\/5\\\/2024\\\/12\\\/christian-n.jpg\",\"articleSection\":[\"DESTACADO\",\"NACIONAL\"],\"inLanguage\":\"es\"},{\"@type\":\"WebPage\",\"@id\":\"https:\\\/\\\/www.bbmnoticias.com\\\/labravaradiofm\\\/2024\\\/12\\\/06\\\/revelan-las-primeras-imagenes-de-christian-n-agresor-de-melanie-tras-su-detencion\\\/\",\"url\":\"https:\\\/\\\/www.bbmnoticias.com\\\/labravaradiofm\\\/2024\\\/12\\\/06\\\/revelan-las-primeras-imagenes-de-christian-n-agresor-de-melanie-tras-su-detencion\\\/\",\"name\":\"Revelan las primeras im\u00e1genes de Christian \\\"N\\\", agresor de Melanie, tras su detenci\u00f3n - LA BRAVA RADIO\",\"isPartOf\":{\"@id\":\"https:\\\/\\\/www.bbmnoticias.com\\\/labravaradiofm\\\/#website\"},\"primaryImageOfPage\":{\"@id\":\"https:\\\/\\\/www.bbmnoticias.com\\\/labravaradiofm\\\/2024\\\/12\\\/06\\\/revelan-las-primeras-imagenes-de-christian-n-agresor-de-melanie-tras-su-detencion\\\/#primaryimage\"},\"image\":{\"@id\":\"https:\\\/\\\/www.bbmnoticias.com\\\/labravaradiofm\\\/2024\\\/12\\\/06\\\/revelan-las-primeras-imagenes-de-christian-n-agresor-de-melanie-tras-su-detencion\\\/#primaryimage\"},\"thumbnailUrl\":\"https:\\\/\\\/www.bbmnoticias.com\\\/labravaradiofm\\\/wp-content\\\/uploads\\\/sites\\\/5\\\/2024\\\/12\\\/christian-n.jpg\",\"datePublished\":\"2024-12-06T21:32:31+00:00\",\"dateModified\":\"2024-12-06T21:32:36+00:00\",\"author\":{\"@id\":\"https:\\\/\\\/www.bbmnoticias.com\\\/labravaradiofm\\\/#\\\/schema\\\/person\\\/000bdaf0a8fb5bff0d537c4d0778e33f\"},\"breadcrumb\":{\"@id\":\"https:\\\/\\\/www.bbmnoticias.com\\\/labravaradiofm\\\/2024\\\/12\\\/06\\\/revelan-las-primeras-imagenes-de-christian-n-agresor-de-melanie-tras-su-detencion\\\/#breadcrumb\"},\"inLanguage\":\"es\",\"potentialAction\":[{\"@type\":\"ReadAction\",\"target\":[\"https:\\\/\\\/www.bbmnoticias.com\\\/labravaradiofm\\\/2024\\\/12\\\/06\\\/revelan-las-primeras-imagenes-de-christian-n-agresor-de-melanie-tras-su-detencion\\\/\"]}]},{\"@type\":\"ImageObject\",\"inLanguage\":\"es\",\"@id\":\"https:\\\/\\\/www.bbmnoticias.com\\\/labravaradiofm\\\/2024\\\/12\\\/06\\\/revelan-las-primeras-imagenes-de-christian-n-agresor-de-melanie-tras-su-detencion\\\/#primaryimage\",\"url\":\"https:\\\/\\\/www.bbmnoticias.com\\\/labravaradiofm\\\/wp-content\\\/uploads\\\/sites\\\/5\\\/2024\\\/12\\\/christian-n.jpg\",\"contentUrl\":\"https:\\\/\\\/www.bbmnoticias.com\\\/labravaradiofm\\\/wp-content\\\/uploads\\\/sites\\\/5\\\/2024\\\/12\\\/christian-n.jpg\",\"width\":848,\"height\":477},{\"@type\":\"BreadcrumbList\",\"@id\":\"https:\\\/\\\/www.bbmnoticias.com\\\/labravaradiofm\\\/2024\\\/12\\\/06\\\/revelan-las-primeras-imagenes-de-christian-n-agresor-de-melanie-tras-su-detencion\\\/#breadcrumb\",\"itemListElement\":[{\"@type\":\"ListItem\",\"position\":1,\"name\":\"Inicio\",\"item\":\"https:\\\/\\\/www.bbmnoticias.com\\\/labravaradiofm\\\/\"},{\"@type\":\"ListItem\",\"position\":2,\"name\":\"Revelan las primeras im\u00e1genes de Christian &#8220;N&#8221;, agresor de Melanie, tras su detenci\u00f3n\"}]},{\"@type\":\"WebSite\",\"@id\":\"https:\\\/\\\/www.bbmnoticias.com\\\/labravaradiofm\\\/#website\",\"url\":\"https:\\\/\\\/www.bbmnoticias.com\\\/labravaradiofm\\\/\",\"name\":\"LA BRAVA RADIO\",\"description\":\"Empresa productora de medios, Radiodifusi\u00f3n, Noticias, tendencias y todo lo que necesitas saber de la pol\u00edtica mexicana e internacional; entretenimiento, espect\u00e1culos, salud y mucho m\u00e1s.\",\"potentialAction\":[{\"@type\":\"SearchAction\",\"target\":{\"@type\":\"EntryPoint\",\"urlTemplate\":\"https:\\\/\\\/www.bbmnoticias.com\\\/labravaradiofm\\\/?s={search_term_string}\"},\"query-input\":{\"@type\":\"PropertyValueSpecification\",\"valueRequired\":true,\"valueName\":\"search_term_string\"}}],\"inLanguage\":\"es\"},{\"@type\":\"Person\",\"@id\":\"https:\\\/\\\/www.bbmnoticias.com\\\/labravaradiofm\\\/#\\\/schema\\\/person\\\/000bdaf0a8fb5bff0d537c4d0778e33f\",\"name\":\"Agencias\",\"image\":{\"@type\":\"ImageObject\",\"inLanguage\":\"es\",\"@id\":\"https:\\\/\\\/secure.gravatar.com\\\/avatar\\\/739e0b61adf9e398b425c36718c8752286da0e8cd90f20ce9a86678abc26aa0d?s=96&d=mm&r=g\",\"url\":\"https:\\\/\\\/secure.gravatar.com\\\/avatar\\\/739e0b61adf9e398b425c36718c8752286da0e8cd90f20ce9a86678abc26aa0d?s=96&d=mm&r=g\",\"contentUrl\":\"https:\\\/\\\/secure.gravatar.com\\\/avatar\\\/739e0b61adf9e398b425c36718c8752286da0e8cd90f20ce9a86678abc26aa0d?s=96&d=mm&r=g\",\"caption\":\"Agencias\"},\"url\":\"https:\\\/\\\/www.bbmnoticias.com\\\/labravaradiofm\\\/author\\\/agencias\\\/\"}]}<\/script>\n<!-- \/ Yoast SEO plugin. -->","yoast_head_json":{"title":"Revelan las primeras im\u00e1genes de Christian \"N\", agresor de Melanie, tras su detenci\u00f3n - LA BRAVA RADIO","robots":{"index":"index","follow":"follow","max-snippet":"max-snippet:-1","max-image-preview":"max-image-preview:large","max-video-preview":"max-video-preview:-1"},"canonical":"https:\/\/www.bbmnoticias.com\/labravaradiofm\/2024\/12\/06\/revelan-las-primeras-imagenes-de-christian-n-agresor-de-melanie-tras-su-detencion\/","og_locale":"es_MX","og_type":"article","og_title":"Revelan las primeras im\u00e1genes de Christian \"N\", agresor de Melanie, tras su detenci\u00f3n - LA BRAVA RADIO","og_description":"La tarde de este viernes 6 de diciembre se revelaron las primeras im\u00e1genes de Christian &#8220;N&#8221;, presunto agresor de la estudiante Melanie Barrag\u00e1n, luego de ser detenido en el municipio de Escobedo durante un operativo encabezado por Polic\u00edas de Investigaci\u00f3n (PDI) de la Fiscal\u00eda General del Estado de Nuevo Le\u00f3n.\u00a0 El implicado de 24 a\u00f1os [&hellip;]","og_url":"https:\/\/www.bbmnoticias.com\/labravaradiofm\/2024\/12\/06\/revelan-las-primeras-imagenes-de-christian-n-agresor-de-melanie-tras-su-detencion\/","og_site_name":"LA BRAVA RADIO","article_published_time":"2024-12-06T21:32:31+00:00","article_modified_time":"2024-12-06T21:32:36+00:00","og_image":[{"width":848,"height":477,"url":"https:\/\/www.bbmnoticias.com\/labravaradiofm\/wp-content\/uploads\/sites\/5\/2024\/12\/christian-n.jpg","type":"image\/jpeg"}],"author":"Agencias","twitter_card":"summary_large_image","twitter_misc":{"Escrito por":"Agencias","Tiempo de lectura":"3 minutos"},"schema":{"@context":"https:\/\/schema.org","@graph":[{"@type":"Article","@id":"https:\/\/www.bbmnoticias.com\/labravaradiofm\/2024\/12\/06\/revelan-las-primeras-imagenes-de-christian-n-agresor-de-melanie-tras-su-detencion\/#article","isPartOf":{"@id":"https:\/\/www.bbmnoticias.com\/labravaradiofm\/2024\/12\/06\/revelan-las-primeras-imagenes-de-christian-n-agresor-de-melanie-tras-su-detencion\/"},"author":{"name":"Agencias","@id":"https:\/\/www.bbmnoticias.com\/labravaradiofm\/#\/schema\/person\/000bdaf0a8fb5bff0d537c4d0778e33f"},"headline":"Revelan las primeras im\u00e1genes de Christian &#8220;N&#8221;, agresor de Melanie, tras su detenci\u00f3n","datePublished":"2024-12-06T21:32:31+00:00","dateModified":"2024-12-06T21:32:36+00:00","mainEntityOfPage":{"@id":"https:\/\/www.bbmnoticias.com\/labravaradiofm\/2024\/12\/06\/revelan-las-primeras-imagenes-de-christian-n-agresor-de-melanie-tras-su-detencion\/"},"wordCount":630,"image":{"@id":"https:\/\/www.bbmnoticias.com\/labravaradiofm\/2024\/12\/06\/revelan-las-primeras-imagenes-de-christian-n-agresor-de-melanie-tras-su-detencion\/#primaryimage"},"thumbnailUrl":"https:\/\/www.bbmnoticias.com\/labravaradiofm\/wp-content\/uploads\/sites\/5\/2024\/12\/christian-n.jpg","articleSection":["DESTACADO","NACIONAL"],"inLanguage":"es"},{"@type":"WebPage","@id":"https:\/\/www.bbmnoticias.com\/labravaradiofm\/2024\/12\/06\/revelan-las-primeras-imagenes-de-christian-n-agresor-de-melanie-tras-su-detencion\/","url":"https:\/\/www.bbmnoticias.com\/labravaradiofm\/2024\/12\/06\/revelan-las-primeras-imagenes-de-christian-n-agresor-de-melanie-tras-su-detencion\/","name":"Revelan las primeras im\u00e1genes de Christian \"N\", agresor de Melanie, tras su detenci\u00f3n - LA BRAVA RADIO","isPartOf":{"@id":"https:\/\/www.bbmnoticias.com\/labravaradiofm\/#website"},"primaryImageOfPage":{"@id":"https:\/\/www.bbmnoticias.com\/labravaradiofm\/2024\/12\/06\/revelan-las-primeras-imagenes-de-christian-n-agresor-de-melanie-tras-su-detencion\/#primaryimage"},"image":{"@id":"https:\/\/www.bbmnoticias.com\/labravaradiofm\/2024\/12\/06\/revelan-las-primeras-imagenes-de-christian-n-agresor-de-melanie-tras-su-detencion\/#primaryimage"},"thumbnailUrl":"https:\/\/www.bbmnoticias.com\/labravaradiofm\/wp-content\/uploads\/sites\/5\/2024\/12\/christian-n.jpg","datePublished":"2024-12-06T21:32:31+00:00","dateModified":"2024-12-06T21:32:36+00:00","author":{"@id":"https:\/\/www.bbmnoticias.com\/labravaradiofm\/#\/schema\/person\/000bdaf0a8fb5bff0d537c4d0778e33f"},"breadcrumb":{"@id":"https:\/\/www.bbmnoticias.com\/labravaradiofm\/2024\/12\/06\/revelan-las-primeras-imagenes-de-christian-n-agresor-de-melanie-tras-su-detencion\/#breadcrumb"},"inLanguage":"es","potentialAction":[{"@type":"ReadAction","target":["https:\/\/www.bbmnoticias.com\/labravaradiofm\/2024\/12\/06\/revelan-las-primeras-imagenes-de-christian-n-agresor-de-melanie-tras-su-detencion\/"]}]},{"@type":"ImageObject","inLanguage":"es","@id":"https:\/\/www.bbmnoticias.com\/labravaradiofm\/2024\/12\/06\/revelan-las-primeras-imagenes-de-christian-n-agresor-de-melanie-tras-su-detencion\/#primaryimage","url":"https:\/\/www.bbmnoticias.com\/labravaradiofm\/wp-content\/uploads\/sites\/5\/2024\/12\/christian-n.jpg","contentUrl":"https:\/\/www.bbmnoticias.com\/labravaradiofm\/wp-content\/uploads\/sites\/5\/2024\/12\/christian-n.jpg","width":848,"height":477},{"@type":"BreadcrumbList","@id":"https:\/\/www.bbmnoticias.com\/labravaradiofm\/2024\/12\/06\/revelan-las-primeras-imagenes-de-christian-n-agresor-de-melanie-tras-su-detencion\/#breadcrumb","itemListElement":[{"@type":"ListItem","position":1,"name":"Inicio","item":"https:\/\/www.bbmnoticias.com\/labravaradiofm\/"},{"@type":"ListItem","position":2,"name":"Revelan las primeras im\u00e1genes de Christian &#8220;N&#8221;, agresor de Melanie, tras su detenci\u00f3n"}]},{"@type":"WebSite","@id":"https:\/\/www.bbmnoticias.com\/labravaradiofm\/#website","url":"https:\/\/www.bbmnoticias.com\/labravaradiofm\/","name":"LA BRAVA RADIO","description":"Empresa productora de medios, Radiodifusi\u00f3n, Noticias, tendencias y todo lo que necesitas saber de la pol\u00edtica mexicana e internacional; entretenimiento, espect\u00e1culos, salud y mucho m\u00e1s.","potentialAction":[{"@type":"SearchAction","target":{"@type":"EntryPoint","urlTemplate":"https:\/\/www.bbmnoticias.com\/labravaradiofm\/?s={search_term_string}"},"query-input":{"@type":"PropertyValueSpecification","valueRequired":true,"valueName":"search_term_string"}}],"inLanguage":"es"},{"@type":"Person","@id":"https:\/\/www.bbmnoticias.com\/labravaradiofm\/#\/schema\/person\/000bdaf0a8fb5bff0d537c4d0778e33f","name":"Agencias","image":{"@type":"ImageObject","inLanguage":"es","@id":"https:\/\/secure.gravatar.com\/avatar\/739e0b61adf9e398b425c36718c8752286da0e8cd90f20ce9a86678abc26aa0d?s=96&d=mm&r=g","url":"https:\/\/secure.gravatar.com\/avatar\/739e0b61adf9e398b425c36718c8752286da0e8cd90f20ce9a86678abc26aa0d?s=96&d=mm&r=g","contentUrl":"https:\/\/secure.gravatar.com\/avatar\/739e0b61adf9e398b425c36718c8752286da0e8cd90f20ce9a86678abc26aa0d?s=96&d=mm&r=g","caption":"Agencias"},"url":"https:\/\/www.bbmnoticias.com\/labravaradiofm\/author\/agencias\/"}]}},"_links":{"self":[{"href":"https:\/\/www.bbmnoticias.com\/labravaradiofm\/wp-json\/wp\/v2\/posts\/51228","targetHints":{"allow":["GET"]}}],"collection":[{"href":"https:\/\/www.bbmnoticias.com\/labravaradiofm\/wp-json\/wp\/v2\/posts"}],"about":[{"href":"https:\/\/www.bbmnoticias.com\/labravaradiofm\/wp-json\/wp\/v2\/types\/post"}],"author":[{"embeddable":true,"href":"https:\/\/www.bbmnoticias.com\/labravaradiofm\/wp-json\/wp\/v2\/users\/4"}],"replies":[{"embeddable":true,"href":"https:\/\/www.bbmnoticias.com\/labravaradiofm\/wp-json\/wp\/v2\/comments?post=51228"}],"version-history":[{"count":0,"href":"https:\/\/www.bbmnoticias.com\/labravaradiofm\/wp-json\/wp\/v2\/posts\/51228\/revisions"}],"wp:featuredmedia":[{"embeddable":true,"href":"https:\/\/www.bbmnoticias.com\/labravaradiofm\/wp-json\/wp\/v2\/media\/51229"}],"wp:attachment":[{"href":"https:\/\/www.bbmnoticias.com\/labravaradiofm\/wp-json\/wp\/v2\/media?parent=51228"}],"wp:term":[{"taxonomy":"category","embeddable":true,"href":"https:\/\/www.bbmnoticias.com\/labravaradiofm\/wp-json\/wp\/v2\/categories?post=51228"},{"taxonomy":"post_tag","embeddable":true,"href":"https:\/\/www.bbmnoticias.com\/labravaradiofm\/wp-json\/wp\/v2\/tags?post=51228"}],"curies":[{"name":"wp","href":"https:\/\/api.w.org\/{rel}","templated":true}]}}