{"id":51220,"date":"2024-12-06T12:31:29","date_gmt":"2024-12-06T18:31:29","guid":{"rendered":"https:\/\/www.bbmnoticias.com\/labravaradiofm\/?p=51220"},"modified":"2024-12-06T12:31:33","modified_gmt":"2024-12-06T18:31:33","slug":"murio-el-actor-jose-de-la-torre-conocido-por-vis-a-vis-y-toy-boy","status":"publish","type":"post","link":"https:\/\/www.bbmnoticias.com\/labravaradiofm\/2024\/12\/06\/murio-el-actor-jose-de-la-torre-conocido-por-vis-a-vis-y-toy-boy\/","title":{"rendered":"Muri\u00f3 el actor Jos\u00e9 de la Torre, conocido por &#8216;Vis a Vis&#8217; y &#8216;Toy Boy&#8217;"},"content":{"rendered":"<div style=\"margin-top: 0px; margin-bottom: 0px;\" class=\"sharethis-inline-share-buttons\" ><\/div>\n<p>El mundo del espect\u00e1culo se encuentra de luto tras el <strong>fallecimiento del actor espa\u00f1ol Jos\u00e9 de la Torre<\/strong>, reconocido por su participaci\u00f3n en series como \u201cToy Boy\u201d y \u201cVis a Vis: El Oasis\u201d. El int\u00e9rprete muri\u00f3 el pasado 5 de diciembre de 2024 <strong>a los 37 a\u00f1os, despu\u00e9s de enfrentar una enfermedad diagnosticada hace unos meses.<\/strong><\/p>\n\n\n\n<h2 class=\"wp-block-heading\"><strong>Se fren\u00f3 su carrera en la actuaci\u00f3n<\/strong><\/h2>\n\n\n\n<p>Jos\u00e9 de la Torre naci\u00f3 el 20 de abril de 1987 en Montilla, C\u00f3rdoba, y desarroll\u00f3 su talento en la Escuela Superior de Arte Dram\u00e1tico de M\u00e1laga. Su primera aparici\u00f3n relevante ocurri\u00f3 en un videoclip de la banda Nena Daconte, pero su gran salto lleg\u00f3 al interpretar a Iv\u00e1n en la serie \u201cToy Boy\u201d, donde demostr\u00f3 su versatilidad y carisma.<\/p>\n\n\n\n<p>Adem\u00e1s, el actor particip\u00f3 en otras destacadas producciones televisivas como:<\/p>\n\n\n\n<ul class=\"wp-block-list\">\n<li>\u201cAmar es para siempre\u201d<\/li>\n\n\n\n<li>\u201cVis a Vis: El Oasis\u201d, una extensi\u00f3n de la popular serie \u201cVis a Vis\u201d<\/li>\n\n\n\n<li>\u201cServir y Proteger\u201d<\/li>\n\n\n\n<li>Despedida \u00edntima<\/li>\n<\/ul>\n\n\n\n<p>Familiares y amigos cercanos organizaron una ceremonia privada para despedir a Jos\u00e9 de la Torre. La incineraci\u00f3n est\u00e1 programada para este viernes 6 de diciembre a las 17:30 horas (local) en la parroquia principal de su ciudad natal.<\/p>\n\n\n\n<h2 class=\"wp-block-heading\"><strong>Reacciones ante su partida<\/strong><\/h2>\n\n\n\n<p>La noticia de su muerte caus\u00f3 conmoci\u00f3n en redes sociales, donde r\u00e1pidamente se convirti\u00f3 en tendencia. Colegas del medio art\u00edstico, tanto actores como directores, han expresado su profundo pesar, destacando el talento y la calidez humana que caracterizaban a Jos\u00e9 de la Torre.<\/p>\n\n\n\n<p>Su partida deja un vac\u00edo en la industria y entre los seguidores de su trabajo, quienes lo recordar\u00e1n por sus interpretaciones llenas de pasi\u00f3n y compromiso.<\/p>\n","protected":false},"excerpt":{"rendered":"<p>El mundo del espect\u00e1culo se encuentra de luto tras el fallecimiento del actor espa\u00f1ol Jos\u00e9 de la Torre, reconocido por su participaci\u00f3n en series como \u201cToy Boy\u201d y \u201cVis a Vis: El Oasis\u201d. El int\u00e9rprete muri\u00f3 el pasado 5 de diciembre de 2024 a los 37 a\u00f1os, despu\u00e9s de enfrentar una enfermedad diagnosticada hace unos [&hellip;]<\/p>\n","protected":false},"author":8,"featured_media":51221,"comment_status":"closed","ping_status":"closed","sticky":false,"template":"","format":"standard","meta":{"footnotes":""},"categories":[949],"tags":[],"class_list":{"0":"post-51220","1":"post","2":"type-post","3":"status-publish","4":"format-standard","5":"has-post-thumbnail","7":"category-espectaculos"},"yoast_head":"<!-- This site is optimized with the Yoast SEO plugin v27.4 - https:\/\/yoast.com\/product\/yoast-seo-wordpress\/ -->\n<title>Muri\u00f3 el actor Jos\u00e9 de la Torre, conocido por &#039;Vis a Vis&#039; y &#039;Toy Boy&#039; - LA BRAVA RADIO<\/title>\n<meta name=\"robots\" content=\"index, follow, max-snippet:-1, max-image-preview:large, max-video-preview:-1\" \/>\n<link rel=\"canonical\" href=\"https:\/\/www.bbmnoticias.com\/labravaradiofm\/2024\/12\/06\/murio-el-actor-jose-de-la-torre-conocido-por-vis-a-vis-y-toy-boy\/\" \/>\n<meta property=\"og:locale\" content=\"es_MX\" \/>\n<meta property=\"og:type\" content=\"article\" \/>\n<meta property=\"og:title\" content=\"Muri\u00f3 el actor Jos\u00e9 de la Torre, conocido por &#039;Vis a Vis&#039; y &#039;Toy Boy&#039; - LA BRAVA RADIO\" \/>\n<meta property=\"og:description\" content=\"El mundo del espect\u00e1culo se encuentra de luto tras el fallecimiento del actor espa\u00f1ol Jos\u00e9 de la Torre, reconocido por su participaci\u00f3n en series como \u201cToy Boy\u201d y \u201cVis a Vis: El Oasis\u201d. El int\u00e9rprete muri\u00f3 el pasado 5 de diciembre de 2024 a los 37 a\u00f1os, despu\u00e9s de enfrentar una enfermedad diagnosticada hace unos [&hellip;]\" \/>\n<meta property=\"og:url\" content=\"https:\/\/www.bbmnoticias.com\/labravaradiofm\/2024\/12\/06\/murio-el-actor-jose-de-la-torre-conocido-por-vis-a-vis-y-toy-boy\/\" \/>\n<meta property=\"og:site_name\" content=\"LA BRAVA RADIO\" \/>\n<meta property=\"article:published_time\" content=\"2024-12-06T18:31:29+00:00\" \/>\n<meta property=\"article:modified_time\" content=\"2024-12-06T18:31:33+00:00\" \/>\n<meta property=\"og:image\" content=\"https:\/\/www.bbmnoticias.com\/labravaradiofm\/wp-content\/uploads\/sites\/5\/2024\/12\/josedelatorre-3.jpg\" \/>\n\t<meta property=\"og:image:width\" content=\"1200\" \/>\n\t<meta property=\"og:image:height\" content=\"900\" \/>\n\t<meta property=\"og:image:type\" content=\"image\/jpeg\" \/>\n<meta name=\"author\" content=\"Exc\u00e9lsior\" \/>\n<meta name=\"twitter:card\" content=\"summary_large_image\" \/>\n<meta name=\"twitter:label1\" content=\"Escrito por\" \/>\n\t<meta name=\"twitter:data1\" content=\"Exc\u00e9lsior\" \/>\n\t<meta name=\"twitter:label2\" content=\"Tiempo de lectura\" \/>\n\t<meta name=\"twitter:data2\" content=\"2 minutos\" \/>\n<script type=\"application\/ld+json\" class=\"yoast-schema-graph\">{\"@context\":\"https:\\\/\\\/schema.org\",\"@graph\":[{\"@type\":\"Article\",\"@id\":\"https:\\\/\\\/www.bbmnoticias.com\\\/labravaradiofm\\\/2024\\\/12\\\/06\\\/murio-el-actor-jose-de-la-torre-conocido-por-vis-a-vis-y-toy-boy\\\/#article\",\"isPartOf\":{\"@id\":\"https:\\\/\\\/www.bbmnoticias.com\\\/labravaradiofm\\\/2024\\\/12\\\/06\\\/murio-el-actor-jose-de-la-torre-conocido-por-vis-a-vis-y-toy-boy\\\/\"},\"author\":{\"name\":\"Exc\u00e9lsior\",\"@id\":\"https:\\\/\\\/www.bbmnoticias.com\\\/labravaradiofm\\\/#\\\/schema\\\/person\\\/56f4677efb93d47930db8f58aa971b20\"},\"headline\":\"Muri\u00f3 el actor Jos\u00e9 de la Torre, conocido por &#8216;Vis a Vis&#8217; y &#8216;Toy Boy&#8217;\",\"datePublished\":\"2024-12-06T18:31:29+00:00\",\"dateModified\":\"2024-12-06T18:31:33+00:00\",\"mainEntityOfPage\":{\"@id\":\"https:\\\/\\\/www.bbmnoticias.com\\\/labravaradiofm\\\/2024\\\/12\\\/06\\\/murio-el-actor-jose-de-la-torre-conocido-por-vis-a-vis-y-toy-boy\\\/\"},\"wordCount\":296,\"image\":{\"@id\":\"https:\\\/\\\/www.bbmnoticias.com\\\/labravaradiofm\\\/2024\\\/12\\\/06\\\/murio-el-actor-jose-de-la-torre-conocido-por-vis-a-vis-y-toy-boy\\\/#primaryimage\"},\"thumbnailUrl\":\"https:\\\/\\\/www.bbmnoticias.com\\\/labravaradiofm\\\/wp-content\\\/uploads\\\/sites\\\/5\\\/2024\\\/12\\\/josedelatorre-3.jpg\",\"articleSection\":[\"ESPECT\u00c1CULOS\"],\"inLanguage\":\"es\"},{\"@type\":\"WebPage\",\"@id\":\"https:\\\/\\\/www.bbmnoticias.com\\\/labravaradiofm\\\/2024\\\/12\\\/06\\\/murio-el-actor-jose-de-la-torre-conocido-por-vis-a-vis-y-toy-boy\\\/\",\"url\":\"https:\\\/\\\/www.bbmnoticias.com\\\/labravaradiofm\\\/2024\\\/12\\\/06\\\/murio-el-actor-jose-de-la-torre-conocido-por-vis-a-vis-y-toy-boy\\\/\",\"name\":\"Muri\u00f3 el actor Jos\u00e9 de la Torre, conocido por 'Vis a Vis' y 'Toy Boy' - LA BRAVA RADIO\",\"isPartOf\":{\"@id\":\"https:\\\/\\\/www.bbmnoticias.com\\\/labravaradiofm\\\/#website\"},\"primaryImageOfPage\":{\"@id\":\"https:\\\/\\\/www.bbmnoticias.com\\\/labravaradiofm\\\/2024\\\/12\\\/06\\\/murio-el-actor-jose-de-la-torre-conocido-por-vis-a-vis-y-toy-boy\\\/#primaryimage\"},\"image\":{\"@id\":\"https:\\\/\\\/www.bbmnoticias.com\\\/labravaradiofm\\\/2024\\\/12\\\/06\\\/murio-el-actor-jose-de-la-torre-conocido-por-vis-a-vis-y-toy-boy\\\/#primaryimage\"},\"thumbnailUrl\":\"https:\\\/\\\/www.bbmnoticias.com\\\/labravaradiofm\\\/wp-content\\\/uploads\\\/sites\\\/5\\\/2024\\\/12\\\/josedelatorre-3.jpg\",\"datePublished\":\"2024-12-06T18:31:29+00:00\",\"dateModified\":\"2024-12-06T18:31:33+00:00\",\"author\":{\"@id\":\"https:\\\/\\\/www.bbmnoticias.com\\\/labravaradiofm\\\/#\\\/schema\\\/person\\\/56f4677efb93d47930db8f58aa971b20\"},\"breadcrumb\":{\"@id\":\"https:\\\/\\\/www.bbmnoticias.com\\\/labravaradiofm\\\/2024\\\/12\\\/06\\\/murio-el-actor-jose-de-la-torre-conocido-por-vis-a-vis-y-toy-boy\\\/#breadcrumb\"},\"inLanguage\":\"es\",\"potentialAction\":[{\"@type\":\"ReadAction\",\"target\":[\"https:\\\/\\\/www.bbmnoticias.com\\\/labravaradiofm\\\/2024\\\/12\\\/06\\\/murio-el-actor-jose-de-la-torre-conocido-por-vis-a-vis-y-toy-boy\\\/\"]}]},{\"@type\":\"ImageObject\",\"inLanguage\":\"es\",\"@id\":\"https:\\\/\\\/www.bbmnoticias.com\\\/labravaradiofm\\\/2024\\\/12\\\/06\\\/murio-el-actor-jose-de-la-torre-conocido-por-vis-a-vis-y-toy-boy\\\/#primaryimage\",\"url\":\"https:\\\/\\\/www.bbmnoticias.com\\\/labravaradiofm\\\/wp-content\\\/uploads\\\/sites\\\/5\\\/2024\\\/12\\\/josedelatorre-3.jpg\",\"contentUrl\":\"https:\\\/\\\/www.bbmnoticias.com\\\/labravaradiofm\\\/wp-content\\\/uploads\\\/sites\\\/5\\\/2024\\\/12\\\/josedelatorre-3.jpg\",\"width\":1200,\"height\":900},{\"@type\":\"BreadcrumbList\",\"@id\":\"https:\\\/\\\/www.bbmnoticias.com\\\/labravaradiofm\\\/2024\\\/12\\\/06\\\/murio-el-actor-jose-de-la-torre-conocido-por-vis-a-vis-y-toy-boy\\\/#breadcrumb\",\"itemListElement\":[{\"@type\":\"ListItem\",\"position\":1,\"name\":\"Inicio\",\"item\":\"https:\\\/\\\/www.bbmnoticias.com\\\/labravaradiofm\\\/\"},{\"@type\":\"ListItem\",\"position\":2,\"name\":\"Muri\u00f3 el actor Jos\u00e9 de la Torre, conocido por &#8216;Vis a Vis&#8217; y &#8216;Toy Boy&#8217;\"}]},{\"@type\":\"WebSite\",\"@id\":\"https:\\\/\\\/www.bbmnoticias.com\\\/labravaradiofm\\\/#website\",\"url\":\"https:\\\/\\\/www.bbmnoticias.com\\\/labravaradiofm\\\/\",\"name\":\"LA BRAVA RADIO\",\"description\":\"Empresa productora de medios, Radiodifusi\u00f3n, Noticias, tendencias y todo lo que necesitas saber de la pol\u00edtica mexicana e internacional; entretenimiento, espect\u00e1culos, salud y mucho m\u00e1s.\",\"potentialAction\":[{\"@type\":\"SearchAction\",\"target\":{\"@type\":\"EntryPoint\",\"urlTemplate\":\"https:\\\/\\\/www.bbmnoticias.com\\\/labravaradiofm\\\/?s={search_term_string}\"},\"query-input\":{\"@type\":\"PropertyValueSpecification\",\"valueRequired\":true,\"valueName\":\"search_term_string\"}}],\"inLanguage\":\"es\"},{\"@type\":\"Person\",\"@id\":\"https:\\\/\\\/www.bbmnoticias.com\\\/labravaradiofm\\\/#\\\/schema\\\/person\\\/56f4677efb93d47930db8f58aa971b20\",\"name\":\"Exc\u00e9lsior\",\"image\":{\"@type\":\"ImageObject\",\"inLanguage\":\"es\",\"@id\":\"https:\\\/\\\/secure.gravatar.com\\\/avatar\\\/497265c4dbe1cd0e2f3f1b19aba0f5779c7f95d09e139a5b83c1ecd47b4e780d?s=96&d=mm&r=g\",\"url\":\"https:\\\/\\\/secure.gravatar.com\\\/avatar\\\/497265c4dbe1cd0e2f3f1b19aba0f5779c7f95d09e139a5b83c1ecd47b4e780d?s=96&d=mm&r=g\",\"contentUrl\":\"https:\\\/\\\/secure.gravatar.com\\\/avatar\\\/497265c4dbe1cd0e2f3f1b19aba0f5779c7f95d09e139a5b83c1ecd47b4e780d?s=96&d=mm&r=g\",\"caption\":\"Exc\u00e9lsior\"},\"url\":\"https:\\\/\\\/www.bbmnoticias.com\\\/labravaradiofm\\\/author\\\/excelsior\\\/\"}]}<\/script>\n<!-- \/ Yoast SEO plugin. -->","yoast_head_json":{"title":"Muri\u00f3 el actor Jos\u00e9 de la Torre, conocido por 'Vis a Vis' y 'Toy Boy' - LA BRAVA RADIO","robots":{"index":"index","follow":"follow","max-snippet":"max-snippet:-1","max-image-preview":"max-image-preview:large","max-video-preview":"max-video-preview:-1"},"canonical":"https:\/\/www.bbmnoticias.com\/labravaradiofm\/2024\/12\/06\/murio-el-actor-jose-de-la-torre-conocido-por-vis-a-vis-y-toy-boy\/","og_locale":"es_MX","og_type":"article","og_title":"Muri\u00f3 el actor Jos\u00e9 de la Torre, conocido por 'Vis a Vis' y 'Toy Boy' - LA BRAVA RADIO","og_description":"El mundo del espect\u00e1culo se encuentra de luto tras el fallecimiento del actor espa\u00f1ol Jos\u00e9 de la Torre, reconocido por su participaci\u00f3n en series como \u201cToy Boy\u201d y \u201cVis a Vis: El Oasis\u201d. El int\u00e9rprete muri\u00f3 el pasado 5 de diciembre de 2024 a los 37 a\u00f1os, despu\u00e9s de enfrentar una enfermedad diagnosticada hace unos [&hellip;]","og_url":"https:\/\/www.bbmnoticias.com\/labravaradiofm\/2024\/12\/06\/murio-el-actor-jose-de-la-torre-conocido-por-vis-a-vis-y-toy-boy\/","og_site_name":"LA BRAVA RADIO","article_published_time":"2024-12-06T18:31:29+00:00","article_modified_time":"2024-12-06T18:31:33+00:00","og_image":[{"width":1200,"height":900,"url":"https:\/\/www.bbmnoticias.com\/labravaradiofm\/wp-content\/uploads\/sites\/5\/2024\/12\/josedelatorre-3.jpg","type":"image\/jpeg"}],"author":"Exc\u00e9lsior","twitter_card":"summary_large_image","twitter_misc":{"Escrito por":"Exc\u00e9lsior","Tiempo de lectura":"2 minutos"},"schema":{"@context":"https:\/\/schema.org","@graph":[{"@type":"Article","@id":"https:\/\/www.bbmnoticias.com\/labravaradiofm\/2024\/12\/06\/murio-el-actor-jose-de-la-torre-conocido-por-vis-a-vis-y-toy-boy\/#article","isPartOf":{"@id":"https:\/\/www.bbmnoticias.com\/labravaradiofm\/2024\/12\/06\/murio-el-actor-jose-de-la-torre-conocido-por-vis-a-vis-y-toy-boy\/"},"author":{"name":"Exc\u00e9lsior","@id":"https:\/\/www.bbmnoticias.com\/labravaradiofm\/#\/schema\/person\/56f4677efb93d47930db8f58aa971b20"},"headline":"Muri\u00f3 el actor Jos\u00e9 de la Torre, conocido por &#8216;Vis a Vis&#8217; y &#8216;Toy Boy&#8217;","datePublished":"2024-12-06T18:31:29+00:00","dateModified":"2024-12-06T18:31:33+00:00","mainEntityOfPage":{"@id":"https:\/\/www.bbmnoticias.com\/labravaradiofm\/2024\/12\/06\/murio-el-actor-jose-de-la-torre-conocido-por-vis-a-vis-y-toy-boy\/"},"wordCount":296,"image":{"@id":"https:\/\/www.bbmnoticias.com\/labravaradiofm\/2024\/12\/06\/murio-el-actor-jose-de-la-torre-conocido-por-vis-a-vis-y-toy-boy\/#primaryimage"},"thumbnailUrl":"https:\/\/www.bbmnoticias.com\/labravaradiofm\/wp-content\/uploads\/sites\/5\/2024\/12\/josedelatorre-3.jpg","articleSection":["ESPECT\u00c1CULOS"],"inLanguage":"es"},{"@type":"WebPage","@id":"https:\/\/www.bbmnoticias.com\/labravaradiofm\/2024\/12\/06\/murio-el-actor-jose-de-la-torre-conocido-por-vis-a-vis-y-toy-boy\/","url":"https:\/\/www.bbmnoticias.com\/labravaradiofm\/2024\/12\/06\/murio-el-actor-jose-de-la-torre-conocido-por-vis-a-vis-y-toy-boy\/","name":"Muri\u00f3 el actor Jos\u00e9 de la Torre, conocido por 'Vis a Vis' y 'Toy Boy' - LA BRAVA RADIO","isPartOf":{"@id":"https:\/\/www.bbmnoticias.com\/labravaradiofm\/#website"},"primaryImageOfPage":{"@id":"https:\/\/www.bbmnoticias.com\/labravaradiofm\/2024\/12\/06\/murio-el-actor-jose-de-la-torre-conocido-por-vis-a-vis-y-toy-boy\/#primaryimage"},"image":{"@id":"https:\/\/www.bbmnoticias.com\/labravaradiofm\/2024\/12\/06\/murio-el-actor-jose-de-la-torre-conocido-por-vis-a-vis-y-toy-boy\/#primaryimage"},"thumbnailUrl":"https:\/\/www.bbmnoticias.com\/labravaradiofm\/wp-content\/uploads\/sites\/5\/2024\/12\/josedelatorre-3.jpg","datePublished":"2024-12-06T18:31:29+00:00","dateModified":"2024-12-06T18:31:33+00:00","author":{"@id":"https:\/\/www.bbmnoticias.com\/labravaradiofm\/#\/schema\/person\/56f4677efb93d47930db8f58aa971b20"},"breadcrumb":{"@id":"https:\/\/www.bbmnoticias.com\/labravaradiofm\/2024\/12\/06\/murio-el-actor-jose-de-la-torre-conocido-por-vis-a-vis-y-toy-boy\/#breadcrumb"},"inLanguage":"es","potentialAction":[{"@type":"ReadAction","target":["https:\/\/www.bbmnoticias.com\/labravaradiofm\/2024\/12\/06\/murio-el-actor-jose-de-la-torre-conocido-por-vis-a-vis-y-toy-boy\/"]}]},{"@type":"ImageObject","inLanguage":"es","@id":"https:\/\/www.bbmnoticias.com\/labravaradiofm\/2024\/12\/06\/murio-el-actor-jose-de-la-torre-conocido-por-vis-a-vis-y-toy-boy\/#primaryimage","url":"https:\/\/www.bbmnoticias.com\/labravaradiofm\/wp-content\/uploads\/sites\/5\/2024\/12\/josedelatorre-3.jpg","contentUrl":"https:\/\/www.bbmnoticias.com\/labravaradiofm\/wp-content\/uploads\/sites\/5\/2024\/12\/josedelatorre-3.jpg","width":1200,"height":900},{"@type":"BreadcrumbList","@id":"https:\/\/www.bbmnoticias.com\/labravaradiofm\/2024\/12\/06\/murio-el-actor-jose-de-la-torre-conocido-por-vis-a-vis-y-toy-boy\/#breadcrumb","itemListElement":[{"@type":"ListItem","position":1,"name":"Inicio","item":"https:\/\/www.bbmnoticias.com\/labravaradiofm\/"},{"@type":"ListItem","position":2,"name":"Muri\u00f3 el actor Jos\u00e9 de la Torre, conocido por &#8216;Vis a Vis&#8217; y &#8216;Toy Boy&#8217;"}]},{"@type":"WebSite","@id":"https:\/\/www.bbmnoticias.com\/labravaradiofm\/#website","url":"https:\/\/www.bbmnoticias.com\/labravaradiofm\/","name":"LA BRAVA RADIO","description":"Empresa productora de medios, Radiodifusi\u00f3n, Noticias, tendencias y todo lo que necesitas saber de la pol\u00edtica mexicana e internacional; entretenimiento, espect\u00e1culos, salud y mucho m\u00e1s.","potentialAction":[{"@type":"SearchAction","target":{"@type":"EntryPoint","urlTemplate":"https:\/\/www.bbmnoticias.com\/labravaradiofm\/?s={search_term_string}"},"query-input":{"@type":"PropertyValueSpecification","valueRequired":true,"valueName":"search_term_string"}}],"inLanguage":"es"},{"@type":"Person","@id":"https:\/\/www.bbmnoticias.com\/labravaradiofm\/#\/schema\/person\/56f4677efb93d47930db8f58aa971b20","name":"Exc\u00e9lsior","image":{"@type":"ImageObject","inLanguage":"es","@id":"https:\/\/secure.gravatar.com\/avatar\/497265c4dbe1cd0e2f3f1b19aba0f5779c7f95d09e139a5b83c1ecd47b4e780d?s=96&d=mm&r=g","url":"https:\/\/secure.gravatar.com\/avatar\/497265c4dbe1cd0e2f3f1b19aba0f5779c7f95d09e139a5b83c1ecd47b4e780d?s=96&d=mm&r=g","contentUrl":"https:\/\/secure.gravatar.com\/avatar\/497265c4dbe1cd0e2f3f1b19aba0f5779c7f95d09e139a5b83c1ecd47b4e780d?s=96&d=mm&r=g","caption":"Exc\u00e9lsior"},"url":"https:\/\/www.bbmnoticias.com\/labravaradiofm\/author\/excelsior\/"}]}},"_links":{"self":[{"href":"https:\/\/www.bbmnoticias.com\/labravaradiofm\/wp-json\/wp\/v2\/posts\/51220","targetHints":{"allow":["GET"]}}],"collection":[{"href":"https:\/\/www.bbmnoticias.com\/labravaradiofm\/wp-json\/wp\/v2\/posts"}],"about":[{"href":"https:\/\/www.bbmnoticias.com\/labravaradiofm\/wp-json\/wp\/v2\/types\/post"}],"author":[{"embeddable":true,"href":"https:\/\/www.bbmnoticias.com\/labravaradiofm\/wp-json\/wp\/v2\/users\/8"}],"replies":[{"embeddable":true,"href":"https:\/\/www.bbmnoticias.com\/labravaradiofm\/wp-json\/wp\/v2\/comments?post=51220"}],"version-history":[{"count":0,"href":"https:\/\/www.bbmnoticias.com\/labravaradiofm\/wp-json\/wp\/v2\/posts\/51220\/revisions"}],"wp:featuredmedia":[{"embeddable":true,"href":"https:\/\/www.bbmnoticias.com\/labravaradiofm\/wp-json\/wp\/v2\/media\/51221"}],"wp:attachment":[{"href":"https:\/\/www.bbmnoticias.com\/labravaradiofm\/wp-json\/wp\/v2\/media?parent=51220"}],"wp:term":[{"taxonomy":"category","embeddable":true,"href":"https:\/\/www.bbmnoticias.com\/labravaradiofm\/wp-json\/wp\/v2\/categories?post=51220"},{"taxonomy":"post_tag","embeddable":true,"href":"https:\/\/www.bbmnoticias.com\/labravaradiofm\/wp-json\/wp\/v2\/tags?post=51220"}],"curies":[{"name":"wp","href":"https:\/\/api.w.org\/{rel}","templated":true}]}}