{"id":51217,"date":"2024-12-06T12:21:07","date_gmt":"2024-12-06T18:21:07","guid":{"rendered":"https:\/\/www.bbmnoticias.com\/labravaradiofm\/?p=51217"},"modified":"2024-12-06T12:21:11","modified_gmt":"2024-12-06T18:21:11","slug":"confirman-muerte-de-8-menores-por-bacteria-en-edomex-brote-bajo-control","status":"publish","type":"post","link":"https:\/\/www.bbmnoticias.com\/labravaradiofm\/2024\/12\/06\/confirman-muerte-de-8-menores-por-bacteria-en-edomex-brote-bajo-control\/","title":{"rendered":"Confirman muerte de 8 menores por bacteria en Edomex; brote, bajo control"},"content":{"rendered":"<div style=\"margin-top: 0px; margin-bottom: 0px;\" class=\"sharethis-inline-share-buttons\" ><\/div>\n<p>Ocho de los 13 casos de menores que fallecieron en el Estado de M\u00e9xico s\u00ed fue por el brote de la <strong>bacteria\u00a0Klebsiella oxytoca<\/strong>, confirm\u00f3 la secretaria de Salud de dicha entidad, Macarena Montoya Olvera. Agreg\u00f3 que cuatro casos actualmente siguen en estudio y uno se descart\u00f3 que haya sido esta la causa de la muerte.<\/p>\n\n\n\n<p>Adem\u00e1s, la Secretar\u00eda de Salud del Estado de M\u00e9xico asegur\u00f3 que <strong>est\u00e1 bajo control el brote<\/strong> de Infecci\u00f3n del Torrente Sangu\u00edneo (ITS) por Klebsiella oxytoca&nbsp;en los cuatro hospitales de la entidad donde fueron detectados los casos.&nbsp;<\/p>\n\n\n\n<p>La titualr de la dependencia estatal afirm\u00f3 que el brote se mantiene bajo control y <strong>contin\u00faa la vigilancia epidemiol\u00f3gica<\/strong> en todas las unidades m\u00e9dicas p\u00fablicas y privadas de la entidad.&nbsp;<\/p>\n\n\n\n<blockquote class=\"wp-block-quote is-layout-flow wp-block-quote-is-layout-flow\">\n<p>\u201cEn el Estado de M\u00e9xico est\u00e1 controlada esta situaci\u00f3n, tenemos identificadas estas cuatro unidades m\u00e9dicas, no se registran m\u00e1s casos en estas cuatro unidades m\u00e9dicas, ni en ning\u00fan otra unidad m\u00e9dica del Estado de M\u00e9xico\u201d, afirm\u00f3.<\/p>\n<\/blockquote>\n\n\n\n<p>Reiter\u00f3 que los casos se atendieron de manera inmediata y s\u00f3lo se presentaron en tres unidades m\u00e9dicas del sector p\u00fablico y en una del sector privado.&nbsp;<\/p>\n\n\n\n<p>Agreg\u00f3 que la Secretar\u00eda de Salud estatal cuenta con los medicamentos e insumos suficientes para la atenci\u00f3n, en caso de registrarse posibles afectados en las Unidades M\u00e9dicas de la entidad.&nbsp;<\/p>\n\n\n\n<p>Asimismo, dijo que se mantiene la coordinaci\u00f3n permanente con la Secretar\u00eda de Salud Federal, a trav\u00e9s de la Direcci\u00f3n General de Epidemiolog\u00eda, para que, en caso de sospecha de un nuevo caso, se canalice al Laboratorio Estatal de Salud P\u00fablica (LESP) y al Instituto de Diagn\u00f3stico y Referencia Epidemiol\u00f3gicos (InDRE).<\/p>\n\n\n\n<p>Alejandrina Franco\/excelsior.com.mx<\/p>\n\n\n\n<p><\/p>\n","protected":false},"excerpt":{"rendered":"<p>Ocho de los 13 casos de menores que fallecieron en el Estado de M\u00e9xico s\u00ed fue por el brote de la bacteria\u00a0Klebsiella oxytoca, confirm\u00f3 la secretaria de Salud de dicha entidad, Macarena Montoya Olvera. Agreg\u00f3 que cuatro casos actualmente siguen en estudio y uno se descart\u00f3 que haya sido esta la causa de la muerte. [&hellip;]<\/p>\n","protected":false},"author":2,"featured_media":51218,"comment_status":"closed","ping_status":"closed","sticky":false,"template":"","format":"standard","meta":{"footnotes":""},"categories":[19],"tags":[],"class_list":{"0":"post-51217","1":"post","2":"type-post","3":"status-publish","4":"format-standard","5":"has-post-thumbnail","7":"category-nacional"},"yoast_head":"<!-- This site is optimized with the Yoast SEO plugin v27.4 - https:\/\/yoast.com\/product\/yoast-seo-wordpress\/ -->\n<title>Confirman muerte de 8 menores por bacteria en Edomex; brote, bajo control - LA BRAVA RADIO<\/title>\n<meta name=\"robots\" content=\"index, follow, max-snippet:-1, max-image-preview:large, max-video-preview:-1\" \/>\n<link rel=\"canonical\" href=\"https:\/\/www.bbmnoticias.com\/labravaradiofm\/2024\/12\/06\/confirman-muerte-de-8-menores-por-bacteria-en-edomex-brote-bajo-control\/\" \/>\n<meta property=\"og:locale\" content=\"es_MX\" \/>\n<meta property=\"og:type\" content=\"article\" \/>\n<meta property=\"og:title\" content=\"Confirman muerte de 8 menores por bacteria en Edomex; brote, bajo control - LA BRAVA RADIO\" \/>\n<meta property=\"og:description\" content=\"Ocho de los 13 casos de menores que fallecieron en el Estado de M\u00e9xico s\u00ed fue por el brote de la bacteria\u00a0Klebsiella oxytoca, confirm\u00f3 la secretaria de Salud de dicha entidad, Macarena Montoya Olvera. Agreg\u00f3 que cuatro casos actualmente siguen en estudio y uno se descart\u00f3 que haya sido esta la causa de la muerte. [&hellip;]\" \/>\n<meta property=\"og:url\" content=\"https:\/\/www.bbmnoticias.com\/labravaradiofm\/2024\/12\/06\/confirman-muerte-de-8-menores-por-bacteria-en-edomex-brote-bajo-control\/\" \/>\n<meta property=\"og:site_name\" content=\"LA BRAVA RADIO\" \/>\n<meta property=\"article:published_time\" content=\"2024-12-06T18:21:07+00:00\" \/>\n<meta property=\"article:modified_time\" content=\"2024-12-06T18:21:11+00:00\" \/>\n<meta property=\"og:image\" content=\"https:\/\/www.bbmnoticias.com\/labravaradiofm\/wp-content\/uploads\/sites\/5\/2024\/12\/GeFrqLAW4AAGS5w.jpg\" \/>\n\t<meta property=\"og:image:width\" content=\"679\" \/>\n\t<meta property=\"og:image:height\" content=\"382\" \/>\n\t<meta property=\"og:image:type\" content=\"image\/jpeg\" \/>\n<meta name=\"author\" content=\"Staff\" \/>\n<meta name=\"twitter:card\" content=\"summary_large_image\" \/>\n<meta name=\"twitter:label1\" content=\"Escrito por\" \/>\n\t<meta name=\"twitter:data1\" content=\"Staff\" \/>\n\t<meta name=\"twitter:label2\" content=\"Tiempo de lectura\" \/>\n\t<meta name=\"twitter:data2\" content=\"2 minutos\" \/>\n<script type=\"application\/ld+json\" class=\"yoast-schema-graph\">{\"@context\":\"https:\\\/\\\/schema.org\",\"@graph\":[{\"@type\":\"Article\",\"@id\":\"https:\\\/\\\/www.bbmnoticias.com\\\/labravaradiofm\\\/2024\\\/12\\\/06\\\/confirman-muerte-de-8-menores-por-bacteria-en-edomex-brote-bajo-control\\\/#article\",\"isPartOf\":{\"@id\":\"https:\\\/\\\/www.bbmnoticias.com\\\/labravaradiofm\\\/2024\\\/12\\\/06\\\/confirman-muerte-de-8-menores-por-bacteria-en-edomex-brote-bajo-control\\\/\"},\"author\":{\"name\":\"Staff\",\"@id\":\"https:\\\/\\\/www.bbmnoticias.com\\\/labravaradiofm\\\/#\\\/schema\\\/person\\\/68a9e9036ef3c5b55aeb2b71dc8bab45\"},\"headline\":\"Confirman muerte de 8 menores por bacteria en Edomex; brote, bajo control\",\"datePublished\":\"2024-12-06T18:21:07+00:00\",\"dateModified\":\"2024-12-06T18:21:11+00:00\",\"mainEntityOfPage\":{\"@id\":\"https:\\\/\\\/www.bbmnoticias.com\\\/labravaradiofm\\\/2024\\\/12\\\/06\\\/confirman-muerte-de-8-menores-por-bacteria-en-edomex-brote-bajo-control\\\/\"},\"wordCount\":317,\"image\":{\"@id\":\"https:\\\/\\\/www.bbmnoticias.com\\\/labravaradiofm\\\/2024\\\/12\\\/06\\\/confirman-muerte-de-8-menores-por-bacteria-en-edomex-brote-bajo-control\\\/#primaryimage\"},\"thumbnailUrl\":\"https:\\\/\\\/www.bbmnoticias.com\\\/labravaradiofm\\\/wp-content\\\/uploads\\\/sites\\\/5\\\/2024\\\/12\\\/GeFrqLAW4AAGS5w.jpg\",\"articleSection\":[\"NACIONAL\"],\"inLanguage\":\"es\"},{\"@type\":\"WebPage\",\"@id\":\"https:\\\/\\\/www.bbmnoticias.com\\\/labravaradiofm\\\/2024\\\/12\\\/06\\\/confirman-muerte-de-8-menores-por-bacteria-en-edomex-brote-bajo-control\\\/\",\"url\":\"https:\\\/\\\/www.bbmnoticias.com\\\/labravaradiofm\\\/2024\\\/12\\\/06\\\/confirman-muerte-de-8-menores-por-bacteria-en-edomex-brote-bajo-control\\\/\",\"name\":\"Confirman muerte de 8 menores por bacteria en Edomex; brote, bajo control - LA BRAVA RADIO\",\"isPartOf\":{\"@id\":\"https:\\\/\\\/www.bbmnoticias.com\\\/labravaradiofm\\\/#website\"},\"primaryImageOfPage\":{\"@id\":\"https:\\\/\\\/www.bbmnoticias.com\\\/labravaradiofm\\\/2024\\\/12\\\/06\\\/confirman-muerte-de-8-menores-por-bacteria-en-edomex-brote-bajo-control\\\/#primaryimage\"},\"image\":{\"@id\":\"https:\\\/\\\/www.bbmnoticias.com\\\/labravaradiofm\\\/2024\\\/12\\\/06\\\/confirman-muerte-de-8-menores-por-bacteria-en-edomex-brote-bajo-control\\\/#primaryimage\"},\"thumbnailUrl\":\"https:\\\/\\\/www.bbmnoticias.com\\\/labravaradiofm\\\/wp-content\\\/uploads\\\/sites\\\/5\\\/2024\\\/12\\\/GeFrqLAW4AAGS5w.jpg\",\"datePublished\":\"2024-12-06T18:21:07+00:00\",\"dateModified\":\"2024-12-06T18:21:11+00:00\",\"author\":{\"@id\":\"https:\\\/\\\/www.bbmnoticias.com\\\/labravaradiofm\\\/#\\\/schema\\\/person\\\/68a9e9036ef3c5b55aeb2b71dc8bab45\"},\"breadcrumb\":{\"@id\":\"https:\\\/\\\/www.bbmnoticias.com\\\/labravaradiofm\\\/2024\\\/12\\\/06\\\/confirman-muerte-de-8-menores-por-bacteria-en-edomex-brote-bajo-control\\\/#breadcrumb\"},\"inLanguage\":\"es\",\"potentialAction\":[{\"@type\":\"ReadAction\",\"target\":[\"https:\\\/\\\/www.bbmnoticias.com\\\/labravaradiofm\\\/2024\\\/12\\\/06\\\/confirman-muerte-de-8-menores-por-bacteria-en-edomex-brote-bajo-control\\\/\"]}]},{\"@type\":\"ImageObject\",\"inLanguage\":\"es\",\"@id\":\"https:\\\/\\\/www.bbmnoticias.com\\\/labravaradiofm\\\/2024\\\/12\\\/06\\\/confirman-muerte-de-8-menores-por-bacteria-en-edomex-brote-bajo-control\\\/#primaryimage\",\"url\":\"https:\\\/\\\/www.bbmnoticias.com\\\/labravaradiofm\\\/wp-content\\\/uploads\\\/sites\\\/5\\\/2024\\\/12\\\/GeFrqLAW4AAGS5w.jpg\",\"contentUrl\":\"https:\\\/\\\/www.bbmnoticias.com\\\/labravaradiofm\\\/wp-content\\\/uploads\\\/sites\\\/5\\\/2024\\\/12\\\/GeFrqLAW4AAGS5w.jpg\",\"width\":679,\"height\":382},{\"@type\":\"BreadcrumbList\",\"@id\":\"https:\\\/\\\/www.bbmnoticias.com\\\/labravaradiofm\\\/2024\\\/12\\\/06\\\/confirman-muerte-de-8-menores-por-bacteria-en-edomex-brote-bajo-control\\\/#breadcrumb\",\"itemListElement\":[{\"@type\":\"ListItem\",\"position\":1,\"name\":\"Inicio\",\"item\":\"https:\\\/\\\/www.bbmnoticias.com\\\/labravaradiofm\\\/\"},{\"@type\":\"ListItem\",\"position\":2,\"name\":\"Confirman muerte de 8 menores por bacteria en Edomex; brote, bajo control\"}]},{\"@type\":\"WebSite\",\"@id\":\"https:\\\/\\\/www.bbmnoticias.com\\\/labravaradiofm\\\/#website\",\"url\":\"https:\\\/\\\/www.bbmnoticias.com\\\/labravaradiofm\\\/\",\"name\":\"LA BRAVA RADIO\",\"description\":\"Empresa productora de medios, Radiodifusi\u00f3n, Noticias, tendencias y todo lo que necesitas saber de la pol\u00edtica mexicana e internacional; entretenimiento, espect\u00e1culos, salud y mucho m\u00e1s.\",\"potentialAction\":[{\"@type\":\"SearchAction\",\"target\":{\"@type\":\"EntryPoint\",\"urlTemplate\":\"https:\\\/\\\/www.bbmnoticias.com\\\/labravaradiofm\\\/?s={search_term_string}\"},\"query-input\":{\"@type\":\"PropertyValueSpecification\",\"valueRequired\":true,\"valueName\":\"search_term_string\"}}],\"inLanguage\":\"es\"},{\"@type\":\"Person\",\"@id\":\"https:\\\/\\\/www.bbmnoticias.com\\\/labravaradiofm\\\/#\\\/schema\\\/person\\\/68a9e9036ef3c5b55aeb2b71dc8bab45\",\"name\":\"Staff\",\"image\":{\"@type\":\"ImageObject\",\"inLanguage\":\"es\",\"@id\":\"https:\\\/\\\/secure.gravatar.com\\\/avatar\\\/fdd21ad66fd8b98c407f9dee5b5e588cfe7f0d8579ec20fa6527cd59bab7f0f0?s=96&d=mm&r=g\",\"url\":\"https:\\\/\\\/secure.gravatar.com\\\/avatar\\\/fdd21ad66fd8b98c407f9dee5b5e588cfe7f0d8579ec20fa6527cd59bab7f0f0?s=96&d=mm&r=g\",\"contentUrl\":\"https:\\\/\\\/secure.gravatar.com\\\/avatar\\\/fdd21ad66fd8b98c407f9dee5b5e588cfe7f0d8579ec20fa6527cd59bab7f0f0?s=96&d=mm&r=g\",\"caption\":\"Staff\"},\"url\":\"https:\\\/\\\/www.bbmnoticias.com\\\/labravaradiofm\\\/author\\\/redaccion\\\/\"}]}<\/script>\n<!-- \/ Yoast SEO plugin. -->","yoast_head_json":{"title":"Confirman muerte de 8 menores por bacteria en Edomex; brote, bajo control - LA BRAVA RADIO","robots":{"index":"index","follow":"follow","max-snippet":"max-snippet:-1","max-image-preview":"max-image-preview:large","max-video-preview":"max-video-preview:-1"},"canonical":"https:\/\/www.bbmnoticias.com\/labravaradiofm\/2024\/12\/06\/confirman-muerte-de-8-menores-por-bacteria-en-edomex-brote-bajo-control\/","og_locale":"es_MX","og_type":"article","og_title":"Confirman muerte de 8 menores por bacteria en Edomex; brote, bajo control - LA BRAVA RADIO","og_description":"Ocho de los 13 casos de menores que fallecieron en el Estado de M\u00e9xico s\u00ed fue por el brote de la bacteria\u00a0Klebsiella oxytoca, confirm\u00f3 la secretaria de Salud de dicha entidad, Macarena Montoya Olvera. Agreg\u00f3 que cuatro casos actualmente siguen en estudio y uno se descart\u00f3 que haya sido esta la causa de la muerte. [&hellip;]","og_url":"https:\/\/www.bbmnoticias.com\/labravaradiofm\/2024\/12\/06\/confirman-muerte-de-8-menores-por-bacteria-en-edomex-brote-bajo-control\/","og_site_name":"LA BRAVA RADIO","article_published_time":"2024-12-06T18:21:07+00:00","article_modified_time":"2024-12-06T18:21:11+00:00","og_image":[{"width":679,"height":382,"url":"https:\/\/www.bbmnoticias.com\/labravaradiofm\/wp-content\/uploads\/sites\/5\/2024\/12\/GeFrqLAW4AAGS5w.jpg","type":"image\/jpeg"}],"author":"Staff","twitter_card":"summary_large_image","twitter_misc":{"Escrito por":"Staff","Tiempo de lectura":"2 minutos"},"schema":{"@context":"https:\/\/schema.org","@graph":[{"@type":"Article","@id":"https:\/\/www.bbmnoticias.com\/labravaradiofm\/2024\/12\/06\/confirman-muerte-de-8-menores-por-bacteria-en-edomex-brote-bajo-control\/#article","isPartOf":{"@id":"https:\/\/www.bbmnoticias.com\/labravaradiofm\/2024\/12\/06\/confirman-muerte-de-8-menores-por-bacteria-en-edomex-brote-bajo-control\/"},"author":{"name":"Staff","@id":"https:\/\/www.bbmnoticias.com\/labravaradiofm\/#\/schema\/person\/68a9e9036ef3c5b55aeb2b71dc8bab45"},"headline":"Confirman muerte de 8 menores por bacteria en Edomex; brote, bajo control","datePublished":"2024-12-06T18:21:07+00:00","dateModified":"2024-12-06T18:21:11+00:00","mainEntityOfPage":{"@id":"https:\/\/www.bbmnoticias.com\/labravaradiofm\/2024\/12\/06\/confirman-muerte-de-8-menores-por-bacteria-en-edomex-brote-bajo-control\/"},"wordCount":317,"image":{"@id":"https:\/\/www.bbmnoticias.com\/labravaradiofm\/2024\/12\/06\/confirman-muerte-de-8-menores-por-bacteria-en-edomex-brote-bajo-control\/#primaryimage"},"thumbnailUrl":"https:\/\/www.bbmnoticias.com\/labravaradiofm\/wp-content\/uploads\/sites\/5\/2024\/12\/GeFrqLAW4AAGS5w.jpg","articleSection":["NACIONAL"],"inLanguage":"es"},{"@type":"WebPage","@id":"https:\/\/www.bbmnoticias.com\/labravaradiofm\/2024\/12\/06\/confirman-muerte-de-8-menores-por-bacteria-en-edomex-brote-bajo-control\/","url":"https:\/\/www.bbmnoticias.com\/labravaradiofm\/2024\/12\/06\/confirman-muerte-de-8-menores-por-bacteria-en-edomex-brote-bajo-control\/","name":"Confirman muerte de 8 menores por bacteria en Edomex; brote, bajo control - LA BRAVA RADIO","isPartOf":{"@id":"https:\/\/www.bbmnoticias.com\/labravaradiofm\/#website"},"primaryImageOfPage":{"@id":"https:\/\/www.bbmnoticias.com\/labravaradiofm\/2024\/12\/06\/confirman-muerte-de-8-menores-por-bacteria-en-edomex-brote-bajo-control\/#primaryimage"},"image":{"@id":"https:\/\/www.bbmnoticias.com\/labravaradiofm\/2024\/12\/06\/confirman-muerte-de-8-menores-por-bacteria-en-edomex-brote-bajo-control\/#primaryimage"},"thumbnailUrl":"https:\/\/www.bbmnoticias.com\/labravaradiofm\/wp-content\/uploads\/sites\/5\/2024\/12\/GeFrqLAW4AAGS5w.jpg","datePublished":"2024-12-06T18:21:07+00:00","dateModified":"2024-12-06T18:21:11+00:00","author":{"@id":"https:\/\/www.bbmnoticias.com\/labravaradiofm\/#\/schema\/person\/68a9e9036ef3c5b55aeb2b71dc8bab45"},"breadcrumb":{"@id":"https:\/\/www.bbmnoticias.com\/labravaradiofm\/2024\/12\/06\/confirman-muerte-de-8-menores-por-bacteria-en-edomex-brote-bajo-control\/#breadcrumb"},"inLanguage":"es","potentialAction":[{"@type":"ReadAction","target":["https:\/\/www.bbmnoticias.com\/labravaradiofm\/2024\/12\/06\/confirman-muerte-de-8-menores-por-bacteria-en-edomex-brote-bajo-control\/"]}]},{"@type":"ImageObject","inLanguage":"es","@id":"https:\/\/www.bbmnoticias.com\/labravaradiofm\/2024\/12\/06\/confirman-muerte-de-8-menores-por-bacteria-en-edomex-brote-bajo-control\/#primaryimage","url":"https:\/\/www.bbmnoticias.com\/labravaradiofm\/wp-content\/uploads\/sites\/5\/2024\/12\/GeFrqLAW4AAGS5w.jpg","contentUrl":"https:\/\/www.bbmnoticias.com\/labravaradiofm\/wp-content\/uploads\/sites\/5\/2024\/12\/GeFrqLAW4AAGS5w.jpg","width":679,"height":382},{"@type":"BreadcrumbList","@id":"https:\/\/www.bbmnoticias.com\/labravaradiofm\/2024\/12\/06\/confirman-muerte-de-8-menores-por-bacteria-en-edomex-brote-bajo-control\/#breadcrumb","itemListElement":[{"@type":"ListItem","position":1,"name":"Inicio","item":"https:\/\/www.bbmnoticias.com\/labravaradiofm\/"},{"@type":"ListItem","position":2,"name":"Confirman muerte de 8 menores por bacteria en Edomex; brote, bajo control"}]},{"@type":"WebSite","@id":"https:\/\/www.bbmnoticias.com\/labravaradiofm\/#website","url":"https:\/\/www.bbmnoticias.com\/labravaradiofm\/","name":"LA BRAVA RADIO","description":"Empresa productora de medios, Radiodifusi\u00f3n, Noticias, tendencias y todo lo que necesitas saber de la pol\u00edtica mexicana e internacional; entretenimiento, espect\u00e1culos, salud y mucho m\u00e1s.","potentialAction":[{"@type":"SearchAction","target":{"@type":"EntryPoint","urlTemplate":"https:\/\/www.bbmnoticias.com\/labravaradiofm\/?s={search_term_string}"},"query-input":{"@type":"PropertyValueSpecification","valueRequired":true,"valueName":"search_term_string"}}],"inLanguage":"es"},{"@type":"Person","@id":"https:\/\/www.bbmnoticias.com\/labravaradiofm\/#\/schema\/person\/68a9e9036ef3c5b55aeb2b71dc8bab45","name":"Staff","image":{"@type":"ImageObject","inLanguage":"es","@id":"https:\/\/secure.gravatar.com\/avatar\/fdd21ad66fd8b98c407f9dee5b5e588cfe7f0d8579ec20fa6527cd59bab7f0f0?s=96&d=mm&r=g","url":"https:\/\/secure.gravatar.com\/avatar\/fdd21ad66fd8b98c407f9dee5b5e588cfe7f0d8579ec20fa6527cd59bab7f0f0?s=96&d=mm&r=g","contentUrl":"https:\/\/secure.gravatar.com\/avatar\/fdd21ad66fd8b98c407f9dee5b5e588cfe7f0d8579ec20fa6527cd59bab7f0f0?s=96&d=mm&r=g","caption":"Staff"},"url":"https:\/\/www.bbmnoticias.com\/labravaradiofm\/author\/redaccion\/"}]}},"_links":{"self":[{"href":"https:\/\/www.bbmnoticias.com\/labravaradiofm\/wp-json\/wp\/v2\/posts\/51217","targetHints":{"allow":["GET"]}}],"collection":[{"href":"https:\/\/www.bbmnoticias.com\/labravaradiofm\/wp-json\/wp\/v2\/posts"}],"about":[{"href":"https:\/\/www.bbmnoticias.com\/labravaradiofm\/wp-json\/wp\/v2\/types\/post"}],"author":[{"embeddable":true,"href":"https:\/\/www.bbmnoticias.com\/labravaradiofm\/wp-json\/wp\/v2\/users\/2"}],"replies":[{"embeddable":true,"href":"https:\/\/www.bbmnoticias.com\/labravaradiofm\/wp-json\/wp\/v2\/comments?post=51217"}],"version-history":[{"count":0,"href":"https:\/\/www.bbmnoticias.com\/labravaradiofm\/wp-json\/wp\/v2\/posts\/51217\/revisions"}],"wp:featuredmedia":[{"embeddable":true,"href":"https:\/\/www.bbmnoticias.com\/labravaradiofm\/wp-json\/wp\/v2\/media\/51218"}],"wp:attachment":[{"href":"https:\/\/www.bbmnoticias.com\/labravaradiofm\/wp-json\/wp\/v2\/media?parent=51217"}],"wp:term":[{"taxonomy":"category","embeddable":true,"href":"https:\/\/www.bbmnoticias.com\/labravaradiofm\/wp-json\/wp\/v2\/categories?post=51217"},{"taxonomy":"post_tag","embeddable":true,"href":"https:\/\/www.bbmnoticias.com\/labravaradiofm\/wp-json\/wp\/v2\/tags?post=51217"}],"curies":[{"name":"wp","href":"https:\/\/api.w.org\/{rel}","templated":true}]}}