{"id":51214,"date":"2024-12-06T12:17:10","date_gmt":"2024-12-06T18:17:10","guid":{"rendered":"https:\/\/www.bbmnoticias.com\/labravaradiofm\/?p=51214"},"modified":"2024-12-06T12:17:14","modified_gmt":"2024-12-06T18:17:14","slug":"adan-augusto-vs-panistas-por-que-pelearon-senadores-de-morena-contra-los-del-pan-en-el-senado","status":"publish","type":"post","link":"https:\/\/www.bbmnoticias.com\/labravaradiofm\/2024\/12\/06\/adan-augusto-vs-panistas-por-que-pelearon-senadores-de-morena-contra-los-del-pan-en-el-senado\/","title":{"rendered":"Ad\u00e1n Augusto vs panistas; \u00bfpor qu\u00e9 pelearon senadores de Morena contra los del PAN en el Senado?"},"content":{"rendered":"<div style=\"margin-top: 0px; margin-bottom: 0px;\" class=\"sharethis-inline-share-buttons\" ><\/div>\n<p>La tarde del 5 de diciembre, el senador del PAN, <strong>Mario V\u00e1zquez<\/strong>, acus\u00f3 que durante una sesi\u00f3n en el <strong>Senado<\/strong>, fue agredido tanto verbal como f\u00edsicamente por el coordinador de <strong>Morena<\/strong>, <strong>Ad\u00e1n Augusto L\u00f3pez<\/strong>, y el senador <strong>Miguel \u00c1ngel Yunes M\u00e1rquez<\/strong>.<\/p>\n\n\n\n<p>\u201cDonde te vea te voy a partir la madre\u201d, \u201cte espero all\u00e1 afuera culero\u201d, denunci\u00f3 que su ex compa\u00f1ero de partido lo amenaz\u00f3, mientras que el coordinador de la bancada mayoritaria se quit\u00f3 el saco y alent\u00f3 a Yunes para que lo agrediera.<\/p>\n\n\n\n<p>La <strong>trifulca <\/strong>comenz\u00f3 poco despu\u00e9s de que V\u00e1zquez, desde la tribuna, cuestionara que Morena present\u00f3 a Javier Corral y a Yunes como ejemplos de pluralidad en su grupo parlamentario.<\/p>\n\n\n\n<p>\u201cLo que dije fue que a Yunes lo amenazaron, \u00e9l cedi\u00f3 y termin\u00e9 diciendo que las dio, y eso a ellos les afect\u00f3 en sus castos o\u00eddos. Ad\u00e1n Augusto y un grupo de senadores llegaron a los esca\u00f1os del PAN y amenazaron con madrearme, que me saliera a discutir\u201d, explic\u00f3 V\u00e1zquez Robles.<\/p>\n\n\n\n<p>En medio del altercado, tambi\u00e9n estuvieron involucrados otros senadores, como el vicecoordinador del PAN, <strong>Enrique Vargas<\/strong>, quien fue jalonado por el expanista <strong>Luis Fernando Salazar <\/strong>durante la discusi\u00f3n. Salazar intent\u00f3 sujetarlo por el cuello, pero el l\u00edder de la bancada del Partido Verde, <strong>Manuel Velasco<\/strong>, intervino y se puso entre ambos para evitar que el senador de Morena continuara con la agresi\u00f3n.<\/p>\n\n\n\n<p>A unos metros, la panista Lilly T\u00e9llez ped\u00eda a los senadores de la bancada oficialista que regresaran a sus esca\u00f1os. \u201c\u00a1Yunes traidor, l\u00e1rgate de aqu\u00ed!\u201d, \u201c\u00a1s\u00e1lganse de esta bancada!\u201d, \u201c\u00a1v\u00e1yanse de aqu\u00ed!\u201d, \u201c\u00a1largo de aqu\u00ed!\u201d, gritaba la legisladora sonorense.<\/p>\n\n\n\n<p>Mario Humberto V\u00e1zquez Roble es un <strong>senador panista<\/strong>, nacido el 17 de agosto de 1962 en <strong>Chihuahua<\/strong>.<\/p>\n\n\n\n<p>Es<strong> ingeniero civil por la Facultad de Ingenier\u00eda de la Universidad Aut\u00f3noma de Chihuahua<\/strong>; adem\u00e1s de tener una maestr\u00eda en Administraci\u00f3n P\u00fablica.<\/p>\n\n\n\n<p>A lo largo de su trayectoria, ha desempe\u00f1ado los siguientes cargos:<\/p>\n\n\n\n<ul class=\"wp-block-list\">\n<li>1996-2001 Dirigente estatal del Frente Democr\u00e1tico Campesino.<\/li>\n\n\n\n<li>2001-2004 Alcalde del municipio de Santa Isabel.<\/li>\n\n\n\n<li>2011-2014 y 2014-2016 \u2013 Presidente del Comit\u00e9 Directivo Estatal del Partido Acci\u00f3n Nacional.<\/li>\n\n\n\n<li>2016 \u2013 Director de Servicios P\u00fablicos Municipales en el Municipio de Chihuahua.<\/li>\n\n\n\n<li>2018 \u2013 Jefe de Gabinete del Gobierno Municipal.<\/li>\n\n\n\n<li>2021-2023 \u2013 Diputado del Congreso del Estado de Chihuahua por el distrito 16.<\/li>\n\n\n\n<li>2023-2024 \u2013 Secretario de Comunicaciones y Obras P\u00fablicas del Gobierno Estatal de Chihuahua.<\/li>\n<\/ul>\n\n\n\n<p><em>Con informaci\u00f3n de V\u00edctor Gamboa y Luis Carlos Rodr\u00edguez.<\/em><\/p>\n\n\n\n<p>Abdiel Sep\u00falveda\/ eluniversal.com.mx<\/p>\n","protected":false},"excerpt":{"rendered":"<p>La tarde del 5 de diciembre, el senador del PAN, Mario V\u00e1zquez, acus\u00f3 que durante una sesi\u00f3n en el Senado, fue agredido tanto verbal como f\u00edsicamente por el coordinador de Morena, Ad\u00e1n Augusto L\u00f3pez, y el senador Miguel \u00c1ngel Yunes M\u00e1rquez. \u201cDonde te vea te voy a partir la madre\u201d, \u201cte espero all\u00e1 afuera culero\u201d, [&hellip;]<\/p>\n","protected":false},"author":10,"featured_media":51215,"comment_status":"closed","ping_status":"closed","sticky":false,"template":"","format":"standard","meta":{"footnotes":""},"categories":[2],"tags":[],"class_list":{"0":"post-51214","1":"post","2":"type-post","3":"status-publish","4":"format-standard","5":"has-post-thumbnail","7":"category-oaxaca"},"yoast_head":"<!-- This site is optimized with the Yoast SEO plugin v27.4 - https:\/\/yoast.com\/product\/yoast-seo-wordpress\/ -->\n<title>Ad\u00e1n Augusto vs panistas; \u00bfpor qu\u00e9 pelearon senadores de Morena contra los del PAN en el Senado? - LA BRAVA RADIO<\/title>\n<meta name=\"robots\" content=\"index, follow, max-snippet:-1, max-image-preview:large, max-video-preview:-1\" \/>\n<link rel=\"canonical\" href=\"https:\/\/www.bbmnoticias.com\/labravaradiofm\/2024\/12\/06\/adan-augusto-vs-panistas-por-que-pelearon-senadores-de-morena-contra-los-del-pan-en-el-senado\/\" \/>\n<meta property=\"og:locale\" content=\"es_MX\" \/>\n<meta property=\"og:type\" content=\"article\" \/>\n<meta property=\"og:title\" content=\"Ad\u00e1n Augusto vs panistas; \u00bfpor qu\u00e9 pelearon senadores de Morena contra los del PAN en el Senado? - LA BRAVA RADIO\" \/>\n<meta property=\"og:description\" content=\"La tarde del 5 de diciembre, el senador del PAN, Mario V\u00e1zquez, acus\u00f3 que durante una sesi\u00f3n en el Senado, fue agredido tanto verbal como f\u00edsicamente por el coordinador de Morena, Ad\u00e1n Augusto L\u00f3pez, y el senador Miguel \u00c1ngel Yunes M\u00e1rquez. \u201cDonde te vea te voy a partir la madre\u201d, \u201cte espero all\u00e1 afuera culero\u201d, [&hellip;]\" \/>\n<meta property=\"og:url\" content=\"https:\/\/www.bbmnoticias.com\/labravaradiofm\/2024\/12\/06\/adan-augusto-vs-panistas-por-que-pelearon-senadores-de-morena-contra-los-del-pan-en-el-senado\/\" \/>\n<meta property=\"og:site_name\" content=\"LA BRAVA RADIO\" \/>\n<meta property=\"article:published_time\" content=\"2024-12-06T18:17:10+00:00\" \/>\n<meta property=\"article:modified_time\" content=\"2024-12-06T18:17:14+00:00\" \/>\n<meta property=\"og:image\" content=\"https:\/\/www.bbmnoticias.com\/labravaradiofm\/wp-content\/uploads\/sites\/5\/2024\/12\/mfwryQcJ.jpg\" \/>\n\t<meta property=\"og:image:width\" content=\"680\" \/>\n\t<meta property=\"og:image:height\" content=\"419\" \/>\n\t<meta property=\"og:image:type\" content=\"image\/jpeg\" \/>\n<meta name=\"author\" content=\"El Universal\" \/>\n<meta name=\"twitter:card\" content=\"summary_large_image\" \/>\n<meta name=\"twitter:label1\" content=\"Escrito por\" \/>\n\t<meta name=\"twitter:data1\" content=\"El Universal\" \/>\n\t<meta name=\"twitter:label2\" content=\"Tiempo de lectura\" \/>\n\t<meta name=\"twitter:data2\" content=\"3 minutos\" \/>\n<script type=\"application\/ld+json\" class=\"yoast-schema-graph\">{\"@context\":\"https:\\\/\\\/schema.org\",\"@graph\":[{\"@type\":\"Article\",\"@id\":\"https:\\\/\\\/www.bbmnoticias.com\\\/labravaradiofm\\\/2024\\\/12\\\/06\\\/adan-augusto-vs-panistas-por-que-pelearon-senadores-de-morena-contra-los-del-pan-en-el-senado\\\/#article\",\"isPartOf\":{\"@id\":\"https:\\\/\\\/www.bbmnoticias.com\\\/labravaradiofm\\\/2024\\\/12\\\/06\\\/adan-augusto-vs-panistas-por-que-pelearon-senadores-de-morena-contra-los-del-pan-en-el-senado\\\/\"},\"author\":{\"name\":\"El Universal\",\"@id\":\"https:\\\/\\\/www.bbmnoticias.com\\\/labravaradiofm\\\/#\\\/schema\\\/person\\\/2a5252389acf1e67397601bfd47df59b\"},\"headline\":\"Ad\u00e1n Augusto vs panistas; \u00bfpor qu\u00e9 pelearon senadores de Morena contra los del PAN en el Senado?\",\"datePublished\":\"2024-12-06T18:17:10+00:00\",\"dateModified\":\"2024-12-06T18:17:14+00:00\",\"mainEntityOfPage\":{\"@id\":\"https:\\\/\\\/www.bbmnoticias.com\\\/labravaradiofm\\\/2024\\\/12\\\/06\\\/adan-augusto-vs-panistas-por-que-pelearon-senadores-de-morena-contra-los-del-pan-en-el-senado\\\/\"},\"wordCount\":449,\"image\":{\"@id\":\"https:\\\/\\\/www.bbmnoticias.com\\\/labravaradiofm\\\/2024\\\/12\\\/06\\\/adan-augusto-vs-panistas-por-que-pelearon-senadores-de-morena-contra-los-del-pan-en-el-senado\\\/#primaryimage\"},\"thumbnailUrl\":\"https:\\\/\\\/www.bbmnoticias.com\\\/labravaradiofm\\\/wp-content\\\/uploads\\\/sites\\\/5\\\/2024\\\/12\\\/mfwryQcJ.jpg\",\"articleSection\":[\"LOCAL\"],\"inLanguage\":\"es\"},{\"@type\":\"WebPage\",\"@id\":\"https:\\\/\\\/www.bbmnoticias.com\\\/labravaradiofm\\\/2024\\\/12\\\/06\\\/adan-augusto-vs-panistas-por-que-pelearon-senadores-de-morena-contra-los-del-pan-en-el-senado\\\/\",\"url\":\"https:\\\/\\\/www.bbmnoticias.com\\\/labravaradiofm\\\/2024\\\/12\\\/06\\\/adan-augusto-vs-panistas-por-que-pelearon-senadores-de-morena-contra-los-del-pan-en-el-senado\\\/\",\"name\":\"Ad\u00e1n Augusto vs panistas; \u00bfpor qu\u00e9 pelearon senadores de Morena contra los del PAN en el Senado? - LA BRAVA RADIO\",\"isPartOf\":{\"@id\":\"https:\\\/\\\/www.bbmnoticias.com\\\/labravaradiofm\\\/#website\"},\"primaryImageOfPage\":{\"@id\":\"https:\\\/\\\/www.bbmnoticias.com\\\/labravaradiofm\\\/2024\\\/12\\\/06\\\/adan-augusto-vs-panistas-por-que-pelearon-senadores-de-morena-contra-los-del-pan-en-el-senado\\\/#primaryimage\"},\"image\":{\"@id\":\"https:\\\/\\\/www.bbmnoticias.com\\\/labravaradiofm\\\/2024\\\/12\\\/06\\\/adan-augusto-vs-panistas-por-que-pelearon-senadores-de-morena-contra-los-del-pan-en-el-senado\\\/#primaryimage\"},\"thumbnailUrl\":\"https:\\\/\\\/www.bbmnoticias.com\\\/labravaradiofm\\\/wp-content\\\/uploads\\\/sites\\\/5\\\/2024\\\/12\\\/mfwryQcJ.jpg\",\"datePublished\":\"2024-12-06T18:17:10+00:00\",\"dateModified\":\"2024-12-06T18:17:14+00:00\",\"author\":{\"@id\":\"https:\\\/\\\/www.bbmnoticias.com\\\/labravaradiofm\\\/#\\\/schema\\\/person\\\/2a5252389acf1e67397601bfd47df59b\"},\"breadcrumb\":{\"@id\":\"https:\\\/\\\/www.bbmnoticias.com\\\/labravaradiofm\\\/2024\\\/12\\\/06\\\/adan-augusto-vs-panistas-por-que-pelearon-senadores-de-morena-contra-los-del-pan-en-el-senado\\\/#breadcrumb\"},\"inLanguage\":\"es\",\"potentialAction\":[{\"@type\":\"ReadAction\",\"target\":[\"https:\\\/\\\/www.bbmnoticias.com\\\/labravaradiofm\\\/2024\\\/12\\\/06\\\/adan-augusto-vs-panistas-por-que-pelearon-senadores-de-morena-contra-los-del-pan-en-el-senado\\\/\"]}]},{\"@type\":\"ImageObject\",\"inLanguage\":\"es\",\"@id\":\"https:\\\/\\\/www.bbmnoticias.com\\\/labravaradiofm\\\/2024\\\/12\\\/06\\\/adan-augusto-vs-panistas-por-que-pelearon-senadores-de-morena-contra-los-del-pan-en-el-senado\\\/#primaryimage\",\"url\":\"https:\\\/\\\/www.bbmnoticias.com\\\/labravaradiofm\\\/wp-content\\\/uploads\\\/sites\\\/5\\\/2024\\\/12\\\/mfwryQcJ.jpg\",\"contentUrl\":\"https:\\\/\\\/www.bbmnoticias.com\\\/labravaradiofm\\\/wp-content\\\/uploads\\\/sites\\\/5\\\/2024\\\/12\\\/mfwryQcJ.jpg\",\"width\":680,\"height\":419},{\"@type\":\"BreadcrumbList\",\"@id\":\"https:\\\/\\\/www.bbmnoticias.com\\\/labravaradiofm\\\/2024\\\/12\\\/06\\\/adan-augusto-vs-panistas-por-que-pelearon-senadores-de-morena-contra-los-del-pan-en-el-senado\\\/#breadcrumb\",\"itemListElement\":[{\"@type\":\"ListItem\",\"position\":1,\"name\":\"Inicio\",\"item\":\"https:\\\/\\\/www.bbmnoticias.com\\\/labravaradiofm\\\/\"},{\"@type\":\"ListItem\",\"position\":2,\"name\":\"Ad\u00e1n Augusto vs panistas; \u00bfpor qu\u00e9 pelearon senadores de Morena contra los del PAN en el Senado?\"}]},{\"@type\":\"WebSite\",\"@id\":\"https:\\\/\\\/www.bbmnoticias.com\\\/labravaradiofm\\\/#website\",\"url\":\"https:\\\/\\\/www.bbmnoticias.com\\\/labravaradiofm\\\/\",\"name\":\"LA BRAVA RADIO\",\"description\":\"Empresa productora de medios, Radiodifusi\u00f3n, Noticias, tendencias y todo lo que necesitas saber de la pol\u00edtica mexicana e internacional; entretenimiento, espect\u00e1culos, salud y mucho m\u00e1s.\",\"potentialAction\":[{\"@type\":\"SearchAction\",\"target\":{\"@type\":\"EntryPoint\",\"urlTemplate\":\"https:\\\/\\\/www.bbmnoticias.com\\\/labravaradiofm\\\/?s={search_term_string}\"},\"query-input\":{\"@type\":\"PropertyValueSpecification\",\"valueRequired\":true,\"valueName\":\"search_term_string\"}}],\"inLanguage\":\"es\"},{\"@type\":\"Person\",\"@id\":\"https:\\\/\\\/www.bbmnoticias.com\\\/labravaradiofm\\\/#\\\/schema\\\/person\\\/2a5252389acf1e67397601bfd47df59b\",\"name\":\"El Universal\",\"image\":{\"@type\":\"ImageObject\",\"inLanguage\":\"es\",\"@id\":\"https:\\\/\\\/secure.gravatar.com\\\/avatar\\\/71c770e6e00bd7cb8183e56d1c59f81601544fbe41d802d7c17d05c9e25f7d06?s=96&d=mm&r=g\",\"url\":\"https:\\\/\\\/secure.gravatar.com\\\/avatar\\\/71c770e6e00bd7cb8183e56d1c59f81601544fbe41d802d7c17d05c9e25f7d06?s=96&d=mm&r=g\",\"contentUrl\":\"https:\\\/\\\/secure.gravatar.com\\\/avatar\\\/71c770e6e00bd7cb8183e56d1c59f81601544fbe41d802d7c17d05c9e25f7d06?s=96&d=mm&r=g\",\"caption\":\"El Universal\"},\"url\":\"https:\\\/\\\/www.bbmnoticias.com\\\/labravaradiofm\\\/author\\\/eluniversal\\\/\"}]}<\/script>\n<!-- \/ Yoast SEO plugin. -->","yoast_head_json":{"title":"Ad\u00e1n Augusto vs panistas; \u00bfpor qu\u00e9 pelearon senadores de Morena contra los del PAN en el Senado? - LA BRAVA RADIO","robots":{"index":"index","follow":"follow","max-snippet":"max-snippet:-1","max-image-preview":"max-image-preview:large","max-video-preview":"max-video-preview:-1"},"canonical":"https:\/\/www.bbmnoticias.com\/labravaradiofm\/2024\/12\/06\/adan-augusto-vs-panistas-por-que-pelearon-senadores-de-morena-contra-los-del-pan-en-el-senado\/","og_locale":"es_MX","og_type":"article","og_title":"Ad\u00e1n Augusto vs panistas; \u00bfpor qu\u00e9 pelearon senadores de Morena contra los del PAN en el Senado? - LA BRAVA RADIO","og_description":"La tarde del 5 de diciembre, el senador del PAN, Mario V\u00e1zquez, acus\u00f3 que durante una sesi\u00f3n en el Senado, fue agredido tanto verbal como f\u00edsicamente por el coordinador de Morena, Ad\u00e1n Augusto L\u00f3pez, y el senador Miguel \u00c1ngel Yunes M\u00e1rquez. \u201cDonde te vea te voy a partir la madre\u201d, \u201cte espero all\u00e1 afuera culero\u201d, [&hellip;]","og_url":"https:\/\/www.bbmnoticias.com\/labravaradiofm\/2024\/12\/06\/adan-augusto-vs-panistas-por-que-pelearon-senadores-de-morena-contra-los-del-pan-en-el-senado\/","og_site_name":"LA BRAVA RADIO","article_published_time":"2024-12-06T18:17:10+00:00","article_modified_time":"2024-12-06T18:17:14+00:00","og_image":[{"width":680,"height":419,"url":"https:\/\/www.bbmnoticias.com\/labravaradiofm\/wp-content\/uploads\/sites\/5\/2024\/12\/mfwryQcJ.jpg","type":"image\/jpeg"}],"author":"El Universal","twitter_card":"summary_large_image","twitter_misc":{"Escrito por":"El Universal","Tiempo de lectura":"3 minutos"},"schema":{"@context":"https:\/\/schema.org","@graph":[{"@type":"Article","@id":"https:\/\/www.bbmnoticias.com\/labravaradiofm\/2024\/12\/06\/adan-augusto-vs-panistas-por-que-pelearon-senadores-de-morena-contra-los-del-pan-en-el-senado\/#article","isPartOf":{"@id":"https:\/\/www.bbmnoticias.com\/labravaradiofm\/2024\/12\/06\/adan-augusto-vs-panistas-por-que-pelearon-senadores-de-morena-contra-los-del-pan-en-el-senado\/"},"author":{"name":"El Universal","@id":"https:\/\/www.bbmnoticias.com\/labravaradiofm\/#\/schema\/person\/2a5252389acf1e67397601bfd47df59b"},"headline":"Ad\u00e1n Augusto vs panistas; \u00bfpor qu\u00e9 pelearon senadores de Morena contra los del PAN en el Senado?","datePublished":"2024-12-06T18:17:10+00:00","dateModified":"2024-12-06T18:17:14+00:00","mainEntityOfPage":{"@id":"https:\/\/www.bbmnoticias.com\/labravaradiofm\/2024\/12\/06\/adan-augusto-vs-panistas-por-que-pelearon-senadores-de-morena-contra-los-del-pan-en-el-senado\/"},"wordCount":449,"image":{"@id":"https:\/\/www.bbmnoticias.com\/labravaradiofm\/2024\/12\/06\/adan-augusto-vs-panistas-por-que-pelearon-senadores-de-morena-contra-los-del-pan-en-el-senado\/#primaryimage"},"thumbnailUrl":"https:\/\/www.bbmnoticias.com\/labravaradiofm\/wp-content\/uploads\/sites\/5\/2024\/12\/mfwryQcJ.jpg","articleSection":["LOCAL"],"inLanguage":"es"},{"@type":"WebPage","@id":"https:\/\/www.bbmnoticias.com\/labravaradiofm\/2024\/12\/06\/adan-augusto-vs-panistas-por-que-pelearon-senadores-de-morena-contra-los-del-pan-en-el-senado\/","url":"https:\/\/www.bbmnoticias.com\/labravaradiofm\/2024\/12\/06\/adan-augusto-vs-panistas-por-que-pelearon-senadores-de-morena-contra-los-del-pan-en-el-senado\/","name":"Ad\u00e1n Augusto vs panistas; \u00bfpor qu\u00e9 pelearon senadores de Morena contra los del PAN en el Senado? - LA BRAVA RADIO","isPartOf":{"@id":"https:\/\/www.bbmnoticias.com\/labravaradiofm\/#website"},"primaryImageOfPage":{"@id":"https:\/\/www.bbmnoticias.com\/labravaradiofm\/2024\/12\/06\/adan-augusto-vs-panistas-por-que-pelearon-senadores-de-morena-contra-los-del-pan-en-el-senado\/#primaryimage"},"image":{"@id":"https:\/\/www.bbmnoticias.com\/labravaradiofm\/2024\/12\/06\/adan-augusto-vs-panistas-por-que-pelearon-senadores-de-morena-contra-los-del-pan-en-el-senado\/#primaryimage"},"thumbnailUrl":"https:\/\/www.bbmnoticias.com\/labravaradiofm\/wp-content\/uploads\/sites\/5\/2024\/12\/mfwryQcJ.jpg","datePublished":"2024-12-06T18:17:10+00:00","dateModified":"2024-12-06T18:17:14+00:00","author":{"@id":"https:\/\/www.bbmnoticias.com\/labravaradiofm\/#\/schema\/person\/2a5252389acf1e67397601bfd47df59b"},"breadcrumb":{"@id":"https:\/\/www.bbmnoticias.com\/labravaradiofm\/2024\/12\/06\/adan-augusto-vs-panistas-por-que-pelearon-senadores-de-morena-contra-los-del-pan-en-el-senado\/#breadcrumb"},"inLanguage":"es","potentialAction":[{"@type":"ReadAction","target":["https:\/\/www.bbmnoticias.com\/labravaradiofm\/2024\/12\/06\/adan-augusto-vs-panistas-por-que-pelearon-senadores-de-morena-contra-los-del-pan-en-el-senado\/"]}]},{"@type":"ImageObject","inLanguage":"es","@id":"https:\/\/www.bbmnoticias.com\/labravaradiofm\/2024\/12\/06\/adan-augusto-vs-panistas-por-que-pelearon-senadores-de-morena-contra-los-del-pan-en-el-senado\/#primaryimage","url":"https:\/\/www.bbmnoticias.com\/labravaradiofm\/wp-content\/uploads\/sites\/5\/2024\/12\/mfwryQcJ.jpg","contentUrl":"https:\/\/www.bbmnoticias.com\/labravaradiofm\/wp-content\/uploads\/sites\/5\/2024\/12\/mfwryQcJ.jpg","width":680,"height":419},{"@type":"BreadcrumbList","@id":"https:\/\/www.bbmnoticias.com\/labravaradiofm\/2024\/12\/06\/adan-augusto-vs-panistas-por-que-pelearon-senadores-de-morena-contra-los-del-pan-en-el-senado\/#breadcrumb","itemListElement":[{"@type":"ListItem","position":1,"name":"Inicio","item":"https:\/\/www.bbmnoticias.com\/labravaradiofm\/"},{"@type":"ListItem","position":2,"name":"Ad\u00e1n Augusto vs panistas; \u00bfpor qu\u00e9 pelearon senadores de Morena contra los del PAN en el Senado?"}]},{"@type":"WebSite","@id":"https:\/\/www.bbmnoticias.com\/labravaradiofm\/#website","url":"https:\/\/www.bbmnoticias.com\/labravaradiofm\/","name":"LA BRAVA RADIO","description":"Empresa productora de medios, Radiodifusi\u00f3n, Noticias, tendencias y todo lo que necesitas saber de la pol\u00edtica mexicana e internacional; entretenimiento, espect\u00e1culos, salud y mucho m\u00e1s.","potentialAction":[{"@type":"SearchAction","target":{"@type":"EntryPoint","urlTemplate":"https:\/\/www.bbmnoticias.com\/labravaradiofm\/?s={search_term_string}"},"query-input":{"@type":"PropertyValueSpecification","valueRequired":true,"valueName":"search_term_string"}}],"inLanguage":"es"},{"@type":"Person","@id":"https:\/\/www.bbmnoticias.com\/labravaradiofm\/#\/schema\/person\/2a5252389acf1e67397601bfd47df59b","name":"El Universal","image":{"@type":"ImageObject","inLanguage":"es","@id":"https:\/\/secure.gravatar.com\/avatar\/71c770e6e00bd7cb8183e56d1c59f81601544fbe41d802d7c17d05c9e25f7d06?s=96&d=mm&r=g","url":"https:\/\/secure.gravatar.com\/avatar\/71c770e6e00bd7cb8183e56d1c59f81601544fbe41d802d7c17d05c9e25f7d06?s=96&d=mm&r=g","contentUrl":"https:\/\/secure.gravatar.com\/avatar\/71c770e6e00bd7cb8183e56d1c59f81601544fbe41d802d7c17d05c9e25f7d06?s=96&d=mm&r=g","caption":"El Universal"},"url":"https:\/\/www.bbmnoticias.com\/labravaradiofm\/author\/eluniversal\/"}]}},"_links":{"self":[{"href":"https:\/\/www.bbmnoticias.com\/labravaradiofm\/wp-json\/wp\/v2\/posts\/51214","targetHints":{"allow":["GET"]}}],"collection":[{"href":"https:\/\/www.bbmnoticias.com\/labravaradiofm\/wp-json\/wp\/v2\/posts"}],"about":[{"href":"https:\/\/www.bbmnoticias.com\/labravaradiofm\/wp-json\/wp\/v2\/types\/post"}],"author":[{"embeddable":true,"href":"https:\/\/www.bbmnoticias.com\/labravaradiofm\/wp-json\/wp\/v2\/users\/10"}],"replies":[{"embeddable":true,"href":"https:\/\/www.bbmnoticias.com\/labravaradiofm\/wp-json\/wp\/v2\/comments?post=51214"}],"version-history":[{"count":0,"href":"https:\/\/www.bbmnoticias.com\/labravaradiofm\/wp-json\/wp\/v2\/posts\/51214\/revisions"}],"wp:featuredmedia":[{"embeddable":true,"href":"https:\/\/www.bbmnoticias.com\/labravaradiofm\/wp-json\/wp\/v2\/media\/51215"}],"wp:attachment":[{"href":"https:\/\/www.bbmnoticias.com\/labravaradiofm\/wp-json\/wp\/v2\/media?parent=51214"}],"wp:term":[{"taxonomy":"category","embeddable":true,"href":"https:\/\/www.bbmnoticias.com\/labravaradiofm\/wp-json\/wp\/v2\/categories?post=51214"},{"taxonomy":"post_tag","embeddable":true,"href":"https:\/\/www.bbmnoticias.com\/labravaradiofm\/wp-json\/wp\/v2\/tags?post=51214"}],"curies":[{"name":"wp","href":"https:\/\/api.w.org\/{rel}","templated":true}]}}