{"id":51200,"date":"2024-12-06T10:08:24","date_gmt":"2024-12-06T16:08:24","guid":{"rendered":"https:\/\/www.bbmnoticias.com\/labravaradiofm\/?p=51200"},"modified":"2024-12-06T10:08:29","modified_gmt":"2024-12-06T16:08:29","slug":"sheinbaum-desmiente-a-trump-asegura-que-no-le-dijo-por-que-me-haces-esto-tras-llamada-telefonica-por-aranceles","status":"publish","type":"post","link":"https:\/\/www.bbmnoticias.com\/labravaradiofm\/2024\/12\/06\/sheinbaum-desmiente-a-trump-asegura-que-no-le-dijo-por-que-me-haces-esto-tras-llamada-telefonica-por-aranceles\/","title":{"rendered":"Sheinbaum desmiente a Trump; asegura que no le dijo \u201c\u00bfpor qu\u00e9 me haces esto?\u201d, tras llamada telef\u00f3nica por aranceles"},"content":{"rendered":"<div style=\"margin-top: 0px; margin-bottom: 0px;\" class=\"sharethis-inline-share-buttons\" ><\/div>\n<p>La Presidenta <strong>Claudia Sheinbaum Pardo<\/strong> desminti\u00f3 que le haya dicho a <strong>Donald Trump<\/strong> <strong>\u201c\u00bfpor qu\u00e9 me haces esto?\u201d<\/strong>, tras llamada telef\u00f3nica por tema de <strong>aranceles<\/strong>.<\/p>\n\n\n\n<p>En su conferencia matutina de este viernes en el Sal\u00f3n Tesorer\u00eda de Palacio Nacional, la Madataria Federal se\u00f1al\u00f3 que el presidente electo de Estados Unidos tiene \u201csu manera de comunicar\u201d.<\/p>\n\n\n\n<p>\u201cNo fue as\u00ed, Trump tiene su manera de comunicar [&#8230;] La Presidenta de M\u00e9xico debe mantener la <strong>coordinaci\u00f3n sin subordinaci\u00f3n&#8221;<\/strong>, indic\u00f3 la Mandataria.<\/p>\n\n\n\n<p>La presidenta Claudia Sheinbaum asegur\u00f3 que hay que<strong> evitar caer en la provocaci\u00f3n<\/strong>, luego de que Donald Trump dijo que la Mandataria mexicana \u201cle recrimin\u00f3\u201d su amago de imponer un arancel a las importaciones de M\u00e9xico.<\/p>\n\n\n\n<p>\u201cNo voy a entrar tampoco a un debate. \u00c9l tiene su manera de comunicar, pero pueden tener la certeza, las y los mexicanos, que nunca vamos a agachar la cabeza ni a ser indignos en una conversaci\u00f3n. Entonces, tampoco se trata de entrar ahora en una&#8230; Hay que evitar tambi\u00e9n caer en cualquier provocaci\u00f3n, es importante\u201d.<\/p>\n\n\n\n<p>Tambi\u00e9n asegur\u00f3 que tras su llamada con el pr\u00f3ximo mandatario, \u00e9l public\u00f3 que \u201cvamos a cerrar la frontera. Nunca se habl\u00f3 de eso en la llamada\u201d.<\/p>\n\n\n\n<p>\u201cDije que hay una estrategia de M\u00e9xico para atender la <strong>migraci\u00f3n <\/strong>que evita que lleguen las caravanas a la frontera norte con una visi\u00f3n humanitaria y de atenci\u00f3n a los migrantes.<\/p>\n\n\n\n<p>Hablamos del tema del <strong>fentanilo <\/strong>y en qu\u00e9 se puede colaborar con respeto a nuestras soberan\u00edas en temas de investigaci\u00f3n, inteligencia. Le plante\u00e9 la campa\u00f1a, que \u00e9l hizo una publicaci\u00f3n reciente, de que va a impulsar una campa\u00f1a. Esencialmente fue la llamada sobre esos temas\u201d.<\/p>\n\n\n\n<p>Durante una cena organizada por la cadena de televisi\u00f3n FoxNews, donde recibi\u00f3 el premio del <strong>\u201cPatriota del A\u00f1o\u201d<\/strong>, Trump dijo que la recriminaci\u00f3n de Sheinbaum ocurri\u00f3 durante la llamada telef\u00f3nica que sostuvieron el pasado mi\u00e9rcoles 27 de noviembre dos d\u00edas despu\u00e9s de su amago de imponer 25% a las importaciones de Estados Unidos y Canad\u00e1.<\/p>\n","protected":false},"excerpt":{"rendered":"<p>La Presidenta Claudia Sheinbaum Pardo desminti\u00f3 que le haya dicho a Donald Trump \u201c\u00bfpor qu\u00e9 me haces esto?\u201d, tras llamada telef\u00f3nica por tema de aranceles. En su conferencia matutina de este viernes en el Sal\u00f3n Tesorer\u00eda de Palacio Nacional, la Madataria Federal se\u00f1al\u00f3 que el presidente electo de Estados Unidos tiene \u201csu manera de comunicar\u201d. [&hellip;]<\/p>\n","protected":false},"author":4,"featured_media":51201,"comment_status":"closed","ping_status":"closed","sticky":false,"template":"","format":"standard","meta":{"footnotes":""},"categories":[1025,19],"tags":[],"class_list":{"0":"post-51200","1":"post","2":"type-post","3":"status-publish","4":"format-standard","5":"has-post-thumbnail","7":"category-destacado","8":"category-nacional"},"yoast_head":"<!-- This site is optimized with the Yoast SEO plugin v27.4 - https:\/\/yoast.com\/product\/yoast-seo-wordpress\/ -->\n<title>Sheinbaum desmiente a Trump; asegura que no le dijo \u201c\u00bfpor qu\u00e9 me haces esto?\u201d, tras llamada telef\u00f3nica por aranceles - LA BRAVA RADIO<\/title>\n<meta name=\"robots\" content=\"index, follow, max-snippet:-1, max-image-preview:large, max-video-preview:-1\" \/>\n<link rel=\"canonical\" href=\"https:\/\/www.bbmnoticias.com\/labravaradiofm\/2024\/12\/06\/sheinbaum-desmiente-a-trump-asegura-que-no-le-dijo-por-que-me-haces-esto-tras-llamada-telefonica-por-aranceles\/\" \/>\n<meta property=\"og:locale\" content=\"es_MX\" \/>\n<meta property=\"og:type\" content=\"article\" \/>\n<meta property=\"og:title\" content=\"Sheinbaum desmiente a Trump; asegura que no le dijo \u201c\u00bfpor qu\u00e9 me haces esto?\u201d, tras llamada telef\u00f3nica por aranceles - LA BRAVA RADIO\" \/>\n<meta property=\"og:description\" content=\"La Presidenta Claudia Sheinbaum Pardo desminti\u00f3 que le haya dicho a Donald Trump \u201c\u00bfpor qu\u00e9 me haces esto?\u201d, tras llamada telef\u00f3nica por tema de aranceles. En su conferencia matutina de este viernes en el Sal\u00f3n Tesorer\u00eda de Palacio Nacional, la Madataria Federal se\u00f1al\u00f3 que el presidente electo de Estados Unidos tiene \u201csu manera de comunicar\u201d. [&hellip;]\" \/>\n<meta property=\"og:url\" content=\"https:\/\/www.bbmnoticias.com\/labravaradiofm\/2024\/12\/06\/sheinbaum-desmiente-a-trump-asegura-que-no-le-dijo-por-que-me-haces-esto-tras-llamada-telefonica-por-aranceles\/\" \/>\n<meta property=\"og:site_name\" content=\"LA BRAVA RADIO\" \/>\n<meta property=\"article:published_time\" content=\"2024-12-06T16:08:24+00:00\" \/>\n<meta property=\"article:modified_time\" content=\"2024-12-06T16:08:29+00:00\" \/>\n<meta property=\"og:image\" content=\"https:\/\/www.bbmnoticias.com\/labravaradiofm\/wp-content\/uploads\/sites\/5\/2024\/12\/claudia-sheinbaum-2.jpg\" \/>\n\t<meta property=\"og:image:width\" content=\"800\" \/>\n\t<meta property=\"og:image:height\" content=\"484\" \/>\n\t<meta property=\"og:image:type\" content=\"image\/jpeg\" \/>\n<meta name=\"author\" content=\"Agencias\" \/>\n<meta name=\"twitter:card\" content=\"summary_large_image\" \/>\n<meta name=\"twitter:label1\" content=\"Escrito por\" \/>\n\t<meta name=\"twitter:data1\" content=\"Agencias\" \/>\n\t<meta name=\"twitter:label2\" content=\"Tiempo de lectura\" \/>\n\t<meta name=\"twitter:data2\" content=\"2 minutos\" \/>\n<script type=\"application\/ld+json\" class=\"yoast-schema-graph\">{\"@context\":\"https:\\\/\\\/schema.org\",\"@graph\":[{\"@type\":\"Article\",\"@id\":\"https:\\\/\\\/www.bbmnoticias.com\\\/labravaradiofm\\\/2024\\\/12\\\/06\\\/sheinbaum-desmiente-a-trump-asegura-que-no-le-dijo-por-que-me-haces-esto-tras-llamada-telefonica-por-aranceles\\\/#article\",\"isPartOf\":{\"@id\":\"https:\\\/\\\/www.bbmnoticias.com\\\/labravaradiofm\\\/2024\\\/12\\\/06\\\/sheinbaum-desmiente-a-trump-asegura-que-no-le-dijo-por-que-me-haces-esto-tras-llamada-telefonica-por-aranceles\\\/\"},\"author\":{\"name\":\"Agencias\",\"@id\":\"https:\\\/\\\/www.bbmnoticias.com\\\/labravaradiofm\\\/#\\\/schema\\\/person\\\/857a3daf5c8142f29919023f377fbfad\"},\"headline\":\"Sheinbaum desmiente a Trump; asegura que no le dijo \u201c\u00bfpor qu\u00e9 me haces esto?\u201d, tras llamada telef\u00f3nica por aranceles\",\"datePublished\":\"2024-12-06T16:08:24+00:00\",\"dateModified\":\"2024-12-06T16:08:29+00:00\",\"mainEntityOfPage\":{\"@id\":\"https:\\\/\\\/www.bbmnoticias.com\\\/labravaradiofm\\\/2024\\\/12\\\/06\\\/sheinbaum-desmiente-a-trump-asegura-que-no-le-dijo-por-que-me-haces-esto-tras-llamada-telefonica-por-aranceles\\\/\"},\"wordCount\":374,\"image\":{\"@id\":\"https:\\\/\\\/www.bbmnoticias.com\\\/labravaradiofm\\\/2024\\\/12\\\/06\\\/sheinbaum-desmiente-a-trump-asegura-que-no-le-dijo-por-que-me-haces-esto-tras-llamada-telefonica-por-aranceles\\\/#primaryimage\"},\"thumbnailUrl\":\"https:\\\/\\\/www.bbmnoticias.com\\\/labravaradiofm\\\/wp-content\\\/uploads\\\/sites\\\/5\\\/2024\\\/12\\\/claudia-sheinbaum-2.jpg\",\"articleSection\":[\"DESTACADO\",\"NACIONAL\"],\"inLanguage\":\"es\"},{\"@type\":\"WebPage\",\"@id\":\"https:\\\/\\\/www.bbmnoticias.com\\\/labravaradiofm\\\/2024\\\/12\\\/06\\\/sheinbaum-desmiente-a-trump-asegura-que-no-le-dijo-por-que-me-haces-esto-tras-llamada-telefonica-por-aranceles\\\/\",\"url\":\"https:\\\/\\\/www.bbmnoticias.com\\\/labravaradiofm\\\/2024\\\/12\\\/06\\\/sheinbaum-desmiente-a-trump-asegura-que-no-le-dijo-por-que-me-haces-esto-tras-llamada-telefonica-por-aranceles\\\/\",\"name\":\"Sheinbaum desmiente a Trump; asegura que no le dijo \u201c\u00bfpor qu\u00e9 me haces esto?\u201d, tras llamada telef\u00f3nica por aranceles - LA BRAVA RADIO\",\"isPartOf\":{\"@id\":\"https:\\\/\\\/www.bbmnoticias.com\\\/labravaradiofm\\\/#website\"},\"primaryImageOfPage\":{\"@id\":\"https:\\\/\\\/www.bbmnoticias.com\\\/labravaradiofm\\\/2024\\\/12\\\/06\\\/sheinbaum-desmiente-a-trump-asegura-que-no-le-dijo-por-que-me-haces-esto-tras-llamada-telefonica-por-aranceles\\\/#primaryimage\"},\"image\":{\"@id\":\"https:\\\/\\\/www.bbmnoticias.com\\\/labravaradiofm\\\/2024\\\/12\\\/06\\\/sheinbaum-desmiente-a-trump-asegura-que-no-le-dijo-por-que-me-haces-esto-tras-llamada-telefonica-por-aranceles\\\/#primaryimage\"},\"thumbnailUrl\":\"https:\\\/\\\/www.bbmnoticias.com\\\/labravaradiofm\\\/wp-content\\\/uploads\\\/sites\\\/5\\\/2024\\\/12\\\/claudia-sheinbaum-2.jpg\",\"datePublished\":\"2024-12-06T16:08:24+00:00\",\"dateModified\":\"2024-12-06T16:08:29+00:00\",\"author\":{\"@id\":\"https:\\\/\\\/www.bbmnoticias.com\\\/labravaradiofm\\\/#\\\/schema\\\/person\\\/857a3daf5c8142f29919023f377fbfad\"},\"breadcrumb\":{\"@id\":\"https:\\\/\\\/www.bbmnoticias.com\\\/labravaradiofm\\\/2024\\\/12\\\/06\\\/sheinbaum-desmiente-a-trump-asegura-que-no-le-dijo-por-que-me-haces-esto-tras-llamada-telefonica-por-aranceles\\\/#breadcrumb\"},\"inLanguage\":\"es\",\"potentialAction\":[{\"@type\":\"ReadAction\",\"target\":[\"https:\\\/\\\/www.bbmnoticias.com\\\/labravaradiofm\\\/2024\\\/12\\\/06\\\/sheinbaum-desmiente-a-trump-asegura-que-no-le-dijo-por-que-me-haces-esto-tras-llamada-telefonica-por-aranceles\\\/\"]}]},{\"@type\":\"ImageObject\",\"inLanguage\":\"es\",\"@id\":\"https:\\\/\\\/www.bbmnoticias.com\\\/labravaradiofm\\\/2024\\\/12\\\/06\\\/sheinbaum-desmiente-a-trump-asegura-que-no-le-dijo-por-que-me-haces-esto-tras-llamada-telefonica-por-aranceles\\\/#primaryimage\",\"url\":\"https:\\\/\\\/www.bbmnoticias.com\\\/labravaradiofm\\\/wp-content\\\/uploads\\\/sites\\\/5\\\/2024\\\/12\\\/claudia-sheinbaum-2.jpg\",\"contentUrl\":\"https:\\\/\\\/www.bbmnoticias.com\\\/labravaradiofm\\\/wp-content\\\/uploads\\\/sites\\\/5\\\/2024\\\/12\\\/claudia-sheinbaum-2.jpg\",\"width\":800,\"height\":484},{\"@type\":\"BreadcrumbList\",\"@id\":\"https:\\\/\\\/www.bbmnoticias.com\\\/labravaradiofm\\\/2024\\\/12\\\/06\\\/sheinbaum-desmiente-a-trump-asegura-que-no-le-dijo-por-que-me-haces-esto-tras-llamada-telefonica-por-aranceles\\\/#breadcrumb\",\"itemListElement\":[{\"@type\":\"ListItem\",\"position\":1,\"name\":\"Inicio\",\"item\":\"https:\\\/\\\/www.bbmnoticias.com\\\/labravaradiofm\\\/\"},{\"@type\":\"ListItem\",\"position\":2,\"name\":\"Sheinbaum desmiente a Trump; asegura que no le dijo \u201c\u00bfpor qu\u00e9 me haces esto?\u201d, tras llamada telef\u00f3nica por aranceles\"}]},{\"@type\":\"WebSite\",\"@id\":\"https:\\\/\\\/www.bbmnoticias.com\\\/labravaradiofm\\\/#website\",\"url\":\"https:\\\/\\\/www.bbmnoticias.com\\\/labravaradiofm\\\/\",\"name\":\"LA BRAVA RADIO\",\"description\":\"Empresa productora de medios, Radiodifusi\u00f3n, Noticias, tendencias y todo lo que necesitas saber de la pol\u00edtica mexicana e internacional; entretenimiento, espect\u00e1culos, salud y mucho m\u00e1s.\",\"potentialAction\":[{\"@type\":\"SearchAction\",\"target\":{\"@type\":\"EntryPoint\",\"urlTemplate\":\"https:\\\/\\\/www.bbmnoticias.com\\\/labravaradiofm\\\/?s={search_term_string}\"},\"query-input\":{\"@type\":\"PropertyValueSpecification\",\"valueRequired\":true,\"valueName\":\"search_term_string\"}}],\"inLanguage\":\"es\"},{\"@type\":\"Person\",\"@id\":\"https:\\\/\\\/www.bbmnoticias.com\\\/labravaradiofm\\\/#\\\/schema\\\/person\\\/857a3daf5c8142f29919023f377fbfad\",\"name\":\"Agencias\",\"image\":{\"@type\":\"ImageObject\",\"inLanguage\":\"es\",\"@id\":\"https:\\\/\\\/secure.gravatar.com\\\/avatar\\\/739e0b61adf9e398b425c36718c8752286da0e8cd90f20ce9a86678abc26aa0d?s=96&d=mm&r=g\",\"url\":\"https:\\\/\\\/secure.gravatar.com\\\/avatar\\\/739e0b61adf9e398b425c36718c8752286da0e8cd90f20ce9a86678abc26aa0d?s=96&d=mm&r=g\",\"contentUrl\":\"https:\\\/\\\/secure.gravatar.com\\\/avatar\\\/739e0b61adf9e398b425c36718c8752286da0e8cd90f20ce9a86678abc26aa0d?s=96&d=mm&r=g\",\"caption\":\"Agencias\"},\"url\":\"https:\\\/\\\/www.bbmnoticias.com\\\/labravaradiofm\\\/author\\\/agencias\\\/\"}]}<\/script>\n<!-- \/ Yoast SEO plugin. -->","yoast_head_json":{"title":"Sheinbaum desmiente a Trump; asegura que no le dijo \u201c\u00bfpor qu\u00e9 me haces esto?\u201d, tras llamada telef\u00f3nica por aranceles - LA BRAVA RADIO","robots":{"index":"index","follow":"follow","max-snippet":"max-snippet:-1","max-image-preview":"max-image-preview:large","max-video-preview":"max-video-preview:-1"},"canonical":"https:\/\/www.bbmnoticias.com\/labravaradiofm\/2024\/12\/06\/sheinbaum-desmiente-a-trump-asegura-que-no-le-dijo-por-que-me-haces-esto-tras-llamada-telefonica-por-aranceles\/","og_locale":"es_MX","og_type":"article","og_title":"Sheinbaum desmiente a Trump; asegura que no le dijo \u201c\u00bfpor qu\u00e9 me haces esto?\u201d, tras llamada telef\u00f3nica por aranceles - LA BRAVA RADIO","og_description":"La Presidenta Claudia Sheinbaum Pardo desminti\u00f3 que le haya dicho a Donald Trump \u201c\u00bfpor qu\u00e9 me haces esto?\u201d, tras llamada telef\u00f3nica por tema de aranceles. En su conferencia matutina de este viernes en el Sal\u00f3n Tesorer\u00eda de Palacio Nacional, la Madataria Federal se\u00f1al\u00f3 que el presidente electo de Estados Unidos tiene \u201csu manera de comunicar\u201d. [&hellip;]","og_url":"https:\/\/www.bbmnoticias.com\/labravaradiofm\/2024\/12\/06\/sheinbaum-desmiente-a-trump-asegura-que-no-le-dijo-por-que-me-haces-esto-tras-llamada-telefonica-por-aranceles\/","og_site_name":"LA BRAVA RADIO","article_published_time":"2024-12-06T16:08:24+00:00","article_modified_time":"2024-12-06T16:08:29+00:00","og_image":[{"width":800,"height":484,"url":"https:\/\/www.bbmnoticias.com\/labravaradiofm\/wp-content\/uploads\/sites\/5\/2024\/12\/claudia-sheinbaum-2.jpg","type":"image\/jpeg"}],"author":"Agencias","twitter_card":"summary_large_image","twitter_misc":{"Escrito por":"Agencias","Tiempo de lectura":"2 minutos"},"schema":{"@context":"https:\/\/schema.org","@graph":[{"@type":"Article","@id":"https:\/\/www.bbmnoticias.com\/labravaradiofm\/2024\/12\/06\/sheinbaum-desmiente-a-trump-asegura-que-no-le-dijo-por-que-me-haces-esto-tras-llamada-telefonica-por-aranceles\/#article","isPartOf":{"@id":"https:\/\/www.bbmnoticias.com\/labravaradiofm\/2024\/12\/06\/sheinbaum-desmiente-a-trump-asegura-que-no-le-dijo-por-que-me-haces-esto-tras-llamada-telefonica-por-aranceles\/"},"author":{"name":"Agencias","@id":"https:\/\/www.bbmnoticias.com\/labravaradiofm\/#\/schema\/person\/857a3daf5c8142f29919023f377fbfad"},"headline":"Sheinbaum desmiente a Trump; asegura que no le dijo \u201c\u00bfpor qu\u00e9 me haces esto?\u201d, tras llamada telef\u00f3nica por aranceles","datePublished":"2024-12-06T16:08:24+00:00","dateModified":"2024-12-06T16:08:29+00:00","mainEntityOfPage":{"@id":"https:\/\/www.bbmnoticias.com\/labravaradiofm\/2024\/12\/06\/sheinbaum-desmiente-a-trump-asegura-que-no-le-dijo-por-que-me-haces-esto-tras-llamada-telefonica-por-aranceles\/"},"wordCount":374,"image":{"@id":"https:\/\/www.bbmnoticias.com\/labravaradiofm\/2024\/12\/06\/sheinbaum-desmiente-a-trump-asegura-que-no-le-dijo-por-que-me-haces-esto-tras-llamada-telefonica-por-aranceles\/#primaryimage"},"thumbnailUrl":"https:\/\/www.bbmnoticias.com\/labravaradiofm\/wp-content\/uploads\/sites\/5\/2024\/12\/claudia-sheinbaum-2.jpg","articleSection":["DESTACADO","NACIONAL"],"inLanguage":"es"},{"@type":"WebPage","@id":"https:\/\/www.bbmnoticias.com\/labravaradiofm\/2024\/12\/06\/sheinbaum-desmiente-a-trump-asegura-que-no-le-dijo-por-que-me-haces-esto-tras-llamada-telefonica-por-aranceles\/","url":"https:\/\/www.bbmnoticias.com\/labravaradiofm\/2024\/12\/06\/sheinbaum-desmiente-a-trump-asegura-que-no-le-dijo-por-que-me-haces-esto-tras-llamada-telefonica-por-aranceles\/","name":"Sheinbaum desmiente a Trump; asegura que no le dijo \u201c\u00bfpor qu\u00e9 me haces esto?\u201d, tras llamada telef\u00f3nica por aranceles - LA BRAVA RADIO","isPartOf":{"@id":"https:\/\/www.bbmnoticias.com\/labravaradiofm\/#website"},"primaryImageOfPage":{"@id":"https:\/\/www.bbmnoticias.com\/labravaradiofm\/2024\/12\/06\/sheinbaum-desmiente-a-trump-asegura-que-no-le-dijo-por-que-me-haces-esto-tras-llamada-telefonica-por-aranceles\/#primaryimage"},"image":{"@id":"https:\/\/www.bbmnoticias.com\/labravaradiofm\/2024\/12\/06\/sheinbaum-desmiente-a-trump-asegura-que-no-le-dijo-por-que-me-haces-esto-tras-llamada-telefonica-por-aranceles\/#primaryimage"},"thumbnailUrl":"https:\/\/www.bbmnoticias.com\/labravaradiofm\/wp-content\/uploads\/sites\/5\/2024\/12\/claudia-sheinbaum-2.jpg","datePublished":"2024-12-06T16:08:24+00:00","dateModified":"2024-12-06T16:08:29+00:00","author":{"@id":"https:\/\/www.bbmnoticias.com\/labravaradiofm\/#\/schema\/person\/857a3daf5c8142f29919023f377fbfad"},"breadcrumb":{"@id":"https:\/\/www.bbmnoticias.com\/labravaradiofm\/2024\/12\/06\/sheinbaum-desmiente-a-trump-asegura-que-no-le-dijo-por-que-me-haces-esto-tras-llamada-telefonica-por-aranceles\/#breadcrumb"},"inLanguage":"es","potentialAction":[{"@type":"ReadAction","target":["https:\/\/www.bbmnoticias.com\/labravaradiofm\/2024\/12\/06\/sheinbaum-desmiente-a-trump-asegura-que-no-le-dijo-por-que-me-haces-esto-tras-llamada-telefonica-por-aranceles\/"]}]},{"@type":"ImageObject","inLanguage":"es","@id":"https:\/\/www.bbmnoticias.com\/labravaradiofm\/2024\/12\/06\/sheinbaum-desmiente-a-trump-asegura-que-no-le-dijo-por-que-me-haces-esto-tras-llamada-telefonica-por-aranceles\/#primaryimage","url":"https:\/\/www.bbmnoticias.com\/labravaradiofm\/wp-content\/uploads\/sites\/5\/2024\/12\/claudia-sheinbaum-2.jpg","contentUrl":"https:\/\/www.bbmnoticias.com\/labravaradiofm\/wp-content\/uploads\/sites\/5\/2024\/12\/claudia-sheinbaum-2.jpg","width":800,"height":484},{"@type":"BreadcrumbList","@id":"https:\/\/www.bbmnoticias.com\/labravaradiofm\/2024\/12\/06\/sheinbaum-desmiente-a-trump-asegura-que-no-le-dijo-por-que-me-haces-esto-tras-llamada-telefonica-por-aranceles\/#breadcrumb","itemListElement":[{"@type":"ListItem","position":1,"name":"Inicio","item":"https:\/\/www.bbmnoticias.com\/labravaradiofm\/"},{"@type":"ListItem","position":2,"name":"Sheinbaum desmiente a Trump; asegura que no le dijo \u201c\u00bfpor qu\u00e9 me haces esto?\u201d, tras llamada telef\u00f3nica por aranceles"}]},{"@type":"WebSite","@id":"https:\/\/www.bbmnoticias.com\/labravaradiofm\/#website","url":"https:\/\/www.bbmnoticias.com\/labravaradiofm\/","name":"LA BRAVA RADIO","description":"Empresa productora de medios, Radiodifusi\u00f3n, Noticias, tendencias y todo lo que necesitas saber de la pol\u00edtica mexicana e internacional; entretenimiento, espect\u00e1culos, salud y mucho m\u00e1s.","potentialAction":[{"@type":"SearchAction","target":{"@type":"EntryPoint","urlTemplate":"https:\/\/www.bbmnoticias.com\/labravaradiofm\/?s={search_term_string}"},"query-input":{"@type":"PropertyValueSpecification","valueRequired":true,"valueName":"search_term_string"}}],"inLanguage":"es"},{"@type":"Person","@id":"https:\/\/www.bbmnoticias.com\/labravaradiofm\/#\/schema\/person\/857a3daf5c8142f29919023f377fbfad","name":"Agencias","image":{"@type":"ImageObject","inLanguage":"es","@id":"https:\/\/secure.gravatar.com\/avatar\/739e0b61adf9e398b425c36718c8752286da0e8cd90f20ce9a86678abc26aa0d?s=96&d=mm&r=g","url":"https:\/\/secure.gravatar.com\/avatar\/739e0b61adf9e398b425c36718c8752286da0e8cd90f20ce9a86678abc26aa0d?s=96&d=mm&r=g","contentUrl":"https:\/\/secure.gravatar.com\/avatar\/739e0b61adf9e398b425c36718c8752286da0e8cd90f20ce9a86678abc26aa0d?s=96&d=mm&r=g","caption":"Agencias"},"url":"https:\/\/www.bbmnoticias.com\/labravaradiofm\/author\/agencias\/"}]}},"_links":{"self":[{"href":"https:\/\/www.bbmnoticias.com\/labravaradiofm\/wp-json\/wp\/v2\/posts\/51200","targetHints":{"allow":["GET"]}}],"collection":[{"href":"https:\/\/www.bbmnoticias.com\/labravaradiofm\/wp-json\/wp\/v2\/posts"}],"about":[{"href":"https:\/\/www.bbmnoticias.com\/labravaradiofm\/wp-json\/wp\/v2\/types\/post"}],"author":[{"embeddable":true,"href":"https:\/\/www.bbmnoticias.com\/labravaradiofm\/wp-json\/wp\/v2\/users\/4"}],"replies":[{"embeddable":true,"href":"https:\/\/www.bbmnoticias.com\/labravaradiofm\/wp-json\/wp\/v2\/comments?post=51200"}],"version-history":[{"count":0,"href":"https:\/\/www.bbmnoticias.com\/labravaradiofm\/wp-json\/wp\/v2\/posts\/51200\/revisions"}],"wp:featuredmedia":[{"embeddable":true,"href":"https:\/\/www.bbmnoticias.com\/labravaradiofm\/wp-json\/wp\/v2\/media\/51201"}],"wp:attachment":[{"href":"https:\/\/www.bbmnoticias.com\/labravaradiofm\/wp-json\/wp\/v2\/media?parent=51200"}],"wp:term":[{"taxonomy":"category","embeddable":true,"href":"https:\/\/www.bbmnoticias.com\/labravaradiofm\/wp-json\/wp\/v2\/categories?post=51200"},{"taxonomy":"post_tag","embeddable":true,"href":"https:\/\/www.bbmnoticias.com\/labravaradiofm\/wp-json\/wp\/v2\/tags?post=51200"}],"curies":[{"name":"wp","href":"https:\/\/api.w.org\/{rel}","templated":true}]}}