{"id":51197,"date":"2024-12-06T09:57:05","date_gmt":"2024-12-06T15:57:05","guid":{"rendered":"https:\/\/www.bbmnoticias.com\/labravaradiofm\/?p=51197"},"modified":"2024-12-06T09:57:09","modified_gmt":"2024-12-06T15:57:09","slug":"crece-la-cobertura-del-servicio-del-citybus-con-nuevas-paradas-en-tres-de-sus-rutas","status":"publish","type":"post","link":"https:\/\/www.bbmnoticias.com\/labravaradiofm\/2024\/12\/06\/crece-la-cobertura-del-servicio-del-citybus-con-nuevas-paradas-en-tres-de-sus-rutas\/","title":{"rendered":"Crece la cobertura del servicio del Citybus con nuevas paradas en tres de sus rutas"},"content":{"rendered":"<div style=\"margin-top: 0px; margin-bottom: 0px;\" class=\"sharethis-inline-share-buttons\" ><\/div>\n<ul class=\"wp-block-list\">\n<li>Se implementan 3 rutas gratuitas especiales que operar\u00e1n hasta el 7 de enero de 2025, con motivo del Festival Navide\u00f1o de la Primavera Oaxaque\u00f1a<\/li>\n<\/ul>\n\n\n\n<p>San Antonio de la Cal, Oax. 6 de diciembre de 2024.- Para mejorar la calidad del servicio brindado por el Sistema de Transporte Colectivo Metropolitano Citybus, la Secretar\u00eda de Movilidad (Semovi) informa que, debido a la gran aceptaci\u00f3n de las personas usuarias, se establecieron nuevas paradas para el ascenso y descenso en tres de las cuatro rutas que operan en la Zona Metropolitana de Oaxaca.<\/p>\n\n\n\n<p>La titular de la Semovi dio a conocer que la Ruta RC01 que va de Viguera a San Sebasti\u00e1n Tutla, incrementa tres nuevas paradas en la zona de L\u00e1zaro C\u00e1rdenas y una m\u00e1s en Divisi\u00f3n Oriente.<\/p>\n\n\n\n<p>En tanto, la Ruta RC02 que va de Walmart S\u00edmbolos Patrios a FOVISSSTE M\u00f3dulo Azul, ha experimentado una expansi\u00f3n significativa con 17 nuevas paradas a lo largo de su trayecto. La Ruta RC03 que conecta Tlalixtac de Cabrera con el crucero de 5 Se\u00f1ores, agrega cuatro nuevas paradas sobre Perif\u00e9rico hacia la Glorieta La Lib\u00e9lula.<\/p>\n\n\n\n<p>Asimismo, se implementan tres rutas especiales que operan de forma gratuita del 4 diciembre de 2024 al 7 de enero de 2025, con motivo del Festival Navide\u00f1o de la Primavera Oaxaque\u00f1a, en un horario de servicio de 10:00 a 22:00 horas.<\/p>\n\n\n\n<p>Estas rutas parten de Brenamiel, Paseo Ju\u00e1rez El Llano y Walmart S\u00edmbolos Patrios; esta \u00faltima se extiende hasta la calle Las Razas, en el antiguo camino a Monte Alb\u00e1n, cubriendo un trayecto de 16 kil\u00f3metros con un total de 28 paradas.<\/p>\n\n\n\n<p>El Gobierno de la Primavera Oaxaque\u00f1a a trav\u00e9s de la Secretar\u00eda de Movilidad reafirma su compromiso para la mejora continua del transporte p\u00fablico urbano en la ciudad, con el objetivo de ofrecer a la poblaci\u00f3n un servicio m\u00e1s eficiente, accesible y c\u00f3modo.<\/p>\n","protected":false},"excerpt":{"rendered":"<p>San Antonio de la Cal, Oax. 6 de diciembre de 2024.- Para mejorar la calidad del servicio brindado por el Sistema de Transporte Colectivo Metropolitano Citybus, la Secretar\u00eda de Movilidad (Semovi) informa que, debido a la gran aceptaci\u00f3n de las personas usuarias, se establecieron nuevas paradas para el ascenso y descenso en tres de las [&hellip;]<\/p>\n","protected":false},"author":2,"featured_media":51198,"comment_status":"closed","ping_status":"closed","sticky":false,"template":"","format":"standard","meta":{"footnotes":""},"categories":[2],"tags":[],"class_list":{"0":"post-51197","1":"post","2":"type-post","3":"status-publish","4":"format-standard","5":"has-post-thumbnail","7":"category-oaxaca"},"yoast_head":"<!-- This site is optimized with the Yoast SEO plugin v27.4 - https:\/\/yoast.com\/product\/yoast-seo-wordpress\/ -->\n<title>Crece la cobertura del servicio del Citybus con nuevas paradas en tres de sus rutas - LA BRAVA RADIO<\/title>\n<meta name=\"robots\" content=\"index, follow, max-snippet:-1, max-image-preview:large, max-video-preview:-1\" \/>\n<link rel=\"canonical\" href=\"https:\/\/www.bbmnoticias.com\/labravaradiofm\/2024\/12\/06\/crece-la-cobertura-del-servicio-del-citybus-con-nuevas-paradas-en-tres-de-sus-rutas\/\" \/>\n<meta property=\"og:locale\" content=\"es_MX\" \/>\n<meta property=\"og:type\" content=\"article\" \/>\n<meta property=\"og:title\" content=\"Crece la cobertura del servicio del Citybus con nuevas paradas en tres de sus rutas - LA BRAVA RADIO\" \/>\n<meta property=\"og:description\" content=\"San Antonio de la Cal, Oax. 6 de diciembre de 2024.- Para mejorar la calidad del servicio brindado por el Sistema de Transporte Colectivo Metropolitano Citybus, la Secretar\u00eda de Movilidad (Semovi) informa que, debido a la gran aceptaci\u00f3n de las personas usuarias, se establecieron nuevas paradas para el ascenso y descenso en tres de las [&hellip;]\" \/>\n<meta property=\"og:url\" content=\"https:\/\/www.bbmnoticias.com\/labravaradiofm\/2024\/12\/06\/crece-la-cobertura-del-servicio-del-citybus-con-nuevas-paradas-en-tres-de-sus-rutas\/\" \/>\n<meta property=\"og:site_name\" content=\"LA BRAVA RADIO\" \/>\n<meta property=\"article:published_time\" content=\"2024-12-06T15:57:05+00:00\" \/>\n<meta property=\"article:modified_time\" content=\"2024-12-06T15:57:09+00:00\" \/>\n<meta property=\"og:image\" content=\"https:\/\/www.bbmnoticias.com\/labravaradiofm\/wp-content\/uploads\/sites\/5\/2024\/12\/citybus.jpg\" \/>\n\t<meta property=\"og:image:width\" content=\"1600\" \/>\n\t<meta property=\"og:image:height\" content=\"1066\" \/>\n\t<meta property=\"og:image:type\" content=\"image\/jpeg\" \/>\n<meta name=\"author\" content=\"Staff\" \/>\n<meta name=\"twitter:card\" content=\"summary_large_image\" \/>\n<meta name=\"twitter:label1\" content=\"Escrito por\" \/>\n\t<meta name=\"twitter:data1\" content=\"Staff\" \/>\n\t<meta name=\"twitter:label2\" content=\"Tiempo de lectura\" \/>\n\t<meta name=\"twitter:data2\" content=\"2 minutos\" \/>\n<script type=\"application\/ld+json\" class=\"yoast-schema-graph\">{\"@context\":\"https:\\\/\\\/schema.org\",\"@graph\":[{\"@type\":\"Article\",\"@id\":\"https:\\\/\\\/www.bbmnoticias.com\\\/labravaradiofm\\\/2024\\\/12\\\/06\\\/crece-la-cobertura-del-servicio-del-citybus-con-nuevas-paradas-en-tres-de-sus-rutas\\\/#article\",\"isPartOf\":{\"@id\":\"https:\\\/\\\/www.bbmnoticias.com\\\/labravaradiofm\\\/2024\\\/12\\\/06\\\/crece-la-cobertura-del-servicio-del-citybus-con-nuevas-paradas-en-tres-de-sus-rutas\\\/\"},\"author\":{\"name\":\"Staff\",\"@id\":\"https:\\\/\\\/www.bbmnoticias.com\\\/labravaradiofm\\\/#\\\/schema\\\/person\\\/34b139c617a70ea5bef5678bffe4dd7b\"},\"headline\":\"Crece la cobertura del servicio del Citybus con nuevas paradas en tres de sus rutas\",\"datePublished\":\"2024-12-06T15:57:05+00:00\",\"dateModified\":\"2024-12-06T15:57:09+00:00\",\"mainEntityOfPage\":{\"@id\":\"https:\\\/\\\/www.bbmnoticias.com\\\/labravaradiofm\\\/2024\\\/12\\\/06\\\/crece-la-cobertura-del-servicio-del-citybus-con-nuevas-paradas-en-tres-de-sus-rutas\\\/\"},\"wordCount\":334,\"image\":{\"@id\":\"https:\\\/\\\/www.bbmnoticias.com\\\/labravaradiofm\\\/2024\\\/12\\\/06\\\/crece-la-cobertura-del-servicio-del-citybus-con-nuevas-paradas-en-tres-de-sus-rutas\\\/#primaryimage\"},\"thumbnailUrl\":\"https:\\\/\\\/www.bbmnoticias.com\\\/labravaradiofm\\\/wp-content\\\/uploads\\\/sites\\\/5\\\/2024\\\/12\\\/citybus.jpg\",\"articleSection\":[\"LOCAL\"],\"inLanguage\":\"es\"},{\"@type\":\"WebPage\",\"@id\":\"https:\\\/\\\/www.bbmnoticias.com\\\/labravaradiofm\\\/2024\\\/12\\\/06\\\/crece-la-cobertura-del-servicio-del-citybus-con-nuevas-paradas-en-tres-de-sus-rutas\\\/\",\"url\":\"https:\\\/\\\/www.bbmnoticias.com\\\/labravaradiofm\\\/2024\\\/12\\\/06\\\/crece-la-cobertura-del-servicio-del-citybus-con-nuevas-paradas-en-tres-de-sus-rutas\\\/\",\"name\":\"Crece la cobertura del servicio del Citybus con nuevas paradas en tres de sus rutas - LA BRAVA RADIO\",\"isPartOf\":{\"@id\":\"https:\\\/\\\/www.bbmnoticias.com\\\/labravaradiofm\\\/#website\"},\"primaryImageOfPage\":{\"@id\":\"https:\\\/\\\/www.bbmnoticias.com\\\/labravaradiofm\\\/2024\\\/12\\\/06\\\/crece-la-cobertura-del-servicio-del-citybus-con-nuevas-paradas-en-tres-de-sus-rutas\\\/#primaryimage\"},\"image\":{\"@id\":\"https:\\\/\\\/www.bbmnoticias.com\\\/labravaradiofm\\\/2024\\\/12\\\/06\\\/crece-la-cobertura-del-servicio-del-citybus-con-nuevas-paradas-en-tres-de-sus-rutas\\\/#primaryimage\"},\"thumbnailUrl\":\"https:\\\/\\\/www.bbmnoticias.com\\\/labravaradiofm\\\/wp-content\\\/uploads\\\/sites\\\/5\\\/2024\\\/12\\\/citybus.jpg\",\"datePublished\":\"2024-12-06T15:57:05+00:00\",\"dateModified\":\"2024-12-06T15:57:09+00:00\",\"author\":{\"@id\":\"https:\\\/\\\/www.bbmnoticias.com\\\/labravaradiofm\\\/#\\\/schema\\\/person\\\/34b139c617a70ea5bef5678bffe4dd7b\"},\"breadcrumb\":{\"@id\":\"https:\\\/\\\/www.bbmnoticias.com\\\/labravaradiofm\\\/2024\\\/12\\\/06\\\/crece-la-cobertura-del-servicio-del-citybus-con-nuevas-paradas-en-tres-de-sus-rutas\\\/#breadcrumb\"},\"inLanguage\":\"es\",\"potentialAction\":[{\"@type\":\"ReadAction\",\"target\":[\"https:\\\/\\\/www.bbmnoticias.com\\\/labravaradiofm\\\/2024\\\/12\\\/06\\\/crece-la-cobertura-del-servicio-del-citybus-con-nuevas-paradas-en-tres-de-sus-rutas\\\/\"]}]},{\"@type\":\"ImageObject\",\"inLanguage\":\"es\",\"@id\":\"https:\\\/\\\/www.bbmnoticias.com\\\/labravaradiofm\\\/2024\\\/12\\\/06\\\/crece-la-cobertura-del-servicio-del-citybus-con-nuevas-paradas-en-tres-de-sus-rutas\\\/#primaryimage\",\"url\":\"https:\\\/\\\/www.bbmnoticias.com\\\/labravaradiofm\\\/wp-content\\\/uploads\\\/sites\\\/5\\\/2024\\\/12\\\/citybus.jpg\",\"contentUrl\":\"https:\\\/\\\/www.bbmnoticias.com\\\/labravaradiofm\\\/wp-content\\\/uploads\\\/sites\\\/5\\\/2024\\\/12\\\/citybus.jpg\",\"width\":1600,\"height\":1066},{\"@type\":\"BreadcrumbList\",\"@id\":\"https:\\\/\\\/www.bbmnoticias.com\\\/labravaradiofm\\\/2024\\\/12\\\/06\\\/crece-la-cobertura-del-servicio-del-citybus-con-nuevas-paradas-en-tres-de-sus-rutas\\\/#breadcrumb\",\"itemListElement\":[{\"@type\":\"ListItem\",\"position\":1,\"name\":\"Inicio\",\"item\":\"https:\\\/\\\/www.bbmnoticias.com\\\/labravaradiofm\\\/\"},{\"@type\":\"ListItem\",\"position\":2,\"name\":\"Crece la cobertura del servicio del Citybus con nuevas paradas en tres de sus rutas\"}]},{\"@type\":\"WebSite\",\"@id\":\"https:\\\/\\\/www.bbmnoticias.com\\\/labravaradiofm\\\/#website\",\"url\":\"https:\\\/\\\/www.bbmnoticias.com\\\/labravaradiofm\\\/\",\"name\":\"LA BRAVA RADIO\",\"description\":\"Empresa productora de medios, Radiodifusi\u00f3n, Noticias, tendencias y todo lo que necesitas saber de la pol\u00edtica mexicana e internacional; entretenimiento, espect\u00e1culos, salud y mucho m\u00e1s.\",\"potentialAction\":[{\"@type\":\"SearchAction\",\"target\":{\"@type\":\"EntryPoint\",\"urlTemplate\":\"https:\\\/\\\/www.bbmnoticias.com\\\/labravaradiofm\\\/?s={search_term_string}\"},\"query-input\":{\"@type\":\"PropertyValueSpecification\",\"valueRequired\":true,\"valueName\":\"search_term_string\"}}],\"inLanguage\":\"es\"},{\"@type\":\"Person\",\"@id\":\"https:\\\/\\\/www.bbmnoticias.com\\\/labravaradiofm\\\/#\\\/schema\\\/person\\\/34b139c617a70ea5bef5678bffe4dd7b\",\"name\":\"Staff\",\"image\":{\"@type\":\"ImageObject\",\"inLanguage\":\"es\",\"@id\":\"https:\\\/\\\/secure.gravatar.com\\\/avatar\\\/fdd21ad66fd8b98c407f9dee5b5e588cfe7f0d8579ec20fa6527cd59bab7f0f0?s=96&d=mm&r=g\",\"url\":\"https:\\\/\\\/secure.gravatar.com\\\/avatar\\\/fdd21ad66fd8b98c407f9dee5b5e588cfe7f0d8579ec20fa6527cd59bab7f0f0?s=96&d=mm&r=g\",\"contentUrl\":\"https:\\\/\\\/secure.gravatar.com\\\/avatar\\\/fdd21ad66fd8b98c407f9dee5b5e588cfe7f0d8579ec20fa6527cd59bab7f0f0?s=96&d=mm&r=g\",\"caption\":\"Staff\"},\"url\":\"https:\\\/\\\/www.bbmnoticias.com\\\/labravaradiofm\\\/author\\\/redaccion\\\/\"}]}<\/script>\n<!-- \/ Yoast SEO plugin. -->","yoast_head_json":{"title":"Crece la cobertura del servicio del Citybus con nuevas paradas en tres de sus rutas - LA BRAVA RADIO","robots":{"index":"index","follow":"follow","max-snippet":"max-snippet:-1","max-image-preview":"max-image-preview:large","max-video-preview":"max-video-preview:-1"},"canonical":"https:\/\/www.bbmnoticias.com\/labravaradiofm\/2024\/12\/06\/crece-la-cobertura-del-servicio-del-citybus-con-nuevas-paradas-en-tres-de-sus-rutas\/","og_locale":"es_MX","og_type":"article","og_title":"Crece la cobertura del servicio del Citybus con nuevas paradas en tres de sus rutas - LA BRAVA RADIO","og_description":"San Antonio de la Cal, Oax. 6 de diciembre de 2024.- Para mejorar la calidad del servicio brindado por el Sistema de Transporte Colectivo Metropolitano Citybus, la Secretar\u00eda de Movilidad (Semovi) informa que, debido a la gran aceptaci\u00f3n de las personas usuarias, se establecieron nuevas paradas para el ascenso y descenso en tres de las [&hellip;]","og_url":"https:\/\/www.bbmnoticias.com\/labravaradiofm\/2024\/12\/06\/crece-la-cobertura-del-servicio-del-citybus-con-nuevas-paradas-en-tres-de-sus-rutas\/","og_site_name":"LA BRAVA RADIO","article_published_time":"2024-12-06T15:57:05+00:00","article_modified_time":"2024-12-06T15:57:09+00:00","og_image":[{"width":1600,"height":1066,"url":"https:\/\/www.bbmnoticias.com\/labravaradiofm\/wp-content\/uploads\/sites\/5\/2024\/12\/citybus.jpg","type":"image\/jpeg"}],"author":"Staff","twitter_card":"summary_large_image","twitter_misc":{"Escrito por":"Staff","Tiempo de lectura":"2 minutos"},"schema":{"@context":"https:\/\/schema.org","@graph":[{"@type":"Article","@id":"https:\/\/www.bbmnoticias.com\/labravaradiofm\/2024\/12\/06\/crece-la-cobertura-del-servicio-del-citybus-con-nuevas-paradas-en-tres-de-sus-rutas\/#article","isPartOf":{"@id":"https:\/\/www.bbmnoticias.com\/labravaradiofm\/2024\/12\/06\/crece-la-cobertura-del-servicio-del-citybus-con-nuevas-paradas-en-tres-de-sus-rutas\/"},"author":{"name":"Staff","@id":"https:\/\/www.bbmnoticias.com\/labravaradiofm\/#\/schema\/person\/34b139c617a70ea5bef5678bffe4dd7b"},"headline":"Crece la cobertura del servicio del Citybus con nuevas paradas en tres de sus rutas","datePublished":"2024-12-06T15:57:05+00:00","dateModified":"2024-12-06T15:57:09+00:00","mainEntityOfPage":{"@id":"https:\/\/www.bbmnoticias.com\/labravaradiofm\/2024\/12\/06\/crece-la-cobertura-del-servicio-del-citybus-con-nuevas-paradas-en-tres-de-sus-rutas\/"},"wordCount":334,"image":{"@id":"https:\/\/www.bbmnoticias.com\/labravaradiofm\/2024\/12\/06\/crece-la-cobertura-del-servicio-del-citybus-con-nuevas-paradas-en-tres-de-sus-rutas\/#primaryimage"},"thumbnailUrl":"https:\/\/www.bbmnoticias.com\/labravaradiofm\/wp-content\/uploads\/sites\/5\/2024\/12\/citybus.jpg","articleSection":["LOCAL"],"inLanguage":"es"},{"@type":"WebPage","@id":"https:\/\/www.bbmnoticias.com\/labravaradiofm\/2024\/12\/06\/crece-la-cobertura-del-servicio-del-citybus-con-nuevas-paradas-en-tres-de-sus-rutas\/","url":"https:\/\/www.bbmnoticias.com\/labravaradiofm\/2024\/12\/06\/crece-la-cobertura-del-servicio-del-citybus-con-nuevas-paradas-en-tres-de-sus-rutas\/","name":"Crece la cobertura del servicio del Citybus con nuevas paradas en tres de sus rutas - LA BRAVA RADIO","isPartOf":{"@id":"https:\/\/www.bbmnoticias.com\/labravaradiofm\/#website"},"primaryImageOfPage":{"@id":"https:\/\/www.bbmnoticias.com\/labravaradiofm\/2024\/12\/06\/crece-la-cobertura-del-servicio-del-citybus-con-nuevas-paradas-en-tres-de-sus-rutas\/#primaryimage"},"image":{"@id":"https:\/\/www.bbmnoticias.com\/labravaradiofm\/2024\/12\/06\/crece-la-cobertura-del-servicio-del-citybus-con-nuevas-paradas-en-tres-de-sus-rutas\/#primaryimage"},"thumbnailUrl":"https:\/\/www.bbmnoticias.com\/labravaradiofm\/wp-content\/uploads\/sites\/5\/2024\/12\/citybus.jpg","datePublished":"2024-12-06T15:57:05+00:00","dateModified":"2024-12-06T15:57:09+00:00","author":{"@id":"https:\/\/www.bbmnoticias.com\/labravaradiofm\/#\/schema\/person\/34b139c617a70ea5bef5678bffe4dd7b"},"breadcrumb":{"@id":"https:\/\/www.bbmnoticias.com\/labravaradiofm\/2024\/12\/06\/crece-la-cobertura-del-servicio-del-citybus-con-nuevas-paradas-en-tres-de-sus-rutas\/#breadcrumb"},"inLanguage":"es","potentialAction":[{"@type":"ReadAction","target":["https:\/\/www.bbmnoticias.com\/labravaradiofm\/2024\/12\/06\/crece-la-cobertura-del-servicio-del-citybus-con-nuevas-paradas-en-tres-de-sus-rutas\/"]}]},{"@type":"ImageObject","inLanguage":"es","@id":"https:\/\/www.bbmnoticias.com\/labravaradiofm\/2024\/12\/06\/crece-la-cobertura-del-servicio-del-citybus-con-nuevas-paradas-en-tres-de-sus-rutas\/#primaryimage","url":"https:\/\/www.bbmnoticias.com\/labravaradiofm\/wp-content\/uploads\/sites\/5\/2024\/12\/citybus.jpg","contentUrl":"https:\/\/www.bbmnoticias.com\/labravaradiofm\/wp-content\/uploads\/sites\/5\/2024\/12\/citybus.jpg","width":1600,"height":1066},{"@type":"BreadcrumbList","@id":"https:\/\/www.bbmnoticias.com\/labravaradiofm\/2024\/12\/06\/crece-la-cobertura-del-servicio-del-citybus-con-nuevas-paradas-en-tres-de-sus-rutas\/#breadcrumb","itemListElement":[{"@type":"ListItem","position":1,"name":"Inicio","item":"https:\/\/www.bbmnoticias.com\/labravaradiofm\/"},{"@type":"ListItem","position":2,"name":"Crece la cobertura del servicio del Citybus con nuevas paradas en tres de sus rutas"}]},{"@type":"WebSite","@id":"https:\/\/www.bbmnoticias.com\/labravaradiofm\/#website","url":"https:\/\/www.bbmnoticias.com\/labravaradiofm\/","name":"LA BRAVA RADIO","description":"Empresa productora de medios, Radiodifusi\u00f3n, Noticias, tendencias y todo lo que necesitas saber de la pol\u00edtica mexicana e internacional; entretenimiento, espect\u00e1culos, salud y mucho m\u00e1s.","potentialAction":[{"@type":"SearchAction","target":{"@type":"EntryPoint","urlTemplate":"https:\/\/www.bbmnoticias.com\/labravaradiofm\/?s={search_term_string}"},"query-input":{"@type":"PropertyValueSpecification","valueRequired":true,"valueName":"search_term_string"}}],"inLanguage":"es"},{"@type":"Person","@id":"https:\/\/www.bbmnoticias.com\/labravaradiofm\/#\/schema\/person\/34b139c617a70ea5bef5678bffe4dd7b","name":"Staff","image":{"@type":"ImageObject","inLanguage":"es","@id":"https:\/\/secure.gravatar.com\/avatar\/fdd21ad66fd8b98c407f9dee5b5e588cfe7f0d8579ec20fa6527cd59bab7f0f0?s=96&d=mm&r=g","url":"https:\/\/secure.gravatar.com\/avatar\/fdd21ad66fd8b98c407f9dee5b5e588cfe7f0d8579ec20fa6527cd59bab7f0f0?s=96&d=mm&r=g","contentUrl":"https:\/\/secure.gravatar.com\/avatar\/fdd21ad66fd8b98c407f9dee5b5e588cfe7f0d8579ec20fa6527cd59bab7f0f0?s=96&d=mm&r=g","caption":"Staff"},"url":"https:\/\/www.bbmnoticias.com\/labravaradiofm\/author\/redaccion\/"}]}},"_links":{"self":[{"href":"https:\/\/www.bbmnoticias.com\/labravaradiofm\/wp-json\/wp\/v2\/posts\/51197","targetHints":{"allow":["GET"]}}],"collection":[{"href":"https:\/\/www.bbmnoticias.com\/labravaradiofm\/wp-json\/wp\/v2\/posts"}],"about":[{"href":"https:\/\/www.bbmnoticias.com\/labravaradiofm\/wp-json\/wp\/v2\/types\/post"}],"author":[{"embeddable":true,"href":"https:\/\/www.bbmnoticias.com\/labravaradiofm\/wp-json\/wp\/v2\/users\/2"}],"replies":[{"embeddable":true,"href":"https:\/\/www.bbmnoticias.com\/labravaradiofm\/wp-json\/wp\/v2\/comments?post=51197"}],"version-history":[{"count":0,"href":"https:\/\/www.bbmnoticias.com\/labravaradiofm\/wp-json\/wp\/v2\/posts\/51197\/revisions"}],"wp:featuredmedia":[{"embeddable":true,"href":"https:\/\/www.bbmnoticias.com\/labravaradiofm\/wp-json\/wp\/v2\/media\/51198"}],"wp:attachment":[{"href":"https:\/\/www.bbmnoticias.com\/labravaradiofm\/wp-json\/wp\/v2\/media?parent=51197"}],"wp:term":[{"taxonomy":"category","embeddable":true,"href":"https:\/\/www.bbmnoticias.com\/labravaradiofm\/wp-json\/wp\/v2\/categories?post=51197"},{"taxonomy":"post_tag","embeddable":true,"href":"https:\/\/www.bbmnoticias.com\/labravaradiofm\/wp-json\/wp\/v2\/tags?post=51197"}],"curies":[{"name":"wp","href":"https:\/\/api.w.org\/{rel}","templated":true}]}}