{"id":51194,"date":"2024-12-06T09:38:45","date_gmt":"2024-12-06T15:38:45","guid":{"rendered":"https:\/\/www.bbmnoticias.com\/labravaradiofm\/?p=51194"},"modified":"2024-12-06T10:09:26","modified_gmt":"2024-12-06T16:09:26","slug":"es-un-reconocimiento-al-pueblo-de-mexico-sheinbaum-tras-ser-incluida-en-la-lista-del-ft-de-mujeres-mas-influyentes","status":"publish","type":"post","link":"https:\/\/www.bbmnoticias.com\/labravaradiofm\/2024\/12\/06\/es-un-reconocimiento-al-pueblo-de-mexico-sheinbaum-tras-ser-incluida-en-la-lista-del-ft-de-mujeres-mas-influyentes\/","title":{"rendered":"&#8220;Es un reconocimiento al pueblo de M\u00e9xico&#8221;: Sheinbaum tras ser incluida en la lista del FT de mujeres m\u00e1s influyentes"},"content":{"rendered":"<div style=\"margin-top: 0px; margin-bottom: 0px;\" class=\"sharethis-inline-share-buttons\" ><\/div>\n<p>La presidenta de M\u00e9xico, <strong>Claudia Sheinbaum Pardo<\/strong>, asever\u00f3 que es un \u201creconocimiento al pueblo de M\u00e9xico\u201d el hecho de que fuera incluida en la <strong>lista de las 25 mujeres m\u00e1s influyentes<\/strong> a nivel mundial durante el <strong>2024<\/strong>, dado a conocer por el\u00a0diario brit\u00e1nico <strong>Financial Times.<\/strong><\/p>\n\n\n\n<figure class=\"wp-block-embed is-type-video is-provider-youtube wp-block-embed-youtube wp-embed-aspect-16-9 wp-has-aspect-ratio\"><div class=\"wp-block-embed__wrapper\">\n<div class=\"youtube-embed\" data-video_id=\"joZXAHZ2QUM\"><iframe loading=\"lazy\" title=\"Conferencia matutina del viernes 6 de diciembre, 2024.0045\" width=\"696\" height=\"392\" src=\"https:\/\/www.youtube.com\/embed\/joZXAHZ2QUM?feature=oembed&#038;enablejsapi=1\" frameborder=\"0\" allow=\"accelerometer; autoplay; clipboard-write; encrypted-media; gyroscope; picture-in-picture; web-share\" referrerpolicy=\"strict-origin-when-cross-origin\" allowfullscreen><\/iframe><\/div>\n<\/div><\/figure>\n\n\n\n<p>En la conferencia matutina de Palacio Nacional, Sheinbaum Pardo dej\u00f3 en claro que no puede \u201cvolarse\u201d con este tipo de reconocimiento, ya que eso no va con la <strong>Cuarta Transformaci\u00f3n<\/strong>.<\/p>\n\n\n\n<p>\u201cEl poder es humildad, y lo que uno nunca puede es tomar estas notas para volarse, porque eso no va con un Gobierno de la 4T, lo que hay es un reconocimiento a lo que est\u00e1 pasando en M\u00e9xico\u201d, dijo.<\/p>\n\n\n\n<figure class=\"wp-block-pullquote\"><blockquote><p>Ya lo dije: que siga la transformaci\u00f3n y es tiempo de mujeres y eso se percibe, se siente en nuestro pa\u00eds y ese es el reconocimiento que hay al momento que est\u00e1 viviendo M\u00e9xico. Pienso que es un reconocimiento al pueblo de M\u00e9xico\u201d, puntualiz\u00f3.<\/p><\/blockquote><\/figure>\n\n\n\n<p>El Financial Times public\u00f3 hoy un listado en donde revela a quienes considera que son las 25 mujeres m\u00e1s influyentes a nivel mundial<\/p>\n\n\n\n<p>En la lista se encuentran personajes de la talla de la cantante <strong>Taylor Swift, Chemena Kamali, Sally Rooney, Emma Stone, Elyanna, Charli XCX, Adejok\u00e9 Bakare, Margrethe Vestager, Rachel Reeves, Lisa Su, Ursula von der Leyen, Kamala Harris, Cristina Junqueira, Fei-Fei Li, Christine Lagarde, Julia Hoggett, Ruth Porat, Arundhati, Bisan Owda, Gis\u00e8le Pelicot, Yulia Navalnaya, Simone Biles, Jasmin Paris y Anne Hidalgo<\/strong>.<\/p>\n\n\n\n<p>En la publicaci\u00f3n, se detallaron los retos que tiene hacia el futuro la mandataria mexicana, entre los que se encuentra tratar con el pr\u00f3ximo presidente de EE.UU., <strong>Donald Trump.<\/strong><\/p>\n\n\n\n<p>\u201cTiene mucha experiencia en el manejo de desaf\u00edos dif\u00edciles y es reconocida por su car\u00e1cter f\u00e9rreo. Desde que gan\u00f3 las elecciones con una mayor\u00eda aplastante, ha disfrutado de un mandato s\u00f3lido. Pero la tarea que enfrenta ahora ser\u00e1 trascendental, ya que proviene de un partido de izquierda que abraza principios que el equipo de (Donald) Trump aborrece\u201d, destac\u00f3 la publicaci\u00f3n.<\/p>\n\n\n\n<p>\u201cComo feminista de toda la vida, est\u00e1 decidida a presentar un frente fuerte contra las t\u00e1cticas de intimidaci\u00f3n. Est\u00e9n atentos a los fuegos artificiales y a una gran prueba de si una mujer no puede simplemente liderar M\u00e9xico, sino hacerlo frente a la propia versi\u00f3n de Trump del machismo de MAGA\u201d, enfatiz\u00f3.<\/p>\n","protected":false},"excerpt":{"rendered":"<p>La presidenta de M\u00e9xico, Claudia Sheinbaum Pardo, asever\u00f3 que es un \u201creconocimiento al pueblo de M\u00e9xico\u201d el hecho de que fuera incluida en la lista de las 25 mujeres m\u00e1s influyentes a nivel mundial durante el 2024, dado a conocer por el\u00a0diario brit\u00e1nico Financial Times. En la conferencia matutina de Palacio Nacional, Sheinbaum Pardo dej\u00f3 [&hellip;]<\/p>\n","protected":false},"author":4,"featured_media":51195,"comment_status":"closed","ping_status":"closed","sticky":false,"template":"","format":"standard","meta":{"footnotes":""},"categories":[19],"tags":[],"class_list":{"0":"post-51194","1":"post","2":"type-post","3":"status-publish","4":"format-standard","5":"has-post-thumbnail","7":"category-nacional"},"yoast_head":"<!-- This site is optimized with the Yoast SEO plugin v27.4 - https:\/\/yoast.com\/product\/yoast-seo-wordpress\/ -->\n<title>&quot;Es un reconocimiento al pueblo de M\u00e9xico&quot;: Sheinbaum tras ser incluida en la lista del FT de mujeres m\u00e1s influyentes - LA BRAVA RADIO<\/title>\n<meta name=\"robots\" content=\"index, follow, max-snippet:-1, max-image-preview:large, max-video-preview:-1\" \/>\n<link rel=\"canonical\" href=\"https:\/\/www.bbmnoticias.com\/labravaradiofm\/2024\/12\/06\/es-un-reconocimiento-al-pueblo-de-mexico-sheinbaum-tras-ser-incluida-en-la-lista-del-ft-de-mujeres-mas-influyentes\/\" \/>\n<meta property=\"og:locale\" content=\"es_MX\" \/>\n<meta property=\"og:type\" content=\"article\" \/>\n<meta property=\"og:title\" content=\"&quot;Es un reconocimiento al pueblo de M\u00e9xico&quot;: Sheinbaum tras ser incluida en la lista del FT de mujeres m\u00e1s influyentes - LA BRAVA RADIO\" \/>\n<meta property=\"og:description\" content=\"La presidenta de M\u00e9xico, Claudia Sheinbaum Pardo, asever\u00f3 que es un \u201creconocimiento al pueblo de M\u00e9xico\u201d el hecho de que fuera incluida en la lista de las 25 mujeres m\u00e1s influyentes a nivel mundial durante el 2024, dado a conocer por el\u00a0diario brit\u00e1nico Financial Times. En la conferencia matutina de Palacio Nacional, Sheinbaum Pardo dej\u00f3 [&hellip;]\" \/>\n<meta property=\"og:url\" content=\"https:\/\/www.bbmnoticias.com\/labravaradiofm\/2024\/12\/06\/es-un-reconocimiento-al-pueblo-de-mexico-sheinbaum-tras-ser-incluida-en-la-lista-del-ft-de-mujeres-mas-influyentes\/\" \/>\n<meta property=\"og:site_name\" content=\"LA BRAVA RADIO\" \/>\n<meta property=\"article:published_time\" content=\"2024-12-06T15:38:45+00:00\" \/>\n<meta property=\"article:modified_time\" content=\"2024-12-06T16:09:26+00:00\" \/>\n<meta property=\"og:image\" content=\"https:\/\/www.bbmnoticias.com\/labravaradiofm\/wp-content\/uploads\/sites\/5\/2024\/12\/sheinbaum-financial-times.webp\" \/>\n\t<meta property=\"og:image:width\" content=\"1536\" \/>\n\t<meta property=\"og:image:height\" content=\"945\" \/>\n\t<meta property=\"og:image:type\" content=\"image\/webp\" \/>\n<meta name=\"author\" content=\"Agencias\" \/>\n<meta name=\"twitter:card\" content=\"summary_large_image\" \/>\n<meta name=\"twitter:label1\" content=\"Escrito por\" \/>\n\t<meta name=\"twitter:data1\" content=\"Agencias\" \/>\n\t<meta name=\"twitter:label2\" content=\"Tiempo de lectura\" \/>\n\t<meta name=\"twitter:data2\" content=\"2 minutos\" \/>\n<script type=\"application\/ld+json\" class=\"yoast-schema-graph\">{\"@context\":\"https:\\\/\\\/schema.org\",\"@graph\":[{\"@type\":\"Article\",\"@id\":\"https:\\\/\\\/www.bbmnoticias.com\\\/labravaradiofm\\\/2024\\\/12\\\/06\\\/es-un-reconocimiento-al-pueblo-de-mexico-sheinbaum-tras-ser-incluida-en-la-lista-del-ft-de-mujeres-mas-influyentes\\\/#article\",\"isPartOf\":{\"@id\":\"https:\\\/\\\/www.bbmnoticias.com\\\/labravaradiofm\\\/2024\\\/12\\\/06\\\/es-un-reconocimiento-al-pueblo-de-mexico-sheinbaum-tras-ser-incluida-en-la-lista-del-ft-de-mujeres-mas-influyentes\\\/\"},\"author\":{\"name\":\"Agencias\",\"@id\":\"https:\\\/\\\/www.bbmnoticias.com\\\/labravaradiofm\\\/#\\\/schema\\\/person\\\/857a3daf5c8142f29919023f377fbfad\"},\"headline\":\"&#8220;Es un reconocimiento al pueblo de M\u00e9xico&#8221;: Sheinbaum tras ser incluida en la lista del FT de mujeres m\u00e1s influyentes\",\"datePublished\":\"2024-12-06T15:38:45+00:00\",\"dateModified\":\"2024-12-06T16:09:26+00:00\",\"mainEntityOfPage\":{\"@id\":\"https:\\\/\\\/www.bbmnoticias.com\\\/labravaradiofm\\\/2024\\\/12\\\/06\\\/es-un-reconocimiento-al-pueblo-de-mexico-sheinbaum-tras-ser-incluida-en-la-lista-del-ft-de-mujeres-mas-influyentes\\\/\"},\"wordCount\":439,\"image\":{\"@id\":\"https:\\\/\\\/www.bbmnoticias.com\\\/labravaradiofm\\\/2024\\\/12\\\/06\\\/es-un-reconocimiento-al-pueblo-de-mexico-sheinbaum-tras-ser-incluida-en-la-lista-del-ft-de-mujeres-mas-influyentes\\\/#primaryimage\"},\"thumbnailUrl\":\"https:\\\/\\\/www.bbmnoticias.com\\\/labravaradiofm\\\/wp-content\\\/uploads\\\/sites\\\/5\\\/2024\\\/12\\\/sheinbaum-financial-times.webp\",\"articleSection\":[\"NACIONAL\"],\"inLanguage\":\"es\"},{\"@type\":\"WebPage\",\"@id\":\"https:\\\/\\\/www.bbmnoticias.com\\\/labravaradiofm\\\/2024\\\/12\\\/06\\\/es-un-reconocimiento-al-pueblo-de-mexico-sheinbaum-tras-ser-incluida-en-la-lista-del-ft-de-mujeres-mas-influyentes\\\/\",\"url\":\"https:\\\/\\\/www.bbmnoticias.com\\\/labravaradiofm\\\/2024\\\/12\\\/06\\\/es-un-reconocimiento-al-pueblo-de-mexico-sheinbaum-tras-ser-incluida-en-la-lista-del-ft-de-mujeres-mas-influyentes\\\/\",\"name\":\"\\\"Es un reconocimiento al pueblo de M\u00e9xico\\\": Sheinbaum tras ser incluida en la lista del FT de mujeres m\u00e1s influyentes - LA BRAVA RADIO\",\"isPartOf\":{\"@id\":\"https:\\\/\\\/www.bbmnoticias.com\\\/labravaradiofm\\\/#website\"},\"primaryImageOfPage\":{\"@id\":\"https:\\\/\\\/www.bbmnoticias.com\\\/labravaradiofm\\\/2024\\\/12\\\/06\\\/es-un-reconocimiento-al-pueblo-de-mexico-sheinbaum-tras-ser-incluida-en-la-lista-del-ft-de-mujeres-mas-influyentes\\\/#primaryimage\"},\"image\":{\"@id\":\"https:\\\/\\\/www.bbmnoticias.com\\\/labravaradiofm\\\/2024\\\/12\\\/06\\\/es-un-reconocimiento-al-pueblo-de-mexico-sheinbaum-tras-ser-incluida-en-la-lista-del-ft-de-mujeres-mas-influyentes\\\/#primaryimage\"},\"thumbnailUrl\":\"https:\\\/\\\/www.bbmnoticias.com\\\/labravaradiofm\\\/wp-content\\\/uploads\\\/sites\\\/5\\\/2024\\\/12\\\/sheinbaum-financial-times.webp\",\"datePublished\":\"2024-12-06T15:38:45+00:00\",\"dateModified\":\"2024-12-06T16:09:26+00:00\",\"author\":{\"@id\":\"https:\\\/\\\/www.bbmnoticias.com\\\/labravaradiofm\\\/#\\\/schema\\\/person\\\/857a3daf5c8142f29919023f377fbfad\"},\"breadcrumb\":{\"@id\":\"https:\\\/\\\/www.bbmnoticias.com\\\/labravaradiofm\\\/2024\\\/12\\\/06\\\/es-un-reconocimiento-al-pueblo-de-mexico-sheinbaum-tras-ser-incluida-en-la-lista-del-ft-de-mujeres-mas-influyentes\\\/#breadcrumb\"},\"inLanguage\":\"es\",\"potentialAction\":[{\"@type\":\"ReadAction\",\"target\":[\"https:\\\/\\\/www.bbmnoticias.com\\\/labravaradiofm\\\/2024\\\/12\\\/06\\\/es-un-reconocimiento-al-pueblo-de-mexico-sheinbaum-tras-ser-incluida-en-la-lista-del-ft-de-mujeres-mas-influyentes\\\/\"]}]},{\"@type\":\"ImageObject\",\"inLanguage\":\"es\",\"@id\":\"https:\\\/\\\/www.bbmnoticias.com\\\/labravaradiofm\\\/2024\\\/12\\\/06\\\/es-un-reconocimiento-al-pueblo-de-mexico-sheinbaum-tras-ser-incluida-en-la-lista-del-ft-de-mujeres-mas-influyentes\\\/#primaryimage\",\"url\":\"https:\\\/\\\/www.bbmnoticias.com\\\/labravaradiofm\\\/wp-content\\\/uploads\\\/sites\\\/5\\\/2024\\\/12\\\/sheinbaum-financial-times.webp\",\"contentUrl\":\"https:\\\/\\\/www.bbmnoticias.com\\\/labravaradiofm\\\/wp-content\\\/uploads\\\/sites\\\/5\\\/2024\\\/12\\\/sheinbaum-financial-times.webp\",\"width\":1536,\"height\":945},{\"@type\":\"BreadcrumbList\",\"@id\":\"https:\\\/\\\/www.bbmnoticias.com\\\/labravaradiofm\\\/2024\\\/12\\\/06\\\/es-un-reconocimiento-al-pueblo-de-mexico-sheinbaum-tras-ser-incluida-en-la-lista-del-ft-de-mujeres-mas-influyentes\\\/#breadcrumb\",\"itemListElement\":[{\"@type\":\"ListItem\",\"position\":1,\"name\":\"Inicio\",\"item\":\"https:\\\/\\\/www.bbmnoticias.com\\\/labravaradiofm\\\/\"},{\"@type\":\"ListItem\",\"position\":2,\"name\":\"&#8220;Es un reconocimiento al pueblo de M\u00e9xico&#8221;: Sheinbaum tras ser incluida en la lista del FT de mujeres m\u00e1s influyentes\"}]},{\"@type\":\"WebSite\",\"@id\":\"https:\\\/\\\/www.bbmnoticias.com\\\/labravaradiofm\\\/#website\",\"url\":\"https:\\\/\\\/www.bbmnoticias.com\\\/labravaradiofm\\\/\",\"name\":\"LA BRAVA RADIO\",\"description\":\"Empresa productora de medios, Radiodifusi\u00f3n, Noticias, tendencias y todo lo que necesitas saber de la pol\u00edtica mexicana e internacional; entretenimiento, espect\u00e1culos, salud y mucho m\u00e1s.\",\"potentialAction\":[{\"@type\":\"SearchAction\",\"target\":{\"@type\":\"EntryPoint\",\"urlTemplate\":\"https:\\\/\\\/www.bbmnoticias.com\\\/labravaradiofm\\\/?s={search_term_string}\"},\"query-input\":{\"@type\":\"PropertyValueSpecification\",\"valueRequired\":true,\"valueName\":\"search_term_string\"}}],\"inLanguage\":\"es\"},{\"@type\":\"Person\",\"@id\":\"https:\\\/\\\/www.bbmnoticias.com\\\/labravaradiofm\\\/#\\\/schema\\\/person\\\/857a3daf5c8142f29919023f377fbfad\",\"name\":\"Agencias\",\"image\":{\"@type\":\"ImageObject\",\"inLanguage\":\"es\",\"@id\":\"https:\\\/\\\/secure.gravatar.com\\\/avatar\\\/739e0b61adf9e398b425c36718c8752286da0e8cd90f20ce9a86678abc26aa0d?s=96&d=mm&r=g\",\"url\":\"https:\\\/\\\/secure.gravatar.com\\\/avatar\\\/739e0b61adf9e398b425c36718c8752286da0e8cd90f20ce9a86678abc26aa0d?s=96&d=mm&r=g\",\"contentUrl\":\"https:\\\/\\\/secure.gravatar.com\\\/avatar\\\/739e0b61adf9e398b425c36718c8752286da0e8cd90f20ce9a86678abc26aa0d?s=96&d=mm&r=g\",\"caption\":\"Agencias\"},\"url\":\"https:\\\/\\\/www.bbmnoticias.com\\\/labravaradiofm\\\/author\\\/agencias\\\/\"}]}<\/script>\n<!-- \/ Yoast SEO plugin. -->","yoast_head_json":{"title":"\"Es un reconocimiento al pueblo de M\u00e9xico\": Sheinbaum tras ser incluida en la lista del FT de mujeres m\u00e1s influyentes - LA BRAVA RADIO","robots":{"index":"index","follow":"follow","max-snippet":"max-snippet:-1","max-image-preview":"max-image-preview:large","max-video-preview":"max-video-preview:-1"},"canonical":"https:\/\/www.bbmnoticias.com\/labravaradiofm\/2024\/12\/06\/es-un-reconocimiento-al-pueblo-de-mexico-sheinbaum-tras-ser-incluida-en-la-lista-del-ft-de-mujeres-mas-influyentes\/","og_locale":"es_MX","og_type":"article","og_title":"\"Es un reconocimiento al pueblo de M\u00e9xico\": Sheinbaum tras ser incluida en la lista del FT de mujeres m\u00e1s influyentes - LA BRAVA RADIO","og_description":"La presidenta de M\u00e9xico, Claudia Sheinbaum Pardo, asever\u00f3 que es un \u201creconocimiento al pueblo de M\u00e9xico\u201d el hecho de que fuera incluida en la lista de las 25 mujeres m\u00e1s influyentes a nivel mundial durante el 2024, dado a conocer por el\u00a0diario brit\u00e1nico Financial Times. En la conferencia matutina de Palacio Nacional, Sheinbaum Pardo dej\u00f3 [&hellip;]","og_url":"https:\/\/www.bbmnoticias.com\/labravaradiofm\/2024\/12\/06\/es-un-reconocimiento-al-pueblo-de-mexico-sheinbaum-tras-ser-incluida-en-la-lista-del-ft-de-mujeres-mas-influyentes\/","og_site_name":"LA BRAVA RADIO","article_published_time":"2024-12-06T15:38:45+00:00","article_modified_time":"2024-12-06T16:09:26+00:00","og_image":[{"width":1536,"height":945,"url":"https:\/\/www.bbmnoticias.com\/labravaradiofm\/wp-content\/uploads\/sites\/5\/2024\/12\/sheinbaum-financial-times.webp","type":"image\/webp"}],"author":"Agencias","twitter_card":"summary_large_image","twitter_misc":{"Escrito por":"Agencias","Tiempo de lectura":"2 minutos"},"schema":{"@context":"https:\/\/schema.org","@graph":[{"@type":"Article","@id":"https:\/\/www.bbmnoticias.com\/labravaradiofm\/2024\/12\/06\/es-un-reconocimiento-al-pueblo-de-mexico-sheinbaum-tras-ser-incluida-en-la-lista-del-ft-de-mujeres-mas-influyentes\/#article","isPartOf":{"@id":"https:\/\/www.bbmnoticias.com\/labravaradiofm\/2024\/12\/06\/es-un-reconocimiento-al-pueblo-de-mexico-sheinbaum-tras-ser-incluida-en-la-lista-del-ft-de-mujeres-mas-influyentes\/"},"author":{"name":"Agencias","@id":"https:\/\/www.bbmnoticias.com\/labravaradiofm\/#\/schema\/person\/857a3daf5c8142f29919023f377fbfad"},"headline":"&#8220;Es un reconocimiento al pueblo de M\u00e9xico&#8221;: Sheinbaum tras ser incluida en la lista del FT de mujeres m\u00e1s influyentes","datePublished":"2024-12-06T15:38:45+00:00","dateModified":"2024-12-06T16:09:26+00:00","mainEntityOfPage":{"@id":"https:\/\/www.bbmnoticias.com\/labravaradiofm\/2024\/12\/06\/es-un-reconocimiento-al-pueblo-de-mexico-sheinbaum-tras-ser-incluida-en-la-lista-del-ft-de-mujeres-mas-influyentes\/"},"wordCount":439,"image":{"@id":"https:\/\/www.bbmnoticias.com\/labravaradiofm\/2024\/12\/06\/es-un-reconocimiento-al-pueblo-de-mexico-sheinbaum-tras-ser-incluida-en-la-lista-del-ft-de-mujeres-mas-influyentes\/#primaryimage"},"thumbnailUrl":"https:\/\/www.bbmnoticias.com\/labravaradiofm\/wp-content\/uploads\/sites\/5\/2024\/12\/sheinbaum-financial-times.webp","articleSection":["NACIONAL"],"inLanguage":"es"},{"@type":"WebPage","@id":"https:\/\/www.bbmnoticias.com\/labravaradiofm\/2024\/12\/06\/es-un-reconocimiento-al-pueblo-de-mexico-sheinbaum-tras-ser-incluida-en-la-lista-del-ft-de-mujeres-mas-influyentes\/","url":"https:\/\/www.bbmnoticias.com\/labravaradiofm\/2024\/12\/06\/es-un-reconocimiento-al-pueblo-de-mexico-sheinbaum-tras-ser-incluida-en-la-lista-del-ft-de-mujeres-mas-influyentes\/","name":"\"Es un reconocimiento al pueblo de M\u00e9xico\": Sheinbaum tras ser incluida en la lista del FT de mujeres m\u00e1s influyentes - LA BRAVA RADIO","isPartOf":{"@id":"https:\/\/www.bbmnoticias.com\/labravaradiofm\/#website"},"primaryImageOfPage":{"@id":"https:\/\/www.bbmnoticias.com\/labravaradiofm\/2024\/12\/06\/es-un-reconocimiento-al-pueblo-de-mexico-sheinbaum-tras-ser-incluida-en-la-lista-del-ft-de-mujeres-mas-influyentes\/#primaryimage"},"image":{"@id":"https:\/\/www.bbmnoticias.com\/labravaradiofm\/2024\/12\/06\/es-un-reconocimiento-al-pueblo-de-mexico-sheinbaum-tras-ser-incluida-en-la-lista-del-ft-de-mujeres-mas-influyentes\/#primaryimage"},"thumbnailUrl":"https:\/\/www.bbmnoticias.com\/labravaradiofm\/wp-content\/uploads\/sites\/5\/2024\/12\/sheinbaum-financial-times.webp","datePublished":"2024-12-06T15:38:45+00:00","dateModified":"2024-12-06T16:09:26+00:00","author":{"@id":"https:\/\/www.bbmnoticias.com\/labravaradiofm\/#\/schema\/person\/857a3daf5c8142f29919023f377fbfad"},"breadcrumb":{"@id":"https:\/\/www.bbmnoticias.com\/labravaradiofm\/2024\/12\/06\/es-un-reconocimiento-al-pueblo-de-mexico-sheinbaum-tras-ser-incluida-en-la-lista-del-ft-de-mujeres-mas-influyentes\/#breadcrumb"},"inLanguage":"es","potentialAction":[{"@type":"ReadAction","target":["https:\/\/www.bbmnoticias.com\/labravaradiofm\/2024\/12\/06\/es-un-reconocimiento-al-pueblo-de-mexico-sheinbaum-tras-ser-incluida-en-la-lista-del-ft-de-mujeres-mas-influyentes\/"]}]},{"@type":"ImageObject","inLanguage":"es","@id":"https:\/\/www.bbmnoticias.com\/labravaradiofm\/2024\/12\/06\/es-un-reconocimiento-al-pueblo-de-mexico-sheinbaum-tras-ser-incluida-en-la-lista-del-ft-de-mujeres-mas-influyentes\/#primaryimage","url":"https:\/\/www.bbmnoticias.com\/labravaradiofm\/wp-content\/uploads\/sites\/5\/2024\/12\/sheinbaum-financial-times.webp","contentUrl":"https:\/\/www.bbmnoticias.com\/labravaradiofm\/wp-content\/uploads\/sites\/5\/2024\/12\/sheinbaum-financial-times.webp","width":1536,"height":945},{"@type":"BreadcrumbList","@id":"https:\/\/www.bbmnoticias.com\/labravaradiofm\/2024\/12\/06\/es-un-reconocimiento-al-pueblo-de-mexico-sheinbaum-tras-ser-incluida-en-la-lista-del-ft-de-mujeres-mas-influyentes\/#breadcrumb","itemListElement":[{"@type":"ListItem","position":1,"name":"Inicio","item":"https:\/\/www.bbmnoticias.com\/labravaradiofm\/"},{"@type":"ListItem","position":2,"name":"&#8220;Es un reconocimiento al pueblo de M\u00e9xico&#8221;: Sheinbaum tras ser incluida en la lista del FT de mujeres m\u00e1s influyentes"}]},{"@type":"WebSite","@id":"https:\/\/www.bbmnoticias.com\/labravaradiofm\/#website","url":"https:\/\/www.bbmnoticias.com\/labravaradiofm\/","name":"LA BRAVA RADIO","description":"Empresa productora de medios, Radiodifusi\u00f3n, Noticias, tendencias y todo lo que necesitas saber de la pol\u00edtica mexicana e internacional; entretenimiento, espect\u00e1culos, salud y mucho m\u00e1s.","potentialAction":[{"@type":"SearchAction","target":{"@type":"EntryPoint","urlTemplate":"https:\/\/www.bbmnoticias.com\/labravaradiofm\/?s={search_term_string}"},"query-input":{"@type":"PropertyValueSpecification","valueRequired":true,"valueName":"search_term_string"}}],"inLanguage":"es"},{"@type":"Person","@id":"https:\/\/www.bbmnoticias.com\/labravaradiofm\/#\/schema\/person\/857a3daf5c8142f29919023f377fbfad","name":"Agencias","image":{"@type":"ImageObject","inLanguage":"es","@id":"https:\/\/secure.gravatar.com\/avatar\/739e0b61adf9e398b425c36718c8752286da0e8cd90f20ce9a86678abc26aa0d?s=96&d=mm&r=g","url":"https:\/\/secure.gravatar.com\/avatar\/739e0b61adf9e398b425c36718c8752286da0e8cd90f20ce9a86678abc26aa0d?s=96&d=mm&r=g","contentUrl":"https:\/\/secure.gravatar.com\/avatar\/739e0b61adf9e398b425c36718c8752286da0e8cd90f20ce9a86678abc26aa0d?s=96&d=mm&r=g","caption":"Agencias"},"url":"https:\/\/www.bbmnoticias.com\/labravaradiofm\/author\/agencias\/"}]}},"_links":{"self":[{"href":"https:\/\/www.bbmnoticias.com\/labravaradiofm\/wp-json\/wp\/v2\/posts\/51194","targetHints":{"allow":["GET"]}}],"collection":[{"href":"https:\/\/www.bbmnoticias.com\/labravaradiofm\/wp-json\/wp\/v2\/posts"}],"about":[{"href":"https:\/\/www.bbmnoticias.com\/labravaradiofm\/wp-json\/wp\/v2\/types\/post"}],"author":[{"embeddable":true,"href":"https:\/\/www.bbmnoticias.com\/labravaradiofm\/wp-json\/wp\/v2\/users\/4"}],"replies":[{"embeddable":true,"href":"https:\/\/www.bbmnoticias.com\/labravaradiofm\/wp-json\/wp\/v2\/comments?post=51194"}],"version-history":[{"count":0,"href":"https:\/\/www.bbmnoticias.com\/labravaradiofm\/wp-json\/wp\/v2\/posts\/51194\/revisions"}],"wp:featuredmedia":[{"embeddable":true,"href":"https:\/\/www.bbmnoticias.com\/labravaradiofm\/wp-json\/wp\/v2\/media\/51195"}],"wp:attachment":[{"href":"https:\/\/www.bbmnoticias.com\/labravaradiofm\/wp-json\/wp\/v2\/media?parent=51194"}],"wp:term":[{"taxonomy":"category","embeddable":true,"href":"https:\/\/www.bbmnoticias.com\/labravaradiofm\/wp-json\/wp\/v2\/categories?post=51194"},{"taxonomy":"post_tag","embeddable":true,"href":"https:\/\/www.bbmnoticias.com\/labravaradiofm\/wp-json\/wp\/v2\/tags?post=51194"}],"curies":[{"name":"wp","href":"https:\/\/api.w.org\/{rel}","templated":true}]}}