{"id":51184,"date":"2024-12-06T09:06:30","date_gmt":"2024-12-06T15:06:30","guid":{"rendered":"https:\/\/www.bbmnoticias.com\/labravaradiofm\/?p=51184"},"modified":"2024-12-06T09:06:34","modified_gmt":"2024-12-06T15:06:34","slug":"precio-de-alimentos-llego-en-noviembre-a-nivel-mas-alto-desde-abril-de-2023-segun-la-fao","status":"publish","type":"post","link":"https:\/\/www.bbmnoticias.com\/labravaradiofm\/2024\/12\/06\/precio-de-alimentos-llego-en-noviembre-a-nivel-mas-alto-desde-abril-de-2023-segun-la-fao\/","title":{"rendered":"Precio de alimentos lleg\u00f3 en noviembre a nivel m\u00e1s alto desde abril de 2023, seg\u00fan la FAO"},"content":{"rendered":"<div style=\"margin-top: 0px; margin-bottom: 0px;\" class=\"sharethis-inline-share-buttons\" ><\/div>\n<p>El \u00edndice mundial de <strong>precios<\/strong> de los <strong>alimentos<\/strong> de la <strong>Organizaci\u00f3n de Naciones Unidas para la Alimentaci\u00f3n y la Agricultura<\/strong> (<strong>FAO<\/strong>) subi\u00f3 en <strong>noviembre<\/strong> de este a\u00f1o a su nivel m\u00e1s alto desde abril de <strong>2023<\/strong>, con un aumento del 0.5 por ciento respecto a octubre.<\/p>\n\n\n\n<p>Seg\u00fan el organismo, el \u00edndice de precios de los alimentos se situ\u00f3 en noviembre en un promedio de 127.5 puntos, \u201cun 5.7 m\u00e1s que hace un a\u00f1o, aunque todav\u00eda un 20.4 por ciento por debajo de su m\u00e1ximo de marzo de 2022\u201d.<\/p>\n\n\n\n<p>\u201cEl aumento de los precios de los aceites vegetales hizo subir ligeramente\u201d el \u00edndice de precios de los productos alimenticios mundiales, concret\u00f3 este viernes en un comunicado la FAO, que hace un seguimiento mundial de los cambios de precios de un conjunto de productos alimenticios comercializados a nivel mundial.<\/p>\n\n\n\n<p>El mes pasado, el \u00edndice de precio de los aceites vegetales subi\u00f3 un 7.5 por ciento en relaci\u00f3n a octubre, \u201clo que supone su segundo gran aumento en dos meses y un 32% m\u00e1s que su nivel del a\u00f1o anterior\u201d.<\/p>\n\n\n\n<figure class=\"wp-block-pullquote\"><blockquote><p>A su vez, \u201clos precios mundiales del aceite de palma subieron a\u00fan m\u00e1s en medio de las preocupaciones sobre una producci\u00f3n inferior a la prevista debido al exceso de lluvias en el sureste asi\u00e1tico\u201d.<\/p><\/blockquote><\/figure>\n\n\n\n<p>Los precios de la soya tambi\u00e9n aumentaron por la demanda mundial de importaciones, \u201cmientras que las cotizaciones del aceite de colza y girasol aumentaron a medida que las perspectivas de suministro mundial m\u00e1s restrictivas afectaron a sus respectivos mercados\u201d.<\/p>\n\n\n\n<p>Por otro lado, el \u00edndice de precios de los productos l\u00e1cteos tuvo una trayectoria ascendente y se elevaron un 0.6 por ciento en relaci\u00f3n a octubre, una tendencia marcada por \u201cla recuperaci\u00f3n de la demanda mundial de importaciones de leche entera en polvo\u201d.<\/p>\n\n\n\n<p>El alza se registra tambi\u00e9n en los precios de la mantequilla, que alcanzan \u201cun nuevo nivel r\u00e9cord en un contexto de fuerte demanda y escasez de existencias en Europa occidental\u201d, mientras \u201clos precios del queso aumentaron por la disponibilidad limitada de productos para la exportaci\u00f3n\u201d.<\/p>\n\n\n\n<p>Respecto al resto de los \u00edndices, estos bajaron en noviembre: el precio de los cereales cay\u00f3 un 2.7 por ciento, lo que marca un descenso del 8% en relaci\u00f3n al a\u00f1o previo. Tambi\u00e9n disminuyeron los precios mundiales del trigo por una menor demanda internacional de importaciones.<\/p>\n\n\n\n<p>Los precios mundiales del ma\u00edz se mantuvieron estables, los del arroz se redujeron un 4 por ciento y los precios del az\u00facar cayeron un 2,4% respecto a octubre.<\/p>\n\n\n\n<p>A su vez, el \u00edndice de precios de la carne descendi\u00f3 un 0.8 por ciento, en especial por las menores cotizaciones de porcino en la Uni\u00f3n Europea.<\/p>\n\n\n\n<p>Los precios mundiales de la carne de ovino y de aves de corral se redujeron ligeramente, \u201cmientras las cotizaciones de la carne de bovino se mantuvieron estables\u201d, concluye la FAO.<\/p>\n\n\n\n<p>Con informaci\u00f3n de EFE<\/p>\n","protected":false},"excerpt":{"rendered":"<p>El \u00edndice mundial de precios de los alimentos de la Organizaci\u00f3n de Naciones Unidas para la Alimentaci\u00f3n y la Agricultura (FAO) subi\u00f3 en noviembre de este a\u00f1o a su nivel m\u00e1s alto desde abril de 2023, con un aumento del 0.5 por ciento respecto a octubre. Seg\u00fan el organismo, el \u00edndice de precios de los [&hellip;]<\/p>\n","protected":false},"author":2,"featured_media":51185,"comment_status":"closed","ping_status":"closed","sticky":false,"template":"","format":"standard","meta":{"footnotes":""},"categories":[1025,19],"tags":[],"class_list":{"0":"post-51184","1":"post","2":"type-post","3":"status-publish","4":"format-standard","5":"has-post-thumbnail","7":"category-destacado","8":"category-nacional"},"yoast_head":"<!-- This site is optimized with the Yoast SEO plugin v27.4 - https:\/\/yoast.com\/product\/yoast-seo-wordpress\/ -->\n<title>Precio de alimentos lleg\u00f3 en noviembre a nivel m\u00e1s alto desde abril de 2023, seg\u00fan la FAO - LA BRAVA RADIO<\/title>\n<meta name=\"robots\" content=\"index, follow, max-snippet:-1, max-image-preview:large, max-video-preview:-1\" \/>\n<link rel=\"canonical\" href=\"https:\/\/www.bbmnoticias.com\/labravaradiofm\/2024\/12\/06\/precio-de-alimentos-llego-en-noviembre-a-nivel-mas-alto-desde-abril-de-2023-segun-la-fao\/\" \/>\n<meta property=\"og:locale\" content=\"es_MX\" \/>\n<meta property=\"og:type\" content=\"article\" \/>\n<meta property=\"og:title\" content=\"Precio de alimentos lleg\u00f3 en noviembre a nivel m\u00e1s alto desde abril de 2023, seg\u00fan la FAO - LA BRAVA RADIO\" \/>\n<meta property=\"og:description\" content=\"El \u00edndice mundial de precios de los alimentos de la Organizaci\u00f3n de Naciones Unidas para la Alimentaci\u00f3n y la Agricultura (FAO) subi\u00f3 en noviembre de este a\u00f1o a su nivel m\u00e1s alto desde abril de 2023, con un aumento del 0.5 por ciento respecto a octubre. Seg\u00fan el organismo, el \u00edndice de precios de los [&hellip;]\" \/>\n<meta property=\"og:url\" content=\"https:\/\/www.bbmnoticias.com\/labravaradiofm\/2024\/12\/06\/precio-de-alimentos-llego-en-noviembre-a-nivel-mas-alto-desde-abril-de-2023-segun-la-fao\/\" \/>\n<meta property=\"og:site_name\" content=\"LA BRAVA RADIO\" \/>\n<meta property=\"article:published_time\" content=\"2024-12-06T15:06:30+00:00\" \/>\n<meta property=\"article:modified_time\" content=\"2024-12-06T15:06:34+00:00\" \/>\n<meta property=\"og:image\" content=\"https:\/\/www.bbmnoticias.com\/labravaradiofm\/wp-content\/uploads\/sites\/5\/2024\/12\/alimentos-fao.webp\" \/>\n\t<meta property=\"og:image:width\" content=\"1536\" \/>\n\t<meta property=\"og:image:height\" content=\"1024\" \/>\n\t<meta property=\"og:image:type\" content=\"image\/webp\" \/>\n<meta name=\"author\" content=\"Staff\" \/>\n<meta name=\"twitter:card\" content=\"summary_large_image\" \/>\n<meta name=\"twitter:label1\" content=\"Escrito por\" \/>\n\t<meta name=\"twitter:data1\" content=\"Staff\" \/>\n\t<meta name=\"twitter:label2\" content=\"Tiempo de lectura\" \/>\n\t<meta name=\"twitter:data2\" content=\"3 minutos\" \/>\n<script type=\"application\/ld+json\" class=\"yoast-schema-graph\">{\"@context\":\"https:\\\/\\\/schema.org\",\"@graph\":[{\"@type\":\"Article\",\"@id\":\"https:\\\/\\\/www.bbmnoticias.com\\\/labravaradiofm\\\/2024\\\/12\\\/06\\\/precio-de-alimentos-llego-en-noviembre-a-nivel-mas-alto-desde-abril-de-2023-segun-la-fao\\\/#article\",\"isPartOf\":{\"@id\":\"https:\\\/\\\/www.bbmnoticias.com\\\/labravaradiofm\\\/2024\\\/12\\\/06\\\/precio-de-alimentos-llego-en-noviembre-a-nivel-mas-alto-desde-abril-de-2023-segun-la-fao\\\/\"},\"author\":{\"name\":\"Staff\",\"@id\":\"https:\\\/\\\/www.bbmnoticias.com\\\/labravaradiofm\\\/#\\\/schema\\\/person\\\/34b139c617a70ea5bef5678bffe4dd7b\"},\"headline\":\"Precio de alimentos lleg\u00f3 en noviembre a nivel m\u00e1s alto desde abril de 2023, seg\u00fan la FAO\",\"datePublished\":\"2024-12-06T15:06:30+00:00\",\"dateModified\":\"2024-12-06T15:06:34+00:00\",\"mainEntityOfPage\":{\"@id\":\"https:\\\/\\\/www.bbmnoticias.com\\\/labravaradiofm\\\/2024\\\/12\\\/06\\\/precio-de-alimentos-llego-en-noviembre-a-nivel-mas-alto-desde-abril-de-2023-segun-la-fao\\\/\"},\"wordCount\":508,\"image\":{\"@id\":\"https:\\\/\\\/www.bbmnoticias.com\\\/labravaradiofm\\\/2024\\\/12\\\/06\\\/precio-de-alimentos-llego-en-noviembre-a-nivel-mas-alto-desde-abril-de-2023-segun-la-fao\\\/#primaryimage\"},\"thumbnailUrl\":\"https:\\\/\\\/www.bbmnoticias.com\\\/labravaradiofm\\\/wp-content\\\/uploads\\\/sites\\\/5\\\/2024\\\/12\\\/alimentos-fao.webp\",\"articleSection\":[\"DESTACADO\",\"NACIONAL\"],\"inLanguage\":\"es\"},{\"@type\":\"WebPage\",\"@id\":\"https:\\\/\\\/www.bbmnoticias.com\\\/labravaradiofm\\\/2024\\\/12\\\/06\\\/precio-de-alimentos-llego-en-noviembre-a-nivel-mas-alto-desde-abril-de-2023-segun-la-fao\\\/\",\"url\":\"https:\\\/\\\/www.bbmnoticias.com\\\/labravaradiofm\\\/2024\\\/12\\\/06\\\/precio-de-alimentos-llego-en-noviembre-a-nivel-mas-alto-desde-abril-de-2023-segun-la-fao\\\/\",\"name\":\"Precio de alimentos lleg\u00f3 en noviembre a nivel m\u00e1s alto desde abril de 2023, seg\u00fan la FAO - LA BRAVA RADIO\",\"isPartOf\":{\"@id\":\"https:\\\/\\\/www.bbmnoticias.com\\\/labravaradiofm\\\/#website\"},\"primaryImageOfPage\":{\"@id\":\"https:\\\/\\\/www.bbmnoticias.com\\\/labravaradiofm\\\/2024\\\/12\\\/06\\\/precio-de-alimentos-llego-en-noviembre-a-nivel-mas-alto-desde-abril-de-2023-segun-la-fao\\\/#primaryimage\"},\"image\":{\"@id\":\"https:\\\/\\\/www.bbmnoticias.com\\\/labravaradiofm\\\/2024\\\/12\\\/06\\\/precio-de-alimentos-llego-en-noviembre-a-nivel-mas-alto-desde-abril-de-2023-segun-la-fao\\\/#primaryimage\"},\"thumbnailUrl\":\"https:\\\/\\\/www.bbmnoticias.com\\\/labravaradiofm\\\/wp-content\\\/uploads\\\/sites\\\/5\\\/2024\\\/12\\\/alimentos-fao.webp\",\"datePublished\":\"2024-12-06T15:06:30+00:00\",\"dateModified\":\"2024-12-06T15:06:34+00:00\",\"author\":{\"@id\":\"https:\\\/\\\/www.bbmnoticias.com\\\/labravaradiofm\\\/#\\\/schema\\\/person\\\/34b139c617a70ea5bef5678bffe4dd7b\"},\"breadcrumb\":{\"@id\":\"https:\\\/\\\/www.bbmnoticias.com\\\/labravaradiofm\\\/2024\\\/12\\\/06\\\/precio-de-alimentos-llego-en-noviembre-a-nivel-mas-alto-desde-abril-de-2023-segun-la-fao\\\/#breadcrumb\"},\"inLanguage\":\"es\",\"potentialAction\":[{\"@type\":\"ReadAction\",\"target\":[\"https:\\\/\\\/www.bbmnoticias.com\\\/labravaradiofm\\\/2024\\\/12\\\/06\\\/precio-de-alimentos-llego-en-noviembre-a-nivel-mas-alto-desde-abril-de-2023-segun-la-fao\\\/\"]}]},{\"@type\":\"ImageObject\",\"inLanguage\":\"es\",\"@id\":\"https:\\\/\\\/www.bbmnoticias.com\\\/labravaradiofm\\\/2024\\\/12\\\/06\\\/precio-de-alimentos-llego-en-noviembre-a-nivel-mas-alto-desde-abril-de-2023-segun-la-fao\\\/#primaryimage\",\"url\":\"https:\\\/\\\/www.bbmnoticias.com\\\/labravaradiofm\\\/wp-content\\\/uploads\\\/sites\\\/5\\\/2024\\\/12\\\/alimentos-fao.webp\",\"contentUrl\":\"https:\\\/\\\/www.bbmnoticias.com\\\/labravaradiofm\\\/wp-content\\\/uploads\\\/sites\\\/5\\\/2024\\\/12\\\/alimentos-fao.webp\",\"width\":1536,\"height\":1024},{\"@type\":\"BreadcrumbList\",\"@id\":\"https:\\\/\\\/www.bbmnoticias.com\\\/labravaradiofm\\\/2024\\\/12\\\/06\\\/precio-de-alimentos-llego-en-noviembre-a-nivel-mas-alto-desde-abril-de-2023-segun-la-fao\\\/#breadcrumb\",\"itemListElement\":[{\"@type\":\"ListItem\",\"position\":1,\"name\":\"Inicio\",\"item\":\"https:\\\/\\\/www.bbmnoticias.com\\\/labravaradiofm\\\/\"},{\"@type\":\"ListItem\",\"position\":2,\"name\":\"Precio de alimentos lleg\u00f3 en noviembre a nivel m\u00e1s alto desde abril de 2023, seg\u00fan la FAO\"}]},{\"@type\":\"WebSite\",\"@id\":\"https:\\\/\\\/www.bbmnoticias.com\\\/labravaradiofm\\\/#website\",\"url\":\"https:\\\/\\\/www.bbmnoticias.com\\\/labravaradiofm\\\/\",\"name\":\"LA BRAVA RADIO\",\"description\":\"Empresa productora de medios, Radiodifusi\u00f3n, Noticias, tendencias y todo lo que necesitas saber de la pol\u00edtica mexicana e internacional; entretenimiento, espect\u00e1culos, salud y mucho m\u00e1s.\",\"potentialAction\":[{\"@type\":\"SearchAction\",\"target\":{\"@type\":\"EntryPoint\",\"urlTemplate\":\"https:\\\/\\\/www.bbmnoticias.com\\\/labravaradiofm\\\/?s={search_term_string}\"},\"query-input\":{\"@type\":\"PropertyValueSpecification\",\"valueRequired\":true,\"valueName\":\"search_term_string\"}}],\"inLanguage\":\"es\"},{\"@type\":\"Person\",\"@id\":\"https:\\\/\\\/www.bbmnoticias.com\\\/labravaradiofm\\\/#\\\/schema\\\/person\\\/34b139c617a70ea5bef5678bffe4dd7b\",\"name\":\"Staff\",\"image\":{\"@type\":\"ImageObject\",\"inLanguage\":\"es\",\"@id\":\"https:\\\/\\\/secure.gravatar.com\\\/avatar\\\/fdd21ad66fd8b98c407f9dee5b5e588cfe7f0d8579ec20fa6527cd59bab7f0f0?s=96&d=mm&r=g\",\"url\":\"https:\\\/\\\/secure.gravatar.com\\\/avatar\\\/fdd21ad66fd8b98c407f9dee5b5e588cfe7f0d8579ec20fa6527cd59bab7f0f0?s=96&d=mm&r=g\",\"contentUrl\":\"https:\\\/\\\/secure.gravatar.com\\\/avatar\\\/fdd21ad66fd8b98c407f9dee5b5e588cfe7f0d8579ec20fa6527cd59bab7f0f0?s=96&d=mm&r=g\",\"caption\":\"Staff\"},\"url\":\"https:\\\/\\\/www.bbmnoticias.com\\\/labravaradiofm\\\/author\\\/redaccion\\\/\"}]}<\/script>\n<!-- \/ Yoast SEO plugin. -->","yoast_head_json":{"title":"Precio de alimentos lleg\u00f3 en noviembre a nivel m\u00e1s alto desde abril de 2023, seg\u00fan la FAO - LA BRAVA RADIO","robots":{"index":"index","follow":"follow","max-snippet":"max-snippet:-1","max-image-preview":"max-image-preview:large","max-video-preview":"max-video-preview:-1"},"canonical":"https:\/\/www.bbmnoticias.com\/labravaradiofm\/2024\/12\/06\/precio-de-alimentos-llego-en-noviembre-a-nivel-mas-alto-desde-abril-de-2023-segun-la-fao\/","og_locale":"es_MX","og_type":"article","og_title":"Precio de alimentos lleg\u00f3 en noviembre a nivel m\u00e1s alto desde abril de 2023, seg\u00fan la FAO - LA BRAVA RADIO","og_description":"El \u00edndice mundial de precios de los alimentos de la Organizaci\u00f3n de Naciones Unidas para la Alimentaci\u00f3n y la Agricultura (FAO) subi\u00f3 en noviembre de este a\u00f1o a su nivel m\u00e1s alto desde abril de 2023, con un aumento del 0.5 por ciento respecto a octubre. Seg\u00fan el organismo, el \u00edndice de precios de los [&hellip;]","og_url":"https:\/\/www.bbmnoticias.com\/labravaradiofm\/2024\/12\/06\/precio-de-alimentos-llego-en-noviembre-a-nivel-mas-alto-desde-abril-de-2023-segun-la-fao\/","og_site_name":"LA BRAVA RADIO","article_published_time":"2024-12-06T15:06:30+00:00","article_modified_time":"2024-12-06T15:06:34+00:00","og_image":[{"width":1536,"height":1024,"url":"https:\/\/www.bbmnoticias.com\/labravaradiofm\/wp-content\/uploads\/sites\/5\/2024\/12\/alimentos-fao.webp","type":"image\/webp"}],"author":"Staff","twitter_card":"summary_large_image","twitter_misc":{"Escrito por":"Staff","Tiempo de lectura":"3 minutos"},"schema":{"@context":"https:\/\/schema.org","@graph":[{"@type":"Article","@id":"https:\/\/www.bbmnoticias.com\/labravaradiofm\/2024\/12\/06\/precio-de-alimentos-llego-en-noviembre-a-nivel-mas-alto-desde-abril-de-2023-segun-la-fao\/#article","isPartOf":{"@id":"https:\/\/www.bbmnoticias.com\/labravaradiofm\/2024\/12\/06\/precio-de-alimentos-llego-en-noviembre-a-nivel-mas-alto-desde-abril-de-2023-segun-la-fao\/"},"author":{"name":"Staff","@id":"https:\/\/www.bbmnoticias.com\/labravaradiofm\/#\/schema\/person\/34b139c617a70ea5bef5678bffe4dd7b"},"headline":"Precio de alimentos lleg\u00f3 en noviembre a nivel m\u00e1s alto desde abril de 2023, seg\u00fan la FAO","datePublished":"2024-12-06T15:06:30+00:00","dateModified":"2024-12-06T15:06:34+00:00","mainEntityOfPage":{"@id":"https:\/\/www.bbmnoticias.com\/labravaradiofm\/2024\/12\/06\/precio-de-alimentos-llego-en-noviembre-a-nivel-mas-alto-desde-abril-de-2023-segun-la-fao\/"},"wordCount":508,"image":{"@id":"https:\/\/www.bbmnoticias.com\/labravaradiofm\/2024\/12\/06\/precio-de-alimentos-llego-en-noviembre-a-nivel-mas-alto-desde-abril-de-2023-segun-la-fao\/#primaryimage"},"thumbnailUrl":"https:\/\/www.bbmnoticias.com\/labravaradiofm\/wp-content\/uploads\/sites\/5\/2024\/12\/alimentos-fao.webp","articleSection":["DESTACADO","NACIONAL"],"inLanguage":"es"},{"@type":"WebPage","@id":"https:\/\/www.bbmnoticias.com\/labravaradiofm\/2024\/12\/06\/precio-de-alimentos-llego-en-noviembre-a-nivel-mas-alto-desde-abril-de-2023-segun-la-fao\/","url":"https:\/\/www.bbmnoticias.com\/labravaradiofm\/2024\/12\/06\/precio-de-alimentos-llego-en-noviembre-a-nivel-mas-alto-desde-abril-de-2023-segun-la-fao\/","name":"Precio de alimentos lleg\u00f3 en noviembre a nivel m\u00e1s alto desde abril de 2023, seg\u00fan la FAO - LA BRAVA RADIO","isPartOf":{"@id":"https:\/\/www.bbmnoticias.com\/labravaradiofm\/#website"},"primaryImageOfPage":{"@id":"https:\/\/www.bbmnoticias.com\/labravaradiofm\/2024\/12\/06\/precio-de-alimentos-llego-en-noviembre-a-nivel-mas-alto-desde-abril-de-2023-segun-la-fao\/#primaryimage"},"image":{"@id":"https:\/\/www.bbmnoticias.com\/labravaradiofm\/2024\/12\/06\/precio-de-alimentos-llego-en-noviembre-a-nivel-mas-alto-desde-abril-de-2023-segun-la-fao\/#primaryimage"},"thumbnailUrl":"https:\/\/www.bbmnoticias.com\/labravaradiofm\/wp-content\/uploads\/sites\/5\/2024\/12\/alimentos-fao.webp","datePublished":"2024-12-06T15:06:30+00:00","dateModified":"2024-12-06T15:06:34+00:00","author":{"@id":"https:\/\/www.bbmnoticias.com\/labravaradiofm\/#\/schema\/person\/34b139c617a70ea5bef5678bffe4dd7b"},"breadcrumb":{"@id":"https:\/\/www.bbmnoticias.com\/labravaradiofm\/2024\/12\/06\/precio-de-alimentos-llego-en-noviembre-a-nivel-mas-alto-desde-abril-de-2023-segun-la-fao\/#breadcrumb"},"inLanguage":"es","potentialAction":[{"@type":"ReadAction","target":["https:\/\/www.bbmnoticias.com\/labravaradiofm\/2024\/12\/06\/precio-de-alimentos-llego-en-noviembre-a-nivel-mas-alto-desde-abril-de-2023-segun-la-fao\/"]}]},{"@type":"ImageObject","inLanguage":"es","@id":"https:\/\/www.bbmnoticias.com\/labravaradiofm\/2024\/12\/06\/precio-de-alimentos-llego-en-noviembre-a-nivel-mas-alto-desde-abril-de-2023-segun-la-fao\/#primaryimage","url":"https:\/\/www.bbmnoticias.com\/labravaradiofm\/wp-content\/uploads\/sites\/5\/2024\/12\/alimentos-fao.webp","contentUrl":"https:\/\/www.bbmnoticias.com\/labravaradiofm\/wp-content\/uploads\/sites\/5\/2024\/12\/alimentos-fao.webp","width":1536,"height":1024},{"@type":"BreadcrumbList","@id":"https:\/\/www.bbmnoticias.com\/labravaradiofm\/2024\/12\/06\/precio-de-alimentos-llego-en-noviembre-a-nivel-mas-alto-desde-abril-de-2023-segun-la-fao\/#breadcrumb","itemListElement":[{"@type":"ListItem","position":1,"name":"Inicio","item":"https:\/\/www.bbmnoticias.com\/labravaradiofm\/"},{"@type":"ListItem","position":2,"name":"Precio de alimentos lleg\u00f3 en noviembre a nivel m\u00e1s alto desde abril de 2023, seg\u00fan la FAO"}]},{"@type":"WebSite","@id":"https:\/\/www.bbmnoticias.com\/labravaradiofm\/#website","url":"https:\/\/www.bbmnoticias.com\/labravaradiofm\/","name":"LA BRAVA RADIO","description":"Empresa productora de medios, Radiodifusi\u00f3n, Noticias, tendencias y todo lo que necesitas saber de la pol\u00edtica mexicana e internacional; entretenimiento, espect\u00e1culos, salud y mucho m\u00e1s.","potentialAction":[{"@type":"SearchAction","target":{"@type":"EntryPoint","urlTemplate":"https:\/\/www.bbmnoticias.com\/labravaradiofm\/?s={search_term_string}"},"query-input":{"@type":"PropertyValueSpecification","valueRequired":true,"valueName":"search_term_string"}}],"inLanguage":"es"},{"@type":"Person","@id":"https:\/\/www.bbmnoticias.com\/labravaradiofm\/#\/schema\/person\/34b139c617a70ea5bef5678bffe4dd7b","name":"Staff","image":{"@type":"ImageObject","inLanguage":"es","@id":"https:\/\/secure.gravatar.com\/avatar\/fdd21ad66fd8b98c407f9dee5b5e588cfe7f0d8579ec20fa6527cd59bab7f0f0?s=96&d=mm&r=g","url":"https:\/\/secure.gravatar.com\/avatar\/fdd21ad66fd8b98c407f9dee5b5e588cfe7f0d8579ec20fa6527cd59bab7f0f0?s=96&d=mm&r=g","contentUrl":"https:\/\/secure.gravatar.com\/avatar\/fdd21ad66fd8b98c407f9dee5b5e588cfe7f0d8579ec20fa6527cd59bab7f0f0?s=96&d=mm&r=g","caption":"Staff"},"url":"https:\/\/www.bbmnoticias.com\/labravaradiofm\/author\/redaccion\/"}]}},"_links":{"self":[{"href":"https:\/\/www.bbmnoticias.com\/labravaradiofm\/wp-json\/wp\/v2\/posts\/51184","targetHints":{"allow":["GET"]}}],"collection":[{"href":"https:\/\/www.bbmnoticias.com\/labravaradiofm\/wp-json\/wp\/v2\/posts"}],"about":[{"href":"https:\/\/www.bbmnoticias.com\/labravaradiofm\/wp-json\/wp\/v2\/types\/post"}],"author":[{"embeddable":true,"href":"https:\/\/www.bbmnoticias.com\/labravaradiofm\/wp-json\/wp\/v2\/users\/2"}],"replies":[{"embeddable":true,"href":"https:\/\/www.bbmnoticias.com\/labravaradiofm\/wp-json\/wp\/v2\/comments?post=51184"}],"version-history":[{"count":0,"href":"https:\/\/www.bbmnoticias.com\/labravaradiofm\/wp-json\/wp\/v2\/posts\/51184\/revisions"}],"wp:featuredmedia":[{"embeddable":true,"href":"https:\/\/www.bbmnoticias.com\/labravaradiofm\/wp-json\/wp\/v2\/media\/51185"}],"wp:attachment":[{"href":"https:\/\/www.bbmnoticias.com\/labravaradiofm\/wp-json\/wp\/v2\/media?parent=51184"}],"wp:term":[{"taxonomy":"category","embeddable":true,"href":"https:\/\/www.bbmnoticias.com\/labravaradiofm\/wp-json\/wp\/v2\/categories?post=51184"},{"taxonomy":"post_tag","embeddable":true,"href":"https:\/\/www.bbmnoticias.com\/labravaradiofm\/wp-json\/wp\/v2\/tags?post=51184"}],"curies":[{"name":"wp","href":"https:\/\/api.w.org\/{rel}","templated":true}]}}