{"id":51173,"date":"2024-12-06T04:07:00","date_gmt":"2024-12-06T10:07:00","guid":{"rendered":"https:\/\/www.bbmnoticias.com\/labravaradiofm\/?p=51173"},"modified":"2024-12-05T21:40:53","modified_gmt":"2024-12-06T03:40:53","slug":"resultados-tangibles-y-a-la-vista-del-pueblo-talentosos-y-virtuosos-existen-niveles-pedro-botero-2","status":"publish","type":"post","link":"https:\/\/www.bbmnoticias.com\/labravaradiofm\/2024\/12\/06\/resultados-tangibles-y-a-la-vista-del-pueblo-talentosos-y-virtuosos-existen-niveles-pedro-botero-2\/","title":{"rendered":"Corredor Interoce\u00e1nico. \u00bfQu\u00e9 se espera para Salina Cruz? &#8211; Pedro Botero"},"content":{"rendered":"<div style=\"margin-top: 0px; margin-bottom: 0px;\" class=\"sharethis-inline-share-buttons\" ><\/div>\n<p class=\"has-text-align-center\">A horas de la primera visita a Oaxaca de la <strong>presidenta Claudia Sheibaum<\/strong>, ayer \u00a0jueves en la conferencia matutina, el <strong>Secretario de Marina Raymundo Pedro Morales \u00c1ngeles (ex director general del CIIT conoce muy bien el avance del tema) <\/strong>, present\u00f3 los avances con los que cuenta actualmente el proyecto del Corredor Interoce\u00e1nico del Istmo de Tehuantepec (CIIT).<\/p>\n\n\n\n<p>Veamos:<\/p>\n\n\n\n<p><strong>Tres l\u00edneas del tren:<\/strong><\/p>\n\n\n\n<p><strong>La l\u00ednea Z &nbsp;Coatzacoalcos- Salina Cruz (operativa desde diciembre 2023).<\/strong><\/p>\n\n\n\n<p><strong>La l\u00ednea FA (Coatzacoalcos a Palenque, que conecta con pasajeros desde el 13 de septiembre).<\/strong><\/p>\n\n\n\n<p><strong>La l\u00ednea K (Ixtepec a Ciudad Hidalgo, Chiapas, en proceso de rehabilitaci\u00f3n).<\/strong><\/p>\n\n\n\n<p><strong>En la informaci\u00f3n destac\u00f3 la modernizaci\u00f3n <\/strong>de seis puertos.<\/p>\n\n\n\n<p>Puerto de Ensenada, Baja California.<\/p>\n\n\n\n<p>Puerto de Manzanillo.<\/p>\n\n\n\n<p>Puerto de L\u00e1zaro Cardenas.<\/p>\n\n\n\n<p>Puerto de Acapulco<\/p>\n\n\n\n<p>Puerto de Veracruz<\/p>\n\n\n\n<p>Puerto Progreso.<\/p>\n\n\n\n<p>Sobre los 12 &nbsp;Polos del Bienestar. Explic\u00f3 que polos para el desarrollo industrial, 4 de ellos en Veracruz y 6 de lado de Oaxaca :<\/p>\n\n\n\n<p>Coatzacoalcos 1<\/p>\n\n\n\n<p>Coatzacoalcos 2<\/p>\n\n\n\n<p>Por su parte el vicealmirante Juan Carlos Vera Minjares Director General del CITT &nbsp;explic\u00f3 que el proyecto del CIIT es estrat\u00e9gico para el desarrollo y bienestar de la regi\u00f3n.<\/p>\n\n\n\n<p>Recordemos que el CITT estar\u00e1 integrado&nbsp; 4 puertos: Coatzacoalcos, Veracruz;&nbsp; Salina Cruz, Oaxaca;&nbsp; Dos Bocas, Tabasco&nbsp; y Puerto Madero, Chiapas.<\/p>\n\n\n\n<p>En lo que toca a nuestro Salina Cruz, Oaxaca, dijo que el puerto tiene&nbsp; vocaciones industriales y distribuci\u00f3n de veh\u00edculos y autopartes que ya fueron concesionadas a la empresa DESARROLLADORA MULTIMODAL DEL ISTMO que tiene un avance con inversionistas.<\/p>\n\n\n\n<p>Terminando el anuncio, el gobernador Salom\u00f3n Jara, en su cuenta de X escribi\u00f3:<\/p>\n\n\n\n<p>&nbsp;\u201cEn la conferencia de nuestra Presidenta @Claudiashein, se present\u00f3 la situaci\u00f3n actual del Corredor Interoce\u00e1nico del Istmo de Tehuantepec. De la mano del @GobiernoMX, seguimos impulsando este megaproyecto como una ventana de acceso a rutas comerciales globales, para consolidar a Oaxaca como el nuevo motor de desarrollo del Sur-Sureste\u201d.<\/p>\n\n\n\n<p>El comercio internacional, a mediano plazo, vivir\u00e1 una &nbsp;transformaci\u00f3n significativa con el desarrollo del Corredor Interoce\u00e1nico del Istmo de Tehuantepec (CIIT) en M\u00e9xico. <strong>(con informaci\u00f3n de Dracontainers)<\/strong><\/p>\n\n\n\n<p>&nbsp;\u201cEste ambicioso proyecto busca funcionar como una alternativa al famoso Canal de Panam\u00e1 y promete ser una opci\u00f3n log\u00edstica superior para la movilizaci\u00f3n de mercanc\u00edas entre los oc\u00e9anos Atl\u00e1ntico y Pac\u00edfico\u201d.<\/p>\n\n\n\n<p>Por hoy es tocho. Recuerden, cuando el B\u00faho canta el indio muere. Pd.- Como dice el filosofo \u2026 enchilamesta: <strong>Cuando se carece de talento pero es un mal necesario<\/strong>\u2026 le van a buscar un lugar dentro del gabinete donde colocarlo; hablo del peor gobernador en la historia de Veracruz, seg\u00fan los jarochos, <strong>Cuitl\u00e1huac Garc\u00eda<\/strong>. En los pr\u00f3ximos d\u00edas dar\u00e1n a conocer el nuevo cargo del \u201c<strong>Cuicara<\/strong>\u201d.<\/p>\n\n\n\n<p class=\"has-text-align-center\"><strong>Esc\u00fachanos de 06:00 a 07:00 horas y de 17:00 a 18:00 horas en el 106.5 FM Heraldo Istmo y 97.7 Fm Heraldo Oaxaca.\u00a0 En las 2 ediciones de Heraldo.<br>X \/ Twitter @buho_botero<br>@bbmnoticias1<br>Facebook Pedro Botero y Bbmnoticias Oaxaca.<br><a href=\"http:\/\/www.elheraldodemexico.com\">www.elheraldodemexico.com<\/a><br><a href=\"http:\/\/www.bbmnoticias.com\/labravaradiofm\">www.bbmnoticias.com\/labravaradiofm<\/a><br><a href=\"http:\/\/www.labravaradiofm.com\">www.labravaradiofm.com<\/a><\/strong><\/p>\n","protected":false},"excerpt":{"rendered":"<p>A horas de la primera visita a Oaxaca de la presidenta Claudia Sheibaum, ayer \u00a0jueves en la conferencia matutina, el Secretario de Marina Raymundo Pedro Morales \u00c1ngeles (ex director general del CIIT conoce muy bien el avance del tema) , present\u00f3 los avances con los que cuenta actualmente el proyecto del Corredor Interoce\u00e1nico del Istmo [&hellip;]<\/p>\n","protected":false},"author":18,"featured_media":51174,"comment_status":"closed","ping_status":"closed","sticky":false,"template":"","format":"standard","meta":{"footnotes":""},"categories":[950,22],"tags":[],"class_list":{"0":"post-51173","1":"post","2":"type-post","3":"status-publish","4":"format-standard","5":"has-post-thumbnail","7":"category-el-canto-del-buho","8":"category-opinion"},"yoast_head":"<!-- This site is optimized with the Yoast SEO plugin v27.4 - https:\/\/yoast.com\/product\/yoast-seo-wordpress\/ -->\n<title>Corredor Interoce\u00e1nico. \u00bfQu\u00e9 se espera para Salina Cruz? - Pedro Botero - LA BRAVA RADIO<\/title>\n<meta name=\"robots\" content=\"index, follow, max-snippet:-1, max-image-preview:large, max-video-preview:-1\" \/>\n<link rel=\"canonical\" href=\"https:\/\/www.bbmnoticias.com\/labravaradiofm\/2024\/12\/06\/resultados-tangibles-y-a-la-vista-del-pueblo-talentosos-y-virtuosos-existen-niveles-pedro-botero-2\/\" \/>\n<meta property=\"og:locale\" content=\"es_MX\" \/>\n<meta property=\"og:type\" content=\"article\" \/>\n<meta property=\"og:title\" content=\"Corredor Interoce\u00e1nico. \u00bfQu\u00e9 se espera para Salina Cruz? - Pedro Botero - LA BRAVA RADIO\" \/>\n<meta property=\"og:description\" content=\"A horas de la primera visita a Oaxaca de la presidenta Claudia Sheibaum, ayer \u00a0jueves en la conferencia matutina, el Secretario de Marina Raymundo Pedro Morales \u00c1ngeles (ex director general del CIIT conoce muy bien el avance del tema) , present\u00f3 los avances con los que cuenta actualmente el proyecto del Corredor Interoce\u00e1nico del Istmo [&hellip;]\" \/>\n<meta property=\"og:url\" content=\"https:\/\/www.bbmnoticias.com\/labravaradiofm\/2024\/12\/06\/resultados-tangibles-y-a-la-vista-del-pueblo-talentosos-y-virtuosos-existen-niveles-pedro-botero-2\/\" \/>\n<meta property=\"og:site_name\" content=\"LA BRAVA RADIO\" \/>\n<meta property=\"article:published_time\" content=\"2024-12-06T10:07:00+00:00\" \/>\n<meta property=\"og:image\" content=\"https:\/\/www.bbmnoticias.com\/labravaradiofm\/wp-content\/uploads\/sites\/5\/2024\/12\/elcanto06122024.jpg\" \/>\n\t<meta property=\"og:image:width\" content=\"750\" \/>\n\t<meta property=\"og:image:height\" content=\"415\" \/>\n\t<meta property=\"og:image:type\" content=\"image\/jpeg\" \/>\n<meta name=\"author\" content=\"Pedro Botero\" \/>\n<meta name=\"twitter:card\" content=\"summary_large_image\" \/>\n<meta name=\"twitter:label1\" content=\"Escrito por\" \/>\n\t<meta name=\"twitter:data1\" content=\"Pedro Botero\" \/>\n\t<meta name=\"twitter:label2\" content=\"Tiempo de lectura\" \/>\n\t<meta name=\"twitter:data2\" content=\"3 minutos\" \/>\n<script type=\"application\/ld+json\" class=\"yoast-schema-graph\">{\"@context\":\"https:\\\/\\\/schema.org\",\"@graph\":[{\"@type\":\"Article\",\"@id\":\"https:\\\/\\\/www.bbmnoticias.com\\\/labravaradiofm\\\/2024\\\/12\\\/06\\\/resultados-tangibles-y-a-la-vista-del-pueblo-talentosos-y-virtuosos-existen-niveles-pedro-botero-2\\\/#article\",\"isPartOf\":{\"@id\":\"https:\\\/\\\/www.bbmnoticias.com\\\/labravaradiofm\\\/2024\\\/12\\\/06\\\/resultados-tangibles-y-a-la-vista-del-pueblo-talentosos-y-virtuosos-existen-niveles-pedro-botero-2\\\/\"},\"author\":{\"name\":\"Pedro Botero\",\"@id\":\"https:\\\/\\\/www.bbmnoticias.com\\\/labravaradiofm\\\/#\\\/schema\\\/person\\\/4225105502e8adb0d77200acc537ccd9\"},\"headline\":\"Corredor Interoce\u00e1nico. \u00bfQu\u00e9 se espera para Salina Cruz? &#8211; Pedro Botero\",\"datePublished\":\"2024-12-06T10:07:00+00:00\",\"mainEntityOfPage\":{\"@id\":\"https:\\\/\\\/www.bbmnoticias.com\\\/labravaradiofm\\\/2024\\\/12\\\/06\\\/resultados-tangibles-y-a-la-vista-del-pueblo-talentosos-y-virtuosos-existen-niveles-pedro-botero-2\\\/\"},\"wordCount\":523,\"image\":{\"@id\":\"https:\\\/\\\/www.bbmnoticias.com\\\/labravaradiofm\\\/2024\\\/12\\\/06\\\/resultados-tangibles-y-a-la-vista-del-pueblo-talentosos-y-virtuosos-existen-niveles-pedro-botero-2\\\/#primaryimage\"},\"thumbnailUrl\":\"https:\\\/\\\/www.bbmnoticias.com\\\/labravaradiofm\\\/wp-content\\\/uploads\\\/sites\\\/5\\\/2024\\\/12\\\/elcanto06122024.jpg\",\"articleSection\":[\"EL CANTO DEL B\u00daHO\",\"OPINI\u00d3N\"],\"inLanguage\":\"es\"},{\"@type\":\"WebPage\",\"@id\":\"https:\\\/\\\/www.bbmnoticias.com\\\/labravaradiofm\\\/2024\\\/12\\\/06\\\/resultados-tangibles-y-a-la-vista-del-pueblo-talentosos-y-virtuosos-existen-niveles-pedro-botero-2\\\/\",\"url\":\"https:\\\/\\\/www.bbmnoticias.com\\\/labravaradiofm\\\/2024\\\/12\\\/06\\\/resultados-tangibles-y-a-la-vista-del-pueblo-talentosos-y-virtuosos-existen-niveles-pedro-botero-2\\\/\",\"name\":\"Corredor Interoce\u00e1nico. \u00bfQu\u00e9 se espera para Salina Cruz? - Pedro Botero - LA BRAVA RADIO\",\"isPartOf\":{\"@id\":\"https:\\\/\\\/www.bbmnoticias.com\\\/labravaradiofm\\\/#website\"},\"primaryImageOfPage\":{\"@id\":\"https:\\\/\\\/www.bbmnoticias.com\\\/labravaradiofm\\\/2024\\\/12\\\/06\\\/resultados-tangibles-y-a-la-vista-del-pueblo-talentosos-y-virtuosos-existen-niveles-pedro-botero-2\\\/#primaryimage\"},\"image\":{\"@id\":\"https:\\\/\\\/www.bbmnoticias.com\\\/labravaradiofm\\\/2024\\\/12\\\/06\\\/resultados-tangibles-y-a-la-vista-del-pueblo-talentosos-y-virtuosos-existen-niveles-pedro-botero-2\\\/#primaryimage\"},\"thumbnailUrl\":\"https:\\\/\\\/www.bbmnoticias.com\\\/labravaradiofm\\\/wp-content\\\/uploads\\\/sites\\\/5\\\/2024\\\/12\\\/elcanto06122024.jpg\",\"datePublished\":\"2024-12-06T10:07:00+00:00\",\"author\":{\"@id\":\"https:\\\/\\\/www.bbmnoticias.com\\\/labravaradiofm\\\/#\\\/schema\\\/person\\\/4225105502e8adb0d77200acc537ccd9\"},\"breadcrumb\":{\"@id\":\"https:\\\/\\\/www.bbmnoticias.com\\\/labravaradiofm\\\/2024\\\/12\\\/06\\\/resultados-tangibles-y-a-la-vista-del-pueblo-talentosos-y-virtuosos-existen-niveles-pedro-botero-2\\\/#breadcrumb\"},\"inLanguage\":\"es\",\"potentialAction\":[{\"@type\":\"ReadAction\",\"target\":[\"https:\\\/\\\/www.bbmnoticias.com\\\/labravaradiofm\\\/2024\\\/12\\\/06\\\/resultados-tangibles-y-a-la-vista-del-pueblo-talentosos-y-virtuosos-existen-niveles-pedro-botero-2\\\/\"]}]},{\"@type\":\"ImageObject\",\"inLanguage\":\"es\",\"@id\":\"https:\\\/\\\/www.bbmnoticias.com\\\/labravaradiofm\\\/2024\\\/12\\\/06\\\/resultados-tangibles-y-a-la-vista-del-pueblo-talentosos-y-virtuosos-existen-niveles-pedro-botero-2\\\/#primaryimage\",\"url\":\"https:\\\/\\\/www.bbmnoticias.com\\\/labravaradiofm\\\/wp-content\\\/uploads\\\/sites\\\/5\\\/2024\\\/12\\\/elcanto06122024.jpg\",\"contentUrl\":\"https:\\\/\\\/www.bbmnoticias.com\\\/labravaradiofm\\\/wp-content\\\/uploads\\\/sites\\\/5\\\/2024\\\/12\\\/elcanto06122024.jpg\",\"width\":750,\"height\":415},{\"@type\":\"BreadcrumbList\",\"@id\":\"https:\\\/\\\/www.bbmnoticias.com\\\/labravaradiofm\\\/2024\\\/12\\\/06\\\/resultados-tangibles-y-a-la-vista-del-pueblo-talentosos-y-virtuosos-existen-niveles-pedro-botero-2\\\/#breadcrumb\",\"itemListElement\":[{\"@type\":\"ListItem\",\"position\":1,\"name\":\"Inicio\",\"item\":\"https:\\\/\\\/www.bbmnoticias.com\\\/labravaradiofm\\\/\"},{\"@type\":\"ListItem\",\"position\":2,\"name\":\"Corredor Interoce\u00e1nico. \u00bfQu\u00e9 se espera para Salina Cruz? &#8211; Pedro Botero\"}]},{\"@type\":\"WebSite\",\"@id\":\"https:\\\/\\\/www.bbmnoticias.com\\\/labravaradiofm\\\/#website\",\"url\":\"https:\\\/\\\/www.bbmnoticias.com\\\/labravaradiofm\\\/\",\"name\":\"LA BRAVA RADIO\",\"description\":\"Empresa productora de medios, Radiodifusi\u00f3n, Noticias, tendencias y todo lo que necesitas saber de la pol\u00edtica mexicana e internacional; entretenimiento, espect\u00e1culos, salud y mucho m\u00e1s.\",\"potentialAction\":[{\"@type\":\"SearchAction\",\"target\":{\"@type\":\"EntryPoint\",\"urlTemplate\":\"https:\\\/\\\/www.bbmnoticias.com\\\/labravaradiofm\\\/?s={search_term_string}\"},\"query-input\":{\"@type\":\"PropertyValueSpecification\",\"valueRequired\":true,\"valueName\":\"search_term_string\"}}],\"inLanguage\":\"es\"},{\"@type\":\"Person\",\"@id\":\"https:\\\/\\\/www.bbmnoticias.com\\\/labravaradiofm\\\/#\\\/schema\\\/person\\\/4225105502e8adb0d77200acc537ccd9\",\"name\":\"Pedro Botero\",\"image\":{\"@type\":\"ImageObject\",\"inLanguage\":\"es\",\"@id\":\"https:\\\/\\\/secure.gravatar.com\\\/avatar\\\/3e1604f74223697b158b4f0509f030050c1609806bd1c24b9ac5d9759b30b353?s=96&d=mm&r=g\",\"url\":\"https:\\\/\\\/secure.gravatar.com\\\/avatar\\\/3e1604f74223697b158b4f0509f030050c1609806bd1c24b9ac5d9759b30b353?s=96&d=mm&r=g\",\"contentUrl\":\"https:\\\/\\\/secure.gravatar.com\\\/avatar\\\/3e1604f74223697b158b4f0509f030050c1609806bd1c24b9ac5d9759b30b353?s=96&d=mm&r=g\",\"caption\":\"Pedro Botero\"},\"sameAs\":[\"http:\\\/\\\/www.bbmnoticias.com\"],\"url\":\"https:\\\/\\\/www.bbmnoticias.com\\\/labravaradiofm\\\/author\\\/pedrobotero\\\/\"}]}<\/script>\n<!-- \/ Yoast SEO plugin. -->","yoast_head_json":{"title":"Corredor Interoce\u00e1nico. \u00bfQu\u00e9 se espera para Salina Cruz? - Pedro Botero - LA BRAVA RADIO","robots":{"index":"index","follow":"follow","max-snippet":"max-snippet:-1","max-image-preview":"max-image-preview:large","max-video-preview":"max-video-preview:-1"},"canonical":"https:\/\/www.bbmnoticias.com\/labravaradiofm\/2024\/12\/06\/resultados-tangibles-y-a-la-vista-del-pueblo-talentosos-y-virtuosos-existen-niveles-pedro-botero-2\/","og_locale":"es_MX","og_type":"article","og_title":"Corredor Interoce\u00e1nico. \u00bfQu\u00e9 se espera para Salina Cruz? - Pedro Botero - LA BRAVA RADIO","og_description":"A horas de la primera visita a Oaxaca de la presidenta Claudia Sheibaum, ayer \u00a0jueves en la conferencia matutina, el Secretario de Marina Raymundo Pedro Morales \u00c1ngeles (ex director general del CIIT conoce muy bien el avance del tema) , present\u00f3 los avances con los que cuenta actualmente el proyecto del Corredor Interoce\u00e1nico del Istmo [&hellip;]","og_url":"https:\/\/www.bbmnoticias.com\/labravaradiofm\/2024\/12\/06\/resultados-tangibles-y-a-la-vista-del-pueblo-talentosos-y-virtuosos-existen-niveles-pedro-botero-2\/","og_site_name":"LA BRAVA RADIO","article_published_time":"2024-12-06T10:07:00+00:00","og_image":[{"width":750,"height":415,"url":"https:\/\/www.bbmnoticias.com\/labravaradiofm\/wp-content\/uploads\/sites\/5\/2024\/12\/elcanto06122024.jpg","type":"image\/jpeg"}],"author":"Pedro Botero","twitter_card":"summary_large_image","twitter_misc":{"Escrito por":"Pedro Botero","Tiempo de lectura":"3 minutos"},"schema":{"@context":"https:\/\/schema.org","@graph":[{"@type":"Article","@id":"https:\/\/www.bbmnoticias.com\/labravaradiofm\/2024\/12\/06\/resultados-tangibles-y-a-la-vista-del-pueblo-talentosos-y-virtuosos-existen-niveles-pedro-botero-2\/#article","isPartOf":{"@id":"https:\/\/www.bbmnoticias.com\/labravaradiofm\/2024\/12\/06\/resultados-tangibles-y-a-la-vista-del-pueblo-talentosos-y-virtuosos-existen-niveles-pedro-botero-2\/"},"author":{"name":"Pedro Botero","@id":"https:\/\/www.bbmnoticias.com\/labravaradiofm\/#\/schema\/person\/4225105502e8adb0d77200acc537ccd9"},"headline":"Corredor Interoce\u00e1nico. \u00bfQu\u00e9 se espera para Salina Cruz? &#8211; Pedro Botero","datePublished":"2024-12-06T10:07:00+00:00","mainEntityOfPage":{"@id":"https:\/\/www.bbmnoticias.com\/labravaradiofm\/2024\/12\/06\/resultados-tangibles-y-a-la-vista-del-pueblo-talentosos-y-virtuosos-existen-niveles-pedro-botero-2\/"},"wordCount":523,"image":{"@id":"https:\/\/www.bbmnoticias.com\/labravaradiofm\/2024\/12\/06\/resultados-tangibles-y-a-la-vista-del-pueblo-talentosos-y-virtuosos-existen-niveles-pedro-botero-2\/#primaryimage"},"thumbnailUrl":"https:\/\/www.bbmnoticias.com\/labravaradiofm\/wp-content\/uploads\/sites\/5\/2024\/12\/elcanto06122024.jpg","articleSection":["EL CANTO DEL B\u00daHO","OPINI\u00d3N"],"inLanguage":"es"},{"@type":"WebPage","@id":"https:\/\/www.bbmnoticias.com\/labravaradiofm\/2024\/12\/06\/resultados-tangibles-y-a-la-vista-del-pueblo-talentosos-y-virtuosos-existen-niveles-pedro-botero-2\/","url":"https:\/\/www.bbmnoticias.com\/labravaradiofm\/2024\/12\/06\/resultados-tangibles-y-a-la-vista-del-pueblo-talentosos-y-virtuosos-existen-niveles-pedro-botero-2\/","name":"Corredor Interoce\u00e1nico. \u00bfQu\u00e9 se espera para Salina Cruz? - Pedro Botero - LA BRAVA RADIO","isPartOf":{"@id":"https:\/\/www.bbmnoticias.com\/labravaradiofm\/#website"},"primaryImageOfPage":{"@id":"https:\/\/www.bbmnoticias.com\/labravaradiofm\/2024\/12\/06\/resultados-tangibles-y-a-la-vista-del-pueblo-talentosos-y-virtuosos-existen-niveles-pedro-botero-2\/#primaryimage"},"image":{"@id":"https:\/\/www.bbmnoticias.com\/labravaradiofm\/2024\/12\/06\/resultados-tangibles-y-a-la-vista-del-pueblo-talentosos-y-virtuosos-existen-niveles-pedro-botero-2\/#primaryimage"},"thumbnailUrl":"https:\/\/www.bbmnoticias.com\/labravaradiofm\/wp-content\/uploads\/sites\/5\/2024\/12\/elcanto06122024.jpg","datePublished":"2024-12-06T10:07:00+00:00","author":{"@id":"https:\/\/www.bbmnoticias.com\/labravaradiofm\/#\/schema\/person\/4225105502e8adb0d77200acc537ccd9"},"breadcrumb":{"@id":"https:\/\/www.bbmnoticias.com\/labravaradiofm\/2024\/12\/06\/resultados-tangibles-y-a-la-vista-del-pueblo-talentosos-y-virtuosos-existen-niveles-pedro-botero-2\/#breadcrumb"},"inLanguage":"es","potentialAction":[{"@type":"ReadAction","target":["https:\/\/www.bbmnoticias.com\/labravaradiofm\/2024\/12\/06\/resultados-tangibles-y-a-la-vista-del-pueblo-talentosos-y-virtuosos-existen-niveles-pedro-botero-2\/"]}]},{"@type":"ImageObject","inLanguage":"es","@id":"https:\/\/www.bbmnoticias.com\/labravaradiofm\/2024\/12\/06\/resultados-tangibles-y-a-la-vista-del-pueblo-talentosos-y-virtuosos-existen-niveles-pedro-botero-2\/#primaryimage","url":"https:\/\/www.bbmnoticias.com\/labravaradiofm\/wp-content\/uploads\/sites\/5\/2024\/12\/elcanto06122024.jpg","contentUrl":"https:\/\/www.bbmnoticias.com\/labravaradiofm\/wp-content\/uploads\/sites\/5\/2024\/12\/elcanto06122024.jpg","width":750,"height":415},{"@type":"BreadcrumbList","@id":"https:\/\/www.bbmnoticias.com\/labravaradiofm\/2024\/12\/06\/resultados-tangibles-y-a-la-vista-del-pueblo-talentosos-y-virtuosos-existen-niveles-pedro-botero-2\/#breadcrumb","itemListElement":[{"@type":"ListItem","position":1,"name":"Inicio","item":"https:\/\/www.bbmnoticias.com\/labravaradiofm\/"},{"@type":"ListItem","position":2,"name":"Corredor Interoce\u00e1nico. \u00bfQu\u00e9 se espera para Salina Cruz? &#8211; Pedro Botero"}]},{"@type":"WebSite","@id":"https:\/\/www.bbmnoticias.com\/labravaradiofm\/#website","url":"https:\/\/www.bbmnoticias.com\/labravaradiofm\/","name":"LA BRAVA RADIO","description":"Empresa productora de medios, Radiodifusi\u00f3n, Noticias, tendencias y todo lo que necesitas saber de la pol\u00edtica mexicana e internacional; entretenimiento, espect\u00e1culos, salud y mucho m\u00e1s.","potentialAction":[{"@type":"SearchAction","target":{"@type":"EntryPoint","urlTemplate":"https:\/\/www.bbmnoticias.com\/labravaradiofm\/?s={search_term_string}"},"query-input":{"@type":"PropertyValueSpecification","valueRequired":true,"valueName":"search_term_string"}}],"inLanguage":"es"},{"@type":"Person","@id":"https:\/\/www.bbmnoticias.com\/labravaradiofm\/#\/schema\/person\/4225105502e8adb0d77200acc537ccd9","name":"Pedro Botero","image":{"@type":"ImageObject","inLanguage":"es","@id":"https:\/\/secure.gravatar.com\/avatar\/3e1604f74223697b158b4f0509f030050c1609806bd1c24b9ac5d9759b30b353?s=96&d=mm&r=g","url":"https:\/\/secure.gravatar.com\/avatar\/3e1604f74223697b158b4f0509f030050c1609806bd1c24b9ac5d9759b30b353?s=96&d=mm&r=g","contentUrl":"https:\/\/secure.gravatar.com\/avatar\/3e1604f74223697b158b4f0509f030050c1609806bd1c24b9ac5d9759b30b353?s=96&d=mm&r=g","caption":"Pedro Botero"},"sameAs":["http:\/\/www.bbmnoticias.com"],"url":"https:\/\/www.bbmnoticias.com\/labravaradiofm\/author\/pedrobotero\/"}]}},"_links":{"self":[{"href":"https:\/\/www.bbmnoticias.com\/labravaradiofm\/wp-json\/wp\/v2\/posts\/51173","targetHints":{"allow":["GET"]}}],"collection":[{"href":"https:\/\/www.bbmnoticias.com\/labravaradiofm\/wp-json\/wp\/v2\/posts"}],"about":[{"href":"https:\/\/www.bbmnoticias.com\/labravaradiofm\/wp-json\/wp\/v2\/types\/post"}],"author":[{"embeddable":true,"href":"https:\/\/www.bbmnoticias.com\/labravaradiofm\/wp-json\/wp\/v2\/users\/18"}],"replies":[{"embeddable":true,"href":"https:\/\/www.bbmnoticias.com\/labravaradiofm\/wp-json\/wp\/v2\/comments?post=51173"}],"version-history":[{"count":0,"href":"https:\/\/www.bbmnoticias.com\/labravaradiofm\/wp-json\/wp\/v2\/posts\/51173\/revisions"}],"wp:featuredmedia":[{"embeddable":true,"href":"https:\/\/www.bbmnoticias.com\/labravaradiofm\/wp-json\/wp\/v2\/media\/51174"}],"wp:attachment":[{"href":"https:\/\/www.bbmnoticias.com\/labravaradiofm\/wp-json\/wp\/v2\/media?parent=51173"}],"wp:term":[{"taxonomy":"category","embeddable":true,"href":"https:\/\/www.bbmnoticias.com\/labravaradiofm\/wp-json\/wp\/v2\/categories?post=51173"},{"taxonomy":"post_tag","embeddable":true,"href":"https:\/\/www.bbmnoticias.com\/labravaradiofm\/wp-json\/wp\/v2\/tags?post=51173"}],"curies":[{"name":"wp","href":"https:\/\/api.w.org\/{rel}","templated":true}]}}