{"id":51170,"date":"2024-12-05T18:03:46","date_gmt":"2024-12-06T00:03:46","guid":{"rendered":"https:\/\/www.bbmnoticias.com\/labravaradiofm\/?p=51170"},"modified":"2024-12-05T18:03:50","modified_gmt":"2024-12-06T00:03:50","slug":"impulsa-sectur-oaxaca-desarrollo-turistico-del-istmo-de-tehuantepec","status":"publish","type":"post","link":"https:\/\/www.bbmnoticias.com\/labravaradiofm\/2024\/12\/05\/impulsa-sectur-oaxaca-desarrollo-turistico-del-istmo-de-tehuantepec\/","title":{"rendered":"Impulsa Sectur Oaxaca desarrollo tur\u00edstico del Istmo de Tehuantepec"},"content":{"rendered":"<div style=\"margin-top: 0px; margin-bottom: 0px;\" class=\"sharethis-inline-share-buttons\" ><\/div>\n<p><em>Se realizan acciones para promover los atractivos de este sector en la regi\u00f3n, en el marco del Corredor Interoce\u00e1nico del Istmo de Tehuantepec<\/em><\/p>\n\n\n\n<p><strong>Salina Cruz, Oax.-<\/strong> La secretaria de Turismo del Gobierno del Estado (Sectur Oaxaca) Saymi Pineda Velasco, encabez\u00f3 una reuni\u00f3n de coordinaci\u00f3n para el Plan Integral de trabajo en el Istmo de Tehuantepec, que busca detonar el desarrollo tur\u00edstico de esta regi\u00f3n estrat\u00e9gica.<\/p>\n\n\n\n<p>En el encuentro, al que asistieron autoridades municipales, actuales y electas de 19 Ayuntamientos de la regi\u00f3n, se presentaron los objetivos y alcances del Programa de Desarrollo Tur\u00edstico Integral en Torno al Corredor Interoce\u00e1nico del Istmo de Tehuantepec, Estado de Oaxaca.<\/p>\n\n\n\n<p>Pineda Velasco destac\u00f3 que como nunca antes, en el Gobierno de la Primavera Oaxaque\u00f1a se trabaja para que el turismo en esta regi\u00f3n se convierta en uno de los motores de desarrollo integral y sustentable en beneficio de las familias y sectores productivos, una zona, dijo, de las m\u00e1s importantes del estado y el pa\u00eds.<\/p>\n\n\n\n<p>Inform\u00f3 que la Sectur Oaxaca realiz\u00f3 un diagn\u00f3stico, en coordinaci\u00f3n con el Fondo Nacional de Fomento al Turismo (Fonatur), para conocer las oportunidades que cuentan las comunidades en materia tur\u00edstica.<\/p>\n\n\n\n<p>Destac\u00f3 que en el encuentro se abordaron las necesidades de los municipios en la materia, as\u00ed como las principales festividades como las tradicionales velas istme\u00f1as de atracci\u00f3n tur\u00edstica. Entre las estrategias definidas, se incluye la Guelaguetza Regional a realizarse en mayo de 2025, as\u00ed como el impulso a la promoci\u00f3n gastron\u00f3mica, tradicional, destinos de playa, entre otros.<\/p>\n\n\n\n<p>Con la nueva carretera Mitla-Tehuantepec se incrementar\u00e1 el flujo de visitantes a esta regi\u00f3n; se avanza en la conclusi\u00f3n del Centro Cultural del Istmo (Vel\u00f3dromo), y se mejorar\u00e1 la conectividad a\u00e9rea entre el Aeropuerto de Ciudad Ixtepec con el Aeropuerto Internacional Felipe \u00c1ngeles (AIFA) a trav\u00e9s de Mexicana de Aviaci\u00f3n y otros destinos, entre otras acciones para el fortalecimiento del sector tur\u00edstico.<\/p>\n","protected":false},"excerpt":{"rendered":"<p>Se realizan acciones para promover los atractivos de este sector en la regi\u00f3n, en el marco del Corredor Interoce\u00e1nico del Istmo de Tehuantepec Salina Cruz, Oax.- La secretaria de Turismo del Gobierno del Estado (Sectur Oaxaca) Saymi Pineda Velasco, encabez\u00f3 una reuni\u00f3n de coordinaci\u00f3n para el Plan Integral de trabajo en el Istmo de Tehuantepec, [&hellip;]<\/p>\n","protected":false},"author":2,"featured_media":51171,"comment_status":"closed","ping_status":"closed","sticky":false,"template":"","format":"standard","meta":{"footnotes":""},"categories":[2],"tags":[],"class_list":{"0":"post-51170","1":"post","2":"type-post","3":"status-publish","4":"format-standard","5":"has-post-thumbnail","7":"category-oaxaca"},"yoast_head":"<!-- This site is optimized with the Yoast SEO plugin v27.4 - https:\/\/yoast.com\/product\/yoast-seo-wordpress\/ -->\n<title>Impulsa Sectur Oaxaca desarrollo tur\u00edstico del Istmo de Tehuantepec - LA BRAVA RADIO<\/title>\n<meta name=\"robots\" content=\"index, follow, max-snippet:-1, max-image-preview:large, max-video-preview:-1\" \/>\n<link rel=\"canonical\" href=\"https:\/\/www.bbmnoticias.com\/labravaradiofm\/2024\/12\/05\/impulsa-sectur-oaxaca-desarrollo-turistico-del-istmo-de-tehuantepec\/\" \/>\n<meta property=\"og:locale\" content=\"es_MX\" \/>\n<meta property=\"og:type\" content=\"article\" \/>\n<meta property=\"og:title\" content=\"Impulsa Sectur Oaxaca desarrollo tur\u00edstico del Istmo de Tehuantepec - LA BRAVA RADIO\" \/>\n<meta property=\"og:description\" content=\"Se realizan acciones para promover los atractivos de este sector en la regi\u00f3n, en el marco del Corredor Interoce\u00e1nico del Istmo de Tehuantepec Salina Cruz, Oax.- La secretaria de Turismo del Gobierno del Estado (Sectur Oaxaca) Saymi Pineda Velasco, encabez\u00f3 una reuni\u00f3n de coordinaci\u00f3n para el Plan Integral de trabajo en el Istmo de Tehuantepec, [&hellip;]\" \/>\n<meta property=\"og:url\" content=\"https:\/\/www.bbmnoticias.com\/labravaradiofm\/2024\/12\/05\/impulsa-sectur-oaxaca-desarrollo-turistico-del-istmo-de-tehuantepec\/\" \/>\n<meta property=\"og:site_name\" content=\"LA BRAVA RADIO\" \/>\n<meta property=\"article:published_time\" content=\"2024-12-06T00:03:46+00:00\" \/>\n<meta property=\"article:modified_time\" content=\"2024-12-06T00:03:50+00:00\" \/>\n<meta property=\"og:image\" content=\"https:\/\/www.bbmnoticias.com\/labravaradiofm\/wp-content\/uploads\/sites\/5\/2024\/12\/GeEuMvuXEAAZ2Lf.jpg\" \/>\n\t<meta property=\"og:image:width\" content=\"1600\" \/>\n\t<meta property=\"og:image:height\" content=\"1067\" \/>\n\t<meta property=\"og:image:type\" content=\"image\/jpeg\" \/>\n<meta name=\"author\" content=\"Staff\" \/>\n<meta name=\"twitter:card\" content=\"summary_large_image\" \/>\n<meta name=\"twitter:label1\" content=\"Escrito por\" \/>\n\t<meta name=\"twitter:data1\" content=\"Staff\" \/>\n\t<meta name=\"twitter:label2\" content=\"Tiempo de lectura\" \/>\n\t<meta name=\"twitter:data2\" content=\"2 minutos\" \/>\n<script type=\"application\/ld+json\" class=\"yoast-schema-graph\">{\"@context\":\"https:\\\/\\\/schema.org\",\"@graph\":[{\"@type\":\"Article\",\"@id\":\"https:\\\/\\\/www.bbmnoticias.com\\\/labravaradiofm\\\/2024\\\/12\\\/05\\\/impulsa-sectur-oaxaca-desarrollo-turistico-del-istmo-de-tehuantepec\\\/#article\",\"isPartOf\":{\"@id\":\"https:\\\/\\\/www.bbmnoticias.com\\\/labravaradiofm\\\/2024\\\/12\\\/05\\\/impulsa-sectur-oaxaca-desarrollo-turistico-del-istmo-de-tehuantepec\\\/\"},\"author\":{\"name\":\"Staff\",\"@id\":\"https:\\\/\\\/www.bbmnoticias.com\\\/labravaradiofm\\\/#\\\/schema\\\/person\\\/34b139c617a70ea5bef5678bffe4dd7b\"},\"headline\":\"Impulsa Sectur Oaxaca desarrollo tur\u00edstico del Istmo de Tehuantepec\",\"datePublished\":\"2024-12-06T00:03:46+00:00\",\"dateModified\":\"2024-12-06T00:03:50+00:00\",\"mainEntityOfPage\":{\"@id\":\"https:\\\/\\\/www.bbmnoticias.com\\\/labravaradiofm\\\/2024\\\/12\\\/05\\\/impulsa-sectur-oaxaca-desarrollo-turistico-del-istmo-de-tehuantepec\\\/\"},\"wordCount\":348,\"image\":{\"@id\":\"https:\\\/\\\/www.bbmnoticias.com\\\/labravaradiofm\\\/2024\\\/12\\\/05\\\/impulsa-sectur-oaxaca-desarrollo-turistico-del-istmo-de-tehuantepec\\\/#primaryimage\"},\"thumbnailUrl\":\"https:\\\/\\\/www.bbmnoticias.com\\\/labravaradiofm\\\/wp-content\\\/uploads\\\/sites\\\/5\\\/2024\\\/12\\\/GeEuMvuXEAAZ2Lf.jpg\",\"articleSection\":[\"LOCAL\"],\"inLanguage\":\"es\"},{\"@type\":\"WebPage\",\"@id\":\"https:\\\/\\\/www.bbmnoticias.com\\\/labravaradiofm\\\/2024\\\/12\\\/05\\\/impulsa-sectur-oaxaca-desarrollo-turistico-del-istmo-de-tehuantepec\\\/\",\"url\":\"https:\\\/\\\/www.bbmnoticias.com\\\/labravaradiofm\\\/2024\\\/12\\\/05\\\/impulsa-sectur-oaxaca-desarrollo-turistico-del-istmo-de-tehuantepec\\\/\",\"name\":\"Impulsa Sectur Oaxaca desarrollo tur\u00edstico del Istmo de Tehuantepec - LA BRAVA RADIO\",\"isPartOf\":{\"@id\":\"https:\\\/\\\/www.bbmnoticias.com\\\/labravaradiofm\\\/#website\"},\"primaryImageOfPage\":{\"@id\":\"https:\\\/\\\/www.bbmnoticias.com\\\/labravaradiofm\\\/2024\\\/12\\\/05\\\/impulsa-sectur-oaxaca-desarrollo-turistico-del-istmo-de-tehuantepec\\\/#primaryimage\"},\"image\":{\"@id\":\"https:\\\/\\\/www.bbmnoticias.com\\\/labravaradiofm\\\/2024\\\/12\\\/05\\\/impulsa-sectur-oaxaca-desarrollo-turistico-del-istmo-de-tehuantepec\\\/#primaryimage\"},\"thumbnailUrl\":\"https:\\\/\\\/www.bbmnoticias.com\\\/labravaradiofm\\\/wp-content\\\/uploads\\\/sites\\\/5\\\/2024\\\/12\\\/GeEuMvuXEAAZ2Lf.jpg\",\"datePublished\":\"2024-12-06T00:03:46+00:00\",\"dateModified\":\"2024-12-06T00:03:50+00:00\",\"author\":{\"@id\":\"https:\\\/\\\/www.bbmnoticias.com\\\/labravaradiofm\\\/#\\\/schema\\\/person\\\/34b139c617a70ea5bef5678bffe4dd7b\"},\"breadcrumb\":{\"@id\":\"https:\\\/\\\/www.bbmnoticias.com\\\/labravaradiofm\\\/2024\\\/12\\\/05\\\/impulsa-sectur-oaxaca-desarrollo-turistico-del-istmo-de-tehuantepec\\\/#breadcrumb\"},\"inLanguage\":\"es\",\"potentialAction\":[{\"@type\":\"ReadAction\",\"target\":[\"https:\\\/\\\/www.bbmnoticias.com\\\/labravaradiofm\\\/2024\\\/12\\\/05\\\/impulsa-sectur-oaxaca-desarrollo-turistico-del-istmo-de-tehuantepec\\\/\"]}]},{\"@type\":\"ImageObject\",\"inLanguage\":\"es\",\"@id\":\"https:\\\/\\\/www.bbmnoticias.com\\\/labravaradiofm\\\/2024\\\/12\\\/05\\\/impulsa-sectur-oaxaca-desarrollo-turistico-del-istmo-de-tehuantepec\\\/#primaryimage\",\"url\":\"https:\\\/\\\/www.bbmnoticias.com\\\/labravaradiofm\\\/wp-content\\\/uploads\\\/sites\\\/5\\\/2024\\\/12\\\/GeEuMvuXEAAZ2Lf.jpg\",\"contentUrl\":\"https:\\\/\\\/www.bbmnoticias.com\\\/labravaradiofm\\\/wp-content\\\/uploads\\\/sites\\\/5\\\/2024\\\/12\\\/GeEuMvuXEAAZ2Lf.jpg\",\"width\":1600,\"height\":1067},{\"@type\":\"BreadcrumbList\",\"@id\":\"https:\\\/\\\/www.bbmnoticias.com\\\/labravaradiofm\\\/2024\\\/12\\\/05\\\/impulsa-sectur-oaxaca-desarrollo-turistico-del-istmo-de-tehuantepec\\\/#breadcrumb\",\"itemListElement\":[{\"@type\":\"ListItem\",\"position\":1,\"name\":\"Inicio\",\"item\":\"https:\\\/\\\/www.bbmnoticias.com\\\/labravaradiofm\\\/\"},{\"@type\":\"ListItem\",\"position\":2,\"name\":\"Impulsa Sectur Oaxaca desarrollo tur\u00edstico del Istmo de Tehuantepec\"}]},{\"@type\":\"WebSite\",\"@id\":\"https:\\\/\\\/www.bbmnoticias.com\\\/labravaradiofm\\\/#website\",\"url\":\"https:\\\/\\\/www.bbmnoticias.com\\\/labravaradiofm\\\/\",\"name\":\"LA BRAVA RADIO\",\"description\":\"Empresa productora de medios, Radiodifusi\u00f3n, Noticias, tendencias y todo lo que necesitas saber de la pol\u00edtica mexicana e internacional; entretenimiento, espect\u00e1culos, salud y mucho m\u00e1s.\",\"potentialAction\":[{\"@type\":\"SearchAction\",\"target\":{\"@type\":\"EntryPoint\",\"urlTemplate\":\"https:\\\/\\\/www.bbmnoticias.com\\\/labravaradiofm\\\/?s={search_term_string}\"},\"query-input\":{\"@type\":\"PropertyValueSpecification\",\"valueRequired\":true,\"valueName\":\"search_term_string\"}}],\"inLanguage\":\"es\"},{\"@type\":\"Person\",\"@id\":\"https:\\\/\\\/www.bbmnoticias.com\\\/labravaradiofm\\\/#\\\/schema\\\/person\\\/34b139c617a70ea5bef5678bffe4dd7b\",\"name\":\"Staff\",\"image\":{\"@type\":\"ImageObject\",\"inLanguage\":\"es\",\"@id\":\"https:\\\/\\\/secure.gravatar.com\\\/avatar\\\/fdd21ad66fd8b98c407f9dee5b5e588cfe7f0d8579ec20fa6527cd59bab7f0f0?s=96&d=mm&r=g\",\"url\":\"https:\\\/\\\/secure.gravatar.com\\\/avatar\\\/fdd21ad66fd8b98c407f9dee5b5e588cfe7f0d8579ec20fa6527cd59bab7f0f0?s=96&d=mm&r=g\",\"contentUrl\":\"https:\\\/\\\/secure.gravatar.com\\\/avatar\\\/fdd21ad66fd8b98c407f9dee5b5e588cfe7f0d8579ec20fa6527cd59bab7f0f0?s=96&d=mm&r=g\",\"caption\":\"Staff\"},\"url\":\"https:\\\/\\\/www.bbmnoticias.com\\\/labravaradiofm\\\/author\\\/redaccion\\\/\"}]}<\/script>\n<!-- \/ Yoast SEO plugin. -->","yoast_head_json":{"title":"Impulsa Sectur Oaxaca desarrollo tur\u00edstico del Istmo de Tehuantepec - LA BRAVA RADIO","robots":{"index":"index","follow":"follow","max-snippet":"max-snippet:-1","max-image-preview":"max-image-preview:large","max-video-preview":"max-video-preview:-1"},"canonical":"https:\/\/www.bbmnoticias.com\/labravaradiofm\/2024\/12\/05\/impulsa-sectur-oaxaca-desarrollo-turistico-del-istmo-de-tehuantepec\/","og_locale":"es_MX","og_type":"article","og_title":"Impulsa Sectur Oaxaca desarrollo tur\u00edstico del Istmo de Tehuantepec - LA BRAVA RADIO","og_description":"Se realizan acciones para promover los atractivos de este sector en la regi\u00f3n, en el marco del Corredor Interoce\u00e1nico del Istmo de Tehuantepec Salina Cruz, Oax.- La secretaria de Turismo del Gobierno del Estado (Sectur Oaxaca) Saymi Pineda Velasco, encabez\u00f3 una reuni\u00f3n de coordinaci\u00f3n para el Plan Integral de trabajo en el Istmo de Tehuantepec, [&hellip;]","og_url":"https:\/\/www.bbmnoticias.com\/labravaradiofm\/2024\/12\/05\/impulsa-sectur-oaxaca-desarrollo-turistico-del-istmo-de-tehuantepec\/","og_site_name":"LA BRAVA RADIO","article_published_time":"2024-12-06T00:03:46+00:00","article_modified_time":"2024-12-06T00:03:50+00:00","og_image":[{"width":1600,"height":1067,"url":"https:\/\/www.bbmnoticias.com\/labravaradiofm\/wp-content\/uploads\/sites\/5\/2024\/12\/GeEuMvuXEAAZ2Lf.jpg","type":"image\/jpeg"}],"author":"Staff","twitter_card":"summary_large_image","twitter_misc":{"Escrito por":"Staff","Tiempo de lectura":"2 minutos"},"schema":{"@context":"https:\/\/schema.org","@graph":[{"@type":"Article","@id":"https:\/\/www.bbmnoticias.com\/labravaradiofm\/2024\/12\/05\/impulsa-sectur-oaxaca-desarrollo-turistico-del-istmo-de-tehuantepec\/#article","isPartOf":{"@id":"https:\/\/www.bbmnoticias.com\/labravaradiofm\/2024\/12\/05\/impulsa-sectur-oaxaca-desarrollo-turistico-del-istmo-de-tehuantepec\/"},"author":{"name":"Staff","@id":"https:\/\/www.bbmnoticias.com\/labravaradiofm\/#\/schema\/person\/34b139c617a70ea5bef5678bffe4dd7b"},"headline":"Impulsa Sectur Oaxaca desarrollo tur\u00edstico del Istmo de Tehuantepec","datePublished":"2024-12-06T00:03:46+00:00","dateModified":"2024-12-06T00:03:50+00:00","mainEntityOfPage":{"@id":"https:\/\/www.bbmnoticias.com\/labravaradiofm\/2024\/12\/05\/impulsa-sectur-oaxaca-desarrollo-turistico-del-istmo-de-tehuantepec\/"},"wordCount":348,"image":{"@id":"https:\/\/www.bbmnoticias.com\/labravaradiofm\/2024\/12\/05\/impulsa-sectur-oaxaca-desarrollo-turistico-del-istmo-de-tehuantepec\/#primaryimage"},"thumbnailUrl":"https:\/\/www.bbmnoticias.com\/labravaradiofm\/wp-content\/uploads\/sites\/5\/2024\/12\/GeEuMvuXEAAZ2Lf.jpg","articleSection":["LOCAL"],"inLanguage":"es"},{"@type":"WebPage","@id":"https:\/\/www.bbmnoticias.com\/labravaradiofm\/2024\/12\/05\/impulsa-sectur-oaxaca-desarrollo-turistico-del-istmo-de-tehuantepec\/","url":"https:\/\/www.bbmnoticias.com\/labravaradiofm\/2024\/12\/05\/impulsa-sectur-oaxaca-desarrollo-turistico-del-istmo-de-tehuantepec\/","name":"Impulsa Sectur Oaxaca desarrollo tur\u00edstico del Istmo de Tehuantepec - LA BRAVA RADIO","isPartOf":{"@id":"https:\/\/www.bbmnoticias.com\/labravaradiofm\/#website"},"primaryImageOfPage":{"@id":"https:\/\/www.bbmnoticias.com\/labravaradiofm\/2024\/12\/05\/impulsa-sectur-oaxaca-desarrollo-turistico-del-istmo-de-tehuantepec\/#primaryimage"},"image":{"@id":"https:\/\/www.bbmnoticias.com\/labravaradiofm\/2024\/12\/05\/impulsa-sectur-oaxaca-desarrollo-turistico-del-istmo-de-tehuantepec\/#primaryimage"},"thumbnailUrl":"https:\/\/www.bbmnoticias.com\/labravaradiofm\/wp-content\/uploads\/sites\/5\/2024\/12\/GeEuMvuXEAAZ2Lf.jpg","datePublished":"2024-12-06T00:03:46+00:00","dateModified":"2024-12-06T00:03:50+00:00","author":{"@id":"https:\/\/www.bbmnoticias.com\/labravaradiofm\/#\/schema\/person\/34b139c617a70ea5bef5678bffe4dd7b"},"breadcrumb":{"@id":"https:\/\/www.bbmnoticias.com\/labravaradiofm\/2024\/12\/05\/impulsa-sectur-oaxaca-desarrollo-turistico-del-istmo-de-tehuantepec\/#breadcrumb"},"inLanguage":"es","potentialAction":[{"@type":"ReadAction","target":["https:\/\/www.bbmnoticias.com\/labravaradiofm\/2024\/12\/05\/impulsa-sectur-oaxaca-desarrollo-turistico-del-istmo-de-tehuantepec\/"]}]},{"@type":"ImageObject","inLanguage":"es","@id":"https:\/\/www.bbmnoticias.com\/labravaradiofm\/2024\/12\/05\/impulsa-sectur-oaxaca-desarrollo-turistico-del-istmo-de-tehuantepec\/#primaryimage","url":"https:\/\/www.bbmnoticias.com\/labravaradiofm\/wp-content\/uploads\/sites\/5\/2024\/12\/GeEuMvuXEAAZ2Lf.jpg","contentUrl":"https:\/\/www.bbmnoticias.com\/labravaradiofm\/wp-content\/uploads\/sites\/5\/2024\/12\/GeEuMvuXEAAZ2Lf.jpg","width":1600,"height":1067},{"@type":"BreadcrumbList","@id":"https:\/\/www.bbmnoticias.com\/labravaradiofm\/2024\/12\/05\/impulsa-sectur-oaxaca-desarrollo-turistico-del-istmo-de-tehuantepec\/#breadcrumb","itemListElement":[{"@type":"ListItem","position":1,"name":"Inicio","item":"https:\/\/www.bbmnoticias.com\/labravaradiofm\/"},{"@type":"ListItem","position":2,"name":"Impulsa Sectur Oaxaca desarrollo tur\u00edstico del Istmo de Tehuantepec"}]},{"@type":"WebSite","@id":"https:\/\/www.bbmnoticias.com\/labravaradiofm\/#website","url":"https:\/\/www.bbmnoticias.com\/labravaradiofm\/","name":"LA BRAVA RADIO","description":"Empresa productora de medios, Radiodifusi\u00f3n, Noticias, tendencias y todo lo que necesitas saber de la pol\u00edtica mexicana e internacional; entretenimiento, espect\u00e1culos, salud y mucho m\u00e1s.","potentialAction":[{"@type":"SearchAction","target":{"@type":"EntryPoint","urlTemplate":"https:\/\/www.bbmnoticias.com\/labravaradiofm\/?s={search_term_string}"},"query-input":{"@type":"PropertyValueSpecification","valueRequired":true,"valueName":"search_term_string"}}],"inLanguage":"es"},{"@type":"Person","@id":"https:\/\/www.bbmnoticias.com\/labravaradiofm\/#\/schema\/person\/34b139c617a70ea5bef5678bffe4dd7b","name":"Staff","image":{"@type":"ImageObject","inLanguage":"es","@id":"https:\/\/secure.gravatar.com\/avatar\/fdd21ad66fd8b98c407f9dee5b5e588cfe7f0d8579ec20fa6527cd59bab7f0f0?s=96&d=mm&r=g","url":"https:\/\/secure.gravatar.com\/avatar\/fdd21ad66fd8b98c407f9dee5b5e588cfe7f0d8579ec20fa6527cd59bab7f0f0?s=96&d=mm&r=g","contentUrl":"https:\/\/secure.gravatar.com\/avatar\/fdd21ad66fd8b98c407f9dee5b5e588cfe7f0d8579ec20fa6527cd59bab7f0f0?s=96&d=mm&r=g","caption":"Staff"},"url":"https:\/\/www.bbmnoticias.com\/labravaradiofm\/author\/redaccion\/"}]}},"_links":{"self":[{"href":"https:\/\/www.bbmnoticias.com\/labravaradiofm\/wp-json\/wp\/v2\/posts\/51170","targetHints":{"allow":["GET"]}}],"collection":[{"href":"https:\/\/www.bbmnoticias.com\/labravaradiofm\/wp-json\/wp\/v2\/posts"}],"about":[{"href":"https:\/\/www.bbmnoticias.com\/labravaradiofm\/wp-json\/wp\/v2\/types\/post"}],"author":[{"embeddable":true,"href":"https:\/\/www.bbmnoticias.com\/labravaradiofm\/wp-json\/wp\/v2\/users\/2"}],"replies":[{"embeddable":true,"href":"https:\/\/www.bbmnoticias.com\/labravaradiofm\/wp-json\/wp\/v2\/comments?post=51170"}],"version-history":[{"count":0,"href":"https:\/\/www.bbmnoticias.com\/labravaradiofm\/wp-json\/wp\/v2\/posts\/51170\/revisions"}],"wp:featuredmedia":[{"embeddable":true,"href":"https:\/\/www.bbmnoticias.com\/labravaradiofm\/wp-json\/wp\/v2\/media\/51171"}],"wp:attachment":[{"href":"https:\/\/www.bbmnoticias.com\/labravaradiofm\/wp-json\/wp\/v2\/media?parent=51170"}],"wp:term":[{"taxonomy":"category","embeddable":true,"href":"https:\/\/www.bbmnoticias.com\/labravaradiofm\/wp-json\/wp\/v2\/categories?post=51170"},{"taxonomy":"post_tag","embeddable":true,"href":"https:\/\/www.bbmnoticias.com\/labravaradiofm\/wp-json\/wp\/v2\/tags?post=51170"}],"curies":[{"name":"wp","href":"https:\/\/api.w.org\/{rel}","templated":true}]}}