{"id":51161,"date":"2024-12-05T17:19:22","date_gmt":"2024-12-05T23:19:22","guid":{"rendered":"https:\/\/www.bbmnoticias.com\/labravaradiofm\/?p=51161"},"modified":"2024-12-05T17:19:24","modified_gmt":"2024-12-05T23:19:24","slug":"con-8-mdp-inauguran-centro-de-salud-en-santiago-yosondua","status":"publish","type":"post","link":"https:\/\/www.bbmnoticias.com\/labravaradiofm\/2024\/12\/05\/con-8-mdp-inauguran-centro-de-salud-en-santiago-yosondua\/","title":{"rendered":"Con 8 mdp inauguran Centro de Salud en Santiago Yosond\u00faa"},"content":{"rendered":"<div style=\"margin-top: 0px; margin-bottom: 0px;\" class=\"sharethis-inline-share-buttons\" ><\/div>\n<p><em>La obra beneficiar\u00e1 a habitantes de la localidad y poblaciones cercanas<\/em><\/p>\n\n\n\n<p>Santiago Yosond\u00faa, Oax.- Cerca de ocho mil habitantes de esta localidad de la Mixteca y poblaciones cercanas ser\u00e1n beneficiadas con la reciente inauguraci\u00f3n del Centro de Salud de un n\u00facleo b\u00e1sico de IMSS-Bienestar, obra que requiri\u00f3 una inversi\u00f3n de alrededor de 8 millones de pesos<\/p>\n\n\n\n<p>Los trabajos fueron posible a trav\u00e9s del trabajo conjunto entre el Gobierno de Oaxaca a trav\u00e9s de los Servicios de Salud de Oaxaca (SSO) y el municipio de Santiago Yosond\u00faa, que demuestra el inter\u00e9s para garantizar espacios dignos con el equipo necesario y el personal capacitado que permitan brindar servicios eficientes para el bienestar de las familias.<\/p>\n\n\n\n<p>Durante la ceremonia, el subdirector General de la instituci\u00f3n, Jes\u00fas Alejandro Ram\u00edrez Figueroa, en representaci\u00f3n del Encargado de Despacho de los SSO, Efr\u00e9n Emmanuel Jarqu\u00edn Gonz\u00e1lez asegur\u00f3 que esta obra, en sustituci\u00f3n de la antigua unidad, ser\u00e1 un referente para la atenci\u00f3n de calidad que merece la poblaci\u00f3n mixteca.<\/p>\n\n\n\n<p>Ante el presidente municipal, Cristino Ram\u00edrez Ch\u00e1vez, expres\u00f3 que, para el Gobernador Salom\u00f3n Jara Cruz es una prioridad abatir el rezago y marginaci\u00f3n que viven las comunidades, a trav\u00e9s de la reparaci\u00f3n hist\u00f3rica de los pueblos, por lo que esta obra permitir\u00e1 acercar la atenci\u00f3n m\u00e9dica sin distingo, fortaleciendo el sistema de salud de manera integral, donde nadie se quede atr\u00e1s y nadie se quede afuera.<\/p>\n\n\n\n<p>En su intervenci\u00f3n, el Edil Municipal refrend\u00f3 la voluntad para seguir trabajando con el Gobierno de Oaxaca en beneficio del pueblo, por lo que destac\u00f3 que este espacio m\u00e9dico de 401.21 metros cuadrados de construcci\u00f3n, es una realidad tan esperada por las y los habitantes.<\/p>\n\n\n\n<p>\u201cEn Santiago Yosond\u00faa la salud es un derecho cumplido para las y los oaxaque\u00f1os\u201d, dijo.<\/p>\n\n\n\n<p>Cabe destacar que la unidad puesta en marcha cuenta con un consultorio, sala de espera, farmacia, \u00e1rea de esterilizaci\u00f3n, roper\u00eda, usos m\u00faltiples, unidad dental, estimulaci\u00f3n temprana, medicina preventiva, almac\u00e9n, lavander\u00eda, cuarto del m\u00e9dico residente y de servicio, ba\u00f1os, cocineta, entre otros.<\/p>\n","protected":false},"excerpt":{"rendered":"<p>La obra beneficiar\u00e1 a habitantes de la localidad y poblaciones cercanas Santiago Yosond\u00faa, Oax.- Cerca de ocho mil habitantes de esta localidad de la Mixteca y poblaciones cercanas ser\u00e1n beneficiadas con la reciente inauguraci\u00f3n del Centro de Salud de un n\u00facleo b\u00e1sico de IMSS-Bienestar, obra que requiri\u00f3 una inversi\u00f3n de alrededor de 8 millones de [&hellip;]<\/p>\n","protected":false},"author":2,"featured_media":51162,"comment_status":"closed","ping_status":"closed","sticky":false,"template":"","format":"standard","meta":{"footnotes":""},"categories":[2],"tags":[],"class_list":{"0":"post-51161","1":"post","2":"type-post","3":"status-publish","4":"format-standard","5":"has-post-thumbnail","7":"category-oaxaca"},"yoast_head":"<!-- This site is optimized with the Yoast SEO plugin v27.4 - https:\/\/yoast.com\/product\/yoast-seo-wordpress\/ -->\n<title>Con 8 mdp inauguran Centro de Salud en Santiago Yosond\u00faa - LA BRAVA RADIO<\/title>\n<meta name=\"robots\" content=\"index, follow, max-snippet:-1, max-image-preview:large, max-video-preview:-1\" \/>\n<link rel=\"canonical\" href=\"https:\/\/www.bbmnoticias.com\/labravaradiofm\/2024\/12\/05\/con-8-mdp-inauguran-centro-de-salud-en-santiago-yosondua\/\" \/>\n<meta property=\"og:locale\" content=\"es_MX\" \/>\n<meta property=\"og:type\" content=\"article\" \/>\n<meta property=\"og:title\" content=\"Con 8 mdp inauguran Centro de Salud en Santiago Yosond\u00faa - LA BRAVA RADIO\" \/>\n<meta property=\"og:description\" content=\"La obra beneficiar\u00e1 a habitantes de la localidad y poblaciones cercanas Santiago Yosond\u00faa, Oax.- Cerca de ocho mil habitantes de esta localidad de la Mixteca y poblaciones cercanas ser\u00e1n beneficiadas con la reciente inauguraci\u00f3n del Centro de Salud de un n\u00facleo b\u00e1sico de IMSS-Bienestar, obra que requiri\u00f3 una inversi\u00f3n de alrededor de 8 millones de [&hellip;]\" \/>\n<meta property=\"og:url\" content=\"https:\/\/www.bbmnoticias.com\/labravaradiofm\/2024\/12\/05\/con-8-mdp-inauguran-centro-de-salud-en-santiago-yosondua\/\" \/>\n<meta property=\"og:site_name\" content=\"LA BRAVA RADIO\" \/>\n<meta property=\"article:published_time\" content=\"2024-12-05T23:19:22+00:00\" \/>\n<meta property=\"article:modified_time\" content=\"2024-12-05T23:19:24+00:00\" \/>\n<meta property=\"og:image\" content=\"https:\/\/www.bbmnoticias.com\/labravaradiofm\/wp-content\/uploads\/sites\/5\/2024\/12\/thumbnail_Inauguran-Centro-de-Salud-en-Santiago-Yosondua-06.jpg\" \/>\n\t<meta property=\"og:image:width\" content=\"1600\" \/>\n\t<meta property=\"og:image:height\" content=\"1200\" \/>\n\t<meta property=\"og:image:type\" content=\"image\/jpeg\" \/>\n<meta name=\"author\" content=\"Staff\" \/>\n<meta name=\"twitter:card\" content=\"summary_large_image\" \/>\n<meta name=\"twitter:label1\" content=\"Escrito por\" \/>\n\t<meta name=\"twitter:data1\" content=\"Staff\" \/>\n\t<meta name=\"twitter:label2\" content=\"Tiempo de lectura\" \/>\n\t<meta name=\"twitter:data2\" content=\"2 minutos\" \/>\n<script type=\"application\/ld+json\" class=\"yoast-schema-graph\">{\"@context\":\"https:\\\/\\\/schema.org\",\"@graph\":[{\"@type\":\"Article\",\"@id\":\"https:\\\/\\\/www.bbmnoticias.com\\\/labravaradiofm\\\/2024\\\/12\\\/05\\\/con-8-mdp-inauguran-centro-de-salud-en-santiago-yosondua\\\/#article\",\"isPartOf\":{\"@id\":\"https:\\\/\\\/www.bbmnoticias.com\\\/labravaradiofm\\\/2024\\\/12\\\/05\\\/con-8-mdp-inauguran-centro-de-salud-en-santiago-yosondua\\\/\"},\"author\":{\"name\":\"Staff\",\"@id\":\"https:\\\/\\\/www.bbmnoticias.com\\\/labravaradiofm\\\/#\\\/schema\\\/person\\\/34b139c617a70ea5bef5678bffe4dd7b\"},\"headline\":\"Con 8 mdp inauguran Centro de Salud en Santiago Yosond\u00faa\",\"datePublished\":\"2024-12-05T23:19:22+00:00\",\"dateModified\":\"2024-12-05T23:19:24+00:00\",\"mainEntityOfPage\":{\"@id\":\"https:\\\/\\\/www.bbmnoticias.com\\\/labravaradiofm\\\/2024\\\/12\\\/05\\\/con-8-mdp-inauguran-centro-de-salud-en-santiago-yosondua\\\/\"},\"wordCount\":381,\"image\":{\"@id\":\"https:\\\/\\\/www.bbmnoticias.com\\\/labravaradiofm\\\/2024\\\/12\\\/05\\\/con-8-mdp-inauguran-centro-de-salud-en-santiago-yosondua\\\/#primaryimage\"},\"thumbnailUrl\":\"https:\\\/\\\/www.bbmnoticias.com\\\/labravaradiofm\\\/wp-content\\\/uploads\\\/sites\\\/5\\\/2024\\\/12\\\/thumbnail_Inauguran-Centro-de-Salud-en-Santiago-Yosondua-06.jpg\",\"articleSection\":[\"LOCAL\"],\"inLanguage\":\"es\"},{\"@type\":\"WebPage\",\"@id\":\"https:\\\/\\\/www.bbmnoticias.com\\\/labravaradiofm\\\/2024\\\/12\\\/05\\\/con-8-mdp-inauguran-centro-de-salud-en-santiago-yosondua\\\/\",\"url\":\"https:\\\/\\\/www.bbmnoticias.com\\\/labravaradiofm\\\/2024\\\/12\\\/05\\\/con-8-mdp-inauguran-centro-de-salud-en-santiago-yosondua\\\/\",\"name\":\"Con 8 mdp inauguran Centro de Salud en Santiago Yosond\u00faa - LA BRAVA RADIO\",\"isPartOf\":{\"@id\":\"https:\\\/\\\/www.bbmnoticias.com\\\/labravaradiofm\\\/#website\"},\"primaryImageOfPage\":{\"@id\":\"https:\\\/\\\/www.bbmnoticias.com\\\/labravaradiofm\\\/2024\\\/12\\\/05\\\/con-8-mdp-inauguran-centro-de-salud-en-santiago-yosondua\\\/#primaryimage\"},\"image\":{\"@id\":\"https:\\\/\\\/www.bbmnoticias.com\\\/labravaradiofm\\\/2024\\\/12\\\/05\\\/con-8-mdp-inauguran-centro-de-salud-en-santiago-yosondua\\\/#primaryimage\"},\"thumbnailUrl\":\"https:\\\/\\\/www.bbmnoticias.com\\\/labravaradiofm\\\/wp-content\\\/uploads\\\/sites\\\/5\\\/2024\\\/12\\\/thumbnail_Inauguran-Centro-de-Salud-en-Santiago-Yosondua-06.jpg\",\"datePublished\":\"2024-12-05T23:19:22+00:00\",\"dateModified\":\"2024-12-05T23:19:24+00:00\",\"author\":{\"@id\":\"https:\\\/\\\/www.bbmnoticias.com\\\/labravaradiofm\\\/#\\\/schema\\\/person\\\/34b139c617a70ea5bef5678bffe4dd7b\"},\"breadcrumb\":{\"@id\":\"https:\\\/\\\/www.bbmnoticias.com\\\/labravaradiofm\\\/2024\\\/12\\\/05\\\/con-8-mdp-inauguran-centro-de-salud-en-santiago-yosondua\\\/#breadcrumb\"},\"inLanguage\":\"es\",\"potentialAction\":[{\"@type\":\"ReadAction\",\"target\":[\"https:\\\/\\\/www.bbmnoticias.com\\\/labravaradiofm\\\/2024\\\/12\\\/05\\\/con-8-mdp-inauguran-centro-de-salud-en-santiago-yosondua\\\/\"]}]},{\"@type\":\"ImageObject\",\"inLanguage\":\"es\",\"@id\":\"https:\\\/\\\/www.bbmnoticias.com\\\/labravaradiofm\\\/2024\\\/12\\\/05\\\/con-8-mdp-inauguran-centro-de-salud-en-santiago-yosondua\\\/#primaryimage\",\"url\":\"https:\\\/\\\/www.bbmnoticias.com\\\/labravaradiofm\\\/wp-content\\\/uploads\\\/sites\\\/5\\\/2024\\\/12\\\/thumbnail_Inauguran-Centro-de-Salud-en-Santiago-Yosondua-06.jpg\",\"contentUrl\":\"https:\\\/\\\/www.bbmnoticias.com\\\/labravaradiofm\\\/wp-content\\\/uploads\\\/sites\\\/5\\\/2024\\\/12\\\/thumbnail_Inauguran-Centro-de-Salud-en-Santiago-Yosondua-06.jpg\",\"width\":1600,\"height\":1200},{\"@type\":\"BreadcrumbList\",\"@id\":\"https:\\\/\\\/www.bbmnoticias.com\\\/labravaradiofm\\\/2024\\\/12\\\/05\\\/con-8-mdp-inauguran-centro-de-salud-en-santiago-yosondua\\\/#breadcrumb\",\"itemListElement\":[{\"@type\":\"ListItem\",\"position\":1,\"name\":\"Inicio\",\"item\":\"https:\\\/\\\/www.bbmnoticias.com\\\/labravaradiofm\\\/\"},{\"@type\":\"ListItem\",\"position\":2,\"name\":\"Con 8 mdp inauguran Centro de Salud en Santiago Yosond\u00faa\"}]},{\"@type\":\"WebSite\",\"@id\":\"https:\\\/\\\/www.bbmnoticias.com\\\/labravaradiofm\\\/#website\",\"url\":\"https:\\\/\\\/www.bbmnoticias.com\\\/labravaradiofm\\\/\",\"name\":\"LA BRAVA RADIO\",\"description\":\"Empresa productora de medios, Radiodifusi\u00f3n, Noticias, tendencias y todo lo que necesitas saber de la pol\u00edtica mexicana e internacional; entretenimiento, espect\u00e1culos, salud y mucho m\u00e1s.\",\"potentialAction\":[{\"@type\":\"SearchAction\",\"target\":{\"@type\":\"EntryPoint\",\"urlTemplate\":\"https:\\\/\\\/www.bbmnoticias.com\\\/labravaradiofm\\\/?s={search_term_string}\"},\"query-input\":{\"@type\":\"PropertyValueSpecification\",\"valueRequired\":true,\"valueName\":\"search_term_string\"}}],\"inLanguage\":\"es\"},{\"@type\":\"Person\",\"@id\":\"https:\\\/\\\/www.bbmnoticias.com\\\/labravaradiofm\\\/#\\\/schema\\\/person\\\/34b139c617a70ea5bef5678bffe4dd7b\",\"name\":\"Staff\",\"image\":{\"@type\":\"ImageObject\",\"inLanguage\":\"es\",\"@id\":\"https:\\\/\\\/secure.gravatar.com\\\/avatar\\\/fdd21ad66fd8b98c407f9dee5b5e588cfe7f0d8579ec20fa6527cd59bab7f0f0?s=96&d=mm&r=g\",\"url\":\"https:\\\/\\\/secure.gravatar.com\\\/avatar\\\/fdd21ad66fd8b98c407f9dee5b5e588cfe7f0d8579ec20fa6527cd59bab7f0f0?s=96&d=mm&r=g\",\"contentUrl\":\"https:\\\/\\\/secure.gravatar.com\\\/avatar\\\/fdd21ad66fd8b98c407f9dee5b5e588cfe7f0d8579ec20fa6527cd59bab7f0f0?s=96&d=mm&r=g\",\"caption\":\"Staff\"},\"url\":\"https:\\\/\\\/www.bbmnoticias.com\\\/labravaradiofm\\\/author\\\/redaccion\\\/\"}]}<\/script>\n<!-- \/ Yoast SEO plugin. -->","yoast_head_json":{"title":"Con 8 mdp inauguran Centro de Salud en Santiago Yosond\u00faa - LA BRAVA RADIO","robots":{"index":"index","follow":"follow","max-snippet":"max-snippet:-1","max-image-preview":"max-image-preview:large","max-video-preview":"max-video-preview:-1"},"canonical":"https:\/\/www.bbmnoticias.com\/labravaradiofm\/2024\/12\/05\/con-8-mdp-inauguran-centro-de-salud-en-santiago-yosondua\/","og_locale":"es_MX","og_type":"article","og_title":"Con 8 mdp inauguran Centro de Salud en Santiago Yosond\u00faa - LA BRAVA RADIO","og_description":"La obra beneficiar\u00e1 a habitantes de la localidad y poblaciones cercanas Santiago Yosond\u00faa, Oax.- Cerca de ocho mil habitantes de esta localidad de la Mixteca y poblaciones cercanas ser\u00e1n beneficiadas con la reciente inauguraci\u00f3n del Centro de Salud de un n\u00facleo b\u00e1sico de IMSS-Bienestar, obra que requiri\u00f3 una inversi\u00f3n de alrededor de 8 millones de [&hellip;]","og_url":"https:\/\/www.bbmnoticias.com\/labravaradiofm\/2024\/12\/05\/con-8-mdp-inauguran-centro-de-salud-en-santiago-yosondua\/","og_site_name":"LA BRAVA RADIO","article_published_time":"2024-12-05T23:19:22+00:00","article_modified_time":"2024-12-05T23:19:24+00:00","og_image":[{"width":1600,"height":1200,"url":"https:\/\/www.bbmnoticias.com\/labravaradiofm\/wp-content\/uploads\/sites\/5\/2024\/12\/thumbnail_Inauguran-Centro-de-Salud-en-Santiago-Yosondua-06.jpg","type":"image\/jpeg"}],"author":"Staff","twitter_card":"summary_large_image","twitter_misc":{"Escrito por":"Staff","Tiempo de lectura":"2 minutos"},"schema":{"@context":"https:\/\/schema.org","@graph":[{"@type":"Article","@id":"https:\/\/www.bbmnoticias.com\/labravaradiofm\/2024\/12\/05\/con-8-mdp-inauguran-centro-de-salud-en-santiago-yosondua\/#article","isPartOf":{"@id":"https:\/\/www.bbmnoticias.com\/labravaradiofm\/2024\/12\/05\/con-8-mdp-inauguran-centro-de-salud-en-santiago-yosondua\/"},"author":{"name":"Staff","@id":"https:\/\/www.bbmnoticias.com\/labravaradiofm\/#\/schema\/person\/34b139c617a70ea5bef5678bffe4dd7b"},"headline":"Con 8 mdp inauguran Centro de Salud en Santiago Yosond\u00faa","datePublished":"2024-12-05T23:19:22+00:00","dateModified":"2024-12-05T23:19:24+00:00","mainEntityOfPage":{"@id":"https:\/\/www.bbmnoticias.com\/labravaradiofm\/2024\/12\/05\/con-8-mdp-inauguran-centro-de-salud-en-santiago-yosondua\/"},"wordCount":381,"image":{"@id":"https:\/\/www.bbmnoticias.com\/labravaradiofm\/2024\/12\/05\/con-8-mdp-inauguran-centro-de-salud-en-santiago-yosondua\/#primaryimage"},"thumbnailUrl":"https:\/\/www.bbmnoticias.com\/labravaradiofm\/wp-content\/uploads\/sites\/5\/2024\/12\/thumbnail_Inauguran-Centro-de-Salud-en-Santiago-Yosondua-06.jpg","articleSection":["LOCAL"],"inLanguage":"es"},{"@type":"WebPage","@id":"https:\/\/www.bbmnoticias.com\/labravaradiofm\/2024\/12\/05\/con-8-mdp-inauguran-centro-de-salud-en-santiago-yosondua\/","url":"https:\/\/www.bbmnoticias.com\/labravaradiofm\/2024\/12\/05\/con-8-mdp-inauguran-centro-de-salud-en-santiago-yosondua\/","name":"Con 8 mdp inauguran Centro de Salud en Santiago Yosond\u00faa - LA BRAVA RADIO","isPartOf":{"@id":"https:\/\/www.bbmnoticias.com\/labravaradiofm\/#website"},"primaryImageOfPage":{"@id":"https:\/\/www.bbmnoticias.com\/labravaradiofm\/2024\/12\/05\/con-8-mdp-inauguran-centro-de-salud-en-santiago-yosondua\/#primaryimage"},"image":{"@id":"https:\/\/www.bbmnoticias.com\/labravaradiofm\/2024\/12\/05\/con-8-mdp-inauguran-centro-de-salud-en-santiago-yosondua\/#primaryimage"},"thumbnailUrl":"https:\/\/www.bbmnoticias.com\/labravaradiofm\/wp-content\/uploads\/sites\/5\/2024\/12\/thumbnail_Inauguran-Centro-de-Salud-en-Santiago-Yosondua-06.jpg","datePublished":"2024-12-05T23:19:22+00:00","dateModified":"2024-12-05T23:19:24+00:00","author":{"@id":"https:\/\/www.bbmnoticias.com\/labravaradiofm\/#\/schema\/person\/34b139c617a70ea5bef5678bffe4dd7b"},"breadcrumb":{"@id":"https:\/\/www.bbmnoticias.com\/labravaradiofm\/2024\/12\/05\/con-8-mdp-inauguran-centro-de-salud-en-santiago-yosondua\/#breadcrumb"},"inLanguage":"es","potentialAction":[{"@type":"ReadAction","target":["https:\/\/www.bbmnoticias.com\/labravaradiofm\/2024\/12\/05\/con-8-mdp-inauguran-centro-de-salud-en-santiago-yosondua\/"]}]},{"@type":"ImageObject","inLanguage":"es","@id":"https:\/\/www.bbmnoticias.com\/labravaradiofm\/2024\/12\/05\/con-8-mdp-inauguran-centro-de-salud-en-santiago-yosondua\/#primaryimage","url":"https:\/\/www.bbmnoticias.com\/labravaradiofm\/wp-content\/uploads\/sites\/5\/2024\/12\/thumbnail_Inauguran-Centro-de-Salud-en-Santiago-Yosondua-06.jpg","contentUrl":"https:\/\/www.bbmnoticias.com\/labravaradiofm\/wp-content\/uploads\/sites\/5\/2024\/12\/thumbnail_Inauguran-Centro-de-Salud-en-Santiago-Yosondua-06.jpg","width":1600,"height":1200},{"@type":"BreadcrumbList","@id":"https:\/\/www.bbmnoticias.com\/labravaradiofm\/2024\/12\/05\/con-8-mdp-inauguran-centro-de-salud-en-santiago-yosondua\/#breadcrumb","itemListElement":[{"@type":"ListItem","position":1,"name":"Inicio","item":"https:\/\/www.bbmnoticias.com\/labravaradiofm\/"},{"@type":"ListItem","position":2,"name":"Con 8 mdp inauguran Centro de Salud en Santiago Yosond\u00faa"}]},{"@type":"WebSite","@id":"https:\/\/www.bbmnoticias.com\/labravaradiofm\/#website","url":"https:\/\/www.bbmnoticias.com\/labravaradiofm\/","name":"LA BRAVA RADIO","description":"Empresa productora de medios, Radiodifusi\u00f3n, Noticias, tendencias y todo lo que necesitas saber de la pol\u00edtica mexicana e internacional; entretenimiento, espect\u00e1culos, salud y mucho m\u00e1s.","potentialAction":[{"@type":"SearchAction","target":{"@type":"EntryPoint","urlTemplate":"https:\/\/www.bbmnoticias.com\/labravaradiofm\/?s={search_term_string}"},"query-input":{"@type":"PropertyValueSpecification","valueRequired":true,"valueName":"search_term_string"}}],"inLanguage":"es"},{"@type":"Person","@id":"https:\/\/www.bbmnoticias.com\/labravaradiofm\/#\/schema\/person\/34b139c617a70ea5bef5678bffe4dd7b","name":"Staff","image":{"@type":"ImageObject","inLanguage":"es","@id":"https:\/\/secure.gravatar.com\/avatar\/fdd21ad66fd8b98c407f9dee5b5e588cfe7f0d8579ec20fa6527cd59bab7f0f0?s=96&d=mm&r=g","url":"https:\/\/secure.gravatar.com\/avatar\/fdd21ad66fd8b98c407f9dee5b5e588cfe7f0d8579ec20fa6527cd59bab7f0f0?s=96&d=mm&r=g","contentUrl":"https:\/\/secure.gravatar.com\/avatar\/fdd21ad66fd8b98c407f9dee5b5e588cfe7f0d8579ec20fa6527cd59bab7f0f0?s=96&d=mm&r=g","caption":"Staff"},"url":"https:\/\/www.bbmnoticias.com\/labravaradiofm\/author\/redaccion\/"}]}},"_links":{"self":[{"href":"https:\/\/www.bbmnoticias.com\/labravaradiofm\/wp-json\/wp\/v2\/posts\/51161","targetHints":{"allow":["GET"]}}],"collection":[{"href":"https:\/\/www.bbmnoticias.com\/labravaradiofm\/wp-json\/wp\/v2\/posts"}],"about":[{"href":"https:\/\/www.bbmnoticias.com\/labravaradiofm\/wp-json\/wp\/v2\/types\/post"}],"author":[{"embeddable":true,"href":"https:\/\/www.bbmnoticias.com\/labravaradiofm\/wp-json\/wp\/v2\/users\/2"}],"replies":[{"embeddable":true,"href":"https:\/\/www.bbmnoticias.com\/labravaradiofm\/wp-json\/wp\/v2\/comments?post=51161"}],"version-history":[{"count":0,"href":"https:\/\/www.bbmnoticias.com\/labravaradiofm\/wp-json\/wp\/v2\/posts\/51161\/revisions"}],"wp:featuredmedia":[{"embeddable":true,"href":"https:\/\/www.bbmnoticias.com\/labravaradiofm\/wp-json\/wp\/v2\/media\/51162"}],"wp:attachment":[{"href":"https:\/\/www.bbmnoticias.com\/labravaradiofm\/wp-json\/wp\/v2\/media?parent=51161"}],"wp:term":[{"taxonomy":"category","embeddable":true,"href":"https:\/\/www.bbmnoticias.com\/labravaradiofm\/wp-json\/wp\/v2\/categories?post=51161"},{"taxonomy":"post_tag","embeddable":true,"href":"https:\/\/www.bbmnoticias.com\/labravaradiofm\/wp-json\/wp\/v2\/tags?post=51161"}],"curies":[{"name":"wp","href":"https:\/\/api.w.org\/{rel}","templated":true}]}}