{"id":51141,"date":"2024-12-05T14:37:17","date_gmt":"2024-12-05T20:37:17","guid":{"rendered":"https:\/\/www.bbmnoticias.com\/labravaradiofm\/?p=51141"},"modified":"2024-12-05T14:39:00","modified_gmt":"2024-12-05T20:39:00","slug":"mueren-13-ninos-de-edomex-con-sintomas-de-la-bacteria-klebsiella-oxytoca-salud-investiga-causa","status":"publish","type":"post","link":"https:\/\/www.bbmnoticias.com\/labravaradiofm\/2024\/12\/05\/mueren-13-ninos-de-edomex-con-sintomas-de-la-bacteria-klebsiella-oxytoca-salud-investiga-causa\/","title":{"rendered":"Mueren 13 ni\u00f1os de Edomex con s\u00edntomas de la bacteria klebsiella oxytoca; Salud investiga causa"},"content":{"rendered":"<div style=\"margin-top: 0px; margin-bottom: 0px;\" class=\"sharethis-inline-share-buttons\" ><\/div>\n<p>La <strong>Secretar\u00eda de Salud del Estado de M\u00e9xico <\/strong>analiza la muerte de 13 menores de edad que ten\u00edan s\u00edntomas relacionados con la bacteria Klebsiella oxytoca. Las autoridades sanitarias todav\u00eda investigan si dicho virus est\u00e1 considerado como la causa de fallecimiento.<\/p>\n\n\n\n<p>El pasado 28 de noviembre, la Direcci\u00f3n de Informaci\u00f3n Epidemiol\u00f3gica notific\u00f3 15 casos de infecci\u00f3n en el torrente sangu\u00edneo por la bacteria, que estar\u00edan relacionados con una posible contaminaci\u00f3n en cuatro hospitales del Edomex.<\/p>\n\n\n\n<p>La<strong> Secretar\u00eda de Salud<\/strong> tambi\u00e9n inform\u00f3 que hasta ahora suman 15 casos confirmados, cuatro probables y uno descartado. El rango de edad de los pacientes es de 0 a 14 a\u00f1os y se mantiene la vigilancia epidemiol\u00f3gica.<\/p>\n\n\n\n<p>La dependencia emiti\u00f3 una alerta epidemiol\u00f3gica por un brote de infecciones y desde esa fecha se inici\u00f3 la b\u00fasqueda de casos en hospitales, as\u00ed como muestras de los pacientes.<\/p>\n\n\n\n<p>La <strong>Secretar\u00eda de Salud mexiquense<\/strong> inform\u00f3 en un comunicado que quienes permanecen hospitalizados reciben atenci\u00f3n m\u00e9dica continua y oportuna, pero todos presentan distintas comorbilidades.<\/p>\n\n\n\n<p>El brote de esta bacteria est\u00e1 relacionado, principalmente, con soluciones intravenosas de nutrici\u00f3n parenteral o con los insumos utilizados para su aplicaci\u00f3n que podr\u00edan estar contaminados.<\/p>\n\n\n\n<p>Contin\u00faan los<strong> an\u00e1lisis para identificar la fuente del brote<\/strong> y se mantiene un monitoreo permanente para descartar su presencia en otros estados.<\/p>\n\n\n\n<h2 class=\"wp-block-heading\">\u00bfCu\u00e1les son las medidas de prevenci\u00f3n para la bacteria Klebsiella&nbsp;oxytoca?<\/h2>\n\n\n\n<p>Las autoridades sanitarias mantienen instalado un centro de vigilancia epidemiol\u00f3gica, por lo que se emiten tambi\u00e9n las siguientes recomendaciones ante la presencia de la bacteria Klebsiella oxytoca:<\/p>\n\n\n\n<ul class=\"wp-block-list\">\n<li><strong>Higiene de manos.<\/strong><\/li>\n\n\n\n<li>Sistemas de vigilancia para el monitoreo de salud.<\/li>\n\n\n\n<li>Formaci\u00f3n, capacitaci\u00f3n y educaci\u00f3n del<strong> personal sanitario.<\/strong><\/li>\n\n\n\n<li>Comunicaci\u00f3n de riesgos y trabajo en equipo.<\/li>\n\n\n\n<li>Emisi\u00f3n de <strong>Alerta Epidemiol\u00f3gica<\/strong> para el Sistema Nacional de Salud.<\/li>\n\n\n\n<li>Se refuerza la vigilancia epidemiol\u00f3gica por laboratorio.<\/li>\n\n\n\n<li>Atenci\u00f3n a los<strong> pacientes que est\u00e1n hospitalizados<\/strong> actualmente.<\/li>\n<\/ul>\n\n\n\n<p>El llamado a la poblaci\u00f3n en general es acudir a la cl\u00ednica m\u00e1s cercana en caso de enfermedad o complicaciones de salud.<\/p>\n\n\n\n<p>Con informaci\u00f3n de El Financiero<\/p>\n","protected":false},"excerpt":{"rendered":"<p>La Secretar\u00eda de Salud del Estado de M\u00e9xico analiza la muerte de 13 menores de edad que ten\u00edan s\u00edntomas relacionados con la bacteria Klebsiella oxytoca. Las autoridades sanitarias todav\u00eda investigan si dicho virus est\u00e1 considerado como la causa de fallecimiento. El pasado 28 de noviembre, la Direcci\u00f3n de Informaci\u00f3n Epidemiol\u00f3gica notific\u00f3 15 casos de infecci\u00f3n [&hellip;]<\/p>\n","protected":false},"author":2,"featured_media":51142,"comment_status":"closed","ping_status":"closed","sticky":false,"template":"","format":"standard","meta":{"footnotes":""},"categories":[1025,19],"tags":[],"class_list":{"0":"post-51141","1":"post","2":"type-post","3":"status-publish","4":"format-standard","5":"has-post-thumbnail","7":"category-destacado","8":"category-nacional"},"yoast_head":"<!-- This site is optimized with the Yoast SEO plugin v27.4 - https:\/\/yoast.com\/product\/yoast-seo-wordpress\/ -->\n<title>Mueren 13 ni\u00f1os de Edomex con s\u00edntomas de la bacteria klebsiella oxytoca; Salud investiga causa - LA BRAVA RADIO<\/title>\n<meta name=\"robots\" content=\"index, follow, max-snippet:-1, max-image-preview:large, max-video-preview:-1\" \/>\n<link rel=\"canonical\" href=\"https:\/\/www.bbmnoticias.com\/labravaradiofm\/2024\/12\/05\/mueren-13-ninos-de-edomex-con-sintomas-de-la-bacteria-klebsiella-oxytoca-salud-investiga-causa\/\" \/>\n<meta property=\"og:locale\" content=\"es_MX\" \/>\n<meta property=\"og:type\" content=\"article\" \/>\n<meta property=\"og:title\" content=\"Mueren 13 ni\u00f1os de Edomex con s\u00edntomas de la bacteria klebsiella oxytoca; Salud investiga causa - LA BRAVA RADIO\" \/>\n<meta property=\"og:description\" content=\"La Secretar\u00eda de Salud del Estado de M\u00e9xico analiza la muerte de 13 menores de edad que ten\u00edan s\u00edntomas relacionados con la bacteria Klebsiella oxytoca. Las autoridades sanitarias todav\u00eda investigan si dicho virus est\u00e1 considerado como la causa de fallecimiento. El pasado 28 de noviembre, la Direcci\u00f3n de Informaci\u00f3n Epidemiol\u00f3gica notific\u00f3 15 casos de infecci\u00f3n [&hellip;]\" \/>\n<meta property=\"og:url\" content=\"https:\/\/www.bbmnoticias.com\/labravaradiofm\/2024\/12\/05\/mueren-13-ninos-de-edomex-con-sintomas-de-la-bacteria-klebsiella-oxytoca-salud-investiga-causa\/\" \/>\n<meta property=\"og:site_name\" content=\"LA BRAVA RADIO\" \/>\n<meta property=\"article:published_time\" content=\"2024-12-05T20:37:17+00:00\" \/>\n<meta property=\"article:modified_time\" content=\"2024-12-05T20:39:00+00:00\" \/>\n<meta property=\"og:image\" content=\"https:\/\/www.bbmnoticias.com\/labravaradiofm\/wp-content\/uploads\/sites\/5\/2024\/12\/infantes-fallecen.jpg\" \/>\n\t<meta property=\"og:image:width\" content=\"800\" \/>\n\t<meta property=\"og:image:height\" content=\"450\" \/>\n\t<meta property=\"og:image:type\" content=\"image\/jpeg\" \/>\n<meta name=\"author\" content=\"Staff\" \/>\n<meta name=\"twitter:card\" content=\"summary_large_image\" \/>\n<meta name=\"twitter:label1\" content=\"Escrito por\" \/>\n\t<meta name=\"twitter:data1\" content=\"Staff\" \/>\n\t<meta name=\"twitter:label2\" content=\"Tiempo de lectura\" \/>\n\t<meta name=\"twitter:data2\" content=\"2 minutos\" \/>\n<script type=\"application\/ld+json\" class=\"yoast-schema-graph\">{\"@context\":\"https:\\\/\\\/schema.org\",\"@graph\":[{\"@type\":\"Article\",\"@id\":\"https:\\\/\\\/www.bbmnoticias.com\\\/labravaradiofm\\\/2024\\\/12\\\/05\\\/mueren-13-ninos-de-edomex-con-sintomas-de-la-bacteria-klebsiella-oxytoca-salud-investiga-causa\\\/#article\",\"isPartOf\":{\"@id\":\"https:\\\/\\\/www.bbmnoticias.com\\\/labravaradiofm\\\/2024\\\/12\\\/05\\\/mueren-13-ninos-de-edomex-con-sintomas-de-la-bacteria-klebsiella-oxytoca-salud-investiga-causa\\\/\"},\"author\":{\"name\":\"Staff\",\"@id\":\"https:\\\/\\\/www.bbmnoticias.com\\\/labravaradiofm\\\/#\\\/schema\\\/person\\\/34b139c617a70ea5bef5678bffe4dd7b\"},\"headline\":\"Mueren 13 ni\u00f1os de Edomex con s\u00edntomas de la bacteria klebsiella oxytoca; Salud investiga causa\",\"datePublished\":\"2024-12-05T20:37:17+00:00\",\"dateModified\":\"2024-12-05T20:39:00+00:00\",\"mainEntityOfPage\":{\"@id\":\"https:\\\/\\\/www.bbmnoticias.com\\\/labravaradiofm\\\/2024\\\/12\\\/05\\\/mueren-13-ninos-de-edomex-con-sintomas-de-la-bacteria-klebsiella-oxytoca-salud-investiga-causa\\\/\"},\"wordCount\":381,\"image\":{\"@id\":\"https:\\\/\\\/www.bbmnoticias.com\\\/labravaradiofm\\\/2024\\\/12\\\/05\\\/mueren-13-ninos-de-edomex-con-sintomas-de-la-bacteria-klebsiella-oxytoca-salud-investiga-causa\\\/#primaryimage\"},\"thumbnailUrl\":\"https:\\\/\\\/www.bbmnoticias.com\\\/labravaradiofm\\\/wp-content\\\/uploads\\\/sites\\\/5\\\/2024\\\/12\\\/infantes-fallecen.jpg\",\"articleSection\":[\"DESTACADO\",\"NACIONAL\"],\"inLanguage\":\"es\"},{\"@type\":\"WebPage\",\"@id\":\"https:\\\/\\\/www.bbmnoticias.com\\\/labravaradiofm\\\/2024\\\/12\\\/05\\\/mueren-13-ninos-de-edomex-con-sintomas-de-la-bacteria-klebsiella-oxytoca-salud-investiga-causa\\\/\",\"url\":\"https:\\\/\\\/www.bbmnoticias.com\\\/labravaradiofm\\\/2024\\\/12\\\/05\\\/mueren-13-ninos-de-edomex-con-sintomas-de-la-bacteria-klebsiella-oxytoca-salud-investiga-causa\\\/\",\"name\":\"Mueren 13 ni\u00f1os de Edomex con s\u00edntomas de la bacteria klebsiella oxytoca; Salud investiga causa - LA BRAVA RADIO\",\"isPartOf\":{\"@id\":\"https:\\\/\\\/www.bbmnoticias.com\\\/labravaradiofm\\\/#website\"},\"primaryImageOfPage\":{\"@id\":\"https:\\\/\\\/www.bbmnoticias.com\\\/labravaradiofm\\\/2024\\\/12\\\/05\\\/mueren-13-ninos-de-edomex-con-sintomas-de-la-bacteria-klebsiella-oxytoca-salud-investiga-causa\\\/#primaryimage\"},\"image\":{\"@id\":\"https:\\\/\\\/www.bbmnoticias.com\\\/labravaradiofm\\\/2024\\\/12\\\/05\\\/mueren-13-ninos-de-edomex-con-sintomas-de-la-bacteria-klebsiella-oxytoca-salud-investiga-causa\\\/#primaryimage\"},\"thumbnailUrl\":\"https:\\\/\\\/www.bbmnoticias.com\\\/labravaradiofm\\\/wp-content\\\/uploads\\\/sites\\\/5\\\/2024\\\/12\\\/infantes-fallecen.jpg\",\"datePublished\":\"2024-12-05T20:37:17+00:00\",\"dateModified\":\"2024-12-05T20:39:00+00:00\",\"author\":{\"@id\":\"https:\\\/\\\/www.bbmnoticias.com\\\/labravaradiofm\\\/#\\\/schema\\\/person\\\/34b139c617a70ea5bef5678bffe4dd7b\"},\"breadcrumb\":{\"@id\":\"https:\\\/\\\/www.bbmnoticias.com\\\/labravaradiofm\\\/2024\\\/12\\\/05\\\/mueren-13-ninos-de-edomex-con-sintomas-de-la-bacteria-klebsiella-oxytoca-salud-investiga-causa\\\/#breadcrumb\"},\"inLanguage\":\"es\",\"potentialAction\":[{\"@type\":\"ReadAction\",\"target\":[\"https:\\\/\\\/www.bbmnoticias.com\\\/labravaradiofm\\\/2024\\\/12\\\/05\\\/mueren-13-ninos-de-edomex-con-sintomas-de-la-bacteria-klebsiella-oxytoca-salud-investiga-causa\\\/\"]}]},{\"@type\":\"ImageObject\",\"inLanguage\":\"es\",\"@id\":\"https:\\\/\\\/www.bbmnoticias.com\\\/labravaradiofm\\\/2024\\\/12\\\/05\\\/mueren-13-ninos-de-edomex-con-sintomas-de-la-bacteria-klebsiella-oxytoca-salud-investiga-causa\\\/#primaryimage\",\"url\":\"https:\\\/\\\/www.bbmnoticias.com\\\/labravaradiofm\\\/wp-content\\\/uploads\\\/sites\\\/5\\\/2024\\\/12\\\/infantes-fallecen.jpg\",\"contentUrl\":\"https:\\\/\\\/www.bbmnoticias.com\\\/labravaradiofm\\\/wp-content\\\/uploads\\\/sites\\\/5\\\/2024\\\/12\\\/infantes-fallecen.jpg\",\"width\":800,\"height\":450},{\"@type\":\"BreadcrumbList\",\"@id\":\"https:\\\/\\\/www.bbmnoticias.com\\\/labravaradiofm\\\/2024\\\/12\\\/05\\\/mueren-13-ninos-de-edomex-con-sintomas-de-la-bacteria-klebsiella-oxytoca-salud-investiga-causa\\\/#breadcrumb\",\"itemListElement\":[{\"@type\":\"ListItem\",\"position\":1,\"name\":\"Inicio\",\"item\":\"https:\\\/\\\/www.bbmnoticias.com\\\/labravaradiofm\\\/\"},{\"@type\":\"ListItem\",\"position\":2,\"name\":\"Mueren 13 ni\u00f1os de Edomex con s\u00edntomas de la bacteria klebsiella oxytoca; Salud investiga causa\"}]},{\"@type\":\"WebSite\",\"@id\":\"https:\\\/\\\/www.bbmnoticias.com\\\/labravaradiofm\\\/#website\",\"url\":\"https:\\\/\\\/www.bbmnoticias.com\\\/labravaradiofm\\\/\",\"name\":\"LA BRAVA RADIO\",\"description\":\"Empresa productora de medios, Radiodifusi\u00f3n, Noticias, tendencias y todo lo que necesitas saber de la pol\u00edtica mexicana e internacional; entretenimiento, espect\u00e1culos, salud y mucho m\u00e1s.\",\"potentialAction\":[{\"@type\":\"SearchAction\",\"target\":{\"@type\":\"EntryPoint\",\"urlTemplate\":\"https:\\\/\\\/www.bbmnoticias.com\\\/labravaradiofm\\\/?s={search_term_string}\"},\"query-input\":{\"@type\":\"PropertyValueSpecification\",\"valueRequired\":true,\"valueName\":\"search_term_string\"}}],\"inLanguage\":\"es\"},{\"@type\":\"Person\",\"@id\":\"https:\\\/\\\/www.bbmnoticias.com\\\/labravaradiofm\\\/#\\\/schema\\\/person\\\/34b139c617a70ea5bef5678bffe4dd7b\",\"name\":\"Staff\",\"image\":{\"@type\":\"ImageObject\",\"inLanguage\":\"es\",\"@id\":\"https:\\\/\\\/secure.gravatar.com\\\/avatar\\\/fdd21ad66fd8b98c407f9dee5b5e588cfe7f0d8579ec20fa6527cd59bab7f0f0?s=96&d=mm&r=g\",\"url\":\"https:\\\/\\\/secure.gravatar.com\\\/avatar\\\/fdd21ad66fd8b98c407f9dee5b5e588cfe7f0d8579ec20fa6527cd59bab7f0f0?s=96&d=mm&r=g\",\"contentUrl\":\"https:\\\/\\\/secure.gravatar.com\\\/avatar\\\/fdd21ad66fd8b98c407f9dee5b5e588cfe7f0d8579ec20fa6527cd59bab7f0f0?s=96&d=mm&r=g\",\"caption\":\"Staff\"},\"url\":\"https:\\\/\\\/www.bbmnoticias.com\\\/labravaradiofm\\\/author\\\/redaccion\\\/\"}]}<\/script>\n<!-- \/ Yoast SEO plugin. -->","yoast_head_json":{"title":"Mueren 13 ni\u00f1os de Edomex con s\u00edntomas de la bacteria klebsiella oxytoca; Salud investiga causa - LA BRAVA RADIO","robots":{"index":"index","follow":"follow","max-snippet":"max-snippet:-1","max-image-preview":"max-image-preview:large","max-video-preview":"max-video-preview:-1"},"canonical":"https:\/\/www.bbmnoticias.com\/labravaradiofm\/2024\/12\/05\/mueren-13-ninos-de-edomex-con-sintomas-de-la-bacteria-klebsiella-oxytoca-salud-investiga-causa\/","og_locale":"es_MX","og_type":"article","og_title":"Mueren 13 ni\u00f1os de Edomex con s\u00edntomas de la bacteria klebsiella oxytoca; Salud investiga causa - LA BRAVA RADIO","og_description":"La Secretar\u00eda de Salud del Estado de M\u00e9xico analiza la muerte de 13 menores de edad que ten\u00edan s\u00edntomas relacionados con la bacteria Klebsiella oxytoca. Las autoridades sanitarias todav\u00eda investigan si dicho virus est\u00e1 considerado como la causa de fallecimiento. El pasado 28 de noviembre, la Direcci\u00f3n de Informaci\u00f3n Epidemiol\u00f3gica notific\u00f3 15 casos de infecci\u00f3n [&hellip;]","og_url":"https:\/\/www.bbmnoticias.com\/labravaradiofm\/2024\/12\/05\/mueren-13-ninos-de-edomex-con-sintomas-de-la-bacteria-klebsiella-oxytoca-salud-investiga-causa\/","og_site_name":"LA BRAVA RADIO","article_published_time":"2024-12-05T20:37:17+00:00","article_modified_time":"2024-12-05T20:39:00+00:00","og_image":[{"width":800,"height":450,"url":"https:\/\/www.bbmnoticias.com\/labravaradiofm\/wp-content\/uploads\/sites\/5\/2024\/12\/infantes-fallecen.jpg","type":"image\/jpeg"}],"author":"Staff","twitter_card":"summary_large_image","twitter_misc":{"Escrito por":"Staff","Tiempo de lectura":"2 minutos"},"schema":{"@context":"https:\/\/schema.org","@graph":[{"@type":"Article","@id":"https:\/\/www.bbmnoticias.com\/labravaradiofm\/2024\/12\/05\/mueren-13-ninos-de-edomex-con-sintomas-de-la-bacteria-klebsiella-oxytoca-salud-investiga-causa\/#article","isPartOf":{"@id":"https:\/\/www.bbmnoticias.com\/labravaradiofm\/2024\/12\/05\/mueren-13-ninos-de-edomex-con-sintomas-de-la-bacteria-klebsiella-oxytoca-salud-investiga-causa\/"},"author":{"name":"Staff","@id":"https:\/\/www.bbmnoticias.com\/labravaradiofm\/#\/schema\/person\/34b139c617a70ea5bef5678bffe4dd7b"},"headline":"Mueren 13 ni\u00f1os de Edomex con s\u00edntomas de la bacteria klebsiella oxytoca; Salud investiga causa","datePublished":"2024-12-05T20:37:17+00:00","dateModified":"2024-12-05T20:39:00+00:00","mainEntityOfPage":{"@id":"https:\/\/www.bbmnoticias.com\/labravaradiofm\/2024\/12\/05\/mueren-13-ninos-de-edomex-con-sintomas-de-la-bacteria-klebsiella-oxytoca-salud-investiga-causa\/"},"wordCount":381,"image":{"@id":"https:\/\/www.bbmnoticias.com\/labravaradiofm\/2024\/12\/05\/mueren-13-ninos-de-edomex-con-sintomas-de-la-bacteria-klebsiella-oxytoca-salud-investiga-causa\/#primaryimage"},"thumbnailUrl":"https:\/\/www.bbmnoticias.com\/labravaradiofm\/wp-content\/uploads\/sites\/5\/2024\/12\/infantes-fallecen.jpg","articleSection":["DESTACADO","NACIONAL"],"inLanguage":"es"},{"@type":"WebPage","@id":"https:\/\/www.bbmnoticias.com\/labravaradiofm\/2024\/12\/05\/mueren-13-ninos-de-edomex-con-sintomas-de-la-bacteria-klebsiella-oxytoca-salud-investiga-causa\/","url":"https:\/\/www.bbmnoticias.com\/labravaradiofm\/2024\/12\/05\/mueren-13-ninos-de-edomex-con-sintomas-de-la-bacteria-klebsiella-oxytoca-salud-investiga-causa\/","name":"Mueren 13 ni\u00f1os de Edomex con s\u00edntomas de la bacteria klebsiella oxytoca; Salud investiga causa - LA BRAVA RADIO","isPartOf":{"@id":"https:\/\/www.bbmnoticias.com\/labravaradiofm\/#website"},"primaryImageOfPage":{"@id":"https:\/\/www.bbmnoticias.com\/labravaradiofm\/2024\/12\/05\/mueren-13-ninos-de-edomex-con-sintomas-de-la-bacteria-klebsiella-oxytoca-salud-investiga-causa\/#primaryimage"},"image":{"@id":"https:\/\/www.bbmnoticias.com\/labravaradiofm\/2024\/12\/05\/mueren-13-ninos-de-edomex-con-sintomas-de-la-bacteria-klebsiella-oxytoca-salud-investiga-causa\/#primaryimage"},"thumbnailUrl":"https:\/\/www.bbmnoticias.com\/labravaradiofm\/wp-content\/uploads\/sites\/5\/2024\/12\/infantes-fallecen.jpg","datePublished":"2024-12-05T20:37:17+00:00","dateModified":"2024-12-05T20:39:00+00:00","author":{"@id":"https:\/\/www.bbmnoticias.com\/labravaradiofm\/#\/schema\/person\/34b139c617a70ea5bef5678bffe4dd7b"},"breadcrumb":{"@id":"https:\/\/www.bbmnoticias.com\/labravaradiofm\/2024\/12\/05\/mueren-13-ninos-de-edomex-con-sintomas-de-la-bacteria-klebsiella-oxytoca-salud-investiga-causa\/#breadcrumb"},"inLanguage":"es","potentialAction":[{"@type":"ReadAction","target":["https:\/\/www.bbmnoticias.com\/labravaradiofm\/2024\/12\/05\/mueren-13-ninos-de-edomex-con-sintomas-de-la-bacteria-klebsiella-oxytoca-salud-investiga-causa\/"]}]},{"@type":"ImageObject","inLanguage":"es","@id":"https:\/\/www.bbmnoticias.com\/labravaradiofm\/2024\/12\/05\/mueren-13-ninos-de-edomex-con-sintomas-de-la-bacteria-klebsiella-oxytoca-salud-investiga-causa\/#primaryimage","url":"https:\/\/www.bbmnoticias.com\/labravaradiofm\/wp-content\/uploads\/sites\/5\/2024\/12\/infantes-fallecen.jpg","contentUrl":"https:\/\/www.bbmnoticias.com\/labravaradiofm\/wp-content\/uploads\/sites\/5\/2024\/12\/infantes-fallecen.jpg","width":800,"height":450},{"@type":"BreadcrumbList","@id":"https:\/\/www.bbmnoticias.com\/labravaradiofm\/2024\/12\/05\/mueren-13-ninos-de-edomex-con-sintomas-de-la-bacteria-klebsiella-oxytoca-salud-investiga-causa\/#breadcrumb","itemListElement":[{"@type":"ListItem","position":1,"name":"Inicio","item":"https:\/\/www.bbmnoticias.com\/labravaradiofm\/"},{"@type":"ListItem","position":2,"name":"Mueren 13 ni\u00f1os de Edomex con s\u00edntomas de la bacteria klebsiella oxytoca; Salud investiga causa"}]},{"@type":"WebSite","@id":"https:\/\/www.bbmnoticias.com\/labravaradiofm\/#website","url":"https:\/\/www.bbmnoticias.com\/labravaradiofm\/","name":"LA BRAVA RADIO","description":"Empresa productora de medios, Radiodifusi\u00f3n, Noticias, tendencias y todo lo que necesitas saber de la pol\u00edtica mexicana e internacional; entretenimiento, espect\u00e1culos, salud y mucho m\u00e1s.","potentialAction":[{"@type":"SearchAction","target":{"@type":"EntryPoint","urlTemplate":"https:\/\/www.bbmnoticias.com\/labravaradiofm\/?s={search_term_string}"},"query-input":{"@type":"PropertyValueSpecification","valueRequired":true,"valueName":"search_term_string"}}],"inLanguage":"es"},{"@type":"Person","@id":"https:\/\/www.bbmnoticias.com\/labravaradiofm\/#\/schema\/person\/34b139c617a70ea5bef5678bffe4dd7b","name":"Staff","image":{"@type":"ImageObject","inLanguage":"es","@id":"https:\/\/secure.gravatar.com\/avatar\/fdd21ad66fd8b98c407f9dee5b5e588cfe7f0d8579ec20fa6527cd59bab7f0f0?s=96&d=mm&r=g","url":"https:\/\/secure.gravatar.com\/avatar\/fdd21ad66fd8b98c407f9dee5b5e588cfe7f0d8579ec20fa6527cd59bab7f0f0?s=96&d=mm&r=g","contentUrl":"https:\/\/secure.gravatar.com\/avatar\/fdd21ad66fd8b98c407f9dee5b5e588cfe7f0d8579ec20fa6527cd59bab7f0f0?s=96&d=mm&r=g","caption":"Staff"},"url":"https:\/\/www.bbmnoticias.com\/labravaradiofm\/author\/redaccion\/"}]}},"_links":{"self":[{"href":"https:\/\/www.bbmnoticias.com\/labravaradiofm\/wp-json\/wp\/v2\/posts\/51141","targetHints":{"allow":["GET"]}}],"collection":[{"href":"https:\/\/www.bbmnoticias.com\/labravaradiofm\/wp-json\/wp\/v2\/posts"}],"about":[{"href":"https:\/\/www.bbmnoticias.com\/labravaradiofm\/wp-json\/wp\/v2\/types\/post"}],"author":[{"embeddable":true,"href":"https:\/\/www.bbmnoticias.com\/labravaradiofm\/wp-json\/wp\/v2\/users\/2"}],"replies":[{"embeddable":true,"href":"https:\/\/www.bbmnoticias.com\/labravaradiofm\/wp-json\/wp\/v2\/comments?post=51141"}],"version-history":[{"count":0,"href":"https:\/\/www.bbmnoticias.com\/labravaradiofm\/wp-json\/wp\/v2\/posts\/51141\/revisions"}],"wp:featuredmedia":[{"embeddable":true,"href":"https:\/\/www.bbmnoticias.com\/labravaradiofm\/wp-json\/wp\/v2\/media\/51142"}],"wp:attachment":[{"href":"https:\/\/www.bbmnoticias.com\/labravaradiofm\/wp-json\/wp\/v2\/media?parent=51141"}],"wp:term":[{"taxonomy":"category","embeddable":true,"href":"https:\/\/www.bbmnoticias.com\/labravaradiofm\/wp-json\/wp\/v2\/categories?post=51141"},{"taxonomy":"post_tag","embeddable":true,"href":"https:\/\/www.bbmnoticias.com\/labravaradiofm\/wp-json\/wp\/v2\/tags?post=51141"}],"curies":[{"name":"wp","href":"https:\/\/api.w.org\/{rel}","templated":true}]}}