{"id":51138,"date":"2024-12-05T14:27:08","date_gmt":"2024-12-05T20:27:08","guid":{"rendered":"https:\/\/www.bbmnoticias.com\/labravaradiofm\/?p=51138"},"modified":"2024-12-05T14:27:12","modified_gmt":"2024-12-05T20:27:12","slug":"sin-registro-de-casos-por-bacteria-klebsiella-oxytoca-en-oaxaca-sso","status":"publish","type":"post","link":"https:\/\/www.bbmnoticias.com\/labravaradiofm\/2024\/12\/05\/sin-registro-de-casos-por-bacteria-klebsiella-oxytoca-en-oaxaca-sso\/","title":{"rendered":"Sin registro de casos por bacteria Klebsiella oxytoca en Oaxaca: SSO"},"content":{"rendered":"<div style=\"margin-top: 0px; margin-bottom: 0px;\" class=\"sharethis-inline-share-buttons\" ><\/div>\n<ul class=\"wp-block-list\">\n<li>Ante alerta nacional, se dieron instrucciones para activar la vigilancia y monitoreo de unidades hospitalarias<\/li>\n\n\n\n<li>En los nosocomios del Sector Salud de la entidad, se mantiene la normatividad de higiene de manos, para evitar la diseminaci\u00f3n de microorganismos<\/li>\n<\/ul>\n\n\n\n<p>Oaxaca de Ju\u00e1rez, Oax. 5 de diciembre de 2024.- Ante la alerta epidemiol\u00f3gica en el pa\u00eds, emitida por el Comit\u00e9 Nacional para la Vigilancia Epidemiol\u00f3gica (Conave) por Brote de Infecci\u00f3n del Torrente Sangu\u00edneo por la bacteria Klebsiella oxytoca relacionado con posible contaminaci\u00f3n de Nutrici\u00f3n Parenteral (NPT) registrado en el Estado de M\u00e9xico, Servicios de Salud de Oaxaca (SSO) informa que en Oaxaca no se han identificado casos por este microorganismo.<\/p>\n\n\n\n<p>La instituci\u00f3n refiere que desde el pasado 28 de noviembre, la Direcci\u00f3n de Informaci\u00f3n Epidemiol\u00f3gica dio a conocer la notificaci\u00f3n a trav\u00e9s de la Red Hospitalaria de Vigilancia Epidemiol\u00f3gica (RHOVE) sobre la ocurrencia de casos de Infecciones del Torrente Sangu\u00edneo (ITS) en tres unidades m\u00e9dicas de segundo nivel de Atenci\u00f3n Materno Infantil en el Estado de M\u00e9xico.<\/p>\n\n\n\n<p>Al 29 de noviembre se notificaron 19 casos en cuatro unidades (tres p\u00fablicas y una cl\u00ednica privada de esa entidad). Por el brote se acumulan 15 casos confirmados, cuatro probables y un descartado, siendo el rango de edad de 0 a 14 a\u00f1os (poblaci\u00f3n pedi\u00e1trica).<\/p>\n\n\n\n<p>SSO se\u00f1ala que ante este brote en el Estado de M\u00e9xico, se ha emitido la alerta en las seis Jurisdicciones Sanitarias del territorio oaxaque\u00f1o, para su difusi\u00f3n en la red hospitalaria, as\u00ed como a las delegaciones de las instituciones de todo el Sector Salud, y se mantiene la vigilancia activa para la identificaci\u00f3n oportuna de casos y notificaci\u00f3n inmediata.<\/p>\n","protected":false},"excerpt":{"rendered":"<p>Oaxaca de Ju\u00e1rez, Oax. 5 de diciembre de 2024.- Ante la alerta epidemiol\u00f3gica en el pa\u00eds, emitida por el Comit\u00e9 Nacional para la Vigilancia Epidemiol\u00f3gica (Conave) por Brote de Infecci\u00f3n del Torrente Sangu\u00edneo por la bacteria Klebsiella oxytoca relacionado con posible contaminaci\u00f3n de Nutrici\u00f3n Parenteral (NPT) registrado en el Estado de M\u00e9xico, Servicios de Salud [&hellip;]<\/p>\n","protected":false},"author":2,"featured_media":51139,"comment_status":"closed","ping_status":"closed","sticky":false,"template":"","format":"standard","meta":{"footnotes":""},"categories":[2],"tags":[],"class_list":{"0":"post-51138","1":"post","2":"type-post","3":"status-publish","4":"format-standard","5":"has-post-thumbnail","7":"category-oaxaca"},"yoast_head":"<!-- This site is optimized with the Yoast SEO plugin v27.4 - https:\/\/yoast.com\/product\/yoast-seo-wordpress\/ -->\n<title>Sin registro de casos por bacteria Klebsiella oxytoca en Oaxaca: SSO - LA BRAVA RADIO<\/title>\n<meta name=\"robots\" content=\"index, follow, max-snippet:-1, max-image-preview:large, max-video-preview:-1\" \/>\n<link rel=\"canonical\" href=\"https:\/\/www.bbmnoticias.com\/labravaradiofm\/2024\/12\/05\/sin-registro-de-casos-por-bacteria-klebsiella-oxytoca-en-oaxaca-sso\/\" \/>\n<meta property=\"og:locale\" content=\"es_MX\" \/>\n<meta property=\"og:type\" content=\"article\" \/>\n<meta property=\"og:title\" content=\"Sin registro de casos por bacteria Klebsiella oxytoca en Oaxaca: SSO - LA BRAVA RADIO\" \/>\n<meta property=\"og:description\" content=\"Oaxaca de Ju\u00e1rez, Oax. 5 de diciembre de 2024.- Ante la alerta epidemiol\u00f3gica en el pa\u00eds, emitida por el Comit\u00e9 Nacional para la Vigilancia Epidemiol\u00f3gica (Conave) por Brote de Infecci\u00f3n del Torrente Sangu\u00edneo por la bacteria Klebsiella oxytoca relacionado con posible contaminaci\u00f3n de Nutrici\u00f3n Parenteral (NPT) registrado en el Estado de M\u00e9xico, Servicios de Salud [&hellip;]\" \/>\n<meta property=\"og:url\" content=\"https:\/\/www.bbmnoticias.com\/labravaradiofm\/2024\/12\/05\/sin-registro-de-casos-por-bacteria-klebsiella-oxytoca-en-oaxaca-sso\/\" \/>\n<meta property=\"og:site_name\" content=\"LA BRAVA RADIO\" \/>\n<meta property=\"article:published_time\" content=\"2024-12-05T20:27:08+00:00\" \/>\n<meta property=\"article:modified_time\" content=\"2024-12-05T20:27:12+00:00\" \/>\n<meta property=\"og:image\" content=\"https:\/\/www.bbmnoticias.com\/labravaradiofm\/wp-content\/uploads\/sites\/5\/2024\/12\/bacteria-klebsiella-oxytoca.webp\" \/>\n\t<meta property=\"og:image:width\" content=\"1024\" \/>\n\t<meta property=\"og:image:height\" content=\"531\" \/>\n\t<meta property=\"og:image:type\" content=\"image\/webp\" \/>\n<meta name=\"author\" content=\"Staff\" \/>\n<meta name=\"twitter:card\" content=\"summary_large_image\" \/>\n<meta name=\"twitter:label1\" content=\"Escrito por\" \/>\n\t<meta name=\"twitter:data1\" content=\"Staff\" \/>\n\t<meta name=\"twitter:label2\" content=\"Tiempo de lectura\" \/>\n\t<meta name=\"twitter:data2\" content=\"2 minutos\" \/>\n<script type=\"application\/ld+json\" class=\"yoast-schema-graph\">{\"@context\":\"https:\\\/\\\/schema.org\",\"@graph\":[{\"@type\":\"Article\",\"@id\":\"https:\\\/\\\/www.bbmnoticias.com\\\/labravaradiofm\\\/2024\\\/12\\\/05\\\/sin-registro-de-casos-por-bacteria-klebsiella-oxytoca-en-oaxaca-sso\\\/#article\",\"isPartOf\":{\"@id\":\"https:\\\/\\\/www.bbmnoticias.com\\\/labravaradiofm\\\/2024\\\/12\\\/05\\\/sin-registro-de-casos-por-bacteria-klebsiella-oxytoca-en-oaxaca-sso\\\/\"},\"author\":{\"name\":\"Staff\",\"@id\":\"https:\\\/\\\/www.bbmnoticias.com\\\/labravaradiofm\\\/#\\\/schema\\\/person\\\/34b139c617a70ea5bef5678bffe4dd7b\"},\"headline\":\"Sin registro de casos por bacteria Klebsiella oxytoca en Oaxaca: SSO\",\"datePublished\":\"2024-12-05T20:27:08+00:00\",\"dateModified\":\"2024-12-05T20:27:12+00:00\",\"mainEntityOfPage\":{\"@id\":\"https:\\\/\\\/www.bbmnoticias.com\\\/labravaradiofm\\\/2024\\\/12\\\/05\\\/sin-registro-de-casos-por-bacteria-klebsiella-oxytoca-en-oaxaca-sso\\\/\"},\"wordCount\":305,\"image\":{\"@id\":\"https:\\\/\\\/www.bbmnoticias.com\\\/labravaradiofm\\\/2024\\\/12\\\/05\\\/sin-registro-de-casos-por-bacteria-klebsiella-oxytoca-en-oaxaca-sso\\\/#primaryimage\"},\"thumbnailUrl\":\"https:\\\/\\\/www.bbmnoticias.com\\\/labravaradiofm\\\/wp-content\\\/uploads\\\/sites\\\/5\\\/2024\\\/12\\\/bacteria-klebsiella-oxytoca.webp\",\"articleSection\":[\"LOCAL\"],\"inLanguage\":\"es\"},{\"@type\":\"WebPage\",\"@id\":\"https:\\\/\\\/www.bbmnoticias.com\\\/labravaradiofm\\\/2024\\\/12\\\/05\\\/sin-registro-de-casos-por-bacteria-klebsiella-oxytoca-en-oaxaca-sso\\\/\",\"url\":\"https:\\\/\\\/www.bbmnoticias.com\\\/labravaradiofm\\\/2024\\\/12\\\/05\\\/sin-registro-de-casos-por-bacteria-klebsiella-oxytoca-en-oaxaca-sso\\\/\",\"name\":\"Sin registro de casos por bacteria Klebsiella oxytoca en Oaxaca: SSO - LA BRAVA RADIO\",\"isPartOf\":{\"@id\":\"https:\\\/\\\/www.bbmnoticias.com\\\/labravaradiofm\\\/#website\"},\"primaryImageOfPage\":{\"@id\":\"https:\\\/\\\/www.bbmnoticias.com\\\/labravaradiofm\\\/2024\\\/12\\\/05\\\/sin-registro-de-casos-por-bacteria-klebsiella-oxytoca-en-oaxaca-sso\\\/#primaryimage\"},\"image\":{\"@id\":\"https:\\\/\\\/www.bbmnoticias.com\\\/labravaradiofm\\\/2024\\\/12\\\/05\\\/sin-registro-de-casos-por-bacteria-klebsiella-oxytoca-en-oaxaca-sso\\\/#primaryimage\"},\"thumbnailUrl\":\"https:\\\/\\\/www.bbmnoticias.com\\\/labravaradiofm\\\/wp-content\\\/uploads\\\/sites\\\/5\\\/2024\\\/12\\\/bacteria-klebsiella-oxytoca.webp\",\"datePublished\":\"2024-12-05T20:27:08+00:00\",\"dateModified\":\"2024-12-05T20:27:12+00:00\",\"author\":{\"@id\":\"https:\\\/\\\/www.bbmnoticias.com\\\/labravaradiofm\\\/#\\\/schema\\\/person\\\/34b139c617a70ea5bef5678bffe4dd7b\"},\"breadcrumb\":{\"@id\":\"https:\\\/\\\/www.bbmnoticias.com\\\/labravaradiofm\\\/2024\\\/12\\\/05\\\/sin-registro-de-casos-por-bacteria-klebsiella-oxytoca-en-oaxaca-sso\\\/#breadcrumb\"},\"inLanguage\":\"es\",\"potentialAction\":[{\"@type\":\"ReadAction\",\"target\":[\"https:\\\/\\\/www.bbmnoticias.com\\\/labravaradiofm\\\/2024\\\/12\\\/05\\\/sin-registro-de-casos-por-bacteria-klebsiella-oxytoca-en-oaxaca-sso\\\/\"]}]},{\"@type\":\"ImageObject\",\"inLanguage\":\"es\",\"@id\":\"https:\\\/\\\/www.bbmnoticias.com\\\/labravaradiofm\\\/2024\\\/12\\\/05\\\/sin-registro-de-casos-por-bacteria-klebsiella-oxytoca-en-oaxaca-sso\\\/#primaryimage\",\"url\":\"https:\\\/\\\/www.bbmnoticias.com\\\/labravaradiofm\\\/wp-content\\\/uploads\\\/sites\\\/5\\\/2024\\\/12\\\/bacteria-klebsiella-oxytoca.webp\",\"contentUrl\":\"https:\\\/\\\/www.bbmnoticias.com\\\/labravaradiofm\\\/wp-content\\\/uploads\\\/sites\\\/5\\\/2024\\\/12\\\/bacteria-klebsiella-oxytoca.webp\",\"width\":1024,\"height\":531},{\"@type\":\"BreadcrumbList\",\"@id\":\"https:\\\/\\\/www.bbmnoticias.com\\\/labravaradiofm\\\/2024\\\/12\\\/05\\\/sin-registro-de-casos-por-bacteria-klebsiella-oxytoca-en-oaxaca-sso\\\/#breadcrumb\",\"itemListElement\":[{\"@type\":\"ListItem\",\"position\":1,\"name\":\"Inicio\",\"item\":\"https:\\\/\\\/www.bbmnoticias.com\\\/labravaradiofm\\\/\"},{\"@type\":\"ListItem\",\"position\":2,\"name\":\"Sin registro de casos por bacteria Klebsiella oxytoca en Oaxaca: SSO\"}]},{\"@type\":\"WebSite\",\"@id\":\"https:\\\/\\\/www.bbmnoticias.com\\\/labravaradiofm\\\/#website\",\"url\":\"https:\\\/\\\/www.bbmnoticias.com\\\/labravaradiofm\\\/\",\"name\":\"LA BRAVA RADIO\",\"description\":\"Empresa productora de medios, Radiodifusi\u00f3n, Noticias, tendencias y todo lo que necesitas saber de la pol\u00edtica mexicana e internacional; entretenimiento, espect\u00e1culos, salud y mucho m\u00e1s.\",\"potentialAction\":[{\"@type\":\"SearchAction\",\"target\":{\"@type\":\"EntryPoint\",\"urlTemplate\":\"https:\\\/\\\/www.bbmnoticias.com\\\/labravaradiofm\\\/?s={search_term_string}\"},\"query-input\":{\"@type\":\"PropertyValueSpecification\",\"valueRequired\":true,\"valueName\":\"search_term_string\"}}],\"inLanguage\":\"es\"},{\"@type\":\"Person\",\"@id\":\"https:\\\/\\\/www.bbmnoticias.com\\\/labravaradiofm\\\/#\\\/schema\\\/person\\\/34b139c617a70ea5bef5678bffe4dd7b\",\"name\":\"Staff\",\"image\":{\"@type\":\"ImageObject\",\"inLanguage\":\"es\",\"@id\":\"https:\\\/\\\/secure.gravatar.com\\\/avatar\\\/fdd21ad66fd8b98c407f9dee5b5e588cfe7f0d8579ec20fa6527cd59bab7f0f0?s=96&d=mm&r=g\",\"url\":\"https:\\\/\\\/secure.gravatar.com\\\/avatar\\\/fdd21ad66fd8b98c407f9dee5b5e588cfe7f0d8579ec20fa6527cd59bab7f0f0?s=96&d=mm&r=g\",\"contentUrl\":\"https:\\\/\\\/secure.gravatar.com\\\/avatar\\\/fdd21ad66fd8b98c407f9dee5b5e588cfe7f0d8579ec20fa6527cd59bab7f0f0?s=96&d=mm&r=g\",\"caption\":\"Staff\"},\"url\":\"https:\\\/\\\/www.bbmnoticias.com\\\/labravaradiofm\\\/author\\\/redaccion\\\/\"}]}<\/script>\n<!-- \/ Yoast SEO plugin. -->","yoast_head_json":{"title":"Sin registro de casos por bacteria Klebsiella oxytoca en Oaxaca: SSO - LA BRAVA RADIO","robots":{"index":"index","follow":"follow","max-snippet":"max-snippet:-1","max-image-preview":"max-image-preview:large","max-video-preview":"max-video-preview:-1"},"canonical":"https:\/\/www.bbmnoticias.com\/labravaradiofm\/2024\/12\/05\/sin-registro-de-casos-por-bacteria-klebsiella-oxytoca-en-oaxaca-sso\/","og_locale":"es_MX","og_type":"article","og_title":"Sin registro de casos por bacteria Klebsiella oxytoca en Oaxaca: SSO - LA BRAVA RADIO","og_description":"Oaxaca de Ju\u00e1rez, Oax. 5 de diciembre de 2024.- Ante la alerta epidemiol\u00f3gica en el pa\u00eds, emitida por el Comit\u00e9 Nacional para la Vigilancia Epidemiol\u00f3gica (Conave) por Brote de Infecci\u00f3n del Torrente Sangu\u00edneo por la bacteria Klebsiella oxytoca relacionado con posible contaminaci\u00f3n de Nutrici\u00f3n Parenteral (NPT) registrado en el Estado de M\u00e9xico, Servicios de Salud [&hellip;]","og_url":"https:\/\/www.bbmnoticias.com\/labravaradiofm\/2024\/12\/05\/sin-registro-de-casos-por-bacteria-klebsiella-oxytoca-en-oaxaca-sso\/","og_site_name":"LA BRAVA RADIO","article_published_time":"2024-12-05T20:27:08+00:00","article_modified_time":"2024-12-05T20:27:12+00:00","og_image":[{"width":1024,"height":531,"url":"https:\/\/www.bbmnoticias.com\/labravaradiofm\/wp-content\/uploads\/sites\/5\/2024\/12\/bacteria-klebsiella-oxytoca.webp","type":"image\/webp"}],"author":"Staff","twitter_card":"summary_large_image","twitter_misc":{"Escrito por":"Staff","Tiempo de lectura":"2 minutos"},"schema":{"@context":"https:\/\/schema.org","@graph":[{"@type":"Article","@id":"https:\/\/www.bbmnoticias.com\/labravaradiofm\/2024\/12\/05\/sin-registro-de-casos-por-bacteria-klebsiella-oxytoca-en-oaxaca-sso\/#article","isPartOf":{"@id":"https:\/\/www.bbmnoticias.com\/labravaradiofm\/2024\/12\/05\/sin-registro-de-casos-por-bacteria-klebsiella-oxytoca-en-oaxaca-sso\/"},"author":{"name":"Staff","@id":"https:\/\/www.bbmnoticias.com\/labravaradiofm\/#\/schema\/person\/34b139c617a70ea5bef5678bffe4dd7b"},"headline":"Sin registro de casos por bacteria Klebsiella oxytoca en Oaxaca: SSO","datePublished":"2024-12-05T20:27:08+00:00","dateModified":"2024-12-05T20:27:12+00:00","mainEntityOfPage":{"@id":"https:\/\/www.bbmnoticias.com\/labravaradiofm\/2024\/12\/05\/sin-registro-de-casos-por-bacteria-klebsiella-oxytoca-en-oaxaca-sso\/"},"wordCount":305,"image":{"@id":"https:\/\/www.bbmnoticias.com\/labravaradiofm\/2024\/12\/05\/sin-registro-de-casos-por-bacteria-klebsiella-oxytoca-en-oaxaca-sso\/#primaryimage"},"thumbnailUrl":"https:\/\/www.bbmnoticias.com\/labravaradiofm\/wp-content\/uploads\/sites\/5\/2024\/12\/bacteria-klebsiella-oxytoca.webp","articleSection":["LOCAL"],"inLanguage":"es"},{"@type":"WebPage","@id":"https:\/\/www.bbmnoticias.com\/labravaradiofm\/2024\/12\/05\/sin-registro-de-casos-por-bacteria-klebsiella-oxytoca-en-oaxaca-sso\/","url":"https:\/\/www.bbmnoticias.com\/labravaradiofm\/2024\/12\/05\/sin-registro-de-casos-por-bacteria-klebsiella-oxytoca-en-oaxaca-sso\/","name":"Sin registro de casos por bacteria Klebsiella oxytoca en Oaxaca: SSO - LA BRAVA RADIO","isPartOf":{"@id":"https:\/\/www.bbmnoticias.com\/labravaradiofm\/#website"},"primaryImageOfPage":{"@id":"https:\/\/www.bbmnoticias.com\/labravaradiofm\/2024\/12\/05\/sin-registro-de-casos-por-bacteria-klebsiella-oxytoca-en-oaxaca-sso\/#primaryimage"},"image":{"@id":"https:\/\/www.bbmnoticias.com\/labravaradiofm\/2024\/12\/05\/sin-registro-de-casos-por-bacteria-klebsiella-oxytoca-en-oaxaca-sso\/#primaryimage"},"thumbnailUrl":"https:\/\/www.bbmnoticias.com\/labravaradiofm\/wp-content\/uploads\/sites\/5\/2024\/12\/bacteria-klebsiella-oxytoca.webp","datePublished":"2024-12-05T20:27:08+00:00","dateModified":"2024-12-05T20:27:12+00:00","author":{"@id":"https:\/\/www.bbmnoticias.com\/labravaradiofm\/#\/schema\/person\/34b139c617a70ea5bef5678bffe4dd7b"},"breadcrumb":{"@id":"https:\/\/www.bbmnoticias.com\/labravaradiofm\/2024\/12\/05\/sin-registro-de-casos-por-bacteria-klebsiella-oxytoca-en-oaxaca-sso\/#breadcrumb"},"inLanguage":"es","potentialAction":[{"@type":"ReadAction","target":["https:\/\/www.bbmnoticias.com\/labravaradiofm\/2024\/12\/05\/sin-registro-de-casos-por-bacteria-klebsiella-oxytoca-en-oaxaca-sso\/"]}]},{"@type":"ImageObject","inLanguage":"es","@id":"https:\/\/www.bbmnoticias.com\/labravaradiofm\/2024\/12\/05\/sin-registro-de-casos-por-bacteria-klebsiella-oxytoca-en-oaxaca-sso\/#primaryimage","url":"https:\/\/www.bbmnoticias.com\/labravaradiofm\/wp-content\/uploads\/sites\/5\/2024\/12\/bacteria-klebsiella-oxytoca.webp","contentUrl":"https:\/\/www.bbmnoticias.com\/labravaradiofm\/wp-content\/uploads\/sites\/5\/2024\/12\/bacteria-klebsiella-oxytoca.webp","width":1024,"height":531},{"@type":"BreadcrumbList","@id":"https:\/\/www.bbmnoticias.com\/labravaradiofm\/2024\/12\/05\/sin-registro-de-casos-por-bacteria-klebsiella-oxytoca-en-oaxaca-sso\/#breadcrumb","itemListElement":[{"@type":"ListItem","position":1,"name":"Inicio","item":"https:\/\/www.bbmnoticias.com\/labravaradiofm\/"},{"@type":"ListItem","position":2,"name":"Sin registro de casos por bacteria Klebsiella oxytoca en Oaxaca: SSO"}]},{"@type":"WebSite","@id":"https:\/\/www.bbmnoticias.com\/labravaradiofm\/#website","url":"https:\/\/www.bbmnoticias.com\/labravaradiofm\/","name":"LA BRAVA RADIO","description":"Empresa productora de medios, Radiodifusi\u00f3n, Noticias, tendencias y todo lo que necesitas saber de la pol\u00edtica mexicana e internacional; entretenimiento, espect\u00e1culos, salud y mucho m\u00e1s.","potentialAction":[{"@type":"SearchAction","target":{"@type":"EntryPoint","urlTemplate":"https:\/\/www.bbmnoticias.com\/labravaradiofm\/?s={search_term_string}"},"query-input":{"@type":"PropertyValueSpecification","valueRequired":true,"valueName":"search_term_string"}}],"inLanguage":"es"},{"@type":"Person","@id":"https:\/\/www.bbmnoticias.com\/labravaradiofm\/#\/schema\/person\/34b139c617a70ea5bef5678bffe4dd7b","name":"Staff","image":{"@type":"ImageObject","inLanguage":"es","@id":"https:\/\/secure.gravatar.com\/avatar\/fdd21ad66fd8b98c407f9dee5b5e588cfe7f0d8579ec20fa6527cd59bab7f0f0?s=96&d=mm&r=g","url":"https:\/\/secure.gravatar.com\/avatar\/fdd21ad66fd8b98c407f9dee5b5e588cfe7f0d8579ec20fa6527cd59bab7f0f0?s=96&d=mm&r=g","contentUrl":"https:\/\/secure.gravatar.com\/avatar\/fdd21ad66fd8b98c407f9dee5b5e588cfe7f0d8579ec20fa6527cd59bab7f0f0?s=96&d=mm&r=g","caption":"Staff"},"url":"https:\/\/www.bbmnoticias.com\/labravaradiofm\/author\/redaccion\/"}]}},"_links":{"self":[{"href":"https:\/\/www.bbmnoticias.com\/labravaradiofm\/wp-json\/wp\/v2\/posts\/51138","targetHints":{"allow":["GET"]}}],"collection":[{"href":"https:\/\/www.bbmnoticias.com\/labravaradiofm\/wp-json\/wp\/v2\/posts"}],"about":[{"href":"https:\/\/www.bbmnoticias.com\/labravaradiofm\/wp-json\/wp\/v2\/types\/post"}],"author":[{"embeddable":true,"href":"https:\/\/www.bbmnoticias.com\/labravaradiofm\/wp-json\/wp\/v2\/users\/2"}],"replies":[{"embeddable":true,"href":"https:\/\/www.bbmnoticias.com\/labravaradiofm\/wp-json\/wp\/v2\/comments?post=51138"}],"version-history":[{"count":0,"href":"https:\/\/www.bbmnoticias.com\/labravaradiofm\/wp-json\/wp\/v2\/posts\/51138\/revisions"}],"wp:featuredmedia":[{"embeddable":true,"href":"https:\/\/www.bbmnoticias.com\/labravaradiofm\/wp-json\/wp\/v2\/media\/51139"}],"wp:attachment":[{"href":"https:\/\/www.bbmnoticias.com\/labravaradiofm\/wp-json\/wp\/v2\/media?parent=51138"}],"wp:term":[{"taxonomy":"category","embeddable":true,"href":"https:\/\/www.bbmnoticias.com\/labravaradiofm\/wp-json\/wp\/v2\/categories?post=51138"},{"taxonomy":"post_tag","embeddable":true,"href":"https:\/\/www.bbmnoticias.com\/labravaradiofm\/wp-json\/wp\/v2\/tags?post=51138"}],"curies":[{"name":"wp","href":"https:\/\/api.w.org\/{rel}","templated":true}]}}