{"id":51113,"date":"2024-12-05T12:14:09","date_gmt":"2024-12-05T18:14:09","guid":{"rendered":"https:\/\/www.bbmnoticias.com\/labravaradiofm\/?p=51113"},"modified":"2024-12-05T12:14:13","modified_gmt":"2024-12-05T18:14:13","slug":"identifican-cuerpo-hallado-en-la-colonia-jose-lopez-portillo-en-tehuantepec","status":"publish","type":"post","link":"https:\/\/www.bbmnoticias.com\/labravaradiofm\/2024\/12\/05\/identifican-cuerpo-hallado-en-la-colonia-jose-lopez-portillo-en-tehuantepec\/","title":{"rendered":"Identifican cuerpo hallado en la colonia Jos\u00e9 L\u00f3pez Portillo en Tehuantepec"},"content":{"rendered":"<div style=\"margin-top: 0px; margin-bottom: 0px;\" class=\"sharethis-inline-share-buttons\" ><\/div>\n<p>Tehuantepec, Oax.\u2013 El cuerpo encontrado enterrado en avanzado estado de descomposici\u00f3n en un predio de la colonia Jos\u00e9 L\u00f3pez Portillo fue identificado como Jos\u00e9 Leonardo Cruz P\u00e9rez, quien hab\u00eda sido reportado como desaparecido desde el pasado 30 de noviembre.<\/p>\n\n\n\n<p>El hallazgo provoc\u00f3 una fuerte movilizaci\u00f3n de corporaciones policiacas y personal de la Fiscal\u00eda General del Estado, quienes realizaron las diligencias correspondientes, exhumaron el cuerpo y lo trasladaron al Servicio M\u00e9dico Forense para llevar a cabo los an\u00e1lisis necesarios.<\/p>\n\n\n\n<p>M\u00e1s tarde, fue la madre de la v\u00edctima quien confirm\u00f3 su identidad, cerrando as\u00ed d\u00edas de angustia e incertidumbre para su familia. Las autoridades contin\u00faan con las investigaciones para esclarecer las circunstancias de su muerte.<\/p>\n","protected":false},"excerpt":{"rendered":"<p>Tehuantepec, Oax.\u2013 El cuerpo encontrado enterrado en avanzado estado de descomposici\u00f3n en un predio de la colonia Jos\u00e9 L\u00f3pez Portillo fue identificado como Jos\u00e9 Leonardo Cruz P\u00e9rez, quien hab\u00eda sido reportado como desaparecido desde el pasado 30 de noviembre. El hallazgo provoc\u00f3 una fuerte movilizaci\u00f3n de corporaciones policiacas y personal de la Fiscal\u00eda General del [&hellip;]<\/p>\n","protected":false},"author":2,"featured_media":51123,"comment_status":"closed","ping_status":"closed","sticky":false,"template":"","format":"standard","meta":{"footnotes":""},"categories":[1025,20],"tags":[],"class_list":{"0":"post-51113","1":"post","2":"type-post","3":"status-publish","4":"format-standard","5":"has-post-thumbnail","7":"category-destacado","8":"category-policiaca"},"yoast_head":"<!-- This site is optimized with the Yoast SEO plugin v27.4 - https:\/\/yoast.com\/product\/yoast-seo-wordpress\/ -->\n<title>Identifican cuerpo hallado en la colonia Jos\u00e9 L\u00f3pez Portillo en Tehuantepec - LA BRAVA RADIO<\/title>\n<meta name=\"robots\" content=\"index, follow, max-snippet:-1, max-image-preview:large, max-video-preview:-1\" \/>\n<link rel=\"canonical\" href=\"https:\/\/www.bbmnoticias.com\/labravaradiofm\/2024\/12\/05\/identifican-cuerpo-hallado-en-la-colonia-jose-lopez-portillo-en-tehuantepec\/\" \/>\n<meta property=\"og:locale\" content=\"es_MX\" \/>\n<meta property=\"og:type\" content=\"article\" \/>\n<meta property=\"og:title\" content=\"Identifican cuerpo hallado en la colonia Jos\u00e9 L\u00f3pez Portillo en Tehuantepec - LA BRAVA RADIO\" \/>\n<meta property=\"og:description\" content=\"Tehuantepec, Oax.\u2013 El cuerpo encontrado enterrado en avanzado estado de descomposici\u00f3n en un predio de la colonia Jos\u00e9 L\u00f3pez Portillo fue identificado como Jos\u00e9 Leonardo Cruz P\u00e9rez, quien hab\u00eda sido reportado como desaparecido desde el pasado 30 de noviembre. El hallazgo provoc\u00f3 una fuerte movilizaci\u00f3n de corporaciones policiacas y personal de la Fiscal\u00eda General del [&hellip;]\" \/>\n<meta property=\"og:url\" content=\"https:\/\/www.bbmnoticias.com\/labravaradiofm\/2024\/12\/05\/identifican-cuerpo-hallado-en-la-colonia-jose-lopez-portillo-en-tehuantepec\/\" \/>\n<meta property=\"og:site_name\" content=\"LA BRAVA RADIO\" \/>\n<meta property=\"article:published_time\" content=\"2024-12-05T18:14:09+00:00\" \/>\n<meta property=\"article:modified_time\" content=\"2024-12-05T18:14:13+00:00\" \/>\n<meta property=\"og:image\" content=\"https:\/\/www.bbmnoticias.com\/labravaradiofm\/wp-content\/uploads\/sites\/5\/2024\/12\/cuerpo-identificado.jpg\" \/>\n\t<meta property=\"og:image:width\" content=\"750\" \/>\n\t<meta property=\"og:image:height\" content=\"490\" \/>\n\t<meta property=\"og:image:type\" content=\"image\/jpeg\" \/>\n<meta name=\"author\" content=\"Staff\" \/>\n<meta name=\"twitter:card\" content=\"summary_large_image\" \/>\n<meta name=\"twitter:label1\" content=\"Escrito por\" \/>\n\t<meta name=\"twitter:data1\" content=\"Staff\" \/>\n\t<meta name=\"twitter:label2\" content=\"Tiempo de lectura\" \/>\n\t<meta name=\"twitter:data2\" content=\"1 minuto\" \/>\n<script type=\"application\/ld+json\" class=\"yoast-schema-graph\">{\"@context\":\"https:\\\/\\\/schema.org\",\"@graph\":[{\"@type\":\"Article\",\"@id\":\"https:\\\/\\\/www.bbmnoticias.com\\\/labravaradiofm\\\/2024\\\/12\\\/05\\\/identifican-cuerpo-hallado-en-la-colonia-jose-lopez-portillo-en-tehuantepec\\\/#article\",\"isPartOf\":{\"@id\":\"https:\\\/\\\/www.bbmnoticias.com\\\/labravaradiofm\\\/2024\\\/12\\\/05\\\/identifican-cuerpo-hallado-en-la-colonia-jose-lopez-portillo-en-tehuantepec\\\/\"},\"author\":{\"name\":\"Staff\",\"@id\":\"https:\\\/\\\/www.bbmnoticias.com\\\/labravaradiofm\\\/#\\\/schema\\\/person\\\/34b139c617a70ea5bef5678bffe4dd7b\"},\"headline\":\"Identifican cuerpo hallado en la colonia Jos\u00e9 L\u00f3pez Portillo en Tehuantepec\",\"datePublished\":\"2024-12-05T18:14:09+00:00\",\"dateModified\":\"2024-12-05T18:14:13+00:00\",\"mainEntityOfPage\":{\"@id\":\"https:\\\/\\\/www.bbmnoticias.com\\\/labravaradiofm\\\/2024\\\/12\\\/05\\\/identifican-cuerpo-hallado-en-la-colonia-jose-lopez-portillo-en-tehuantepec\\\/\"},\"wordCount\":136,\"image\":{\"@id\":\"https:\\\/\\\/www.bbmnoticias.com\\\/labravaradiofm\\\/2024\\\/12\\\/05\\\/identifican-cuerpo-hallado-en-la-colonia-jose-lopez-portillo-en-tehuantepec\\\/#primaryimage\"},\"thumbnailUrl\":\"https:\\\/\\\/www.bbmnoticias.com\\\/labravaradiofm\\\/wp-content\\\/uploads\\\/sites\\\/5\\\/2024\\\/12\\\/cuerpo-identificado.jpg\",\"articleSection\":[\"DESTACADO\",\"POLICIACA\"],\"inLanguage\":\"es\"},{\"@type\":\"WebPage\",\"@id\":\"https:\\\/\\\/www.bbmnoticias.com\\\/labravaradiofm\\\/2024\\\/12\\\/05\\\/identifican-cuerpo-hallado-en-la-colonia-jose-lopez-portillo-en-tehuantepec\\\/\",\"url\":\"https:\\\/\\\/www.bbmnoticias.com\\\/labravaradiofm\\\/2024\\\/12\\\/05\\\/identifican-cuerpo-hallado-en-la-colonia-jose-lopez-portillo-en-tehuantepec\\\/\",\"name\":\"Identifican cuerpo hallado en la colonia Jos\u00e9 L\u00f3pez Portillo en Tehuantepec - LA BRAVA RADIO\",\"isPartOf\":{\"@id\":\"https:\\\/\\\/www.bbmnoticias.com\\\/labravaradiofm\\\/#website\"},\"primaryImageOfPage\":{\"@id\":\"https:\\\/\\\/www.bbmnoticias.com\\\/labravaradiofm\\\/2024\\\/12\\\/05\\\/identifican-cuerpo-hallado-en-la-colonia-jose-lopez-portillo-en-tehuantepec\\\/#primaryimage\"},\"image\":{\"@id\":\"https:\\\/\\\/www.bbmnoticias.com\\\/labravaradiofm\\\/2024\\\/12\\\/05\\\/identifican-cuerpo-hallado-en-la-colonia-jose-lopez-portillo-en-tehuantepec\\\/#primaryimage\"},\"thumbnailUrl\":\"https:\\\/\\\/www.bbmnoticias.com\\\/labravaradiofm\\\/wp-content\\\/uploads\\\/sites\\\/5\\\/2024\\\/12\\\/cuerpo-identificado.jpg\",\"datePublished\":\"2024-12-05T18:14:09+00:00\",\"dateModified\":\"2024-12-05T18:14:13+00:00\",\"author\":{\"@id\":\"https:\\\/\\\/www.bbmnoticias.com\\\/labravaradiofm\\\/#\\\/schema\\\/person\\\/34b139c617a70ea5bef5678bffe4dd7b\"},\"breadcrumb\":{\"@id\":\"https:\\\/\\\/www.bbmnoticias.com\\\/labravaradiofm\\\/2024\\\/12\\\/05\\\/identifican-cuerpo-hallado-en-la-colonia-jose-lopez-portillo-en-tehuantepec\\\/#breadcrumb\"},\"inLanguage\":\"es\",\"potentialAction\":[{\"@type\":\"ReadAction\",\"target\":[\"https:\\\/\\\/www.bbmnoticias.com\\\/labravaradiofm\\\/2024\\\/12\\\/05\\\/identifican-cuerpo-hallado-en-la-colonia-jose-lopez-portillo-en-tehuantepec\\\/\"]}]},{\"@type\":\"ImageObject\",\"inLanguage\":\"es\",\"@id\":\"https:\\\/\\\/www.bbmnoticias.com\\\/labravaradiofm\\\/2024\\\/12\\\/05\\\/identifican-cuerpo-hallado-en-la-colonia-jose-lopez-portillo-en-tehuantepec\\\/#primaryimage\",\"url\":\"https:\\\/\\\/www.bbmnoticias.com\\\/labravaradiofm\\\/wp-content\\\/uploads\\\/sites\\\/5\\\/2024\\\/12\\\/cuerpo-identificado.jpg\",\"contentUrl\":\"https:\\\/\\\/www.bbmnoticias.com\\\/labravaradiofm\\\/wp-content\\\/uploads\\\/sites\\\/5\\\/2024\\\/12\\\/cuerpo-identificado.jpg\",\"width\":750,\"height\":490},{\"@type\":\"BreadcrumbList\",\"@id\":\"https:\\\/\\\/www.bbmnoticias.com\\\/labravaradiofm\\\/2024\\\/12\\\/05\\\/identifican-cuerpo-hallado-en-la-colonia-jose-lopez-portillo-en-tehuantepec\\\/#breadcrumb\",\"itemListElement\":[{\"@type\":\"ListItem\",\"position\":1,\"name\":\"Inicio\",\"item\":\"https:\\\/\\\/www.bbmnoticias.com\\\/labravaradiofm\\\/\"},{\"@type\":\"ListItem\",\"position\":2,\"name\":\"Identifican cuerpo hallado en la colonia Jos\u00e9 L\u00f3pez Portillo en Tehuantepec\"}]},{\"@type\":\"WebSite\",\"@id\":\"https:\\\/\\\/www.bbmnoticias.com\\\/labravaradiofm\\\/#website\",\"url\":\"https:\\\/\\\/www.bbmnoticias.com\\\/labravaradiofm\\\/\",\"name\":\"LA BRAVA RADIO\",\"description\":\"Empresa productora de medios, Radiodifusi\u00f3n, Noticias, tendencias y todo lo que necesitas saber de la pol\u00edtica mexicana e internacional; entretenimiento, espect\u00e1culos, salud y mucho m\u00e1s.\",\"potentialAction\":[{\"@type\":\"SearchAction\",\"target\":{\"@type\":\"EntryPoint\",\"urlTemplate\":\"https:\\\/\\\/www.bbmnoticias.com\\\/labravaradiofm\\\/?s={search_term_string}\"},\"query-input\":{\"@type\":\"PropertyValueSpecification\",\"valueRequired\":true,\"valueName\":\"search_term_string\"}}],\"inLanguage\":\"es\"},{\"@type\":\"Person\",\"@id\":\"https:\\\/\\\/www.bbmnoticias.com\\\/labravaradiofm\\\/#\\\/schema\\\/person\\\/34b139c617a70ea5bef5678bffe4dd7b\",\"name\":\"Staff\",\"image\":{\"@type\":\"ImageObject\",\"inLanguage\":\"es\",\"@id\":\"https:\\\/\\\/secure.gravatar.com\\\/avatar\\\/fdd21ad66fd8b98c407f9dee5b5e588cfe7f0d8579ec20fa6527cd59bab7f0f0?s=96&d=mm&r=g\",\"url\":\"https:\\\/\\\/secure.gravatar.com\\\/avatar\\\/fdd21ad66fd8b98c407f9dee5b5e588cfe7f0d8579ec20fa6527cd59bab7f0f0?s=96&d=mm&r=g\",\"contentUrl\":\"https:\\\/\\\/secure.gravatar.com\\\/avatar\\\/fdd21ad66fd8b98c407f9dee5b5e588cfe7f0d8579ec20fa6527cd59bab7f0f0?s=96&d=mm&r=g\",\"caption\":\"Staff\"},\"url\":\"https:\\\/\\\/www.bbmnoticias.com\\\/labravaradiofm\\\/author\\\/redaccion\\\/\"}]}<\/script>\n<!-- \/ Yoast SEO plugin. -->","yoast_head_json":{"title":"Identifican cuerpo hallado en la colonia Jos\u00e9 L\u00f3pez Portillo en Tehuantepec - LA BRAVA RADIO","robots":{"index":"index","follow":"follow","max-snippet":"max-snippet:-1","max-image-preview":"max-image-preview:large","max-video-preview":"max-video-preview:-1"},"canonical":"https:\/\/www.bbmnoticias.com\/labravaradiofm\/2024\/12\/05\/identifican-cuerpo-hallado-en-la-colonia-jose-lopez-portillo-en-tehuantepec\/","og_locale":"es_MX","og_type":"article","og_title":"Identifican cuerpo hallado en la colonia Jos\u00e9 L\u00f3pez Portillo en Tehuantepec - LA BRAVA RADIO","og_description":"Tehuantepec, Oax.\u2013 El cuerpo encontrado enterrado en avanzado estado de descomposici\u00f3n en un predio de la colonia Jos\u00e9 L\u00f3pez Portillo fue identificado como Jos\u00e9 Leonardo Cruz P\u00e9rez, quien hab\u00eda sido reportado como desaparecido desde el pasado 30 de noviembre. El hallazgo provoc\u00f3 una fuerte movilizaci\u00f3n de corporaciones policiacas y personal de la Fiscal\u00eda General del [&hellip;]","og_url":"https:\/\/www.bbmnoticias.com\/labravaradiofm\/2024\/12\/05\/identifican-cuerpo-hallado-en-la-colonia-jose-lopez-portillo-en-tehuantepec\/","og_site_name":"LA BRAVA RADIO","article_published_time":"2024-12-05T18:14:09+00:00","article_modified_time":"2024-12-05T18:14:13+00:00","og_image":[{"width":750,"height":490,"url":"https:\/\/www.bbmnoticias.com\/labravaradiofm\/wp-content\/uploads\/sites\/5\/2024\/12\/cuerpo-identificado.jpg","type":"image\/jpeg"}],"author":"Staff","twitter_card":"summary_large_image","twitter_misc":{"Escrito por":"Staff","Tiempo de lectura":"1 minuto"},"schema":{"@context":"https:\/\/schema.org","@graph":[{"@type":"Article","@id":"https:\/\/www.bbmnoticias.com\/labravaradiofm\/2024\/12\/05\/identifican-cuerpo-hallado-en-la-colonia-jose-lopez-portillo-en-tehuantepec\/#article","isPartOf":{"@id":"https:\/\/www.bbmnoticias.com\/labravaradiofm\/2024\/12\/05\/identifican-cuerpo-hallado-en-la-colonia-jose-lopez-portillo-en-tehuantepec\/"},"author":{"name":"Staff","@id":"https:\/\/www.bbmnoticias.com\/labravaradiofm\/#\/schema\/person\/34b139c617a70ea5bef5678bffe4dd7b"},"headline":"Identifican cuerpo hallado en la colonia Jos\u00e9 L\u00f3pez Portillo en Tehuantepec","datePublished":"2024-12-05T18:14:09+00:00","dateModified":"2024-12-05T18:14:13+00:00","mainEntityOfPage":{"@id":"https:\/\/www.bbmnoticias.com\/labravaradiofm\/2024\/12\/05\/identifican-cuerpo-hallado-en-la-colonia-jose-lopez-portillo-en-tehuantepec\/"},"wordCount":136,"image":{"@id":"https:\/\/www.bbmnoticias.com\/labravaradiofm\/2024\/12\/05\/identifican-cuerpo-hallado-en-la-colonia-jose-lopez-portillo-en-tehuantepec\/#primaryimage"},"thumbnailUrl":"https:\/\/www.bbmnoticias.com\/labravaradiofm\/wp-content\/uploads\/sites\/5\/2024\/12\/cuerpo-identificado.jpg","articleSection":["DESTACADO","POLICIACA"],"inLanguage":"es"},{"@type":"WebPage","@id":"https:\/\/www.bbmnoticias.com\/labravaradiofm\/2024\/12\/05\/identifican-cuerpo-hallado-en-la-colonia-jose-lopez-portillo-en-tehuantepec\/","url":"https:\/\/www.bbmnoticias.com\/labravaradiofm\/2024\/12\/05\/identifican-cuerpo-hallado-en-la-colonia-jose-lopez-portillo-en-tehuantepec\/","name":"Identifican cuerpo hallado en la colonia Jos\u00e9 L\u00f3pez Portillo en Tehuantepec - LA BRAVA RADIO","isPartOf":{"@id":"https:\/\/www.bbmnoticias.com\/labravaradiofm\/#website"},"primaryImageOfPage":{"@id":"https:\/\/www.bbmnoticias.com\/labravaradiofm\/2024\/12\/05\/identifican-cuerpo-hallado-en-la-colonia-jose-lopez-portillo-en-tehuantepec\/#primaryimage"},"image":{"@id":"https:\/\/www.bbmnoticias.com\/labravaradiofm\/2024\/12\/05\/identifican-cuerpo-hallado-en-la-colonia-jose-lopez-portillo-en-tehuantepec\/#primaryimage"},"thumbnailUrl":"https:\/\/www.bbmnoticias.com\/labravaradiofm\/wp-content\/uploads\/sites\/5\/2024\/12\/cuerpo-identificado.jpg","datePublished":"2024-12-05T18:14:09+00:00","dateModified":"2024-12-05T18:14:13+00:00","author":{"@id":"https:\/\/www.bbmnoticias.com\/labravaradiofm\/#\/schema\/person\/34b139c617a70ea5bef5678bffe4dd7b"},"breadcrumb":{"@id":"https:\/\/www.bbmnoticias.com\/labravaradiofm\/2024\/12\/05\/identifican-cuerpo-hallado-en-la-colonia-jose-lopez-portillo-en-tehuantepec\/#breadcrumb"},"inLanguage":"es","potentialAction":[{"@type":"ReadAction","target":["https:\/\/www.bbmnoticias.com\/labravaradiofm\/2024\/12\/05\/identifican-cuerpo-hallado-en-la-colonia-jose-lopez-portillo-en-tehuantepec\/"]}]},{"@type":"ImageObject","inLanguage":"es","@id":"https:\/\/www.bbmnoticias.com\/labravaradiofm\/2024\/12\/05\/identifican-cuerpo-hallado-en-la-colonia-jose-lopez-portillo-en-tehuantepec\/#primaryimage","url":"https:\/\/www.bbmnoticias.com\/labravaradiofm\/wp-content\/uploads\/sites\/5\/2024\/12\/cuerpo-identificado.jpg","contentUrl":"https:\/\/www.bbmnoticias.com\/labravaradiofm\/wp-content\/uploads\/sites\/5\/2024\/12\/cuerpo-identificado.jpg","width":750,"height":490},{"@type":"BreadcrumbList","@id":"https:\/\/www.bbmnoticias.com\/labravaradiofm\/2024\/12\/05\/identifican-cuerpo-hallado-en-la-colonia-jose-lopez-portillo-en-tehuantepec\/#breadcrumb","itemListElement":[{"@type":"ListItem","position":1,"name":"Inicio","item":"https:\/\/www.bbmnoticias.com\/labravaradiofm\/"},{"@type":"ListItem","position":2,"name":"Identifican cuerpo hallado en la colonia Jos\u00e9 L\u00f3pez Portillo en Tehuantepec"}]},{"@type":"WebSite","@id":"https:\/\/www.bbmnoticias.com\/labravaradiofm\/#website","url":"https:\/\/www.bbmnoticias.com\/labravaradiofm\/","name":"LA BRAVA RADIO","description":"Empresa productora de medios, Radiodifusi\u00f3n, Noticias, tendencias y todo lo que necesitas saber de la pol\u00edtica mexicana e internacional; entretenimiento, espect\u00e1culos, salud y mucho m\u00e1s.","potentialAction":[{"@type":"SearchAction","target":{"@type":"EntryPoint","urlTemplate":"https:\/\/www.bbmnoticias.com\/labravaradiofm\/?s={search_term_string}"},"query-input":{"@type":"PropertyValueSpecification","valueRequired":true,"valueName":"search_term_string"}}],"inLanguage":"es"},{"@type":"Person","@id":"https:\/\/www.bbmnoticias.com\/labravaradiofm\/#\/schema\/person\/34b139c617a70ea5bef5678bffe4dd7b","name":"Staff","image":{"@type":"ImageObject","inLanguage":"es","@id":"https:\/\/secure.gravatar.com\/avatar\/fdd21ad66fd8b98c407f9dee5b5e588cfe7f0d8579ec20fa6527cd59bab7f0f0?s=96&d=mm&r=g","url":"https:\/\/secure.gravatar.com\/avatar\/fdd21ad66fd8b98c407f9dee5b5e588cfe7f0d8579ec20fa6527cd59bab7f0f0?s=96&d=mm&r=g","contentUrl":"https:\/\/secure.gravatar.com\/avatar\/fdd21ad66fd8b98c407f9dee5b5e588cfe7f0d8579ec20fa6527cd59bab7f0f0?s=96&d=mm&r=g","caption":"Staff"},"url":"https:\/\/www.bbmnoticias.com\/labravaradiofm\/author\/redaccion\/"}]}},"_links":{"self":[{"href":"https:\/\/www.bbmnoticias.com\/labravaradiofm\/wp-json\/wp\/v2\/posts\/51113","targetHints":{"allow":["GET"]}}],"collection":[{"href":"https:\/\/www.bbmnoticias.com\/labravaradiofm\/wp-json\/wp\/v2\/posts"}],"about":[{"href":"https:\/\/www.bbmnoticias.com\/labravaradiofm\/wp-json\/wp\/v2\/types\/post"}],"author":[{"embeddable":true,"href":"https:\/\/www.bbmnoticias.com\/labravaradiofm\/wp-json\/wp\/v2\/users\/2"}],"replies":[{"embeddable":true,"href":"https:\/\/www.bbmnoticias.com\/labravaradiofm\/wp-json\/wp\/v2\/comments?post=51113"}],"version-history":[{"count":0,"href":"https:\/\/www.bbmnoticias.com\/labravaradiofm\/wp-json\/wp\/v2\/posts\/51113\/revisions"}],"wp:featuredmedia":[{"embeddable":true,"href":"https:\/\/www.bbmnoticias.com\/labravaradiofm\/wp-json\/wp\/v2\/media\/51123"}],"wp:attachment":[{"href":"https:\/\/www.bbmnoticias.com\/labravaradiofm\/wp-json\/wp\/v2\/media?parent=51113"}],"wp:term":[{"taxonomy":"category","embeddable":true,"href":"https:\/\/www.bbmnoticias.com\/labravaradiofm\/wp-json\/wp\/v2\/categories?post=51113"},{"taxonomy":"post_tag","embeddable":true,"href":"https:\/\/www.bbmnoticias.com\/labravaradiofm\/wp-json\/wp\/v2\/tags?post=51113"}],"curies":[{"name":"wp","href":"https:\/\/api.w.org\/{rel}","templated":true}]}}