{"id":51098,"date":"2024-12-05T08:30:36","date_gmt":"2024-12-05T14:30:36","guid":{"rendered":"https:\/\/www.bbmnoticias.com\/labravaradiofm\/?p=51098"},"modified":"2024-12-05T08:30:40","modified_gmt":"2024-12-05T14:30:40","slug":"video-momento-de-la-balacera-en-restaurante-de-plaza-miyana-polanco-clientes-huyen-aterrorizados","status":"publish","type":"post","link":"https:\/\/www.bbmnoticias.com\/labravaradiofm\/2024\/12\/05\/video-momento-de-la-balacera-en-restaurante-de-plaza-miyana-polanco-clientes-huyen-aterrorizados\/","title":{"rendered":"VIDEO: Momento de la balacera en restaurante de Plaza Miyana, Polanco; clientes huyen aterrorizados"},"content":{"rendered":"<div style=\"margin-top: 0px; margin-bottom: 0px;\" class=\"sharethis-inline-share-buttons\" ><\/div>\n<p>Este mi\u00e9rcoles 4 de diciembre ejecutaron a un hombre dentro del <strong>restaurante \u201cEl Baj\u00edo\u201d <\/strong>en la<strong> plaza comercial Miyana<\/strong> en Polanco.<\/p>\n\n\n\n<p>De acuerdo con reportes de las autoridades, sujetos armados ingresaron al establecimiento disparando en <strong>seis ocasiones <\/strong>contra uno de los comensales, dejando a otro gravemente herido.<\/p>\n\n\n\n<p>El hombre asesinado fue identificado como <strong>Jes\u00fas \u201cChucho\u201d P\u00e9rez Alvear,<\/strong> promotor musical quien de acuerdo al Departamento del Tesoro de Estados Unidos, operaba para el <strong>C\u00e1rtel Jalisco Nueva Generaci\u00f3n<\/strong> (CJNG).<\/p>\n\n\n\n<p>Seg\u00fan informaci\u00f3n del FBI, P\u00e9rez Alvear ten\u00eda nexos con el <strong>C\u00e1rtel de Jalisco Nueva Generaci\u00f3n<\/strong> desde el 2018, tambi\u00e9n lleg\u00f3 a trabajar con Juli\u00f3n \u00c1lvarez y Gerardo Ort\u00edz.<\/p>\n\n\n\n<figure class=\"wp-block-embed is-type-rich is-provider-twitter wp-block-embed-twitter\"><div class=\"wp-block-embed__wrapper\">\n<blockquote class=\"twitter-tweet\" data-width=\"550\" data-dnt=\"true\"><p lang=\"es\" dir=\"ltr\">Ent\u00e9rate ||\u2b55 Balacera en plaza Miyana <a href=\"https:\/\/twitter.com\/hashtag\/Polanco?src=hash&amp;ref_src=twsrc%5Etfw\">#Polanco<\/a> <br><br>El acto ocurri\u00f3 en el  Restaurante Baj\u00edo, al interior del centro comercial, <br>testigos declararon que se escucharon alrededor de 8 disparos<br>La v\u00edctima fue identificada como:Jes\u00fas Perez Alvear ex manager del cantante Gerardo <a href=\"https:\/\/t.co\/J7Xs96kHRL\">pic.twitter.com\/J7Xs96kHRL<\/a><\/p>&mdash; informante EdoMex (@elinfo_edomex) <a href=\"https:\/\/twitter.com\/elinfo_edomex\/status\/1864538248556564494?ref_src=twsrc%5Etfw\">December 5, 2024<\/a><\/blockquote><script async src=\"https:\/\/platform.twitter.com\/widgets.js\" charset=\"utf-8\"><\/script>\n<\/div><\/figure>\n\n\n\n<p>La Oficina de Control de Activos Extranjeros (OFAC) del <strong>Departamento del Tesoro de los Estados Unidos,<\/strong> design\u00f3 a P\u00e9rez Alvear como un narcotraficante especialmente designado (SDNT) por su papel en la facilitaci\u00f3n del <strong>lavado de dinero<\/strong> y una<strong> red de prostituci\u00f3n<\/strong><\/p>\n\n\n\n<p>En redes sociales se difundi\u00f3 un video del momento en el que al parecer arriban al restaurante los probables responsables de la balacera y huyen del lugar.<\/p>\n\n\n\n<p>En el material de aproximadamente <strong>50 segundos<\/strong> se puede ver como los meseros realizaban sus actividades habituales.<\/p>\n\n\n\n<p>En el segundo tres del material, se observa que dos sujetos llegan al restaurante e intercambian palabras con una mesera, para despu\u00e9s ingresar al lugar, sin embargo, la c\u00e1mara no alcanza a captar hacia d\u00f3nde se dirigen.<\/p>\n\n\n\n<p>En el segundo 30 aproximadamente, mientras la mesera los observa, se da cuenta que algo pasa y al momento que se dirige hacia el lugar comienzan a disparar.<\/p>\n\n\n\n<p>Esto ocasion\u00f3 que tanto los clientes como los trabajadores del lugar salieran corriendo a protegerse debajo de las mesas, al igual que salieran del lugar por el peligro de los balazos y el estruendo de los mismos.<\/p>\n\n\n\n<p>Asimismo, se alcanza a ver que los dos sujetos que ingresaron con cascos de motocicleta en mano huyen del lugar.<\/p>\n\n\n\n<figure class=\"wp-block-embed is-type-rich is-provider-twitter wp-block-embed-twitter\"><div class=\"wp-block-embed__wrapper\">\n<blockquote class=\"twitter-tweet\" data-width=\"550\" data-dnt=\"true\"><p lang=\"es\" dir=\"ltr\">EN 50 SEGUNDOS, el ASESINATO en MIYANA de POLANCO<br>As\u00ed llegaron los sicarios.<br>Dijeron ser repartidores.<br>Se quitaron los cascos, entraron y cometieron el crimen.<br>La gente corri\u00f3, se ocult\u00f3, se tir\u00f3\u2026<br>Y ellos, huyeron en medio del p\u00e1nico.<a href=\"https:\/\/twitter.com\/SSC_CDMX?ref_src=twsrc%5Etfw\">@SSC_CDMX<\/a> y <a href=\"https:\/\/twitter.com\/FiscaliaCDMX?ref_src=twsrc%5Etfw\">@FiscaliaCDMX<\/a> los buscan. <a href=\"https:\/\/t.co\/9BuEYDCViJ\">pic.twitter.com\/9BuEYDCViJ<\/a><\/p>&mdash; Carlos Jim\u00e9nez (@c4jimenez) <a href=\"https:\/\/twitter.com\/c4jimenez\/status\/1864521736668029260?ref_src=twsrc%5Etfw\">December 5, 2024<\/a><\/blockquote><script async src=\"https:\/\/platform.twitter.com\/widgets.js\" charset=\"utf-8\"><\/script>\n<\/div><\/figure>\n\n\n\n<figure class=\"wp-block-embed is-type-rich is-provider-twitter wp-block-embed-twitter\"><div class=\"wp-block-embed__wrapper\">\n<blockquote class=\"twitter-tweet\" data-width=\"550\" data-dnt=\"true\"><p lang=\"es\" dir=\"ltr\">\u26a0\ufe0fLa tarde de este jueves 20 de abril se registr\u00f3\u00a0una intensa movilizaci\u00f3n policiaca en la Ciudad de M\u00e9xico, espec\u00edficamente en la\u00a0alcald\u00eda Miguel Hidalgo. De acuerdo con los primeros reportes, se registr\u00f3 una intensa balacera\u00a0en Starbucks de Plaza Carso,\u00a0en la\u00a0zona de Polanco,\u2026 <a href=\"https:\/\/t.co\/L59aNje6Z9\">pic.twitter.com\/L59aNje6Z9<\/a><\/p>&mdash; Alicia Salgado (@AliciaSalgadoMX) <a href=\"https:\/\/twitter.com\/AliciaSalgadoMX\/status\/1649169482646945793?ref_src=twsrc%5Etfw\">April 20, 2023<\/a><\/blockquote><script async src=\"https:\/\/platform.twitter.com\/widgets.js\" charset=\"utf-8\"><\/script>\n<\/div><\/figure>\n\n\n\n<p>Con informaci\u00f3n de El Universal<\/p>\n","protected":false},"excerpt":{"rendered":"<p>Este mi\u00e9rcoles 4 de diciembre ejecutaron a un hombre dentro del restaurante \u201cEl Baj\u00edo\u201d en la plaza comercial Miyana en Polanco. De acuerdo con reportes de las autoridades, sujetos armados ingresaron al establecimiento disparando en seis ocasiones contra uno de los comensales, dejando a otro gravemente herido. El hombre asesinado fue identificado como Jes\u00fas \u201cChucho\u201d [&hellip;]<\/p>\n","protected":false},"author":4,"featured_media":51099,"comment_status":"closed","ping_status":"closed","sticky":false,"template":"","format":"standard","meta":{"footnotes":""},"categories":[1025,19],"tags":[],"class_list":{"0":"post-51098","1":"post","2":"type-post","3":"status-publish","4":"format-standard","5":"has-post-thumbnail","7":"category-destacado","8":"category-nacional"},"yoast_head":"<!-- This site is optimized with the Yoast SEO plugin v27.4 - https:\/\/yoast.com\/product\/yoast-seo-wordpress\/ -->\n<title>VIDEO: Momento de la balacera en restaurante de Plaza Miyana, Polanco; clientes huyen aterrorizados - LA BRAVA RADIO<\/title>\n<meta name=\"robots\" content=\"index, follow, max-snippet:-1, max-image-preview:large, max-video-preview:-1\" \/>\n<link rel=\"canonical\" href=\"https:\/\/www.bbmnoticias.com\/labravaradiofm\/2024\/12\/05\/video-momento-de-la-balacera-en-restaurante-de-plaza-miyana-polanco-clientes-huyen-aterrorizados\/\" \/>\n<meta property=\"og:locale\" content=\"es_MX\" \/>\n<meta property=\"og:type\" content=\"article\" \/>\n<meta property=\"og:title\" content=\"VIDEO: Momento de la balacera en restaurante de Plaza Miyana, Polanco; clientes huyen aterrorizados - LA BRAVA RADIO\" \/>\n<meta property=\"og:description\" content=\"Este mi\u00e9rcoles 4 de diciembre ejecutaron a un hombre dentro del restaurante \u201cEl Baj\u00edo\u201d en la plaza comercial Miyana en Polanco. De acuerdo con reportes de las autoridades, sujetos armados ingresaron al establecimiento disparando en seis ocasiones contra uno de los comensales, dejando a otro gravemente herido. El hombre asesinado fue identificado como Jes\u00fas \u201cChucho\u201d [&hellip;]\" \/>\n<meta property=\"og:url\" content=\"https:\/\/www.bbmnoticias.com\/labravaradiofm\/2024\/12\/05\/video-momento-de-la-balacera-en-restaurante-de-plaza-miyana-polanco-clientes-huyen-aterrorizados\/\" \/>\n<meta property=\"og:site_name\" content=\"LA BRAVA RADIO\" \/>\n<meta property=\"article:published_time\" content=\"2024-12-05T14:30:36+00:00\" \/>\n<meta property=\"article:modified_time\" content=\"2024-12-05T14:30:40+00:00\" \/>\n<meta property=\"og:image\" content=\"https:\/\/www.bbmnoticias.com\/labravaradiofm\/wp-content\/uploads\/sites\/5\/2024\/12\/balacera-polanco.jpg\" \/>\n\t<meta property=\"og:image:width\" content=\"800\" \/>\n\t<meta property=\"og:image:height\" content=\"484\" \/>\n\t<meta property=\"og:image:type\" content=\"image\/jpeg\" \/>\n<meta name=\"author\" content=\"Agencias\" \/>\n<meta name=\"twitter:card\" content=\"summary_large_image\" \/>\n<meta name=\"twitter:label1\" content=\"Escrito por\" \/>\n\t<meta name=\"twitter:data1\" content=\"Agencias\" \/>\n\t<meta name=\"twitter:label2\" content=\"Tiempo de lectura\" \/>\n\t<meta name=\"twitter:data2\" content=\"2 minutos\" \/>\n<script type=\"application\/ld+json\" class=\"yoast-schema-graph\">{\"@context\":\"https:\\\/\\\/schema.org\",\"@graph\":[{\"@type\":\"Article\",\"@id\":\"https:\\\/\\\/www.bbmnoticias.com\\\/labravaradiofm\\\/2024\\\/12\\\/05\\\/video-momento-de-la-balacera-en-restaurante-de-plaza-miyana-polanco-clientes-huyen-aterrorizados\\\/#article\",\"isPartOf\":{\"@id\":\"https:\\\/\\\/www.bbmnoticias.com\\\/labravaradiofm\\\/2024\\\/12\\\/05\\\/video-momento-de-la-balacera-en-restaurante-de-plaza-miyana-polanco-clientes-huyen-aterrorizados\\\/\"},\"author\":{\"name\":\"Agencias\",\"@id\":\"https:\\\/\\\/www.bbmnoticias.com\\\/labravaradiofm\\\/#\\\/schema\\\/person\\\/857a3daf5c8142f29919023f377fbfad\"},\"headline\":\"VIDEO: Momento de la balacera en restaurante de Plaza Miyana, Polanco; clientes huyen aterrorizados\",\"datePublished\":\"2024-12-05T14:30:36+00:00\",\"dateModified\":\"2024-12-05T14:30:40+00:00\",\"mainEntityOfPage\":{\"@id\":\"https:\\\/\\\/www.bbmnoticias.com\\\/labravaradiofm\\\/2024\\\/12\\\/05\\\/video-momento-de-la-balacera-en-restaurante-de-plaza-miyana-polanco-clientes-huyen-aterrorizados\\\/\"},\"wordCount\":366,\"image\":{\"@id\":\"https:\\\/\\\/www.bbmnoticias.com\\\/labravaradiofm\\\/2024\\\/12\\\/05\\\/video-momento-de-la-balacera-en-restaurante-de-plaza-miyana-polanco-clientes-huyen-aterrorizados\\\/#primaryimage\"},\"thumbnailUrl\":\"https:\\\/\\\/www.bbmnoticias.com\\\/labravaradiofm\\\/wp-content\\\/uploads\\\/sites\\\/5\\\/2024\\\/12\\\/balacera-polanco.jpg\",\"articleSection\":[\"DESTACADO\",\"NACIONAL\"],\"inLanguage\":\"es\"},{\"@type\":\"WebPage\",\"@id\":\"https:\\\/\\\/www.bbmnoticias.com\\\/labravaradiofm\\\/2024\\\/12\\\/05\\\/video-momento-de-la-balacera-en-restaurante-de-plaza-miyana-polanco-clientes-huyen-aterrorizados\\\/\",\"url\":\"https:\\\/\\\/www.bbmnoticias.com\\\/labravaradiofm\\\/2024\\\/12\\\/05\\\/video-momento-de-la-balacera-en-restaurante-de-plaza-miyana-polanco-clientes-huyen-aterrorizados\\\/\",\"name\":\"VIDEO: Momento de la balacera en restaurante de Plaza Miyana, Polanco; clientes huyen aterrorizados - LA BRAVA RADIO\",\"isPartOf\":{\"@id\":\"https:\\\/\\\/www.bbmnoticias.com\\\/labravaradiofm\\\/#website\"},\"primaryImageOfPage\":{\"@id\":\"https:\\\/\\\/www.bbmnoticias.com\\\/labravaradiofm\\\/2024\\\/12\\\/05\\\/video-momento-de-la-balacera-en-restaurante-de-plaza-miyana-polanco-clientes-huyen-aterrorizados\\\/#primaryimage\"},\"image\":{\"@id\":\"https:\\\/\\\/www.bbmnoticias.com\\\/labravaradiofm\\\/2024\\\/12\\\/05\\\/video-momento-de-la-balacera-en-restaurante-de-plaza-miyana-polanco-clientes-huyen-aterrorizados\\\/#primaryimage\"},\"thumbnailUrl\":\"https:\\\/\\\/www.bbmnoticias.com\\\/labravaradiofm\\\/wp-content\\\/uploads\\\/sites\\\/5\\\/2024\\\/12\\\/balacera-polanco.jpg\",\"datePublished\":\"2024-12-05T14:30:36+00:00\",\"dateModified\":\"2024-12-05T14:30:40+00:00\",\"author\":{\"@id\":\"https:\\\/\\\/www.bbmnoticias.com\\\/labravaradiofm\\\/#\\\/schema\\\/person\\\/857a3daf5c8142f29919023f377fbfad\"},\"breadcrumb\":{\"@id\":\"https:\\\/\\\/www.bbmnoticias.com\\\/labravaradiofm\\\/2024\\\/12\\\/05\\\/video-momento-de-la-balacera-en-restaurante-de-plaza-miyana-polanco-clientes-huyen-aterrorizados\\\/#breadcrumb\"},\"inLanguage\":\"es\",\"potentialAction\":[{\"@type\":\"ReadAction\",\"target\":[\"https:\\\/\\\/www.bbmnoticias.com\\\/labravaradiofm\\\/2024\\\/12\\\/05\\\/video-momento-de-la-balacera-en-restaurante-de-plaza-miyana-polanco-clientes-huyen-aterrorizados\\\/\"]}]},{\"@type\":\"ImageObject\",\"inLanguage\":\"es\",\"@id\":\"https:\\\/\\\/www.bbmnoticias.com\\\/labravaradiofm\\\/2024\\\/12\\\/05\\\/video-momento-de-la-balacera-en-restaurante-de-plaza-miyana-polanco-clientes-huyen-aterrorizados\\\/#primaryimage\",\"url\":\"https:\\\/\\\/www.bbmnoticias.com\\\/labravaradiofm\\\/wp-content\\\/uploads\\\/sites\\\/5\\\/2024\\\/12\\\/balacera-polanco.jpg\",\"contentUrl\":\"https:\\\/\\\/www.bbmnoticias.com\\\/labravaradiofm\\\/wp-content\\\/uploads\\\/sites\\\/5\\\/2024\\\/12\\\/balacera-polanco.jpg\",\"width\":800,\"height\":484},{\"@type\":\"BreadcrumbList\",\"@id\":\"https:\\\/\\\/www.bbmnoticias.com\\\/labravaradiofm\\\/2024\\\/12\\\/05\\\/video-momento-de-la-balacera-en-restaurante-de-plaza-miyana-polanco-clientes-huyen-aterrorizados\\\/#breadcrumb\",\"itemListElement\":[{\"@type\":\"ListItem\",\"position\":1,\"name\":\"Inicio\",\"item\":\"https:\\\/\\\/www.bbmnoticias.com\\\/labravaradiofm\\\/\"},{\"@type\":\"ListItem\",\"position\":2,\"name\":\"VIDEO: Momento de la balacera en restaurante de Plaza Miyana, Polanco; clientes huyen aterrorizados\"}]},{\"@type\":\"WebSite\",\"@id\":\"https:\\\/\\\/www.bbmnoticias.com\\\/labravaradiofm\\\/#website\",\"url\":\"https:\\\/\\\/www.bbmnoticias.com\\\/labravaradiofm\\\/\",\"name\":\"LA BRAVA RADIO\",\"description\":\"Empresa productora de medios, Radiodifusi\u00f3n, Noticias, tendencias y todo lo que necesitas saber de la pol\u00edtica mexicana e internacional; entretenimiento, espect\u00e1culos, salud y mucho m\u00e1s.\",\"potentialAction\":[{\"@type\":\"SearchAction\",\"target\":{\"@type\":\"EntryPoint\",\"urlTemplate\":\"https:\\\/\\\/www.bbmnoticias.com\\\/labravaradiofm\\\/?s={search_term_string}\"},\"query-input\":{\"@type\":\"PropertyValueSpecification\",\"valueRequired\":true,\"valueName\":\"search_term_string\"}}],\"inLanguage\":\"es\"},{\"@type\":\"Person\",\"@id\":\"https:\\\/\\\/www.bbmnoticias.com\\\/labravaradiofm\\\/#\\\/schema\\\/person\\\/857a3daf5c8142f29919023f377fbfad\",\"name\":\"Agencias\",\"image\":{\"@type\":\"ImageObject\",\"inLanguage\":\"es\",\"@id\":\"https:\\\/\\\/secure.gravatar.com\\\/avatar\\\/739e0b61adf9e398b425c36718c8752286da0e8cd90f20ce9a86678abc26aa0d?s=96&d=mm&r=g\",\"url\":\"https:\\\/\\\/secure.gravatar.com\\\/avatar\\\/739e0b61adf9e398b425c36718c8752286da0e8cd90f20ce9a86678abc26aa0d?s=96&d=mm&r=g\",\"contentUrl\":\"https:\\\/\\\/secure.gravatar.com\\\/avatar\\\/739e0b61adf9e398b425c36718c8752286da0e8cd90f20ce9a86678abc26aa0d?s=96&d=mm&r=g\",\"caption\":\"Agencias\"},\"url\":\"https:\\\/\\\/www.bbmnoticias.com\\\/labravaradiofm\\\/author\\\/agencias\\\/\"}]}<\/script>\n<!-- \/ Yoast SEO plugin. -->","yoast_head_json":{"title":"VIDEO: Momento de la balacera en restaurante de Plaza Miyana, Polanco; clientes huyen aterrorizados - LA BRAVA RADIO","robots":{"index":"index","follow":"follow","max-snippet":"max-snippet:-1","max-image-preview":"max-image-preview:large","max-video-preview":"max-video-preview:-1"},"canonical":"https:\/\/www.bbmnoticias.com\/labravaradiofm\/2024\/12\/05\/video-momento-de-la-balacera-en-restaurante-de-plaza-miyana-polanco-clientes-huyen-aterrorizados\/","og_locale":"es_MX","og_type":"article","og_title":"VIDEO: Momento de la balacera en restaurante de Plaza Miyana, Polanco; clientes huyen aterrorizados - LA BRAVA RADIO","og_description":"Este mi\u00e9rcoles 4 de diciembre ejecutaron a un hombre dentro del restaurante \u201cEl Baj\u00edo\u201d en la plaza comercial Miyana en Polanco. De acuerdo con reportes de las autoridades, sujetos armados ingresaron al establecimiento disparando en seis ocasiones contra uno de los comensales, dejando a otro gravemente herido. El hombre asesinado fue identificado como Jes\u00fas \u201cChucho\u201d [&hellip;]","og_url":"https:\/\/www.bbmnoticias.com\/labravaradiofm\/2024\/12\/05\/video-momento-de-la-balacera-en-restaurante-de-plaza-miyana-polanco-clientes-huyen-aterrorizados\/","og_site_name":"LA BRAVA RADIO","article_published_time":"2024-12-05T14:30:36+00:00","article_modified_time":"2024-12-05T14:30:40+00:00","og_image":[{"width":800,"height":484,"url":"https:\/\/www.bbmnoticias.com\/labravaradiofm\/wp-content\/uploads\/sites\/5\/2024\/12\/balacera-polanco.jpg","type":"image\/jpeg"}],"author":"Agencias","twitter_card":"summary_large_image","twitter_misc":{"Escrito por":"Agencias","Tiempo de lectura":"2 minutos"},"schema":{"@context":"https:\/\/schema.org","@graph":[{"@type":"Article","@id":"https:\/\/www.bbmnoticias.com\/labravaradiofm\/2024\/12\/05\/video-momento-de-la-balacera-en-restaurante-de-plaza-miyana-polanco-clientes-huyen-aterrorizados\/#article","isPartOf":{"@id":"https:\/\/www.bbmnoticias.com\/labravaradiofm\/2024\/12\/05\/video-momento-de-la-balacera-en-restaurante-de-plaza-miyana-polanco-clientes-huyen-aterrorizados\/"},"author":{"name":"Agencias","@id":"https:\/\/www.bbmnoticias.com\/labravaradiofm\/#\/schema\/person\/857a3daf5c8142f29919023f377fbfad"},"headline":"VIDEO: Momento de la balacera en restaurante de Plaza Miyana, Polanco; clientes huyen aterrorizados","datePublished":"2024-12-05T14:30:36+00:00","dateModified":"2024-12-05T14:30:40+00:00","mainEntityOfPage":{"@id":"https:\/\/www.bbmnoticias.com\/labravaradiofm\/2024\/12\/05\/video-momento-de-la-balacera-en-restaurante-de-plaza-miyana-polanco-clientes-huyen-aterrorizados\/"},"wordCount":366,"image":{"@id":"https:\/\/www.bbmnoticias.com\/labravaradiofm\/2024\/12\/05\/video-momento-de-la-balacera-en-restaurante-de-plaza-miyana-polanco-clientes-huyen-aterrorizados\/#primaryimage"},"thumbnailUrl":"https:\/\/www.bbmnoticias.com\/labravaradiofm\/wp-content\/uploads\/sites\/5\/2024\/12\/balacera-polanco.jpg","articleSection":["DESTACADO","NACIONAL"],"inLanguage":"es"},{"@type":"WebPage","@id":"https:\/\/www.bbmnoticias.com\/labravaradiofm\/2024\/12\/05\/video-momento-de-la-balacera-en-restaurante-de-plaza-miyana-polanco-clientes-huyen-aterrorizados\/","url":"https:\/\/www.bbmnoticias.com\/labravaradiofm\/2024\/12\/05\/video-momento-de-la-balacera-en-restaurante-de-plaza-miyana-polanco-clientes-huyen-aterrorizados\/","name":"VIDEO: Momento de la balacera en restaurante de Plaza Miyana, Polanco; clientes huyen aterrorizados - LA BRAVA RADIO","isPartOf":{"@id":"https:\/\/www.bbmnoticias.com\/labravaradiofm\/#website"},"primaryImageOfPage":{"@id":"https:\/\/www.bbmnoticias.com\/labravaradiofm\/2024\/12\/05\/video-momento-de-la-balacera-en-restaurante-de-plaza-miyana-polanco-clientes-huyen-aterrorizados\/#primaryimage"},"image":{"@id":"https:\/\/www.bbmnoticias.com\/labravaradiofm\/2024\/12\/05\/video-momento-de-la-balacera-en-restaurante-de-plaza-miyana-polanco-clientes-huyen-aterrorizados\/#primaryimage"},"thumbnailUrl":"https:\/\/www.bbmnoticias.com\/labravaradiofm\/wp-content\/uploads\/sites\/5\/2024\/12\/balacera-polanco.jpg","datePublished":"2024-12-05T14:30:36+00:00","dateModified":"2024-12-05T14:30:40+00:00","author":{"@id":"https:\/\/www.bbmnoticias.com\/labravaradiofm\/#\/schema\/person\/857a3daf5c8142f29919023f377fbfad"},"breadcrumb":{"@id":"https:\/\/www.bbmnoticias.com\/labravaradiofm\/2024\/12\/05\/video-momento-de-la-balacera-en-restaurante-de-plaza-miyana-polanco-clientes-huyen-aterrorizados\/#breadcrumb"},"inLanguage":"es","potentialAction":[{"@type":"ReadAction","target":["https:\/\/www.bbmnoticias.com\/labravaradiofm\/2024\/12\/05\/video-momento-de-la-balacera-en-restaurante-de-plaza-miyana-polanco-clientes-huyen-aterrorizados\/"]}]},{"@type":"ImageObject","inLanguage":"es","@id":"https:\/\/www.bbmnoticias.com\/labravaradiofm\/2024\/12\/05\/video-momento-de-la-balacera-en-restaurante-de-plaza-miyana-polanco-clientes-huyen-aterrorizados\/#primaryimage","url":"https:\/\/www.bbmnoticias.com\/labravaradiofm\/wp-content\/uploads\/sites\/5\/2024\/12\/balacera-polanco.jpg","contentUrl":"https:\/\/www.bbmnoticias.com\/labravaradiofm\/wp-content\/uploads\/sites\/5\/2024\/12\/balacera-polanco.jpg","width":800,"height":484},{"@type":"BreadcrumbList","@id":"https:\/\/www.bbmnoticias.com\/labravaradiofm\/2024\/12\/05\/video-momento-de-la-balacera-en-restaurante-de-plaza-miyana-polanco-clientes-huyen-aterrorizados\/#breadcrumb","itemListElement":[{"@type":"ListItem","position":1,"name":"Inicio","item":"https:\/\/www.bbmnoticias.com\/labravaradiofm\/"},{"@type":"ListItem","position":2,"name":"VIDEO: Momento de la balacera en restaurante de Plaza Miyana, Polanco; clientes huyen aterrorizados"}]},{"@type":"WebSite","@id":"https:\/\/www.bbmnoticias.com\/labravaradiofm\/#website","url":"https:\/\/www.bbmnoticias.com\/labravaradiofm\/","name":"LA BRAVA RADIO","description":"Empresa productora de medios, Radiodifusi\u00f3n, Noticias, tendencias y todo lo que necesitas saber de la pol\u00edtica mexicana e internacional; entretenimiento, espect\u00e1culos, salud y mucho m\u00e1s.","potentialAction":[{"@type":"SearchAction","target":{"@type":"EntryPoint","urlTemplate":"https:\/\/www.bbmnoticias.com\/labravaradiofm\/?s={search_term_string}"},"query-input":{"@type":"PropertyValueSpecification","valueRequired":true,"valueName":"search_term_string"}}],"inLanguage":"es"},{"@type":"Person","@id":"https:\/\/www.bbmnoticias.com\/labravaradiofm\/#\/schema\/person\/857a3daf5c8142f29919023f377fbfad","name":"Agencias","image":{"@type":"ImageObject","inLanguage":"es","@id":"https:\/\/secure.gravatar.com\/avatar\/739e0b61adf9e398b425c36718c8752286da0e8cd90f20ce9a86678abc26aa0d?s=96&d=mm&r=g","url":"https:\/\/secure.gravatar.com\/avatar\/739e0b61adf9e398b425c36718c8752286da0e8cd90f20ce9a86678abc26aa0d?s=96&d=mm&r=g","contentUrl":"https:\/\/secure.gravatar.com\/avatar\/739e0b61adf9e398b425c36718c8752286da0e8cd90f20ce9a86678abc26aa0d?s=96&d=mm&r=g","caption":"Agencias"},"url":"https:\/\/www.bbmnoticias.com\/labravaradiofm\/author\/agencias\/"}]}},"_links":{"self":[{"href":"https:\/\/www.bbmnoticias.com\/labravaradiofm\/wp-json\/wp\/v2\/posts\/51098","targetHints":{"allow":["GET"]}}],"collection":[{"href":"https:\/\/www.bbmnoticias.com\/labravaradiofm\/wp-json\/wp\/v2\/posts"}],"about":[{"href":"https:\/\/www.bbmnoticias.com\/labravaradiofm\/wp-json\/wp\/v2\/types\/post"}],"author":[{"embeddable":true,"href":"https:\/\/www.bbmnoticias.com\/labravaradiofm\/wp-json\/wp\/v2\/users\/4"}],"replies":[{"embeddable":true,"href":"https:\/\/www.bbmnoticias.com\/labravaradiofm\/wp-json\/wp\/v2\/comments?post=51098"}],"version-history":[{"count":0,"href":"https:\/\/www.bbmnoticias.com\/labravaradiofm\/wp-json\/wp\/v2\/posts\/51098\/revisions"}],"wp:featuredmedia":[{"embeddable":true,"href":"https:\/\/www.bbmnoticias.com\/labravaradiofm\/wp-json\/wp\/v2\/media\/51099"}],"wp:attachment":[{"href":"https:\/\/www.bbmnoticias.com\/labravaradiofm\/wp-json\/wp\/v2\/media?parent=51098"}],"wp:term":[{"taxonomy":"category","embeddable":true,"href":"https:\/\/www.bbmnoticias.com\/labravaradiofm\/wp-json\/wp\/v2\/categories?post=51098"},{"taxonomy":"post_tag","embeddable":true,"href":"https:\/\/www.bbmnoticias.com\/labravaradiofm\/wp-json\/wp\/v2\/tags?post=51098"}],"curies":[{"name":"wp","href":"https:\/\/api.w.org\/{rel}","templated":true}]}}