{"id":51089,"date":"2024-12-05T04:33:00","date_gmt":"2024-12-05T10:33:00","guid":{"rendered":"https:\/\/www.bbmnoticias.com\/labravaradiofm\/?p=51089"},"modified":"2024-12-04T20:10:11","modified_gmt":"2024-12-05T02:10:11","slug":"gabinete-eficiente-claudia-sheinbaum-primera-visita-el-filosofo-enchilamesta-pedro-botero","status":"publish","type":"post","link":"https:\/\/www.bbmnoticias.com\/labravaradiofm\/2024\/12\/05\/gabinete-eficiente-claudia-sheinbaum-primera-visita-el-filosofo-enchilamesta-pedro-botero\/","title":{"rendered":"Gabinete eficiente *Claudia Sheinbaum, primera visita *El filosofo\u00a0 \u201cEnch\u00edlamesta\u201d\u00a0&#8211; Pedro Botero"},"content":{"rendered":"<div style=\"margin-top: 0px; margin-bottom: 0px;\" class=\"sharethis-inline-share-buttons\" ><\/div>\n<p>Dice el sabio refr\u00e1n popular: <strong>\u201cSeg\u00fan el sapo es la pedrada\u201d.<\/strong> Lo que significa que seg\u00fan sea la obra que se requiere realizar y los frutos que se quieren obtener as\u00ed deben ser los medios que se pongan en lo que hace.&nbsp;&nbsp;<\/p>\n\n\n\n<p>Luego entonces, la raz\u00f3n de tener a los y las mejores en un gabinete eficiente es contar con los <strong>perfiles<\/strong> con la experiencia, capacidad, solvencia moral, lealtad e institucionalidad. Lo que se traduce en <strong>grandes logros.<\/strong>&nbsp;&nbsp;<\/p>\n\n\n\n<p>En nuestro M\u00e9xico querido, Oaxaca no es la excepci\u00f3n, al inicio de un sexenio, <strong>lejos de tomar en cuenta<\/strong> los perfiles arriba mencionados, gobernadores y presidentes, dan respuesta al <strong>pago de cuotas y cuates<\/strong> de los cuales, unos <strong>pocos<\/strong> cumplen con eficiencia su responsabilidad<strong>. Los logros se retrasan.<\/strong>&nbsp;&nbsp;<\/p>\n\n\n\n<p>El inicio del tercer a\u00f1o y mitad de su sexenio del gobernador Salom\u00f3n Jara, tendr\u00e1 que <strong>echar mano de los mejores<\/strong> perfiles, la experiencia especifica con la que deben contar para desempe\u00f1ar con eficiencia el cargo que les fue confiado. Bueno, <strong>si es que quiere pasar a la historia<\/strong> con un buen gobernante.&nbsp;&nbsp;<\/p>\n\n\n\n<p>Oaxaca, es un estado tan complejo y enredado que termina complic\u00e1ndose la gobernabilidad y el desarrollo de la entidad oaxaque\u00f1a.&nbsp;<\/p>\n\n\n\n<p>En la columna del mi\u00e9rcoles, hable del primer cambio en el gabinete de <strong>Salom\u00f3n Jara. Vilma Mart\u00ednez Cort\u00e9s<\/strong>, despu\u00e9s de gobernar por 6 a\u00f1os seguido el siempre complejo municipio de Tehuantepec, llega a la <strong>Secretar\u00eda de Bienestar, Tequio<\/strong> e Inclusi\u00f3n del estado. La tambi\u00e9n exdiputada, cuenta en su perfil cuando <strong>menos 6 puntos a favor:&nbsp;<\/strong>&nbsp;<\/p>\n\n\n\n<p><strong>1.- Trabajadora.<\/strong>&nbsp;<\/p>\n\n\n\n<p><strong>2.- Comprometida con su responsabilidad.&nbsp;<\/strong>&nbsp;<\/p>\n\n\n\n<p><strong>3.- Gestora eficaz y eficiente.&nbsp;<\/strong>&nbsp;<\/p>\n\n\n\n<p><strong>4.- Sensible.<\/strong>&nbsp;<\/p>\n\n\n\n<p><strong>5.- Institucional.<\/strong>&nbsp;<\/p>\n\n\n\n<p><strong>6.- Leal a su jefe.<\/strong>&nbsp;<\/p>\n\n\n\n<p>Esperamos que los siguientes nombres que se <strong>anuncien<\/strong> para integrarse, cuando menos cuenten con el perfil requerido para la responsabilidad confiada. <strong>Y, los que no sirven \u201cpa\u00b4nada\u201d\u2026 vayan a ver si ya puso la marrana\u2026 que son la mayor\u00eda.&nbsp;&nbsp;<\/strong>&nbsp;<\/p>\n\n\n\n<p>Por hoy es tocho. Recuerden, cuando el B\u00faho canta el indio muere. <strong>Pd.- Primera visita, primera!!!&#8230;<\/strong> La presidenta de la Rep\u00fablica, <strong>Claudia Sheinbaum Pardo<\/strong> visitar\u00e1 este fin de semana el estado de Oaxaca. La Doctora, estar\u00e1 en uno de los municipios m\u00e1s grandes entre Bah\u00edas de Huatulco-Tehuantepec y Salina Cruz.&nbsp;<\/p>\n\n\n\n<p>&nbsp;Causa curiosidad la distinci\u00f3n del municipio. Santiago Astata, cuenta con hermosas y extensas playas. Aunque es parte del Istmo (chontal baja), no entra dentro del Corredor Interoce\u00e1nico. Pero, si se habla de grandes inversiones: <strong>zona surf; atractivos tur\u00edsticos, producci\u00f3n de papaya, mel\u00f3n y sand\u00eda<\/strong> entre otros frutos. Por supuesto, donde pasar\u00e1 la super carretera costera (ampliaci\u00f3n de la angosta y peligrosa carretera actual) <strong>anunciada por la entonces candidata Claudia Sheinbaum.<\/strong> Esperemos se anuncie o de el banderazo de esa obra tan necesaria para los <strong>turistas que viajan del sur de Veracruz, Tabasco, Chiapas, Campeche teniendo como destino Bah\u00edas de Huatulco, Puerto Escondido<\/strong>, entre otros puntos de la costa oaxaque\u00f1a. Por cierto, actualmente en muy mal estado como la mayor\u00eda de las carreteras del pa\u00eds. &nbsp;<br>Hasta el momento se habla que dar\u00e1 a conocer algunos programas sociales.Se prev\u00e9 que esta visita se lleve a cabo a las 14:45 horas en ese municipio del Istmo de Tehuantepec, donde ser\u00e1 recibida por el gobernador Salom\u00f3n Jara Cruz.&nbsp;<\/p>\n\n\n\n<p>Y <strong>como dice el filosofo\u2026&nbsp; \u201cEnchilamesta\u201d: \u201cAmigas, pocas y buenas\u201d.&nbsp;<\/strong> No pierdan de vista a la gobernadora de Veracruz, <strong>Do\u00f1a Roc\u00edo Nhale.<\/strong> Datos: <strong>Veracruz,<\/strong> puntea en visitas de la presidenta Claudia. La Doctora y la mayor\u00eda de gobernadores estuvieron en su toma de protesta. La amistad que une a la presidenta <strong>Claudia y a la Gobernadora Roc\u00edo, se refleja y a Veracruz le ira muy bien. Por cierto, estar\u00e1 muy metida en el tema del CITT\u2026 conociendo su tenacidad, al Corredor Interoce\u00e1nico le ira de maravilla.&nbsp;<\/strong>&nbsp;<\/p>\n\n\n\n<p class=\"has-text-align-center\"><strong>Esc\u00fachanos de 06:00 a 07:00 horas y de 17:00 a 18:00 horas en el 106.5 FM Heraldo Istmo y 97.7 Fm Heraldo Oaxaca.\u00a0 En las 2 ediciones de Heraldo.\u00a0\u00a0<br>X \/ Twitter @buho_botero\u00a0<br>@bbmnoticias1\u00a0\u00a0<br>Facebook Pedro Botero y Bbmnoticias Oaxaca.\u00a0\u00a0<br><a href=\"http:\/\/www.elheraldodemexico.com\" target=\"_blank\" rel=\"noreferrer noopener\">www.elheraldodemexico.com<\/a>\u00a0\u00a0<br><a href=\"http:\/\/www.bbmnoticias.com\/labravaradiofm\" target=\"_blank\" rel=\"noreferrer noopener\">www.bbmnoticias.com\/labravaradiofm<\/a>\u00a0<br><a href=\"http:\/\/www.labravaradiofm.com\" target=\"_blank\" rel=\"noreferrer noopener\">www.labravaradiofm.com<\/a>\u00a0\u00a0<\/strong><\/p>\n","protected":false},"excerpt":{"rendered":"<p>Dice el sabio refr\u00e1n popular: \u201cSeg\u00fan el sapo es la pedrada\u201d. Lo que significa que seg\u00fan sea la obra que se requiere realizar y los frutos que se quieren obtener as\u00ed deben ser los medios que se pongan en lo que hace.&nbsp;&nbsp; Luego entonces, la raz\u00f3n de tener a los y las mejores en un [&hellip;]<\/p>\n","protected":false},"author":2,"featured_media":51090,"comment_status":"closed","ping_status":"closed","sticky":false,"template":"","format":"standard","meta":{"footnotes":""},"categories":[950,22],"tags":[],"class_list":{"0":"post-51089","1":"post","2":"type-post","3":"status-publish","4":"format-standard","5":"has-post-thumbnail","7":"category-el-canto-del-buho","8":"category-opinion"},"yoast_head":"<!-- This site is optimized with the Yoast SEO plugin v27.4 - https:\/\/yoast.com\/product\/yoast-seo-wordpress\/ -->\n<title>Gabinete eficiente *Claudia Sheinbaum, primera visita *El filosofo\u00a0 \u201cEnch\u00edlamesta\u201d\u00a0- Pedro Botero - LA BRAVA RADIO<\/title>\n<meta name=\"robots\" content=\"index, follow, max-snippet:-1, max-image-preview:large, max-video-preview:-1\" \/>\n<link rel=\"canonical\" href=\"https:\/\/www.bbmnoticias.com\/labravaradiofm\/2024\/12\/05\/gabinete-eficiente-claudia-sheinbaum-primera-visita-el-filosofo-enchilamesta-pedro-botero\/\" \/>\n<meta property=\"og:locale\" content=\"es_MX\" \/>\n<meta property=\"og:type\" content=\"article\" \/>\n<meta property=\"og:title\" content=\"Gabinete eficiente *Claudia Sheinbaum, primera visita *El filosofo\u00a0 \u201cEnch\u00edlamesta\u201d\u00a0- Pedro Botero - LA BRAVA RADIO\" \/>\n<meta property=\"og:description\" content=\"Dice el sabio refr\u00e1n popular: \u201cSeg\u00fan el sapo es la pedrada\u201d. Lo que significa que seg\u00fan sea la obra que se requiere realizar y los frutos que se quieren obtener as\u00ed deben ser los medios que se pongan en lo que hace.&nbsp;&nbsp; Luego entonces, la raz\u00f3n de tener a los y las mejores en un [&hellip;]\" \/>\n<meta property=\"og:url\" content=\"https:\/\/www.bbmnoticias.com\/labravaradiofm\/2024\/12\/05\/gabinete-eficiente-claudia-sheinbaum-primera-visita-el-filosofo-enchilamesta-pedro-botero\/\" \/>\n<meta property=\"og:site_name\" content=\"LA BRAVA RADIO\" \/>\n<meta property=\"article:published_time\" content=\"2024-12-05T10:33:00+00:00\" \/>\n<meta property=\"og:image\" content=\"https:\/\/www.bbmnoticias.com\/labravaradiofm\/wp-content\/uploads\/sites\/5\/2024\/12\/elcanto05122024.jpg\" \/>\n\t<meta property=\"og:image:width\" content=\"750\" \/>\n\t<meta property=\"og:image:height\" content=\"415\" \/>\n\t<meta property=\"og:image:type\" content=\"image\/jpeg\" \/>\n<meta name=\"author\" content=\"Staff\" \/>\n<meta name=\"twitter:card\" content=\"summary_large_image\" \/>\n<meta name=\"twitter:label1\" content=\"Escrito por\" \/>\n\t<meta name=\"twitter:data1\" content=\"Staff\" \/>\n\t<meta name=\"twitter:label2\" content=\"Tiempo de lectura\" \/>\n\t<meta name=\"twitter:data2\" content=\"4 minutos\" \/>\n<script type=\"application\/ld+json\" class=\"yoast-schema-graph\">{\"@context\":\"https:\\\/\\\/schema.org\",\"@graph\":[{\"@type\":\"Article\",\"@id\":\"https:\\\/\\\/www.bbmnoticias.com\\\/labravaradiofm\\\/2024\\\/12\\\/05\\\/gabinete-eficiente-claudia-sheinbaum-primera-visita-el-filosofo-enchilamesta-pedro-botero\\\/#article\",\"isPartOf\":{\"@id\":\"https:\\\/\\\/www.bbmnoticias.com\\\/labravaradiofm\\\/2024\\\/12\\\/05\\\/gabinete-eficiente-claudia-sheinbaum-primera-visita-el-filosofo-enchilamesta-pedro-botero\\\/\"},\"author\":{\"name\":\"Staff\",\"@id\":\"https:\\\/\\\/www.bbmnoticias.com\\\/labravaradiofm\\\/#\\\/schema\\\/person\\\/34b139c617a70ea5bef5678bffe4dd7b\"},\"headline\":\"Gabinete eficiente *Claudia Sheinbaum, primera visita *El filosofo\u00a0 \u201cEnch\u00edlamesta\u201d\u00a0&#8211; Pedro Botero\",\"datePublished\":\"2024-12-05T10:33:00+00:00\",\"mainEntityOfPage\":{\"@id\":\"https:\\\/\\\/www.bbmnoticias.com\\\/labravaradiofm\\\/2024\\\/12\\\/05\\\/gabinete-eficiente-claudia-sheinbaum-primera-visita-el-filosofo-enchilamesta-pedro-botero\\\/\"},\"wordCount\":743,\"image\":{\"@id\":\"https:\\\/\\\/www.bbmnoticias.com\\\/labravaradiofm\\\/2024\\\/12\\\/05\\\/gabinete-eficiente-claudia-sheinbaum-primera-visita-el-filosofo-enchilamesta-pedro-botero\\\/#primaryimage\"},\"thumbnailUrl\":\"https:\\\/\\\/www.bbmnoticias.com\\\/labravaradiofm\\\/wp-content\\\/uploads\\\/sites\\\/5\\\/2024\\\/12\\\/elcanto05122024.jpg\",\"articleSection\":[\"EL CANTO DEL B\u00daHO\",\"OPINI\u00d3N\"],\"inLanguage\":\"es\"},{\"@type\":\"WebPage\",\"@id\":\"https:\\\/\\\/www.bbmnoticias.com\\\/labravaradiofm\\\/2024\\\/12\\\/05\\\/gabinete-eficiente-claudia-sheinbaum-primera-visita-el-filosofo-enchilamesta-pedro-botero\\\/\",\"url\":\"https:\\\/\\\/www.bbmnoticias.com\\\/labravaradiofm\\\/2024\\\/12\\\/05\\\/gabinete-eficiente-claudia-sheinbaum-primera-visita-el-filosofo-enchilamesta-pedro-botero\\\/\",\"name\":\"Gabinete eficiente *Claudia Sheinbaum, primera visita *El filosofo\u00a0 \u201cEnch\u00edlamesta\u201d\u00a0- Pedro Botero - LA BRAVA RADIO\",\"isPartOf\":{\"@id\":\"https:\\\/\\\/www.bbmnoticias.com\\\/labravaradiofm\\\/#website\"},\"primaryImageOfPage\":{\"@id\":\"https:\\\/\\\/www.bbmnoticias.com\\\/labravaradiofm\\\/2024\\\/12\\\/05\\\/gabinete-eficiente-claudia-sheinbaum-primera-visita-el-filosofo-enchilamesta-pedro-botero\\\/#primaryimage\"},\"image\":{\"@id\":\"https:\\\/\\\/www.bbmnoticias.com\\\/labravaradiofm\\\/2024\\\/12\\\/05\\\/gabinete-eficiente-claudia-sheinbaum-primera-visita-el-filosofo-enchilamesta-pedro-botero\\\/#primaryimage\"},\"thumbnailUrl\":\"https:\\\/\\\/www.bbmnoticias.com\\\/labravaradiofm\\\/wp-content\\\/uploads\\\/sites\\\/5\\\/2024\\\/12\\\/elcanto05122024.jpg\",\"datePublished\":\"2024-12-05T10:33:00+00:00\",\"author\":{\"@id\":\"https:\\\/\\\/www.bbmnoticias.com\\\/labravaradiofm\\\/#\\\/schema\\\/person\\\/34b139c617a70ea5bef5678bffe4dd7b\"},\"breadcrumb\":{\"@id\":\"https:\\\/\\\/www.bbmnoticias.com\\\/labravaradiofm\\\/2024\\\/12\\\/05\\\/gabinete-eficiente-claudia-sheinbaum-primera-visita-el-filosofo-enchilamesta-pedro-botero\\\/#breadcrumb\"},\"inLanguage\":\"es\",\"potentialAction\":[{\"@type\":\"ReadAction\",\"target\":[\"https:\\\/\\\/www.bbmnoticias.com\\\/labravaradiofm\\\/2024\\\/12\\\/05\\\/gabinete-eficiente-claudia-sheinbaum-primera-visita-el-filosofo-enchilamesta-pedro-botero\\\/\"]}]},{\"@type\":\"ImageObject\",\"inLanguage\":\"es\",\"@id\":\"https:\\\/\\\/www.bbmnoticias.com\\\/labravaradiofm\\\/2024\\\/12\\\/05\\\/gabinete-eficiente-claudia-sheinbaum-primera-visita-el-filosofo-enchilamesta-pedro-botero\\\/#primaryimage\",\"url\":\"https:\\\/\\\/www.bbmnoticias.com\\\/labravaradiofm\\\/wp-content\\\/uploads\\\/sites\\\/5\\\/2024\\\/12\\\/elcanto05122024.jpg\",\"contentUrl\":\"https:\\\/\\\/www.bbmnoticias.com\\\/labravaradiofm\\\/wp-content\\\/uploads\\\/sites\\\/5\\\/2024\\\/12\\\/elcanto05122024.jpg\",\"width\":750,\"height\":415},{\"@type\":\"BreadcrumbList\",\"@id\":\"https:\\\/\\\/www.bbmnoticias.com\\\/labravaradiofm\\\/2024\\\/12\\\/05\\\/gabinete-eficiente-claudia-sheinbaum-primera-visita-el-filosofo-enchilamesta-pedro-botero\\\/#breadcrumb\",\"itemListElement\":[{\"@type\":\"ListItem\",\"position\":1,\"name\":\"Inicio\",\"item\":\"https:\\\/\\\/www.bbmnoticias.com\\\/labravaradiofm\\\/\"},{\"@type\":\"ListItem\",\"position\":2,\"name\":\"Gabinete eficiente *Claudia Sheinbaum, primera visita *El filosofo\u00a0 \u201cEnch\u00edlamesta\u201d\u00a0&#8211; Pedro Botero\"}]},{\"@type\":\"WebSite\",\"@id\":\"https:\\\/\\\/www.bbmnoticias.com\\\/labravaradiofm\\\/#website\",\"url\":\"https:\\\/\\\/www.bbmnoticias.com\\\/labravaradiofm\\\/\",\"name\":\"LA BRAVA RADIO\",\"description\":\"Empresa productora de medios, Radiodifusi\u00f3n, Noticias, tendencias y todo lo que necesitas saber de la pol\u00edtica mexicana e internacional; entretenimiento, espect\u00e1culos, salud y mucho m\u00e1s.\",\"potentialAction\":[{\"@type\":\"SearchAction\",\"target\":{\"@type\":\"EntryPoint\",\"urlTemplate\":\"https:\\\/\\\/www.bbmnoticias.com\\\/labravaradiofm\\\/?s={search_term_string}\"},\"query-input\":{\"@type\":\"PropertyValueSpecification\",\"valueRequired\":true,\"valueName\":\"search_term_string\"}}],\"inLanguage\":\"es\"},{\"@type\":\"Person\",\"@id\":\"https:\\\/\\\/www.bbmnoticias.com\\\/labravaradiofm\\\/#\\\/schema\\\/person\\\/34b139c617a70ea5bef5678bffe4dd7b\",\"name\":\"Staff\",\"image\":{\"@type\":\"ImageObject\",\"inLanguage\":\"es\",\"@id\":\"https:\\\/\\\/secure.gravatar.com\\\/avatar\\\/fdd21ad66fd8b98c407f9dee5b5e588cfe7f0d8579ec20fa6527cd59bab7f0f0?s=96&d=mm&r=g\",\"url\":\"https:\\\/\\\/secure.gravatar.com\\\/avatar\\\/fdd21ad66fd8b98c407f9dee5b5e588cfe7f0d8579ec20fa6527cd59bab7f0f0?s=96&d=mm&r=g\",\"contentUrl\":\"https:\\\/\\\/secure.gravatar.com\\\/avatar\\\/fdd21ad66fd8b98c407f9dee5b5e588cfe7f0d8579ec20fa6527cd59bab7f0f0?s=96&d=mm&r=g\",\"caption\":\"Staff\"},\"url\":\"https:\\\/\\\/www.bbmnoticias.com\\\/labravaradiofm\\\/author\\\/redaccion\\\/\"}]}<\/script>\n<!-- \/ Yoast SEO plugin. -->","yoast_head_json":{"title":"Gabinete eficiente *Claudia Sheinbaum, primera visita *El filosofo\u00a0 \u201cEnch\u00edlamesta\u201d\u00a0- Pedro Botero - LA BRAVA RADIO","robots":{"index":"index","follow":"follow","max-snippet":"max-snippet:-1","max-image-preview":"max-image-preview:large","max-video-preview":"max-video-preview:-1"},"canonical":"https:\/\/www.bbmnoticias.com\/labravaradiofm\/2024\/12\/05\/gabinete-eficiente-claudia-sheinbaum-primera-visita-el-filosofo-enchilamesta-pedro-botero\/","og_locale":"es_MX","og_type":"article","og_title":"Gabinete eficiente *Claudia Sheinbaum, primera visita *El filosofo\u00a0 \u201cEnch\u00edlamesta\u201d\u00a0- Pedro Botero - LA BRAVA RADIO","og_description":"Dice el sabio refr\u00e1n popular: \u201cSeg\u00fan el sapo es la pedrada\u201d. Lo que significa que seg\u00fan sea la obra que se requiere realizar y los frutos que se quieren obtener as\u00ed deben ser los medios que se pongan en lo que hace.&nbsp;&nbsp; Luego entonces, la raz\u00f3n de tener a los y las mejores en un [&hellip;]","og_url":"https:\/\/www.bbmnoticias.com\/labravaradiofm\/2024\/12\/05\/gabinete-eficiente-claudia-sheinbaum-primera-visita-el-filosofo-enchilamesta-pedro-botero\/","og_site_name":"LA BRAVA RADIO","article_published_time":"2024-12-05T10:33:00+00:00","og_image":[{"width":750,"height":415,"url":"https:\/\/www.bbmnoticias.com\/labravaradiofm\/wp-content\/uploads\/sites\/5\/2024\/12\/elcanto05122024.jpg","type":"image\/jpeg"}],"author":"Staff","twitter_card":"summary_large_image","twitter_misc":{"Escrito por":"Staff","Tiempo de lectura":"4 minutos"},"schema":{"@context":"https:\/\/schema.org","@graph":[{"@type":"Article","@id":"https:\/\/www.bbmnoticias.com\/labravaradiofm\/2024\/12\/05\/gabinete-eficiente-claudia-sheinbaum-primera-visita-el-filosofo-enchilamesta-pedro-botero\/#article","isPartOf":{"@id":"https:\/\/www.bbmnoticias.com\/labravaradiofm\/2024\/12\/05\/gabinete-eficiente-claudia-sheinbaum-primera-visita-el-filosofo-enchilamesta-pedro-botero\/"},"author":{"name":"Staff","@id":"https:\/\/www.bbmnoticias.com\/labravaradiofm\/#\/schema\/person\/34b139c617a70ea5bef5678bffe4dd7b"},"headline":"Gabinete eficiente *Claudia Sheinbaum, primera visita *El filosofo\u00a0 \u201cEnch\u00edlamesta\u201d\u00a0&#8211; Pedro Botero","datePublished":"2024-12-05T10:33:00+00:00","mainEntityOfPage":{"@id":"https:\/\/www.bbmnoticias.com\/labravaradiofm\/2024\/12\/05\/gabinete-eficiente-claudia-sheinbaum-primera-visita-el-filosofo-enchilamesta-pedro-botero\/"},"wordCount":743,"image":{"@id":"https:\/\/www.bbmnoticias.com\/labravaradiofm\/2024\/12\/05\/gabinete-eficiente-claudia-sheinbaum-primera-visita-el-filosofo-enchilamesta-pedro-botero\/#primaryimage"},"thumbnailUrl":"https:\/\/www.bbmnoticias.com\/labravaradiofm\/wp-content\/uploads\/sites\/5\/2024\/12\/elcanto05122024.jpg","articleSection":["EL CANTO DEL B\u00daHO","OPINI\u00d3N"],"inLanguage":"es"},{"@type":"WebPage","@id":"https:\/\/www.bbmnoticias.com\/labravaradiofm\/2024\/12\/05\/gabinete-eficiente-claudia-sheinbaum-primera-visita-el-filosofo-enchilamesta-pedro-botero\/","url":"https:\/\/www.bbmnoticias.com\/labravaradiofm\/2024\/12\/05\/gabinete-eficiente-claudia-sheinbaum-primera-visita-el-filosofo-enchilamesta-pedro-botero\/","name":"Gabinete eficiente *Claudia Sheinbaum, primera visita *El filosofo\u00a0 \u201cEnch\u00edlamesta\u201d\u00a0- Pedro Botero - LA BRAVA RADIO","isPartOf":{"@id":"https:\/\/www.bbmnoticias.com\/labravaradiofm\/#website"},"primaryImageOfPage":{"@id":"https:\/\/www.bbmnoticias.com\/labravaradiofm\/2024\/12\/05\/gabinete-eficiente-claudia-sheinbaum-primera-visita-el-filosofo-enchilamesta-pedro-botero\/#primaryimage"},"image":{"@id":"https:\/\/www.bbmnoticias.com\/labravaradiofm\/2024\/12\/05\/gabinete-eficiente-claudia-sheinbaum-primera-visita-el-filosofo-enchilamesta-pedro-botero\/#primaryimage"},"thumbnailUrl":"https:\/\/www.bbmnoticias.com\/labravaradiofm\/wp-content\/uploads\/sites\/5\/2024\/12\/elcanto05122024.jpg","datePublished":"2024-12-05T10:33:00+00:00","author":{"@id":"https:\/\/www.bbmnoticias.com\/labravaradiofm\/#\/schema\/person\/34b139c617a70ea5bef5678bffe4dd7b"},"breadcrumb":{"@id":"https:\/\/www.bbmnoticias.com\/labravaradiofm\/2024\/12\/05\/gabinete-eficiente-claudia-sheinbaum-primera-visita-el-filosofo-enchilamesta-pedro-botero\/#breadcrumb"},"inLanguage":"es","potentialAction":[{"@type":"ReadAction","target":["https:\/\/www.bbmnoticias.com\/labravaradiofm\/2024\/12\/05\/gabinete-eficiente-claudia-sheinbaum-primera-visita-el-filosofo-enchilamesta-pedro-botero\/"]}]},{"@type":"ImageObject","inLanguage":"es","@id":"https:\/\/www.bbmnoticias.com\/labravaradiofm\/2024\/12\/05\/gabinete-eficiente-claudia-sheinbaum-primera-visita-el-filosofo-enchilamesta-pedro-botero\/#primaryimage","url":"https:\/\/www.bbmnoticias.com\/labravaradiofm\/wp-content\/uploads\/sites\/5\/2024\/12\/elcanto05122024.jpg","contentUrl":"https:\/\/www.bbmnoticias.com\/labravaradiofm\/wp-content\/uploads\/sites\/5\/2024\/12\/elcanto05122024.jpg","width":750,"height":415},{"@type":"BreadcrumbList","@id":"https:\/\/www.bbmnoticias.com\/labravaradiofm\/2024\/12\/05\/gabinete-eficiente-claudia-sheinbaum-primera-visita-el-filosofo-enchilamesta-pedro-botero\/#breadcrumb","itemListElement":[{"@type":"ListItem","position":1,"name":"Inicio","item":"https:\/\/www.bbmnoticias.com\/labravaradiofm\/"},{"@type":"ListItem","position":2,"name":"Gabinete eficiente *Claudia Sheinbaum, primera visita *El filosofo\u00a0 \u201cEnch\u00edlamesta\u201d\u00a0&#8211; Pedro Botero"}]},{"@type":"WebSite","@id":"https:\/\/www.bbmnoticias.com\/labravaradiofm\/#website","url":"https:\/\/www.bbmnoticias.com\/labravaradiofm\/","name":"LA BRAVA RADIO","description":"Empresa productora de medios, Radiodifusi\u00f3n, Noticias, tendencias y todo lo que necesitas saber de la pol\u00edtica mexicana e internacional; entretenimiento, espect\u00e1culos, salud y mucho m\u00e1s.","potentialAction":[{"@type":"SearchAction","target":{"@type":"EntryPoint","urlTemplate":"https:\/\/www.bbmnoticias.com\/labravaradiofm\/?s={search_term_string}"},"query-input":{"@type":"PropertyValueSpecification","valueRequired":true,"valueName":"search_term_string"}}],"inLanguage":"es"},{"@type":"Person","@id":"https:\/\/www.bbmnoticias.com\/labravaradiofm\/#\/schema\/person\/34b139c617a70ea5bef5678bffe4dd7b","name":"Staff","image":{"@type":"ImageObject","inLanguage":"es","@id":"https:\/\/secure.gravatar.com\/avatar\/fdd21ad66fd8b98c407f9dee5b5e588cfe7f0d8579ec20fa6527cd59bab7f0f0?s=96&d=mm&r=g","url":"https:\/\/secure.gravatar.com\/avatar\/fdd21ad66fd8b98c407f9dee5b5e588cfe7f0d8579ec20fa6527cd59bab7f0f0?s=96&d=mm&r=g","contentUrl":"https:\/\/secure.gravatar.com\/avatar\/fdd21ad66fd8b98c407f9dee5b5e588cfe7f0d8579ec20fa6527cd59bab7f0f0?s=96&d=mm&r=g","caption":"Staff"},"url":"https:\/\/www.bbmnoticias.com\/labravaradiofm\/author\/redaccion\/"}]}},"_links":{"self":[{"href":"https:\/\/www.bbmnoticias.com\/labravaradiofm\/wp-json\/wp\/v2\/posts\/51089","targetHints":{"allow":["GET"]}}],"collection":[{"href":"https:\/\/www.bbmnoticias.com\/labravaradiofm\/wp-json\/wp\/v2\/posts"}],"about":[{"href":"https:\/\/www.bbmnoticias.com\/labravaradiofm\/wp-json\/wp\/v2\/types\/post"}],"author":[{"embeddable":true,"href":"https:\/\/www.bbmnoticias.com\/labravaradiofm\/wp-json\/wp\/v2\/users\/2"}],"replies":[{"embeddable":true,"href":"https:\/\/www.bbmnoticias.com\/labravaradiofm\/wp-json\/wp\/v2\/comments?post=51089"}],"version-history":[{"count":0,"href":"https:\/\/www.bbmnoticias.com\/labravaradiofm\/wp-json\/wp\/v2\/posts\/51089\/revisions"}],"wp:featuredmedia":[{"embeddable":true,"href":"https:\/\/www.bbmnoticias.com\/labravaradiofm\/wp-json\/wp\/v2\/media\/51090"}],"wp:attachment":[{"href":"https:\/\/www.bbmnoticias.com\/labravaradiofm\/wp-json\/wp\/v2\/media?parent=51089"}],"wp:term":[{"taxonomy":"category","embeddable":true,"href":"https:\/\/www.bbmnoticias.com\/labravaradiofm\/wp-json\/wp\/v2\/categories?post=51089"},{"taxonomy":"post_tag","embeddable":true,"href":"https:\/\/www.bbmnoticias.com\/labravaradiofm\/wp-json\/wp\/v2\/tags?post=51089"}],"curies":[{"name":"wp","href":"https:\/\/api.w.org\/{rel}","templated":true}]}}