{"id":51080,"date":"2024-12-04T16:55:42","date_gmt":"2024-12-04T22:55:42","guid":{"rendered":"https:\/\/www.bbmnoticias.com\/labravaradiofm\/?p=51080"},"modified":"2024-12-04T16:55:46","modified_gmt":"2024-12-04T22:55:46","slug":"acuden-a-palacio-nacional-padres-de-normalistas-desaparecidos-para-reunirse-con-sheinbaum","status":"publish","type":"post","link":"https:\/\/www.bbmnoticias.com\/labravaradiofm\/2024\/12\/04\/acuden-a-palacio-nacional-padres-de-normalistas-desaparecidos-para-reunirse-con-sheinbaum\/","title":{"rendered":"Acuden a Palacio Nacional padres de normalistas desaparecidos para reunirse con Sheinbaum"},"content":{"rendered":"<div style=\"margin-top: 0px; margin-bottom: 0px;\" class=\"sharethis-inline-share-buttons\" ><\/div>\n<p>Los padres de los 43 normalistas de Ayotzinapa desaparecidos hace una d\u00e9cada, arribaron a Palacio Nacional para reunirse por primera ocasi\u00f3n de manera oficial con la presidenta Claudia Sheinbaum Pardo.<\/p>\n\n\n\n<p>La reuni\u00f3n tiene como objetivo <strong>conocer el plan de trabajo en relaci\u00f3n a las investigaciones que su administraci\u00f3n tendr\u00e1 sobre el caso.<\/strong><\/p>\n\n\n\n<p>Al llegar a la calle de Moneda, Vidulfo Rosales, abogado de los padres de los desaparecidos, inform\u00f3 que <strong>asisten con la solicitud de que se retome el di\u00e1logo y que haya menos tensiones.<\/strong><\/p>\n\n\n\n<p>Cabe mencionar que a las 12:45 los padres y familiares ingresaron a Palacio Nacional.<\/p>\n\n\n\n<p>El 29 de julio los familiares se reunieron con el entonces expresidente Andr\u00e9s Manuel L\u00f3pez Obrador y la presidenta electa, Claudia Sheinbaum, en el Museo de la Ciudad de M\u00e9xico.<\/p>\n\n\n\n<p>Antes de ingresar por el acceso de Moneda, Vidulfo Rosales indic\u00f3 que apelar\u00e1n sobre la posibilidad de libertad a Gualberto Ram\u00edrez, exjefe Antisecuestros de la Subprocuradur\u00eda Especializada en Investigaci\u00f3n de Delincuencia Organizada (SEIDO).<\/p>\n\n\n\n<p>El exfuncionario est\u00e1 acusado de una presunta participaci\u00f3n en la tortura de un integrante del grupo criminal Guerreros Unidos, implicado en la desaparici\u00f3n de los 43 estudiantes de la Escuela Normal Rural \u201cRa\u00fal Isidro Burgos\u201d.<\/p>\n","protected":false},"excerpt":{"rendered":"<p>Los padres de los 43 normalistas de Ayotzinapa desaparecidos hace una d\u00e9cada, arribaron a Palacio Nacional para reunirse por primera ocasi\u00f3n de manera oficial con la presidenta Claudia Sheinbaum Pardo. La reuni\u00f3n tiene como objetivo conocer el plan de trabajo en relaci\u00f3n a las investigaciones que su administraci\u00f3n tendr\u00e1 sobre el caso. Al llegar a [&hellip;]<\/p>\n","protected":false},"author":8,"featured_media":51081,"comment_status":"closed","ping_status":"closed","sticky":false,"template":"","format":"standard","meta":{"footnotes":""},"categories":[19],"tags":[],"class_list":{"0":"post-51080","1":"post","2":"type-post","3":"status-publish","4":"format-standard","5":"has-post-thumbnail","7":"category-nacional"},"yoast_head":"<!-- This site is optimized with the Yoast SEO plugin v27.4 - https:\/\/yoast.com\/product\/yoast-seo-wordpress\/ -->\n<title>Acuden a Palacio Nacional padres de normalistas desaparecidos para reunirse con Sheinbaum - LA BRAVA RADIO<\/title>\n<meta name=\"robots\" content=\"index, follow, max-snippet:-1, max-image-preview:large, max-video-preview:-1\" \/>\n<link rel=\"canonical\" href=\"https:\/\/www.bbmnoticias.com\/labravaradiofm\/2024\/12\/04\/acuden-a-palacio-nacional-padres-de-normalistas-desaparecidos-para-reunirse-con-sheinbaum\/\" \/>\n<meta property=\"og:locale\" content=\"es_MX\" \/>\n<meta property=\"og:type\" content=\"article\" \/>\n<meta property=\"og:title\" content=\"Acuden a Palacio Nacional padres de normalistas desaparecidos para reunirse con Sheinbaum - LA BRAVA RADIO\" \/>\n<meta property=\"og:description\" content=\"Los padres de los 43 normalistas de Ayotzinapa desaparecidos hace una d\u00e9cada, arribaron a Palacio Nacional para reunirse por primera ocasi\u00f3n de manera oficial con la presidenta Claudia Sheinbaum Pardo. La reuni\u00f3n tiene como objetivo conocer el plan de trabajo en relaci\u00f3n a las investigaciones que su administraci\u00f3n tendr\u00e1 sobre el caso. Al llegar a [&hellip;]\" \/>\n<meta property=\"og:url\" content=\"https:\/\/www.bbmnoticias.com\/labravaradiofm\/2024\/12\/04\/acuden-a-palacio-nacional-padres-de-normalistas-desaparecidos-para-reunirse-con-sheinbaum\/\" \/>\n<meta property=\"og:site_name\" content=\"LA BRAVA RADIO\" \/>\n<meta property=\"article:published_time\" content=\"2024-12-04T22:55:42+00:00\" \/>\n<meta property=\"article:modified_time\" content=\"2024-12-04T22:55:46+00:00\" \/>\n<meta property=\"og:image\" content=\"https:\/\/www.bbmnoticias.com\/labravaradiofm\/wp-content\/uploads\/sites\/5\/2024\/12\/abogadopadrespalacio.jpg\" \/>\n\t<meta property=\"og:image:width\" content=\"1200\" \/>\n\t<meta property=\"og:image:height\" content=\"887\" \/>\n\t<meta property=\"og:image:type\" content=\"image\/jpeg\" \/>\n<meta name=\"author\" content=\"Exc\u00e9lsior\" \/>\n<meta name=\"twitter:card\" content=\"summary_large_image\" \/>\n<meta name=\"twitter:label1\" content=\"Escrito por\" \/>\n\t<meta name=\"twitter:data1\" content=\"Exc\u00e9lsior\" \/>\n\t<meta name=\"twitter:label2\" content=\"Tiempo de lectura\" \/>\n\t<meta name=\"twitter:data2\" content=\"2 minutos\" \/>\n<script type=\"application\/ld+json\" class=\"yoast-schema-graph\">{\"@context\":\"https:\\\/\\\/schema.org\",\"@graph\":[{\"@type\":\"Article\",\"@id\":\"https:\\\/\\\/www.bbmnoticias.com\\\/labravaradiofm\\\/2024\\\/12\\\/04\\\/acuden-a-palacio-nacional-padres-de-normalistas-desaparecidos-para-reunirse-con-sheinbaum\\\/#article\",\"isPartOf\":{\"@id\":\"https:\\\/\\\/www.bbmnoticias.com\\\/labravaradiofm\\\/2024\\\/12\\\/04\\\/acuden-a-palacio-nacional-padres-de-normalistas-desaparecidos-para-reunirse-con-sheinbaum\\\/\"},\"author\":{\"name\":\"Exc\u00e9lsior\",\"@id\":\"https:\\\/\\\/www.bbmnoticias.com\\\/labravaradiofm\\\/#\\\/schema\\\/person\\\/279575048ab2ce30543ef887b4b9095f\"},\"headline\":\"Acuden a Palacio Nacional padres de normalistas desaparecidos para reunirse con Sheinbaum\",\"datePublished\":\"2024-12-04T22:55:42+00:00\",\"dateModified\":\"2024-12-04T22:55:46+00:00\",\"mainEntityOfPage\":{\"@id\":\"https:\\\/\\\/www.bbmnoticias.com\\\/labravaradiofm\\\/2024\\\/12\\\/04\\\/acuden-a-palacio-nacional-padres-de-normalistas-desaparecidos-para-reunirse-con-sheinbaum\\\/\"},\"wordCount\":221,\"image\":{\"@id\":\"https:\\\/\\\/www.bbmnoticias.com\\\/labravaradiofm\\\/2024\\\/12\\\/04\\\/acuden-a-palacio-nacional-padres-de-normalistas-desaparecidos-para-reunirse-con-sheinbaum\\\/#primaryimage\"},\"thumbnailUrl\":\"https:\\\/\\\/www.bbmnoticias.com\\\/labravaradiofm\\\/wp-content\\\/uploads\\\/sites\\\/5\\\/2024\\\/12\\\/abogadopadrespalacio.jpg\",\"articleSection\":[\"NACIONAL\"],\"inLanguage\":\"es\"},{\"@type\":\"WebPage\",\"@id\":\"https:\\\/\\\/www.bbmnoticias.com\\\/labravaradiofm\\\/2024\\\/12\\\/04\\\/acuden-a-palacio-nacional-padres-de-normalistas-desaparecidos-para-reunirse-con-sheinbaum\\\/\",\"url\":\"https:\\\/\\\/www.bbmnoticias.com\\\/labravaradiofm\\\/2024\\\/12\\\/04\\\/acuden-a-palacio-nacional-padres-de-normalistas-desaparecidos-para-reunirse-con-sheinbaum\\\/\",\"name\":\"Acuden a Palacio Nacional padres de normalistas desaparecidos para reunirse con Sheinbaum - LA BRAVA RADIO\",\"isPartOf\":{\"@id\":\"https:\\\/\\\/www.bbmnoticias.com\\\/labravaradiofm\\\/#website\"},\"primaryImageOfPage\":{\"@id\":\"https:\\\/\\\/www.bbmnoticias.com\\\/labravaradiofm\\\/2024\\\/12\\\/04\\\/acuden-a-palacio-nacional-padres-de-normalistas-desaparecidos-para-reunirse-con-sheinbaum\\\/#primaryimage\"},\"image\":{\"@id\":\"https:\\\/\\\/www.bbmnoticias.com\\\/labravaradiofm\\\/2024\\\/12\\\/04\\\/acuden-a-palacio-nacional-padres-de-normalistas-desaparecidos-para-reunirse-con-sheinbaum\\\/#primaryimage\"},\"thumbnailUrl\":\"https:\\\/\\\/www.bbmnoticias.com\\\/labravaradiofm\\\/wp-content\\\/uploads\\\/sites\\\/5\\\/2024\\\/12\\\/abogadopadrespalacio.jpg\",\"datePublished\":\"2024-12-04T22:55:42+00:00\",\"dateModified\":\"2024-12-04T22:55:46+00:00\",\"author\":{\"@id\":\"https:\\\/\\\/www.bbmnoticias.com\\\/labravaradiofm\\\/#\\\/schema\\\/person\\\/279575048ab2ce30543ef887b4b9095f\"},\"breadcrumb\":{\"@id\":\"https:\\\/\\\/www.bbmnoticias.com\\\/labravaradiofm\\\/2024\\\/12\\\/04\\\/acuden-a-palacio-nacional-padres-de-normalistas-desaparecidos-para-reunirse-con-sheinbaum\\\/#breadcrumb\"},\"inLanguage\":\"es\",\"potentialAction\":[{\"@type\":\"ReadAction\",\"target\":[\"https:\\\/\\\/www.bbmnoticias.com\\\/labravaradiofm\\\/2024\\\/12\\\/04\\\/acuden-a-palacio-nacional-padres-de-normalistas-desaparecidos-para-reunirse-con-sheinbaum\\\/\"]}]},{\"@type\":\"ImageObject\",\"inLanguage\":\"es\",\"@id\":\"https:\\\/\\\/www.bbmnoticias.com\\\/labravaradiofm\\\/2024\\\/12\\\/04\\\/acuden-a-palacio-nacional-padres-de-normalistas-desaparecidos-para-reunirse-con-sheinbaum\\\/#primaryimage\",\"url\":\"https:\\\/\\\/www.bbmnoticias.com\\\/labravaradiofm\\\/wp-content\\\/uploads\\\/sites\\\/5\\\/2024\\\/12\\\/abogadopadrespalacio.jpg\",\"contentUrl\":\"https:\\\/\\\/www.bbmnoticias.com\\\/labravaradiofm\\\/wp-content\\\/uploads\\\/sites\\\/5\\\/2024\\\/12\\\/abogadopadrespalacio.jpg\",\"width\":1200,\"height\":887},{\"@type\":\"BreadcrumbList\",\"@id\":\"https:\\\/\\\/www.bbmnoticias.com\\\/labravaradiofm\\\/2024\\\/12\\\/04\\\/acuden-a-palacio-nacional-padres-de-normalistas-desaparecidos-para-reunirse-con-sheinbaum\\\/#breadcrumb\",\"itemListElement\":[{\"@type\":\"ListItem\",\"position\":1,\"name\":\"Inicio\",\"item\":\"https:\\\/\\\/www.bbmnoticias.com\\\/labravaradiofm\\\/\"},{\"@type\":\"ListItem\",\"position\":2,\"name\":\"Acuden a Palacio Nacional padres de normalistas desaparecidos para reunirse con Sheinbaum\"}]},{\"@type\":\"WebSite\",\"@id\":\"https:\\\/\\\/www.bbmnoticias.com\\\/labravaradiofm\\\/#website\",\"url\":\"https:\\\/\\\/www.bbmnoticias.com\\\/labravaradiofm\\\/\",\"name\":\"LA BRAVA RADIO\",\"description\":\"Empresa productora de medios, Radiodifusi\u00f3n, Noticias, tendencias y todo lo que necesitas saber de la pol\u00edtica mexicana e internacional; entretenimiento, espect\u00e1culos, salud y mucho m\u00e1s.\",\"potentialAction\":[{\"@type\":\"SearchAction\",\"target\":{\"@type\":\"EntryPoint\",\"urlTemplate\":\"https:\\\/\\\/www.bbmnoticias.com\\\/labravaradiofm\\\/?s={search_term_string}\"},\"query-input\":{\"@type\":\"PropertyValueSpecification\",\"valueRequired\":true,\"valueName\":\"search_term_string\"}}],\"inLanguage\":\"es\"},{\"@type\":\"Person\",\"@id\":\"https:\\\/\\\/www.bbmnoticias.com\\\/labravaradiofm\\\/#\\\/schema\\\/person\\\/279575048ab2ce30543ef887b4b9095f\",\"name\":\"Exc\u00e9lsior\",\"image\":{\"@type\":\"ImageObject\",\"inLanguage\":\"es\",\"@id\":\"https:\\\/\\\/secure.gravatar.com\\\/avatar\\\/497265c4dbe1cd0e2f3f1b19aba0f5779c7f95d09e139a5b83c1ecd47b4e780d?s=96&d=mm&r=g\",\"url\":\"https:\\\/\\\/secure.gravatar.com\\\/avatar\\\/497265c4dbe1cd0e2f3f1b19aba0f5779c7f95d09e139a5b83c1ecd47b4e780d?s=96&d=mm&r=g\",\"contentUrl\":\"https:\\\/\\\/secure.gravatar.com\\\/avatar\\\/497265c4dbe1cd0e2f3f1b19aba0f5779c7f95d09e139a5b83c1ecd47b4e780d?s=96&d=mm&r=g\",\"caption\":\"Exc\u00e9lsior\"},\"url\":\"https:\\\/\\\/www.bbmnoticias.com\\\/labravaradiofm\\\/author\\\/excelsior\\\/\"}]}<\/script>\n<!-- \/ Yoast SEO plugin. -->","yoast_head_json":{"title":"Acuden a Palacio Nacional padres de normalistas desaparecidos para reunirse con Sheinbaum - LA BRAVA RADIO","robots":{"index":"index","follow":"follow","max-snippet":"max-snippet:-1","max-image-preview":"max-image-preview:large","max-video-preview":"max-video-preview:-1"},"canonical":"https:\/\/www.bbmnoticias.com\/labravaradiofm\/2024\/12\/04\/acuden-a-palacio-nacional-padres-de-normalistas-desaparecidos-para-reunirse-con-sheinbaum\/","og_locale":"es_MX","og_type":"article","og_title":"Acuden a Palacio Nacional padres de normalistas desaparecidos para reunirse con Sheinbaum - LA BRAVA RADIO","og_description":"Los padres de los 43 normalistas de Ayotzinapa desaparecidos hace una d\u00e9cada, arribaron a Palacio Nacional para reunirse por primera ocasi\u00f3n de manera oficial con la presidenta Claudia Sheinbaum Pardo. La reuni\u00f3n tiene como objetivo conocer el plan de trabajo en relaci\u00f3n a las investigaciones que su administraci\u00f3n tendr\u00e1 sobre el caso. Al llegar a [&hellip;]","og_url":"https:\/\/www.bbmnoticias.com\/labravaradiofm\/2024\/12\/04\/acuden-a-palacio-nacional-padres-de-normalistas-desaparecidos-para-reunirse-con-sheinbaum\/","og_site_name":"LA BRAVA RADIO","article_published_time":"2024-12-04T22:55:42+00:00","article_modified_time":"2024-12-04T22:55:46+00:00","og_image":[{"width":1200,"height":887,"url":"https:\/\/www.bbmnoticias.com\/labravaradiofm\/wp-content\/uploads\/sites\/5\/2024\/12\/abogadopadrespalacio.jpg","type":"image\/jpeg"}],"author":"Exc\u00e9lsior","twitter_card":"summary_large_image","twitter_misc":{"Escrito por":"Exc\u00e9lsior","Tiempo de lectura":"2 minutos"},"schema":{"@context":"https:\/\/schema.org","@graph":[{"@type":"Article","@id":"https:\/\/www.bbmnoticias.com\/labravaradiofm\/2024\/12\/04\/acuden-a-palacio-nacional-padres-de-normalistas-desaparecidos-para-reunirse-con-sheinbaum\/#article","isPartOf":{"@id":"https:\/\/www.bbmnoticias.com\/labravaradiofm\/2024\/12\/04\/acuden-a-palacio-nacional-padres-de-normalistas-desaparecidos-para-reunirse-con-sheinbaum\/"},"author":{"name":"Exc\u00e9lsior","@id":"https:\/\/www.bbmnoticias.com\/labravaradiofm\/#\/schema\/person\/279575048ab2ce30543ef887b4b9095f"},"headline":"Acuden a Palacio Nacional padres de normalistas desaparecidos para reunirse con Sheinbaum","datePublished":"2024-12-04T22:55:42+00:00","dateModified":"2024-12-04T22:55:46+00:00","mainEntityOfPage":{"@id":"https:\/\/www.bbmnoticias.com\/labravaradiofm\/2024\/12\/04\/acuden-a-palacio-nacional-padres-de-normalistas-desaparecidos-para-reunirse-con-sheinbaum\/"},"wordCount":221,"image":{"@id":"https:\/\/www.bbmnoticias.com\/labravaradiofm\/2024\/12\/04\/acuden-a-palacio-nacional-padres-de-normalistas-desaparecidos-para-reunirse-con-sheinbaum\/#primaryimage"},"thumbnailUrl":"https:\/\/www.bbmnoticias.com\/labravaradiofm\/wp-content\/uploads\/sites\/5\/2024\/12\/abogadopadrespalacio.jpg","articleSection":["NACIONAL"],"inLanguage":"es"},{"@type":"WebPage","@id":"https:\/\/www.bbmnoticias.com\/labravaradiofm\/2024\/12\/04\/acuden-a-palacio-nacional-padres-de-normalistas-desaparecidos-para-reunirse-con-sheinbaum\/","url":"https:\/\/www.bbmnoticias.com\/labravaradiofm\/2024\/12\/04\/acuden-a-palacio-nacional-padres-de-normalistas-desaparecidos-para-reunirse-con-sheinbaum\/","name":"Acuden a Palacio Nacional padres de normalistas desaparecidos para reunirse con Sheinbaum - LA BRAVA RADIO","isPartOf":{"@id":"https:\/\/www.bbmnoticias.com\/labravaradiofm\/#website"},"primaryImageOfPage":{"@id":"https:\/\/www.bbmnoticias.com\/labravaradiofm\/2024\/12\/04\/acuden-a-palacio-nacional-padres-de-normalistas-desaparecidos-para-reunirse-con-sheinbaum\/#primaryimage"},"image":{"@id":"https:\/\/www.bbmnoticias.com\/labravaradiofm\/2024\/12\/04\/acuden-a-palacio-nacional-padres-de-normalistas-desaparecidos-para-reunirse-con-sheinbaum\/#primaryimage"},"thumbnailUrl":"https:\/\/www.bbmnoticias.com\/labravaradiofm\/wp-content\/uploads\/sites\/5\/2024\/12\/abogadopadrespalacio.jpg","datePublished":"2024-12-04T22:55:42+00:00","dateModified":"2024-12-04T22:55:46+00:00","author":{"@id":"https:\/\/www.bbmnoticias.com\/labravaradiofm\/#\/schema\/person\/279575048ab2ce30543ef887b4b9095f"},"breadcrumb":{"@id":"https:\/\/www.bbmnoticias.com\/labravaradiofm\/2024\/12\/04\/acuden-a-palacio-nacional-padres-de-normalistas-desaparecidos-para-reunirse-con-sheinbaum\/#breadcrumb"},"inLanguage":"es","potentialAction":[{"@type":"ReadAction","target":["https:\/\/www.bbmnoticias.com\/labravaradiofm\/2024\/12\/04\/acuden-a-palacio-nacional-padres-de-normalistas-desaparecidos-para-reunirse-con-sheinbaum\/"]}]},{"@type":"ImageObject","inLanguage":"es","@id":"https:\/\/www.bbmnoticias.com\/labravaradiofm\/2024\/12\/04\/acuden-a-palacio-nacional-padres-de-normalistas-desaparecidos-para-reunirse-con-sheinbaum\/#primaryimage","url":"https:\/\/www.bbmnoticias.com\/labravaradiofm\/wp-content\/uploads\/sites\/5\/2024\/12\/abogadopadrespalacio.jpg","contentUrl":"https:\/\/www.bbmnoticias.com\/labravaradiofm\/wp-content\/uploads\/sites\/5\/2024\/12\/abogadopadrespalacio.jpg","width":1200,"height":887},{"@type":"BreadcrumbList","@id":"https:\/\/www.bbmnoticias.com\/labravaradiofm\/2024\/12\/04\/acuden-a-palacio-nacional-padres-de-normalistas-desaparecidos-para-reunirse-con-sheinbaum\/#breadcrumb","itemListElement":[{"@type":"ListItem","position":1,"name":"Inicio","item":"https:\/\/www.bbmnoticias.com\/labravaradiofm\/"},{"@type":"ListItem","position":2,"name":"Acuden a Palacio Nacional padres de normalistas desaparecidos para reunirse con Sheinbaum"}]},{"@type":"WebSite","@id":"https:\/\/www.bbmnoticias.com\/labravaradiofm\/#website","url":"https:\/\/www.bbmnoticias.com\/labravaradiofm\/","name":"LA BRAVA RADIO","description":"Empresa productora de medios, Radiodifusi\u00f3n, Noticias, tendencias y todo lo que necesitas saber de la pol\u00edtica mexicana e internacional; entretenimiento, espect\u00e1culos, salud y mucho m\u00e1s.","potentialAction":[{"@type":"SearchAction","target":{"@type":"EntryPoint","urlTemplate":"https:\/\/www.bbmnoticias.com\/labravaradiofm\/?s={search_term_string}"},"query-input":{"@type":"PropertyValueSpecification","valueRequired":true,"valueName":"search_term_string"}}],"inLanguage":"es"},{"@type":"Person","@id":"https:\/\/www.bbmnoticias.com\/labravaradiofm\/#\/schema\/person\/279575048ab2ce30543ef887b4b9095f","name":"Exc\u00e9lsior","image":{"@type":"ImageObject","inLanguage":"es","@id":"https:\/\/secure.gravatar.com\/avatar\/497265c4dbe1cd0e2f3f1b19aba0f5779c7f95d09e139a5b83c1ecd47b4e780d?s=96&d=mm&r=g","url":"https:\/\/secure.gravatar.com\/avatar\/497265c4dbe1cd0e2f3f1b19aba0f5779c7f95d09e139a5b83c1ecd47b4e780d?s=96&d=mm&r=g","contentUrl":"https:\/\/secure.gravatar.com\/avatar\/497265c4dbe1cd0e2f3f1b19aba0f5779c7f95d09e139a5b83c1ecd47b4e780d?s=96&d=mm&r=g","caption":"Exc\u00e9lsior"},"url":"https:\/\/www.bbmnoticias.com\/labravaradiofm\/author\/excelsior\/"}]}},"_links":{"self":[{"href":"https:\/\/www.bbmnoticias.com\/labravaradiofm\/wp-json\/wp\/v2\/posts\/51080","targetHints":{"allow":["GET"]}}],"collection":[{"href":"https:\/\/www.bbmnoticias.com\/labravaradiofm\/wp-json\/wp\/v2\/posts"}],"about":[{"href":"https:\/\/www.bbmnoticias.com\/labravaradiofm\/wp-json\/wp\/v2\/types\/post"}],"author":[{"embeddable":true,"href":"https:\/\/www.bbmnoticias.com\/labravaradiofm\/wp-json\/wp\/v2\/users\/8"}],"replies":[{"embeddable":true,"href":"https:\/\/www.bbmnoticias.com\/labravaradiofm\/wp-json\/wp\/v2\/comments?post=51080"}],"version-history":[{"count":0,"href":"https:\/\/www.bbmnoticias.com\/labravaradiofm\/wp-json\/wp\/v2\/posts\/51080\/revisions"}],"wp:featuredmedia":[{"embeddable":true,"href":"https:\/\/www.bbmnoticias.com\/labravaradiofm\/wp-json\/wp\/v2\/media\/51081"}],"wp:attachment":[{"href":"https:\/\/www.bbmnoticias.com\/labravaradiofm\/wp-json\/wp\/v2\/media?parent=51080"}],"wp:term":[{"taxonomy":"category","embeddable":true,"href":"https:\/\/www.bbmnoticias.com\/labravaradiofm\/wp-json\/wp\/v2\/categories?post=51080"},{"taxonomy":"post_tag","embeddable":true,"href":"https:\/\/www.bbmnoticias.com\/labravaradiofm\/wp-json\/wp\/v2\/tags?post=51080"}],"curies":[{"name":"wp","href":"https:\/\/api.w.org\/{rel}","templated":true}]}}