{"id":51074,"date":"2024-12-04T15:32:06","date_gmt":"2024-12-04T21:32:06","guid":{"rendered":"https:\/\/www.bbmnoticias.com\/labravaradiofm\/?p=51074"},"modified":"2024-12-04T15:32:10","modified_gmt":"2024-12-04T21:32:10","slug":"como-nunca-antes-la-primavera-oaxaquena-recupera-dos-importantes-afluentes-los-rios-atoyac-y-salado-salomon-jara","status":"publish","type":"post","link":"https:\/\/www.bbmnoticias.com\/labravaradiofm\/2024\/12\/04\/como-nunca-antes-la-primavera-oaxaquena-recupera-dos-importantes-afluentes-los-rios-atoyac-y-salado-salomon-jara\/","title":{"rendered":"Como nunca antes, la Primavera Oaxaque\u00f1a recupera dos importantes afluentes, los r\u00edos Atoyac y Salado: Salom\u00f3n Jara"},"content":{"rendered":"<div style=\"margin-top: 0px; margin-bottom: 0px;\" class=\"sharethis-inline-share-buttons\" ><\/div>\n<ul class=\"wp-block-list\">\n<li>Se ha integrado un plan de disminuci\u00f3n de la contaminaci\u00f3n en es estos r\u00edos, para que esta administraci\u00f3n estatal y federal puedan atender espacios naturales<\/li>\n<\/ul>\n\n\n\n<p>Oaxaca de Ju\u00e1rez, Oax. 4 de diciembre de 2024.- Oaxaca recupera dos de sus m\u00e1s valiosos espacios naturales, propiciando en ellos el desarrollo de actividades recreativas y de convivencia familiar, adem\u00e1s de conservar estos importantes r\u00edos para las generaciones presentes y futuras, afirm\u00f3 el Gobernador Salom\u00f3n Jara al hablar del rescate de los r\u00edos Atoyac y Salado.<\/p>\n\n\n\n<p>En conferencia de prensa el Mandatario estatal detall\u00f3 el plan de acci\u00f3n realizado para la recuperaci\u00f3n de los afluentes, adem\u00e1s de agradecer a la Presidenta Claudia Sheinbaum por el inter\u00e9s que ha brindado por incluir a Oaxaca en el Plan H\u00eddrico Nacional, en donde con el apoyo del Gobierno Federal se garantizar\u00e1 el abasto de agua en la Zona Metropolitana.<\/p>\n\n\n\n<p>\u201cComo Gobierno de la Primavera Oaxaque\u00f1a hemos realizado un trabajo en la construcci\u00f3n de nuevos pozos, rehabilitaci\u00f3n, equipamiento e inversi\u00f3n en saneamiento no podemos ser omisos, viendo la realidad y el estado de nuestros r\u00edos\u201d.<\/p>\n\n\n\n<p>Lo anterior lo expres\u00f3 el Gobernante luego de afirmar que los r\u00edos Atoyac y Salado se han convertido en un espacio de descargas de aguas residuales debido al colapso de los colectores y subcolectores de la Zona Metropolitana principalmente, as\u00ed como por la falta de mantenimiento de la red de drenaje.<\/p>\n\n\n\n<p>Aunado a la inexistencia de colectores en municipios de las subcuencas del Atoyac y Salado y a la inoperatividad de las plantas de tratamiento.<\/p>\n\n\n\n<p>\u201cEsto debido al olvido y a la indiferencia de los gobiernos neoliberales, que jam\u00e1s se preocuparon por el saneamiento y el cuidado del medio ambiente, la corrupci\u00f3n de los gobiernos y administraciones pasadas y la mala aplicaci\u00f3n de los recursos en acciones de rescate y conservaci\u00f3n\u201d, se\u00f1al\u00f3.<\/p>\n\n\n\n<p>Se dio a conocer tambi\u00e9n que el r\u00edo Atoyac forma parte del Programa Nacional de Restauraci\u00f3n.<\/p>\n\n\n\n<p>Se inform\u00f3 que en 2024 se ha realizado un programa integral con diferentes acciones como la limpieza del r\u00edo Atoyac en un tramo de 2.5 kil\u00f3metros, donde se han recuperado 4 mil 100 toneladas de residuos.<\/p>\n\n\n\n<p>Tambi\u00e9n se han efectuado mesas de trabajo con 26 municipios, resultados que ser\u00e1n presentados el pr\u00f3ximo 19 de diciembre, fecha en la que se detallar\u00e1n los lineamientos y acciones a realizar.<\/p>\n\n\n\n<p>En estas acciones ha participado la Secretar\u00eda de Medio Ambiente, Biodiversidad, Energ\u00edas y Sostenibilidad.<\/p>\n\n\n\n<p>Tambi\u00e9n se inform\u00f3 sobre el Programa Integral del Agua que atiende la problem\u00e1tica del desabasto del suministro de agua potable para la zona conurbada, el cual se implementa con cuatro componentes para realizar acciones emergentes y llevar el vital l\u00edquido a los hogares oaxaque\u00f1os.<\/p>\n\n\n\n<p>La Comisi\u00f3n Estatal del Agua para el Bienestar elabor\u00f3 cinco proyectos para el saneamiento de los colectores con una inversi\u00f3n de 50 millones de pesos que ser\u00e1n ejecutados para atender descargas de aguas residuales que se encuentran en los m\u00e1rgenes de los r\u00edos Salado y Atoyac, adem\u00e1s de dos plantas de tratamiento para abonar a la restauraci\u00f3n de los afluentes.<\/p>\n\n\n\n<p>Por su parte el Sistema Operador de los Servicios de Agua Potable y Alcantarillado (Soapa) rehabilita el drenaje sanitario y pluvial en el margen izquierdo del r\u00edo Atoyac en diferentes tramos.<\/p>\n","protected":false},"excerpt":{"rendered":"<p>Oaxaca de Ju\u00e1rez, Oax. 4 de diciembre de 2024.- Oaxaca recupera dos de sus m\u00e1s valiosos espacios naturales, propiciando en ellos el desarrollo de actividades recreativas y de convivencia familiar, adem\u00e1s de conservar estos importantes r\u00edos para las generaciones presentes y futuras, afirm\u00f3 el Gobernador Salom\u00f3n Jara al hablar del rescate de los r\u00edos Atoyac [&hellip;]<\/p>\n","protected":false},"author":2,"featured_media":39610,"comment_status":"closed","ping_status":"closed","sticky":false,"template":"","format":"standard","meta":{"footnotes":""},"categories":[2],"tags":[],"class_list":{"0":"post-51074","1":"post","2":"type-post","3":"status-publish","4":"format-standard","5":"has-post-thumbnail","7":"category-oaxaca"},"yoast_head":"<!-- This site is optimized with the Yoast SEO plugin v27.4 - https:\/\/yoast.com\/product\/yoast-seo-wordpress\/ -->\n<title>Como nunca antes, la Primavera Oaxaque\u00f1a recupera dos importantes afluentes, los r\u00edos Atoyac y Salado: Salom\u00f3n Jara - LA BRAVA RADIO<\/title>\n<meta name=\"robots\" content=\"index, follow, max-snippet:-1, max-image-preview:large, max-video-preview:-1\" \/>\n<link rel=\"canonical\" href=\"https:\/\/www.bbmnoticias.com\/labravaradiofm\/2024\/12\/04\/como-nunca-antes-la-primavera-oaxaquena-recupera-dos-importantes-afluentes-los-rios-atoyac-y-salado-salomon-jara\/\" \/>\n<meta property=\"og:locale\" content=\"es_MX\" \/>\n<meta property=\"og:type\" content=\"article\" \/>\n<meta property=\"og:title\" content=\"Como nunca antes, la Primavera Oaxaque\u00f1a recupera dos importantes afluentes, los r\u00edos Atoyac y Salado: Salom\u00f3n Jara - LA BRAVA RADIO\" \/>\n<meta property=\"og:description\" content=\"Oaxaca de Ju\u00e1rez, Oax. 4 de diciembre de 2024.- Oaxaca recupera dos de sus m\u00e1s valiosos espacios naturales, propiciando en ellos el desarrollo de actividades recreativas y de convivencia familiar, adem\u00e1s de conservar estos importantes r\u00edos para las generaciones presentes y futuras, afirm\u00f3 el Gobernador Salom\u00f3n Jara al hablar del rescate de los r\u00edos Atoyac [&hellip;]\" \/>\n<meta property=\"og:url\" content=\"https:\/\/www.bbmnoticias.com\/labravaradiofm\/2024\/12\/04\/como-nunca-antes-la-primavera-oaxaquena-recupera-dos-importantes-afluentes-los-rios-atoyac-y-salado-salomon-jara\/\" \/>\n<meta property=\"og:site_name\" content=\"LA BRAVA RADIO\" \/>\n<meta property=\"article:published_time\" content=\"2024-12-04T21:32:06+00:00\" \/>\n<meta property=\"article:modified_time\" content=\"2024-12-04T21:32:10+00:00\" \/>\n<meta property=\"og:image\" content=\"https:\/\/www.bbmnoticias.com\/labravaradiofm\/wp-content\/uploads\/sites\/5\/2024\/03\/rio-salado-atoyac.jpg\" \/>\n\t<meta property=\"og:image:width\" content=\"800\" \/>\n\t<meta property=\"og:image:height\" content=\"480\" \/>\n\t<meta property=\"og:image:type\" content=\"image\/jpeg\" \/>\n<meta name=\"author\" content=\"Staff\" \/>\n<meta name=\"twitter:card\" content=\"summary_large_image\" \/>\n<meta name=\"twitter:label1\" content=\"Escrito por\" \/>\n\t<meta name=\"twitter:data1\" content=\"Staff\" \/>\n\t<meta name=\"twitter:label2\" content=\"Tiempo de lectura\" \/>\n\t<meta name=\"twitter:data2\" content=\"3 minutos\" \/>\n<script type=\"application\/ld+json\" class=\"yoast-schema-graph\">{\"@context\":\"https:\\\/\\\/schema.org\",\"@graph\":[{\"@type\":\"Article\",\"@id\":\"https:\\\/\\\/www.bbmnoticias.com\\\/labravaradiofm\\\/2024\\\/12\\\/04\\\/como-nunca-antes-la-primavera-oaxaquena-recupera-dos-importantes-afluentes-los-rios-atoyac-y-salado-salomon-jara\\\/#article\",\"isPartOf\":{\"@id\":\"https:\\\/\\\/www.bbmnoticias.com\\\/labravaradiofm\\\/2024\\\/12\\\/04\\\/como-nunca-antes-la-primavera-oaxaquena-recupera-dos-importantes-afluentes-los-rios-atoyac-y-salado-salomon-jara\\\/\"},\"author\":{\"name\":\"Staff\",\"@id\":\"https:\\\/\\\/www.bbmnoticias.com\\\/labravaradiofm\\\/#\\\/schema\\\/person\\\/34b139c617a70ea5bef5678bffe4dd7b\"},\"headline\":\"Como nunca antes, la Primavera Oaxaque\u00f1a recupera dos importantes afluentes, los r\u00edos Atoyac y Salado: Salom\u00f3n Jara\",\"datePublished\":\"2024-12-04T21:32:06+00:00\",\"dateModified\":\"2024-12-04T21:32:10+00:00\",\"mainEntityOfPage\":{\"@id\":\"https:\\\/\\\/www.bbmnoticias.com\\\/labravaradiofm\\\/2024\\\/12\\\/04\\\/como-nunca-antes-la-primavera-oaxaquena-recupera-dos-importantes-afluentes-los-rios-atoyac-y-salado-salomon-jara\\\/\"},\"wordCount\":592,\"image\":{\"@id\":\"https:\\\/\\\/www.bbmnoticias.com\\\/labravaradiofm\\\/2024\\\/12\\\/04\\\/como-nunca-antes-la-primavera-oaxaquena-recupera-dos-importantes-afluentes-los-rios-atoyac-y-salado-salomon-jara\\\/#primaryimage\"},\"thumbnailUrl\":\"https:\\\/\\\/www.bbmnoticias.com\\\/labravaradiofm\\\/wp-content\\\/uploads\\\/sites\\\/5\\\/2024\\\/03\\\/rio-salado-atoyac.jpg\",\"articleSection\":[\"LOCAL\"],\"inLanguage\":\"es\"},{\"@type\":\"WebPage\",\"@id\":\"https:\\\/\\\/www.bbmnoticias.com\\\/labravaradiofm\\\/2024\\\/12\\\/04\\\/como-nunca-antes-la-primavera-oaxaquena-recupera-dos-importantes-afluentes-los-rios-atoyac-y-salado-salomon-jara\\\/\",\"url\":\"https:\\\/\\\/www.bbmnoticias.com\\\/labravaradiofm\\\/2024\\\/12\\\/04\\\/como-nunca-antes-la-primavera-oaxaquena-recupera-dos-importantes-afluentes-los-rios-atoyac-y-salado-salomon-jara\\\/\",\"name\":\"Como nunca antes, la Primavera Oaxaque\u00f1a recupera dos importantes afluentes, los r\u00edos Atoyac y Salado: Salom\u00f3n Jara - LA BRAVA RADIO\",\"isPartOf\":{\"@id\":\"https:\\\/\\\/www.bbmnoticias.com\\\/labravaradiofm\\\/#website\"},\"primaryImageOfPage\":{\"@id\":\"https:\\\/\\\/www.bbmnoticias.com\\\/labravaradiofm\\\/2024\\\/12\\\/04\\\/como-nunca-antes-la-primavera-oaxaquena-recupera-dos-importantes-afluentes-los-rios-atoyac-y-salado-salomon-jara\\\/#primaryimage\"},\"image\":{\"@id\":\"https:\\\/\\\/www.bbmnoticias.com\\\/labravaradiofm\\\/2024\\\/12\\\/04\\\/como-nunca-antes-la-primavera-oaxaquena-recupera-dos-importantes-afluentes-los-rios-atoyac-y-salado-salomon-jara\\\/#primaryimage\"},\"thumbnailUrl\":\"https:\\\/\\\/www.bbmnoticias.com\\\/labravaradiofm\\\/wp-content\\\/uploads\\\/sites\\\/5\\\/2024\\\/03\\\/rio-salado-atoyac.jpg\",\"datePublished\":\"2024-12-04T21:32:06+00:00\",\"dateModified\":\"2024-12-04T21:32:10+00:00\",\"author\":{\"@id\":\"https:\\\/\\\/www.bbmnoticias.com\\\/labravaradiofm\\\/#\\\/schema\\\/person\\\/34b139c617a70ea5bef5678bffe4dd7b\"},\"breadcrumb\":{\"@id\":\"https:\\\/\\\/www.bbmnoticias.com\\\/labravaradiofm\\\/2024\\\/12\\\/04\\\/como-nunca-antes-la-primavera-oaxaquena-recupera-dos-importantes-afluentes-los-rios-atoyac-y-salado-salomon-jara\\\/#breadcrumb\"},\"inLanguage\":\"es\",\"potentialAction\":[{\"@type\":\"ReadAction\",\"target\":[\"https:\\\/\\\/www.bbmnoticias.com\\\/labravaradiofm\\\/2024\\\/12\\\/04\\\/como-nunca-antes-la-primavera-oaxaquena-recupera-dos-importantes-afluentes-los-rios-atoyac-y-salado-salomon-jara\\\/\"]}]},{\"@type\":\"ImageObject\",\"inLanguage\":\"es\",\"@id\":\"https:\\\/\\\/www.bbmnoticias.com\\\/labravaradiofm\\\/2024\\\/12\\\/04\\\/como-nunca-antes-la-primavera-oaxaquena-recupera-dos-importantes-afluentes-los-rios-atoyac-y-salado-salomon-jara\\\/#primaryimage\",\"url\":\"https:\\\/\\\/www.bbmnoticias.com\\\/labravaradiofm\\\/wp-content\\\/uploads\\\/sites\\\/5\\\/2024\\\/03\\\/rio-salado-atoyac.jpg\",\"contentUrl\":\"https:\\\/\\\/www.bbmnoticias.com\\\/labravaradiofm\\\/wp-content\\\/uploads\\\/sites\\\/5\\\/2024\\\/03\\\/rio-salado-atoyac.jpg\",\"width\":800,\"height\":480},{\"@type\":\"BreadcrumbList\",\"@id\":\"https:\\\/\\\/www.bbmnoticias.com\\\/labravaradiofm\\\/2024\\\/12\\\/04\\\/como-nunca-antes-la-primavera-oaxaquena-recupera-dos-importantes-afluentes-los-rios-atoyac-y-salado-salomon-jara\\\/#breadcrumb\",\"itemListElement\":[{\"@type\":\"ListItem\",\"position\":1,\"name\":\"Inicio\",\"item\":\"https:\\\/\\\/www.bbmnoticias.com\\\/labravaradiofm\\\/\"},{\"@type\":\"ListItem\",\"position\":2,\"name\":\"Como nunca antes, la Primavera Oaxaque\u00f1a recupera dos importantes afluentes, los r\u00edos Atoyac y Salado: Salom\u00f3n Jara\"}]},{\"@type\":\"WebSite\",\"@id\":\"https:\\\/\\\/www.bbmnoticias.com\\\/labravaradiofm\\\/#website\",\"url\":\"https:\\\/\\\/www.bbmnoticias.com\\\/labravaradiofm\\\/\",\"name\":\"LA BRAVA RADIO\",\"description\":\"Empresa productora de medios, Radiodifusi\u00f3n, Noticias, tendencias y todo lo que necesitas saber de la pol\u00edtica mexicana e internacional; entretenimiento, espect\u00e1culos, salud y mucho m\u00e1s.\",\"potentialAction\":[{\"@type\":\"SearchAction\",\"target\":{\"@type\":\"EntryPoint\",\"urlTemplate\":\"https:\\\/\\\/www.bbmnoticias.com\\\/labravaradiofm\\\/?s={search_term_string}\"},\"query-input\":{\"@type\":\"PropertyValueSpecification\",\"valueRequired\":true,\"valueName\":\"search_term_string\"}}],\"inLanguage\":\"es\"},{\"@type\":\"Person\",\"@id\":\"https:\\\/\\\/www.bbmnoticias.com\\\/labravaradiofm\\\/#\\\/schema\\\/person\\\/34b139c617a70ea5bef5678bffe4dd7b\",\"name\":\"Staff\",\"image\":{\"@type\":\"ImageObject\",\"inLanguage\":\"es\",\"@id\":\"https:\\\/\\\/secure.gravatar.com\\\/avatar\\\/fdd21ad66fd8b98c407f9dee5b5e588cfe7f0d8579ec20fa6527cd59bab7f0f0?s=96&d=mm&r=g\",\"url\":\"https:\\\/\\\/secure.gravatar.com\\\/avatar\\\/fdd21ad66fd8b98c407f9dee5b5e588cfe7f0d8579ec20fa6527cd59bab7f0f0?s=96&d=mm&r=g\",\"contentUrl\":\"https:\\\/\\\/secure.gravatar.com\\\/avatar\\\/fdd21ad66fd8b98c407f9dee5b5e588cfe7f0d8579ec20fa6527cd59bab7f0f0?s=96&d=mm&r=g\",\"caption\":\"Staff\"},\"url\":\"https:\\\/\\\/www.bbmnoticias.com\\\/labravaradiofm\\\/author\\\/redaccion\\\/\"}]}<\/script>\n<!-- \/ Yoast SEO plugin. -->","yoast_head_json":{"title":"Como nunca antes, la Primavera Oaxaque\u00f1a recupera dos importantes afluentes, los r\u00edos Atoyac y Salado: Salom\u00f3n Jara - LA BRAVA RADIO","robots":{"index":"index","follow":"follow","max-snippet":"max-snippet:-1","max-image-preview":"max-image-preview:large","max-video-preview":"max-video-preview:-1"},"canonical":"https:\/\/www.bbmnoticias.com\/labravaradiofm\/2024\/12\/04\/como-nunca-antes-la-primavera-oaxaquena-recupera-dos-importantes-afluentes-los-rios-atoyac-y-salado-salomon-jara\/","og_locale":"es_MX","og_type":"article","og_title":"Como nunca antes, la Primavera Oaxaque\u00f1a recupera dos importantes afluentes, los r\u00edos Atoyac y Salado: Salom\u00f3n Jara - LA BRAVA RADIO","og_description":"Oaxaca de Ju\u00e1rez, Oax. 4 de diciembre de 2024.- Oaxaca recupera dos de sus m\u00e1s valiosos espacios naturales, propiciando en ellos el desarrollo de actividades recreativas y de convivencia familiar, adem\u00e1s de conservar estos importantes r\u00edos para las generaciones presentes y futuras, afirm\u00f3 el Gobernador Salom\u00f3n Jara al hablar del rescate de los r\u00edos Atoyac [&hellip;]","og_url":"https:\/\/www.bbmnoticias.com\/labravaradiofm\/2024\/12\/04\/como-nunca-antes-la-primavera-oaxaquena-recupera-dos-importantes-afluentes-los-rios-atoyac-y-salado-salomon-jara\/","og_site_name":"LA BRAVA RADIO","article_published_time":"2024-12-04T21:32:06+00:00","article_modified_time":"2024-12-04T21:32:10+00:00","og_image":[{"width":800,"height":480,"url":"https:\/\/www.bbmnoticias.com\/labravaradiofm\/wp-content\/uploads\/sites\/5\/2024\/03\/rio-salado-atoyac.jpg","type":"image\/jpeg"}],"author":"Staff","twitter_card":"summary_large_image","twitter_misc":{"Escrito por":"Staff","Tiempo de lectura":"3 minutos"},"schema":{"@context":"https:\/\/schema.org","@graph":[{"@type":"Article","@id":"https:\/\/www.bbmnoticias.com\/labravaradiofm\/2024\/12\/04\/como-nunca-antes-la-primavera-oaxaquena-recupera-dos-importantes-afluentes-los-rios-atoyac-y-salado-salomon-jara\/#article","isPartOf":{"@id":"https:\/\/www.bbmnoticias.com\/labravaradiofm\/2024\/12\/04\/como-nunca-antes-la-primavera-oaxaquena-recupera-dos-importantes-afluentes-los-rios-atoyac-y-salado-salomon-jara\/"},"author":{"name":"Staff","@id":"https:\/\/www.bbmnoticias.com\/labravaradiofm\/#\/schema\/person\/34b139c617a70ea5bef5678bffe4dd7b"},"headline":"Como nunca antes, la Primavera Oaxaque\u00f1a recupera dos importantes afluentes, los r\u00edos Atoyac y Salado: Salom\u00f3n Jara","datePublished":"2024-12-04T21:32:06+00:00","dateModified":"2024-12-04T21:32:10+00:00","mainEntityOfPage":{"@id":"https:\/\/www.bbmnoticias.com\/labravaradiofm\/2024\/12\/04\/como-nunca-antes-la-primavera-oaxaquena-recupera-dos-importantes-afluentes-los-rios-atoyac-y-salado-salomon-jara\/"},"wordCount":592,"image":{"@id":"https:\/\/www.bbmnoticias.com\/labravaradiofm\/2024\/12\/04\/como-nunca-antes-la-primavera-oaxaquena-recupera-dos-importantes-afluentes-los-rios-atoyac-y-salado-salomon-jara\/#primaryimage"},"thumbnailUrl":"https:\/\/www.bbmnoticias.com\/labravaradiofm\/wp-content\/uploads\/sites\/5\/2024\/03\/rio-salado-atoyac.jpg","articleSection":["LOCAL"],"inLanguage":"es"},{"@type":"WebPage","@id":"https:\/\/www.bbmnoticias.com\/labravaradiofm\/2024\/12\/04\/como-nunca-antes-la-primavera-oaxaquena-recupera-dos-importantes-afluentes-los-rios-atoyac-y-salado-salomon-jara\/","url":"https:\/\/www.bbmnoticias.com\/labravaradiofm\/2024\/12\/04\/como-nunca-antes-la-primavera-oaxaquena-recupera-dos-importantes-afluentes-los-rios-atoyac-y-salado-salomon-jara\/","name":"Como nunca antes, la Primavera Oaxaque\u00f1a recupera dos importantes afluentes, los r\u00edos Atoyac y Salado: Salom\u00f3n Jara - LA BRAVA RADIO","isPartOf":{"@id":"https:\/\/www.bbmnoticias.com\/labravaradiofm\/#website"},"primaryImageOfPage":{"@id":"https:\/\/www.bbmnoticias.com\/labravaradiofm\/2024\/12\/04\/como-nunca-antes-la-primavera-oaxaquena-recupera-dos-importantes-afluentes-los-rios-atoyac-y-salado-salomon-jara\/#primaryimage"},"image":{"@id":"https:\/\/www.bbmnoticias.com\/labravaradiofm\/2024\/12\/04\/como-nunca-antes-la-primavera-oaxaquena-recupera-dos-importantes-afluentes-los-rios-atoyac-y-salado-salomon-jara\/#primaryimage"},"thumbnailUrl":"https:\/\/www.bbmnoticias.com\/labravaradiofm\/wp-content\/uploads\/sites\/5\/2024\/03\/rio-salado-atoyac.jpg","datePublished":"2024-12-04T21:32:06+00:00","dateModified":"2024-12-04T21:32:10+00:00","author":{"@id":"https:\/\/www.bbmnoticias.com\/labravaradiofm\/#\/schema\/person\/34b139c617a70ea5bef5678bffe4dd7b"},"breadcrumb":{"@id":"https:\/\/www.bbmnoticias.com\/labravaradiofm\/2024\/12\/04\/como-nunca-antes-la-primavera-oaxaquena-recupera-dos-importantes-afluentes-los-rios-atoyac-y-salado-salomon-jara\/#breadcrumb"},"inLanguage":"es","potentialAction":[{"@type":"ReadAction","target":["https:\/\/www.bbmnoticias.com\/labravaradiofm\/2024\/12\/04\/como-nunca-antes-la-primavera-oaxaquena-recupera-dos-importantes-afluentes-los-rios-atoyac-y-salado-salomon-jara\/"]}]},{"@type":"ImageObject","inLanguage":"es","@id":"https:\/\/www.bbmnoticias.com\/labravaradiofm\/2024\/12\/04\/como-nunca-antes-la-primavera-oaxaquena-recupera-dos-importantes-afluentes-los-rios-atoyac-y-salado-salomon-jara\/#primaryimage","url":"https:\/\/www.bbmnoticias.com\/labravaradiofm\/wp-content\/uploads\/sites\/5\/2024\/03\/rio-salado-atoyac.jpg","contentUrl":"https:\/\/www.bbmnoticias.com\/labravaradiofm\/wp-content\/uploads\/sites\/5\/2024\/03\/rio-salado-atoyac.jpg","width":800,"height":480},{"@type":"BreadcrumbList","@id":"https:\/\/www.bbmnoticias.com\/labravaradiofm\/2024\/12\/04\/como-nunca-antes-la-primavera-oaxaquena-recupera-dos-importantes-afluentes-los-rios-atoyac-y-salado-salomon-jara\/#breadcrumb","itemListElement":[{"@type":"ListItem","position":1,"name":"Inicio","item":"https:\/\/www.bbmnoticias.com\/labravaradiofm\/"},{"@type":"ListItem","position":2,"name":"Como nunca antes, la Primavera Oaxaque\u00f1a recupera dos importantes afluentes, los r\u00edos Atoyac y Salado: Salom\u00f3n Jara"}]},{"@type":"WebSite","@id":"https:\/\/www.bbmnoticias.com\/labravaradiofm\/#website","url":"https:\/\/www.bbmnoticias.com\/labravaradiofm\/","name":"LA BRAVA RADIO","description":"Empresa productora de medios, Radiodifusi\u00f3n, Noticias, tendencias y todo lo que necesitas saber de la pol\u00edtica mexicana e internacional; entretenimiento, espect\u00e1culos, salud y mucho m\u00e1s.","potentialAction":[{"@type":"SearchAction","target":{"@type":"EntryPoint","urlTemplate":"https:\/\/www.bbmnoticias.com\/labravaradiofm\/?s={search_term_string}"},"query-input":{"@type":"PropertyValueSpecification","valueRequired":true,"valueName":"search_term_string"}}],"inLanguage":"es"},{"@type":"Person","@id":"https:\/\/www.bbmnoticias.com\/labravaradiofm\/#\/schema\/person\/34b139c617a70ea5bef5678bffe4dd7b","name":"Staff","image":{"@type":"ImageObject","inLanguage":"es","@id":"https:\/\/secure.gravatar.com\/avatar\/fdd21ad66fd8b98c407f9dee5b5e588cfe7f0d8579ec20fa6527cd59bab7f0f0?s=96&d=mm&r=g","url":"https:\/\/secure.gravatar.com\/avatar\/fdd21ad66fd8b98c407f9dee5b5e588cfe7f0d8579ec20fa6527cd59bab7f0f0?s=96&d=mm&r=g","contentUrl":"https:\/\/secure.gravatar.com\/avatar\/fdd21ad66fd8b98c407f9dee5b5e588cfe7f0d8579ec20fa6527cd59bab7f0f0?s=96&d=mm&r=g","caption":"Staff"},"url":"https:\/\/www.bbmnoticias.com\/labravaradiofm\/author\/redaccion\/"}]}},"_links":{"self":[{"href":"https:\/\/www.bbmnoticias.com\/labravaradiofm\/wp-json\/wp\/v2\/posts\/51074","targetHints":{"allow":["GET"]}}],"collection":[{"href":"https:\/\/www.bbmnoticias.com\/labravaradiofm\/wp-json\/wp\/v2\/posts"}],"about":[{"href":"https:\/\/www.bbmnoticias.com\/labravaradiofm\/wp-json\/wp\/v2\/types\/post"}],"author":[{"embeddable":true,"href":"https:\/\/www.bbmnoticias.com\/labravaradiofm\/wp-json\/wp\/v2\/users\/2"}],"replies":[{"embeddable":true,"href":"https:\/\/www.bbmnoticias.com\/labravaradiofm\/wp-json\/wp\/v2\/comments?post=51074"}],"version-history":[{"count":0,"href":"https:\/\/www.bbmnoticias.com\/labravaradiofm\/wp-json\/wp\/v2\/posts\/51074\/revisions"}],"wp:featuredmedia":[{"embeddable":true,"href":"https:\/\/www.bbmnoticias.com\/labravaradiofm\/wp-json\/wp\/v2\/media\/39610"}],"wp:attachment":[{"href":"https:\/\/www.bbmnoticias.com\/labravaradiofm\/wp-json\/wp\/v2\/media?parent=51074"}],"wp:term":[{"taxonomy":"category","embeddable":true,"href":"https:\/\/www.bbmnoticias.com\/labravaradiofm\/wp-json\/wp\/v2\/categories?post=51074"},{"taxonomy":"post_tag","embeddable":true,"href":"https:\/\/www.bbmnoticias.com\/labravaradiofm\/wp-json\/wp\/v2\/tags?post=51074"}],"curies":[{"name":"wp","href":"https:\/\/api.w.org\/{rel}","templated":true}]}}