{"id":51062,"date":"2024-12-04T12:36:42","date_gmt":"2024-12-04T18:36:42","guid":{"rendered":"https:\/\/www.bbmnoticias.com\/labravaradiofm\/?p=51062"},"modified":"2024-12-04T12:36:45","modified_gmt":"2024-12-04T18:36:45","slug":"pension-imss-e-issste-de-cuanto-seria-el-pago-con-el-aumento-al-salario-en-2025","status":"publish","type":"post","link":"https:\/\/www.bbmnoticias.com\/labravaradiofm\/2024\/12\/04\/pension-imss-e-issste-de-cuanto-seria-el-pago-con-el-aumento-al-salario-en-2025\/","title":{"rendered":"Pensi\u00f3n IMSS e ISSSTE: De cu\u00e1nto ser\u00eda el pago con el aumento al salario en 2025"},"content":{"rendered":"<div style=\"margin-top: 0px; margin-bottom: 0px;\" class=\"sharethis-inline-share-buttons\" ><\/div>\n<p>Este 4 de diciembre la presidenta de M\u00e9xico, Claudia Sheinbaum, anunci\u00f3 que habr\u00e1 un <strong>incremento<\/strong> del <strong>12% al salario m\u00ednimo<\/strong>, por lo que varios sectores de\u00a0poblaci\u00f3n se ver\u00e1n beneficiados, algunos de ellos son los jubilados que reciben pensi\u00f3n por parte del\u00a0Instituto de Seguridad y Servicios Sociales de los Trabajadores del Estado (<strong>ISSSTE<\/strong>) o del Instituto Mexicano del Seguro Social\u00a0(<strong>IMSS<\/strong>).<\/p>\n\n\n\n<p>De acuerdo con informaci\u00f3n del <strong>IMSS<\/strong>, la <strong>pensi\u00f3n<\/strong> es una\u00a0prestaci\u00f3n econ\u00f3mica destinada a proteger al trabajador al ocurrirle un accidente de trabajo, al padecer una enfermedad o accidente no laborales, o al cumplir al menos 60 a\u00f1os de edad. De igual manera, en caso de fallecimiento del trabajador o pensionado, protege a sus beneficiarios.\u00a0<\/p>\n\n\n\n<p>Aunque las pensiones podr\u00edan tener un aumento por el <strong>incremento<\/strong> del <strong>12% al salario m\u00ednimo<\/strong>, cabe mencionar que el pago de la pensi\u00f3n puede variar con la inflaci\u00f3n o por las tablas del salario m\u00ednimo que se publican el 1 de enero 2025.<\/p>\n\n\n\n<h2 class=\"wp-block-heading\">\u00bfDe cu\u00e1nto ser\u00eda el pago de pensiones con el aumento al salario en 2025?<\/h2>\n\n\n\n<p>Sobre el incremento al <strong>salario m\u00ednimo<\/strong>, la presidenta de M\u00e9xico, Claudia Sheinbaum, explic\u00f3 que el pr\u00f3ximo a\u00f1o&nbsp;el&nbsp;salario m\u00ednimo&nbsp;en todo el pa\u00eds tendr\u00e1 un <strong>aumento del 12%<\/strong>, por lo que pasar\u00e1&nbsp;de 248.93 a 278.80&nbsp;pesos diarios, por lo que al mes una persona que reciba el&nbsp;salario m\u00ednimo&nbsp;tendr\u00e1 un sueldo de aproximadamente&nbsp;8 mil 364 pesos.<\/p>\n\n\n\n<p>En el caso de los estados&nbsp;que forman parte de la&nbsp;Zona Libre de la Frontera Norte el <strong>salario m\u00ednimo<\/strong> ser\u00e1 de&nbsp;467 pesos al d\u00eda, por lo que al mes quedar\u00e1 en&nbsp;12 mil 596 pesos.&nbsp;<\/p>\n","protected":false},"excerpt":{"rendered":"<p>Este 4 de diciembre la presidenta de M\u00e9xico, Claudia Sheinbaum, anunci\u00f3 que habr\u00e1 un incremento del 12% al salario m\u00ednimo, por lo que varios sectores de\u00a0poblaci\u00f3n se ver\u00e1n beneficiados, algunos de ellos son los jubilados que reciben pensi\u00f3n por parte del\u00a0Instituto de Seguridad y Servicios Sociales de los Trabajadores del Estado (ISSSTE) o del Instituto [&hellip;]<\/p>\n","protected":false},"author":2,"featured_media":51063,"comment_status":"closed","ping_status":"closed","sticky":false,"template":"","format":"standard","meta":{"footnotes":""},"categories":[19],"tags":[],"class_list":{"0":"post-51062","1":"post","2":"type-post","3":"status-publish","4":"format-standard","5":"has-post-thumbnail","7":"category-nacional"},"yoast_head":"<!-- This site is optimized with the Yoast SEO plugin v27.4 - https:\/\/yoast.com\/product\/yoast-seo-wordpress\/ -->\n<title>Pensi\u00f3n IMSS e ISSSTE: De cu\u00e1nto ser\u00eda el pago con el aumento al salario en 2025 - LA BRAVA RADIO<\/title>\n<meta name=\"robots\" content=\"index, follow, max-snippet:-1, max-image-preview:large, max-video-preview:-1\" \/>\n<link rel=\"canonical\" href=\"https:\/\/www.bbmnoticias.com\/labravaradiofm\/2024\/12\/04\/pension-imss-e-issste-de-cuanto-seria-el-pago-con-el-aumento-al-salario-en-2025\/\" \/>\n<meta property=\"og:locale\" content=\"es_MX\" \/>\n<meta property=\"og:type\" content=\"article\" \/>\n<meta property=\"og:title\" content=\"Pensi\u00f3n IMSS e ISSSTE: De cu\u00e1nto ser\u00eda el pago con el aumento al salario en 2025 - LA BRAVA RADIO\" \/>\n<meta property=\"og:description\" content=\"Este 4 de diciembre la presidenta de M\u00e9xico, Claudia Sheinbaum, anunci\u00f3 que habr\u00e1 un incremento del 12% al salario m\u00ednimo, por lo que varios sectores de\u00a0poblaci\u00f3n se ver\u00e1n beneficiados, algunos de ellos son los jubilados que reciben pensi\u00f3n por parte del\u00a0Instituto de Seguridad y Servicios Sociales de los Trabajadores del Estado (ISSSTE) o del Instituto [&hellip;]\" \/>\n<meta property=\"og:url\" content=\"https:\/\/www.bbmnoticias.com\/labravaradiofm\/2024\/12\/04\/pension-imss-e-issste-de-cuanto-seria-el-pago-con-el-aumento-al-salario-en-2025\/\" \/>\n<meta property=\"og:site_name\" content=\"LA BRAVA RADIO\" \/>\n<meta property=\"article:published_time\" content=\"2024-12-04T18:36:42+00:00\" \/>\n<meta property=\"article:modified_time\" content=\"2024-12-04T18:36:45+00:00\" \/>\n<meta property=\"og:image\" content=\"https:\/\/www.bbmnoticias.com\/labravaradiofm\/wp-content\/uploads\/sites\/5\/2024\/12\/f768x1-1017622_1017749_5050.jpg\" \/>\n\t<meta property=\"og:image:width\" content=\"768\" \/>\n\t<meta property=\"og:image:height\" content=\"432\" \/>\n\t<meta property=\"og:image:type\" content=\"image\/jpeg\" \/>\n<meta name=\"author\" content=\"Staff\" \/>\n<meta name=\"twitter:card\" content=\"summary_large_image\" \/>\n<meta name=\"twitter:label1\" content=\"Escrito por\" \/>\n\t<meta name=\"twitter:data1\" content=\"Staff\" \/>\n\t<meta name=\"twitter:label2\" content=\"Tiempo de lectura\" \/>\n\t<meta name=\"twitter:data2\" content=\"2 minutos\" \/>\n<script type=\"application\/ld+json\" class=\"yoast-schema-graph\">{\"@context\":\"https:\\\/\\\/schema.org\",\"@graph\":[{\"@type\":\"Article\",\"@id\":\"https:\\\/\\\/www.bbmnoticias.com\\\/labravaradiofm\\\/2024\\\/12\\\/04\\\/pension-imss-e-issste-de-cuanto-seria-el-pago-con-el-aumento-al-salario-en-2025\\\/#article\",\"isPartOf\":{\"@id\":\"https:\\\/\\\/www.bbmnoticias.com\\\/labravaradiofm\\\/2024\\\/12\\\/04\\\/pension-imss-e-issste-de-cuanto-seria-el-pago-con-el-aumento-al-salario-en-2025\\\/\"},\"author\":{\"name\":\"Staff\",\"@id\":\"https:\\\/\\\/www.bbmnoticias.com\\\/labravaradiofm\\\/#\\\/schema\\\/person\\\/34b139c617a70ea5bef5678bffe4dd7b\"},\"headline\":\"Pensi\u00f3n IMSS e ISSSTE: De cu\u00e1nto ser\u00eda el pago con el aumento al salario en 2025\",\"datePublished\":\"2024-12-04T18:36:42+00:00\",\"dateModified\":\"2024-12-04T18:36:45+00:00\",\"mainEntityOfPage\":{\"@id\":\"https:\\\/\\\/www.bbmnoticias.com\\\/labravaradiofm\\\/2024\\\/12\\\/04\\\/pension-imss-e-issste-de-cuanto-seria-el-pago-con-el-aumento-al-salario-en-2025\\\/\"},\"wordCount\":313,\"image\":{\"@id\":\"https:\\\/\\\/www.bbmnoticias.com\\\/labravaradiofm\\\/2024\\\/12\\\/04\\\/pension-imss-e-issste-de-cuanto-seria-el-pago-con-el-aumento-al-salario-en-2025\\\/#primaryimage\"},\"thumbnailUrl\":\"https:\\\/\\\/www.bbmnoticias.com\\\/labravaradiofm\\\/wp-content\\\/uploads\\\/sites\\\/5\\\/2024\\\/12\\\/f768x1-1017622_1017749_5050.jpg\",\"articleSection\":[\"NACIONAL\"],\"inLanguage\":\"es\"},{\"@type\":\"WebPage\",\"@id\":\"https:\\\/\\\/www.bbmnoticias.com\\\/labravaradiofm\\\/2024\\\/12\\\/04\\\/pension-imss-e-issste-de-cuanto-seria-el-pago-con-el-aumento-al-salario-en-2025\\\/\",\"url\":\"https:\\\/\\\/www.bbmnoticias.com\\\/labravaradiofm\\\/2024\\\/12\\\/04\\\/pension-imss-e-issste-de-cuanto-seria-el-pago-con-el-aumento-al-salario-en-2025\\\/\",\"name\":\"Pensi\u00f3n IMSS e ISSSTE: De cu\u00e1nto ser\u00eda el pago con el aumento al salario en 2025 - LA BRAVA RADIO\",\"isPartOf\":{\"@id\":\"https:\\\/\\\/www.bbmnoticias.com\\\/labravaradiofm\\\/#website\"},\"primaryImageOfPage\":{\"@id\":\"https:\\\/\\\/www.bbmnoticias.com\\\/labravaradiofm\\\/2024\\\/12\\\/04\\\/pension-imss-e-issste-de-cuanto-seria-el-pago-con-el-aumento-al-salario-en-2025\\\/#primaryimage\"},\"image\":{\"@id\":\"https:\\\/\\\/www.bbmnoticias.com\\\/labravaradiofm\\\/2024\\\/12\\\/04\\\/pension-imss-e-issste-de-cuanto-seria-el-pago-con-el-aumento-al-salario-en-2025\\\/#primaryimage\"},\"thumbnailUrl\":\"https:\\\/\\\/www.bbmnoticias.com\\\/labravaradiofm\\\/wp-content\\\/uploads\\\/sites\\\/5\\\/2024\\\/12\\\/f768x1-1017622_1017749_5050.jpg\",\"datePublished\":\"2024-12-04T18:36:42+00:00\",\"dateModified\":\"2024-12-04T18:36:45+00:00\",\"author\":{\"@id\":\"https:\\\/\\\/www.bbmnoticias.com\\\/labravaradiofm\\\/#\\\/schema\\\/person\\\/34b139c617a70ea5bef5678bffe4dd7b\"},\"breadcrumb\":{\"@id\":\"https:\\\/\\\/www.bbmnoticias.com\\\/labravaradiofm\\\/2024\\\/12\\\/04\\\/pension-imss-e-issste-de-cuanto-seria-el-pago-con-el-aumento-al-salario-en-2025\\\/#breadcrumb\"},\"inLanguage\":\"es\",\"potentialAction\":[{\"@type\":\"ReadAction\",\"target\":[\"https:\\\/\\\/www.bbmnoticias.com\\\/labravaradiofm\\\/2024\\\/12\\\/04\\\/pension-imss-e-issste-de-cuanto-seria-el-pago-con-el-aumento-al-salario-en-2025\\\/\"]}]},{\"@type\":\"ImageObject\",\"inLanguage\":\"es\",\"@id\":\"https:\\\/\\\/www.bbmnoticias.com\\\/labravaradiofm\\\/2024\\\/12\\\/04\\\/pension-imss-e-issste-de-cuanto-seria-el-pago-con-el-aumento-al-salario-en-2025\\\/#primaryimage\",\"url\":\"https:\\\/\\\/www.bbmnoticias.com\\\/labravaradiofm\\\/wp-content\\\/uploads\\\/sites\\\/5\\\/2024\\\/12\\\/f768x1-1017622_1017749_5050.jpg\",\"contentUrl\":\"https:\\\/\\\/www.bbmnoticias.com\\\/labravaradiofm\\\/wp-content\\\/uploads\\\/sites\\\/5\\\/2024\\\/12\\\/f768x1-1017622_1017749_5050.jpg\",\"width\":768,\"height\":432},{\"@type\":\"BreadcrumbList\",\"@id\":\"https:\\\/\\\/www.bbmnoticias.com\\\/labravaradiofm\\\/2024\\\/12\\\/04\\\/pension-imss-e-issste-de-cuanto-seria-el-pago-con-el-aumento-al-salario-en-2025\\\/#breadcrumb\",\"itemListElement\":[{\"@type\":\"ListItem\",\"position\":1,\"name\":\"Inicio\",\"item\":\"https:\\\/\\\/www.bbmnoticias.com\\\/labravaradiofm\\\/\"},{\"@type\":\"ListItem\",\"position\":2,\"name\":\"Pensi\u00f3n IMSS e ISSSTE: De cu\u00e1nto ser\u00eda el pago con el aumento al salario en 2025\"}]},{\"@type\":\"WebSite\",\"@id\":\"https:\\\/\\\/www.bbmnoticias.com\\\/labravaradiofm\\\/#website\",\"url\":\"https:\\\/\\\/www.bbmnoticias.com\\\/labravaradiofm\\\/\",\"name\":\"LA BRAVA RADIO\",\"description\":\"Empresa productora de medios, Radiodifusi\u00f3n, Noticias, tendencias y todo lo que necesitas saber de la pol\u00edtica mexicana e internacional; entretenimiento, espect\u00e1culos, salud y mucho m\u00e1s.\",\"potentialAction\":[{\"@type\":\"SearchAction\",\"target\":{\"@type\":\"EntryPoint\",\"urlTemplate\":\"https:\\\/\\\/www.bbmnoticias.com\\\/labravaradiofm\\\/?s={search_term_string}\"},\"query-input\":{\"@type\":\"PropertyValueSpecification\",\"valueRequired\":true,\"valueName\":\"search_term_string\"}}],\"inLanguage\":\"es\"},{\"@type\":\"Person\",\"@id\":\"https:\\\/\\\/www.bbmnoticias.com\\\/labravaradiofm\\\/#\\\/schema\\\/person\\\/34b139c617a70ea5bef5678bffe4dd7b\",\"name\":\"Staff\",\"image\":{\"@type\":\"ImageObject\",\"inLanguage\":\"es\",\"@id\":\"https:\\\/\\\/secure.gravatar.com\\\/avatar\\\/fdd21ad66fd8b98c407f9dee5b5e588cfe7f0d8579ec20fa6527cd59bab7f0f0?s=96&d=mm&r=g\",\"url\":\"https:\\\/\\\/secure.gravatar.com\\\/avatar\\\/fdd21ad66fd8b98c407f9dee5b5e588cfe7f0d8579ec20fa6527cd59bab7f0f0?s=96&d=mm&r=g\",\"contentUrl\":\"https:\\\/\\\/secure.gravatar.com\\\/avatar\\\/fdd21ad66fd8b98c407f9dee5b5e588cfe7f0d8579ec20fa6527cd59bab7f0f0?s=96&d=mm&r=g\",\"caption\":\"Staff\"},\"url\":\"https:\\\/\\\/www.bbmnoticias.com\\\/labravaradiofm\\\/author\\\/redaccion\\\/\"}]}<\/script>\n<!-- \/ Yoast SEO plugin. -->","yoast_head_json":{"title":"Pensi\u00f3n IMSS e ISSSTE: De cu\u00e1nto ser\u00eda el pago con el aumento al salario en 2025 - LA BRAVA RADIO","robots":{"index":"index","follow":"follow","max-snippet":"max-snippet:-1","max-image-preview":"max-image-preview:large","max-video-preview":"max-video-preview:-1"},"canonical":"https:\/\/www.bbmnoticias.com\/labravaradiofm\/2024\/12\/04\/pension-imss-e-issste-de-cuanto-seria-el-pago-con-el-aumento-al-salario-en-2025\/","og_locale":"es_MX","og_type":"article","og_title":"Pensi\u00f3n IMSS e ISSSTE: De cu\u00e1nto ser\u00eda el pago con el aumento al salario en 2025 - LA BRAVA RADIO","og_description":"Este 4 de diciembre la presidenta de M\u00e9xico, Claudia Sheinbaum, anunci\u00f3 que habr\u00e1 un incremento del 12% al salario m\u00ednimo, por lo que varios sectores de\u00a0poblaci\u00f3n se ver\u00e1n beneficiados, algunos de ellos son los jubilados que reciben pensi\u00f3n por parte del\u00a0Instituto de Seguridad y Servicios Sociales de los Trabajadores del Estado (ISSSTE) o del Instituto [&hellip;]","og_url":"https:\/\/www.bbmnoticias.com\/labravaradiofm\/2024\/12\/04\/pension-imss-e-issste-de-cuanto-seria-el-pago-con-el-aumento-al-salario-en-2025\/","og_site_name":"LA BRAVA RADIO","article_published_time":"2024-12-04T18:36:42+00:00","article_modified_time":"2024-12-04T18:36:45+00:00","og_image":[{"width":768,"height":432,"url":"https:\/\/www.bbmnoticias.com\/labravaradiofm\/wp-content\/uploads\/sites\/5\/2024\/12\/f768x1-1017622_1017749_5050.jpg","type":"image\/jpeg"}],"author":"Staff","twitter_card":"summary_large_image","twitter_misc":{"Escrito por":"Staff","Tiempo de lectura":"2 minutos"},"schema":{"@context":"https:\/\/schema.org","@graph":[{"@type":"Article","@id":"https:\/\/www.bbmnoticias.com\/labravaradiofm\/2024\/12\/04\/pension-imss-e-issste-de-cuanto-seria-el-pago-con-el-aumento-al-salario-en-2025\/#article","isPartOf":{"@id":"https:\/\/www.bbmnoticias.com\/labravaradiofm\/2024\/12\/04\/pension-imss-e-issste-de-cuanto-seria-el-pago-con-el-aumento-al-salario-en-2025\/"},"author":{"name":"Staff","@id":"https:\/\/www.bbmnoticias.com\/labravaradiofm\/#\/schema\/person\/34b139c617a70ea5bef5678bffe4dd7b"},"headline":"Pensi\u00f3n IMSS e ISSSTE: De cu\u00e1nto ser\u00eda el pago con el aumento al salario en 2025","datePublished":"2024-12-04T18:36:42+00:00","dateModified":"2024-12-04T18:36:45+00:00","mainEntityOfPage":{"@id":"https:\/\/www.bbmnoticias.com\/labravaradiofm\/2024\/12\/04\/pension-imss-e-issste-de-cuanto-seria-el-pago-con-el-aumento-al-salario-en-2025\/"},"wordCount":313,"image":{"@id":"https:\/\/www.bbmnoticias.com\/labravaradiofm\/2024\/12\/04\/pension-imss-e-issste-de-cuanto-seria-el-pago-con-el-aumento-al-salario-en-2025\/#primaryimage"},"thumbnailUrl":"https:\/\/www.bbmnoticias.com\/labravaradiofm\/wp-content\/uploads\/sites\/5\/2024\/12\/f768x1-1017622_1017749_5050.jpg","articleSection":["NACIONAL"],"inLanguage":"es"},{"@type":"WebPage","@id":"https:\/\/www.bbmnoticias.com\/labravaradiofm\/2024\/12\/04\/pension-imss-e-issste-de-cuanto-seria-el-pago-con-el-aumento-al-salario-en-2025\/","url":"https:\/\/www.bbmnoticias.com\/labravaradiofm\/2024\/12\/04\/pension-imss-e-issste-de-cuanto-seria-el-pago-con-el-aumento-al-salario-en-2025\/","name":"Pensi\u00f3n IMSS e ISSSTE: De cu\u00e1nto ser\u00eda el pago con el aumento al salario en 2025 - LA BRAVA RADIO","isPartOf":{"@id":"https:\/\/www.bbmnoticias.com\/labravaradiofm\/#website"},"primaryImageOfPage":{"@id":"https:\/\/www.bbmnoticias.com\/labravaradiofm\/2024\/12\/04\/pension-imss-e-issste-de-cuanto-seria-el-pago-con-el-aumento-al-salario-en-2025\/#primaryimage"},"image":{"@id":"https:\/\/www.bbmnoticias.com\/labravaradiofm\/2024\/12\/04\/pension-imss-e-issste-de-cuanto-seria-el-pago-con-el-aumento-al-salario-en-2025\/#primaryimage"},"thumbnailUrl":"https:\/\/www.bbmnoticias.com\/labravaradiofm\/wp-content\/uploads\/sites\/5\/2024\/12\/f768x1-1017622_1017749_5050.jpg","datePublished":"2024-12-04T18:36:42+00:00","dateModified":"2024-12-04T18:36:45+00:00","author":{"@id":"https:\/\/www.bbmnoticias.com\/labravaradiofm\/#\/schema\/person\/34b139c617a70ea5bef5678bffe4dd7b"},"breadcrumb":{"@id":"https:\/\/www.bbmnoticias.com\/labravaradiofm\/2024\/12\/04\/pension-imss-e-issste-de-cuanto-seria-el-pago-con-el-aumento-al-salario-en-2025\/#breadcrumb"},"inLanguage":"es","potentialAction":[{"@type":"ReadAction","target":["https:\/\/www.bbmnoticias.com\/labravaradiofm\/2024\/12\/04\/pension-imss-e-issste-de-cuanto-seria-el-pago-con-el-aumento-al-salario-en-2025\/"]}]},{"@type":"ImageObject","inLanguage":"es","@id":"https:\/\/www.bbmnoticias.com\/labravaradiofm\/2024\/12\/04\/pension-imss-e-issste-de-cuanto-seria-el-pago-con-el-aumento-al-salario-en-2025\/#primaryimage","url":"https:\/\/www.bbmnoticias.com\/labravaradiofm\/wp-content\/uploads\/sites\/5\/2024\/12\/f768x1-1017622_1017749_5050.jpg","contentUrl":"https:\/\/www.bbmnoticias.com\/labravaradiofm\/wp-content\/uploads\/sites\/5\/2024\/12\/f768x1-1017622_1017749_5050.jpg","width":768,"height":432},{"@type":"BreadcrumbList","@id":"https:\/\/www.bbmnoticias.com\/labravaradiofm\/2024\/12\/04\/pension-imss-e-issste-de-cuanto-seria-el-pago-con-el-aumento-al-salario-en-2025\/#breadcrumb","itemListElement":[{"@type":"ListItem","position":1,"name":"Inicio","item":"https:\/\/www.bbmnoticias.com\/labravaradiofm\/"},{"@type":"ListItem","position":2,"name":"Pensi\u00f3n IMSS e ISSSTE: De cu\u00e1nto ser\u00eda el pago con el aumento al salario en 2025"}]},{"@type":"WebSite","@id":"https:\/\/www.bbmnoticias.com\/labravaradiofm\/#website","url":"https:\/\/www.bbmnoticias.com\/labravaradiofm\/","name":"LA BRAVA RADIO","description":"Empresa productora de medios, Radiodifusi\u00f3n, Noticias, tendencias y todo lo que necesitas saber de la pol\u00edtica mexicana e internacional; entretenimiento, espect\u00e1culos, salud y mucho m\u00e1s.","potentialAction":[{"@type":"SearchAction","target":{"@type":"EntryPoint","urlTemplate":"https:\/\/www.bbmnoticias.com\/labravaradiofm\/?s={search_term_string}"},"query-input":{"@type":"PropertyValueSpecification","valueRequired":true,"valueName":"search_term_string"}}],"inLanguage":"es"},{"@type":"Person","@id":"https:\/\/www.bbmnoticias.com\/labravaradiofm\/#\/schema\/person\/34b139c617a70ea5bef5678bffe4dd7b","name":"Staff","image":{"@type":"ImageObject","inLanguage":"es","@id":"https:\/\/secure.gravatar.com\/avatar\/fdd21ad66fd8b98c407f9dee5b5e588cfe7f0d8579ec20fa6527cd59bab7f0f0?s=96&d=mm&r=g","url":"https:\/\/secure.gravatar.com\/avatar\/fdd21ad66fd8b98c407f9dee5b5e588cfe7f0d8579ec20fa6527cd59bab7f0f0?s=96&d=mm&r=g","contentUrl":"https:\/\/secure.gravatar.com\/avatar\/fdd21ad66fd8b98c407f9dee5b5e588cfe7f0d8579ec20fa6527cd59bab7f0f0?s=96&d=mm&r=g","caption":"Staff"},"url":"https:\/\/www.bbmnoticias.com\/labravaradiofm\/author\/redaccion\/"}]}},"_links":{"self":[{"href":"https:\/\/www.bbmnoticias.com\/labravaradiofm\/wp-json\/wp\/v2\/posts\/51062","targetHints":{"allow":["GET"]}}],"collection":[{"href":"https:\/\/www.bbmnoticias.com\/labravaradiofm\/wp-json\/wp\/v2\/posts"}],"about":[{"href":"https:\/\/www.bbmnoticias.com\/labravaradiofm\/wp-json\/wp\/v2\/types\/post"}],"author":[{"embeddable":true,"href":"https:\/\/www.bbmnoticias.com\/labravaradiofm\/wp-json\/wp\/v2\/users\/2"}],"replies":[{"embeddable":true,"href":"https:\/\/www.bbmnoticias.com\/labravaradiofm\/wp-json\/wp\/v2\/comments?post=51062"}],"version-history":[{"count":0,"href":"https:\/\/www.bbmnoticias.com\/labravaradiofm\/wp-json\/wp\/v2\/posts\/51062\/revisions"}],"wp:featuredmedia":[{"embeddable":true,"href":"https:\/\/www.bbmnoticias.com\/labravaradiofm\/wp-json\/wp\/v2\/media\/51063"}],"wp:attachment":[{"href":"https:\/\/www.bbmnoticias.com\/labravaradiofm\/wp-json\/wp\/v2\/media?parent=51062"}],"wp:term":[{"taxonomy":"category","embeddable":true,"href":"https:\/\/www.bbmnoticias.com\/labravaradiofm\/wp-json\/wp\/v2\/categories?post=51062"},{"taxonomy":"post_tag","embeddable":true,"href":"https:\/\/www.bbmnoticias.com\/labravaradiofm\/wp-json\/wp\/v2\/tags?post=51062"}],"curies":[{"name":"wp","href":"https:\/\/api.w.org\/{rel}","templated":true}]}}