{"id":51058,"date":"2024-12-04T14:36:54","date_gmt":"2024-12-04T20:36:54","guid":{"rendered":"https:\/\/www.bbmnoticias.com\/labravaradiofm\/?p=51058"},"modified":"2024-12-04T14:36:58","modified_gmt":"2024-12-04T20:36:58","slug":"oaxaca-a-la-vanguardia-brinda-seguridad-social-a-periodistas-y-voceadores","status":"publish","type":"post","link":"https:\/\/www.bbmnoticias.com\/labravaradiofm\/2024\/12\/04\/oaxaca-a-la-vanguardia-brinda-seguridad-social-a-periodistas-y-voceadores\/","title":{"rendered":"Oaxaca a la vanguardia, brinda seguridad social a periodistas y voceadores"},"content":{"rendered":"<div style=\"margin-top: 0px; margin-bottom: 0px;\" class=\"sharethis-inline-share-buttons\" ><\/div>\n<ul class=\"wp-block-list\">\n<li>Salom\u00f3n Jara sienta precedente a nivel nacional al garantizar salud y en un futuro vivienda al gremio period\u00edstico<\/li>\n<\/ul>\n\n\n\n<p>Oaxaca de Ju\u00e1rez, Oax. 4 de diciembre de 2024.- A trav\u00e9s de la Incorporaci\u00f3n Voluntaria al R\u00e9gimen Obligatorio del Seguro Social de Periodistas Activos e Independientes de Oaxaca 2024, la Coordinaci\u00f3n de Comunicaci\u00f3n Social del Gobierno del Estado dio a conocer que partir del 1 de diciembre, por primera vez 73 personas que laboran en esta profesi\u00f3n, as\u00ed como 22 voceadoras, son beneficiarias con este respaldo que protege sus derechos e impulsa su labor informativa de manera digna.<\/p>\n\n\n\n<p>La titular de la Coordinaci\u00f3n de Comunicaci\u00f3n Social, Elizabeth \u00c1lvarez Acosta destac\u00f3 ante el Gobernador Salom\u00f3n Jara Cruz, que Oaxaca es el primer estado en brindar esta protecci\u00f3n de seguridad social a las personas voceadoras. De esta manera ambos sectores podr\u00e1n acceder a prestaciones de previsi\u00f3n social.<\/p>\n\n\n\n<p>Anunci\u00f3 que en el pr\u00f3ximo mes de enero, las y los profesionales de la comunicaci\u00f3n y quienes expenden los impresos, podr\u00e1n acceder a la asistencia que otorga el Instituto del Fondo Nacional de la Vivienda para los Trabajadores (Infonavit) y contar con un patrimonio para sus familias.<\/p>\n\n\n\n<p>Explic\u00f3 tambi\u00e9n que los servicios que podr\u00e1n acceder a trav\u00e9s del Instituto Mexicano del Seguro Social (IMSS) son Enfermedad y maternidad, Riesgos de trabajo, Invalidez y vida, Retiro, Cesant\u00eda en edad avanzada y vejez, Guarder\u00eda, y prestaciones sociales, con las que se reconoce y protege el trabajo de informar a la poblaci\u00f3n.<\/p>\n\n\n\n<p>\u00c1lvarez Acosta agradeci\u00f3 los esfuerzos de las instituciones del Gobierno de la Primavera Oaxaque\u00f1a que conforman el Consejo Consultivo para la Incorporaci\u00f3n Voluntaria del Seguro Social de Periodistas -el cual se integr\u00f3 el pasado mes de julio- para garantizar que estos profesionales de la comunicaci\u00f3n puedan desempe\u00f1ar sus actividades de forma segura.<\/p>\n\n\n\n<p>\u201cCon esta acci\u00f3n reafirmamos el compromiso de trabajar como nunca por Oaxaca para saldar una deuda hist\u00f3rica con estos sectores y garantizar su bienestar y seguridad social\u201d, enfatiz\u00f3.<\/p>\n\n\n\n<p>En su oportunidad la y el vocal de este Consejo Consultivo, y en representaci\u00f3n de las personas periodistas, Rosy Ramales y Aldair Mart\u00ednez G\u00f3mez, externaron su agradecimiento por esta iniciativa estatal, ya que, quienes integran este gremio, enfrentan a diario diversos retos por su quehacer period\u00edstico, ahora, su labor es protegida, reconocida y fortalecida lo que les permitir\u00e1 continuar con su labor y derecho a la informaci\u00f3n y a la libertad de expresi\u00f3n.<\/p>\n","protected":false},"excerpt":{"rendered":"<p>Oaxaca de Ju\u00e1rez, Oax. 4 de diciembre de 2024.- A trav\u00e9s de la Incorporaci\u00f3n Voluntaria al R\u00e9gimen Obligatorio del Seguro Social de Periodistas Activos e Independientes de Oaxaca 2024, la Coordinaci\u00f3n de Comunicaci\u00f3n Social del Gobierno del Estado dio a conocer que partir del 1 de diciembre, por primera vez 73 personas que laboran en [&hellip;]<\/p>\n","protected":false},"author":2,"featured_media":51065,"comment_status":"closed","ping_status":"closed","sticky":false,"template":"","format":"standard","meta":{"footnotes":""},"categories":[2],"tags":[],"class_list":{"0":"post-51058","1":"post","2":"type-post","3":"status-publish","4":"format-standard","5":"has-post-thumbnail","7":"category-oaxaca"},"yoast_head":"<!-- This site is optimized with the Yoast SEO plugin v27.4 - https:\/\/yoast.com\/product\/yoast-seo-wordpress\/ -->\n<title>Oaxaca a la vanguardia, brinda seguridad social a periodistas y voceadores - LA BRAVA RADIO<\/title>\n<meta name=\"robots\" content=\"index, follow, max-snippet:-1, max-image-preview:large, max-video-preview:-1\" \/>\n<link rel=\"canonical\" href=\"https:\/\/www.bbmnoticias.com\/labravaradiofm\/2024\/12\/04\/oaxaca-a-la-vanguardia-brinda-seguridad-social-a-periodistas-y-voceadores\/\" \/>\n<meta property=\"og:locale\" content=\"es_MX\" \/>\n<meta property=\"og:type\" content=\"article\" \/>\n<meta property=\"og:title\" content=\"Oaxaca a la vanguardia, brinda seguridad social a periodistas y voceadores - LA BRAVA RADIO\" \/>\n<meta property=\"og:description\" content=\"Oaxaca de Ju\u00e1rez, Oax. 4 de diciembre de 2024.- A trav\u00e9s de la Incorporaci\u00f3n Voluntaria al R\u00e9gimen Obligatorio del Seguro Social de Periodistas Activos e Independientes de Oaxaca 2024, la Coordinaci\u00f3n de Comunicaci\u00f3n Social del Gobierno del Estado dio a conocer que partir del 1 de diciembre, por primera vez 73 personas que laboran en [&hellip;]\" \/>\n<meta property=\"og:url\" content=\"https:\/\/www.bbmnoticias.com\/labravaradiofm\/2024\/12\/04\/oaxaca-a-la-vanguardia-brinda-seguridad-social-a-periodistas-y-voceadores\/\" \/>\n<meta property=\"og:site_name\" content=\"LA BRAVA RADIO\" \/>\n<meta property=\"article:published_time\" content=\"2024-12-04T20:36:54+00:00\" \/>\n<meta property=\"article:modified_time\" content=\"2024-12-04T20:36:58+00:00\" \/>\n<meta property=\"og:image\" content=\"https:\/\/www.bbmnoticias.com\/labravaradiofm\/wp-content\/uploads\/sites\/5\/2024\/12\/oaxaca-vanguardia.jpg\" \/>\n\t<meta property=\"og:image:width\" content=\"1620\" \/>\n\t<meta property=\"og:image:height\" content=\"1080\" \/>\n\t<meta property=\"og:image:type\" content=\"image\/jpeg\" \/>\n<meta name=\"author\" content=\"Staff\" \/>\n<meta name=\"twitter:card\" content=\"summary_large_image\" \/>\n<meta name=\"twitter:label1\" content=\"Escrito por\" \/>\n\t<meta name=\"twitter:data1\" content=\"Staff\" \/>\n\t<meta name=\"twitter:label2\" content=\"Tiempo de lectura\" \/>\n\t<meta name=\"twitter:data2\" content=\"3 minutos\" \/>\n<script type=\"application\/ld+json\" class=\"yoast-schema-graph\">{\"@context\":\"https:\\\/\\\/schema.org\",\"@graph\":[{\"@type\":\"Article\",\"@id\":\"https:\\\/\\\/www.bbmnoticias.com\\\/labravaradiofm\\\/2024\\\/12\\\/04\\\/oaxaca-a-la-vanguardia-brinda-seguridad-social-a-periodistas-y-voceadores\\\/#article\",\"isPartOf\":{\"@id\":\"https:\\\/\\\/www.bbmnoticias.com\\\/labravaradiofm\\\/2024\\\/12\\\/04\\\/oaxaca-a-la-vanguardia-brinda-seguridad-social-a-periodistas-y-voceadores\\\/\"},\"author\":{\"name\":\"Staff\",\"@id\":\"https:\\\/\\\/www.bbmnoticias.com\\\/labravaradiofm\\\/#\\\/schema\\\/person\\\/34b139c617a70ea5bef5678bffe4dd7b\"},\"headline\":\"Oaxaca a la vanguardia, brinda seguridad social a periodistas y voceadores\",\"datePublished\":\"2024-12-04T20:36:54+00:00\",\"dateModified\":\"2024-12-04T20:36:58+00:00\",\"mainEntityOfPage\":{\"@id\":\"https:\\\/\\\/www.bbmnoticias.com\\\/labravaradiofm\\\/2024\\\/12\\\/04\\\/oaxaca-a-la-vanguardia-brinda-seguridad-social-a-periodistas-y-voceadores\\\/\"},\"wordCount\":437,\"image\":{\"@id\":\"https:\\\/\\\/www.bbmnoticias.com\\\/labravaradiofm\\\/2024\\\/12\\\/04\\\/oaxaca-a-la-vanguardia-brinda-seguridad-social-a-periodistas-y-voceadores\\\/#primaryimage\"},\"thumbnailUrl\":\"https:\\\/\\\/www.bbmnoticias.com\\\/labravaradiofm\\\/wp-content\\\/uploads\\\/sites\\\/5\\\/2024\\\/12\\\/oaxaca-vanguardia.jpg\",\"articleSection\":[\"LOCAL\"],\"inLanguage\":\"es\"},{\"@type\":\"WebPage\",\"@id\":\"https:\\\/\\\/www.bbmnoticias.com\\\/labravaradiofm\\\/2024\\\/12\\\/04\\\/oaxaca-a-la-vanguardia-brinda-seguridad-social-a-periodistas-y-voceadores\\\/\",\"url\":\"https:\\\/\\\/www.bbmnoticias.com\\\/labravaradiofm\\\/2024\\\/12\\\/04\\\/oaxaca-a-la-vanguardia-brinda-seguridad-social-a-periodistas-y-voceadores\\\/\",\"name\":\"Oaxaca a la vanguardia, brinda seguridad social a periodistas y voceadores - LA BRAVA RADIO\",\"isPartOf\":{\"@id\":\"https:\\\/\\\/www.bbmnoticias.com\\\/labravaradiofm\\\/#website\"},\"primaryImageOfPage\":{\"@id\":\"https:\\\/\\\/www.bbmnoticias.com\\\/labravaradiofm\\\/2024\\\/12\\\/04\\\/oaxaca-a-la-vanguardia-brinda-seguridad-social-a-periodistas-y-voceadores\\\/#primaryimage\"},\"image\":{\"@id\":\"https:\\\/\\\/www.bbmnoticias.com\\\/labravaradiofm\\\/2024\\\/12\\\/04\\\/oaxaca-a-la-vanguardia-brinda-seguridad-social-a-periodistas-y-voceadores\\\/#primaryimage\"},\"thumbnailUrl\":\"https:\\\/\\\/www.bbmnoticias.com\\\/labravaradiofm\\\/wp-content\\\/uploads\\\/sites\\\/5\\\/2024\\\/12\\\/oaxaca-vanguardia.jpg\",\"datePublished\":\"2024-12-04T20:36:54+00:00\",\"dateModified\":\"2024-12-04T20:36:58+00:00\",\"author\":{\"@id\":\"https:\\\/\\\/www.bbmnoticias.com\\\/labravaradiofm\\\/#\\\/schema\\\/person\\\/34b139c617a70ea5bef5678bffe4dd7b\"},\"breadcrumb\":{\"@id\":\"https:\\\/\\\/www.bbmnoticias.com\\\/labravaradiofm\\\/2024\\\/12\\\/04\\\/oaxaca-a-la-vanguardia-brinda-seguridad-social-a-periodistas-y-voceadores\\\/#breadcrumb\"},\"inLanguage\":\"es\",\"potentialAction\":[{\"@type\":\"ReadAction\",\"target\":[\"https:\\\/\\\/www.bbmnoticias.com\\\/labravaradiofm\\\/2024\\\/12\\\/04\\\/oaxaca-a-la-vanguardia-brinda-seguridad-social-a-periodistas-y-voceadores\\\/\"]}]},{\"@type\":\"ImageObject\",\"inLanguage\":\"es\",\"@id\":\"https:\\\/\\\/www.bbmnoticias.com\\\/labravaradiofm\\\/2024\\\/12\\\/04\\\/oaxaca-a-la-vanguardia-brinda-seguridad-social-a-periodistas-y-voceadores\\\/#primaryimage\",\"url\":\"https:\\\/\\\/www.bbmnoticias.com\\\/labravaradiofm\\\/wp-content\\\/uploads\\\/sites\\\/5\\\/2024\\\/12\\\/oaxaca-vanguardia.jpg\",\"contentUrl\":\"https:\\\/\\\/www.bbmnoticias.com\\\/labravaradiofm\\\/wp-content\\\/uploads\\\/sites\\\/5\\\/2024\\\/12\\\/oaxaca-vanguardia.jpg\",\"width\":1620,\"height\":1080},{\"@type\":\"BreadcrumbList\",\"@id\":\"https:\\\/\\\/www.bbmnoticias.com\\\/labravaradiofm\\\/2024\\\/12\\\/04\\\/oaxaca-a-la-vanguardia-brinda-seguridad-social-a-periodistas-y-voceadores\\\/#breadcrumb\",\"itemListElement\":[{\"@type\":\"ListItem\",\"position\":1,\"name\":\"Inicio\",\"item\":\"https:\\\/\\\/www.bbmnoticias.com\\\/labravaradiofm\\\/\"},{\"@type\":\"ListItem\",\"position\":2,\"name\":\"Oaxaca a la vanguardia, brinda seguridad social a periodistas y voceadores\"}]},{\"@type\":\"WebSite\",\"@id\":\"https:\\\/\\\/www.bbmnoticias.com\\\/labravaradiofm\\\/#website\",\"url\":\"https:\\\/\\\/www.bbmnoticias.com\\\/labravaradiofm\\\/\",\"name\":\"LA BRAVA RADIO\",\"description\":\"Empresa productora de medios, Radiodifusi\u00f3n, Noticias, tendencias y todo lo que necesitas saber de la pol\u00edtica mexicana e internacional; entretenimiento, espect\u00e1culos, salud y mucho m\u00e1s.\",\"potentialAction\":[{\"@type\":\"SearchAction\",\"target\":{\"@type\":\"EntryPoint\",\"urlTemplate\":\"https:\\\/\\\/www.bbmnoticias.com\\\/labravaradiofm\\\/?s={search_term_string}\"},\"query-input\":{\"@type\":\"PropertyValueSpecification\",\"valueRequired\":true,\"valueName\":\"search_term_string\"}}],\"inLanguage\":\"es\"},{\"@type\":\"Person\",\"@id\":\"https:\\\/\\\/www.bbmnoticias.com\\\/labravaradiofm\\\/#\\\/schema\\\/person\\\/34b139c617a70ea5bef5678bffe4dd7b\",\"name\":\"Staff\",\"image\":{\"@type\":\"ImageObject\",\"inLanguage\":\"es\",\"@id\":\"https:\\\/\\\/secure.gravatar.com\\\/avatar\\\/fdd21ad66fd8b98c407f9dee5b5e588cfe7f0d8579ec20fa6527cd59bab7f0f0?s=96&d=mm&r=g\",\"url\":\"https:\\\/\\\/secure.gravatar.com\\\/avatar\\\/fdd21ad66fd8b98c407f9dee5b5e588cfe7f0d8579ec20fa6527cd59bab7f0f0?s=96&d=mm&r=g\",\"contentUrl\":\"https:\\\/\\\/secure.gravatar.com\\\/avatar\\\/fdd21ad66fd8b98c407f9dee5b5e588cfe7f0d8579ec20fa6527cd59bab7f0f0?s=96&d=mm&r=g\",\"caption\":\"Staff\"},\"url\":\"https:\\\/\\\/www.bbmnoticias.com\\\/labravaradiofm\\\/author\\\/redaccion\\\/\"}]}<\/script>\n<!-- \/ Yoast SEO plugin. -->","yoast_head_json":{"title":"Oaxaca a la vanguardia, brinda seguridad social a periodistas y voceadores - LA BRAVA RADIO","robots":{"index":"index","follow":"follow","max-snippet":"max-snippet:-1","max-image-preview":"max-image-preview:large","max-video-preview":"max-video-preview:-1"},"canonical":"https:\/\/www.bbmnoticias.com\/labravaradiofm\/2024\/12\/04\/oaxaca-a-la-vanguardia-brinda-seguridad-social-a-periodistas-y-voceadores\/","og_locale":"es_MX","og_type":"article","og_title":"Oaxaca a la vanguardia, brinda seguridad social a periodistas y voceadores - LA BRAVA RADIO","og_description":"Oaxaca de Ju\u00e1rez, Oax. 4 de diciembre de 2024.- A trav\u00e9s de la Incorporaci\u00f3n Voluntaria al R\u00e9gimen Obligatorio del Seguro Social de Periodistas Activos e Independientes de Oaxaca 2024, la Coordinaci\u00f3n de Comunicaci\u00f3n Social del Gobierno del Estado dio a conocer que partir del 1 de diciembre, por primera vez 73 personas que laboran en [&hellip;]","og_url":"https:\/\/www.bbmnoticias.com\/labravaradiofm\/2024\/12\/04\/oaxaca-a-la-vanguardia-brinda-seguridad-social-a-periodistas-y-voceadores\/","og_site_name":"LA BRAVA RADIO","article_published_time":"2024-12-04T20:36:54+00:00","article_modified_time":"2024-12-04T20:36:58+00:00","og_image":[{"width":1620,"height":1080,"url":"https:\/\/www.bbmnoticias.com\/labravaradiofm\/wp-content\/uploads\/sites\/5\/2024\/12\/oaxaca-vanguardia.jpg","type":"image\/jpeg"}],"author":"Staff","twitter_card":"summary_large_image","twitter_misc":{"Escrito por":"Staff","Tiempo de lectura":"3 minutos"},"schema":{"@context":"https:\/\/schema.org","@graph":[{"@type":"Article","@id":"https:\/\/www.bbmnoticias.com\/labravaradiofm\/2024\/12\/04\/oaxaca-a-la-vanguardia-brinda-seguridad-social-a-periodistas-y-voceadores\/#article","isPartOf":{"@id":"https:\/\/www.bbmnoticias.com\/labravaradiofm\/2024\/12\/04\/oaxaca-a-la-vanguardia-brinda-seguridad-social-a-periodistas-y-voceadores\/"},"author":{"name":"Staff","@id":"https:\/\/www.bbmnoticias.com\/labravaradiofm\/#\/schema\/person\/34b139c617a70ea5bef5678bffe4dd7b"},"headline":"Oaxaca a la vanguardia, brinda seguridad social a periodistas y voceadores","datePublished":"2024-12-04T20:36:54+00:00","dateModified":"2024-12-04T20:36:58+00:00","mainEntityOfPage":{"@id":"https:\/\/www.bbmnoticias.com\/labravaradiofm\/2024\/12\/04\/oaxaca-a-la-vanguardia-brinda-seguridad-social-a-periodistas-y-voceadores\/"},"wordCount":437,"image":{"@id":"https:\/\/www.bbmnoticias.com\/labravaradiofm\/2024\/12\/04\/oaxaca-a-la-vanguardia-brinda-seguridad-social-a-periodistas-y-voceadores\/#primaryimage"},"thumbnailUrl":"https:\/\/www.bbmnoticias.com\/labravaradiofm\/wp-content\/uploads\/sites\/5\/2024\/12\/oaxaca-vanguardia.jpg","articleSection":["LOCAL"],"inLanguage":"es"},{"@type":"WebPage","@id":"https:\/\/www.bbmnoticias.com\/labravaradiofm\/2024\/12\/04\/oaxaca-a-la-vanguardia-brinda-seguridad-social-a-periodistas-y-voceadores\/","url":"https:\/\/www.bbmnoticias.com\/labravaradiofm\/2024\/12\/04\/oaxaca-a-la-vanguardia-brinda-seguridad-social-a-periodistas-y-voceadores\/","name":"Oaxaca a la vanguardia, brinda seguridad social a periodistas y voceadores - LA BRAVA RADIO","isPartOf":{"@id":"https:\/\/www.bbmnoticias.com\/labravaradiofm\/#website"},"primaryImageOfPage":{"@id":"https:\/\/www.bbmnoticias.com\/labravaradiofm\/2024\/12\/04\/oaxaca-a-la-vanguardia-brinda-seguridad-social-a-periodistas-y-voceadores\/#primaryimage"},"image":{"@id":"https:\/\/www.bbmnoticias.com\/labravaradiofm\/2024\/12\/04\/oaxaca-a-la-vanguardia-brinda-seguridad-social-a-periodistas-y-voceadores\/#primaryimage"},"thumbnailUrl":"https:\/\/www.bbmnoticias.com\/labravaradiofm\/wp-content\/uploads\/sites\/5\/2024\/12\/oaxaca-vanguardia.jpg","datePublished":"2024-12-04T20:36:54+00:00","dateModified":"2024-12-04T20:36:58+00:00","author":{"@id":"https:\/\/www.bbmnoticias.com\/labravaradiofm\/#\/schema\/person\/34b139c617a70ea5bef5678bffe4dd7b"},"breadcrumb":{"@id":"https:\/\/www.bbmnoticias.com\/labravaradiofm\/2024\/12\/04\/oaxaca-a-la-vanguardia-brinda-seguridad-social-a-periodistas-y-voceadores\/#breadcrumb"},"inLanguage":"es","potentialAction":[{"@type":"ReadAction","target":["https:\/\/www.bbmnoticias.com\/labravaradiofm\/2024\/12\/04\/oaxaca-a-la-vanguardia-brinda-seguridad-social-a-periodistas-y-voceadores\/"]}]},{"@type":"ImageObject","inLanguage":"es","@id":"https:\/\/www.bbmnoticias.com\/labravaradiofm\/2024\/12\/04\/oaxaca-a-la-vanguardia-brinda-seguridad-social-a-periodistas-y-voceadores\/#primaryimage","url":"https:\/\/www.bbmnoticias.com\/labravaradiofm\/wp-content\/uploads\/sites\/5\/2024\/12\/oaxaca-vanguardia.jpg","contentUrl":"https:\/\/www.bbmnoticias.com\/labravaradiofm\/wp-content\/uploads\/sites\/5\/2024\/12\/oaxaca-vanguardia.jpg","width":1620,"height":1080},{"@type":"BreadcrumbList","@id":"https:\/\/www.bbmnoticias.com\/labravaradiofm\/2024\/12\/04\/oaxaca-a-la-vanguardia-brinda-seguridad-social-a-periodistas-y-voceadores\/#breadcrumb","itemListElement":[{"@type":"ListItem","position":1,"name":"Inicio","item":"https:\/\/www.bbmnoticias.com\/labravaradiofm\/"},{"@type":"ListItem","position":2,"name":"Oaxaca a la vanguardia, brinda seguridad social a periodistas y voceadores"}]},{"@type":"WebSite","@id":"https:\/\/www.bbmnoticias.com\/labravaradiofm\/#website","url":"https:\/\/www.bbmnoticias.com\/labravaradiofm\/","name":"LA BRAVA RADIO","description":"Empresa productora de medios, Radiodifusi\u00f3n, Noticias, tendencias y todo lo que necesitas saber de la pol\u00edtica mexicana e internacional; entretenimiento, espect\u00e1culos, salud y mucho m\u00e1s.","potentialAction":[{"@type":"SearchAction","target":{"@type":"EntryPoint","urlTemplate":"https:\/\/www.bbmnoticias.com\/labravaradiofm\/?s={search_term_string}"},"query-input":{"@type":"PropertyValueSpecification","valueRequired":true,"valueName":"search_term_string"}}],"inLanguage":"es"},{"@type":"Person","@id":"https:\/\/www.bbmnoticias.com\/labravaradiofm\/#\/schema\/person\/34b139c617a70ea5bef5678bffe4dd7b","name":"Staff","image":{"@type":"ImageObject","inLanguage":"es","@id":"https:\/\/secure.gravatar.com\/avatar\/fdd21ad66fd8b98c407f9dee5b5e588cfe7f0d8579ec20fa6527cd59bab7f0f0?s=96&d=mm&r=g","url":"https:\/\/secure.gravatar.com\/avatar\/fdd21ad66fd8b98c407f9dee5b5e588cfe7f0d8579ec20fa6527cd59bab7f0f0?s=96&d=mm&r=g","contentUrl":"https:\/\/secure.gravatar.com\/avatar\/fdd21ad66fd8b98c407f9dee5b5e588cfe7f0d8579ec20fa6527cd59bab7f0f0?s=96&d=mm&r=g","caption":"Staff"},"url":"https:\/\/www.bbmnoticias.com\/labravaradiofm\/author\/redaccion\/"}]}},"_links":{"self":[{"href":"https:\/\/www.bbmnoticias.com\/labravaradiofm\/wp-json\/wp\/v2\/posts\/51058","targetHints":{"allow":["GET"]}}],"collection":[{"href":"https:\/\/www.bbmnoticias.com\/labravaradiofm\/wp-json\/wp\/v2\/posts"}],"about":[{"href":"https:\/\/www.bbmnoticias.com\/labravaradiofm\/wp-json\/wp\/v2\/types\/post"}],"author":[{"embeddable":true,"href":"https:\/\/www.bbmnoticias.com\/labravaradiofm\/wp-json\/wp\/v2\/users\/2"}],"replies":[{"embeddable":true,"href":"https:\/\/www.bbmnoticias.com\/labravaradiofm\/wp-json\/wp\/v2\/comments?post=51058"}],"version-history":[{"count":0,"href":"https:\/\/www.bbmnoticias.com\/labravaradiofm\/wp-json\/wp\/v2\/posts\/51058\/revisions"}],"wp:featuredmedia":[{"embeddable":true,"href":"https:\/\/www.bbmnoticias.com\/labravaradiofm\/wp-json\/wp\/v2\/media\/51065"}],"wp:attachment":[{"href":"https:\/\/www.bbmnoticias.com\/labravaradiofm\/wp-json\/wp\/v2\/media?parent=51058"}],"wp:term":[{"taxonomy":"category","embeddable":true,"href":"https:\/\/www.bbmnoticias.com\/labravaradiofm\/wp-json\/wp\/v2\/categories?post=51058"},{"taxonomy":"post_tag","embeddable":true,"href":"https:\/\/www.bbmnoticias.com\/labravaradiofm\/wp-json\/wp\/v2\/tags?post=51058"}],"curies":[{"name":"wp","href":"https:\/\/api.w.org\/{rel}","templated":true}]}}