{"id":51044,"date":"2024-12-04T11:21:45","date_gmt":"2024-12-04T17:21:45","guid":{"rendered":"https:\/\/www.bbmnoticias.com\/labravaradiofm\/?p=51044"},"modified":"2024-12-04T11:21:51","modified_gmt":"2024-12-04T17:21:51","slug":"la-inhumana-degradacion-nos-deja-sin-vida-ni-humanidad-victor-corcoba-herrero","status":"publish","type":"post","link":"https:\/\/www.bbmnoticias.com\/labravaradiofm\/2024\/12\/04\/la-inhumana-degradacion-nos-deja-sin-vida-ni-humanidad-victor-corcoba-herrero\/","title":{"rendered":"La inhumana degradaci\u00f3n; nos deja sin vida, ni humanidad &#8211; V\u00edctor Corcoba Herrero"},"content":{"rendered":"<div style=\"margin-top: 0px; margin-bottom: 0px;\" class=\"sharethis-inline-share-buttons\" ><\/div>\n<p><strong><em>\u201c\u00danicamente creciendo en la necesidad de que indivisos somos parte de los dem\u00e1s, podremos avivar luz all\u00e1 donde cohabitan sombras; dando alivio a los afligidos y donando esperanza a los que sufren\u201d.<\/em><\/strong><\/p>\n\n\n\n<p>&nbsp;&nbsp;&nbsp;&nbsp;&nbsp;&nbsp;&nbsp;&nbsp;&nbsp;&nbsp;&nbsp;&nbsp;&nbsp;&nbsp;&nbsp; Aprendamos a cultivar la belleza, a no cansarnos de embellecer por dentro y por fuera, hasta convertir la degradaci\u00f3n en una oportunidad m\u00e1s y el desorden en armon\u00eda. Lo malo de esta atm\u00f3sfera putrefacta, adem\u00e1s endiosada, es su dif\u00edcil curaci\u00f3n en un mundo cada d\u00eda m\u00e1s perverso e inhumano. Comencemos por bajarnos de los pedestales del poder, seguramente entonces descubramos que cualquiera formamos parte de la naturaleza y que no estamos separados de ella. Desde luego, florecemos como una mera relaci\u00f3n de pulsos en busca de vida. As\u00ed, tampoco es exagerado decir que, nuestra propia continuidad como linaje est\u00e1 en juego, si nuestra tierra se mantiene enferma, con el anverso interesado, en vez de ampararse en el conciliador verso y en el verbo reconciliador.<\/p>\n\n\n\n<p>&nbsp;&nbsp;&nbsp;&nbsp;&nbsp;&nbsp;&nbsp;&nbsp;&nbsp;&nbsp;&nbsp;&nbsp;&nbsp;&nbsp;&nbsp; La buena noticia es que la familia humanitaria sabe hacerse pi\u00f1a y rehacerse, convirtiendo lo denigrante en restauraci\u00f3n, al contar con datos e informaci\u00f3n precisos sobre el suelo para comprender sus caracter\u00edsticas y apoyar la toma de decisiones informadas sobre el manejo sostenible de la superficie habitable para garantizar, de este modo, tambi\u00e9n la disponibilidad global de alimentos. Por tanto, es fundamental el compromiso de cada uno en favor del bien com\u00fan y de un cambio de perspectiva, tanto en la mente como en la mirada, que ha de poner en el centro de nuestras acciones la dignidad de los seres humanos de hoy y de ma\u00f1ana. Ciertamente, todo se reconstruye unidos; de ah\u00ed el imperativo de la cooperaci\u00f3n ante la multitud de injusticias devastadoras.<\/p>\n\n\n\n<p>\u00a0\u00a0\u00a0\u00a0\u00a0\u00a0\u00a0\u00a0\u00a0\u00a0\u00a0\u00a0\u00a0\u00a0\u00a0 Realmente caminamos descarriados. Este desenfreno mundial nos alcanza conjuntamente, enfrent\u00e1ndonos a m\u00faltiples conflictos, al cambio clim\u00e1tico, a lo que hay que sumarle un flagrante desprecio por el derecho internacional humanitario, lo que hace que los m\u00e1s vulnerables sean los que est\u00e9n pagando el precio de nuestras locuras. Olvidamos que no hay existencia sin benevolencia. Esto es serio. Sin duda, tenemos que crear conciencia de lo que nos ensucia y nos hace retroceder. Las absurdas guerras son un claro testimonio de ello. \u00danicamente creciendo en la necesidad de que indivisos somos parte de los dem\u00e1s, podremos avivar luz all\u00e1 donde cohabitan sombras; dando alivio a los afligidos y donando esperanza a los que sufren.<\/p>\n\n\n\n<p>&nbsp;&nbsp;&nbsp;&nbsp;&nbsp;&nbsp;&nbsp;&nbsp;&nbsp;&nbsp;&nbsp;&nbsp;&nbsp;&nbsp;&nbsp; Por desgracia, la nueva evaluaci\u00f3n humanitaria de la Oficina de Coordinaci\u00f3n de Asuntos Humanitarios, nos acaba de trasladar unos datos verdaderamente nefastos: \u201cde los 305 millones de personas necesitadas, s\u00f3lo se llegar\u00e1 a 190 millones\u201d. La indiferencia del coraz\u00f3n humano tambi\u00e9n es otra realidad que se a\u00f1ade a esta era de impunidad manifiesta; que podr\u00e1 regenerarse en la medida en que activemos los v\u00ednculos y no rompamos la concordia entre la naturaleza y las gentes, as\u00ed como la coexistencia armoniosa de los pueblos. Es vital, por consiguiente, que cada gobierno sepa dar las se\u00f1ales adecuadas a los propios ciudadanos para contrarrestar eficazmente los modos, ya no solo de vivir, tambi\u00e9n de obrar.<\/p>\n\n\n\n<p>&nbsp;&nbsp;&nbsp;&nbsp;&nbsp;&nbsp;&nbsp;&nbsp;&nbsp;&nbsp;&nbsp;&nbsp;&nbsp;&nbsp;&nbsp; Ahora bien, tan solo sumando fuerzas, -insisto-, podemos construir un desarrollo integral e integrador en beneficio de la humanidad; un progreso inspirado en los principios y en los valores aut\u00e9nticos del esp\u00edritu donante. Para que esto suceda es indispensable convertir el actual modelo de impulso global, en un trance que nos hermane a vivir en comuni\u00f3n y en comunidad, sin que nadie se sienta desarraigado o excluido. Quiz\u00e1s necesitemos ser una generaci\u00f3n distinta, con visi\u00f3n de futuro, situaci\u00f3n engendrada de renuncias responsables, al menos para garantizar perspectivas respetuosas con el entorno natural. Por este motivo, considero indispensable que la sociedad renazca, se renueve y se refuerce en alianzas; estableciendo el respeto y restableciendo la cultura del abrazo sincero.<\/p>\n\n\n\n<p class=\"has-text-align-center\"><strong>V\u00edctor CORCOBA HERRERO\/ Escritor<\/strong><br><strong><a href=\"mailto:corcoba@telefonica.net\">corcoba@telefonica.net<\/a><\/strong><br><strong>04 de diciembre de 2024.-<\/strong><\/p>\n","protected":false},"excerpt":{"rendered":"<p>\u201c\u00danicamente creciendo en la necesidad de que indivisos somos parte de los dem\u00e1s, podremos avivar luz all\u00e1 donde cohabitan sombras; dando alivio a los afligidos y donando esperanza a los que sufren\u201d. &nbsp;&nbsp;&nbsp;&nbsp;&nbsp;&nbsp;&nbsp;&nbsp;&nbsp;&nbsp;&nbsp;&nbsp;&nbsp;&nbsp;&nbsp; Aprendamos a cultivar la belleza, a no cansarnos de embellecer por dentro y por fuera, hasta convertir la degradaci\u00f3n en una oportunidad [&hellip;]<\/p>\n","protected":false},"author":2,"featured_media":39037,"comment_status":"closed","ping_status":"closed","sticky":false,"template":"","format":"standard","meta":{"footnotes":""},"categories":[22],"tags":[],"class_list":{"0":"post-51044","1":"post","2":"type-post","3":"status-publish","4":"format-standard","5":"has-post-thumbnail","7":"category-opinion"},"yoast_head":"<!-- This site is optimized with the Yoast SEO plugin v27.4 - https:\/\/yoast.com\/product\/yoast-seo-wordpress\/ -->\n<title>La inhumana degradaci\u00f3n; nos deja sin vida, ni humanidad - V\u00edctor Corcoba Herrero - LA BRAVA RADIO<\/title>\n<meta name=\"robots\" content=\"index, follow, max-snippet:-1, max-image-preview:large, max-video-preview:-1\" \/>\n<link rel=\"canonical\" href=\"https:\/\/www.bbmnoticias.com\/labravaradiofm\/2024\/12\/04\/la-inhumana-degradacion-nos-deja-sin-vida-ni-humanidad-victor-corcoba-herrero\/\" \/>\n<meta property=\"og:locale\" content=\"es_MX\" \/>\n<meta property=\"og:type\" content=\"article\" \/>\n<meta property=\"og:title\" content=\"La inhumana degradaci\u00f3n; nos deja sin vida, ni humanidad - V\u00edctor Corcoba Herrero - LA BRAVA RADIO\" \/>\n<meta property=\"og:description\" content=\"\u201c\u00danicamente creciendo en la necesidad de que indivisos somos parte de los dem\u00e1s, podremos avivar luz all\u00e1 donde cohabitan sombras; dando alivio a los afligidos y donando esperanza a los que sufren\u201d. &nbsp;&nbsp;&nbsp;&nbsp;&nbsp;&nbsp;&nbsp;&nbsp;&nbsp;&nbsp;&nbsp;&nbsp;&nbsp;&nbsp;&nbsp; Aprendamos a cultivar la belleza, a no cansarnos de embellecer por dentro y por fuera, hasta convertir la degradaci\u00f3n en una oportunidad [&hellip;]\" \/>\n<meta property=\"og:url\" content=\"https:\/\/www.bbmnoticias.com\/labravaradiofm\/2024\/12\/04\/la-inhumana-degradacion-nos-deja-sin-vida-ni-humanidad-victor-corcoba-herrero\/\" \/>\n<meta property=\"og:site_name\" content=\"LA BRAVA RADIO\" \/>\n<meta property=\"article:published_time\" content=\"2024-12-04T17:21:45+00:00\" \/>\n<meta property=\"article:modified_time\" content=\"2024-12-04T17:21:51+00:00\" \/>\n<meta property=\"og:image\" content=\"https:\/\/www.bbmnoticias.com\/labravaradiofm\/wp-content\/uploads\/sites\/5\/2024\/03\/victor-cordoba-herrero.jpg\" \/>\n\t<meta property=\"og:image:width\" content=\"800\" \/>\n\t<meta property=\"og:image:height\" content=\"600\" \/>\n\t<meta property=\"og:image:type\" content=\"image\/jpeg\" \/>\n<meta name=\"author\" content=\"Staff\" \/>\n<meta name=\"twitter:card\" content=\"summary_large_image\" \/>\n<meta name=\"twitter:label1\" content=\"Escrito por\" \/>\n\t<meta name=\"twitter:data1\" content=\"Staff\" \/>\n\t<meta name=\"twitter:label2\" content=\"Tiempo de lectura\" \/>\n\t<meta name=\"twitter:data2\" content=\"4 minutos\" \/>\n<script type=\"application\/ld+json\" class=\"yoast-schema-graph\">{\"@context\":\"https:\\\/\\\/schema.org\",\"@graph\":[{\"@type\":\"Article\",\"@id\":\"https:\\\/\\\/www.bbmnoticias.com\\\/labravaradiofm\\\/2024\\\/12\\\/04\\\/la-inhumana-degradacion-nos-deja-sin-vida-ni-humanidad-victor-corcoba-herrero\\\/#article\",\"isPartOf\":{\"@id\":\"https:\\\/\\\/www.bbmnoticias.com\\\/labravaradiofm\\\/2024\\\/12\\\/04\\\/la-inhumana-degradacion-nos-deja-sin-vida-ni-humanidad-victor-corcoba-herrero\\\/\"},\"author\":{\"name\":\"Staff\",\"@id\":\"https:\\\/\\\/www.bbmnoticias.com\\\/labravaradiofm\\\/#\\\/schema\\\/person\\\/34b139c617a70ea5bef5678bffe4dd7b\"},\"headline\":\"La inhumana degradaci\u00f3n; nos deja sin vida, ni humanidad &#8211; V\u00edctor Corcoba Herrero\",\"datePublished\":\"2024-12-04T17:21:45+00:00\",\"dateModified\":\"2024-12-04T17:21:51+00:00\",\"mainEntityOfPage\":{\"@id\":\"https:\\\/\\\/www.bbmnoticias.com\\\/labravaradiofm\\\/2024\\\/12\\\/04\\\/la-inhumana-degradacion-nos-deja-sin-vida-ni-humanidad-victor-corcoba-herrero\\\/\"},\"wordCount\":749,\"image\":{\"@id\":\"https:\\\/\\\/www.bbmnoticias.com\\\/labravaradiofm\\\/2024\\\/12\\\/04\\\/la-inhumana-degradacion-nos-deja-sin-vida-ni-humanidad-victor-corcoba-herrero\\\/#primaryimage\"},\"thumbnailUrl\":\"https:\\\/\\\/www.bbmnoticias.com\\\/labravaradiofm\\\/wp-content\\\/uploads\\\/sites\\\/5\\\/2024\\\/03\\\/victor-cordoba-herrero.jpg\",\"articleSection\":[\"OPINI\u00d3N\"],\"inLanguage\":\"es\"},{\"@type\":\"WebPage\",\"@id\":\"https:\\\/\\\/www.bbmnoticias.com\\\/labravaradiofm\\\/2024\\\/12\\\/04\\\/la-inhumana-degradacion-nos-deja-sin-vida-ni-humanidad-victor-corcoba-herrero\\\/\",\"url\":\"https:\\\/\\\/www.bbmnoticias.com\\\/labravaradiofm\\\/2024\\\/12\\\/04\\\/la-inhumana-degradacion-nos-deja-sin-vida-ni-humanidad-victor-corcoba-herrero\\\/\",\"name\":\"La inhumana degradaci\u00f3n; nos deja sin vida, ni humanidad - V\u00edctor Corcoba Herrero - LA BRAVA RADIO\",\"isPartOf\":{\"@id\":\"https:\\\/\\\/www.bbmnoticias.com\\\/labravaradiofm\\\/#website\"},\"primaryImageOfPage\":{\"@id\":\"https:\\\/\\\/www.bbmnoticias.com\\\/labravaradiofm\\\/2024\\\/12\\\/04\\\/la-inhumana-degradacion-nos-deja-sin-vida-ni-humanidad-victor-corcoba-herrero\\\/#primaryimage\"},\"image\":{\"@id\":\"https:\\\/\\\/www.bbmnoticias.com\\\/labravaradiofm\\\/2024\\\/12\\\/04\\\/la-inhumana-degradacion-nos-deja-sin-vida-ni-humanidad-victor-corcoba-herrero\\\/#primaryimage\"},\"thumbnailUrl\":\"https:\\\/\\\/www.bbmnoticias.com\\\/labravaradiofm\\\/wp-content\\\/uploads\\\/sites\\\/5\\\/2024\\\/03\\\/victor-cordoba-herrero.jpg\",\"datePublished\":\"2024-12-04T17:21:45+00:00\",\"dateModified\":\"2024-12-04T17:21:51+00:00\",\"author\":{\"@id\":\"https:\\\/\\\/www.bbmnoticias.com\\\/labravaradiofm\\\/#\\\/schema\\\/person\\\/34b139c617a70ea5bef5678bffe4dd7b\"},\"breadcrumb\":{\"@id\":\"https:\\\/\\\/www.bbmnoticias.com\\\/labravaradiofm\\\/2024\\\/12\\\/04\\\/la-inhumana-degradacion-nos-deja-sin-vida-ni-humanidad-victor-corcoba-herrero\\\/#breadcrumb\"},\"inLanguage\":\"es\",\"potentialAction\":[{\"@type\":\"ReadAction\",\"target\":[\"https:\\\/\\\/www.bbmnoticias.com\\\/labravaradiofm\\\/2024\\\/12\\\/04\\\/la-inhumana-degradacion-nos-deja-sin-vida-ni-humanidad-victor-corcoba-herrero\\\/\"]}]},{\"@type\":\"ImageObject\",\"inLanguage\":\"es\",\"@id\":\"https:\\\/\\\/www.bbmnoticias.com\\\/labravaradiofm\\\/2024\\\/12\\\/04\\\/la-inhumana-degradacion-nos-deja-sin-vida-ni-humanidad-victor-corcoba-herrero\\\/#primaryimage\",\"url\":\"https:\\\/\\\/www.bbmnoticias.com\\\/labravaradiofm\\\/wp-content\\\/uploads\\\/sites\\\/5\\\/2024\\\/03\\\/victor-cordoba-herrero.jpg\",\"contentUrl\":\"https:\\\/\\\/www.bbmnoticias.com\\\/labravaradiofm\\\/wp-content\\\/uploads\\\/sites\\\/5\\\/2024\\\/03\\\/victor-cordoba-herrero.jpg\",\"width\":800,\"height\":600},{\"@type\":\"BreadcrumbList\",\"@id\":\"https:\\\/\\\/www.bbmnoticias.com\\\/labravaradiofm\\\/2024\\\/12\\\/04\\\/la-inhumana-degradacion-nos-deja-sin-vida-ni-humanidad-victor-corcoba-herrero\\\/#breadcrumb\",\"itemListElement\":[{\"@type\":\"ListItem\",\"position\":1,\"name\":\"Inicio\",\"item\":\"https:\\\/\\\/www.bbmnoticias.com\\\/labravaradiofm\\\/\"},{\"@type\":\"ListItem\",\"position\":2,\"name\":\"La inhumana degradaci\u00f3n; nos deja sin vida, ni humanidad &#8211; V\u00edctor Corcoba Herrero\"}]},{\"@type\":\"WebSite\",\"@id\":\"https:\\\/\\\/www.bbmnoticias.com\\\/labravaradiofm\\\/#website\",\"url\":\"https:\\\/\\\/www.bbmnoticias.com\\\/labravaradiofm\\\/\",\"name\":\"LA BRAVA RADIO\",\"description\":\"Empresa productora de medios, Radiodifusi\u00f3n, Noticias, tendencias y todo lo que necesitas saber de la pol\u00edtica mexicana e internacional; entretenimiento, espect\u00e1culos, salud y mucho m\u00e1s.\",\"potentialAction\":[{\"@type\":\"SearchAction\",\"target\":{\"@type\":\"EntryPoint\",\"urlTemplate\":\"https:\\\/\\\/www.bbmnoticias.com\\\/labravaradiofm\\\/?s={search_term_string}\"},\"query-input\":{\"@type\":\"PropertyValueSpecification\",\"valueRequired\":true,\"valueName\":\"search_term_string\"}}],\"inLanguage\":\"es\"},{\"@type\":\"Person\",\"@id\":\"https:\\\/\\\/www.bbmnoticias.com\\\/labravaradiofm\\\/#\\\/schema\\\/person\\\/34b139c617a70ea5bef5678bffe4dd7b\",\"name\":\"Staff\",\"image\":{\"@type\":\"ImageObject\",\"inLanguage\":\"es\",\"@id\":\"https:\\\/\\\/secure.gravatar.com\\\/avatar\\\/fdd21ad66fd8b98c407f9dee5b5e588cfe7f0d8579ec20fa6527cd59bab7f0f0?s=96&d=mm&r=g\",\"url\":\"https:\\\/\\\/secure.gravatar.com\\\/avatar\\\/fdd21ad66fd8b98c407f9dee5b5e588cfe7f0d8579ec20fa6527cd59bab7f0f0?s=96&d=mm&r=g\",\"contentUrl\":\"https:\\\/\\\/secure.gravatar.com\\\/avatar\\\/fdd21ad66fd8b98c407f9dee5b5e588cfe7f0d8579ec20fa6527cd59bab7f0f0?s=96&d=mm&r=g\",\"caption\":\"Staff\"},\"url\":\"https:\\\/\\\/www.bbmnoticias.com\\\/labravaradiofm\\\/author\\\/redaccion\\\/\"}]}<\/script>\n<!-- \/ Yoast SEO plugin. -->","yoast_head_json":{"title":"La inhumana degradaci\u00f3n; nos deja sin vida, ni humanidad - V\u00edctor Corcoba Herrero - LA BRAVA RADIO","robots":{"index":"index","follow":"follow","max-snippet":"max-snippet:-1","max-image-preview":"max-image-preview:large","max-video-preview":"max-video-preview:-1"},"canonical":"https:\/\/www.bbmnoticias.com\/labravaradiofm\/2024\/12\/04\/la-inhumana-degradacion-nos-deja-sin-vida-ni-humanidad-victor-corcoba-herrero\/","og_locale":"es_MX","og_type":"article","og_title":"La inhumana degradaci\u00f3n; nos deja sin vida, ni humanidad - V\u00edctor Corcoba Herrero - LA BRAVA RADIO","og_description":"\u201c\u00danicamente creciendo en la necesidad de que indivisos somos parte de los dem\u00e1s, podremos avivar luz all\u00e1 donde cohabitan sombras; dando alivio a los afligidos y donando esperanza a los que sufren\u201d. &nbsp;&nbsp;&nbsp;&nbsp;&nbsp;&nbsp;&nbsp;&nbsp;&nbsp;&nbsp;&nbsp;&nbsp;&nbsp;&nbsp;&nbsp; Aprendamos a cultivar la belleza, a no cansarnos de embellecer por dentro y por fuera, hasta convertir la degradaci\u00f3n en una oportunidad [&hellip;]","og_url":"https:\/\/www.bbmnoticias.com\/labravaradiofm\/2024\/12\/04\/la-inhumana-degradacion-nos-deja-sin-vida-ni-humanidad-victor-corcoba-herrero\/","og_site_name":"LA BRAVA RADIO","article_published_time":"2024-12-04T17:21:45+00:00","article_modified_time":"2024-12-04T17:21:51+00:00","og_image":[{"width":800,"height":600,"url":"https:\/\/www.bbmnoticias.com\/labravaradiofm\/wp-content\/uploads\/sites\/5\/2024\/03\/victor-cordoba-herrero.jpg","type":"image\/jpeg"}],"author":"Staff","twitter_card":"summary_large_image","twitter_misc":{"Escrito por":"Staff","Tiempo de lectura":"4 minutos"},"schema":{"@context":"https:\/\/schema.org","@graph":[{"@type":"Article","@id":"https:\/\/www.bbmnoticias.com\/labravaradiofm\/2024\/12\/04\/la-inhumana-degradacion-nos-deja-sin-vida-ni-humanidad-victor-corcoba-herrero\/#article","isPartOf":{"@id":"https:\/\/www.bbmnoticias.com\/labravaradiofm\/2024\/12\/04\/la-inhumana-degradacion-nos-deja-sin-vida-ni-humanidad-victor-corcoba-herrero\/"},"author":{"name":"Staff","@id":"https:\/\/www.bbmnoticias.com\/labravaradiofm\/#\/schema\/person\/34b139c617a70ea5bef5678bffe4dd7b"},"headline":"La inhumana degradaci\u00f3n; nos deja sin vida, ni humanidad &#8211; V\u00edctor Corcoba Herrero","datePublished":"2024-12-04T17:21:45+00:00","dateModified":"2024-12-04T17:21:51+00:00","mainEntityOfPage":{"@id":"https:\/\/www.bbmnoticias.com\/labravaradiofm\/2024\/12\/04\/la-inhumana-degradacion-nos-deja-sin-vida-ni-humanidad-victor-corcoba-herrero\/"},"wordCount":749,"image":{"@id":"https:\/\/www.bbmnoticias.com\/labravaradiofm\/2024\/12\/04\/la-inhumana-degradacion-nos-deja-sin-vida-ni-humanidad-victor-corcoba-herrero\/#primaryimage"},"thumbnailUrl":"https:\/\/www.bbmnoticias.com\/labravaradiofm\/wp-content\/uploads\/sites\/5\/2024\/03\/victor-cordoba-herrero.jpg","articleSection":["OPINI\u00d3N"],"inLanguage":"es"},{"@type":"WebPage","@id":"https:\/\/www.bbmnoticias.com\/labravaradiofm\/2024\/12\/04\/la-inhumana-degradacion-nos-deja-sin-vida-ni-humanidad-victor-corcoba-herrero\/","url":"https:\/\/www.bbmnoticias.com\/labravaradiofm\/2024\/12\/04\/la-inhumana-degradacion-nos-deja-sin-vida-ni-humanidad-victor-corcoba-herrero\/","name":"La inhumana degradaci\u00f3n; nos deja sin vida, ni humanidad - V\u00edctor Corcoba Herrero - LA BRAVA RADIO","isPartOf":{"@id":"https:\/\/www.bbmnoticias.com\/labravaradiofm\/#website"},"primaryImageOfPage":{"@id":"https:\/\/www.bbmnoticias.com\/labravaradiofm\/2024\/12\/04\/la-inhumana-degradacion-nos-deja-sin-vida-ni-humanidad-victor-corcoba-herrero\/#primaryimage"},"image":{"@id":"https:\/\/www.bbmnoticias.com\/labravaradiofm\/2024\/12\/04\/la-inhumana-degradacion-nos-deja-sin-vida-ni-humanidad-victor-corcoba-herrero\/#primaryimage"},"thumbnailUrl":"https:\/\/www.bbmnoticias.com\/labravaradiofm\/wp-content\/uploads\/sites\/5\/2024\/03\/victor-cordoba-herrero.jpg","datePublished":"2024-12-04T17:21:45+00:00","dateModified":"2024-12-04T17:21:51+00:00","author":{"@id":"https:\/\/www.bbmnoticias.com\/labravaradiofm\/#\/schema\/person\/34b139c617a70ea5bef5678bffe4dd7b"},"breadcrumb":{"@id":"https:\/\/www.bbmnoticias.com\/labravaradiofm\/2024\/12\/04\/la-inhumana-degradacion-nos-deja-sin-vida-ni-humanidad-victor-corcoba-herrero\/#breadcrumb"},"inLanguage":"es","potentialAction":[{"@type":"ReadAction","target":["https:\/\/www.bbmnoticias.com\/labravaradiofm\/2024\/12\/04\/la-inhumana-degradacion-nos-deja-sin-vida-ni-humanidad-victor-corcoba-herrero\/"]}]},{"@type":"ImageObject","inLanguage":"es","@id":"https:\/\/www.bbmnoticias.com\/labravaradiofm\/2024\/12\/04\/la-inhumana-degradacion-nos-deja-sin-vida-ni-humanidad-victor-corcoba-herrero\/#primaryimage","url":"https:\/\/www.bbmnoticias.com\/labravaradiofm\/wp-content\/uploads\/sites\/5\/2024\/03\/victor-cordoba-herrero.jpg","contentUrl":"https:\/\/www.bbmnoticias.com\/labravaradiofm\/wp-content\/uploads\/sites\/5\/2024\/03\/victor-cordoba-herrero.jpg","width":800,"height":600},{"@type":"BreadcrumbList","@id":"https:\/\/www.bbmnoticias.com\/labravaradiofm\/2024\/12\/04\/la-inhumana-degradacion-nos-deja-sin-vida-ni-humanidad-victor-corcoba-herrero\/#breadcrumb","itemListElement":[{"@type":"ListItem","position":1,"name":"Inicio","item":"https:\/\/www.bbmnoticias.com\/labravaradiofm\/"},{"@type":"ListItem","position":2,"name":"La inhumana degradaci\u00f3n; nos deja sin vida, ni humanidad &#8211; V\u00edctor Corcoba Herrero"}]},{"@type":"WebSite","@id":"https:\/\/www.bbmnoticias.com\/labravaradiofm\/#website","url":"https:\/\/www.bbmnoticias.com\/labravaradiofm\/","name":"LA BRAVA RADIO","description":"Empresa productora de medios, Radiodifusi\u00f3n, Noticias, tendencias y todo lo que necesitas saber de la pol\u00edtica mexicana e internacional; entretenimiento, espect\u00e1culos, salud y mucho m\u00e1s.","potentialAction":[{"@type":"SearchAction","target":{"@type":"EntryPoint","urlTemplate":"https:\/\/www.bbmnoticias.com\/labravaradiofm\/?s={search_term_string}"},"query-input":{"@type":"PropertyValueSpecification","valueRequired":true,"valueName":"search_term_string"}}],"inLanguage":"es"},{"@type":"Person","@id":"https:\/\/www.bbmnoticias.com\/labravaradiofm\/#\/schema\/person\/34b139c617a70ea5bef5678bffe4dd7b","name":"Staff","image":{"@type":"ImageObject","inLanguage":"es","@id":"https:\/\/secure.gravatar.com\/avatar\/fdd21ad66fd8b98c407f9dee5b5e588cfe7f0d8579ec20fa6527cd59bab7f0f0?s=96&d=mm&r=g","url":"https:\/\/secure.gravatar.com\/avatar\/fdd21ad66fd8b98c407f9dee5b5e588cfe7f0d8579ec20fa6527cd59bab7f0f0?s=96&d=mm&r=g","contentUrl":"https:\/\/secure.gravatar.com\/avatar\/fdd21ad66fd8b98c407f9dee5b5e588cfe7f0d8579ec20fa6527cd59bab7f0f0?s=96&d=mm&r=g","caption":"Staff"},"url":"https:\/\/www.bbmnoticias.com\/labravaradiofm\/author\/redaccion\/"}]}},"_links":{"self":[{"href":"https:\/\/www.bbmnoticias.com\/labravaradiofm\/wp-json\/wp\/v2\/posts\/51044","targetHints":{"allow":["GET"]}}],"collection":[{"href":"https:\/\/www.bbmnoticias.com\/labravaradiofm\/wp-json\/wp\/v2\/posts"}],"about":[{"href":"https:\/\/www.bbmnoticias.com\/labravaradiofm\/wp-json\/wp\/v2\/types\/post"}],"author":[{"embeddable":true,"href":"https:\/\/www.bbmnoticias.com\/labravaradiofm\/wp-json\/wp\/v2\/users\/2"}],"replies":[{"embeddable":true,"href":"https:\/\/www.bbmnoticias.com\/labravaradiofm\/wp-json\/wp\/v2\/comments?post=51044"}],"version-history":[{"count":0,"href":"https:\/\/www.bbmnoticias.com\/labravaradiofm\/wp-json\/wp\/v2\/posts\/51044\/revisions"}],"wp:featuredmedia":[{"embeddable":true,"href":"https:\/\/www.bbmnoticias.com\/labravaradiofm\/wp-json\/wp\/v2\/media\/39037"}],"wp:attachment":[{"href":"https:\/\/www.bbmnoticias.com\/labravaradiofm\/wp-json\/wp\/v2\/media?parent=51044"}],"wp:term":[{"taxonomy":"category","embeddable":true,"href":"https:\/\/www.bbmnoticias.com\/labravaradiofm\/wp-json\/wp\/v2\/categories?post=51044"},{"taxonomy":"post_tag","embeddable":true,"href":"https:\/\/www.bbmnoticias.com\/labravaradiofm\/wp-json\/wp\/v2\/tags?post=51044"}],"curies":[{"name":"wp","href":"https:\/\/api.w.org\/{rel}","templated":true}]}}