{"id":51034,"date":"2024-12-04T10:19:43","date_gmt":"2024-12-04T16:19:43","guid":{"rendered":"https:\/\/www.bbmnoticias.com\/labravaradiofm\/?p=51034"},"modified":"2024-12-04T10:19:47","modified_gmt":"2024-12-04T16:19:47","slug":"garcia-harfuch-estara-unos-dias-en-sinaloa-para-coordinar-de-mejor-manera-la-estrategia-de-seguridad-sheinbaum","status":"publish","type":"post","link":"https:\/\/www.bbmnoticias.com\/labravaradiofm\/2024\/12\/04\/garcia-harfuch-estara-unos-dias-en-sinaloa-para-coordinar-de-mejor-manera-la-estrategia-de-seguridad-sheinbaum\/","title":{"rendered":"Garc\u00eda Harfuch estar\u00e1 unos d\u00edas en Sinaloa para &#8220;coordinar de mejor manera la estrategia de seguridad&#8221;: Sheinbaum"},"content":{"rendered":"<div style=\"margin-top: 0px; margin-bottom: 0px;\" class=\"sharethis-inline-share-buttons\" ><\/div>\n<p>La presidenta <strong>Claudia Sheinbaum Pardo<\/strong> detall\u00f3 que el titular de Seguridad y Protecci\u00f3n Ciudadana (<strong>SSPC<\/strong>), <strong>Omar Garc\u00eda Harfuch<\/strong>, estar\u00e1 unos d\u00edas en <strong>Sinaloa<\/strong> para \u201ccoordinar de mejor manera la <strong>estrategia de seguridad<\/strong>\u201d en dicha entidad.<\/p>\n\n\n\n<blockquote class=\"wp-block-quote is-layout-flow wp-block-quote-is-layout-flow\">\n<figure class=\"wp-block-pullquote\"><blockquote><p>Ayer el secretario de Seguridad y Protecci\u00f3n Ciudadana se traslad\u00f3 a Sinaloa, va a estar all\u00e1 unos d\u00edas con un equipo especial de la Defensa y la Marina apoyando a las fuerzas locales para coordinar de mejor manera la estrategia en Sinaloa\u201d, dijo.<\/p><\/blockquote><\/figure>\n<\/blockquote>\n\n\n\n<p>\u201cEn Sinaloa en particular tomamos la decisi\u00f3n de que el secretario se fuera un tiempo para all\u00e1 para garantizar la coordinaci\u00f3n con fuerzas de defensa y Marina\u201d, puntualiz\u00f3 en la conferencia matutina de Palacio Nacional.<\/p>\n\n\n\n<p>La mandataria mexicana tambi\u00e9n resalt\u00f3 el decomiso de aproximadamente mil 500 kilos de\u00a0pastillas de <strong>fentanilo<\/strong>\u00a0en dos acciones distintas en\u00a0el estado, en donde el Gobierno federal asegur\u00f3 que se trata del \u201c<strong>decomiso hist\u00f3rico m\u00e1s grande<\/strong>\u201d de dicha droga.<\/p>\n\n\n\n<p>El gobernador de Sinaloa, <strong>Rub\u00e9n Rocha Moya<\/strong>, confirm\u00f3 en la previa que el secretario de seguridad, Omar Garc\u00eda Harfuch,&nbsp;se encuentra en Sinaloa.<\/p>\n\n\n\n<p>Tambi\u00e9n mencion\u00f3 que este mi\u00e9rcoles tendr\u00e1n una reuni\u00f3n para discutir&nbsp;estrategias de seguridad para el estado.<\/p>\n\n\n\n<p>La entidad vive una ola de&nbsp;<strong>violencia<\/strong>&nbsp;desde inicios de septiembre, derivado de pugnas entre facciones del&nbsp;<strong>C\u00e1rtel de Sinaloa<\/strong>&nbsp;a ra\u00edz de la detenci\u00f3n del narcotraficante <strong>Ismael <em>Mayo<\/em>&nbsp;Zambada<\/strong>, ocurrida en un aeropuerto de Nuevo M\u00e9xico, en los Estados Unidos.<\/p>\n\n\n\n<p>Ayer, el titular de SSPC asegur\u00f3 que ha logrado contener la <strong>violencia<\/strong>\u00a0desatada en el estado<strong>,\u00a0<\/strong>particularmente en estos \u00faltimos dos meses.<\/p>\n\n\n\n<p>\u201cEsto se va a resolver, no es de la noche a la ma\u00f1ana, es un trabajo constante que tiene que ejercer el Gabinete de Seguridad, hay un despliegue muy importante de la Defensa en Culiac\u00e1n y de la Marina en Mazatl\u00e1n.<\/p>\n\n\n\n<p>\u201cSe ha logrado contener porque los enfrentamientos m\u00e1s fuertes no han sido dentro de Culiac\u00e1n, como al inicio\u201d, dijo el funcionario federal.<\/p>\n","protected":false},"excerpt":{"rendered":"<p>La presidenta Claudia Sheinbaum Pardo detall\u00f3 que el titular de Seguridad y Protecci\u00f3n Ciudadana (SSPC), Omar Garc\u00eda Harfuch, estar\u00e1 unos d\u00edas en Sinaloa para \u201ccoordinar de mejor manera la estrategia de seguridad\u201d en dicha entidad. Ayer el secretario de Seguridad y Protecci\u00f3n Ciudadana se traslad\u00f3 a Sinaloa, va a estar all\u00e1 unos d\u00edas con un [&hellip;]<\/p>\n","protected":false},"author":2,"featured_media":51035,"comment_status":"closed","ping_status":"closed","sticky":false,"template":"","format":"standard","meta":{"footnotes":""},"categories":[1025,19],"tags":[],"class_list":{"0":"post-51034","1":"post","2":"type-post","3":"status-publish","4":"format-standard","5":"has-post-thumbnail","7":"category-destacado","8":"category-nacional"},"yoast_head":"<!-- This site is optimized with the Yoast SEO plugin v27.4 - https:\/\/yoast.com\/product\/yoast-seo-wordpress\/ -->\n<title>Garc\u00eda Harfuch estar\u00e1 unos d\u00edas en Sinaloa para &quot;coordinar de mejor manera la estrategia de seguridad&quot;: Sheinbaum - LA BRAVA RADIO<\/title>\n<meta name=\"robots\" content=\"index, follow, max-snippet:-1, max-image-preview:large, max-video-preview:-1\" \/>\n<link rel=\"canonical\" href=\"https:\/\/www.bbmnoticias.com\/labravaradiofm\/2024\/12\/04\/garcia-harfuch-estara-unos-dias-en-sinaloa-para-coordinar-de-mejor-manera-la-estrategia-de-seguridad-sheinbaum\/\" \/>\n<meta property=\"og:locale\" content=\"es_MX\" \/>\n<meta property=\"og:type\" content=\"article\" \/>\n<meta property=\"og:title\" content=\"Garc\u00eda Harfuch estar\u00e1 unos d\u00edas en Sinaloa para &quot;coordinar de mejor manera la estrategia de seguridad&quot;: Sheinbaum - LA BRAVA RADIO\" \/>\n<meta property=\"og:description\" content=\"La presidenta Claudia Sheinbaum Pardo detall\u00f3 que el titular de Seguridad y Protecci\u00f3n Ciudadana (SSPC), Omar Garc\u00eda Harfuch, estar\u00e1 unos d\u00edas en Sinaloa para \u201ccoordinar de mejor manera la estrategia de seguridad\u201d en dicha entidad. Ayer el secretario de Seguridad y Protecci\u00f3n Ciudadana se traslad\u00f3 a Sinaloa, va a estar all\u00e1 unos d\u00edas con un [&hellip;]\" \/>\n<meta property=\"og:url\" content=\"https:\/\/www.bbmnoticias.com\/labravaradiofm\/2024\/12\/04\/garcia-harfuch-estara-unos-dias-en-sinaloa-para-coordinar-de-mejor-manera-la-estrategia-de-seguridad-sheinbaum\/\" \/>\n<meta property=\"og:site_name\" content=\"LA BRAVA RADIO\" \/>\n<meta property=\"article:published_time\" content=\"2024-12-04T16:19:43+00:00\" \/>\n<meta property=\"article:modified_time\" content=\"2024-12-04T16:19:47+00:00\" \/>\n<meta property=\"og:image\" content=\"https:\/\/www.bbmnoticias.com\/labravaradiofm\/wp-content\/uploads\/sites\/5\/2024\/12\/sheinbaum-garcia-harfuch.jpg\" \/>\n\t<meta property=\"og:image:width\" content=\"768\" \/>\n\t<meta property=\"og:image:height\" content=\"512\" \/>\n\t<meta property=\"og:image:type\" content=\"image\/jpeg\" \/>\n<meta name=\"author\" content=\"Staff\" \/>\n<meta name=\"twitter:card\" content=\"summary_large_image\" \/>\n<meta name=\"twitter:label1\" content=\"Escrito por\" \/>\n\t<meta name=\"twitter:data1\" content=\"Staff\" \/>\n\t<meta name=\"twitter:label2\" content=\"Tiempo de lectura\" \/>\n\t<meta name=\"twitter:data2\" content=\"2 minutos\" \/>\n<script type=\"application\/ld+json\" class=\"yoast-schema-graph\">{\"@context\":\"https:\\\/\\\/schema.org\",\"@graph\":[{\"@type\":\"Article\",\"@id\":\"https:\\\/\\\/www.bbmnoticias.com\\\/labravaradiofm\\\/2024\\\/12\\\/04\\\/garcia-harfuch-estara-unos-dias-en-sinaloa-para-coordinar-de-mejor-manera-la-estrategia-de-seguridad-sheinbaum\\\/#article\",\"isPartOf\":{\"@id\":\"https:\\\/\\\/www.bbmnoticias.com\\\/labravaradiofm\\\/2024\\\/12\\\/04\\\/garcia-harfuch-estara-unos-dias-en-sinaloa-para-coordinar-de-mejor-manera-la-estrategia-de-seguridad-sheinbaum\\\/\"},\"author\":{\"name\":\"Staff\",\"@id\":\"https:\\\/\\\/www.bbmnoticias.com\\\/labravaradiofm\\\/#\\\/schema\\\/person\\\/34b139c617a70ea5bef5678bffe4dd7b\"},\"headline\":\"Garc\u00eda Harfuch estar\u00e1 unos d\u00edas en Sinaloa para &#8220;coordinar de mejor manera la estrategia de seguridad&#8221;: Sheinbaum\",\"datePublished\":\"2024-12-04T16:19:43+00:00\",\"dateModified\":\"2024-12-04T16:19:47+00:00\",\"mainEntityOfPage\":{\"@id\":\"https:\\\/\\\/www.bbmnoticias.com\\\/labravaradiofm\\\/2024\\\/12\\\/04\\\/garcia-harfuch-estara-unos-dias-en-sinaloa-para-coordinar-de-mejor-manera-la-estrategia-de-seguridad-sheinbaum\\\/\"},\"wordCount\":368,\"image\":{\"@id\":\"https:\\\/\\\/www.bbmnoticias.com\\\/labravaradiofm\\\/2024\\\/12\\\/04\\\/garcia-harfuch-estara-unos-dias-en-sinaloa-para-coordinar-de-mejor-manera-la-estrategia-de-seguridad-sheinbaum\\\/#primaryimage\"},\"thumbnailUrl\":\"https:\\\/\\\/www.bbmnoticias.com\\\/labravaradiofm\\\/wp-content\\\/uploads\\\/sites\\\/5\\\/2024\\\/12\\\/sheinbaum-garcia-harfuch.jpg\",\"articleSection\":[\"DESTACADO\",\"NACIONAL\"],\"inLanguage\":\"es\"},{\"@type\":\"WebPage\",\"@id\":\"https:\\\/\\\/www.bbmnoticias.com\\\/labravaradiofm\\\/2024\\\/12\\\/04\\\/garcia-harfuch-estara-unos-dias-en-sinaloa-para-coordinar-de-mejor-manera-la-estrategia-de-seguridad-sheinbaum\\\/\",\"url\":\"https:\\\/\\\/www.bbmnoticias.com\\\/labravaradiofm\\\/2024\\\/12\\\/04\\\/garcia-harfuch-estara-unos-dias-en-sinaloa-para-coordinar-de-mejor-manera-la-estrategia-de-seguridad-sheinbaum\\\/\",\"name\":\"Garc\u00eda Harfuch estar\u00e1 unos d\u00edas en Sinaloa para \\\"coordinar de mejor manera la estrategia de seguridad\\\": Sheinbaum - LA BRAVA RADIO\",\"isPartOf\":{\"@id\":\"https:\\\/\\\/www.bbmnoticias.com\\\/labravaradiofm\\\/#website\"},\"primaryImageOfPage\":{\"@id\":\"https:\\\/\\\/www.bbmnoticias.com\\\/labravaradiofm\\\/2024\\\/12\\\/04\\\/garcia-harfuch-estara-unos-dias-en-sinaloa-para-coordinar-de-mejor-manera-la-estrategia-de-seguridad-sheinbaum\\\/#primaryimage\"},\"image\":{\"@id\":\"https:\\\/\\\/www.bbmnoticias.com\\\/labravaradiofm\\\/2024\\\/12\\\/04\\\/garcia-harfuch-estara-unos-dias-en-sinaloa-para-coordinar-de-mejor-manera-la-estrategia-de-seguridad-sheinbaum\\\/#primaryimage\"},\"thumbnailUrl\":\"https:\\\/\\\/www.bbmnoticias.com\\\/labravaradiofm\\\/wp-content\\\/uploads\\\/sites\\\/5\\\/2024\\\/12\\\/sheinbaum-garcia-harfuch.jpg\",\"datePublished\":\"2024-12-04T16:19:43+00:00\",\"dateModified\":\"2024-12-04T16:19:47+00:00\",\"author\":{\"@id\":\"https:\\\/\\\/www.bbmnoticias.com\\\/labravaradiofm\\\/#\\\/schema\\\/person\\\/34b139c617a70ea5bef5678bffe4dd7b\"},\"breadcrumb\":{\"@id\":\"https:\\\/\\\/www.bbmnoticias.com\\\/labravaradiofm\\\/2024\\\/12\\\/04\\\/garcia-harfuch-estara-unos-dias-en-sinaloa-para-coordinar-de-mejor-manera-la-estrategia-de-seguridad-sheinbaum\\\/#breadcrumb\"},\"inLanguage\":\"es\",\"potentialAction\":[{\"@type\":\"ReadAction\",\"target\":[\"https:\\\/\\\/www.bbmnoticias.com\\\/labravaradiofm\\\/2024\\\/12\\\/04\\\/garcia-harfuch-estara-unos-dias-en-sinaloa-para-coordinar-de-mejor-manera-la-estrategia-de-seguridad-sheinbaum\\\/\"]}]},{\"@type\":\"ImageObject\",\"inLanguage\":\"es\",\"@id\":\"https:\\\/\\\/www.bbmnoticias.com\\\/labravaradiofm\\\/2024\\\/12\\\/04\\\/garcia-harfuch-estara-unos-dias-en-sinaloa-para-coordinar-de-mejor-manera-la-estrategia-de-seguridad-sheinbaum\\\/#primaryimage\",\"url\":\"https:\\\/\\\/www.bbmnoticias.com\\\/labravaradiofm\\\/wp-content\\\/uploads\\\/sites\\\/5\\\/2024\\\/12\\\/sheinbaum-garcia-harfuch.jpg\",\"contentUrl\":\"https:\\\/\\\/www.bbmnoticias.com\\\/labravaradiofm\\\/wp-content\\\/uploads\\\/sites\\\/5\\\/2024\\\/12\\\/sheinbaum-garcia-harfuch.jpg\",\"width\":768,\"height\":512},{\"@type\":\"BreadcrumbList\",\"@id\":\"https:\\\/\\\/www.bbmnoticias.com\\\/labravaradiofm\\\/2024\\\/12\\\/04\\\/garcia-harfuch-estara-unos-dias-en-sinaloa-para-coordinar-de-mejor-manera-la-estrategia-de-seguridad-sheinbaum\\\/#breadcrumb\",\"itemListElement\":[{\"@type\":\"ListItem\",\"position\":1,\"name\":\"Inicio\",\"item\":\"https:\\\/\\\/www.bbmnoticias.com\\\/labravaradiofm\\\/\"},{\"@type\":\"ListItem\",\"position\":2,\"name\":\"Garc\u00eda Harfuch estar\u00e1 unos d\u00edas en Sinaloa para &#8220;coordinar de mejor manera la estrategia de seguridad&#8221;: Sheinbaum\"}]},{\"@type\":\"WebSite\",\"@id\":\"https:\\\/\\\/www.bbmnoticias.com\\\/labravaradiofm\\\/#website\",\"url\":\"https:\\\/\\\/www.bbmnoticias.com\\\/labravaradiofm\\\/\",\"name\":\"LA BRAVA RADIO\",\"description\":\"Empresa productora de medios, Radiodifusi\u00f3n, Noticias, tendencias y todo lo que necesitas saber de la pol\u00edtica mexicana e internacional; entretenimiento, espect\u00e1culos, salud y mucho m\u00e1s.\",\"potentialAction\":[{\"@type\":\"SearchAction\",\"target\":{\"@type\":\"EntryPoint\",\"urlTemplate\":\"https:\\\/\\\/www.bbmnoticias.com\\\/labravaradiofm\\\/?s={search_term_string}\"},\"query-input\":{\"@type\":\"PropertyValueSpecification\",\"valueRequired\":true,\"valueName\":\"search_term_string\"}}],\"inLanguage\":\"es\"},{\"@type\":\"Person\",\"@id\":\"https:\\\/\\\/www.bbmnoticias.com\\\/labravaradiofm\\\/#\\\/schema\\\/person\\\/34b139c617a70ea5bef5678bffe4dd7b\",\"name\":\"Staff\",\"image\":{\"@type\":\"ImageObject\",\"inLanguage\":\"es\",\"@id\":\"https:\\\/\\\/secure.gravatar.com\\\/avatar\\\/fdd21ad66fd8b98c407f9dee5b5e588cfe7f0d8579ec20fa6527cd59bab7f0f0?s=96&d=mm&r=g\",\"url\":\"https:\\\/\\\/secure.gravatar.com\\\/avatar\\\/fdd21ad66fd8b98c407f9dee5b5e588cfe7f0d8579ec20fa6527cd59bab7f0f0?s=96&d=mm&r=g\",\"contentUrl\":\"https:\\\/\\\/secure.gravatar.com\\\/avatar\\\/fdd21ad66fd8b98c407f9dee5b5e588cfe7f0d8579ec20fa6527cd59bab7f0f0?s=96&d=mm&r=g\",\"caption\":\"Staff\"},\"url\":\"https:\\\/\\\/www.bbmnoticias.com\\\/labravaradiofm\\\/author\\\/redaccion\\\/\"}]}<\/script>\n<!-- \/ Yoast SEO plugin. -->","yoast_head_json":{"title":"Garc\u00eda Harfuch estar\u00e1 unos d\u00edas en Sinaloa para \"coordinar de mejor manera la estrategia de seguridad\": Sheinbaum - LA BRAVA RADIO","robots":{"index":"index","follow":"follow","max-snippet":"max-snippet:-1","max-image-preview":"max-image-preview:large","max-video-preview":"max-video-preview:-1"},"canonical":"https:\/\/www.bbmnoticias.com\/labravaradiofm\/2024\/12\/04\/garcia-harfuch-estara-unos-dias-en-sinaloa-para-coordinar-de-mejor-manera-la-estrategia-de-seguridad-sheinbaum\/","og_locale":"es_MX","og_type":"article","og_title":"Garc\u00eda Harfuch estar\u00e1 unos d\u00edas en Sinaloa para \"coordinar de mejor manera la estrategia de seguridad\": Sheinbaum - LA BRAVA RADIO","og_description":"La presidenta Claudia Sheinbaum Pardo detall\u00f3 que el titular de Seguridad y Protecci\u00f3n Ciudadana (SSPC), Omar Garc\u00eda Harfuch, estar\u00e1 unos d\u00edas en Sinaloa para \u201ccoordinar de mejor manera la estrategia de seguridad\u201d en dicha entidad. Ayer el secretario de Seguridad y Protecci\u00f3n Ciudadana se traslad\u00f3 a Sinaloa, va a estar all\u00e1 unos d\u00edas con un [&hellip;]","og_url":"https:\/\/www.bbmnoticias.com\/labravaradiofm\/2024\/12\/04\/garcia-harfuch-estara-unos-dias-en-sinaloa-para-coordinar-de-mejor-manera-la-estrategia-de-seguridad-sheinbaum\/","og_site_name":"LA BRAVA RADIO","article_published_time":"2024-12-04T16:19:43+00:00","article_modified_time":"2024-12-04T16:19:47+00:00","og_image":[{"width":768,"height":512,"url":"https:\/\/www.bbmnoticias.com\/labravaradiofm\/wp-content\/uploads\/sites\/5\/2024\/12\/sheinbaum-garcia-harfuch.jpg","type":"image\/jpeg"}],"author":"Staff","twitter_card":"summary_large_image","twitter_misc":{"Escrito por":"Staff","Tiempo de lectura":"2 minutos"},"schema":{"@context":"https:\/\/schema.org","@graph":[{"@type":"Article","@id":"https:\/\/www.bbmnoticias.com\/labravaradiofm\/2024\/12\/04\/garcia-harfuch-estara-unos-dias-en-sinaloa-para-coordinar-de-mejor-manera-la-estrategia-de-seguridad-sheinbaum\/#article","isPartOf":{"@id":"https:\/\/www.bbmnoticias.com\/labravaradiofm\/2024\/12\/04\/garcia-harfuch-estara-unos-dias-en-sinaloa-para-coordinar-de-mejor-manera-la-estrategia-de-seguridad-sheinbaum\/"},"author":{"name":"Staff","@id":"https:\/\/www.bbmnoticias.com\/labravaradiofm\/#\/schema\/person\/34b139c617a70ea5bef5678bffe4dd7b"},"headline":"Garc\u00eda Harfuch estar\u00e1 unos d\u00edas en Sinaloa para &#8220;coordinar de mejor manera la estrategia de seguridad&#8221;: Sheinbaum","datePublished":"2024-12-04T16:19:43+00:00","dateModified":"2024-12-04T16:19:47+00:00","mainEntityOfPage":{"@id":"https:\/\/www.bbmnoticias.com\/labravaradiofm\/2024\/12\/04\/garcia-harfuch-estara-unos-dias-en-sinaloa-para-coordinar-de-mejor-manera-la-estrategia-de-seguridad-sheinbaum\/"},"wordCount":368,"image":{"@id":"https:\/\/www.bbmnoticias.com\/labravaradiofm\/2024\/12\/04\/garcia-harfuch-estara-unos-dias-en-sinaloa-para-coordinar-de-mejor-manera-la-estrategia-de-seguridad-sheinbaum\/#primaryimage"},"thumbnailUrl":"https:\/\/www.bbmnoticias.com\/labravaradiofm\/wp-content\/uploads\/sites\/5\/2024\/12\/sheinbaum-garcia-harfuch.jpg","articleSection":["DESTACADO","NACIONAL"],"inLanguage":"es"},{"@type":"WebPage","@id":"https:\/\/www.bbmnoticias.com\/labravaradiofm\/2024\/12\/04\/garcia-harfuch-estara-unos-dias-en-sinaloa-para-coordinar-de-mejor-manera-la-estrategia-de-seguridad-sheinbaum\/","url":"https:\/\/www.bbmnoticias.com\/labravaradiofm\/2024\/12\/04\/garcia-harfuch-estara-unos-dias-en-sinaloa-para-coordinar-de-mejor-manera-la-estrategia-de-seguridad-sheinbaum\/","name":"Garc\u00eda Harfuch estar\u00e1 unos d\u00edas en Sinaloa para \"coordinar de mejor manera la estrategia de seguridad\": Sheinbaum - LA BRAVA RADIO","isPartOf":{"@id":"https:\/\/www.bbmnoticias.com\/labravaradiofm\/#website"},"primaryImageOfPage":{"@id":"https:\/\/www.bbmnoticias.com\/labravaradiofm\/2024\/12\/04\/garcia-harfuch-estara-unos-dias-en-sinaloa-para-coordinar-de-mejor-manera-la-estrategia-de-seguridad-sheinbaum\/#primaryimage"},"image":{"@id":"https:\/\/www.bbmnoticias.com\/labravaradiofm\/2024\/12\/04\/garcia-harfuch-estara-unos-dias-en-sinaloa-para-coordinar-de-mejor-manera-la-estrategia-de-seguridad-sheinbaum\/#primaryimage"},"thumbnailUrl":"https:\/\/www.bbmnoticias.com\/labravaradiofm\/wp-content\/uploads\/sites\/5\/2024\/12\/sheinbaum-garcia-harfuch.jpg","datePublished":"2024-12-04T16:19:43+00:00","dateModified":"2024-12-04T16:19:47+00:00","author":{"@id":"https:\/\/www.bbmnoticias.com\/labravaradiofm\/#\/schema\/person\/34b139c617a70ea5bef5678bffe4dd7b"},"breadcrumb":{"@id":"https:\/\/www.bbmnoticias.com\/labravaradiofm\/2024\/12\/04\/garcia-harfuch-estara-unos-dias-en-sinaloa-para-coordinar-de-mejor-manera-la-estrategia-de-seguridad-sheinbaum\/#breadcrumb"},"inLanguage":"es","potentialAction":[{"@type":"ReadAction","target":["https:\/\/www.bbmnoticias.com\/labravaradiofm\/2024\/12\/04\/garcia-harfuch-estara-unos-dias-en-sinaloa-para-coordinar-de-mejor-manera-la-estrategia-de-seguridad-sheinbaum\/"]}]},{"@type":"ImageObject","inLanguage":"es","@id":"https:\/\/www.bbmnoticias.com\/labravaradiofm\/2024\/12\/04\/garcia-harfuch-estara-unos-dias-en-sinaloa-para-coordinar-de-mejor-manera-la-estrategia-de-seguridad-sheinbaum\/#primaryimage","url":"https:\/\/www.bbmnoticias.com\/labravaradiofm\/wp-content\/uploads\/sites\/5\/2024\/12\/sheinbaum-garcia-harfuch.jpg","contentUrl":"https:\/\/www.bbmnoticias.com\/labravaradiofm\/wp-content\/uploads\/sites\/5\/2024\/12\/sheinbaum-garcia-harfuch.jpg","width":768,"height":512},{"@type":"BreadcrumbList","@id":"https:\/\/www.bbmnoticias.com\/labravaradiofm\/2024\/12\/04\/garcia-harfuch-estara-unos-dias-en-sinaloa-para-coordinar-de-mejor-manera-la-estrategia-de-seguridad-sheinbaum\/#breadcrumb","itemListElement":[{"@type":"ListItem","position":1,"name":"Inicio","item":"https:\/\/www.bbmnoticias.com\/labravaradiofm\/"},{"@type":"ListItem","position":2,"name":"Garc\u00eda Harfuch estar\u00e1 unos d\u00edas en Sinaloa para &#8220;coordinar de mejor manera la estrategia de seguridad&#8221;: Sheinbaum"}]},{"@type":"WebSite","@id":"https:\/\/www.bbmnoticias.com\/labravaradiofm\/#website","url":"https:\/\/www.bbmnoticias.com\/labravaradiofm\/","name":"LA BRAVA RADIO","description":"Empresa productora de medios, Radiodifusi\u00f3n, Noticias, tendencias y todo lo que necesitas saber de la pol\u00edtica mexicana e internacional; entretenimiento, espect\u00e1culos, salud y mucho m\u00e1s.","potentialAction":[{"@type":"SearchAction","target":{"@type":"EntryPoint","urlTemplate":"https:\/\/www.bbmnoticias.com\/labravaradiofm\/?s={search_term_string}"},"query-input":{"@type":"PropertyValueSpecification","valueRequired":true,"valueName":"search_term_string"}}],"inLanguage":"es"},{"@type":"Person","@id":"https:\/\/www.bbmnoticias.com\/labravaradiofm\/#\/schema\/person\/34b139c617a70ea5bef5678bffe4dd7b","name":"Staff","image":{"@type":"ImageObject","inLanguage":"es","@id":"https:\/\/secure.gravatar.com\/avatar\/fdd21ad66fd8b98c407f9dee5b5e588cfe7f0d8579ec20fa6527cd59bab7f0f0?s=96&d=mm&r=g","url":"https:\/\/secure.gravatar.com\/avatar\/fdd21ad66fd8b98c407f9dee5b5e588cfe7f0d8579ec20fa6527cd59bab7f0f0?s=96&d=mm&r=g","contentUrl":"https:\/\/secure.gravatar.com\/avatar\/fdd21ad66fd8b98c407f9dee5b5e588cfe7f0d8579ec20fa6527cd59bab7f0f0?s=96&d=mm&r=g","caption":"Staff"},"url":"https:\/\/www.bbmnoticias.com\/labravaradiofm\/author\/redaccion\/"}]}},"_links":{"self":[{"href":"https:\/\/www.bbmnoticias.com\/labravaradiofm\/wp-json\/wp\/v2\/posts\/51034","targetHints":{"allow":["GET"]}}],"collection":[{"href":"https:\/\/www.bbmnoticias.com\/labravaradiofm\/wp-json\/wp\/v2\/posts"}],"about":[{"href":"https:\/\/www.bbmnoticias.com\/labravaradiofm\/wp-json\/wp\/v2\/types\/post"}],"author":[{"embeddable":true,"href":"https:\/\/www.bbmnoticias.com\/labravaradiofm\/wp-json\/wp\/v2\/users\/2"}],"replies":[{"embeddable":true,"href":"https:\/\/www.bbmnoticias.com\/labravaradiofm\/wp-json\/wp\/v2\/comments?post=51034"}],"version-history":[{"count":0,"href":"https:\/\/www.bbmnoticias.com\/labravaradiofm\/wp-json\/wp\/v2\/posts\/51034\/revisions"}],"wp:featuredmedia":[{"embeddable":true,"href":"https:\/\/www.bbmnoticias.com\/labravaradiofm\/wp-json\/wp\/v2\/media\/51035"}],"wp:attachment":[{"href":"https:\/\/www.bbmnoticias.com\/labravaradiofm\/wp-json\/wp\/v2\/media?parent=51034"}],"wp:term":[{"taxonomy":"category","embeddable":true,"href":"https:\/\/www.bbmnoticias.com\/labravaradiofm\/wp-json\/wp\/v2\/categories?post=51034"},{"taxonomy":"post_tag","embeddable":true,"href":"https:\/\/www.bbmnoticias.com\/labravaradiofm\/wp-json\/wp\/v2\/tags?post=51034"}],"curies":[{"name":"wp","href":"https:\/\/api.w.org\/{rel}","templated":true}]}}