{"id":51031,"date":"2024-12-04T09:17:35","date_gmt":"2024-12-04T15:17:35","guid":{"rendered":"https:\/\/www.bbmnoticias.com\/labravaradiofm\/?p=51031"},"modified":"2024-12-04T09:17:40","modified_gmt":"2024-12-04T15:17:40","slug":"fgeo-ejecuta-orden-de-aprehension-contra-el-ruso-por-secuestro-expres-de-activista-aelmana","status":"publish","type":"post","link":"https:\/\/www.bbmnoticias.com\/labravaradiofm\/2024\/12\/04\/fgeo-ejecuta-orden-de-aprehension-contra-el-ruso-por-secuestro-expres-de-activista-aelmana\/","title":{"rendered":"FGEO ejecuta orden de aprehensi\u00f3n contra \u201cEl Ruso\u201d, por secuestro expr\u00e9s de activista Aelmana"},"content":{"rendered":"<div style=\"margin-top: 0px; margin-bottom: 0px;\" class=\"sharethis-inline-share-buttons\" ><\/div>\n<p>* Fue detenido durante operativo realizado en el Istmo, investigaciones revelan participaci\u00f3n en diversos delitos<\/p>\n\n\n\n<p>Oaxaca de Ju\u00e1rez, Oax. 04 de diciembre de 2024.- La Fiscal\u00eda General del Estado de Oaxaca (FGEO) ejecut\u00f3 una orden de aprehensi\u00f3n en contra de una persona del sexo masculino, originario de Venezuela, identificado como C. J. F. O., alias \u201cEl Ruso\u201d, por el delito de Secuestro Expr\u00e9s, cometido en agravio de una mujer de nacionalidad alemana, hechos ocurridos en la regi\u00f3n del Istmo de Tehuantepec.<\/p>\n\n\n\n<p>Los hechos sucedieron el 19 de septiembre de 2024, cuando la v\u00edctima identificada por las iniciales M. B. S., estaba en la ciudad de Juchit\u00e1n de Zaragoza, cuando fue privada de la libertad, para enseguida ser obligada a realizar retiros y transferencias bancarias por diferentes cantidades, como condicionante para dejarla en libertad.<\/p>\n\n\n\n<p>Ante los hechos, la FGEO recibi\u00f3 la denuncia penal, la cual qued\u00f3 a cargo de la Unidad Operativa Especializada en Materia de Delitos Cometidos contra Personas Defensoras de Derechos Humanos, perteneciente a la Fiscal\u00eda Especializada en Investigaciones de Trascendencia Social, debido a que la v\u00edctima trabajaba directamente con una asociaci\u00f3n civil en la entidad.<\/p>\n\n\n\n<p>Cabe recordar que C. J. F. O., alias \u201cEl Ruso\u201d, fue detenido como resultado de un operativo de seguridad coordinado entre la Secretar\u00eda de la Defensa Nacional, Secretar\u00eda de Marina, Guardia Nacional y la Secretar\u00eda de Seguridad y Protecci\u00f3n Ciudadana, desplegado en diferentes puntos del Istmo de Tehuantepec se logr\u00f3 la detenci\u00f3n, considerado como uno de los objetivos prioritarios de la regi\u00f3n, pues las investigaciones ministeriales lo vinculan con diversas actividades delictivas como secuestro, homicidio, tr\u00e1fico de personas, as\u00ed como otro tipo de actividades il\u00edcitas.<\/p>\n\n\n\n<p>Tras su detenci\u00f3n, las labores ministeriales permitieron ejecutar la orden de aprehensi\u00f3n antes citada, por lo que ser\u00e1 llevado a audiencia para definir su situaci\u00f3n jur\u00eddica.<\/p>\n","protected":false},"excerpt":{"rendered":"<p>* Fue detenido durante operativo realizado en el Istmo, investigaciones revelan participaci\u00f3n en diversos delitos Oaxaca de Ju\u00e1rez, Oax. 04 de diciembre de 2024.- La Fiscal\u00eda General del Estado de Oaxaca (FGEO) ejecut\u00f3 una orden de aprehensi\u00f3n en contra de una persona del sexo masculino, originario de Venezuela, identificado como C. J. F. O., alias [&hellip;]<\/p>\n","protected":false},"author":2,"featured_media":50583,"comment_status":"closed","ping_status":"closed","sticky":false,"template":"","format":"standard","meta":{"footnotes":""},"categories":[1025,20],"tags":[],"class_list":{"0":"post-51031","1":"post","2":"type-post","3":"status-publish","4":"format-standard","5":"has-post-thumbnail","7":"category-destacado","8":"category-policiaca"},"yoast_head":"<!-- This site is optimized with the Yoast SEO plugin v27.4 - https:\/\/yoast.com\/product\/yoast-seo-wordpress\/ -->\n<title>FGEO ejecuta orden de aprehensi\u00f3n contra \u201cEl Ruso\u201d, por secuestro expr\u00e9s de activista Aelmana - LA BRAVA RADIO<\/title>\n<meta name=\"robots\" content=\"index, follow, max-snippet:-1, max-image-preview:large, max-video-preview:-1\" \/>\n<link rel=\"canonical\" href=\"https:\/\/www.bbmnoticias.com\/labravaradiofm\/2024\/12\/04\/fgeo-ejecuta-orden-de-aprehension-contra-el-ruso-por-secuestro-expres-de-activista-aelmana\/\" \/>\n<meta property=\"og:locale\" content=\"es_MX\" \/>\n<meta property=\"og:type\" content=\"article\" \/>\n<meta property=\"og:title\" content=\"FGEO ejecuta orden de aprehensi\u00f3n contra \u201cEl Ruso\u201d, por secuestro expr\u00e9s de activista Aelmana - LA BRAVA RADIO\" \/>\n<meta property=\"og:description\" content=\"* Fue detenido durante operativo realizado en el Istmo, investigaciones revelan participaci\u00f3n en diversos delitos Oaxaca de Ju\u00e1rez, Oax. 04 de diciembre de 2024.- La Fiscal\u00eda General del Estado de Oaxaca (FGEO) ejecut\u00f3 una orden de aprehensi\u00f3n en contra de una persona del sexo masculino, originario de Venezuela, identificado como C. J. F. O., alias [&hellip;]\" \/>\n<meta property=\"og:url\" content=\"https:\/\/www.bbmnoticias.com\/labravaradiofm\/2024\/12\/04\/fgeo-ejecuta-orden-de-aprehension-contra-el-ruso-por-secuestro-expres-de-activista-aelmana\/\" \/>\n<meta property=\"og:site_name\" content=\"LA BRAVA RADIO\" \/>\n<meta property=\"article:published_time\" content=\"2024-12-04T15:17:35+00:00\" \/>\n<meta property=\"article:modified_time\" content=\"2024-12-04T15:17:40+00:00\" \/>\n<meta property=\"og:image\" content=\"https:\/\/www.bbmnoticias.com\/labravaradiofm\/wp-content\/uploads\/sites\/5\/2024\/11\/GdQBzB2WIAAB92d.jpg\" \/>\n\t<meta property=\"og:image:width\" content=\"1200\" \/>\n\t<meta property=\"og:image:height\" content=\"1600\" \/>\n\t<meta property=\"og:image:type\" content=\"image\/jpeg\" \/>\n<meta name=\"author\" content=\"Staff\" \/>\n<meta name=\"twitter:card\" content=\"summary_large_image\" \/>\n<meta name=\"twitter:label1\" content=\"Escrito por\" \/>\n\t<meta name=\"twitter:data1\" content=\"Staff\" \/>\n\t<meta name=\"twitter:label2\" content=\"Tiempo de lectura\" \/>\n\t<meta name=\"twitter:data2\" content=\"2 minutos\" \/>\n<script type=\"application\/ld+json\" class=\"yoast-schema-graph\">{\"@context\":\"https:\\\/\\\/schema.org\",\"@graph\":[{\"@type\":\"Article\",\"@id\":\"https:\\\/\\\/www.bbmnoticias.com\\\/labravaradiofm\\\/2024\\\/12\\\/04\\\/fgeo-ejecuta-orden-de-aprehension-contra-el-ruso-por-secuestro-expres-de-activista-aelmana\\\/#article\",\"isPartOf\":{\"@id\":\"https:\\\/\\\/www.bbmnoticias.com\\\/labravaradiofm\\\/2024\\\/12\\\/04\\\/fgeo-ejecuta-orden-de-aprehension-contra-el-ruso-por-secuestro-expres-de-activista-aelmana\\\/\"},\"author\":{\"name\":\"Staff\",\"@id\":\"https:\\\/\\\/www.bbmnoticias.com\\\/labravaradiofm\\\/#\\\/schema\\\/person\\\/34b139c617a70ea5bef5678bffe4dd7b\"},\"headline\":\"FGEO ejecuta orden de aprehensi\u00f3n contra \u201cEl Ruso\u201d, por secuestro expr\u00e9s de activista Aelmana\",\"datePublished\":\"2024-12-04T15:17:35+00:00\",\"dateModified\":\"2024-12-04T15:17:40+00:00\",\"mainEntityOfPage\":{\"@id\":\"https:\\\/\\\/www.bbmnoticias.com\\\/labravaradiofm\\\/2024\\\/12\\\/04\\\/fgeo-ejecuta-orden-de-aprehension-contra-el-ruso-por-secuestro-expres-de-activista-aelmana\\\/\"},\"wordCount\":333,\"image\":{\"@id\":\"https:\\\/\\\/www.bbmnoticias.com\\\/labravaradiofm\\\/2024\\\/12\\\/04\\\/fgeo-ejecuta-orden-de-aprehension-contra-el-ruso-por-secuestro-expres-de-activista-aelmana\\\/#primaryimage\"},\"thumbnailUrl\":\"https:\\\/\\\/www.bbmnoticias.com\\\/labravaradiofm\\\/wp-content\\\/uploads\\\/sites\\\/5\\\/2024\\\/11\\\/GdQBzB2WIAAB92d.jpg\",\"articleSection\":[\"DESTACADO\",\"POLICIACA\"],\"inLanguage\":\"es\"},{\"@type\":\"WebPage\",\"@id\":\"https:\\\/\\\/www.bbmnoticias.com\\\/labravaradiofm\\\/2024\\\/12\\\/04\\\/fgeo-ejecuta-orden-de-aprehension-contra-el-ruso-por-secuestro-expres-de-activista-aelmana\\\/\",\"url\":\"https:\\\/\\\/www.bbmnoticias.com\\\/labravaradiofm\\\/2024\\\/12\\\/04\\\/fgeo-ejecuta-orden-de-aprehension-contra-el-ruso-por-secuestro-expres-de-activista-aelmana\\\/\",\"name\":\"FGEO ejecuta orden de aprehensi\u00f3n contra \u201cEl Ruso\u201d, por secuestro expr\u00e9s de activista Aelmana - LA BRAVA RADIO\",\"isPartOf\":{\"@id\":\"https:\\\/\\\/www.bbmnoticias.com\\\/labravaradiofm\\\/#website\"},\"primaryImageOfPage\":{\"@id\":\"https:\\\/\\\/www.bbmnoticias.com\\\/labravaradiofm\\\/2024\\\/12\\\/04\\\/fgeo-ejecuta-orden-de-aprehension-contra-el-ruso-por-secuestro-expres-de-activista-aelmana\\\/#primaryimage\"},\"image\":{\"@id\":\"https:\\\/\\\/www.bbmnoticias.com\\\/labravaradiofm\\\/2024\\\/12\\\/04\\\/fgeo-ejecuta-orden-de-aprehension-contra-el-ruso-por-secuestro-expres-de-activista-aelmana\\\/#primaryimage\"},\"thumbnailUrl\":\"https:\\\/\\\/www.bbmnoticias.com\\\/labravaradiofm\\\/wp-content\\\/uploads\\\/sites\\\/5\\\/2024\\\/11\\\/GdQBzB2WIAAB92d.jpg\",\"datePublished\":\"2024-12-04T15:17:35+00:00\",\"dateModified\":\"2024-12-04T15:17:40+00:00\",\"author\":{\"@id\":\"https:\\\/\\\/www.bbmnoticias.com\\\/labravaradiofm\\\/#\\\/schema\\\/person\\\/34b139c617a70ea5bef5678bffe4dd7b\"},\"breadcrumb\":{\"@id\":\"https:\\\/\\\/www.bbmnoticias.com\\\/labravaradiofm\\\/2024\\\/12\\\/04\\\/fgeo-ejecuta-orden-de-aprehension-contra-el-ruso-por-secuestro-expres-de-activista-aelmana\\\/#breadcrumb\"},\"inLanguage\":\"es\",\"potentialAction\":[{\"@type\":\"ReadAction\",\"target\":[\"https:\\\/\\\/www.bbmnoticias.com\\\/labravaradiofm\\\/2024\\\/12\\\/04\\\/fgeo-ejecuta-orden-de-aprehension-contra-el-ruso-por-secuestro-expres-de-activista-aelmana\\\/\"]}]},{\"@type\":\"ImageObject\",\"inLanguage\":\"es\",\"@id\":\"https:\\\/\\\/www.bbmnoticias.com\\\/labravaradiofm\\\/2024\\\/12\\\/04\\\/fgeo-ejecuta-orden-de-aprehension-contra-el-ruso-por-secuestro-expres-de-activista-aelmana\\\/#primaryimage\",\"url\":\"https:\\\/\\\/www.bbmnoticias.com\\\/labravaradiofm\\\/wp-content\\\/uploads\\\/sites\\\/5\\\/2024\\\/11\\\/GdQBzB2WIAAB92d.jpg\",\"contentUrl\":\"https:\\\/\\\/www.bbmnoticias.com\\\/labravaradiofm\\\/wp-content\\\/uploads\\\/sites\\\/5\\\/2024\\\/11\\\/GdQBzB2WIAAB92d.jpg\",\"width\":1200,\"height\":1600},{\"@type\":\"BreadcrumbList\",\"@id\":\"https:\\\/\\\/www.bbmnoticias.com\\\/labravaradiofm\\\/2024\\\/12\\\/04\\\/fgeo-ejecuta-orden-de-aprehension-contra-el-ruso-por-secuestro-expres-de-activista-aelmana\\\/#breadcrumb\",\"itemListElement\":[{\"@type\":\"ListItem\",\"position\":1,\"name\":\"Inicio\",\"item\":\"https:\\\/\\\/www.bbmnoticias.com\\\/labravaradiofm\\\/\"},{\"@type\":\"ListItem\",\"position\":2,\"name\":\"FGEO ejecuta orden de aprehensi\u00f3n contra \u201cEl Ruso\u201d, por secuestro expr\u00e9s de activista Aelmana\"}]},{\"@type\":\"WebSite\",\"@id\":\"https:\\\/\\\/www.bbmnoticias.com\\\/labravaradiofm\\\/#website\",\"url\":\"https:\\\/\\\/www.bbmnoticias.com\\\/labravaradiofm\\\/\",\"name\":\"LA BRAVA RADIO\",\"description\":\"Empresa productora de medios, Radiodifusi\u00f3n, Noticias, tendencias y todo lo que necesitas saber de la pol\u00edtica mexicana e internacional; entretenimiento, espect\u00e1culos, salud y mucho m\u00e1s.\",\"potentialAction\":[{\"@type\":\"SearchAction\",\"target\":{\"@type\":\"EntryPoint\",\"urlTemplate\":\"https:\\\/\\\/www.bbmnoticias.com\\\/labravaradiofm\\\/?s={search_term_string}\"},\"query-input\":{\"@type\":\"PropertyValueSpecification\",\"valueRequired\":true,\"valueName\":\"search_term_string\"}}],\"inLanguage\":\"es\"},{\"@type\":\"Person\",\"@id\":\"https:\\\/\\\/www.bbmnoticias.com\\\/labravaradiofm\\\/#\\\/schema\\\/person\\\/34b139c617a70ea5bef5678bffe4dd7b\",\"name\":\"Staff\",\"image\":{\"@type\":\"ImageObject\",\"inLanguage\":\"es\",\"@id\":\"https:\\\/\\\/secure.gravatar.com\\\/avatar\\\/fdd21ad66fd8b98c407f9dee5b5e588cfe7f0d8579ec20fa6527cd59bab7f0f0?s=96&d=mm&r=g\",\"url\":\"https:\\\/\\\/secure.gravatar.com\\\/avatar\\\/fdd21ad66fd8b98c407f9dee5b5e588cfe7f0d8579ec20fa6527cd59bab7f0f0?s=96&d=mm&r=g\",\"contentUrl\":\"https:\\\/\\\/secure.gravatar.com\\\/avatar\\\/fdd21ad66fd8b98c407f9dee5b5e588cfe7f0d8579ec20fa6527cd59bab7f0f0?s=96&d=mm&r=g\",\"caption\":\"Staff\"},\"url\":\"https:\\\/\\\/www.bbmnoticias.com\\\/labravaradiofm\\\/author\\\/redaccion\\\/\"}]}<\/script>\n<!-- \/ Yoast SEO plugin. -->","yoast_head_json":{"title":"FGEO ejecuta orden de aprehensi\u00f3n contra \u201cEl Ruso\u201d, por secuestro expr\u00e9s de activista Aelmana - LA BRAVA RADIO","robots":{"index":"index","follow":"follow","max-snippet":"max-snippet:-1","max-image-preview":"max-image-preview:large","max-video-preview":"max-video-preview:-1"},"canonical":"https:\/\/www.bbmnoticias.com\/labravaradiofm\/2024\/12\/04\/fgeo-ejecuta-orden-de-aprehension-contra-el-ruso-por-secuestro-expres-de-activista-aelmana\/","og_locale":"es_MX","og_type":"article","og_title":"FGEO ejecuta orden de aprehensi\u00f3n contra \u201cEl Ruso\u201d, por secuestro expr\u00e9s de activista Aelmana - LA BRAVA RADIO","og_description":"* Fue detenido durante operativo realizado en el Istmo, investigaciones revelan participaci\u00f3n en diversos delitos Oaxaca de Ju\u00e1rez, Oax. 04 de diciembre de 2024.- La Fiscal\u00eda General del Estado de Oaxaca (FGEO) ejecut\u00f3 una orden de aprehensi\u00f3n en contra de una persona del sexo masculino, originario de Venezuela, identificado como C. J. F. O., alias [&hellip;]","og_url":"https:\/\/www.bbmnoticias.com\/labravaradiofm\/2024\/12\/04\/fgeo-ejecuta-orden-de-aprehension-contra-el-ruso-por-secuestro-expres-de-activista-aelmana\/","og_site_name":"LA BRAVA RADIO","article_published_time":"2024-12-04T15:17:35+00:00","article_modified_time":"2024-12-04T15:17:40+00:00","og_image":[{"width":1200,"height":1600,"url":"https:\/\/www.bbmnoticias.com\/labravaradiofm\/wp-content\/uploads\/sites\/5\/2024\/11\/GdQBzB2WIAAB92d.jpg","type":"image\/jpeg"}],"author":"Staff","twitter_card":"summary_large_image","twitter_misc":{"Escrito por":"Staff","Tiempo de lectura":"2 minutos"},"schema":{"@context":"https:\/\/schema.org","@graph":[{"@type":"Article","@id":"https:\/\/www.bbmnoticias.com\/labravaradiofm\/2024\/12\/04\/fgeo-ejecuta-orden-de-aprehension-contra-el-ruso-por-secuestro-expres-de-activista-aelmana\/#article","isPartOf":{"@id":"https:\/\/www.bbmnoticias.com\/labravaradiofm\/2024\/12\/04\/fgeo-ejecuta-orden-de-aprehension-contra-el-ruso-por-secuestro-expres-de-activista-aelmana\/"},"author":{"name":"Staff","@id":"https:\/\/www.bbmnoticias.com\/labravaradiofm\/#\/schema\/person\/34b139c617a70ea5bef5678bffe4dd7b"},"headline":"FGEO ejecuta orden de aprehensi\u00f3n contra \u201cEl Ruso\u201d, por secuestro expr\u00e9s de activista Aelmana","datePublished":"2024-12-04T15:17:35+00:00","dateModified":"2024-12-04T15:17:40+00:00","mainEntityOfPage":{"@id":"https:\/\/www.bbmnoticias.com\/labravaradiofm\/2024\/12\/04\/fgeo-ejecuta-orden-de-aprehension-contra-el-ruso-por-secuestro-expres-de-activista-aelmana\/"},"wordCount":333,"image":{"@id":"https:\/\/www.bbmnoticias.com\/labravaradiofm\/2024\/12\/04\/fgeo-ejecuta-orden-de-aprehension-contra-el-ruso-por-secuestro-expres-de-activista-aelmana\/#primaryimage"},"thumbnailUrl":"https:\/\/www.bbmnoticias.com\/labravaradiofm\/wp-content\/uploads\/sites\/5\/2024\/11\/GdQBzB2WIAAB92d.jpg","articleSection":["DESTACADO","POLICIACA"],"inLanguage":"es"},{"@type":"WebPage","@id":"https:\/\/www.bbmnoticias.com\/labravaradiofm\/2024\/12\/04\/fgeo-ejecuta-orden-de-aprehension-contra-el-ruso-por-secuestro-expres-de-activista-aelmana\/","url":"https:\/\/www.bbmnoticias.com\/labravaradiofm\/2024\/12\/04\/fgeo-ejecuta-orden-de-aprehension-contra-el-ruso-por-secuestro-expres-de-activista-aelmana\/","name":"FGEO ejecuta orden de aprehensi\u00f3n contra \u201cEl Ruso\u201d, por secuestro expr\u00e9s de activista Aelmana - LA BRAVA RADIO","isPartOf":{"@id":"https:\/\/www.bbmnoticias.com\/labravaradiofm\/#website"},"primaryImageOfPage":{"@id":"https:\/\/www.bbmnoticias.com\/labravaradiofm\/2024\/12\/04\/fgeo-ejecuta-orden-de-aprehension-contra-el-ruso-por-secuestro-expres-de-activista-aelmana\/#primaryimage"},"image":{"@id":"https:\/\/www.bbmnoticias.com\/labravaradiofm\/2024\/12\/04\/fgeo-ejecuta-orden-de-aprehension-contra-el-ruso-por-secuestro-expres-de-activista-aelmana\/#primaryimage"},"thumbnailUrl":"https:\/\/www.bbmnoticias.com\/labravaradiofm\/wp-content\/uploads\/sites\/5\/2024\/11\/GdQBzB2WIAAB92d.jpg","datePublished":"2024-12-04T15:17:35+00:00","dateModified":"2024-12-04T15:17:40+00:00","author":{"@id":"https:\/\/www.bbmnoticias.com\/labravaradiofm\/#\/schema\/person\/34b139c617a70ea5bef5678bffe4dd7b"},"breadcrumb":{"@id":"https:\/\/www.bbmnoticias.com\/labravaradiofm\/2024\/12\/04\/fgeo-ejecuta-orden-de-aprehension-contra-el-ruso-por-secuestro-expres-de-activista-aelmana\/#breadcrumb"},"inLanguage":"es","potentialAction":[{"@type":"ReadAction","target":["https:\/\/www.bbmnoticias.com\/labravaradiofm\/2024\/12\/04\/fgeo-ejecuta-orden-de-aprehension-contra-el-ruso-por-secuestro-expres-de-activista-aelmana\/"]}]},{"@type":"ImageObject","inLanguage":"es","@id":"https:\/\/www.bbmnoticias.com\/labravaradiofm\/2024\/12\/04\/fgeo-ejecuta-orden-de-aprehension-contra-el-ruso-por-secuestro-expres-de-activista-aelmana\/#primaryimage","url":"https:\/\/www.bbmnoticias.com\/labravaradiofm\/wp-content\/uploads\/sites\/5\/2024\/11\/GdQBzB2WIAAB92d.jpg","contentUrl":"https:\/\/www.bbmnoticias.com\/labravaradiofm\/wp-content\/uploads\/sites\/5\/2024\/11\/GdQBzB2WIAAB92d.jpg","width":1200,"height":1600},{"@type":"BreadcrumbList","@id":"https:\/\/www.bbmnoticias.com\/labravaradiofm\/2024\/12\/04\/fgeo-ejecuta-orden-de-aprehension-contra-el-ruso-por-secuestro-expres-de-activista-aelmana\/#breadcrumb","itemListElement":[{"@type":"ListItem","position":1,"name":"Inicio","item":"https:\/\/www.bbmnoticias.com\/labravaradiofm\/"},{"@type":"ListItem","position":2,"name":"FGEO ejecuta orden de aprehensi\u00f3n contra \u201cEl Ruso\u201d, por secuestro expr\u00e9s de activista Aelmana"}]},{"@type":"WebSite","@id":"https:\/\/www.bbmnoticias.com\/labravaradiofm\/#website","url":"https:\/\/www.bbmnoticias.com\/labravaradiofm\/","name":"LA BRAVA RADIO","description":"Empresa productora de medios, Radiodifusi\u00f3n, Noticias, tendencias y todo lo que necesitas saber de la pol\u00edtica mexicana e internacional; entretenimiento, espect\u00e1culos, salud y mucho m\u00e1s.","potentialAction":[{"@type":"SearchAction","target":{"@type":"EntryPoint","urlTemplate":"https:\/\/www.bbmnoticias.com\/labravaradiofm\/?s={search_term_string}"},"query-input":{"@type":"PropertyValueSpecification","valueRequired":true,"valueName":"search_term_string"}}],"inLanguage":"es"},{"@type":"Person","@id":"https:\/\/www.bbmnoticias.com\/labravaradiofm\/#\/schema\/person\/34b139c617a70ea5bef5678bffe4dd7b","name":"Staff","image":{"@type":"ImageObject","inLanguage":"es","@id":"https:\/\/secure.gravatar.com\/avatar\/fdd21ad66fd8b98c407f9dee5b5e588cfe7f0d8579ec20fa6527cd59bab7f0f0?s=96&d=mm&r=g","url":"https:\/\/secure.gravatar.com\/avatar\/fdd21ad66fd8b98c407f9dee5b5e588cfe7f0d8579ec20fa6527cd59bab7f0f0?s=96&d=mm&r=g","contentUrl":"https:\/\/secure.gravatar.com\/avatar\/fdd21ad66fd8b98c407f9dee5b5e588cfe7f0d8579ec20fa6527cd59bab7f0f0?s=96&d=mm&r=g","caption":"Staff"},"url":"https:\/\/www.bbmnoticias.com\/labravaradiofm\/author\/redaccion\/"}]}},"_links":{"self":[{"href":"https:\/\/www.bbmnoticias.com\/labravaradiofm\/wp-json\/wp\/v2\/posts\/51031","targetHints":{"allow":["GET"]}}],"collection":[{"href":"https:\/\/www.bbmnoticias.com\/labravaradiofm\/wp-json\/wp\/v2\/posts"}],"about":[{"href":"https:\/\/www.bbmnoticias.com\/labravaradiofm\/wp-json\/wp\/v2\/types\/post"}],"author":[{"embeddable":true,"href":"https:\/\/www.bbmnoticias.com\/labravaradiofm\/wp-json\/wp\/v2\/users\/2"}],"replies":[{"embeddable":true,"href":"https:\/\/www.bbmnoticias.com\/labravaradiofm\/wp-json\/wp\/v2\/comments?post=51031"}],"version-history":[{"count":0,"href":"https:\/\/www.bbmnoticias.com\/labravaradiofm\/wp-json\/wp\/v2\/posts\/51031\/revisions"}],"wp:featuredmedia":[{"embeddable":true,"href":"https:\/\/www.bbmnoticias.com\/labravaradiofm\/wp-json\/wp\/v2\/media\/50583"}],"wp:attachment":[{"href":"https:\/\/www.bbmnoticias.com\/labravaradiofm\/wp-json\/wp\/v2\/media?parent=51031"}],"wp:term":[{"taxonomy":"category","embeddable":true,"href":"https:\/\/www.bbmnoticias.com\/labravaradiofm\/wp-json\/wp\/v2\/categories?post=51031"},{"taxonomy":"post_tag","embeddable":true,"href":"https:\/\/www.bbmnoticias.com\/labravaradiofm\/wp-json\/wp\/v2\/tags?post=51031"}],"curies":[{"name":"wp","href":"https:\/\/api.w.org\/{rel}","templated":true}]}}