{"id":5009,"date":"2021-11-05T11:29:57","date_gmt":"2021-11-05T17:29:57","guid":{"rendered":"https:\/\/www.bbmnoticias.com\/labravaradiofm\/?p=5009"},"modified":"2021-11-05T11:30:03","modified_gmt":"2021-11-05T17:30:03","slug":"alejandra-reynoso-senadora-del-pan-tiene-cancer-de-mama-y-una-iniciativa-de-ley","status":"publish","type":"post","link":"https:\/\/www.bbmnoticias.com\/labravaradiofm\/2021\/11\/05\/alejandra-reynoso-senadora-del-pan-tiene-cancer-de-mama-y-una-iniciativa-de-ley\/","title":{"rendered":"Alejandra Reynoso, senadora del PAN, tiene c\u00e1ncer de mama y una iniciativa de ley"},"content":{"rendered":"<div style=\"margin-top: 0px; margin-bottom: 0px;\" class=\"sharethis-inline-share-buttons\" ><\/div>\n<p><strong>Alejandra Reynoso<\/strong>, senadora del <strong>PAN<\/strong>, regres\u00f3 a las actividades legislativas tras ser diagnosticada de c\u00e1ncer de mama.<\/p>\n\n\n\n<p>Este mi\u00e9rcoles 3 de noviembre Alejandra Reynoso regres\u00f3 al<strong> Senado<\/strong> y present\u00f3 una iniciativa de ley.<\/p>\n\n\n\n<p>La iniciativa de ley que present\u00f3 la panista Alejandra Reynoso fue la creaci\u00f3n de la <strong>Ley de Promoci\u00f3n al Emprendimiento Juvenil<\/strong>.<\/p>\n\n\n\n<h2 class=\"wp-block-heading\">Alejandra Reynoso regresa al Senado tras diagn\u00f3stico de c\u00e1ncer<\/h2>\n\n\n\n<p>Luego de ausentarse en el Senado, el pasado 9 de octubre la senadora del PAN <strong>Alejandra Reynoso<\/strong> inform\u00f3 que le detectaron c\u00e1ncer de mama.<\/p>\n\n\n\n<p>Alejandra Reynoso dijo en una carta que tuvo que ser operada varias veces y que ya estaba en su casa.<\/p>\n\n\n\n<figure class=\"wp-block-pullquote\"><blockquote><p>\u201cMi ausencia de estos \u00faltimos d\u00edas se debe a que me detectaron c\u00e1ncer de mama; fui sometida a cirug\u00edas y, despu\u00e9s de varios d\u00edas en el hospital, hoy puedo decir que estoy bien. Estoy en casa, me siento fuerte y me siento lista para enfrentar lo que sigue\u201d.Alejandra Reynoso<\/p><\/blockquote><\/figure>\n\n\n\n<p>Alejandra Reynoso dijo que tras su diagn\u00f3stico luchar\u00e1 para que todas las mujeres tengan revisiones preventivas y en caso de que se les detecte este tipo de c\u00e1ncer tengan acompa\u00f1amiento.<\/p>\n\n\n\n<p>La senadora del PAN Alejandra Reynoso llam\u00f3 a las mujeres a realizarse estudios para detectar c\u00e1ncer de mam\u00e1 y actuar lo m\u00e1s pronto posible en caso de padecer esta enferemedad.<\/p>\n\n\n\n<figure class=\"wp-block-pullquote\"><blockquote><p>\u201cA quienes tienen la oportunidad, acudan y mantengan sus estudios constantes. Esta revisi\u00f3n puede darte una segunda oportunidad en la vida detectando esta condici\u00f3n a tiempo. Te permitir\u00e1 luchar en condiciones favorables\u201d.Alejandra Reynoso<\/p><\/blockquote><\/figure>\n\n\n\n<h2 class=\"wp-block-heading\">Senadora del PAN Alejandra Reynoso regresa con iniciativa para j\u00f3venes emprendedores<\/h2>\n\n\n\n<p>Tras su regreso al Senado el mi\u00e9rcoles 3 de noviembre <strong>Alejandra Reynoso <\/strong>present\u00f3 una iniciativa para crear la <strong>Ley de Promoci\u00f3n al Emprendimiento Juvenil<\/strong>.<\/p>\n\n\n\n<p>Alejandra Reynoso dijo que esta iniciativa ayudar\u00e1 a personas menores de 29 a\u00f1os se desarrollen y crezcan profesionalmente.<\/p>\n\n\n\n<p>De acuerdo con sus datos en M\u00e9xico hay 2 millones 400 mil personas que est\u00e1n desocupadas, de estas, un mill\u00f3n 200 mil son personas entre 15 y 29 a\u00f1os.<\/p>\n\n\n\n<p>Alejandra Reynoso dijo que es importante apoyar a la creaci\u00f3n de peque\u00f1as y medianas empresas que, dijo, representan:<\/p>\n\n\n\n<ul class=\"wp-block-list\"><li>99 % de las unidades econ\u00f3micas<\/li><li>68 % de los empleos<\/li><li>Aportan el 40 % del PIB<\/li><\/ul>\n\n\n\n<h2 class=\"wp-block-heading\">Alejandra Reynoso y sus iniciativas sobre salud<\/h2>\n\n\n\n<p>La senadora del PAN<strong> Alejandra Reynoso<\/strong> ha presentado durante su cargo, en tres a\u00f1os, algunas iniciativas sobre salud.<\/p>\n\n\n\n<p>Sobre el tema ha promovido:<\/p>\n\n\n\n<ul class=\"wp-block-list\"><li>Iniciativa a la Ley General de Salud para fortalecer la detecci\u00f3n, diagn\u00f3stico, tratamiento, control y vigilancia de la diabetes mellitus tipo 1.<\/li><li>Iniciativa a la Ley General de Salud para que el Consejo de Salubridad Genera est\u00e9 integrado por catorce vocales titulares y uno de ellos lo presida el Consejo Coordinador Empresarial.<\/li><li>Iniciativa a la Ley General de Salud para que personas extranjeras que ingresen al pa\u00eds con el prop\u00f3sito de usar servicios de salud, se les cobre \u00edntegramente el costo excepto en casos de urgencias.<\/li><li>Iniciativa a la Ley General de Salud para sancionar a quien realice actos discriminatorios contra el personal de salud.<\/li><li>Iniciativa a la Ley General de Salud para implementar los conceptos telesalud y la telemedicina.<\/li><li>Iniciativa a la Ley General para el Control del Tabaco para eliminar la existencia de espacios interiores aislados en los que se pueda fumar y promover el \u201cempaquetado neutro\u201d de cigarros.<\/li><li>Iniciativa a la Ley General de Salud para rescatar y darle autonom\u00eda a la Cofepris.<\/li><\/ul>\n","protected":false},"excerpt":{"rendered":"<p>Alejandra Reynoso, senadora del PAN, regres\u00f3 a las actividades legislativas tras ser diagnosticada de c\u00e1ncer de mama. Este mi\u00e9rcoles 3 de noviembre Alejandra Reynoso regres\u00f3 al Senado y present\u00f3 una iniciativa de ley. La iniciativa de ley que present\u00f3 la panista Alejandra Reynoso fue la creaci\u00f3n de la Ley de Promoci\u00f3n al Emprendimiento Juvenil. Alejandra [&hellip;]<\/p>\n","protected":false},"author":2,"featured_media":5010,"comment_status":"closed","ping_status":"closed","sticky":false,"template":"","format":"standard","meta":{"footnotes":""},"categories":[19],"tags":[],"class_list":{"0":"post-5009","1":"post","2":"type-post","3":"status-publish","4":"format-standard","5":"has-post-thumbnail","7":"category-nacional"},"yoast_head":"<!-- This site is optimized with the Yoast SEO plugin v27.4 - https:\/\/yoast.com\/product\/yoast-seo-wordpress\/ -->\n<title>Alejandra Reynoso, senadora del PAN, tiene c\u00e1ncer de mama y una iniciativa de ley - LA BRAVA RADIO<\/title>\n<meta name=\"robots\" content=\"index, follow, max-snippet:-1, max-image-preview:large, max-video-preview:-1\" \/>\n<link rel=\"canonical\" href=\"https:\/\/www.bbmnoticias.com\/labravaradiofm\/2021\/11\/05\/alejandra-reynoso-senadora-del-pan-tiene-cancer-de-mama-y-una-iniciativa-de-ley\/\" \/>\n<meta property=\"og:locale\" content=\"es_MX\" \/>\n<meta property=\"og:type\" content=\"article\" \/>\n<meta property=\"og:title\" content=\"Alejandra Reynoso, senadora del PAN, tiene c\u00e1ncer de mama y una iniciativa de ley - LA BRAVA RADIO\" \/>\n<meta property=\"og:description\" content=\"Alejandra Reynoso, senadora del PAN, regres\u00f3 a las actividades legislativas tras ser diagnosticada de c\u00e1ncer de mama. Este mi\u00e9rcoles 3 de noviembre Alejandra Reynoso regres\u00f3 al Senado y present\u00f3 una iniciativa de ley. La iniciativa de ley que present\u00f3 la panista Alejandra Reynoso fue la creaci\u00f3n de la Ley de Promoci\u00f3n al Emprendimiento Juvenil. Alejandra [&hellip;]\" \/>\n<meta property=\"og:url\" content=\"https:\/\/www.bbmnoticias.com\/labravaradiofm\/2021\/11\/05\/alejandra-reynoso-senadora-del-pan-tiene-cancer-de-mama-y-una-iniciativa-de-ley\/\" \/>\n<meta property=\"og:site_name\" content=\"LA BRAVA RADIO\" \/>\n<meta property=\"article:published_time\" content=\"2021-11-05T17:29:57+00:00\" \/>\n<meta property=\"article:modified_time\" content=\"2021-11-05T17:30:03+00:00\" \/>\n<meta property=\"og:image\" content=\"https:\/\/www.bbmnoticias.com\/labravaradiofm\/wp-content\/uploads\/sites\/5\/2021\/11\/n05112021-7.jpeg\" \/>\n\t<meta property=\"og:image:width\" content=\"640\" \/>\n\t<meta property=\"og:image:height\" content=\"360\" \/>\n\t<meta property=\"og:image:type\" content=\"image\/jpeg\" \/>\n<meta name=\"author\" content=\"Staff\" \/>\n<meta name=\"twitter:card\" content=\"summary_large_image\" \/>\n<meta name=\"twitter:label1\" content=\"Escrito por\" \/>\n\t<meta name=\"twitter:data1\" content=\"Staff\" \/>\n\t<meta name=\"twitter:label2\" content=\"Tiempo de lectura\" \/>\n\t<meta name=\"twitter:data2\" content=\"3 minutos\" \/>\n<script type=\"application\/ld+json\" class=\"yoast-schema-graph\">{\"@context\":\"https:\\\/\\\/schema.org\",\"@graph\":[{\"@type\":\"Article\",\"@id\":\"https:\\\/\\\/www.bbmnoticias.com\\\/labravaradiofm\\\/2021\\\/11\\\/05\\\/alejandra-reynoso-senadora-del-pan-tiene-cancer-de-mama-y-una-iniciativa-de-ley\\\/#article\",\"isPartOf\":{\"@id\":\"https:\\\/\\\/www.bbmnoticias.com\\\/labravaradiofm\\\/2021\\\/11\\\/05\\\/alejandra-reynoso-senadora-del-pan-tiene-cancer-de-mama-y-una-iniciativa-de-ley\\\/\"},\"author\":{\"name\":\"Staff\",\"@id\":\"https:\\\/\\\/www.bbmnoticias.com\\\/labravaradiofm\\\/#\\\/schema\\\/person\\\/68a9e9036ef3c5b55aeb2b71dc8bab45\"},\"headline\":\"Alejandra Reynoso, senadora del PAN, tiene c\u00e1ncer de mama y una iniciativa de ley\",\"datePublished\":\"2021-11-05T17:29:57+00:00\",\"dateModified\":\"2021-11-05T17:30:03+00:00\",\"mainEntityOfPage\":{\"@id\":\"https:\\\/\\\/www.bbmnoticias.com\\\/labravaradiofm\\\/2021\\\/11\\\/05\\\/alejandra-reynoso-senadora-del-pan-tiene-cancer-de-mama-y-una-iniciativa-de-ley\\\/\"},\"wordCount\":599,\"image\":{\"@id\":\"https:\\\/\\\/www.bbmnoticias.com\\\/labravaradiofm\\\/2021\\\/11\\\/05\\\/alejandra-reynoso-senadora-del-pan-tiene-cancer-de-mama-y-una-iniciativa-de-ley\\\/#primaryimage\"},\"thumbnailUrl\":\"https:\\\/\\\/www.bbmnoticias.com\\\/labravaradiofm\\\/wp-content\\\/uploads\\\/sites\\\/5\\\/2021\\\/11\\\/n05112021-7.jpeg\",\"articleSection\":[\"NACIONAL\"],\"inLanguage\":\"es\"},{\"@type\":\"WebPage\",\"@id\":\"https:\\\/\\\/www.bbmnoticias.com\\\/labravaradiofm\\\/2021\\\/11\\\/05\\\/alejandra-reynoso-senadora-del-pan-tiene-cancer-de-mama-y-una-iniciativa-de-ley\\\/\",\"url\":\"https:\\\/\\\/www.bbmnoticias.com\\\/labravaradiofm\\\/2021\\\/11\\\/05\\\/alejandra-reynoso-senadora-del-pan-tiene-cancer-de-mama-y-una-iniciativa-de-ley\\\/\",\"name\":\"Alejandra Reynoso, senadora del PAN, tiene c\u00e1ncer de mama y una iniciativa de ley - LA BRAVA RADIO\",\"isPartOf\":{\"@id\":\"https:\\\/\\\/www.bbmnoticias.com\\\/labravaradiofm\\\/#website\"},\"primaryImageOfPage\":{\"@id\":\"https:\\\/\\\/www.bbmnoticias.com\\\/labravaradiofm\\\/2021\\\/11\\\/05\\\/alejandra-reynoso-senadora-del-pan-tiene-cancer-de-mama-y-una-iniciativa-de-ley\\\/#primaryimage\"},\"image\":{\"@id\":\"https:\\\/\\\/www.bbmnoticias.com\\\/labravaradiofm\\\/2021\\\/11\\\/05\\\/alejandra-reynoso-senadora-del-pan-tiene-cancer-de-mama-y-una-iniciativa-de-ley\\\/#primaryimage\"},\"thumbnailUrl\":\"https:\\\/\\\/www.bbmnoticias.com\\\/labravaradiofm\\\/wp-content\\\/uploads\\\/sites\\\/5\\\/2021\\\/11\\\/n05112021-7.jpeg\",\"datePublished\":\"2021-11-05T17:29:57+00:00\",\"dateModified\":\"2021-11-05T17:30:03+00:00\",\"author\":{\"@id\":\"https:\\\/\\\/www.bbmnoticias.com\\\/labravaradiofm\\\/#\\\/schema\\\/person\\\/68a9e9036ef3c5b55aeb2b71dc8bab45\"},\"breadcrumb\":{\"@id\":\"https:\\\/\\\/www.bbmnoticias.com\\\/labravaradiofm\\\/2021\\\/11\\\/05\\\/alejandra-reynoso-senadora-del-pan-tiene-cancer-de-mama-y-una-iniciativa-de-ley\\\/#breadcrumb\"},\"inLanguage\":\"es\",\"potentialAction\":[{\"@type\":\"ReadAction\",\"target\":[\"https:\\\/\\\/www.bbmnoticias.com\\\/labravaradiofm\\\/2021\\\/11\\\/05\\\/alejandra-reynoso-senadora-del-pan-tiene-cancer-de-mama-y-una-iniciativa-de-ley\\\/\"]}]},{\"@type\":\"ImageObject\",\"inLanguage\":\"es\",\"@id\":\"https:\\\/\\\/www.bbmnoticias.com\\\/labravaradiofm\\\/2021\\\/11\\\/05\\\/alejandra-reynoso-senadora-del-pan-tiene-cancer-de-mama-y-una-iniciativa-de-ley\\\/#primaryimage\",\"url\":\"https:\\\/\\\/www.bbmnoticias.com\\\/labravaradiofm\\\/wp-content\\\/uploads\\\/sites\\\/5\\\/2021\\\/11\\\/n05112021-7.jpeg\",\"contentUrl\":\"https:\\\/\\\/www.bbmnoticias.com\\\/labravaradiofm\\\/wp-content\\\/uploads\\\/sites\\\/5\\\/2021\\\/11\\\/n05112021-7.jpeg\",\"width\":640,\"height\":360},{\"@type\":\"BreadcrumbList\",\"@id\":\"https:\\\/\\\/www.bbmnoticias.com\\\/labravaradiofm\\\/2021\\\/11\\\/05\\\/alejandra-reynoso-senadora-del-pan-tiene-cancer-de-mama-y-una-iniciativa-de-ley\\\/#breadcrumb\",\"itemListElement\":[{\"@type\":\"ListItem\",\"position\":1,\"name\":\"Inicio\",\"item\":\"https:\\\/\\\/www.bbmnoticias.com\\\/labravaradiofm\\\/\"},{\"@type\":\"ListItem\",\"position\":2,\"name\":\"Alejandra Reynoso, senadora del PAN, tiene c\u00e1ncer de mama y una iniciativa de ley\"}]},{\"@type\":\"WebSite\",\"@id\":\"https:\\\/\\\/www.bbmnoticias.com\\\/labravaradiofm\\\/#website\",\"url\":\"https:\\\/\\\/www.bbmnoticias.com\\\/labravaradiofm\\\/\",\"name\":\"LA BRAVA RADIO\",\"description\":\"Empresa productora de medios, Radiodifusi\u00f3n, Noticias, tendencias y todo lo que necesitas saber de la pol\u00edtica mexicana e internacional; entretenimiento, espect\u00e1culos, salud y mucho m\u00e1s.\",\"potentialAction\":[{\"@type\":\"SearchAction\",\"target\":{\"@type\":\"EntryPoint\",\"urlTemplate\":\"https:\\\/\\\/www.bbmnoticias.com\\\/labravaradiofm\\\/?s={search_term_string}\"},\"query-input\":{\"@type\":\"PropertyValueSpecification\",\"valueRequired\":true,\"valueName\":\"search_term_string\"}}],\"inLanguage\":\"es\"},{\"@type\":\"Person\",\"@id\":\"https:\\\/\\\/www.bbmnoticias.com\\\/labravaradiofm\\\/#\\\/schema\\\/person\\\/68a9e9036ef3c5b55aeb2b71dc8bab45\",\"name\":\"Staff\",\"image\":{\"@type\":\"ImageObject\",\"inLanguage\":\"es\",\"@id\":\"https:\\\/\\\/secure.gravatar.com\\\/avatar\\\/fdd21ad66fd8b98c407f9dee5b5e588cfe7f0d8579ec20fa6527cd59bab7f0f0?s=96&d=mm&r=g\",\"url\":\"https:\\\/\\\/secure.gravatar.com\\\/avatar\\\/fdd21ad66fd8b98c407f9dee5b5e588cfe7f0d8579ec20fa6527cd59bab7f0f0?s=96&d=mm&r=g\",\"contentUrl\":\"https:\\\/\\\/secure.gravatar.com\\\/avatar\\\/fdd21ad66fd8b98c407f9dee5b5e588cfe7f0d8579ec20fa6527cd59bab7f0f0?s=96&d=mm&r=g\",\"caption\":\"Staff\"},\"url\":\"https:\\\/\\\/www.bbmnoticias.com\\\/labravaradiofm\\\/author\\\/redaccion\\\/\"}]}<\/script>\n<!-- \/ Yoast SEO plugin. -->","yoast_head_json":{"title":"Alejandra Reynoso, senadora del PAN, tiene c\u00e1ncer de mama y una iniciativa de ley - LA BRAVA RADIO","robots":{"index":"index","follow":"follow","max-snippet":"max-snippet:-1","max-image-preview":"max-image-preview:large","max-video-preview":"max-video-preview:-1"},"canonical":"https:\/\/www.bbmnoticias.com\/labravaradiofm\/2021\/11\/05\/alejandra-reynoso-senadora-del-pan-tiene-cancer-de-mama-y-una-iniciativa-de-ley\/","og_locale":"es_MX","og_type":"article","og_title":"Alejandra Reynoso, senadora del PAN, tiene c\u00e1ncer de mama y una iniciativa de ley - LA BRAVA RADIO","og_description":"Alejandra Reynoso, senadora del PAN, regres\u00f3 a las actividades legislativas tras ser diagnosticada de c\u00e1ncer de mama. Este mi\u00e9rcoles 3 de noviembre Alejandra Reynoso regres\u00f3 al Senado y present\u00f3 una iniciativa de ley. La iniciativa de ley que present\u00f3 la panista Alejandra Reynoso fue la creaci\u00f3n de la Ley de Promoci\u00f3n al Emprendimiento Juvenil. Alejandra [&hellip;]","og_url":"https:\/\/www.bbmnoticias.com\/labravaradiofm\/2021\/11\/05\/alejandra-reynoso-senadora-del-pan-tiene-cancer-de-mama-y-una-iniciativa-de-ley\/","og_site_name":"LA BRAVA RADIO","article_published_time":"2021-11-05T17:29:57+00:00","article_modified_time":"2021-11-05T17:30:03+00:00","og_image":[{"width":640,"height":360,"url":"https:\/\/www.bbmnoticias.com\/labravaradiofm\/wp-content\/uploads\/sites\/5\/2021\/11\/n05112021-7.jpeg","type":"image\/jpeg"}],"author":"Staff","twitter_card":"summary_large_image","twitter_misc":{"Escrito por":"Staff","Tiempo de lectura":"3 minutos"},"schema":{"@context":"https:\/\/schema.org","@graph":[{"@type":"Article","@id":"https:\/\/www.bbmnoticias.com\/labravaradiofm\/2021\/11\/05\/alejandra-reynoso-senadora-del-pan-tiene-cancer-de-mama-y-una-iniciativa-de-ley\/#article","isPartOf":{"@id":"https:\/\/www.bbmnoticias.com\/labravaradiofm\/2021\/11\/05\/alejandra-reynoso-senadora-del-pan-tiene-cancer-de-mama-y-una-iniciativa-de-ley\/"},"author":{"name":"Staff","@id":"https:\/\/www.bbmnoticias.com\/labravaradiofm\/#\/schema\/person\/68a9e9036ef3c5b55aeb2b71dc8bab45"},"headline":"Alejandra Reynoso, senadora del PAN, tiene c\u00e1ncer de mama y una iniciativa de ley","datePublished":"2021-11-05T17:29:57+00:00","dateModified":"2021-11-05T17:30:03+00:00","mainEntityOfPage":{"@id":"https:\/\/www.bbmnoticias.com\/labravaradiofm\/2021\/11\/05\/alejandra-reynoso-senadora-del-pan-tiene-cancer-de-mama-y-una-iniciativa-de-ley\/"},"wordCount":599,"image":{"@id":"https:\/\/www.bbmnoticias.com\/labravaradiofm\/2021\/11\/05\/alejandra-reynoso-senadora-del-pan-tiene-cancer-de-mama-y-una-iniciativa-de-ley\/#primaryimage"},"thumbnailUrl":"https:\/\/www.bbmnoticias.com\/labravaradiofm\/wp-content\/uploads\/sites\/5\/2021\/11\/n05112021-7.jpeg","articleSection":["NACIONAL"],"inLanguage":"es"},{"@type":"WebPage","@id":"https:\/\/www.bbmnoticias.com\/labravaradiofm\/2021\/11\/05\/alejandra-reynoso-senadora-del-pan-tiene-cancer-de-mama-y-una-iniciativa-de-ley\/","url":"https:\/\/www.bbmnoticias.com\/labravaradiofm\/2021\/11\/05\/alejandra-reynoso-senadora-del-pan-tiene-cancer-de-mama-y-una-iniciativa-de-ley\/","name":"Alejandra Reynoso, senadora del PAN, tiene c\u00e1ncer de mama y una iniciativa de ley - LA BRAVA RADIO","isPartOf":{"@id":"https:\/\/www.bbmnoticias.com\/labravaradiofm\/#website"},"primaryImageOfPage":{"@id":"https:\/\/www.bbmnoticias.com\/labravaradiofm\/2021\/11\/05\/alejandra-reynoso-senadora-del-pan-tiene-cancer-de-mama-y-una-iniciativa-de-ley\/#primaryimage"},"image":{"@id":"https:\/\/www.bbmnoticias.com\/labravaradiofm\/2021\/11\/05\/alejandra-reynoso-senadora-del-pan-tiene-cancer-de-mama-y-una-iniciativa-de-ley\/#primaryimage"},"thumbnailUrl":"https:\/\/www.bbmnoticias.com\/labravaradiofm\/wp-content\/uploads\/sites\/5\/2021\/11\/n05112021-7.jpeg","datePublished":"2021-11-05T17:29:57+00:00","dateModified":"2021-11-05T17:30:03+00:00","author":{"@id":"https:\/\/www.bbmnoticias.com\/labravaradiofm\/#\/schema\/person\/68a9e9036ef3c5b55aeb2b71dc8bab45"},"breadcrumb":{"@id":"https:\/\/www.bbmnoticias.com\/labravaradiofm\/2021\/11\/05\/alejandra-reynoso-senadora-del-pan-tiene-cancer-de-mama-y-una-iniciativa-de-ley\/#breadcrumb"},"inLanguage":"es","potentialAction":[{"@type":"ReadAction","target":["https:\/\/www.bbmnoticias.com\/labravaradiofm\/2021\/11\/05\/alejandra-reynoso-senadora-del-pan-tiene-cancer-de-mama-y-una-iniciativa-de-ley\/"]}]},{"@type":"ImageObject","inLanguage":"es","@id":"https:\/\/www.bbmnoticias.com\/labravaradiofm\/2021\/11\/05\/alejandra-reynoso-senadora-del-pan-tiene-cancer-de-mama-y-una-iniciativa-de-ley\/#primaryimage","url":"https:\/\/www.bbmnoticias.com\/labravaradiofm\/wp-content\/uploads\/sites\/5\/2021\/11\/n05112021-7.jpeg","contentUrl":"https:\/\/www.bbmnoticias.com\/labravaradiofm\/wp-content\/uploads\/sites\/5\/2021\/11\/n05112021-7.jpeg","width":640,"height":360},{"@type":"BreadcrumbList","@id":"https:\/\/www.bbmnoticias.com\/labravaradiofm\/2021\/11\/05\/alejandra-reynoso-senadora-del-pan-tiene-cancer-de-mama-y-una-iniciativa-de-ley\/#breadcrumb","itemListElement":[{"@type":"ListItem","position":1,"name":"Inicio","item":"https:\/\/www.bbmnoticias.com\/labravaradiofm\/"},{"@type":"ListItem","position":2,"name":"Alejandra Reynoso, senadora del PAN, tiene c\u00e1ncer de mama y una iniciativa de ley"}]},{"@type":"WebSite","@id":"https:\/\/www.bbmnoticias.com\/labravaradiofm\/#website","url":"https:\/\/www.bbmnoticias.com\/labravaradiofm\/","name":"LA BRAVA RADIO","description":"Empresa productora de medios, Radiodifusi\u00f3n, Noticias, tendencias y todo lo que necesitas saber de la pol\u00edtica mexicana e internacional; entretenimiento, espect\u00e1culos, salud y mucho m\u00e1s.","potentialAction":[{"@type":"SearchAction","target":{"@type":"EntryPoint","urlTemplate":"https:\/\/www.bbmnoticias.com\/labravaradiofm\/?s={search_term_string}"},"query-input":{"@type":"PropertyValueSpecification","valueRequired":true,"valueName":"search_term_string"}}],"inLanguage":"es"},{"@type":"Person","@id":"https:\/\/www.bbmnoticias.com\/labravaradiofm\/#\/schema\/person\/68a9e9036ef3c5b55aeb2b71dc8bab45","name":"Staff","image":{"@type":"ImageObject","inLanguage":"es","@id":"https:\/\/secure.gravatar.com\/avatar\/fdd21ad66fd8b98c407f9dee5b5e588cfe7f0d8579ec20fa6527cd59bab7f0f0?s=96&d=mm&r=g","url":"https:\/\/secure.gravatar.com\/avatar\/fdd21ad66fd8b98c407f9dee5b5e588cfe7f0d8579ec20fa6527cd59bab7f0f0?s=96&d=mm&r=g","contentUrl":"https:\/\/secure.gravatar.com\/avatar\/fdd21ad66fd8b98c407f9dee5b5e588cfe7f0d8579ec20fa6527cd59bab7f0f0?s=96&d=mm&r=g","caption":"Staff"},"url":"https:\/\/www.bbmnoticias.com\/labravaradiofm\/author\/redaccion\/"}]}},"_links":{"self":[{"href":"https:\/\/www.bbmnoticias.com\/labravaradiofm\/wp-json\/wp\/v2\/posts\/5009","targetHints":{"allow":["GET"]}}],"collection":[{"href":"https:\/\/www.bbmnoticias.com\/labravaradiofm\/wp-json\/wp\/v2\/posts"}],"about":[{"href":"https:\/\/www.bbmnoticias.com\/labravaradiofm\/wp-json\/wp\/v2\/types\/post"}],"author":[{"embeddable":true,"href":"https:\/\/www.bbmnoticias.com\/labravaradiofm\/wp-json\/wp\/v2\/users\/2"}],"replies":[{"embeddable":true,"href":"https:\/\/www.bbmnoticias.com\/labravaradiofm\/wp-json\/wp\/v2\/comments?post=5009"}],"version-history":[{"count":0,"href":"https:\/\/www.bbmnoticias.com\/labravaradiofm\/wp-json\/wp\/v2\/posts\/5009\/revisions"}],"wp:featuredmedia":[{"embeddable":true,"href":"https:\/\/www.bbmnoticias.com\/labravaradiofm\/wp-json\/wp\/v2\/media\/5010"}],"wp:attachment":[{"href":"https:\/\/www.bbmnoticias.com\/labravaradiofm\/wp-json\/wp\/v2\/media?parent=5009"}],"wp:term":[{"taxonomy":"category","embeddable":true,"href":"https:\/\/www.bbmnoticias.com\/labravaradiofm\/wp-json\/wp\/v2\/categories?post=5009"},{"taxonomy":"post_tag","embeddable":true,"href":"https:\/\/www.bbmnoticias.com\/labravaradiofm\/wp-json\/wp\/v2\/tags?post=5009"}],"curies":[{"name":"wp","href":"https:\/\/api.w.org\/{rel}","templated":true}]}}