{"id":5004,"date":"2021-11-05T11:10:25","date_gmt":"2021-11-05T17:10:25","guid":{"rendered":"https:\/\/www.bbmnoticias.com\/labravaradiofm\/?p=5004"},"modified":"2021-11-05T11:25:23","modified_gmt":"2021-11-05T17:25:23","slug":"el-diputado-gustavo-diaz-habria-sido-trasladado-al-penal-de-pacho-viejo","status":"publish","type":"post","link":"https:\/\/www.bbmnoticias.com\/labravaradiofm\/2021\/11\/05\/el-diputado-gustavo-diaz-habria-sido-trasladado-al-penal-de-pacho-viejo\/","title":{"rendered":"El diputado Gustavo D\u00edaz habr\u00eda sido trasladado al penal de Pacho Viejo"},"content":{"rendered":"<div style=\"margin-top: 0px; margin-bottom: 0px;\" class=\"sharethis-inline-share-buttons\" ><\/div>\n<p><strong>Oaxaca, Oax.- <\/strong>Versiones no confirmadas indican que el diputado actual y electo de la LXV Legislatura del Congreso del Estado, Gustavo D\u00edaz S\u00e1nchez, quien fuera detenido la tarde-noche de ayer jueves en las instalaciones regionales de la Fuerza Civil del estado de Veracruz, habr\u00eda sido trasladado al penal de Pacho Viejo en Xalapa en el vecino estado.<\/p>\n\n\n\n<p>Mientras tanto, el abogado del equipo de asesores del tambi\u00e9n actual diputado local de la LXIV Legislatura del Congreso del Estado, solicit\u00f3 anoche la protecci\u00f3n de la Justicia Federal para liberar de manera inmediata al legislador del PRI por el distrito local electoral 01 de Acatl\u00e1n de P\u00e9rez Figueroa.<\/p>\n\n\n\n<p>La solicitud del Juicio de Amparo presentado anoche en la Oficial\u00eda de Partes de los Jugados de Distrito con sede en la capital del estado por su presenta presunta detenci\u00f3n ilegal y probable desaparici\u00f3n forzada.<\/p>\n\n\n\n<p>El diputado local, reelecto por tercera ocasi\u00f3n, presuntamente fue detenido horas antes en las instalaciones de la delegaci\u00f3n regional de la Polic\u00eda Estatal Fuerza Civil en el municipio de Fort\u00edn de las Flores, del distrito de Tezonapa Veracruz.<\/p>\n\n\n\n<p>D\u00edaz S\u00e1nchez habr\u00eda acudido a las instalaciones de la Fuerza Civil en busca de su hijo Jos\u00e9 Alberto D\u00edaz Rosas (a) \u201cEl Pel\u00f3n\u201d, quien aparentemente hab\u00eda sido detenido por la tarde en compa\u00f1\u00eda de otros adolescentes, presuntamente por disparar armas de fuego contra la polic\u00eda de esa entidad.<\/p>\n\n\n\n<p>Versiones extraoficiales se\u00f1alan que el legislador oaxaque\u00f1o fue detenido en la delegaci\u00f3n regional de la Fuerza Civil al ser sorprendido portando un arma corta, al parecer calibre 9 mil\u00edmetros, de uso exclusivo del Ej\u00e9rcito y Fuerzas Armadas, adem\u00e1s, porque agredi\u00f3 a elementos de seguridad.<\/p>\n\n\n\n<p>Se mencion\u00f3 de manera extraoficial que cerca de la media noche, el diputado priista y su hijo D\u00edaz Rosas, fueron trasladados al Centro de Reinserci\u00f3n Social de Pacho Viejo en Xalapa Veracruz, en donde quedaron a disposici\u00f3n de la Fiscal\u00eda General de la Rep\u00fablica y de la Fiscal\u00eda General del Estado, respectivamente.<\/p>\n\n\n\n<p>Hasta el momento, el Gobierno del Estado de Oaxaca, no hab\u00eda emitido ning\u00fan posicionamiento sobre la detenci\u00f3n del legislador oaxaque\u00f1o por la polic\u00eda veracruzana, s\u00f3lo el presidente de la Mesa Directiva del Congreso del Estado, Arsenio Mej\u00eda, emiti\u00f3 un escueto comunicado, donde afirma que a nombre del Congreso del Estado, exig\u00eda la inmediata liberaci\u00f3n de su compa\u00f1ero legislador.<\/p>\n\n\n\n<p>Para exigir la liberaci\u00f3n del diputado local de Oaxaca, centenares de seguidores bloquean la carretera federal que comunica de Tuxtepec a Veracruz, en la caseta de cobro a la altura del puente Caracol, en donde mantienen decenas de veh\u00edculos de motor atravesados en la cinta asf\u00e1ltica.<\/p>\n\n\n\n<p>Este jueves, a trav\u00e9s de redes sociales, el equipo del diputado D\u00edaz S\u00e1nchez emiti\u00f3 un comunicado, donde se\u00f1alan que ambas detenciones, la de legislador y su hijo, son arbitrarias y sin motivo, por lo que exigieron la liberaci\u00f3n inmediata del diputado local, respeto a sus derechos humanos y al debido proceso, as\u00ed como a la Constituci\u00f3n Pol\u00edtica del los Estados Unidos Mexicanos y a la Soberan\u00eda del Estado de Oaxaca.<\/p>\n","protected":false},"excerpt":{"rendered":"<p>Oaxaca, Oax.- Versiones no confirmadas indican que el diputado actual y electo de la LXV Legislatura del Congreso del Estado, Gustavo D\u00edaz S\u00e1nchez, quien fuera detenido la tarde-noche de ayer jueves en las instalaciones regionales de la Fuerza Civil del estado de Veracruz, habr\u00eda sido trasladado al penal de Pacho Viejo en Xalapa en el [&hellip;]<\/p>\n","protected":false},"author":7,"featured_media":5007,"comment_status":"closed","ping_status":"closed","sticky":false,"template":"","format":"standard","meta":{"footnotes":""},"categories":[2],"tags":[],"class_list":{"0":"post-5004","1":"post","2":"type-post","3":"status-publish","4":"format-standard","5":"has-post-thumbnail","7":"category-oaxaca"},"yoast_head":"<!-- This site is optimized with the Yoast SEO plugin v27.4 - https:\/\/yoast.com\/product\/yoast-seo-wordpress\/ -->\n<title>El diputado Gustavo D\u00edaz habr\u00eda sido trasladado al penal de Pacho Viejo - LA BRAVA RADIO<\/title>\n<meta name=\"robots\" content=\"index, follow, max-snippet:-1, max-image-preview:large, max-video-preview:-1\" \/>\n<link rel=\"canonical\" href=\"https:\/\/www.bbmnoticias.com\/labravaradiofm\/2021\/11\/05\/el-diputado-gustavo-diaz-habria-sido-trasladado-al-penal-de-pacho-viejo\/\" \/>\n<meta property=\"og:locale\" content=\"es_MX\" \/>\n<meta property=\"og:type\" content=\"article\" \/>\n<meta property=\"og:title\" content=\"El diputado Gustavo D\u00edaz habr\u00eda sido trasladado al penal de Pacho Viejo - LA BRAVA RADIO\" \/>\n<meta property=\"og:description\" content=\"Oaxaca, Oax.- Versiones no confirmadas indican que el diputado actual y electo de la LXV Legislatura del Congreso del Estado, Gustavo D\u00edaz S\u00e1nchez, quien fuera detenido la tarde-noche de ayer jueves en las instalaciones regionales de la Fuerza Civil del estado de Veracruz, habr\u00eda sido trasladado al penal de Pacho Viejo en Xalapa en el [&hellip;]\" \/>\n<meta property=\"og:url\" content=\"https:\/\/www.bbmnoticias.com\/labravaradiofm\/2021\/11\/05\/el-diputado-gustavo-diaz-habria-sido-trasladado-al-penal-de-pacho-viejo\/\" \/>\n<meta property=\"og:site_name\" content=\"LA BRAVA RADIO\" \/>\n<meta property=\"article:published_time\" content=\"2021-11-05T17:10:25+00:00\" \/>\n<meta property=\"article:modified_time\" content=\"2021-11-05T17:25:23+00:00\" \/>\n<meta property=\"og:image\" content=\"https:\/\/www.bbmnoticias.com\/labravaradiofm\/wp-content\/uploads\/sites\/5\/2021\/11\/p05112021-4.jpg\" \/>\n\t<meta property=\"og:image:width\" content=\"690\" \/>\n\t<meta property=\"og:image:height\" content=\"454\" \/>\n\t<meta property=\"og:image:type\" content=\"image\/jpeg\" \/>\n<meta name=\"author\" content=\"Cuarta Plana\" \/>\n<meta name=\"twitter:card\" content=\"summary_large_image\" \/>\n<meta name=\"twitter:label1\" content=\"Escrito por\" \/>\n\t<meta name=\"twitter:data1\" content=\"Cuarta Plana\" \/>\n\t<meta name=\"twitter:label2\" content=\"Tiempo de lectura\" \/>\n\t<meta name=\"twitter:data2\" content=\"3 minutos\" \/>\n<script type=\"application\/ld+json\" class=\"yoast-schema-graph\">{\"@context\":\"https:\\\/\\\/schema.org\",\"@graph\":[{\"@type\":\"Article\",\"@id\":\"https:\\\/\\\/www.bbmnoticias.com\\\/labravaradiofm\\\/2021\\\/11\\\/05\\\/el-diputado-gustavo-diaz-habria-sido-trasladado-al-penal-de-pacho-viejo\\\/#article\",\"isPartOf\":{\"@id\":\"https:\\\/\\\/www.bbmnoticias.com\\\/labravaradiofm\\\/2021\\\/11\\\/05\\\/el-diputado-gustavo-diaz-habria-sido-trasladado-al-penal-de-pacho-viejo\\\/\"},\"author\":{\"name\":\"Cuarta Plana\",\"@id\":\"https:\\\/\\\/www.bbmnoticias.com\\\/labravaradiofm\\\/#\\\/schema\\\/person\\\/7d786f9fa529105f958c4791d75455f1\"},\"headline\":\"El diputado Gustavo D\u00edaz habr\u00eda sido trasladado al penal de Pacho Viejo\",\"datePublished\":\"2021-11-05T17:10:25+00:00\",\"dateModified\":\"2021-11-05T17:25:23+00:00\",\"mainEntityOfPage\":{\"@id\":\"https:\\\/\\\/www.bbmnoticias.com\\\/labravaradiofm\\\/2021\\\/11\\\/05\\\/el-diputado-gustavo-diaz-habria-sido-trasladado-al-penal-de-pacho-viejo\\\/\"},\"wordCount\":565,\"image\":{\"@id\":\"https:\\\/\\\/www.bbmnoticias.com\\\/labravaradiofm\\\/2021\\\/11\\\/05\\\/el-diputado-gustavo-diaz-habria-sido-trasladado-al-penal-de-pacho-viejo\\\/#primaryimage\"},\"thumbnailUrl\":\"https:\\\/\\\/www.bbmnoticias.com\\\/labravaradiofm\\\/wp-content\\\/uploads\\\/sites\\\/5\\\/2021\\\/11\\\/p05112021-4.jpg\",\"articleSection\":[\"LOCAL\"],\"inLanguage\":\"es\"},{\"@type\":\"WebPage\",\"@id\":\"https:\\\/\\\/www.bbmnoticias.com\\\/labravaradiofm\\\/2021\\\/11\\\/05\\\/el-diputado-gustavo-diaz-habria-sido-trasladado-al-penal-de-pacho-viejo\\\/\",\"url\":\"https:\\\/\\\/www.bbmnoticias.com\\\/labravaradiofm\\\/2021\\\/11\\\/05\\\/el-diputado-gustavo-diaz-habria-sido-trasladado-al-penal-de-pacho-viejo\\\/\",\"name\":\"El diputado Gustavo D\u00edaz habr\u00eda sido trasladado al penal de Pacho Viejo - LA BRAVA RADIO\",\"isPartOf\":{\"@id\":\"https:\\\/\\\/www.bbmnoticias.com\\\/labravaradiofm\\\/#website\"},\"primaryImageOfPage\":{\"@id\":\"https:\\\/\\\/www.bbmnoticias.com\\\/labravaradiofm\\\/2021\\\/11\\\/05\\\/el-diputado-gustavo-diaz-habria-sido-trasladado-al-penal-de-pacho-viejo\\\/#primaryimage\"},\"image\":{\"@id\":\"https:\\\/\\\/www.bbmnoticias.com\\\/labravaradiofm\\\/2021\\\/11\\\/05\\\/el-diputado-gustavo-diaz-habria-sido-trasladado-al-penal-de-pacho-viejo\\\/#primaryimage\"},\"thumbnailUrl\":\"https:\\\/\\\/www.bbmnoticias.com\\\/labravaradiofm\\\/wp-content\\\/uploads\\\/sites\\\/5\\\/2021\\\/11\\\/p05112021-4.jpg\",\"datePublished\":\"2021-11-05T17:10:25+00:00\",\"dateModified\":\"2021-11-05T17:25:23+00:00\",\"author\":{\"@id\":\"https:\\\/\\\/www.bbmnoticias.com\\\/labravaradiofm\\\/#\\\/schema\\\/person\\\/7d786f9fa529105f958c4791d75455f1\"},\"breadcrumb\":{\"@id\":\"https:\\\/\\\/www.bbmnoticias.com\\\/labravaradiofm\\\/2021\\\/11\\\/05\\\/el-diputado-gustavo-diaz-habria-sido-trasladado-al-penal-de-pacho-viejo\\\/#breadcrumb\"},\"inLanguage\":\"es\",\"potentialAction\":[{\"@type\":\"ReadAction\",\"target\":[\"https:\\\/\\\/www.bbmnoticias.com\\\/labravaradiofm\\\/2021\\\/11\\\/05\\\/el-diputado-gustavo-diaz-habria-sido-trasladado-al-penal-de-pacho-viejo\\\/\"]}]},{\"@type\":\"ImageObject\",\"inLanguage\":\"es\",\"@id\":\"https:\\\/\\\/www.bbmnoticias.com\\\/labravaradiofm\\\/2021\\\/11\\\/05\\\/el-diputado-gustavo-diaz-habria-sido-trasladado-al-penal-de-pacho-viejo\\\/#primaryimage\",\"url\":\"https:\\\/\\\/www.bbmnoticias.com\\\/labravaradiofm\\\/wp-content\\\/uploads\\\/sites\\\/5\\\/2021\\\/11\\\/p05112021-4.jpg\",\"contentUrl\":\"https:\\\/\\\/www.bbmnoticias.com\\\/labravaradiofm\\\/wp-content\\\/uploads\\\/sites\\\/5\\\/2021\\\/11\\\/p05112021-4.jpg\",\"width\":690,\"height\":454},{\"@type\":\"BreadcrumbList\",\"@id\":\"https:\\\/\\\/www.bbmnoticias.com\\\/labravaradiofm\\\/2021\\\/11\\\/05\\\/el-diputado-gustavo-diaz-habria-sido-trasladado-al-penal-de-pacho-viejo\\\/#breadcrumb\",\"itemListElement\":[{\"@type\":\"ListItem\",\"position\":1,\"name\":\"Inicio\",\"item\":\"https:\\\/\\\/www.bbmnoticias.com\\\/labravaradiofm\\\/\"},{\"@type\":\"ListItem\",\"position\":2,\"name\":\"El diputado Gustavo D\u00edaz habr\u00eda sido trasladado al penal de Pacho Viejo\"}]},{\"@type\":\"WebSite\",\"@id\":\"https:\\\/\\\/www.bbmnoticias.com\\\/labravaradiofm\\\/#website\",\"url\":\"https:\\\/\\\/www.bbmnoticias.com\\\/labravaradiofm\\\/\",\"name\":\"LA BRAVA RADIO\",\"description\":\"Empresa productora de medios, Radiodifusi\u00f3n, Noticias, tendencias y todo lo que necesitas saber de la pol\u00edtica mexicana e internacional; entretenimiento, espect\u00e1culos, salud y mucho m\u00e1s.\",\"potentialAction\":[{\"@type\":\"SearchAction\",\"target\":{\"@type\":\"EntryPoint\",\"urlTemplate\":\"https:\\\/\\\/www.bbmnoticias.com\\\/labravaradiofm\\\/?s={search_term_string}\"},\"query-input\":{\"@type\":\"PropertyValueSpecification\",\"valueRequired\":true,\"valueName\":\"search_term_string\"}}],\"inLanguage\":\"es\"},{\"@type\":\"Person\",\"@id\":\"https:\\\/\\\/www.bbmnoticias.com\\\/labravaradiofm\\\/#\\\/schema\\\/person\\\/7d786f9fa529105f958c4791d75455f1\",\"name\":\"Cuarta Plana\",\"image\":{\"@type\":\"ImageObject\",\"inLanguage\":\"es\",\"@id\":\"https:\\\/\\\/secure.gravatar.com\\\/avatar\\\/569aeac3582b4864a79ffcd8468ada657f9c0cbf68c06542116f60dfa8c3c2d7?s=96&d=mm&r=g\",\"url\":\"https:\\\/\\\/secure.gravatar.com\\\/avatar\\\/569aeac3582b4864a79ffcd8468ada657f9c0cbf68c06542116f60dfa8c3c2d7?s=96&d=mm&r=g\",\"contentUrl\":\"https:\\\/\\\/secure.gravatar.com\\\/avatar\\\/569aeac3582b4864a79ffcd8468ada657f9c0cbf68c06542116f60dfa8c3c2d7?s=96&d=mm&r=g\",\"caption\":\"Cuarta Plana\"},\"url\":\"https:\\\/\\\/www.bbmnoticias.com\\\/labravaradiofm\\\/author\\\/cuartaplana\\\/\"}]}<\/script>\n<!-- \/ Yoast SEO plugin. -->","yoast_head_json":{"title":"El diputado Gustavo D\u00edaz habr\u00eda sido trasladado al penal de Pacho Viejo - LA BRAVA RADIO","robots":{"index":"index","follow":"follow","max-snippet":"max-snippet:-1","max-image-preview":"max-image-preview:large","max-video-preview":"max-video-preview:-1"},"canonical":"https:\/\/www.bbmnoticias.com\/labravaradiofm\/2021\/11\/05\/el-diputado-gustavo-diaz-habria-sido-trasladado-al-penal-de-pacho-viejo\/","og_locale":"es_MX","og_type":"article","og_title":"El diputado Gustavo D\u00edaz habr\u00eda sido trasladado al penal de Pacho Viejo - LA BRAVA RADIO","og_description":"Oaxaca, Oax.- Versiones no confirmadas indican que el diputado actual y electo de la LXV Legislatura del Congreso del Estado, Gustavo D\u00edaz S\u00e1nchez, quien fuera detenido la tarde-noche de ayer jueves en las instalaciones regionales de la Fuerza Civil del estado de Veracruz, habr\u00eda sido trasladado al penal de Pacho Viejo en Xalapa en el [&hellip;]","og_url":"https:\/\/www.bbmnoticias.com\/labravaradiofm\/2021\/11\/05\/el-diputado-gustavo-diaz-habria-sido-trasladado-al-penal-de-pacho-viejo\/","og_site_name":"LA BRAVA RADIO","article_published_time":"2021-11-05T17:10:25+00:00","article_modified_time":"2021-11-05T17:25:23+00:00","og_image":[{"width":690,"height":454,"url":"https:\/\/www.bbmnoticias.com\/labravaradiofm\/wp-content\/uploads\/sites\/5\/2021\/11\/p05112021-4.jpg","type":"image\/jpeg"}],"author":"Cuarta Plana","twitter_card":"summary_large_image","twitter_misc":{"Escrito por":"Cuarta Plana","Tiempo de lectura":"3 minutos"},"schema":{"@context":"https:\/\/schema.org","@graph":[{"@type":"Article","@id":"https:\/\/www.bbmnoticias.com\/labravaradiofm\/2021\/11\/05\/el-diputado-gustavo-diaz-habria-sido-trasladado-al-penal-de-pacho-viejo\/#article","isPartOf":{"@id":"https:\/\/www.bbmnoticias.com\/labravaradiofm\/2021\/11\/05\/el-diputado-gustavo-diaz-habria-sido-trasladado-al-penal-de-pacho-viejo\/"},"author":{"name":"Cuarta Plana","@id":"https:\/\/www.bbmnoticias.com\/labravaradiofm\/#\/schema\/person\/7d786f9fa529105f958c4791d75455f1"},"headline":"El diputado Gustavo D\u00edaz habr\u00eda sido trasladado al penal de Pacho Viejo","datePublished":"2021-11-05T17:10:25+00:00","dateModified":"2021-11-05T17:25:23+00:00","mainEntityOfPage":{"@id":"https:\/\/www.bbmnoticias.com\/labravaradiofm\/2021\/11\/05\/el-diputado-gustavo-diaz-habria-sido-trasladado-al-penal-de-pacho-viejo\/"},"wordCount":565,"image":{"@id":"https:\/\/www.bbmnoticias.com\/labravaradiofm\/2021\/11\/05\/el-diputado-gustavo-diaz-habria-sido-trasladado-al-penal-de-pacho-viejo\/#primaryimage"},"thumbnailUrl":"https:\/\/www.bbmnoticias.com\/labravaradiofm\/wp-content\/uploads\/sites\/5\/2021\/11\/p05112021-4.jpg","articleSection":["LOCAL"],"inLanguage":"es"},{"@type":"WebPage","@id":"https:\/\/www.bbmnoticias.com\/labravaradiofm\/2021\/11\/05\/el-diputado-gustavo-diaz-habria-sido-trasladado-al-penal-de-pacho-viejo\/","url":"https:\/\/www.bbmnoticias.com\/labravaradiofm\/2021\/11\/05\/el-diputado-gustavo-diaz-habria-sido-trasladado-al-penal-de-pacho-viejo\/","name":"El diputado Gustavo D\u00edaz habr\u00eda sido trasladado al penal de Pacho Viejo - LA BRAVA RADIO","isPartOf":{"@id":"https:\/\/www.bbmnoticias.com\/labravaradiofm\/#website"},"primaryImageOfPage":{"@id":"https:\/\/www.bbmnoticias.com\/labravaradiofm\/2021\/11\/05\/el-diputado-gustavo-diaz-habria-sido-trasladado-al-penal-de-pacho-viejo\/#primaryimage"},"image":{"@id":"https:\/\/www.bbmnoticias.com\/labravaradiofm\/2021\/11\/05\/el-diputado-gustavo-diaz-habria-sido-trasladado-al-penal-de-pacho-viejo\/#primaryimage"},"thumbnailUrl":"https:\/\/www.bbmnoticias.com\/labravaradiofm\/wp-content\/uploads\/sites\/5\/2021\/11\/p05112021-4.jpg","datePublished":"2021-11-05T17:10:25+00:00","dateModified":"2021-11-05T17:25:23+00:00","author":{"@id":"https:\/\/www.bbmnoticias.com\/labravaradiofm\/#\/schema\/person\/7d786f9fa529105f958c4791d75455f1"},"breadcrumb":{"@id":"https:\/\/www.bbmnoticias.com\/labravaradiofm\/2021\/11\/05\/el-diputado-gustavo-diaz-habria-sido-trasladado-al-penal-de-pacho-viejo\/#breadcrumb"},"inLanguage":"es","potentialAction":[{"@type":"ReadAction","target":["https:\/\/www.bbmnoticias.com\/labravaradiofm\/2021\/11\/05\/el-diputado-gustavo-diaz-habria-sido-trasladado-al-penal-de-pacho-viejo\/"]}]},{"@type":"ImageObject","inLanguage":"es","@id":"https:\/\/www.bbmnoticias.com\/labravaradiofm\/2021\/11\/05\/el-diputado-gustavo-diaz-habria-sido-trasladado-al-penal-de-pacho-viejo\/#primaryimage","url":"https:\/\/www.bbmnoticias.com\/labravaradiofm\/wp-content\/uploads\/sites\/5\/2021\/11\/p05112021-4.jpg","contentUrl":"https:\/\/www.bbmnoticias.com\/labravaradiofm\/wp-content\/uploads\/sites\/5\/2021\/11\/p05112021-4.jpg","width":690,"height":454},{"@type":"BreadcrumbList","@id":"https:\/\/www.bbmnoticias.com\/labravaradiofm\/2021\/11\/05\/el-diputado-gustavo-diaz-habria-sido-trasladado-al-penal-de-pacho-viejo\/#breadcrumb","itemListElement":[{"@type":"ListItem","position":1,"name":"Inicio","item":"https:\/\/www.bbmnoticias.com\/labravaradiofm\/"},{"@type":"ListItem","position":2,"name":"El diputado Gustavo D\u00edaz habr\u00eda sido trasladado al penal de Pacho Viejo"}]},{"@type":"WebSite","@id":"https:\/\/www.bbmnoticias.com\/labravaradiofm\/#website","url":"https:\/\/www.bbmnoticias.com\/labravaradiofm\/","name":"LA BRAVA RADIO","description":"Empresa productora de medios, Radiodifusi\u00f3n, Noticias, tendencias y todo lo que necesitas saber de la pol\u00edtica mexicana e internacional; entretenimiento, espect\u00e1culos, salud y mucho m\u00e1s.","potentialAction":[{"@type":"SearchAction","target":{"@type":"EntryPoint","urlTemplate":"https:\/\/www.bbmnoticias.com\/labravaradiofm\/?s={search_term_string}"},"query-input":{"@type":"PropertyValueSpecification","valueRequired":true,"valueName":"search_term_string"}}],"inLanguage":"es"},{"@type":"Person","@id":"https:\/\/www.bbmnoticias.com\/labravaradiofm\/#\/schema\/person\/7d786f9fa529105f958c4791d75455f1","name":"Cuarta Plana","image":{"@type":"ImageObject","inLanguage":"es","@id":"https:\/\/secure.gravatar.com\/avatar\/569aeac3582b4864a79ffcd8468ada657f9c0cbf68c06542116f60dfa8c3c2d7?s=96&d=mm&r=g","url":"https:\/\/secure.gravatar.com\/avatar\/569aeac3582b4864a79ffcd8468ada657f9c0cbf68c06542116f60dfa8c3c2d7?s=96&d=mm&r=g","contentUrl":"https:\/\/secure.gravatar.com\/avatar\/569aeac3582b4864a79ffcd8468ada657f9c0cbf68c06542116f60dfa8c3c2d7?s=96&d=mm&r=g","caption":"Cuarta Plana"},"url":"https:\/\/www.bbmnoticias.com\/labravaradiofm\/author\/cuartaplana\/"}]}},"_links":{"self":[{"href":"https:\/\/www.bbmnoticias.com\/labravaradiofm\/wp-json\/wp\/v2\/posts\/5004","targetHints":{"allow":["GET"]}}],"collection":[{"href":"https:\/\/www.bbmnoticias.com\/labravaradiofm\/wp-json\/wp\/v2\/posts"}],"about":[{"href":"https:\/\/www.bbmnoticias.com\/labravaradiofm\/wp-json\/wp\/v2\/types\/post"}],"author":[{"embeddable":true,"href":"https:\/\/www.bbmnoticias.com\/labravaradiofm\/wp-json\/wp\/v2\/users\/7"}],"replies":[{"embeddable":true,"href":"https:\/\/www.bbmnoticias.com\/labravaradiofm\/wp-json\/wp\/v2\/comments?post=5004"}],"version-history":[{"count":0,"href":"https:\/\/www.bbmnoticias.com\/labravaradiofm\/wp-json\/wp\/v2\/posts\/5004\/revisions"}],"wp:featuredmedia":[{"embeddable":true,"href":"https:\/\/www.bbmnoticias.com\/labravaradiofm\/wp-json\/wp\/v2\/media\/5007"}],"wp:attachment":[{"href":"https:\/\/www.bbmnoticias.com\/labravaradiofm\/wp-json\/wp\/v2\/media?parent=5004"}],"wp:term":[{"taxonomy":"category","embeddable":true,"href":"https:\/\/www.bbmnoticias.com\/labravaradiofm\/wp-json\/wp\/v2\/categories?post=5004"},{"taxonomy":"post_tag","embeddable":true,"href":"https:\/\/www.bbmnoticias.com\/labravaradiofm\/wp-json\/wp\/v2\/tags?post=5004"}],"curies":[{"name":"wp","href":"https:\/\/api.w.org\/{rel}","templated":true}]}}