{"id":50036,"date":"2024-11-14T08:47:18","date_gmt":"2024-11-14T14:47:18","guid":{"rendered":"https:\/\/www.bbmnoticias.com\/labravaradiofm\/?p=50036"},"modified":"2024-11-14T08:47:22","modified_gmt":"2024-11-14T14:47:22","slug":"con-ee-uu-hay-coordinacion-no-subordinacion-sheinbaum-tras-criticas-de-salazar-a-gobierno-de-amlo","status":"publish","type":"post","link":"https:\/\/www.bbmnoticias.com\/labravaradiofm\/2024\/11\/14\/con-ee-uu-hay-coordinacion-no-subordinacion-sheinbaum-tras-criticas-de-salazar-a-gobierno-de-amlo\/","title":{"rendered":"&#8220;Con EE.UU. hay coordinaci\u00f3n, no subordinaci\u00f3n&#8221;: Sheinbaum tras cr\u00edticas de Salazar a Gobierno de AMLO"},"content":{"rendered":"<div style=\"margin-top: 0px; margin-bottom: 0px;\" class=\"sharethis-inline-share-buttons\" ><\/div>\n<p>La presidenta <strong>Claudia Sheinbaum Pardo<\/strong> se lanz\u00f3 contra embajador de EE.UU., en M\u00e9xico, <strong>Ken Salazar<\/strong>, tras sus <strong>declaraciones<\/strong> en la previa sobre la <strong>violencia<\/strong> en el pa\u00eds y las cr\u00edticas hacia el expresidente <strong>Andr\u00e9s Manuel L\u00f3pez Obrador<\/strong> (2018-2024) por su <strong>estrategia de seguridad<\/strong> de \u2018abrazos, no balazos\u2019.<\/p>\n\n\n\n<figure class=\"wp-block-embed is-type-video is-provider-youtube wp-block-embed-youtube wp-embed-aspect-16-9 wp-has-aspect-ratio\"><div class=\"wp-block-embed__wrapper\">\n<div class=\"youtube-embed\" data-video_id=\"5DnVNvT6_SY\"><iframe loading=\"lazy\" title=\"#Ma\u00f1aneraDelPueblo desde Palacio Nacional. Jueves 14 de noviembre 2024\" width=\"696\" height=\"392\" src=\"https:\/\/www.youtube.com\/embed\/5DnVNvT6_SY?feature=oembed&#038;enablejsapi=1\" frameborder=\"0\" allow=\"accelerometer; autoplay; clipboard-write; encrypted-media; gyroscope; picture-in-picture; web-share\" referrerpolicy=\"strict-origin-when-cross-origin\" allowfullscreen><\/iframe><\/div>\n<\/div><\/figure>\n\n\n\n<p>En la conferencia matutina de Palacio Nacional, Sheinbaum Pardo apunt\u00f3 no hay congruencia en las declaraciones de Salazar y que la relaci\u00f3n con EE.UU. es de coordinaci\u00f3n, no de subordinaci\u00f3n.<\/p>\n\n\n\n<p>\u201cVale la pena decirlo: hay diferencias entre lo que dice el embajador de EE.UU. un d\u00eda con lo que dice otro d\u00eda.&nbsp;Tal fue el caso de la reforma al Poder Judicial, en una ocasi\u00f3n dijo que le parec\u00eda bien una semana despu\u00e9s dijo que iba a ser muy malo para M\u00e9xico. \u00bfCu\u00e1l declaraci\u00f3n escuchamos? La de ayer o la de hace algunos meses. No puede uno declarar primero una cosa y luego otra\u201d, dijo.<\/p>\n\n\n\n<p>\u201cSegundo: M\u00e9xico es un pa\u00eds libre, independiente y soberano, nos coordinamos. Con el presidente Biden, el presidente L\u00f3pez obrador tuvo un di\u00e1logo de alto nivel, que le llamaron Di\u00e1logo Bicentenario , en distintos temas: tr\u00e1fico de drogas, tr\u00e1fico de armas, migraci\u00f3n, seguridad, y hay coordinaci\u00f3n y va a seguir habiendo coordinaci\u00f3n, es muy importante, tenemos una frontera en com\u00fan\u201d, extern\u00f3.<\/p>\n\n\n\n<figure class=\"wp-block-pullquote\"><blockquote><p>Tiene que haber di\u00e1logo de alto nivel que nos permita coordinarnos en diferentes temas que importan a uno y otro pa\u00eds, porque adem\u00e1s somos socios comerciales, pero no subordinaci\u00f3n, eso no. M\u00e9xico es un pa\u00eds libre, independiente y soberano. Trabajamos juntos, pero no hay subordinaci\u00f3n, es una relaci\u00f3n distinta, es una relaci\u00f3n de iguales entre dos pa\u00edses independientes, soberanos que compartimos mucho\u201d, se\u00f1al\u00f3.<\/p><\/blockquote><\/figure>\n\n\n\n<p>La mandataria mexicana confirm\u00f3 la nota diplom\u00e1tica enviada a la <strong>Embajada de Estados Unidos en M\u00e9xico<\/strong>, y recalc\u00f3 que la relaci\u00f3n con el embajador Ken Salazar la tiene el canciller <strong>Juan Ram\u00f3n de la Fuente<\/strong>.<\/p>\n\n\n\n<figure class=\"wp-block-pullquote\"><blockquote><p>Ayer hubo una nota diplom\u00e1tica, pero sobre todo es esta disparidad de declaraciones de la misma persona, y por otro lado la coordinaci\u00f3n m\u00e1s no la subordinaci\u00f3n (\u2026) El canciller es el que tiene la relaci\u00f3n con el embajador\u201d, refiri\u00f3.<\/p><\/blockquote><\/figure>\n\n\n\n<p>Salazar asegur\u00f3 en la previa durante una conferencia de prensa que M\u00e9xico atraviesa por una crisis de inseguridad, critic\u00f3 al Gobierno mexicano por \u201cnegar la realidad\u201d de la ola de violencia que se vive en el pa\u00eds y lament\u00f3 la fallida estrategia de \u201cabrazos, no balazos\u201d del expresidente L\u00f3pez Obrador.<\/p>\n\n\n\n<p>El embajador estadounidense se mostr\u00f3 especialmente cr\u00edtico con la estrategia de \u2018abrazos, no balazos\u2019, que promovi\u00f3 el gobierno anterior de L\u00f3pez Obrador, al considerarla insuficiente para enfrentar los altos \u00edndices de violencia en el pa\u00eds y enfatizar que es un problema grave que no puede ignorarse ni esquivar la responsabilidad.<\/p>\n\n\n\n<p>\u201cEl presidente anterior no quiso recibir el apoyo de los Estados Unidos, cerr\u00f3 la puerta a inversiones de arriba de 32 millones de d\u00f3lares, porque no quer\u00eda que esa inversi\u00f3n llegara a M\u00e9xico para ayudar con la seguridad del pueblo mexicano\u201d, dijo.<\/p>\n\n\n\n<p>Debido a estas declaraciones, la <strong>Secretar\u00eda de Relaciones Exteriores<\/strong> (<strong>SRE<\/strong>) envi\u00f3 horas despu\u00e9s una nota diplom\u00e1tica a la Embajada de Estados Unidos en M\u00e9xico, en la que manifest\u00f3 su extra\u00f1amiento por las declaraciones del embajador Salazar.<\/p>\n","protected":false},"excerpt":{"rendered":"<p>La presidenta Claudia Sheinbaum Pardo se lanz\u00f3 contra embajador de EE.UU., en M\u00e9xico, Ken Salazar, tras sus declaraciones en la previa sobre la violencia en el pa\u00eds y las cr\u00edticas hacia el expresidente Andr\u00e9s Manuel L\u00f3pez Obrador (2018-2024) por su estrategia de seguridad de \u2018abrazos, no balazos\u2019. En la conferencia matutina de Palacio Nacional, Sheinbaum [&hellip;]<\/p>\n","protected":false},"author":2,"featured_media":50037,"comment_status":"closed","ping_status":"closed","sticky":false,"template":"","format":"standard","meta":{"footnotes":""},"categories":[1025,19],"tags":[],"class_list":{"0":"post-50036","1":"post","2":"type-post","3":"status-publish","4":"format-standard","5":"has-post-thumbnail","7":"category-destacado","8":"category-nacional"},"yoast_head":"<!-- This site is optimized with the Yoast SEO plugin v27.4 - https:\/\/yoast.com\/product\/yoast-seo-wordpress\/ -->\n<title>&quot;Con EE.UU. hay coordinaci\u00f3n, no subordinaci\u00f3n&quot;: Sheinbaum tras cr\u00edticas de Salazar a Gobierno de AMLO - LA BRAVA RADIO<\/title>\n<meta name=\"robots\" content=\"index, follow, max-snippet:-1, max-image-preview:large, max-video-preview:-1\" \/>\n<link rel=\"canonical\" href=\"https:\/\/www.bbmnoticias.com\/labravaradiofm\/2024\/11\/14\/con-ee-uu-hay-coordinacion-no-subordinacion-sheinbaum-tras-criticas-de-salazar-a-gobierno-de-amlo\/\" \/>\n<meta property=\"og:locale\" content=\"es_MX\" \/>\n<meta property=\"og:type\" content=\"article\" \/>\n<meta property=\"og:title\" content=\"&quot;Con EE.UU. hay coordinaci\u00f3n, no subordinaci\u00f3n&quot;: Sheinbaum tras cr\u00edticas de Salazar a Gobierno de AMLO - LA BRAVA RADIO\" \/>\n<meta property=\"og:description\" content=\"La presidenta Claudia Sheinbaum Pardo se lanz\u00f3 contra embajador de EE.UU., en M\u00e9xico, Ken Salazar, tras sus declaraciones en la previa sobre la violencia en el pa\u00eds y las cr\u00edticas hacia el expresidente Andr\u00e9s Manuel L\u00f3pez Obrador (2018-2024) por su estrategia de seguridad de \u2018abrazos, no balazos\u2019. En la conferencia matutina de Palacio Nacional, Sheinbaum [&hellip;]\" \/>\n<meta property=\"og:url\" content=\"https:\/\/www.bbmnoticias.com\/labravaradiofm\/2024\/11\/14\/con-ee-uu-hay-coordinacion-no-subordinacion-sheinbaum-tras-criticas-de-salazar-a-gobierno-de-amlo\/\" \/>\n<meta property=\"og:site_name\" content=\"LA BRAVA RADIO\" \/>\n<meta property=\"article:published_time\" content=\"2024-11-14T14:47:18+00:00\" \/>\n<meta property=\"article:modified_time\" content=\"2024-11-14T14:47:22+00:00\" \/>\n<meta property=\"og:image\" content=\"https:\/\/www.bbmnoticias.com\/labravaradiofm\/wp-content\/uploads\/sites\/5\/2024\/11\/claudia-sheinbaum-2.jpg\" \/>\n\t<meta property=\"og:image:width\" content=\"1080\" \/>\n\t<meta property=\"og:image:height\" content=\"719\" \/>\n\t<meta property=\"og:image:type\" content=\"image\/jpeg\" \/>\n<meta name=\"author\" content=\"Staff\" \/>\n<meta name=\"twitter:card\" content=\"summary_large_image\" \/>\n<meta name=\"twitter:label1\" content=\"Escrito por\" \/>\n\t<meta name=\"twitter:data1\" content=\"Staff\" \/>\n\t<meta name=\"twitter:label2\" content=\"Tiempo de lectura\" \/>\n\t<meta name=\"twitter:data2\" content=\"3 minutos\" \/>\n<script type=\"application\/ld+json\" class=\"yoast-schema-graph\">{\"@context\":\"https:\\\/\\\/schema.org\",\"@graph\":[{\"@type\":\"Article\",\"@id\":\"https:\\\/\\\/www.bbmnoticias.com\\\/labravaradiofm\\\/2024\\\/11\\\/14\\\/con-ee-uu-hay-coordinacion-no-subordinacion-sheinbaum-tras-criticas-de-salazar-a-gobierno-de-amlo\\\/#article\",\"isPartOf\":{\"@id\":\"https:\\\/\\\/www.bbmnoticias.com\\\/labravaradiofm\\\/2024\\\/11\\\/14\\\/con-ee-uu-hay-coordinacion-no-subordinacion-sheinbaum-tras-criticas-de-salazar-a-gobierno-de-amlo\\\/\"},\"author\":{\"name\":\"Staff\",\"@id\":\"https:\\\/\\\/www.bbmnoticias.com\\\/labravaradiofm\\\/#\\\/schema\\\/person\\\/68a9e9036ef3c5b55aeb2b71dc8bab45\"},\"headline\":\"&#8220;Con EE.UU. hay coordinaci\u00f3n, no subordinaci\u00f3n&#8221;: Sheinbaum tras cr\u00edticas de Salazar a Gobierno de AMLO\",\"datePublished\":\"2024-11-14T14:47:18+00:00\",\"dateModified\":\"2024-11-14T14:47:22+00:00\",\"mainEntityOfPage\":{\"@id\":\"https:\\\/\\\/www.bbmnoticias.com\\\/labravaradiofm\\\/2024\\\/11\\\/14\\\/con-ee-uu-hay-coordinacion-no-subordinacion-sheinbaum-tras-criticas-de-salazar-a-gobierno-de-amlo\\\/\"},\"wordCount\":618,\"image\":{\"@id\":\"https:\\\/\\\/www.bbmnoticias.com\\\/labravaradiofm\\\/2024\\\/11\\\/14\\\/con-ee-uu-hay-coordinacion-no-subordinacion-sheinbaum-tras-criticas-de-salazar-a-gobierno-de-amlo\\\/#primaryimage\"},\"thumbnailUrl\":\"https:\\\/\\\/www.bbmnoticias.com\\\/labravaradiofm\\\/wp-content\\\/uploads\\\/sites\\\/5\\\/2024\\\/11\\\/claudia-sheinbaum-2.jpg\",\"articleSection\":[\"DESTACADO\",\"NACIONAL\"],\"inLanguage\":\"es\"},{\"@type\":\"WebPage\",\"@id\":\"https:\\\/\\\/www.bbmnoticias.com\\\/labravaradiofm\\\/2024\\\/11\\\/14\\\/con-ee-uu-hay-coordinacion-no-subordinacion-sheinbaum-tras-criticas-de-salazar-a-gobierno-de-amlo\\\/\",\"url\":\"https:\\\/\\\/www.bbmnoticias.com\\\/labravaradiofm\\\/2024\\\/11\\\/14\\\/con-ee-uu-hay-coordinacion-no-subordinacion-sheinbaum-tras-criticas-de-salazar-a-gobierno-de-amlo\\\/\",\"name\":\"\\\"Con EE.UU. hay coordinaci\u00f3n, no subordinaci\u00f3n\\\": Sheinbaum tras cr\u00edticas de Salazar a Gobierno de AMLO - LA BRAVA RADIO\",\"isPartOf\":{\"@id\":\"https:\\\/\\\/www.bbmnoticias.com\\\/labravaradiofm\\\/#website\"},\"primaryImageOfPage\":{\"@id\":\"https:\\\/\\\/www.bbmnoticias.com\\\/labravaradiofm\\\/2024\\\/11\\\/14\\\/con-ee-uu-hay-coordinacion-no-subordinacion-sheinbaum-tras-criticas-de-salazar-a-gobierno-de-amlo\\\/#primaryimage\"},\"image\":{\"@id\":\"https:\\\/\\\/www.bbmnoticias.com\\\/labravaradiofm\\\/2024\\\/11\\\/14\\\/con-ee-uu-hay-coordinacion-no-subordinacion-sheinbaum-tras-criticas-de-salazar-a-gobierno-de-amlo\\\/#primaryimage\"},\"thumbnailUrl\":\"https:\\\/\\\/www.bbmnoticias.com\\\/labravaradiofm\\\/wp-content\\\/uploads\\\/sites\\\/5\\\/2024\\\/11\\\/claudia-sheinbaum-2.jpg\",\"datePublished\":\"2024-11-14T14:47:18+00:00\",\"dateModified\":\"2024-11-14T14:47:22+00:00\",\"author\":{\"@id\":\"https:\\\/\\\/www.bbmnoticias.com\\\/labravaradiofm\\\/#\\\/schema\\\/person\\\/68a9e9036ef3c5b55aeb2b71dc8bab45\"},\"breadcrumb\":{\"@id\":\"https:\\\/\\\/www.bbmnoticias.com\\\/labravaradiofm\\\/2024\\\/11\\\/14\\\/con-ee-uu-hay-coordinacion-no-subordinacion-sheinbaum-tras-criticas-de-salazar-a-gobierno-de-amlo\\\/#breadcrumb\"},\"inLanguage\":\"es\",\"potentialAction\":[{\"@type\":\"ReadAction\",\"target\":[\"https:\\\/\\\/www.bbmnoticias.com\\\/labravaradiofm\\\/2024\\\/11\\\/14\\\/con-ee-uu-hay-coordinacion-no-subordinacion-sheinbaum-tras-criticas-de-salazar-a-gobierno-de-amlo\\\/\"]}]},{\"@type\":\"ImageObject\",\"inLanguage\":\"es\",\"@id\":\"https:\\\/\\\/www.bbmnoticias.com\\\/labravaradiofm\\\/2024\\\/11\\\/14\\\/con-ee-uu-hay-coordinacion-no-subordinacion-sheinbaum-tras-criticas-de-salazar-a-gobierno-de-amlo\\\/#primaryimage\",\"url\":\"https:\\\/\\\/www.bbmnoticias.com\\\/labravaradiofm\\\/wp-content\\\/uploads\\\/sites\\\/5\\\/2024\\\/11\\\/claudia-sheinbaum-2.jpg\",\"contentUrl\":\"https:\\\/\\\/www.bbmnoticias.com\\\/labravaradiofm\\\/wp-content\\\/uploads\\\/sites\\\/5\\\/2024\\\/11\\\/claudia-sheinbaum-2.jpg\",\"width\":1080,\"height\":719},{\"@type\":\"BreadcrumbList\",\"@id\":\"https:\\\/\\\/www.bbmnoticias.com\\\/labravaradiofm\\\/2024\\\/11\\\/14\\\/con-ee-uu-hay-coordinacion-no-subordinacion-sheinbaum-tras-criticas-de-salazar-a-gobierno-de-amlo\\\/#breadcrumb\",\"itemListElement\":[{\"@type\":\"ListItem\",\"position\":1,\"name\":\"Inicio\",\"item\":\"https:\\\/\\\/www.bbmnoticias.com\\\/labravaradiofm\\\/\"},{\"@type\":\"ListItem\",\"position\":2,\"name\":\"&#8220;Con EE.UU. hay coordinaci\u00f3n, no subordinaci\u00f3n&#8221;: Sheinbaum tras cr\u00edticas de Salazar a Gobierno de AMLO\"}]},{\"@type\":\"WebSite\",\"@id\":\"https:\\\/\\\/www.bbmnoticias.com\\\/labravaradiofm\\\/#website\",\"url\":\"https:\\\/\\\/www.bbmnoticias.com\\\/labravaradiofm\\\/\",\"name\":\"LA BRAVA RADIO\",\"description\":\"Empresa productora de medios, Radiodifusi\u00f3n, Noticias, tendencias y todo lo que necesitas saber de la pol\u00edtica mexicana e internacional; entretenimiento, espect\u00e1culos, salud y mucho m\u00e1s.\",\"potentialAction\":[{\"@type\":\"SearchAction\",\"target\":{\"@type\":\"EntryPoint\",\"urlTemplate\":\"https:\\\/\\\/www.bbmnoticias.com\\\/labravaradiofm\\\/?s={search_term_string}\"},\"query-input\":{\"@type\":\"PropertyValueSpecification\",\"valueRequired\":true,\"valueName\":\"search_term_string\"}}],\"inLanguage\":\"es\"},{\"@type\":\"Person\",\"@id\":\"https:\\\/\\\/www.bbmnoticias.com\\\/labravaradiofm\\\/#\\\/schema\\\/person\\\/68a9e9036ef3c5b55aeb2b71dc8bab45\",\"name\":\"Staff\",\"image\":{\"@type\":\"ImageObject\",\"inLanguage\":\"es\",\"@id\":\"https:\\\/\\\/secure.gravatar.com\\\/avatar\\\/fdd21ad66fd8b98c407f9dee5b5e588cfe7f0d8579ec20fa6527cd59bab7f0f0?s=96&d=mm&r=g\",\"url\":\"https:\\\/\\\/secure.gravatar.com\\\/avatar\\\/fdd21ad66fd8b98c407f9dee5b5e588cfe7f0d8579ec20fa6527cd59bab7f0f0?s=96&d=mm&r=g\",\"contentUrl\":\"https:\\\/\\\/secure.gravatar.com\\\/avatar\\\/fdd21ad66fd8b98c407f9dee5b5e588cfe7f0d8579ec20fa6527cd59bab7f0f0?s=96&d=mm&r=g\",\"caption\":\"Staff\"},\"url\":\"https:\\\/\\\/www.bbmnoticias.com\\\/labravaradiofm\\\/author\\\/redaccion\\\/\"}]}<\/script>\n<!-- \/ Yoast SEO plugin. -->","yoast_head_json":{"title":"\"Con EE.UU. hay coordinaci\u00f3n, no subordinaci\u00f3n\": Sheinbaum tras cr\u00edticas de Salazar a Gobierno de AMLO - LA BRAVA RADIO","robots":{"index":"index","follow":"follow","max-snippet":"max-snippet:-1","max-image-preview":"max-image-preview:large","max-video-preview":"max-video-preview:-1"},"canonical":"https:\/\/www.bbmnoticias.com\/labravaradiofm\/2024\/11\/14\/con-ee-uu-hay-coordinacion-no-subordinacion-sheinbaum-tras-criticas-de-salazar-a-gobierno-de-amlo\/","og_locale":"es_MX","og_type":"article","og_title":"\"Con EE.UU. hay coordinaci\u00f3n, no subordinaci\u00f3n\": Sheinbaum tras cr\u00edticas de Salazar a Gobierno de AMLO - LA BRAVA RADIO","og_description":"La presidenta Claudia Sheinbaum Pardo se lanz\u00f3 contra embajador de EE.UU., en M\u00e9xico, Ken Salazar, tras sus declaraciones en la previa sobre la violencia en el pa\u00eds y las cr\u00edticas hacia el expresidente Andr\u00e9s Manuel L\u00f3pez Obrador (2018-2024) por su estrategia de seguridad de \u2018abrazos, no balazos\u2019. En la conferencia matutina de Palacio Nacional, Sheinbaum [&hellip;]","og_url":"https:\/\/www.bbmnoticias.com\/labravaradiofm\/2024\/11\/14\/con-ee-uu-hay-coordinacion-no-subordinacion-sheinbaum-tras-criticas-de-salazar-a-gobierno-de-amlo\/","og_site_name":"LA BRAVA RADIO","article_published_time":"2024-11-14T14:47:18+00:00","article_modified_time":"2024-11-14T14:47:22+00:00","og_image":[{"width":1080,"height":719,"url":"https:\/\/www.bbmnoticias.com\/labravaradiofm\/wp-content\/uploads\/sites\/5\/2024\/11\/claudia-sheinbaum-2.jpg","type":"image\/jpeg"}],"author":"Staff","twitter_card":"summary_large_image","twitter_misc":{"Escrito por":"Staff","Tiempo de lectura":"3 minutos"},"schema":{"@context":"https:\/\/schema.org","@graph":[{"@type":"Article","@id":"https:\/\/www.bbmnoticias.com\/labravaradiofm\/2024\/11\/14\/con-ee-uu-hay-coordinacion-no-subordinacion-sheinbaum-tras-criticas-de-salazar-a-gobierno-de-amlo\/#article","isPartOf":{"@id":"https:\/\/www.bbmnoticias.com\/labravaradiofm\/2024\/11\/14\/con-ee-uu-hay-coordinacion-no-subordinacion-sheinbaum-tras-criticas-de-salazar-a-gobierno-de-amlo\/"},"author":{"name":"Staff","@id":"https:\/\/www.bbmnoticias.com\/labravaradiofm\/#\/schema\/person\/68a9e9036ef3c5b55aeb2b71dc8bab45"},"headline":"&#8220;Con EE.UU. hay coordinaci\u00f3n, no subordinaci\u00f3n&#8221;: Sheinbaum tras cr\u00edticas de Salazar a Gobierno de AMLO","datePublished":"2024-11-14T14:47:18+00:00","dateModified":"2024-11-14T14:47:22+00:00","mainEntityOfPage":{"@id":"https:\/\/www.bbmnoticias.com\/labravaradiofm\/2024\/11\/14\/con-ee-uu-hay-coordinacion-no-subordinacion-sheinbaum-tras-criticas-de-salazar-a-gobierno-de-amlo\/"},"wordCount":618,"image":{"@id":"https:\/\/www.bbmnoticias.com\/labravaradiofm\/2024\/11\/14\/con-ee-uu-hay-coordinacion-no-subordinacion-sheinbaum-tras-criticas-de-salazar-a-gobierno-de-amlo\/#primaryimage"},"thumbnailUrl":"https:\/\/www.bbmnoticias.com\/labravaradiofm\/wp-content\/uploads\/sites\/5\/2024\/11\/claudia-sheinbaum-2.jpg","articleSection":["DESTACADO","NACIONAL"],"inLanguage":"es"},{"@type":"WebPage","@id":"https:\/\/www.bbmnoticias.com\/labravaradiofm\/2024\/11\/14\/con-ee-uu-hay-coordinacion-no-subordinacion-sheinbaum-tras-criticas-de-salazar-a-gobierno-de-amlo\/","url":"https:\/\/www.bbmnoticias.com\/labravaradiofm\/2024\/11\/14\/con-ee-uu-hay-coordinacion-no-subordinacion-sheinbaum-tras-criticas-de-salazar-a-gobierno-de-amlo\/","name":"\"Con EE.UU. hay coordinaci\u00f3n, no subordinaci\u00f3n\": Sheinbaum tras cr\u00edticas de Salazar a Gobierno de AMLO - LA BRAVA RADIO","isPartOf":{"@id":"https:\/\/www.bbmnoticias.com\/labravaradiofm\/#website"},"primaryImageOfPage":{"@id":"https:\/\/www.bbmnoticias.com\/labravaradiofm\/2024\/11\/14\/con-ee-uu-hay-coordinacion-no-subordinacion-sheinbaum-tras-criticas-de-salazar-a-gobierno-de-amlo\/#primaryimage"},"image":{"@id":"https:\/\/www.bbmnoticias.com\/labravaradiofm\/2024\/11\/14\/con-ee-uu-hay-coordinacion-no-subordinacion-sheinbaum-tras-criticas-de-salazar-a-gobierno-de-amlo\/#primaryimage"},"thumbnailUrl":"https:\/\/www.bbmnoticias.com\/labravaradiofm\/wp-content\/uploads\/sites\/5\/2024\/11\/claudia-sheinbaum-2.jpg","datePublished":"2024-11-14T14:47:18+00:00","dateModified":"2024-11-14T14:47:22+00:00","author":{"@id":"https:\/\/www.bbmnoticias.com\/labravaradiofm\/#\/schema\/person\/68a9e9036ef3c5b55aeb2b71dc8bab45"},"breadcrumb":{"@id":"https:\/\/www.bbmnoticias.com\/labravaradiofm\/2024\/11\/14\/con-ee-uu-hay-coordinacion-no-subordinacion-sheinbaum-tras-criticas-de-salazar-a-gobierno-de-amlo\/#breadcrumb"},"inLanguage":"es","potentialAction":[{"@type":"ReadAction","target":["https:\/\/www.bbmnoticias.com\/labravaradiofm\/2024\/11\/14\/con-ee-uu-hay-coordinacion-no-subordinacion-sheinbaum-tras-criticas-de-salazar-a-gobierno-de-amlo\/"]}]},{"@type":"ImageObject","inLanguage":"es","@id":"https:\/\/www.bbmnoticias.com\/labravaradiofm\/2024\/11\/14\/con-ee-uu-hay-coordinacion-no-subordinacion-sheinbaum-tras-criticas-de-salazar-a-gobierno-de-amlo\/#primaryimage","url":"https:\/\/www.bbmnoticias.com\/labravaradiofm\/wp-content\/uploads\/sites\/5\/2024\/11\/claudia-sheinbaum-2.jpg","contentUrl":"https:\/\/www.bbmnoticias.com\/labravaradiofm\/wp-content\/uploads\/sites\/5\/2024\/11\/claudia-sheinbaum-2.jpg","width":1080,"height":719},{"@type":"BreadcrumbList","@id":"https:\/\/www.bbmnoticias.com\/labravaradiofm\/2024\/11\/14\/con-ee-uu-hay-coordinacion-no-subordinacion-sheinbaum-tras-criticas-de-salazar-a-gobierno-de-amlo\/#breadcrumb","itemListElement":[{"@type":"ListItem","position":1,"name":"Inicio","item":"https:\/\/www.bbmnoticias.com\/labravaradiofm\/"},{"@type":"ListItem","position":2,"name":"&#8220;Con EE.UU. hay coordinaci\u00f3n, no subordinaci\u00f3n&#8221;: Sheinbaum tras cr\u00edticas de Salazar a Gobierno de AMLO"}]},{"@type":"WebSite","@id":"https:\/\/www.bbmnoticias.com\/labravaradiofm\/#website","url":"https:\/\/www.bbmnoticias.com\/labravaradiofm\/","name":"LA BRAVA RADIO","description":"Empresa productora de medios, Radiodifusi\u00f3n, Noticias, tendencias y todo lo que necesitas saber de la pol\u00edtica mexicana e internacional; entretenimiento, espect\u00e1culos, salud y mucho m\u00e1s.","potentialAction":[{"@type":"SearchAction","target":{"@type":"EntryPoint","urlTemplate":"https:\/\/www.bbmnoticias.com\/labravaradiofm\/?s={search_term_string}"},"query-input":{"@type":"PropertyValueSpecification","valueRequired":true,"valueName":"search_term_string"}}],"inLanguage":"es"},{"@type":"Person","@id":"https:\/\/www.bbmnoticias.com\/labravaradiofm\/#\/schema\/person\/68a9e9036ef3c5b55aeb2b71dc8bab45","name":"Staff","image":{"@type":"ImageObject","inLanguage":"es","@id":"https:\/\/secure.gravatar.com\/avatar\/fdd21ad66fd8b98c407f9dee5b5e588cfe7f0d8579ec20fa6527cd59bab7f0f0?s=96&d=mm&r=g","url":"https:\/\/secure.gravatar.com\/avatar\/fdd21ad66fd8b98c407f9dee5b5e588cfe7f0d8579ec20fa6527cd59bab7f0f0?s=96&d=mm&r=g","contentUrl":"https:\/\/secure.gravatar.com\/avatar\/fdd21ad66fd8b98c407f9dee5b5e588cfe7f0d8579ec20fa6527cd59bab7f0f0?s=96&d=mm&r=g","caption":"Staff"},"url":"https:\/\/www.bbmnoticias.com\/labravaradiofm\/author\/redaccion\/"}]}},"_links":{"self":[{"href":"https:\/\/www.bbmnoticias.com\/labravaradiofm\/wp-json\/wp\/v2\/posts\/50036","targetHints":{"allow":["GET"]}}],"collection":[{"href":"https:\/\/www.bbmnoticias.com\/labravaradiofm\/wp-json\/wp\/v2\/posts"}],"about":[{"href":"https:\/\/www.bbmnoticias.com\/labravaradiofm\/wp-json\/wp\/v2\/types\/post"}],"author":[{"embeddable":true,"href":"https:\/\/www.bbmnoticias.com\/labravaradiofm\/wp-json\/wp\/v2\/users\/2"}],"replies":[{"embeddable":true,"href":"https:\/\/www.bbmnoticias.com\/labravaradiofm\/wp-json\/wp\/v2\/comments?post=50036"}],"version-history":[{"count":0,"href":"https:\/\/www.bbmnoticias.com\/labravaradiofm\/wp-json\/wp\/v2\/posts\/50036\/revisions"}],"wp:featuredmedia":[{"embeddable":true,"href":"https:\/\/www.bbmnoticias.com\/labravaradiofm\/wp-json\/wp\/v2\/media\/50037"}],"wp:attachment":[{"href":"https:\/\/www.bbmnoticias.com\/labravaradiofm\/wp-json\/wp\/v2\/media?parent=50036"}],"wp:term":[{"taxonomy":"category","embeddable":true,"href":"https:\/\/www.bbmnoticias.com\/labravaradiofm\/wp-json\/wp\/v2\/categories?post=50036"},{"taxonomy":"post_tag","embeddable":true,"href":"https:\/\/www.bbmnoticias.com\/labravaradiofm\/wp-json\/wp\/v2\/tags?post=50036"}],"curies":[{"name":"wp","href":"https:\/\/api.w.org\/{rel}","templated":true}]}}