{"id":50033,"date":"2024-11-14T08:37:39","date_gmt":"2024-11-14T14:37:39","guid":{"rendered":"https:\/\/www.bbmnoticias.com\/labravaradiofm\/?p=50033"},"modified":"2024-11-14T08:37:43","modified_gmt":"2024-11-14T14:37:43","slug":"ejercito-refuerza-su-presencia-en-culiacan-con-cien-elementos-mas","status":"publish","type":"post","link":"https:\/\/www.bbmnoticias.com\/labravaradiofm\/2024\/11\/14\/ejercito-refuerza-su-presencia-en-culiacan-con-cien-elementos-mas\/","title":{"rendered":"Ej\u00e9rcito refuerza su presencia en Culiac\u00e1n con cien elementos m\u00e1s"},"content":{"rendered":"<div style=\"margin-top: 0px; margin-bottom: 0px;\" class=\"sharethis-inline-share-buttons\" ><\/div>\n<p>El <strong>Ej\u00e9rcito<\/strong> envi\u00f3 a <strong>Culiac\u00e1n<\/strong> cien elementos m\u00e1s de las <strong>Fuerzas Especiales<\/strong> para <strong>reforzar<\/strong> los operativos de <strong>seguridad<\/strong> que lleva a cabo ante la ola de violencia que enfrenta Sinaloa.<\/p>\n\n\n\n<p>Con el nuevo grupo suman <strong>dos mil 600 elementos<\/strong> de la Secretar\u00eda de la Defensa Nacional y la Guardia Nacional.<\/p>\n\n\n\n<p>Tan solo este mi\u00e9rcoles 14 personas fueron asesinadas en diversos puntos del estado.<\/p>\n\n\n\n<p>A un costado de la Maxipista Culiac\u00e1n-Mazatl\u00e1n, a la altura de la comunidad Laguna de Canachi, fueron abandonados los cuerpos de siete hombres.<\/p>\n\n\n\n<p>Todas las v\u00edctimas presentaban huellas de tortura y disparos, en tanto que dos de ellos fueron decapitados.<\/p>\n\n\n\n<p>Otras siete personas fueron asesinadas a lo largo del d\u00eda.<\/p>\n","protected":false},"excerpt":{"rendered":"<p>El Ej\u00e9rcito envi\u00f3 a Culiac\u00e1n cien elementos m\u00e1s de las Fuerzas Especiales para reforzar los operativos de seguridad que lleva a cabo ante la ola de violencia que enfrenta Sinaloa. Con el nuevo grupo suman dos mil 600 elementos de la Secretar\u00eda de la Defensa Nacional y la Guardia Nacional. Tan solo este mi\u00e9rcoles 14 [&hellip;]<\/p>\n","protected":false},"author":2,"featured_media":50034,"comment_status":"closed","ping_status":"closed","sticky":false,"template":"","format":"standard","meta":{"footnotes":""},"categories":[1025,19],"tags":[],"class_list":{"0":"post-50033","1":"post","2":"type-post","3":"status-publish","4":"format-standard","5":"has-post-thumbnail","7":"category-destacado","8":"category-nacional"},"yoast_head":"<!-- This site is optimized with the Yoast SEO plugin v27.4 - https:\/\/yoast.com\/product\/yoast-seo-wordpress\/ -->\n<title>Ej\u00e9rcito refuerza su presencia en Culiac\u00e1n con cien elementos m\u00e1s - LA BRAVA RADIO<\/title>\n<meta name=\"robots\" content=\"index, follow, max-snippet:-1, max-image-preview:large, max-video-preview:-1\" \/>\n<link rel=\"canonical\" href=\"https:\/\/www.bbmnoticias.com\/labravaradiofm\/2024\/11\/14\/ejercito-refuerza-su-presencia-en-culiacan-con-cien-elementos-mas\/\" \/>\n<meta property=\"og:locale\" content=\"es_MX\" \/>\n<meta property=\"og:type\" content=\"article\" \/>\n<meta property=\"og:title\" content=\"Ej\u00e9rcito refuerza su presencia en Culiac\u00e1n con cien elementos m\u00e1s - LA BRAVA RADIO\" \/>\n<meta property=\"og:description\" content=\"El Ej\u00e9rcito envi\u00f3 a Culiac\u00e1n cien elementos m\u00e1s de las Fuerzas Especiales para reforzar los operativos de seguridad que lleva a cabo ante la ola de violencia que enfrenta Sinaloa. Con el nuevo grupo suman dos mil 600 elementos de la Secretar\u00eda de la Defensa Nacional y la Guardia Nacional. Tan solo este mi\u00e9rcoles 14 [&hellip;]\" \/>\n<meta property=\"og:url\" content=\"https:\/\/www.bbmnoticias.com\/labravaradiofm\/2024\/11\/14\/ejercito-refuerza-su-presencia-en-culiacan-con-cien-elementos-mas\/\" \/>\n<meta property=\"og:site_name\" content=\"LA BRAVA RADIO\" \/>\n<meta property=\"article:published_time\" content=\"2024-11-14T14:37:39+00:00\" \/>\n<meta property=\"article:modified_time\" content=\"2024-11-14T14:37:43+00:00\" \/>\n<meta property=\"og:image\" content=\"https:\/\/www.bbmnoticias.com\/labravaradiofm\/wp-content\/uploads\/sites\/5\/2024\/11\/elementos-del-ejercito-que-reforzaran-seguridad-en-culiacan.webp\" \/>\n\t<meta property=\"og:image:width\" content=\"980\" \/>\n\t<meta property=\"og:image:height\" content=\"552\" \/>\n\t<meta property=\"og:image:type\" content=\"image\/webp\" \/>\n<meta name=\"author\" content=\"Staff\" \/>\n<meta name=\"twitter:card\" content=\"summary_large_image\" \/>\n<meta name=\"twitter:label1\" content=\"Escrito por\" \/>\n\t<meta name=\"twitter:data1\" content=\"Staff\" \/>\n\t<meta name=\"twitter:label2\" content=\"Tiempo de lectura\" \/>\n\t<meta name=\"twitter:data2\" content=\"1 minuto\" \/>\n<script type=\"application\/ld+json\" class=\"yoast-schema-graph\">{\"@context\":\"https:\\\/\\\/schema.org\",\"@graph\":[{\"@type\":\"Article\",\"@id\":\"https:\\\/\\\/www.bbmnoticias.com\\\/labravaradiofm\\\/2024\\\/11\\\/14\\\/ejercito-refuerza-su-presencia-en-culiacan-con-cien-elementos-mas\\\/#article\",\"isPartOf\":{\"@id\":\"https:\\\/\\\/www.bbmnoticias.com\\\/labravaradiofm\\\/2024\\\/11\\\/14\\\/ejercito-refuerza-su-presencia-en-culiacan-con-cien-elementos-mas\\\/\"},\"author\":{\"name\":\"Staff\",\"@id\":\"https:\\\/\\\/www.bbmnoticias.com\\\/labravaradiofm\\\/#\\\/schema\\\/person\\\/68a9e9036ef3c5b55aeb2b71dc8bab45\"},\"headline\":\"Ej\u00e9rcito refuerza su presencia en Culiac\u00e1n con cien elementos m\u00e1s\",\"datePublished\":\"2024-11-14T14:37:39+00:00\",\"dateModified\":\"2024-11-14T14:37:43+00:00\",\"mainEntityOfPage\":{\"@id\":\"https:\\\/\\\/www.bbmnoticias.com\\\/labravaradiofm\\\/2024\\\/11\\\/14\\\/ejercito-refuerza-su-presencia-en-culiacan-con-cien-elementos-mas\\\/\"},\"wordCount\":133,\"image\":{\"@id\":\"https:\\\/\\\/www.bbmnoticias.com\\\/labravaradiofm\\\/2024\\\/11\\\/14\\\/ejercito-refuerza-su-presencia-en-culiacan-con-cien-elementos-mas\\\/#primaryimage\"},\"thumbnailUrl\":\"https:\\\/\\\/www.bbmnoticias.com\\\/labravaradiofm\\\/wp-content\\\/uploads\\\/sites\\\/5\\\/2024\\\/11\\\/elementos-del-ejercito-que-reforzaran-seguridad-en-culiacan.webp\",\"articleSection\":[\"DESTACADO\",\"NACIONAL\"],\"inLanguage\":\"es\"},{\"@type\":\"WebPage\",\"@id\":\"https:\\\/\\\/www.bbmnoticias.com\\\/labravaradiofm\\\/2024\\\/11\\\/14\\\/ejercito-refuerza-su-presencia-en-culiacan-con-cien-elementos-mas\\\/\",\"url\":\"https:\\\/\\\/www.bbmnoticias.com\\\/labravaradiofm\\\/2024\\\/11\\\/14\\\/ejercito-refuerza-su-presencia-en-culiacan-con-cien-elementos-mas\\\/\",\"name\":\"Ej\u00e9rcito refuerza su presencia en Culiac\u00e1n con cien elementos m\u00e1s - LA BRAVA RADIO\",\"isPartOf\":{\"@id\":\"https:\\\/\\\/www.bbmnoticias.com\\\/labravaradiofm\\\/#website\"},\"primaryImageOfPage\":{\"@id\":\"https:\\\/\\\/www.bbmnoticias.com\\\/labravaradiofm\\\/2024\\\/11\\\/14\\\/ejercito-refuerza-su-presencia-en-culiacan-con-cien-elementos-mas\\\/#primaryimage\"},\"image\":{\"@id\":\"https:\\\/\\\/www.bbmnoticias.com\\\/labravaradiofm\\\/2024\\\/11\\\/14\\\/ejercito-refuerza-su-presencia-en-culiacan-con-cien-elementos-mas\\\/#primaryimage\"},\"thumbnailUrl\":\"https:\\\/\\\/www.bbmnoticias.com\\\/labravaradiofm\\\/wp-content\\\/uploads\\\/sites\\\/5\\\/2024\\\/11\\\/elementos-del-ejercito-que-reforzaran-seguridad-en-culiacan.webp\",\"datePublished\":\"2024-11-14T14:37:39+00:00\",\"dateModified\":\"2024-11-14T14:37:43+00:00\",\"author\":{\"@id\":\"https:\\\/\\\/www.bbmnoticias.com\\\/labravaradiofm\\\/#\\\/schema\\\/person\\\/68a9e9036ef3c5b55aeb2b71dc8bab45\"},\"breadcrumb\":{\"@id\":\"https:\\\/\\\/www.bbmnoticias.com\\\/labravaradiofm\\\/2024\\\/11\\\/14\\\/ejercito-refuerza-su-presencia-en-culiacan-con-cien-elementos-mas\\\/#breadcrumb\"},\"inLanguage\":\"es\",\"potentialAction\":[{\"@type\":\"ReadAction\",\"target\":[\"https:\\\/\\\/www.bbmnoticias.com\\\/labravaradiofm\\\/2024\\\/11\\\/14\\\/ejercito-refuerza-su-presencia-en-culiacan-con-cien-elementos-mas\\\/\"]}]},{\"@type\":\"ImageObject\",\"inLanguage\":\"es\",\"@id\":\"https:\\\/\\\/www.bbmnoticias.com\\\/labravaradiofm\\\/2024\\\/11\\\/14\\\/ejercito-refuerza-su-presencia-en-culiacan-con-cien-elementos-mas\\\/#primaryimage\",\"url\":\"https:\\\/\\\/www.bbmnoticias.com\\\/labravaradiofm\\\/wp-content\\\/uploads\\\/sites\\\/5\\\/2024\\\/11\\\/elementos-del-ejercito-que-reforzaran-seguridad-en-culiacan.webp\",\"contentUrl\":\"https:\\\/\\\/www.bbmnoticias.com\\\/labravaradiofm\\\/wp-content\\\/uploads\\\/sites\\\/5\\\/2024\\\/11\\\/elementos-del-ejercito-que-reforzaran-seguridad-en-culiacan.webp\",\"width\":980,\"height\":552},{\"@type\":\"BreadcrumbList\",\"@id\":\"https:\\\/\\\/www.bbmnoticias.com\\\/labravaradiofm\\\/2024\\\/11\\\/14\\\/ejercito-refuerza-su-presencia-en-culiacan-con-cien-elementos-mas\\\/#breadcrumb\",\"itemListElement\":[{\"@type\":\"ListItem\",\"position\":1,\"name\":\"Inicio\",\"item\":\"https:\\\/\\\/www.bbmnoticias.com\\\/labravaradiofm\\\/\"},{\"@type\":\"ListItem\",\"position\":2,\"name\":\"Ej\u00e9rcito refuerza su presencia en Culiac\u00e1n con cien elementos m\u00e1s\"}]},{\"@type\":\"WebSite\",\"@id\":\"https:\\\/\\\/www.bbmnoticias.com\\\/labravaradiofm\\\/#website\",\"url\":\"https:\\\/\\\/www.bbmnoticias.com\\\/labravaradiofm\\\/\",\"name\":\"LA BRAVA RADIO\",\"description\":\"Empresa productora de medios, Radiodifusi\u00f3n, Noticias, tendencias y todo lo que necesitas saber de la pol\u00edtica mexicana e internacional; entretenimiento, espect\u00e1culos, salud y mucho m\u00e1s.\",\"potentialAction\":[{\"@type\":\"SearchAction\",\"target\":{\"@type\":\"EntryPoint\",\"urlTemplate\":\"https:\\\/\\\/www.bbmnoticias.com\\\/labravaradiofm\\\/?s={search_term_string}\"},\"query-input\":{\"@type\":\"PropertyValueSpecification\",\"valueRequired\":true,\"valueName\":\"search_term_string\"}}],\"inLanguage\":\"es\"},{\"@type\":\"Person\",\"@id\":\"https:\\\/\\\/www.bbmnoticias.com\\\/labravaradiofm\\\/#\\\/schema\\\/person\\\/68a9e9036ef3c5b55aeb2b71dc8bab45\",\"name\":\"Staff\",\"image\":{\"@type\":\"ImageObject\",\"inLanguage\":\"es\",\"@id\":\"https:\\\/\\\/secure.gravatar.com\\\/avatar\\\/fdd21ad66fd8b98c407f9dee5b5e588cfe7f0d8579ec20fa6527cd59bab7f0f0?s=96&d=mm&r=g\",\"url\":\"https:\\\/\\\/secure.gravatar.com\\\/avatar\\\/fdd21ad66fd8b98c407f9dee5b5e588cfe7f0d8579ec20fa6527cd59bab7f0f0?s=96&d=mm&r=g\",\"contentUrl\":\"https:\\\/\\\/secure.gravatar.com\\\/avatar\\\/fdd21ad66fd8b98c407f9dee5b5e588cfe7f0d8579ec20fa6527cd59bab7f0f0?s=96&d=mm&r=g\",\"caption\":\"Staff\"},\"url\":\"https:\\\/\\\/www.bbmnoticias.com\\\/labravaradiofm\\\/author\\\/redaccion\\\/\"}]}<\/script>\n<!-- \/ Yoast SEO plugin. -->","yoast_head_json":{"title":"Ej\u00e9rcito refuerza su presencia en Culiac\u00e1n con cien elementos m\u00e1s - LA BRAVA RADIO","robots":{"index":"index","follow":"follow","max-snippet":"max-snippet:-1","max-image-preview":"max-image-preview:large","max-video-preview":"max-video-preview:-1"},"canonical":"https:\/\/www.bbmnoticias.com\/labravaradiofm\/2024\/11\/14\/ejercito-refuerza-su-presencia-en-culiacan-con-cien-elementos-mas\/","og_locale":"es_MX","og_type":"article","og_title":"Ej\u00e9rcito refuerza su presencia en Culiac\u00e1n con cien elementos m\u00e1s - LA BRAVA RADIO","og_description":"El Ej\u00e9rcito envi\u00f3 a Culiac\u00e1n cien elementos m\u00e1s de las Fuerzas Especiales para reforzar los operativos de seguridad que lleva a cabo ante la ola de violencia que enfrenta Sinaloa. Con el nuevo grupo suman dos mil 600 elementos de la Secretar\u00eda de la Defensa Nacional y la Guardia Nacional. Tan solo este mi\u00e9rcoles 14 [&hellip;]","og_url":"https:\/\/www.bbmnoticias.com\/labravaradiofm\/2024\/11\/14\/ejercito-refuerza-su-presencia-en-culiacan-con-cien-elementos-mas\/","og_site_name":"LA BRAVA RADIO","article_published_time":"2024-11-14T14:37:39+00:00","article_modified_time":"2024-11-14T14:37:43+00:00","og_image":[{"width":980,"height":552,"url":"https:\/\/www.bbmnoticias.com\/labravaradiofm\/wp-content\/uploads\/sites\/5\/2024\/11\/elementos-del-ejercito-que-reforzaran-seguridad-en-culiacan.webp","type":"image\/webp"}],"author":"Staff","twitter_card":"summary_large_image","twitter_misc":{"Escrito por":"Staff","Tiempo de lectura":"1 minuto"},"schema":{"@context":"https:\/\/schema.org","@graph":[{"@type":"Article","@id":"https:\/\/www.bbmnoticias.com\/labravaradiofm\/2024\/11\/14\/ejercito-refuerza-su-presencia-en-culiacan-con-cien-elementos-mas\/#article","isPartOf":{"@id":"https:\/\/www.bbmnoticias.com\/labravaradiofm\/2024\/11\/14\/ejercito-refuerza-su-presencia-en-culiacan-con-cien-elementos-mas\/"},"author":{"name":"Staff","@id":"https:\/\/www.bbmnoticias.com\/labravaradiofm\/#\/schema\/person\/68a9e9036ef3c5b55aeb2b71dc8bab45"},"headline":"Ej\u00e9rcito refuerza su presencia en Culiac\u00e1n con cien elementos m\u00e1s","datePublished":"2024-11-14T14:37:39+00:00","dateModified":"2024-11-14T14:37:43+00:00","mainEntityOfPage":{"@id":"https:\/\/www.bbmnoticias.com\/labravaradiofm\/2024\/11\/14\/ejercito-refuerza-su-presencia-en-culiacan-con-cien-elementos-mas\/"},"wordCount":133,"image":{"@id":"https:\/\/www.bbmnoticias.com\/labravaradiofm\/2024\/11\/14\/ejercito-refuerza-su-presencia-en-culiacan-con-cien-elementos-mas\/#primaryimage"},"thumbnailUrl":"https:\/\/www.bbmnoticias.com\/labravaradiofm\/wp-content\/uploads\/sites\/5\/2024\/11\/elementos-del-ejercito-que-reforzaran-seguridad-en-culiacan.webp","articleSection":["DESTACADO","NACIONAL"],"inLanguage":"es"},{"@type":"WebPage","@id":"https:\/\/www.bbmnoticias.com\/labravaradiofm\/2024\/11\/14\/ejercito-refuerza-su-presencia-en-culiacan-con-cien-elementos-mas\/","url":"https:\/\/www.bbmnoticias.com\/labravaradiofm\/2024\/11\/14\/ejercito-refuerza-su-presencia-en-culiacan-con-cien-elementos-mas\/","name":"Ej\u00e9rcito refuerza su presencia en Culiac\u00e1n con cien elementos m\u00e1s - LA BRAVA RADIO","isPartOf":{"@id":"https:\/\/www.bbmnoticias.com\/labravaradiofm\/#website"},"primaryImageOfPage":{"@id":"https:\/\/www.bbmnoticias.com\/labravaradiofm\/2024\/11\/14\/ejercito-refuerza-su-presencia-en-culiacan-con-cien-elementos-mas\/#primaryimage"},"image":{"@id":"https:\/\/www.bbmnoticias.com\/labravaradiofm\/2024\/11\/14\/ejercito-refuerza-su-presencia-en-culiacan-con-cien-elementos-mas\/#primaryimage"},"thumbnailUrl":"https:\/\/www.bbmnoticias.com\/labravaradiofm\/wp-content\/uploads\/sites\/5\/2024\/11\/elementos-del-ejercito-que-reforzaran-seguridad-en-culiacan.webp","datePublished":"2024-11-14T14:37:39+00:00","dateModified":"2024-11-14T14:37:43+00:00","author":{"@id":"https:\/\/www.bbmnoticias.com\/labravaradiofm\/#\/schema\/person\/68a9e9036ef3c5b55aeb2b71dc8bab45"},"breadcrumb":{"@id":"https:\/\/www.bbmnoticias.com\/labravaradiofm\/2024\/11\/14\/ejercito-refuerza-su-presencia-en-culiacan-con-cien-elementos-mas\/#breadcrumb"},"inLanguage":"es","potentialAction":[{"@type":"ReadAction","target":["https:\/\/www.bbmnoticias.com\/labravaradiofm\/2024\/11\/14\/ejercito-refuerza-su-presencia-en-culiacan-con-cien-elementos-mas\/"]}]},{"@type":"ImageObject","inLanguage":"es","@id":"https:\/\/www.bbmnoticias.com\/labravaradiofm\/2024\/11\/14\/ejercito-refuerza-su-presencia-en-culiacan-con-cien-elementos-mas\/#primaryimage","url":"https:\/\/www.bbmnoticias.com\/labravaradiofm\/wp-content\/uploads\/sites\/5\/2024\/11\/elementos-del-ejercito-que-reforzaran-seguridad-en-culiacan.webp","contentUrl":"https:\/\/www.bbmnoticias.com\/labravaradiofm\/wp-content\/uploads\/sites\/5\/2024\/11\/elementos-del-ejercito-que-reforzaran-seguridad-en-culiacan.webp","width":980,"height":552},{"@type":"BreadcrumbList","@id":"https:\/\/www.bbmnoticias.com\/labravaradiofm\/2024\/11\/14\/ejercito-refuerza-su-presencia-en-culiacan-con-cien-elementos-mas\/#breadcrumb","itemListElement":[{"@type":"ListItem","position":1,"name":"Inicio","item":"https:\/\/www.bbmnoticias.com\/labravaradiofm\/"},{"@type":"ListItem","position":2,"name":"Ej\u00e9rcito refuerza su presencia en Culiac\u00e1n con cien elementos m\u00e1s"}]},{"@type":"WebSite","@id":"https:\/\/www.bbmnoticias.com\/labravaradiofm\/#website","url":"https:\/\/www.bbmnoticias.com\/labravaradiofm\/","name":"LA BRAVA RADIO","description":"Empresa productora de medios, Radiodifusi\u00f3n, Noticias, tendencias y todo lo que necesitas saber de la pol\u00edtica mexicana e internacional; entretenimiento, espect\u00e1culos, salud y mucho m\u00e1s.","potentialAction":[{"@type":"SearchAction","target":{"@type":"EntryPoint","urlTemplate":"https:\/\/www.bbmnoticias.com\/labravaradiofm\/?s={search_term_string}"},"query-input":{"@type":"PropertyValueSpecification","valueRequired":true,"valueName":"search_term_string"}}],"inLanguage":"es"},{"@type":"Person","@id":"https:\/\/www.bbmnoticias.com\/labravaradiofm\/#\/schema\/person\/68a9e9036ef3c5b55aeb2b71dc8bab45","name":"Staff","image":{"@type":"ImageObject","inLanguage":"es","@id":"https:\/\/secure.gravatar.com\/avatar\/fdd21ad66fd8b98c407f9dee5b5e588cfe7f0d8579ec20fa6527cd59bab7f0f0?s=96&d=mm&r=g","url":"https:\/\/secure.gravatar.com\/avatar\/fdd21ad66fd8b98c407f9dee5b5e588cfe7f0d8579ec20fa6527cd59bab7f0f0?s=96&d=mm&r=g","contentUrl":"https:\/\/secure.gravatar.com\/avatar\/fdd21ad66fd8b98c407f9dee5b5e588cfe7f0d8579ec20fa6527cd59bab7f0f0?s=96&d=mm&r=g","caption":"Staff"},"url":"https:\/\/www.bbmnoticias.com\/labravaradiofm\/author\/redaccion\/"}]}},"_links":{"self":[{"href":"https:\/\/www.bbmnoticias.com\/labravaradiofm\/wp-json\/wp\/v2\/posts\/50033","targetHints":{"allow":["GET"]}}],"collection":[{"href":"https:\/\/www.bbmnoticias.com\/labravaradiofm\/wp-json\/wp\/v2\/posts"}],"about":[{"href":"https:\/\/www.bbmnoticias.com\/labravaradiofm\/wp-json\/wp\/v2\/types\/post"}],"author":[{"embeddable":true,"href":"https:\/\/www.bbmnoticias.com\/labravaradiofm\/wp-json\/wp\/v2\/users\/2"}],"replies":[{"embeddable":true,"href":"https:\/\/www.bbmnoticias.com\/labravaradiofm\/wp-json\/wp\/v2\/comments?post=50033"}],"version-history":[{"count":0,"href":"https:\/\/www.bbmnoticias.com\/labravaradiofm\/wp-json\/wp\/v2\/posts\/50033\/revisions"}],"wp:featuredmedia":[{"embeddable":true,"href":"https:\/\/www.bbmnoticias.com\/labravaradiofm\/wp-json\/wp\/v2\/media\/50034"}],"wp:attachment":[{"href":"https:\/\/www.bbmnoticias.com\/labravaradiofm\/wp-json\/wp\/v2\/media?parent=50033"}],"wp:term":[{"taxonomy":"category","embeddable":true,"href":"https:\/\/www.bbmnoticias.com\/labravaradiofm\/wp-json\/wp\/v2\/categories?post=50033"},{"taxonomy":"post_tag","embeddable":true,"href":"https:\/\/www.bbmnoticias.com\/labravaradiofm\/wp-json\/wp\/v2\/tags?post=50033"}],"curies":[{"name":"wp","href":"https:\/\/api.w.org\/{rel}","templated":true}]}}