{"id":50026,"date":"2024-11-13T19:22:02","date_gmt":"2024-11-14T01:22:02","guid":{"rendered":"https:\/\/www.bbmnoticias.com\/labravaradiofm\/?p=50026"},"modified":"2024-11-13T19:22:07","modified_gmt":"2024-11-14T01:22:07","slug":"senado-avala-super-secretaria-de-seguridad-de-harfuch","status":"publish","type":"post","link":"https:\/\/www.bbmnoticias.com\/labravaradiofm\/2024\/11\/13\/senado-avala-super-secretaria-de-seguridad-de-harfuch\/","title":{"rendered":"Senado avala &#8220;S\u00faper Secretar\u00eda de Seguridad&#8221; de Harfuch"},"content":{"rendered":"<div style=\"margin-top: 0px; margin-bottom: 0px;\" class=\"sharethis-inline-share-buttons\" ><\/div>\n<p>Por unanimidad de 120 votos, el Pleno del <strong>Senado de la Rep\u00fablica<\/strong> aval\u00f3 en lo general una r<strong>eforma constitucional<\/strong> para dotar de m\u00e1s facultades a la Secretar\u00eda de Seguridad y Protecci\u00f3n Ciudadana (SSPC), a cargo de Omar Garc\u00eda Harfuch, incluso para realizar labores de inteligencia, as\u00ed como coordinar y dirigir la <strong>Estrategia\u00a0Nacional de Seguridad P\u00fablica<\/strong> en todo el pa\u00eds.\u00a0<\/p>\n\n\n\n<p>En la presentaci\u00f3n de la reforma enviada por la presidenta <strong>Claudia Sheinbaum Pardo, <\/strong>la presidenta de la Comisi\u00f3n de Estudios Legislativos, Primera, <strong>Simey Olvera Bautista, <\/strong>destac\u00f3 que se fortalece el mando civil, toda vez que deja que la SSPC coordinen y dirija la Estrategia Nacional de Seguridad P\u00fablica y auxiliar\u00e1 a la Presidenta de la Rep\u00fablica en el ejercicio de las funciones en materia de seguridad nacional.<\/p>\n\n\n\n<figure class=\"wp-block-pullquote\"><blockquote><p>\u201cLa reforma en materia de seguridad busca garantizar la estrategia nacional de seguridad, que tenga una correcta implementaci\u00f3n por medio de la directriz de la Secretar\u00eda de Seguridad y Protecci\u00f3n Ciudadana, que encabeza Omar Garc\u00eda Harfuch\u201d, indic\u00f3.\u00a0<br>Asimismo, la reforma al art\u00edculo 21 de la Constituci\u00f3n avalada por Morena, PAN, PRI, PT y PVEM, pone \u00e9nfasis en vigilar los fondos de ayuda federal para la seguridad p\u00fablica, los cuales ahora ser\u00e1n auditados y, su debido ejercicio, ser\u00e1 vigilado a trav\u00e9s de su Secretariado Ejecutivo<\/p><\/blockquote><\/figure>\n\n\n\n<p>\u201cDeterminar que la investigaci\u00f3n de los delitos corresponder\u00e1 adem\u00e1s del Ministerio P\u00fablico, a la secretar\u00eda del ramo de seguridad p\u00fablica del Ejecutivo Federal, a la Guardia Nacional y a las polic\u00edas, en el \u00e1mbito de su competencia\u201d, indica la reforma.&nbsp;<\/p>\n\n\n\n<h2 class=\"wp-block-heading\">Detalla nueva estrategia de seguridad<\/h2>\n\n\n\n<p>Aunque la oposici\u00f3n remarc\u00f3 que la estrategia de seguridad p\u00fablica de abrazos no balazos no ha funcionado, votaron a favor para que la estrategia nacional de seguridad tenga en realidad un mando civil, y no militar.&nbsp;<\/p>\n\n\n\n<figure class=\"wp-block-image\"><img decoding=\"async\" src=\"https:\/\/heraldodemexico.com.mx\/u\/fotografias\/m\/2024\/11\/13\/f768x1-1041844_1041971_5050.png\" alt=\"\"\/><figcaption class=\"wp-element-caption\">Foto: X @senadomexicano<\/figcaption><\/figure>\n\n\n\n<p>El coordinador de Movimiento Ciudadano en el Senado, Clemente Casta\u00f1eda, afirm\u00f3 que el voto de MC es a favor, pero va acompa\u00f1ado de una exigencia firme: \u201cNo vuelvan a desperdiciar la oportunidad que se les est\u00e1 dando para cambiar el rumbo del pa\u00eds\u201d.&nbsp;<\/p>\n\n\n\n<figure class=\"wp-block-pullquote\"><blockquote><p>\u201cDesde aqu\u00ed nos sumamos a hacer un esfuerzo en com\u00fan para construir un esquema de coordinaci\u00f3n, de inteligencia, de fortalecimiento presupuestal y que el control y evaluaci\u00f3n de todos estos instrumentos recaigan en el poder civil\u201d, expres\u00f3.<\/p><\/blockquote><\/figure>\n\n\n\n<p>Por el PRI, el senador Rolando Zapata Bello, sostuvo que el voto priista es a favor como muestra de la voluntad pol\u00edtica e institucional para impulsar el \u00e9xito de esta apuesta por la seguridad, \u201cporque consideramos, que en la lucha contra la inseguridad siempre debe haber un espacio para la unidad nacional y ninguna grieta por donde se cuele el ego\u00edsmo pol\u00edtico\u201d.<\/p>\n\n\n\n<p>La coordinadora del PAN en el Senado, <strong>Guadalupe<\/strong> <strong>Murgu\u00eda<\/strong>, destac\u00f3 que con esta reforma se facultan a esta Secretar\u00eda de Seguridad y Protecci\u00f3n Ciudadana a que participe en la investigaci\u00f3n del delito, bajo el mando y Coordinaci\u00f3n del Ministerio P\u00fablico.<\/p>\n\n\n\n<figure class=\"wp-block-pullquote\"><blockquote><p>\u201cIgualmente la Secretar\u00eda de Seguridad formular\u00e1 la estrategia nacional de seguridad, pero tambi\u00e9n la dirigir\u00e1 y la evaluar\u00e1, tendr\u00e1 a su cargo el Sistema Nacional de Inteligencia, precisamente en materia de seguridad\u201d, dijo la panista.<\/p><\/blockquote><\/figure>\n\n\n\n<p>La reforma pasa a la C\u00e1mara de Diputados, tambi\u00e9n indica que a la SSPC le corresponder\u00e1 la coordinaci\u00f3n del sistema nacional de inteligencia en materia de seguridad p\u00fablica, y podr\u00e1 coordinar acciones de colaboraci\u00f3n de los tres \u00f3rdenes de gobierno, a trav\u00e9s de las instituciones de seguridad p\u00fablica, los cuales deber\u00e1n proporcionar la informaci\u00f3n de que dispongan en la materia conforme a la ley.&nbsp;<\/p>\n\n\n\n<p>Incluso, la dependencia a cargo de Garc\u00eda Harfuch podr\u00e1 solicitar informaci\u00f3n a las instituciones y dependencias del Estado para la identificaci\u00f3n y esclarecimiento de los hechos presuntamente constitutivos de delitos.<\/p>\n","protected":false},"excerpt":{"rendered":"<p>Por unanimidad de 120 votos, el Pleno del Senado de la Rep\u00fablica aval\u00f3 en lo general una reforma constitucional para dotar de m\u00e1s facultades a la Secretar\u00eda de Seguridad y Protecci\u00f3n Ciudadana (SSPC), a cargo de Omar Garc\u00eda Harfuch, incluso para realizar labores de inteligencia, as\u00ed como coordinar y dirigir la Estrategia\u00a0Nacional de Seguridad P\u00fablica [&hellip;]<\/p>\n","protected":false},"author":2,"featured_media":50027,"comment_status":"closed","ping_status":"closed","sticky":false,"template":"","format":"standard","meta":{"footnotes":""},"categories":[1025,19],"tags":[],"class_list":{"0":"post-50026","1":"post","2":"type-post","3":"status-publish","4":"format-standard","5":"has-post-thumbnail","7":"category-destacado","8":"category-nacional"},"yoast_head":"<!-- This site is optimized with the Yoast SEO plugin v27.4 - https:\/\/yoast.com\/product\/yoast-seo-wordpress\/ -->\n<title>Senado avala &quot;S\u00faper Secretar\u00eda de Seguridad&quot; de Harfuch - LA BRAVA RADIO<\/title>\n<meta name=\"robots\" content=\"index, follow, max-snippet:-1, max-image-preview:large, max-video-preview:-1\" \/>\n<link rel=\"canonical\" href=\"https:\/\/www.bbmnoticias.com\/labravaradiofm\/2024\/11\/13\/senado-avala-super-secretaria-de-seguridad-de-harfuch\/\" \/>\n<meta property=\"og:locale\" content=\"es_MX\" \/>\n<meta property=\"og:type\" content=\"article\" \/>\n<meta property=\"og:title\" content=\"Senado avala &quot;S\u00faper Secretar\u00eda de Seguridad&quot; de Harfuch - LA BRAVA RADIO\" \/>\n<meta property=\"og:description\" content=\"Por unanimidad de 120 votos, el Pleno del Senado de la Rep\u00fablica aval\u00f3 en lo general una reforma constitucional para dotar de m\u00e1s facultades a la Secretar\u00eda de Seguridad y Protecci\u00f3n Ciudadana (SSPC), a cargo de Omar Garc\u00eda Harfuch, incluso para realizar labores de inteligencia, as\u00ed como coordinar y dirigir la Estrategia\u00a0Nacional de Seguridad P\u00fablica [&hellip;]\" \/>\n<meta property=\"og:url\" content=\"https:\/\/www.bbmnoticias.com\/labravaradiofm\/2024\/11\/13\/senado-avala-super-secretaria-de-seguridad-de-harfuch\/\" \/>\n<meta property=\"og:site_name\" content=\"LA BRAVA RADIO\" \/>\n<meta property=\"article:published_time\" content=\"2024-11-14T01:22:02+00:00\" \/>\n<meta property=\"article:modified_time\" content=\"2024-11-14T01:22:07+00:00\" \/>\n<meta property=\"og:image\" content=\"https:\/\/www.bbmnoticias.com\/labravaradiofm\/wp-content\/uploads\/sites\/5\/2024\/11\/supersecretaria.jpg\" \/>\n\t<meta property=\"og:image:width\" content=\"960\" \/>\n\t<meta property=\"og:image:height\" content=\"540\" \/>\n\t<meta property=\"og:image:type\" content=\"image\/jpeg\" \/>\n<meta name=\"author\" content=\"Staff\" \/>\n<meta name=\"twitter:card\" content=\"summary_large_image\" \/>\n<meta name=\"twitter:label1\" content=\"Escrito por\" \/>\n\t<meta name=\"twitter:data1\" content=\"Staff\" \/>\n\t<meta name=\"twitter:label2\" content=\"Tiempo de lectura\" \/>\n\t<meta name=\"twitter:data2\" content=\"3 minutos\" \/>\n<script type=\"application\/ld+json\" class=\"yoast-schema-graph\">{\"@context\":\"https:\\\/\\\/schema.org\",\"@graph\":[{\"@type\":\"Article\",\"@id\":\"https:\\\/\\\/www.bbmnoticias.com\\\/labravaradiofm\\\/2024\\\/11\\\/13\\\/senado-avala-super-secretaria-de-seguridad-de-harfuch\\\/#article\",\"isPartOf\":{\"@id\":\"https:\\\/\\\/www.bbmnoticias.com\\\/labravaradiofm\\\/2024\\\/11\\\/13\\\/senado-avala-super-secretaria-de-seguridad-de-harfuch\\\/\"},\"author\":{\"name\":\"Staff\",\"@id\":\"https:\\\/\\\/www.bbmnoticias.com\\\/labravaradiofm\\\/#\\\/schema\\\/person\\\/68a9e9036ef3c5b55aeb2b71dc8bab45\"},\"headline\":\"Senado avala &#8220;S\u00faper Secretar\u00eda de Seguridad&#8221; de Harfuch\",\"datePublished\":\"2024-11-14T01:22:02+00:00\",\"dateModified\":\"2024-11-14T01:22:07+00:00\",\"mainEntityOfPage\":{\"@id\":\"https:\\\/\\\/www.bbmnoticias.com\\\/labravaradiofm\\\/2024\\\/11\\\/13\\\/senado-avala-super-secretaria-de-seguridad-de-harfuch\\\/\"},\"wordCount\":675,\"image\":{\"@id\":\"https:\\\/\\\/www.bbmnoticias.com\\\/labravaradiofm\\\/2024\\\/11\\\/13\\\/senado-avala-super-secretaria-de-seguridad-de-harfuch\\\/#primaryimage\"},\"thumbnailUrl\":\"https:\\\/\\\/www.bbmnoticias.com\\\/labravaradiofm\\\/wp-content\\\/uploads\\\/sites\\\/5\\\/2024\\\/11\\\/supersecretaria.jpg\",\"articleSection\":[\"DESTACADO\",\"NACIONAL\"],\"inLanguage\":\"es\"},{\"@type\":\"WebPage\",\"@id\":\"https:\\\/\\\/www.bbmnoticias.com\\\/labravaradiofm\\\/2024\\\/11\\\/13\\\/senado-avala-super-secretaria-de-seguridad-de-harfuch\\\/\",\"url\":\"https:\\\/\\\/www.bbmnoticias.com\\\/labravaradiofm\\\/2024\\\/11\\\/13\\\/senado-avala-super-secretaria-de-seguridad-de-harfuch\\\/\",\"name\":\"Senado avala \\\"S\u00faper Secretar\u00eda de Seguridad\\\" de Harfuch - LA BRAVA RADIO\",\"isPartOf\":{\"@id\":\"https:\\\/\\\/www.bbmnoticias.com\\\/labravaradiofm\\\/#website\"},\"primaryImageOfPage\":{\"@id\":\"https:\\\/\\\/www.bbmnoticias.com\\\/labravaradiofm\\\/2024\\\/11\\\/13\\\/senado-avala-super-secretaria-de-seguridad-de-harfuch\\\/#primaryimage\"},\"image\":{\"@id\":\"https:\\\/\\\/www.bbmnoticias.com\\\/labravaradiofm\\\/2024\\\/11\\\/13\\\/senado-avala-super-secretaria-de-seguridad-de-harfuch\\\/#primaryimage\"},\"thumbnailUrl\":\"https:\\\/\\\/www.bbmnoticias.com\\\/labravaradiofm\\\/wp-content\\\/uploads\\\/sites\\\/5\\\/2024\\\/11\\\/supersecretaria.jpg\",\"datePublished\":\"2024-11-14T01:22:02+00:00\",\"dateModified\":\"2024-11-14T01:22:07+00:00\",\"author\":{\"@id\":\"https:\\\/\\\/www.bbmnoticias.com\\\/labravaradiofm\\\/#\\\/schema\\\/person\\\/68a9e9036ef3c5b55aeb2b71dc8bab45\"},\"breadcrumb\":{\"@id\":\"https:\\\/\\\/www.bbmnoticias.com\\\/labravaradiofm\\\/2024\\\/11\\\/13\\\/senado-avala-super-secretaria-de-seguridad-de-harfuch\\\/#breadcrumb\"},\"inLanguage\":\"es\",\"potentialAction\":[{\"@type\":\"ReadAction\",\"target\":[\"https:\\\/\\\/www.bbmnoticias.com\\\/labravaradiofm\\\/2024\\\/11\\\/13\\\/senado-avala-super-secretaria-de-seguridad-de-harfuch\\\/\"]}]},{\"@type\":\"ImageObject\",\"inLanguage\":\"es\",\"@id\":\"https:\\\/\\\/www.bbmnoticias.com\\\/labravaradiofm\\\/2024\\\/11\\\/13\\\/senado-avala-super-secretaria-de-seguridad-de-harfuch\\\/#primaryimage\",\"url\":\"https:\\\/\\\/www.bbmnoticias.com\\\/labravaradiofm\\\/wp-content\\\/uploads\\\/sites\\\/5\\\/2024\\\/11\\\/supersecretaria.jpg\",\"contentUrl\":\"https:\\\/\\\/www.bbmnoticias.com\\\/labravaradiofm\\\/wp-content\\\/uploads\\\/sites\\\/5\\\/2024\\\/11\\\/supersecretaria.jpg\",\"width\":960,\"height\":540},{\"@type\":\"BreadcrumbList\",\"@id\":\"https:\\\/\\\/www.bbmnoticias.com\\\/labravaradiofm\\\/2024\\\/11\\\/13\\\/senado-avala-super-secretaria-de-seguridad-de-harfuch\\\/#breadcrumb\",\"itemListElement\":[{\"@type\":\"ListItem\",\"position\":1,\"name\":\"Inicio\",\"item\":\"https:\\\/\\\/www.bbmnoticias.com\\\/labravaradiofm\\\/\"},{\"@type\":\"ListItem\",\"position\":2,\"name\":\"Senado avala &#8220;S\u00faper Secretar\u00eda de Seguridad&#8221; de Harfuch\"}]},{\"@type\":\"WebSite\",\"@id\":\"https:\\\/\\\/www.bbmnoticias.com\\\/labravaradiofm\\\/#website\",\"url\":\"https:\\\/\\\/www.bbmnoticias.com\\\/labravaradiofm\\\/\",\"name\":\"LA BRAVA RADIO\",\"description\":\"Empresa productora de medios, Radiodifusi\u00f3n, Noticias, tendencias y todo lo que necesitas saber de la pol\u00edtica mexicana e internacional; entretenimiento, espect\u00e1culos, salud y mucho m\u00e1s.\",\"potentialAction\":[{\"@type\":\"SearchAction\",\"target\":{\"@type\":\"EntryPoint\",\"urlTemplate\":\"https:\\\/\\\/www.bbmnoticias.com\\\/labravaradiofm\\\/?s={search_term_string}\"},\"query-input\":{\"@type\":\"PropertyValueSpecification\",\"valueRequired\":true,\"valueName\":\"search_term_string\"}}],\"inLanguage\":\"es\"},{\"@type\":\"Person\",\"@id\":\"https:\\\/\\\/www.bbmnoticias.com\\\/labravaradiofm\\\/#\\\/schema\\\/person\\\/68a9e9036ef3c5b55aeb2b71dc8bab45\",\"name\":\"Staff\",\"image\":{\"@type\":\"ImageObject\",\"inLanguage\":\"es\",\"@id\":\"https:\\\/\\\/secure.gravatar.com\\\/avatar\\\/fdd21ad66fd8b98c407f9dee5b5e588cfe7f0d8579ec20fa6527cd59bab7f0f0?s=96&d=mm&r=g\",\"url\":\"https:\\\/\\\/secure.gravatar.com\\\/avatar\\\/fdd21ad66fd8b98c407f9dee5b5e588cfe7f0d8579ec20fa6527cd59bab7f0f0?s=96&d=mm&r=g\",\"contentUrl\":\"https:\\\/\\\/secure.gravatar.com\\\/avatar\\\/fdd21ad66fd8b98c407f9dee5b5e588cfe7f0d8579ec20fa6527cd59bab7f0f0?s=96&d=mm&r=g\",\"caption\":\"Staff\"},\"url\":\"https:\\\/\\\/www.bbmnoticias.com\\\/labravaradiofm\\\/author\\\/redaccion\\\/\"}]}<\/script>\n<!-- \/ Yoast SEO plugin. -->","yoast_head_json":{"title":"Senado avala \"S\u00faper Secretar\u00eda de Seguridad\" de Harfuch - LA BRAVA RADIO","robots":{"index":"index","follow":"follow","max-snippet":"max-snippet:-1","max-image-preview":"max-image-preview:large","max-video-preview":"max-video-preview:-1"},"canonical":"https:\/\/www.bbmnoticias.com\/labravaradiofm\/2024\/11\/13\/senado-avala-super-secretaria-de-seguridad-de-harfuch\/","og_locale":"es_MX","og_type":"article","og_title":"Senado avala \"S\u00faper Secretar\u00eda de Seguridad\" de Harfuch - LA BRAVA RADIO","og_description":"Por unanimidad de 120 votos, el Pleno del Senado de la Rep\u00fablica aval\u00f3 en lo general una reforma constitucional para dotar de m\u00e1s facultades a la Secretar\u00eda de Seguridad y Protecci\u00f3n Ciudadana (SSPC), a cargo de Omar Garc\u00eda Harfuch, incluso para realizar labores de inteligencia, as\u00ed como coordinar y dirigir la Estrategia\u00a0Nacional de Seguridad P\u00fablica [&hellip;]","og_url":"https:\/\/www.bbmnoticias.com\/labravaradiofm\/2024\/11\/13\/senado-avala-super-secretaria-de-seguridad-de-harfuch\/","og_site_name":"LA BRAVA RADIO","article_published_time":"2024-11-14T01:22:02+00:00","article_modified_time":"2024-11-14T01:22:07+00:00","og_image":[{"width":960,"height":540,"url":"https:\/\/www.bbmnoticias.com\/labravaradiofm\/wp-content\/uploads\/sites\/5\/2024\/11\/supersecretaria.jpg","type":"image\/jpeg"}],"author":"Staff","twitter_card":"summary_large_image","twitter_misc":{"Escrito por":"Staff","Tiempo de lectura":"3 minutos"},"schema":{"@context":"https:\/\/schema.org","@graph":[{"@type":"Article","@id":"https:\/\/www.bbmnoticias.com\/labravaradiofm\/2024\/11\/13\/senado-avala-super-secretaria-de-seguridad-de-harfuch\/#article","isPartOf":{"@id":"https:\/\/www.bbmnoticias.com\/labravaradiofm\/2024\/11\/13\/senado-avala-super-secretaria-de-seguridad-de-harfuch\/"},"author":{"name":"Staff","@id":"https:\/\/www.bbmnoticias.com\/labravaradiofm\/#\/schema\/person\/68a9e9036ef3c5b55aeb2b71dc8bab45"},"headline":"Senado avala &#8220;S\u00faper Secretar\u00eda de Seguridad&#8221; de Harfuch","datePublished":"2024-11-14T01:22:02+00:00","dateModified":"2024-11-14T01:22:07+00:00","mainEntityOfPage":{"@id":"https:\/\/www.bbmnoticias.com\/labravaradiofm\/2024\/11\/13\/senado-avala-super-secretaria-de-seguridad-de-harfuch\/"},"wordCount":675,"image":{"@id":"https:\/\/www.bbmnoticias.com\/labravaradiofm\/2024\/11\/13\/senado-avala-super-secretaria-de-seguridad-de-harfuch\/#primaryimage"},"thumbnailUrl":"https:\/\/www.bbmnoticias.com\/labravaradiofm\/wp-content\/uploads\/sites\/5\/2024\/11\/supersecretaria.jpg","articleSection":["DESTACADO","NACIONAL"],"inLanguage":"es"},{"@type":"WebPage","@id":"https:\/\/www.bbmnoticias.com\/labravaradiofm\/2024\/11\/13\/senado-avala-super-secretaria-de-seguridad-de-harfuch\/","url":"https:\/\/www.bbmnoticias.com\/labravaradiofm\/2024\/11\/13\/senado-avala-super-secretaria-de-seguridad-de-harfuch\/","name":"Senado avala \"S\u00faper Secretar\u00eda de Seguridad\" de Harfuch - LA BRAVA RADIO","isPartOf":{"@id":"https:\/\/www.bbmnoticias.com\/labravaradiofm\/#website"},"primaryImageOfPage":{"@id":"https:\/\/www.bbmnoticias.com\/labravaradiofm\/2024\/11\/13\/senado-avala-super-secretaria-de-seguridad-de-harfuch\/#primaryimage"},"image":{"@id":"https:\/\/www.bbmnoticias.com\/labravaradiofm\/2024\/11\/13\/senado-avala-super-secretaria-de-seguridad-de-harfuch\/#primaryimage"},"thumbnailUrl":"https:\/\/www.bbmnoticias.com\/labravaradiofm\/wp-content\/uploads\/sites\/5\/2024\/11\/supersecretaria.jpg","datePublished":"2024-11-14T01:22:02+00:00","dateModified":"2024-11-14T01:22:07+00:00","author":{"@id":"https:\/\/www.bbmnoticias.com\/labravaradiofm\/#\/schema\/person\/68a9e9036ef3c5b55aeb2b71dc8bab45"},"breadcrumb":{"@id":"https:\/\/www.bbmnoticias.com\/labravaradiofm\/2024\/11\/13\/senado-avala-super-secretaria-de-seguridad-de-harfuch\/#breadcrumb"},"inLanguage":"es","potentialAction":[{"@type":"ReadAction","target":["https:\/\/www.bbmnoticias.com\/labravaradiofm\/2024\/11\/13\/senado-avala-super-secretaria-de-seguridad-de-harfuch\/"]}]},{"@type":"ImageObject","inLanguage":"es","@id":"https:\/\/www.bbmnoticias.com\/labravaradiofm\/2024\/11\/13\/senado-avala-super-secretaria-de-seguridad-de-harfuch\/#primaryimage","url":"https:\/\/www.bbmnoticias.com\/labravaradiofm\/wp-content\/uploads\/sites\/5\/2024\/11\/supersecretaria.jpg","contentUrl":"https:\/\/www.bbmnoticias.com\/labravaradiofm\/wp-content\/uploads\/sites\/5\/2024\/11\/supersecretaria.jpg","width":960,"height":540},{"@type":"BreadcrumbList","@id":"https:\/\/www.bbmnoticias.com\/labravaradiofm\/2024\/11\/13\/senado-avala-super-secretaria-de-seguridad-de-harfuch\/#breadcrumb","itemListElement":[{"@type":"ListItem","position":1,"name":"Inicio","item":"https:\/\/www.bbmnoticias.com\/labravaradiofm\/"},{"@type":"ListItem","position":2,"name":"Senado avala &#8220;S\u00faper Secretar\u00eda de Seguridad&#8221; de Harfuch"}]},{"@type":"WebSite","@id":"https:\/\/www.bbmnoticias.com\/labravaradiofm\/#website","url":"https:\/\/www.bbmnoticias.com\/labravaradiofm\/","name":"LA BRAVA RADIO","description":"Empresa productora de medios, Radiodifusi\u00f3n, Noticias, tendencias y todo lo que necesitas saber de la pol\u00edtica mexicana e internacional; entretenimiento, espect\u00e1culos, salud y mucho m\u00e1s.","potentialAction":[{"@type":"SearchAction","target":{"@type":"EntryPoint","urlTemplate":"https:\/\/www.bbmnoticias.com\/labravaradiofm\/?s={search_term_string}"},"query-input":{"@type":"PropertyValueSpecification","valueRequired":true,"valueName":"search_term_string"}}],"inLanguage":"es"},{"@type":"Person","@id":"https:\/\/www.bbmnoticias.com\/labravaradiofm\/#\/schema\/person\/68a9e9036ef3c5b55aeb2b71dc8bab45","name":"Staff","image":{"@type":"ImageObject","inLanguage":"es","@id":"https:\/\/secure.gravatar.com\/avatar\/fdd21ad66fd8b98c407f9dee5b5e588cfe7f0d8579ec20fa6527cd59bab7f0f0?s=96&d=mm&r=g","url":"https:\/\/secure.gravatar.com\/avatar\/fdd21ad66fd8b98c407f9dee5b5e588cfe7f0d8579ec20fa6527cd59bab7f0f0?s=96&d=mm&r=g","contentUrl":"https:\/\/secure.gravatar.com\/avatar\/fdd21ad66fd8b98c407f9dee5b5e588cfe7f0d8579ec20fa6527cd59bab7f0f0?s=96&d=mm&r=g","caption":"Staff"},"url":"https:\/\/www.bbmnoticias.com\/labravaradiofm\/author\/redaccion\/"}]}},"_links":{"self":[{"href":"https:\/\/www.bbmnoticias.com\/labravaradiofm\/wp-json\/wp\/v2\/posts\/50026","targetHints":{"allow":["GET"]}}],"collection":[{"href":"https:\/\/www.bbmnoticias.com\/labravaradiofm\/wp-json\/wp\/v2\/posts"}],"about":[{"href":"https:\/\/www.bbmnoticias.com\/labravaradiofm\/wp-json\/wp\/v2\/types\/post"}],"author":[{"embeddable":true,"href":"https:\/\/www.bbmnoticias.com\/labravaradiofm\/wp-json\/wp\/v2\/users\/2"}],"replies":[{"embeddable":true,"href":"https:\/\/www.bbmnoticias.com\/labravaradiofm\/wp-json\/wp\/v2\/comments?post=50026"}],"version-history":[{"count":0,"href":"https:\/\/www.bbmnoticias.com\/labravaradiofm\/wp-json\/wp\/v2\/posts\/50026\/revisions"}],"wp:featuredmedia":[{"embeddable":true,"href":"https:\/\/www.bbmnoticias.com\/labravaradiofm\/wp-json\/wp\/v2\/media\/50027"}],"wp:attachment":[{"href":"https:\/\/www.bbmnoticias.com\/labravaradiofm\/wp-json\/wp\/v2\/media?parent=50026"}],"wp:term":[{"taxonomy":"category","embeddable":true,"href":"https:\/\/www.bbmnoticias.com\/labravaradiofm\/wp-json\/wp\/v2\/categories?post=50026"},{"taxonomy":"post_tag","embeddable":true,"href":"https:\/\/www.bbmnoticias.com\/labravaradiofm\/wp-json\/wp\/v2\/tags?post=50026"}],"curies":[{"name":"wp","href":"https:\/\/api.w.org\/{rel}","templated":true}]}}