{"id":49995,"date":"2024-11-13T12:23:15","date_gmt":"2024-11-13T18:23:15","guid":{"rendered":"https:\/\/www.bbmnoticias.com\/labravaradiofm\/?p=49995"},"modified":"2024-11-13T12:23:18","modified_gmt":"2024-11-13T18:23:18","slug":"invita-monte-de-piedad-a-la-venta-especial-de-alhajas-articulos-varios-y-vehiculos","status":"publish","type":"post","link":"https:\/\/www.bbmnoticias.com\/labravaradiofm\/2024\/11\/13\/invita-monte-de-piedad-a-la-venta-especial-de-alhajas-articulos-varios-y-vehiculos\/","title":{"rendered":"Invita Monte de Piedad a la venta especial de alhajas, art\u00edculos varios y veh\u00edculos"},"content":{"rendered":"<div style=\"margin-top: 0px; margin-bottom: 0px;\" class=\"sharethis-inline-share-buttons\" ><\/div>\n<p><em>Este 15 y 16 de noviembre, la instituci\u00f3n contar\u00e1 con descuentos especiales en sus m\u00e1s de 20 sucursales de la entidad<\/em><\/p>\n\n\n\n<p><strong>Oaxaca de Ju\u00e1rez, Oax.-<\/strong> El Monte de Piedad del Estado de Oaxaca hace una cordial invitaci\u00f3n a la ciudadan\u00eda en general para que participen en la venta especial que se llevar\u00e1 a cabo este viernes 15 y s\u00e1bado 16 de noviembre en las diversas sucursales de la entidad.<\/p>\n\n\n\n<p>As\u00ed lo dio a conocer el director general, Omar Juli\u00e1n Juli\u00e1n, quien precis\u00f3 que la instituci\u00f3n prendaria se une a las actividades del \u201cBuen Fin\u201d, para que las familias oaxaque\u00f1as aprovechen los precios especiales que se tendr\u00e1n estos d\u00edas.<\/p>\n\n\n\n<p>\u201cEste a\u00f1o nuevamente nos unimos a este fin de semana largo, ofreciendo en nuestras \u00e1reas de Almoneda descuentos de hasta 10 por ciento en alhajas, 20 por ciento en veh\u00edculos y 35 por ciento en art\u00edculos varios\u201d, recalc\u00f3.<\/p>\n\n\n\n<p>Cabe se\u00f1alar que, esta venta especial se llevar\u00e1 a cabo en las m\u00e1s de 20 sucursales de la entidad, la cual dar\u00e1 inicio este viernes en un horario de 08:30 a 16:00 horas y s\u00e1bado de 09:00 a 13:00 horas.<\/p>\n\n\n\n<p>Entre las piezas que se pueden encontrar est\u00e1n cadenas, aretes, anillos, dijes, consolas de videojuegos, televisiones, aparatos de sonido, trajes regionales, computadoras, tablets, celulares, instrumentos musicales, herramientas, motocicletas, autom\u00f3viles y camionetas.<\/p>\n\n\n\n<p>Para m\u00e1s informaci\u00f3n, las personas interesadas podr\u00e1n comunicarse v\u00eda telef\u00f3nica a la oficina matriz al n\u00famero (951) 501 62 67, por WhatsApp 951 110 30 79 y a trav\u00e9s de las redes sociales institucionales.<\/p>\n","protected":false},"excerpt":{"rendered":"<p>Este 15 y 16 de noviembre, la instituci\u00f3n contar\u00e1 con descuentos especiales en sus m\u00e1s de 20 sucursales de la entidad Oaxaca de Ju\u00e1rez, Oax.- El Monte de Piedad del Estado de Oaxaca hace una cordial invitaci\u00f3n a la ciudadan\u00eda en general para que participen en la venta especial que se llevar\u00e1 a cabo este [&hellip;]<\/p>\n","protected":false},"author":2,"featured_media":49996,"comment_status":"closed","ping_status":"closed","sticky":false,"template":"","format":"standard","meta":{"footnotes":""},"categories":[2],"tags":[],"class_list":{"0":"post-49995","1":"post","2":"type-post","3":"status-publish","4":"format-standard","5":"has-post-thumbnail","7":"category-oaxaca"},"yoast_head":"<!-- This site is optimized with the Yoast SEO plugin v27.4 - https:\/\/yoast.com\/product\/yoast-seo-wordpress\/ -->\n<title>Invita Monte de Piedad a la venta especial de alhajas, art\u00edculos varios y veh\u00edculos - LA BRAVA RADIO<\/title>\n<meta name=\"robots\" content=\"index, follow, max-snippet:-1, max-image-preview:large, max-video-preview:-1\" \/>\n<link rel=\"canonical\" href=\"https:\/\/www.bbmnoticias.com\/labravaradiofm\/2024\/11\/13\/invita-monte-de-piedad-a-la-venta-especial-de-alhajas-articulos-varios-y-vehiculos\/\" \/>\n<meta property=\"og:locale\" content=\"es_MX\" \/>\n<meta property=\"og:type\" content=\"article\" \/>\n<meta property=\"og:title\" content=\"Invita Monte de Piedad a la venta especial de alhajas, art\u00edculos varios y veh\u00edculos - LA BRAVA RADIO\" \/>\n<meta property=\"og:description\" content=\"Este 15 y 16 de noviembre, la instituci\u00f3n contar\u00e1 con descuentos especiales en sus m\u00e1s de 20 sucursales de la entidad Oaxaca de Ju\u00e1rez, Oax.- El Monte de Piedad del Estado de Oaxaca hace una cordial invitaci\u00f3n a la ciudadan\u00eda en general para que participen en la venta especial que se llevar\u00e1 a cabo este [&hellip;]\" \/>\n<meta property=\"og:url\" content=\"https:\/\/www.bbmnoticias.com\/labravaradiofm\/2024\/11\/13\/invita-monte-de-piedad-a-la-venta-especial-de-alhajas-articulos-varios-y-vehiculos\/\" \/>\n<meta property=\"og:site_name\" content=\"LA BRAVA RADIO\" \/>\n<meta property=\"article:published_time\" content=\"2024-11-13T18:23:15+00:00\" \/>\n<meta property=\"article:modified_time\" content=\"2024-11-13T18:23:18+00:00\" \/>\n<meta property=\"og:image\" content=\"https:\/\/www.bbmnoticias.com\/labravaradiofm\/wp-content\/uploads\/sites\/5\/2024\/11\/thumbnail_Invita-Monte-de-Piedad-a-la-venta-especial-de-alhajas-articulos-varios-y-vehiculos-3.jpg\" \/>\n\t<meta property=\"og:image:width\" content=\"789\" \/>\n\t<meta property=\"og:image:height\" content=\"900\" \/>\n\t<meta property=\"og:image:type\" content=\"image\/jpeg\" \/>\n<meta name=\"author\" content=\"Staff\" \/>\n<meta name=\"twitter:card\" content=\"summary_large_image\" \/>\n<meta name=\"twitter:label1\" content=\"Escrito por\" \/>\n\t<meta name=\"twitter:data1\" content=\"Staff\" \/>\n\t<meta name=\"twitter:label2\" content=\"Tiempo de lectura\" \/>\n\t<meta name=\"twitter:data2\" content=\"2 minutos\" \/>\n<script type=\"application\/ld+json\" class=\"yoast-schema-graph\">{\"@context\":\"https:\\\/\\\/schema.org\",\"@graph\":[{\"@type\":\"Article\",\"@id\":\"https:\\\/\\\/www.bbmnoticias.com\\\/labravaradiofm\\\/2024\\\/11\\\/13\\\/invita-monte-de-piedad-a-la-venta-especial-de-alhajas-articulos-varios-y-vehiculos\\\/#article\",\"isPartOf\":{\"@id\":\"https:\\\/\\\/www.bbmnoticias.com\\\/labravaradiofm\\\/2024\\\/11\\\/13\\\/invita-monte-de-piedad-a-la-venta-especial-de-alhajas-articulos-varios-y-vehiculos\\\/\"},\"author\":{\"name\":\"Staff\",\"@id\":\"https:\\\/\\\/www.bbmnoticias.com\\\/labravaradiofm\\\/#\\\/schema\\\/person\\\/68a9e9036ef3c5b55aeb2b71dc8bab45\"},\"headline\":\"Invita Monte de Piedad a la venta especial de alhajas, art\u00edculos varios y veh\u00edculos\",\"datePublished\":\"2024-11-13T18:23:15+00:00\",\"dateModified\":\"2024-11-13T18:23:18+00:00\",\"mainEntityOfPage\":{\"@id\":\"https:\\\/\\\/www.bbmnoticias.com\\\/labravaradiofm\\\/2024\\\/11\\\/13\\\/invita-monte-de-piedad-a-la-venta-especial-de-alhajas-articulos-varios-y-vehiculos\\\/\"},\"wordCount\":274,\"image\":{\"@id\":\"https:\\\/\\\/www.bbmnoticias.com\\\/labravaradiofm\\\/2024\\\/11\\\/13\\\/invita-monte-de-piedad-a-la-venta-especial-de-alhajas-articulos-varios-y-vehiculos\\\/#primaryimage\"},\"thumbnailUrl\":\"https:\\\/\\\/www.bbmnoticias.com\\\/labravaradiofm\\\/wp-content\\\/uploads\\\/sites\\\/5\\\/2024\\\/11\\\/thumbnail_Invita-Monte-de-Piedad-a-la-venta-especial-de-alhajas-articulos-varios-y-vehiculos-3.jpg\",\"articleSection\":[\"LOCAL\"],\"inLanguage\":\"es\"},{\"@type\":\"WebPage\",\"@id\":\"https:\\\/\\\/www.bbmnoticias.com\\\/labravaradiofm\\\/2024\\\/11\\\/13\\\/invita-monte-de-piedad-a-la-venta-especial-de-alhajas-articulos-varios-y-vehiculos\\\/\",\"url\":\"https:\\\/\\\/www.bbmnoticias.com\\\/labravaradiofm\\\/2024\\\/11\\\/13\\\/invita-monte-de-piedad-a-la-venta-especial-de-alhajas-articulos-varios-y-vehiculos\\\/\",\"name\":\"Invita Monte de Piedad a la venta especial de alhajas, art\u00edculos varios y veh\u00edculos - LA BRAVA RADIO\",\"isPartOf\":{\"@id\":\"https:\\\/\\\/www.bbmnoticias.com\\\/labravaradiofm\\\/#website\"},\"primaryImageOfPage\":{\"@id\":\"https:\\\/\\\/www.bbmnoticias.com\\\/labravaradiofm\\\/2024\\\/11\\\/13\\\/invita-monte-de-piedad-a-la-venta-especial-de-alhajas-articulos-varios-y-vehiculos\\\/#primaryimage\"},\"image\":{\"@id\":\"https:\\\/\\\/www.bbmnoticias.com\\\/labravaradiofm\\\/2024\\\/11\\\/13\\\/invita-monte-de-piedad-a-la-venta-especial-de-alhajas-articulos-varios-y-vehiculos\\\/#primaryimage\"},\"thumbnailUrl\":\"https:\\\/\\\/www.bbmnoticias.com\\\/labravaradiofm\\\/wp-content\\\/uploads\\\/sites\\\/5\\\/2024\\\/11\\\/thumbnail_Invita-Monte-de-Piedad-a-la-venta-especial-de-alhajas-articulos-varios-y-vehiculos-3.jpg\",\"datePublished\":\"2024-11-13T18:23:15+00:00\",\"dateModified\":\"2024-11-13T18:23:18+00:00\",\"author\":{\"@id\":\"https:\\\/\\\/www.bbmnoticias.com\\\/labravaradiofm\\\/#\\\/schema\\\/person\\\/68a9e9036ef3c5b55aeb2b71dc8bab45\"},\"breadcrumb\":{\"@id\":\"https:\\\/\\\/www.bbmnoticias.com\\\/labravaradiofm\\\/2024\\\/11\\\/13\\\/invita-monte-de-piedad-a-la-venta-especial-de-alhajas-articulos-varios-y-vehiculos\\\/#breadcrumb\"},\"inLanguage\":\"es\",\"potentialAction\":[{\"@type\":\"ReadAction\",\"target\":[\"https:\\\/\\\/www.bbmnoticias.com\\\/labravaradiofm\\\/2024\\\/11\\\/13\\\/invita-monte-de-piedad-a-la-venta-especial-de-alhajas-articulos-varios-y-vehiculos\\\/\"]}]},{\"@type\":\"ImageObject\",\"inLanguage\":\"es\",\"@id\":\"https:\\\/\\\/www.bbmnoticias.com\\\/labravaradiofm\\\/2024\\\/11\\\/13\\\/invita-monte-de-piedad-a-la-venta-especial-de-alhajas-articulos-varios-y-vehiculos\\\/#primaryimage\",\"url\":\"https:\\\/\\\/www.bbmnoticias.com\\\/labravaradiofm\\\/wp-content\\\/uploads\\\/sites\\\/5\\\/2024\\\/11\\\/thumbnail_Invita-Monte-de-Piedad-a-la-venta-especial-de-alhajas-articulos-varios-y-vehiculos-3.jpg\",\"contentUrl\":\"https:\\\/\\\/www.bbmnoticias.com\\\/labravaradiofm\\\/wp-content\\\/uploads\\\/sites\\\/5\\\/2024\\\/11\\\/thumbnail_Invita-Monte-de-Piedad-a-la-venta-especial-de-alhajas-articulos-varios-y-vehiculos-3.jpg\",\"width\":789,\"height\":900},{\"@type\":\"BreadcrumbList\",\"@id\":\"https:\\\/\\\/www.bbmnoticias.com\\\/labravaradiofm\\\/2024\\\/11\\\/13\\\/invita-monte-de-piedad-a-la-venta-especial-de-alhajas-articulos-varios-y-vehiculos\\\/#breadcrumb\",\"itemListElement\":[{\"@type\":\"ListItem\",\"position\":1,\"name\":\"Inicio\",\"item\":\"https:\\\/\\\/www.bbmnoticias.com\\\/labravaradiofm\\\/\"},{\"@type\":\"ListItem\",\"position\":2,\"name\":\"Invita Monte de Piedad a la venta especial de alhajas, art\u00edculos varios y veh\u00edculos\"}]},{\"@type\":\"WebSite\",\"@id\":\"https:\\\/\\\/www.bbmnoticias.com\\\/labravaradiofm\\\/#website\",\"url\":\"https:\\\/\\\/www.bbmnoticias.com\\\/labravaradiofm\\\/\",\"name\":\"LA BRAVA RADIO\",\"description\":\"Empresa productora de medios, Radiodifusi\u00f3n, Noticias, tendencias y todo lo que necesitas saber de la pol\u00edtica mexicana e internacional; entretenimiento, espect\u00e1culos, salud y mucho m\u00e1s.\",\"potentialAction\":[{\"@type\":\"SearchAction\",\"target\":{\"@type\":\"EntryPoint\",\"urlTemplate\":\"https:\\\/\\\/www.bbmnoticias.com\\\/labravaradiofm\\\/?s={search_term_string}\"},\"query-input\":{\"@type\":\"PropertyValueSpecification\",\"valueRequired\":true,\"valueName\":\"search_term_string\"}}],\"inLanguage\":\"es\"},{\"@type\":\"Person\",\"@id\":\"https:\\\/\\\/www.bbmnoticias.com\\\/labravaradiofm\\\/#\\\/schema\\\/person\\\/68a9e9036ef3c5b55aeb2b71dc8bab45\",\"name\":\"Staff\",\"image\":{\"@type\":\"ImageObject\",\"inLanguage\":\"es\",\"@id\":\"https:\\\/\\\/secure.gravatar.com\\\/avatar\\\/fdd21ad66fd8b98c407f9dee5b5e588cfe7f0d8579ec20fa6527cd59bab7f0f0?s=96&d=mm&r=g\",\"url\":\"https:\\\/\\\/secure.gravatar.com\\\/avatar\\\/fdd21ad66fd8b98c407f9dee5b5e588cfe7f0d8579ec20fa6527cd59bab7f0f0?s=96&d=mm&r=g\",\"contentUrl\":\"https:\\\/\\\/secure.gravatar.com\\\/avatar\\\/fdd21ad66fd8b98c407f9dee5b5e588cfe7f0d8579ec20fa6527cd59bab7f0f0?s=96&d=mm&r=g\",\"caption\":\"Staff\"},\"url\":\"https:\\\/\\\/www.bbmnoticias.com\\\/labravaradiofm\\\/author\\\/redaccion\\\/\"}]}<\/script>\n<!-- \/ Yoast SEO plugin. -->","yoast_head_json":{"title":"Invita Monte de Piedad a la venta especial de alhajas, art\u00edculos varios y veh\u00edculos - LA BRAVA RADIO","robots":{"index":"index","follow":"follow","max-snippet":"max-snippet:-1","max-image-preview":"max-image-preview:large","max-video-preview":"max-video-preview:-1"},"canonical":"https:\/\/www.bbmnoticias.com\/labravaradiofm\/2024\/11\/13\/invita-monte-de-piedad-a-la-venta-especial-de-alhajas-articulos-varios-y-vehiculos\/","og_locale":"es_MX","og_type":"article","og_title":"Invita Monte de Piedad a la venta especial de alhajas, art\u00edculos varios y veh\u00edculos - LA BRAVA RADIO","og_description":"Este 15 y 16 de noviembre, la instituci\u00f3n contar\u00e1 con descuentos especiales en sus m\u00e1s de 20 sucursales de la entidad Oaxaca de Ju\u00e1rez, Oax.- El Monte de Piedad del Estado de Oaxaca hace una cordial invitaci\u00f3n a la ciudadan\u00eda en general para que participen en la venta especial que se llevar\u00e1 a cabo este [&hellip;]","og_url":"https:\/\/www.bbmnoticias.com\/labravaradiofm\/2024\/11\/13\/invita-monte-de-piedad-a-la-venta-especial-de-alhajas-articulos-varios-y-vehiculos\/","og_site_name":"LA BRAVA RADIO","article_published_time":"2024-11-13T18:23:15+00:00","article_modified_time":"2024-11-13T18:23:18+00:00","og_image":[{"width":789,"height":900,"url":"https:\/\/www.bbmnoticias.com\/labravaradiofm\/wp-content\/uploads\/sites\/5\/2024\/11\/thumbnail_Invita-Monte-de-Piedad-a-la-venta-especial-de-alhajas-articulos-varios-y-vehiculos-3.jpg","type":"image\/jpeg"}],"author":"Staff","twitter_card":"summary_large_image","twitter_misc":{"Escrito por":"Staff","Tiempo de lectura":"2 minutos"},"schema":{"@context":"https:\/\/schema.org","@graph":[{"@type":"Article","@id":"https:\/\/www.bbmnoticias.com\/labravaradiofm\/2024\/11\/13\/invita-monte-de-piedad-a-la-venta-especial-de-alhajas-articulos-varios-y-vehiculos\/#article","isPartOf":{"@id":"https:\/\/www.bbmnoticias.com\/labravaradiofm\/2024\/11\/13\/invita-monte-de-piedad-a-la-venta-especial-de-alhajas-articulos-varios-y-vehiculos\/"},"author":{"name":"Staff","@id":"https:\/\/www.bbmnoticias.com\/labravaradiofm\/#\/schema\/person\/68a9e9036ef3c5b55aeb2b71dc8bab45"},"headline":"Invita Monte de Piedad a la venta especial de alhajas, art\u00edculos varios y veh\u00edculos","datePublished":"2024-11-13T18:23:15+00:00","dateModified":"2024-11-13T18:23:18+00:00","mainEntityOfPage":{"@id":"https:\/\/www.bbmnoticias.com\/labravaradiofm\/2024\/11\/13\/invita-monte-de-piedad-a-la-venta-especial-de-alhajas-articulos-varios-y-vehiculos\/"},"wordCount":274,"image":{"@id":"https:\/\/www.bbmnoticias.com\/labravaradiofm\/2024\/11\/13\/invita-monte-de-piedad-a-la-venta-especial-de-alhajas-articulos-varios-y-vehiculos\/#primaryimage"},"thumbnailUrl":"https:\/\/www.bbmnoticias.com\/labravaradiofm\/wp-content\/uploads\/sites\/5\/2024\/11\/thumbnail_Invita-Monte-de-Piedad-a-la-venta-especial-de-alhajas-articulos-varios-y-vehiculos-3.jpg","articleSection":["LOCAL"],"inLanguage":"es"},{"@type":"WebPage","@id":"https:\/\/www.bbmnoticias.com\/labravaradiofm\/2024\/11\/13\/invita-monte-de-piedad-a-la-venta-especial-de-alhajas-articulos-varios-y-vehiculos\/","url":"https:\/\/www.bbmnoticias.com\/labravaradiofm\/2024\/11\/13\/invita-monte-de-piedad-a-la-venta-especial-de-alhajas-articulos-varios-y-vehiculos\/","name":"Invita Monte de Piedad a la venta especial de alhajas, art\u00edculos varios y veh\u00edculos - LA BRAVA RADIO","isPartOf":{"@id":"https:\/\/www.bbmnoticias.com\/labravaradiofm\/#website"},"primaryImageOfPage":{"@id":"https:\/\/www.bbmnoticias.com\/labravaradiofm\/2024\/11\/13\/invita-monte-de-piedad-a-la-venta-especial-de-alhajas-articulos-varios-y-vehiculos\/#primaryimage"},"image":{"@id":"https:\/\/www.bbmnoticias.com\/labravaradiofm\/2024\/11\/13\/invita-monte-de-piedad-a-la-venta-especial-de-alhajas-articulos-varios-y-vehiculos\/#primaryimage"},"thumbnailUrl":"https:\/\/www.bbmnoticias.com\/labravaradiofm\/wp-content\/uploads\/sites\/5\/2024\/11\/thumbnail_Invita-Monte-de-Piedad-a-la-venta-especial-de-alhajas-articulos-varios-y-vehiculos-3.jpg","datePublished":"2024-11-13T18:23:15+00:00","dateModified":"2024-11-13T18:23:18+00:00","author":{"@id":"https:\/\/www.bbmnoticias.com\/labravaradiofm\/#\/schema\/person\/68a9e9036ef3c5b55aeb2b71dc8bab45"},"breadcrumb":{"@id":"https:\/\/www.bbmnoticias.com\/labravaradiofm\/2024\/11\/13\/invita-monte-de-piedad-a-la-venta-especial-de-alhajas-articulos-varios-y-vehiculos\/#breadcrumb"},"inLanguage":"es","potentialAction":[{"@type":"ReadAction","target":["https:\/\/www.bbmnoticias.com\/labravaradiofm\/2024\/11\/13\/invita-monte-de-piedad-a-la-venta-especial-de-alhajas-articulos-varios-y-vehiculos\/"]}]},{"@type":"ImageObject","inLanguage":"es","@id":"https:\/\/www.bbmnoticias.com\/labravaradiofm\/2024\/11\/13\/invita-monte-de-piedad-a-la-venta-especial-de-alhajas-articulos-varios-y-vehiculos\/#primaryimage","url":"https:\/\/www.bbmnoticias.com\/labravaradiofm\/wp-content\/uploads\/sites\/5\/2024\/11\/thumbnail_Invita-Monte-de-Piedad-a-la-venta-especial-de-alhajas-articulos-varios-y-vehiculos-3.jpg","contentUrl":"https:\/\/www.bbmnoticias.com\/labravaradiofm\/wp-content\/uploads\/sites\/5\/2024\/11\/thumbnail_Invita-Monte-de-Piedad-a-la-venta-especial-de-alhajas-articulos-varios-y-vehiculos-3.jpg","width":789,"height":900},{"@type":"BreadcrumbList","@id":"https:\/\/www.bbmnoticias.com\/labravaradiofm\/2024\/11\/13\/invita-monte-de-piedad-a-la-venta-especial-de-alhajas-articulos-varios-y-vehiculos\/#breadcrumb","itemListElement":[{"@type":"ListItem","position":1,"name":"Inicio","item":"https:\/\/www.bbmnoticias.com\/labravaradiofm\/"},{"@type":"ListItem","position":2,"name":"Invita Monte de Piedad a la venta especial de alhajas, art\u00edculos varios y veh\u00edculos"}]},{"@type":"WebSite","@id":"https:\/\/www.bbmnoticias.com\/labravaradiofm\/#website","url":"https:\/\/www.bbmnoticias.com\/labravaradiofm\/","name":"LA BRAVA RADIO","description":"Empresa productora de medios, Radiodifusi\u00f3n, Noticias, tendencias y todo lo que necesitas saber de la pol\u00edtica mexicana e internacional; entretenimiento, espect\u00e1culos, salud y mucho m\u00e1s.","potentialAction":[{"@type":"SearchAction","target":{"@type":"EntryPoint","urlTemplate":"https:\/\/www.bbmnoticias.com\/labravaradiofm\/?s={search_term_string}"},"query-input":{"@type":"PropertyValueSpecification","valueRequired":true,"valueName":"search_term_string"}}],"inLanguage":"es"},{"@type":"Person","@id":"https:\/\/www.bbmnoticias.com\/labravaradiofm\/#\/schema\/person\/68a9e9036ef3c5b55aeb2b71dc8bab45","name":"Staff","image":{"@type":"ImageObject","inLanguage":"es","@id":"https:\/\/secure.gravatar.com\/avatar\/fdd21ad66fd8b98c407f9dee5b5e588cfe7f0d8579ec20fa6527cd59bab7f0f0?s=96&d=mm&r=g","url":"https:\/\/secure.gravatar.com\/avatar\/fdd21ad66fd8b98c407f9dee5b5e588cfe7f0d8579ec20fa6527cd59bab7f0f0?s=96&d=mm&r=g","contentUrl":"https:\/\/secure.gravatar.com\/avatar\/fdd21ad66fd8b98c407f9dee5b5e588cfe7f0d8579ec20fa6527cd59bab7f0f0?s=96&d=mm&r=g","caption":"Staff"},"url":"https:\/\/www.bbmnoticias.com\/labravaradiofm\/author\/redaccion\/"}]}},"_links":{"self":[{"href":"https:\/\/www.bbmnoticias.com\/labravaradiofm\/wp-json\/wp\/v2\/posts\/49995","targetHints":{"allow":["GET"]}}],"collection":[{"href":"https:\/\/www.bbmnoticias.com\/labravaradiofm\/wp-json\/wp\/v2\/posts"}],"about":[{"href":"https:\/\/www.bbmnoticias.com\/labravaradiofm\/wp-json\/wp\/v2\/types\/post"}],"author":[{"embeddable":true,"href":"https:\/\/www.bbmnoticias.com\/labravaradiofm\/wp-json\/wp\/v2\/users\/2"}],"replies":[{"embeddable":true,"href":"https:\/\/www.bbmnoticias.com\/labravaradiofm\/wp-json\/wp\/v2\/comments?post=49995"}],"version-history":[{"count":0,"href":"https:\/\/www.bbmnoticias.com\/labravaradiofm\/wp-json\/wp\/v2\/posts\/49995\/revisions"}],"wp:featuredmedia":[{"embeddable":true,"href":"https:\/\/www.bbmnoticias.com\/labravaradiofm\/wp-json\/wp\/v2\/media\/49996"}],"wp:attachment":[{"href":"https:\/\/www.bbmnoticias.com\/labravaradiofm\/wp-json\/wp\/v2\/media?parent=49995"}],"wp:term":[{"taxonomy":"category","embeddable":true,"href":"https:\/\/www.bbmnoticias.com\/labravaradiofm\/wp-json\/wp\/v2\/categories?post=49995"},{"taxonomy":"post_tag","embeddable":true,"href":"https:\/\/www.bbmnoticias.com\/labravaradiofm\/wp-json\/wp\/v2\/tags?post=49995"}],"curies":[{"name":"wp","href":"https:\/\/api.w.org\/{rel}","templated":true}]}}