{"id":49989,"date":"2024-11-13T11:44:59","date_gmt":"2024-11-13T17:44:59","guid":{"rendered":"https:\/\/www.bbmnoticias.com\/labravaradiofm\/?p=49989"},"modified":"2024-11-13T11:45:04","modified_gmt":"2024-11-13T17:45:04","slug":"directora-de-la-edicion-britanica-de-vogue-preocupada-por-regreso-de-la-delgadez-extrema","status":"publish","type":"post","link":"https:\/\/www.bbmnoticias.com\/labravaradiofm\/2024\/11\/13\/directora-de-la-edicion-britanica-de-vogue-preocupada-por-regreso-de-la-delgadez-extrema\/","title":{"rendered":"Directora de la edici\u00f3n brit\u00e1nica de Vogue, preocupada por regreso de la delgadez extrema"},"content":{"rendered":"<div style=\"margin-top: 0px; margin-bottom: 0px;\" class=\"sharethis-inline-share-buttons\" ><\/div>\n<p><strong>La directora de la versi\u00f3n brit\u00e1nica de la revista Vogue, Chioma Nnadi, se declar\u00f3 &#8220;muy preocupada&#8221; por el regreso de la delgadez entre las modelos<\/strong>, una tendencia que vincula al uso generalizado de <strong>medicamentos contra la obesidad,<\/strong> en una entrevista a la BBC.<\/p>\n\n\n\n<p><strong>Ozempic, un tratamiento muy popular para tratar la diabetes pero que tambi\u00e9n act\u00faa contra la obesidad<\/strong>, &#8220;tiene algo que ver porque vemos que muchas celebridades lo utilizan&#8221;, cree.<\/p>\n\n\n\n<blockquote class=\"wp-block-quote is-layout-flow wp-block-quote-is-layout-flow\">\n<p>&#8220;Pienso que hay un cambio cultural en la forma en que pensamos y tratamos nuestro cuerpo&#8221;, advirti\u00f3 Chioma Nnadi, asegurando que su revista se esfuerza por mostrar modelos de todas las tallas.<\/p>\n<\/blockquote>\n\n\n\n<p><strong>En Reino Unido, esta tendencia hacia la delgadez extrema fue encarnado durante mucho tiempo por la top model Kate Moss,<\/strong> en los a\u00f1os 90 y principios de los 2000.<\/p>\n\n\n\n<p>A pesar de los esfuerzos de algunas marcas por hacer desfilar modelos de todas las tallas durante las Semanas de la Moda, <strong>Chioma Nnadi, de 44 a\u00f1os, consider\u00f3 que &#8220;no hay suficiente representaci\u00f3n de la diversidad de cuerpos y algunas modelos son particularmente delgadas&#8221;.<\/strong><\/p>\n","protected":false},"excerpt":{"rendered":"<p>La directora de la versi\u00f3n brit\u00e1nica de la revista Vogue, Chioma Nnadi, se declar\u00f3 &#8220;muy preocupada&#8221; por el regreso de la delgadez entre las modelos, una tendencia que vincula al uso generalizado de medicamentos contra la obesidad, en una entrevista a la BBC. Ozempic, un tratamiento muy popular para tratar la diabetes pero que tambi\u00e9n [&hellip;]<\/p>\n","protected":false},"author":8,"featured_media":49990,"comment_status":"closed","ping_status":"closed","sticky":false,"template":"","format":"standard","meta":{"footnotes":""},"categories":[949],"tags":[],"class_list":{"0":"post-49989","1":"post","2":"type-post","3":"status-publish","4":"format-standard","5":"has-post-thumbnail","7":"category-espectaculos"},"yoast_head":"<!-- This site is optimized with the Yoast SEO plugin v27.4 - https:\/\/yoast.com\/product\/yoast-seo-wordpress\/ -->\n<title>Directora de la edici\u00f3n brit\u00e1nica de Vogue, preocupada por regreso de la delgadez extrema - LA BRAVA RADIO<\/title>\n<meta name=\"robots\" content=\"index, follow, max-snippet:-1, max-image-preview:large, max-video-preview:-1\" \/>\n<link rel=\"canonical\" href=\"https:\/\/www.bbmnoticias.com\/labravaradiofm\/2024\/11\/13\/directora-de-la-edicion-britanica-de-vogue-preocupada-por-regreso-de-la-delgadez-extrema\/\" \/>\n<meta property=\"og:locale\" content=\"es_MX\" \/>\n<meta property=\"og:type\" content=\"article\" \/>\n<meta property=\"og:title\" content=\"Directora de la edici\u00f3n brit\u00e1nica de Vogue, preocupada por regreso de la delgadez extrema - LA BRAVA RADIO\" \/>\n<meta property=\"og:description\" content=\"La directora de la versi\u00f3n brit\u00e1nica de la revista Vogue, Chioma Nnadi, se declar\u00f3 &#8220;muy preocupada&#8221; por el regreso de la delgadez entre las modelos, una tendencia que vincula al uso generalizado de medicamentos contra la obesidad, en una entrevista a la BBC. Ozempic, un tratamiento muy popular para tratar la diabetes pero que tambi\u00e9n [&hellip;]\" \/>\n<meta property=\"og:url\" content=\"https:\/\/www.bbmnoticias.com\/labravaradiofm\/2024\/11\/13\/directora-de-la-edicion-britanica-de-vogue-preocupada-por-regreso-de-la-delgadez-extrema\/\" \/>\n<meta property=\"og:site_name\" content=\"LA BRAVA RADIO\" \/>\n<meta property=\"article:published_time\" content=\"2024-11-13T17:44:59+00:00\" \/>\n<meta property=\"article:modified_time\" content=\"2024-11-13T17:45:04+00:00\" \/>\n<meta property=\"og:image\" content=\"https:\/\/www.bbmnoticias.com\/labravaradiofm\/wp-content\/uploads\/sites\/5\/2024\/11\/Delgada.410_ES1250619_MG346088747.jpg\" \/>\n\t<meta property=\"og:image:width\" content=\"533\" \/>\n\t<meta property=\"og:image:height\" content=\"400\" \/>\n\t<meta property=\"og:image:type\" content=\"image\/jpeg\" \/>\n<meta name=\"author\" content=\"Exc\u00e9lsior\" \/>\n<meta name=\"twitter:card\" content=\"summary_large_image\" \/>\n<meta name=\"twitter:label1\" content=\"Escrito por\" \/>\n\t<meta name=\"twitter:data1\" content=\"Exc\u00e9lsior\" \/>\n\t<meta name=\"twitter:label2\" content=\"Tiempo de lectura\" \/>\n\t<meta name=\"twitter:data2\" content=\"1 minuto\" \/>\n<script type=\"application\/ld+json\" class=\"yoast-schema-graph\">{\"@context\":\"https:\\\/\\\/schema.org\",\"@graph\":[{\"@type\":\"Article\",\"@id\":\"https:\\\/\\\/www.bbmnoticias.com\\\/labravaradiofm\\\/2024\\\/11\\\/13\\\/directora-de-la-edicion-britanica-de-vogue-preocupada-por-regreso-de-la-delgadez-extrema\\\/#article\",\"isPartOf\":{\"@id\":\"https:\\\/\\\/www.bbmnoticias.com\\\/labravaradiofm\\\/2024\\\/11\\\/13\\\/directora-de-la-edicion-britanica-de-vogue-preocupada-por-regreso-de-la-delgadez-extrema\\\/\"},\"author\":{\"name\":\"Exc\u00e9lsior\",\"@id\":\"https:\\\/\\\/www.bbmnoticias.com\\\/labravaradiofm\\\/#\\\/schema\\\/person\\\/56f4677efb93d47930db8f58aa971b20\"},\"headline\":\"Directora de la edici\u00f3n brit\u00e1nica de Vogue, preocupada por regreso de la delgadez extrema\",\"datePublished\":\"2024-11-13T17:44:59+00:00\",\"dateModified\":\"2024-11-13T17:45:04+00:00\",\"mainEntityOfPage\":{\"@id\":\"https:\\\/\\\/www.bbmnoticias.com\\\/labravaradiofm\\\/2024\\\/11\\\/13\\\/directora-de-la-edicion-britanica-de-vogue-preocupada-por-regreso-de-la-delgadez-extrema\\\/\"},\"wordCount\":196,\"image\":{\"@id\":\"https:\\\/\\\/www.bbmnoticias.com\\\/labravaradiofm\\\/2024\\\/11\\\/13\\\/directora-de-la-edicion-britanica-de-vogue-preocupada-por-regreso-de-la-delgadez-extrema\\\/#primaryimage\"},\"thumbnailUrl\":\"https:\\\/\\\/www.bbmnoticias.com\\\/labravaradiofm\\\/wp-content\\\/uploads\\\/sites\\\/5\\\/2024\\\/11\\\/Delgada.410_ES1250619_MG346088747.jpg\",\"articleSection\":[\"ESPECT\u00c1CULOS\"],\"inLanguage\":\"es\"},{\"@type\":\"WebPage\",\"@id\":\"https:\\\/\\\/www.bbmnoticias.com\\\/labravaradiofm\\\/2024\\\/11\\\/13\\\/directora-de-la-edicion-britanica-de-vogue-preocupada-por-regreso-de-la-delgadez-extrema\\\/\",\"url\":\"https:\\\/\\\/www.bbmnoticias.com\\\/labravaradiofm\\\/2024\\\/11\\\/13\\\/directora-de-la-edicion-britanica-de-vogue-preocupada-por-regreso-de-la-delgadez-extrema\\\/\",\"name\":\"Directora de la edici\u00f3n brit\u00e1nica de Vogue, preocupada por regreso de la delgadez extrema - LA BRAVA RADIO\",\"isPartOf\":{\"@id\":\"https:\\\/\\\/www.bbmnoticias.com\\\/labravaradiofm\\\/#website\"},\"primaryImageOfPage\":{\"@id\":\"https:\\\/\\\/www.bbmnoticias.com\\\/labravaradiofm\\\/2024\\\/11\\\/13\\\/directora-de-la-edicion-britanica-de-vogue-preocupada-por-regreso-de-la-delgadez-extrema\\\/#primaryimage\"},\"image\":{\"@id\":\"https:\\\/\\\/www.bbmnoticias.com\\\/labravaradiofm\\\/2024\\\/11\\\/13\\\/directora-de-la-edicion-britanica-de-vogue-preocupada-por-regreso-de-la-delgadez-extrema\\\/#primaryimage\"},\"thumbnailUrl\":\"https:\\\/\\\/www.bbmnoticias.com\\\/labravaradiofm\\\/wp-content\\\/uploads\\\/sites\\\/5\\\/2024\\\/11\\\/Delgada.410_ES1250619_MG346088747.jpg\",\"datePublished\":\"2024-11-13T17:44:59+00:00\",\"dateModified\":\"2024-11-13T17:45:04+00:00\",\"author\":{\"@id\":\"https:\\\/\\\/www.bbmnoticias.com\\\/labravaradiofm\\\/#\\\/schema\\\/person\\\/56f4677efb93d47930db8f58aa971b20\"},\"breadcrumb\":{\"@id\":\"https:\\\/\\\/www.bbmnoticias.com\\\/labravaradiofm\\\/2024\\\/11\\\/13\\\/directora-de-la-edicion-britanica-de-vogue-preocupada-por-regreso-de-la-delgadez-extrema\\\/#breadcrumb\"},\"inLanguage\":\"es\",\"potentialAction\":[{\"@type\":\"ReadAction\",\"target\":[\"https:\\\/\\\/www.bbmnoticias.com\\\/labravaradiofm\\\/2024\\\/11\\\/13\\\/directora-de-la-edicion-britanica-de-vogue-preocupada-por-regreso-de-la-delgadez-extrema\\\/\"]}]},{\"@type\":\"ImageObject\",\"inLanguage\":\"es\",\"@id\":\"https:\\\/\\\/www.bbmnoticias.com\\\/labravaradiofm\\\/2024\\\/11\\\/13\\\/directora-de-la-edicion-britanica-de-vogue-preocupada-por-regreso-de-la-delgadez-extrema\\\/#primaryimage\",\"url\":\"https:\\\/\\\/www.bbmnoticias.com\\\/labravaradiofm\\\/wp-content\\\/uploads\\\/sites\\\/5\\\/2024\\\/11\\\/Delgada.410_ES1250619_MG346088747.jpg\",\"contentUrl\":\"https:\\\/\\\/www.bbmnoticias.com\\\/labravaradiofm\\\/wp-content\\\/uploads\\\/sites\\\/5\\\/2024\\\/11\\\/Delgada.410_ES1250619_MG346088747.jpg\",\"width\":533,\"height\":400},{\"@type\":\"BreadcrumbList\",\"@id\":\"https:\\\/\\\/www.bbmnoticias.com\\\/labravaradiofm\\\/2024\\\/11\\\/13\\\/directora-de-la-edicion-britanica-de-vogue-preocupada-por-regreso-de-la-delgadez-extrema\\\/#breadcrumb\",\"itemListElement\":[{\"@type\":\"ListItem\",\"position\":1,\"name\":\"Inicio\",\"item\":\"https:\\\/\\\/www.bbmnoticias.com\\\/labravaradiofm\\\/\"},{\"@type\":\"ListItem\",\"position\":2,\"name\":\"Directora de la edici\u00f3n brit\u00e1nica de Vogue, preocupada por regreso de la delgadez extrema\"}]},{\"@type\":\"WebSite\",\"@id\":\"https:\\\/\\\/www.bbmnoticias.com\\\/labravaradiofm\\\/#website\",\"url\":\"https:\\\/\\\/www.bbmnoticias.com\\\/labravaradiofm\\\/\",\"name\":\"LA BRAVA RADIO\",\"description\":\"Empresa productora de medios, Radiodifusi\u00f3n, Noticias, tendencias y todo lo que necesitas saber de la pol\u00edtica mexicana e internacional; entretenimiento, espect\u00e1culos, salud y mucho m\u00e1s.\",\"potentialAction\":[{\"@type\":\"SearchAction\",\"target\":{\"@type\":\"EntryPoint\",\"urlTemplate\":\"https:\\\/\\\/www.bbmnoticias.com\\\/labravaradiofm\\\/?s={search_term_string}\"},\"query-input\":{\"@type\":\"PropertyValueSpecification\",\"valueRequired\":true,\"valueName\":\"search_term_string\"}}],\"inLanguage\":\"es\"},{\"@type\":\"Person\",\"@id\":\"https:\\\/\\\/www.bbmnoticias.com\\\/labravaradiofm\\\/#\\\/schema\\\/person\\\/56f4677efb93d47930db8f58aa971b20\",\"name\":\"Exc\u00e9lsior\",\"image\":{\"@type\":\"ImageObject\",\"inLanguage\":\"es\",\"@id\":\"https:\\\/\\\/secure.gravatar.com\\\/avatar\\\/497265c4dbe1cd0e2f3f1b19aba0f5779c7f95d09e139a5b83c1ecd47b4e780d?s=96&d=mm&r=g\",\"url\":\"https:\\\/\\\/secure.gravatar.com\\\/avatar\\\/497265c4dbe1cd0e2f3f1b19aba0f5779c7f95d09e139a5b83c1ecd47b4e780d?s=96&d=mm&r=g\",\"contentUrl\":\"https:\\\/\\\/secure.gravatar.com\\\/avatar\\\/497265c4dbe1cd0e2f3f1b19aba0f5779c7f95d09e139a5b83c1ecd47b4e780d?s=96&d=mm&r=g\",\"caption\":\"Exc\u00e9lsior\"},\"url\":\"https:\\\/\\\/www.bbmnoticias.com\\\/labravaradiofm\\\/author\\\/excelsior\\\/\"}]}<\/script>\n<!-- \/ Yoast SEO plugin. -->","yoast_head_json":{"title":"Directora de la edici\u00f3n brit\u00e1nica de Vogue, preocupada por regreso de la delgadez extrema - LA BRAVA RADIO","robots":{"index":"index","follow":"follow","max-snippet":"max-snippet:-1","max-image-preview":"max-image-preview:large","max-video-preview":"max-video-preview:-1"},"canonical":"https:\/\/www.bbmnoticias.com\/labravaradiofm\/2024\/11\/13\/directora-de-la-edicion-britanica-de-vogue-preocupada-por-regreso-de-la-delgadez-extrema\/","og_locale":"es_MX","og_type":"article","og_title":"Directora de la edici\u00f3n brit\u00e1nica de Vogue, preocupada por regreso de la delgadez extrema - LA BRAVA RADIO","og_description":"La directora de la versi\u00f3n brit\u00e1nica de la revista Vogue, Chioma Nnadi, se declar\u00f3 &#8220;muy preocupada&#8221; por el regreso de la delgadez entre las modelos, una tendencia que vincula al uso generalizado de medicamentos contra la obesidad, en una entrevista a la BBC. Ozempic, un tratamiento muy popular para tratar la diabetes pero que tambi\u00e9n [&hellip;]","og_url":"https:\/\/www.bbmnoticias.com\/labravaradiofm\/2024\/11\/13\/directora-de-la-edicion-britanica-de-vogue-preocupada-por-regreso-de-la-delgadez-extrema\/","og_site_name":"LA BRAVA RADIO","article_published_time":"2024-11-13T17:44:59+00:00","article_modified_time":"2024-11-13T17:45:04+00:00","og_image":[{"width":533,"height":400,"url":"https:\/\/www.bbmnoticias.com\/labravaradiofm\/wp-content\/uploads\/sites\/5\/2024\/11\/Delgada.410_ES1250619_MG346088747.jpg","type":"image\/jpeg"}],"author":"Exc\u00e9lsior","twitter_card":"summary_large_image","twitter_misc":{"Escrito por":"Exc\u00e9lsior","Tiempo de lectura":"1 minuto"},"schema":{"@context":"https:\/\/schema.org","@graph":[{"@type":"Article","@id":"https:\/\/www.bbmnoticias.com\/labravaradiofm\/2024\/11\/13\/directora-de-la-edicion-britanica-de-vogue-preocupada-por-regreso-de-la-delgadez-extrema\/#article","isPartOf":{"@id":"https:\/\/www.bbmnoticias.com\/labravaradiofm\/2024\/11\/13\/directora-de-la-edicion-britanica-de-vogue-preocupada-por-regreso-de-la-delgadez-extrema\/"},"author":{"name":"Exc\u00e9lsior","@id":"https:\/\/www.bbmnoticias.com\/labravaradiofm\/#\/schema\/person\/56f4677efb93d47930db8f58aa971b20"},"headline":"Directora de la edici\u00f3n brit\u00e1nica de Vogue, preocupada por regreso de la delgadez extrema","datePublished":"2024-11-13T17:44:59+00:00","dateModified":"2024-11-13T17:45:04+00:00","mainEntityOfPage":{"@id":"https:\/\/www.bbmnoticias.com\/labravaradiofm\/2024\/11\/13\/directora-de-la-edicion-britanica-de-vogue-preocupada-por-regreso-de-la-delgadez-extrema\/"},"wordCount":196,"image":{"@id":"https:\/\/www.bbmnoticias.com\/labravaradiofm\/2024\/11\/13\/directora-de-la-edicion-britanica-de-vogue-preocupada-por-regreso-de-la-delgadez-extrema\/#primaryimage"},"thumbnailUrl":"https:\/\/www.bbmnoticias.com\/labravaradiofm\/wp-content\/uploads\/sites\/5\/2024\/11\/Delgada.410_ES1250619_MG346088747.jpg","articleSection":["ESPECT\u00c1CULOS"],"inLanguage":"es"},{"@type":"WebPage","@id":"https:\/\/www.bbmnoticias.com\/labravaradiofm\/2024\/11\/13\/directora-de-la-edicion-britanica-de-vogue-preocupada-por-regreso-de-la-delgadez-extrema\/","url":"https:\/\/www.bbmnoticias.com\/labravaradiofm\/2024\/11\/13\/directora-de-la-edicion-britanica-de-vogue-preocupada-por-regreso-de-la-delgadez-extrema\/","name":"Directora de la edici\u00f3n brit\u00e1nica de Vogue, preocupada por regreso de la delgadez extrema - LA BRAVA RADIO","isPartOf":{"@id":"https:\/\/www.bbmnoticias.com\/labravaradiofm\/#website"},"primaryImageOfPage":{"@id":"https:\/\/www.bbmnoticias.com\/labravaradiofm\/2024\/11\/13\/directora-de-la-edicion-britanica-de-vogue-preocupada-por-regreso-de-la-delgadez-extrema\/#primaryimage"},"image":{"@id":"https:\/\/www.bbmnoticias.com\/labravaradiofm\/2024\/11\/13\/directora-de-la-edicion-britanica-de-vogue-preocupada-por-regreso-de-la-delgadez-extrema\/#primaryimage"},"thumbnailUrl":"https:\/\/www.bbmnoticias.com\/labravaradiofm\/wp-content\/uploads\/sites\/5\/2024\/11\/Delgada.410_ES1250619_MG346088747.jpg","datePublished":"2024-11-13T17:44:59+00:00","dateModified":"2024-11-13T17:45:04+00:00","author":{"@id":"https:\/\/www.bbmnoticias.com\/labravaradiofm\/#\/schema\/person\/56f4677efb93d47930db8f58aa971b20"},"breadcrumb":{"@id":"https:\/\/www.bbmnoticias.com\/labravaradiofm\/2024\/11\/13\/directora-de-la-edicion-britanica-de-vogue-preocupada-por-regreso-de-la-delgadez-extrema\/#breadcrumb"},"inLanguage":"es","potentialAction":[{"@type":"ReadAction","target":["https:\/\/www.bbmnoticias.com\/labravaradiofm\/2024\/11\/13\/directora-de-la-edicion-britanica-de-vogue-preocupada-por-regreso-de-la-delgadez-extrema\/"]}]},{"@type":"ImageObject","inLanguage":"es","@id":"https:\/\/www.bbmnoticias.com\/labravaradiofm\/2024\/11\/13\/directora-de-la-edicion-britanica-de-vogue-preocupada-por-regreso-de-la-delgadez-extrema\/#primaryimage","url":"https:\/\/www.bbmnoticias.com\/labravaradiofm\/wp-content\/uploads\/sites\/5\/2024\/11\/Delgada.410_ES1250619_MG346088747.jpg","contentUrl":"https:\/\/www.bbmnoticias.com\/labravaradiofm\/wp-content\/uploads\/sites\/5\/2024\/11\/Delgada.410_ES1250619_MG346088747.jpg","width":533,"height":400},{"@type":"BreadcrumbList","@id":"https:\/\/www.bbmnoticias.com\/labravaradiofm\/2024\/11\/13\/directora-de-la-edicion-britanica-de-vogue-preocupada-por-regreso-de-la-delgadez-extrema\/#breadcrumb","itemListElement":[{"@type":"ListItem","position":1,"name":"Inicio","item":"https:\/\/www.bbmnoticias.com\/labravaradiofm\/"},{"@type":"ListItem","position":2,"name":"Directora de la edici\u00f3n brit\u00e1nica de Vogue, preocupada por regreso de la delgadez extrema"}]},{"@type":"WebSite","@id":"https:\/\/www.bbmnoticias.com\/labravaradiofm\/#website","url":"https:\/\/www.bbmnoticias.com\/labravaradiofm\/","name":"LA BRAVA RADIO","description":"Empresa productora de medios, Radiodifusi\u00f3n, Noticias, tendencias y todo lo que necesitas saber de la pol\u00edtica mexicana e internacional; entretenimiento, espect\u00e1culos, salud y mucho m\u00e1s.","potentialAction":[{"@type":"SearchAction","target":{"@type":"EntryPoint","urlTemplate":"https:\/\/www.bbmnoticias.com\/labravaradiofm\/?s={search_term_string}"},"query-input":{"@type":"PropertyValueSpecification","valueRequired":true,"valueName":"search_term_string"}}],"inLanguage":"es"},{"@type":"Person","@id":"https:\/\/www.bbmnoticias.com\/labravaradiofm\/#\/schema\/person\/56f4677efb93d47930db8f58aa971b20","name":"Exc\u00e9lsior","image":{"@type":"ImageObject","inLanguage":"es","@id":"https:\/\/secure.gravatar.com\/avatar\/497265c4dbe1cd0e2f3f1b19aba0f5779c7f95d09e139a5b83c1ecd47b4e780d?s=96&d=mm&r=g","url":"https:\/\/secure.gravatar.com\/avatar\/497265c4dbe1cd0e2f3f1b19aba0f5779c7f95d09e139a5b83c1ecd47b4e780d?s=96&d=mm&r=g","contentUrl":"https:\/\/secure.gravatar.com\/avatar\/497265c4dbe1cd0e2f3f1b19aba0f5779c7f95d09e139a5b83c1ecd47b4e780d?s=96&d=mm&r=g","caption":"Exc\u00e9lsior"},"url":"https:\/\/www.bbmnoticias.com\/labravaradiofm\/author\/excelsior\/"}]}},"_links":{"self":[{"href":"https:\/\/www.bbmnoticias.com\/labravaradiofm\/wp-json\/wp\/v2\/posts\/49989","targetHints":{"allow":["GET"]}}],"collection":[{"href":"https:\/\/www.bbmnoticias.com\/labravaradiofm\/wp-json\/wp\/v2\/posts"}],"about":[{"href":"https:\/\/www.bbmnoticias.com\/labravaradiofm\/wp-json\/wp\/v2\/types\/post"}],"author":[{"embeddable":true,"href":"https:\/\/www.bbmnoticias.com\/labravaradiofm\/wp-json\/wp\/v2\/users\/8"}],"replies":[{"embeddable":true,"href":"https:\/\/www.bbmnoticias.com\/labravaradiofm\/wp-json\/wp\/v2\/comments?post=49989"}],"version-history":[{"count":0,"href":"https:\/\/www.bbmnoticias.com\/labravaradiofm\/wp-json\/wp\/v2\/posts\/49989\/revisions"}],"wp:featuredmedia":[{"embeddable":true,"href":"https:\/\/www.bbmnoticias.com\/labravaradiofm\/wp-json\/wp\/v2\/media\/49990"}],"wp:attachment":[{"href":"https:\/\/www.bbmnoticias.com\/labravaradiofm\/wp-json\/wp\/v2\/media?parent=49989"}],"wp:term":[{"taxonomy":"category","embeddable":true,"href":"https:\/\/www.bbmnoticias.com\/labravaradiofm\/wp-json\/wp\/v2\/categories?post=49989"},{"taxonomy":"post_tag","embeddable":true,"href":"https:\/\/www.bbmnoticias.com\/labravaradiofm\/wp-json\/wp\/v2\/tags?post=49989"}],"curies":[{"name":"wp","href":"https:\/\/api.w.org\/{rel}","templated":true}]}}