{"id":49986,"date":"2024-11-13T11:37:34","date_gmt":"2024-11-13T17:37:34","guid":{"rendered":"https:\/\/www.bbmnoticias.com\/labravaradiofm\/?p=49986"},"modified":"2024-11-13T11:37:39","modified_gmt":"2024-11-13T17:37:39","slug":"reeleccion-de-rosario-piedra-en-la-cndh-decision-del-senado-sheinbaum","status":"publish","type":"post","link":"https:\/\/www.bbmnoticias.com\/labravaradiofm\/2024\/11\/13\/reeleccion-de-rosario-piedra-en-la-cndh-decision-del-senado-sheinbaum\/","title":{"rendered":"Reelecci\u00f3n de Rosario Piedra en la CNDH, decisi\u00f3n del Senado: Sheinbaum"},"content":{"rendered":"<div style=\"margin-top: 0px; margin-bottom: 0px;\" class=\"sharethis-inline-share-buttons\" ><\/div>\n<p>La presidenta <strong>Claudia Sheinbaum<\/strong> se desmarc\u00f3 de la reelecci\u00f3n de<strong> Rosario Piedra Ibarra<\/strong> al frente de la <strong>Comisi\u00f3n Nacional de Derechos Humanos (CNDH) <\/strong>al se\u00f1alar que fue una decisi\u00f3n que tom\u00f3 el Senado.<\/p>\n\n\n\n<blockquote class=\"wp-block-quote is-layout-flow wp-block-quote-is-layout-flow\">\n<p>\u201cEs una decisi\u00f3n del Senado la que se tom\u00f3 ayer (de la elecci\u00f3n de Rosario Piedra) y pues hasta ah\u00ed\u201d, dijo la mandataria tras ser cuestionada acerca de la elecci\u00f3n de la titular de la CNDH quien repetir\u00e1 en el cargo pese a no haber sido el perfil mejor evaluado de entre los aspirantes.<\/p>\n<\/blockquote>\n\n\n\n<p>Sheinbaum ya hab\u00eda sido cuestionada acerca del tema previo a que se diera la reelecci\u00f3n de Rosario Piedra Ibarra y siempre dej\u00f3 claro que era una decisi\u00f3n que no le correspond\u00eda a ella, sino a los senadores.<\/p>\n\n\n\n<p>Tras una larga sesi\u00f3n que se extendi\u00f3 hasta esta madrugada y en la que hubo hasta jaloneos y empujones, el Senado aprob\u00f3 la <strong>reelecci\u00f3n de Rosario Piedra Ibarra <\/strong>al frente de la CNDH con 87 votos a favor de Morena, Partido Verde y Partido del Trabajo.<\/p>\n\n\n\n<p>En tanto, la oposici\u00f3n le dio <strong>36 votos a Nashieli Ram\u00edre<\/strong>z, la actual ombudsman de la Ciudad de M\u00e9xico, y uno a Paulina Hern\u00e1ndez, otra de las aspirantes al cargo, y hubo tres votos nulos, con lo que Piedra Ibarra rindi\u00f3 protesta como titular de la CNDH por cinco a\u00f1os m\u00e1s.<\/p>\n\n\n\n<p>En su ratificaci\u00f3n en el cargo no se tom\u00f3 en cuenta que <strong>present\u00f3 una carta falsa<\/strong> el obispo em\u00e9rito Ra\u00fal Vera en la que supuestamente la apoyaba, ni que haya sido la aspirante con una de las calificaciones m\u00e1s bajas durante la evaluaci\u00f3n de candidatos que hicieron senadores.<\/p>\n","protected":false},"excerpt":{"rendered":"<p>La presidenta Claudia Sheinbaum se desmarc\u00f3 de la reelecci\u00f3n de Rosario Piedra Ibarra al frente de la Comisi\u00f3n Nacional de Derechos Humanos (CNDH) al se\u00f1alar que fue una decisi\u00f3n que tom\u00f3 el Senado. \u201cEs una decisi\u00f3n del Senado la que se tom\u00f3 ayer (de la elecci\u00f3n de Rosario Piedra) y pues hasta ah\u00ed\u201d, dijo la [&hellip;]<\/p>\n","protected":false},"author":8,"featured_media":49987,"comment_status":"closed","ping_status":"closed","sticky":false,"template":"","format":"standard","meta":{"footnotes":""},"categories":[19],"tags":[],"class_list":{"0":"post-49986","1":"post","2":"type-post","3":"status-publish","4":"format-standard","5":"has-post-thumbnail","7":"category-nacional"},"yoast_head":"<!-- This site is optimized with the Yoast SEO plugin v27.4 - https:\/\/yoast.com\/product\/yoast-seo-wordpress\/ -->\n<title>Reelecci\u00f3n de Rosario Piedra en la CNDH, decisi\u00f3n del Senado: Sheinbaum - LA BRAVA RADIO<\/title>\n<meta name=\"robots\" content=\"index, follow, max-snippet:-1, max-image-preview:large, max-video-preview:-1\" \/>\n<link rel=\"canonical\" href=\"https:\/\/www.bbmnoticias.com\/labravaradiofm\/2024\/11\/13\/reeleccion-de-rosario-piedra-en-la-cndh-decision-del-senado-sheinbaum\/\" \/>\n<meta property=\"og:locale\" content=\"es_MX\" \/>\n<meta property=\"og:type\" content=\"article\" \/>\n<meta property=\"og:title\" content=\"Reelecci\u00f3n de Rosario Piedra en la CNDH, decisi\u00f3n del Senado: Sheinbaum - LA BRAVA RADIO\" \/>\n<meta property=\"og:description\" content=\"La presidenta Claudia Sheinbaum se desmarc\u00f3 de la reelecci\u00f3n de Rosario Piedra Ibarra al frente de la Comisi\u00f3n Nacional de Derechos Humanos (CNDH) al se\u00f1alar que fue una decisi\u00f3n que tom\u00f3 el Senado. \u201cEs una decisi\u00f3n del Senado la que se tom\u00f3 ayer (de la elecci\u00f3n de Rosario Piedra) y pues hasta ah\u00ed\u201d, dijo la [&hellip;]\" \/>\n<meta property=\"og:url\" content=\"https:\/\/www.bbmnoticias.com\/labravaradiofm\/2024\/11\/13\/reeleccion-de-rosario-piedra-en-la-cndh-decision-del-senado-sheinbaum\/\" \/>\n<meta property=\"og:site_name\" content=\"LA BRAVA RADIO\" \/>\n<meta property=\"article:published_time\" content=\"2024-11-13T17:37:34+00:00\" \/>\n<meta property=\"article:modified_time\" content=\"2024-11-13T17:37:39+00:00\" \/>\n<meta property=\"og:image\" content=\"https:\/\/www.bbmnoticias.com\/labravaradiofm\/wp-content\/uploads\/sites\/5\/2024\/11\/GcSCZ2JW8AAlIKj.png\" \/>\n\t<meta property=\"og:image:width\" content=\"680\" \/>\n\t<meta property=\"og:image:height\" content=\"383\" \/>\n\t<meta property=\"og:image:type\" content=\"image\/png\" \/>\n<meta name=\"author\" content=\"Exc\u00e9lsior\" \/>\n<meta name=\"twitter:card\" content=\"summary_large_image\" \/>\n<meta name=\"twitter:label1\" content=\"Escrito por\" \/>\n\t<meta name=\"twitter:data1\" content=\"Exc\u00e9lsior\" \/>\n\t<meta name=\"twitter:label2\" content=\"Tiempo de lectura\" \/>\n\t<meta name=\"twitter:data2\" content=\"2 minutos\" \/>\n<script type=\"application\/ld+json\" class=\"yoast-schema-graph\">{\"@context\":\"https:\\\/\\\/schema.org\",\"@graph\":[{\"@type\":\"Article\",\"@id\":\"https:\\\/\\\/www.bbmnoticias.com\\\/labravaradiofm\\\/2024\\\/11\\\/13\\\/reeleccion-de-rosario-piedra-en-la-cndh-decision-del-senado-sheinbaum\\\/#article\",\"isPartOf\":{\"@id\":\"https:\\\/\\\/www.bbmnoticias.com\\\/labravaradiofm\\\/2024\\\/11\\\/13\\\/reeleccion-de-rosario-piedra-en-la-cndh-decision-del-senado-sheinbaum\\\/\"},\"author\":{\"name\":\"Exc\u00e9lsior\",\"@id\":\"https:\\\/\\\/www.bbmnoticias.com\\\/labravaradiofm\\\/#\\\/schema\\\/person\\\/56f4677efb93d47930db8f58aa971b20\"},\"headline\":\"Reelecci\u00f3n de Rosario Piedra en la CNDH, decisi\u00f3n del Senado: Sheinbaum\",\"datePublished\":\"2024-11-13T17:37:34+00:00\",\"dateModified\":\"2024-11-13T17:37:39+00:00\",\"mainEntityOfPage\":{\"@id\":\"https:\\\/\\\/www.bbmnoticias.com\\\/labravaradiofm\\\/2024\\\/11\\\/13\\\/reeleccion-de-rosario-piedra-en-la-cndh-decision-del-senado-sheinbaum\\\/\"},\"wordCount\":304,\"image\":{\"@id\":\"https:\\\/\\\/www.bbmnoticias.com\\\/labravaradiofm\\\/2024\\\/11\\\/13\\\/reeleccion-de-rosario-piedra-en-la-cndh-decision-del-senado-sheinbaum\\\/#primaryimage\"},\"thumbnailUrl\":\"https:\\\/\\\/www.bbmnoticias.com\\\/labravaradiofm\\\/wp-content\\\/uploads\\\/sites\\\/5\\\/2024\\\/11\\\/GcSCZ2JW8AAlIKj.png\",\"articleSection\":[\"NACIONAL\"],\"inLanguage\":\"es\"},{\"@type\":\"WebPage\",\"@id\":\"https:\\\/\\\/www.bbmnoticias.com\\\/labravaradiofm\\\/2024\\\/11\\\/13\\\/reeleccion-de-rosario-piedra-en-la-cndh-decision-del-senado-sheinbaum\\\/\",\"url\":\"https:\\\/\\\/www.bbmnoticias.com\\\/labravaradiofm\\\/2024\\\/11\\\/13\\\/reeleccion-de-rosario-piedra-en-la-cndh-decision-del-senado-sheinbaum\\\/\",\"name\":\"Reelecci\u00f3n de Rosario Piedra en la CNDH, decisi\u00f3n del Senado: Sheinbaum - LA BRAVA RADIO\",\"isPartOf\":{\"@id\":\"https:\\\/\\\/www.bbmnoticias.com\\\/labravaradiofm\\\/#website\"},\"primaryImageOfPage\":{\"@id\":\"https:\\\/\\\/www.bbmnoticias.com\\\/labravaradiofm\\\/2024\\\/11\\\/13\\\/reeleccion-de-rosario-piedra-en-la-cndh-decision-del-senado-sheinbaum\\\/#primaryimage\"},\"image\":{\"@id\":\"https:\\\/\\\/www.bbmnoticias.com\\\/labravaradiofm\\\/2024\\\/11\\\/13\\\/reeleccion-de-rosario-piedra-en-la-cndh-decision-del-senado-sheinbaum\\\/#primaryimage\"},\"thumbnailUrl\":\"https:\\\/\\\/www.bbmnoticias.com\\\/labravaradiofm\\\/wp-content\\\/uploads\\\/sites\\\/5\\\/2024\\\/11\\\/GcSCZ2JW8AAlIKj.png\",\"datePublished\":\"2024-11-13T17:37:34+00:00\",\"dateModified\":\"2024-11-13T17:37:39+00:00\",\"author\":{\"@id\":\"https:\\\/\\\/www.bbmnoticias.com\\\/labravaradiofm\\\/#\\\/schema\\\/person\\\/56f4677efb93d47930db8f58aa971b20\"},\"breadcrumb\":{\"@id\":\"https:\\\/\\\/www.bbmnoticias.com\\\/labravaradiofm\\\/2024\\\/11\\\/13\\\/reeleccion-de-rosario-piedra-en-la-cndh-decision-del-senado-sheinbaum\\\/#breadcrumb\"},\"inLanguage\":\"es\",\"potentialAction\":[{\"@type\":\"ReadAction\",\"target\":[\"https:\\\/\\\/www.bbmnoticias.com\\\/labravaradiofm\\\/2024\\\/11\\\/13\\\/reeleccion-de-rosario-piedra-en-la-cndh-decision-del-senado-sheinbaum\\\/\"]}]},{\"@type\":\"ImageObject\",\"inLanguage\":\"es\",\"@id\":\"https:\\\/\\\/www.bbmnoticias.com\\\/labravaradiofm\\\/2024\\\/11\\\/13\\\/reeleccion-de-rosario-piedra-en-la-cndh-decision-del-senado-sheinbaum\\\/#primaryimage\",\"url\":\"https:\\\/\\\/www.bbmnoticias.com\\\/labravaradiofm\\\/wp-content\\\/uploads\\\/sites\\\/5\\\/2024\\\/11\\\/GcSCZ2JW8AAlIKj.png\",\"contentUrl\":\"https:\\\/\\\/www.bbmnoticias.com\\\/labravaradiofm\\\/wp-content\\\/uploads\\\/sites\\\/5\\\/2024\\\/11\\\/GcSCZ2JW8AAlIKj.png\",\"width\":680,\"height\":383},{\"@type\":\"BreadcrumbList\",\"@id\":\"https:\\\/\\\/www.bbmnoticias.com\\\/labravaradiofm\\\/2024\\\/11\\\/13\\\/reeleccion-de-rosario-piedra-en-la-cndh-decision-del-senado-sheinbaum\\\/#breadcrumb\",\"itemListElement\":[{\"@type\":\"ListItem\",\"position\":1,\"name\":\"Inicio\",\"item\":\"https:\\\/\\\/www.bbmnoticias.com\\\/labravaradiofm\\\/\"},{\"@type\":\"ListItem\",\"position\":2,\"name\":\"Reelecci\u00f3n de Rosario Piedra en la CNDH, decisi\u00f3n del Senado: Sheinbaum\"}]},{\"@type\":\"WebSite\",\"@id\":\"https:\\\/\\\/www.bbmnoticias.com\\\/labravaradiofm\\\/#website\",\"url\":\"https:\\\/\\\/www.bbmnoticias.com\\\/labravaradiofm\\\/\",\"name\":\"LA BRAVA RADIO\",\"description\":\"Empresa productora de medios, Radiodifusi\u00f3n, Noticias, tendencias y todo lo que necesitas saber de la pol\u00edtica mexicana e internacional; entretenimiento, espect\u00e1culos, salud y mucho m\u00e1s.\",\"potentialAction\":[{\"@type\":\"SearchAction\",\"target\":{\"@type\":\"EntryPoint\",\"urlTemplate\":\"https:\\\/\\\/www.bbmnoticias.com\\\/labravaradiofm\\\/?s={search_term_string}\"},\"query-input\":{\"@type\":\"PropertyValueSpecification\",\"valueRequired\":true,\"valueName\":\"search_term_string\"}}],\"inLanguage\":\"es\"},{\"@type\":\"Person\",\"@id\":\"https:\\\/\\\/www.bbmnoticias.com\\\/labravaradiofm\\\/#\\\/schema\\\/person\\\/56f4677efb93d47930db8f58aa971b20\",\"name\":\"Exc\u00e9lsior\",\"image\":{\"@type\":\"ImageObject\",\"inLanguage\":\"es\",\"@id\":\"https:\\\/\\\/secure.gravatar.com\\\/avatar\\\/497265c4dbe1cd0e2f3f1b19aba0f5779c7f95d09e139a5b83c1ecd47b4e780d?s=96&d=mm&r=g\",\"url\":\"https:\\\/\\\/secure.gravatar.com\\\/avatar\\\/497265c4dbe1cd0e2f3f1b19aba0f5779c7f95d09e139a5b83c1ecd47b4e780d?s=96&d=mm&r=g\",\"contentUrl\":\"https:\\\/\\\/secure.gravatar.com\\\/avatar\\\/497265c4dbe1cd0e2f3f1b19aba0f5779c7f95d09e139a5b83c1ecd47b4e780d?s=96&d=mm&r=g\",\"caption\":\"Exc\u00e9lsior\"},\"url\":\"https:\\\/\\\/www.bbmnoticias.com\\\/labravaradiofm\\\/author\\\/excelsior\\\/\"}]}<\/script>\n<!-- \/ Yoast SEO plugin. -->","yoast_head_json":{"title":"Reelecci\u00f3n de Rosario Piedra en la CNDH, decisi\u00f3n del Senado: Sheinbaum - LA BRAVA RADIO","robots":{"index":"index","follow":"follow","max-snippet":"max-snippet:-1","max-image-preview":"max-image-preview:large","max-video-preview":"max-video-preview:-1"},"canonical":"https:\/\/www.bbmnoticias.com\/labravaradiofm\/2024\/11\/13\/reeleccion-de-rosario-piedra-en-la-cndh-decision-del-senado-sheinbaum\/","og_locale":"es_MX","og_type":"article","og_title":"Reelecci\u00f3n de Rosario Piedra en la CNDH, decisi\u00f3n del Senado: Sheinbaum - LA BRAVA RADIO","og_description":"La presidenta Claudia Sheinbaum se desmarc\u00f3 de la reelecci\u00f3n de Rosario Piedra Ibarra al frente de la Comisi\u00f3n Nacional de Derechos Humanos (CNDH) al se\u00f1alar que fue una decisi\u00f3n que tom\u00f3 el Senado. \u201cEs una decisi\u00f3n del Senado la que se tom\u00f3 ayer (de la elecci\u00f3n de Rosario Piedra) y pues hasta ah\u00ed\u201d, dijo la [&hellip;]","og_url":"https:\/\/www.bbmnoticias.com\/labravaradiofm\/2024\/11\/13\/reeleccion-de-rosario-piedra-en-la-cndh-decision-del-senado-sheinbaum\/","og_site_name":"LA BRAVA RADIO","article_published_time":"2024-11-13T17:37:34+00:00","article_modified_time":"2024-11-13T17:37:39+00:00","og_image":[{"width":680,"height":383,"url":"https:\/\/www.bbmnoticias.com\/labravaradiofm\/wp-content\/uploads\/sites\/5\/2024\/11\/GcSCZ2JW8AAlIKj.png","type":"image\/png"}],"author":"Exc\u00e9lsior","twitter_card":"summary_large_image","twitter_misc":{"Escrito por":"Exc\u00e9lsior","Tiempo de lectura":"2 minutos"},"schema":{"@context":"https:\/\/schema.org","@graph":[{"@type":"Article","@id":"https:\/\/www.bbmnoticias.com\/labravaradiofm\/2024\/11\/13\/reeleccion-de-rosario-piedra-en-la-cndh-decision-del-senado-sheinbaum\/#article","isPartOf":{"@id":"https:\/\/www.bbmnoticias.com\/labravaradiofm\/2024\/11\/13\/reeleccion-de-rosario-piedra-en-la-cndh-decision-del-senado-sheinbaum\/"},"author":{"name":"Exc\u00e9lsior","@id":"https:\/\/www.bbmnoticias.com\/labravaradiofm\/#\/schema\/person\/56f4677efb93d47930db8f58aa971b20"},"headline":"Reelecci\u00f3n de Rosario Piedra en la CNDH, decisi\u00f3n del Senado: Sheinbaum","datePublished":"2024-11-13T17:37:34+00:00","dateModified":"2024-11-13T17:37:39+00:00","mainEntityOfPage":{"@id":"https:\/\/www.bbmnoticias.com\/labravaradiofm\/2024\/11\/13\/reeleccion-de-rosario-piedra-en-la-cndh-decision-del-senado-sheinbaum\/"},"wordCount":304,"image":{"@id":"https:\/\/www.bbmnoticias.com\/labravaradiofm\/2024\/11\/13\/reeleccion-de-rosario-piedra-en-la-cndh-decision-del-senado-sheinbaum\/#primaryimage"},"thumbnailUrl":"https:\/\/www.bbmnoticias.com\/labravaradiofm\/wp-content\/uploads\/sites\/5\/2024\/11\/GcSCZ2JW8AAlIKj.png","articleSection":["NACIONAL"],"inLanguage":"es"},{"@type":"WebPage","@id":"https:\/\/www.bbmnoticias.com\/labravaradiofm\/2024\/11\/13\/reeleccion-de-rosario-piedra-en-la-cndh-decision-del-senado-sheinbaum\/","url":"https:\/\/www.bbmnoticias.com\/labravaradiofm\/2024\/11\/13\/reeleccion-de-rosario-piedra-en-la-cndh-decision-del-senado-sheinbaum\/","name":"Reelecci\u00f3n de Rosario Piedra en la CNDH, decisi\u00f3n del Senado: Sheinbaum - LA BRAVA RADIO","isPartOf":{"@id":"https:\/\/www.bbmnoticias.com\/labravaradiofm\/#website"},"primaryImageOfPage":{"@id":"https:\/\/www.bbmnoticias.com\/labravaradiofm\/2024\/11\/13\/reeleccion-de-rosario-piedra-en-la-cndh-decision-del-senado-sheinbaum\/#primaryimage"},"image":{"@id":"https:\/\/www.bbmnoticias.com\/labravaradiofm\/2024\/11\/13\/reeleccion-de-rosario-piedra-en-la-cndh-decision-del-senado-sheinbaum\/#primaryimage"},"thumbnailUrl":"https:\/\/www.bbmnoticias.com\/labravaradiofm\/wp-content\/uploads\/sites\/5\/2024\/11\/GcSCZ2JW8AAlIKj.png","datePublished":"2024-11-13T17:37:34+00:00","dateModified":"2024-11-13T17:37:39+00:00","author":{"@id":"https:\/\/www.bbmnoticias.com\/labravaradiofm\/#\/schema\/person\/56f4677efb93d47930db8f58aa971b20"},"breadcrumb":{"@id":"https:\/\/www.bbmnoticias.com\/labravaradiofm\/2024\/11\/13\/reeleccion-de-rosario-piedra-en-la-cndh-decision-del-senado-sheinbaum\/#breadcrumb"},"inLanguage":"es","potentialAction":[{"@type":"ReadAction","target":["https:\/\/www.bbmnoticias.com\/labravaradiofm\/2024\/11\/13\/reeleccion-de-rosario-piedra-en-la-cndh-decision-del-senado-sheinbaum\/"]}]},{"@type":"ImageObject","inLanguage":"es","@id":"https:\/\/www.bbmnoticias.com\/labravaradiofm\/2024\/11\/13\/reeleccion-de-rosario-piedra-en-la-cndh-decision-del-senado-sheinbaum\/#primaryimage","url":"https:\/\/www.bbmnoticias.com\/labravaradiofm\/wp-content\/uploads\/sites\/5\/2024\/11\/GcSCZ2JW8AAlIKj.png","contentUrl":"https:\/\/www.bbmnoticias.com\/labravaradiofm\/wp-content\/uploads\/sites\/5\/2024\/11\/GcSCZ2JW8AAlIKj.png","width":680,"height":383},{"@type":"BreadcrumbList","@id":"https:\/\/www.bbmnoticias.com\/labravaradiofm\/2024\/11\/13\/reeleccion-de-rosario-piedra-en-la-cndh-decision-del-senado-sheinbaum\/#breadcrumb","itemListElement":[{"@type":"ListItem","position":1,"name":"Inicio","item":"https:\/\/www.bbmnoticias.com\/labravaradiofm\/"},{"@type":"ListItem","position":2,"name":"Reelecci\u00f3n de Rosario Piedra en la CNDH, decisi\u00f3n del Senado: Sheinbaum"}]},{"@type":"WebSite","@id":"https:\/\/www.bbmnoticias.com\/labravaradiofm\/#website","url":"https:\/\/www.bbmnoticias.com\/labravaradiofm\/","name":"LA BRAVA RADIO","description":"Empresa productora de medios, Radiodifusi\u00f3n, Noticias, tendencias y todo lo que necesitas saber de la pol\u00edtica mexicana e internacional; entretenimiento, espect\u00e1culos, salud y mucho m\u00e1s.","potentialAction":[{"@type":"SearchAction","target":{"@type":"EntryPoint","urlTemplate":"https:\/\/www.bbmnoticias.com\/labravaradiofm\/?s={search_term_string}"},"query-input":{"@type":"PropertyValueSpecification","valueRequired":true,"valueName":"search_term_string"}}],"inLanguage":"es"},{"@type":"Person","@id":"https:\/\/www.bbmnoticias.com\/labravaradiofm\/#\/schema\/person\/56f4677efb93d47930db8f58aa971b20","name":"Exc\u00e9lsior","image":{"@type":"ImageObject","inLanguage":"es","@id":"https:\/\/secure.gravatar.com\/avatar\/497265c4dbe1cd0e2f3f1b19aba0f5779c7f95d09e139a5b83c1ecd47b4e780d?s=96&d=mm&r=g","url":"https:\/\/secure.gravatar.com\/avatar\/497265c4dbe1cd0e2f3f1b19aba0f5779c7f95d09e139a5b83c1ecd47b4e780d?s=96&d=mm&r=g","contentUrl":"https:\/\/secure.gravatar.com\/avatar\/497265c4dbe1cd0e2f3f1b19aba0f5779c7f95d09e139a5b83c1ecd47b4e780d?s=96&d=mm&r=g","caption":"Exc\u00e9lsior"},"url":"https:\/\/www.bbmnoticias.com\/labravaradiofm\/author\/excelsior\/"}]}},"_links":{"self":[{"href":"https:\/\/www.bbmnoticias.com\/labravaradiofm\/wp-json\/wp\/v2\/posts\/49986","targetHints":{"allow":["GET"]}}],"collection":[{"href":"https:\/\/www.bbmnoticias.com\/labravaradiofm\/wp-json\/wp\/v2\/posts"}],"about":[{"href":"https:\/\/www.bbmnoticias.com\/labravaradiofm\/wp-json\/wp\/v2\/types\/post"}],"author":[{"embeddable":true,"href":"https:\/\/www.bbmnoticias.com\/labravaradiofm\/wp-json\/wp\/v2\/users\/8"}],"replies":[{"embeddable":true,"href":"https:\/\/www.bbmnoticias.com\/labravaradiofm\/wp-json\/wp\/v2\/comments?post=49986"}],"version-history":[{"count":0,"href":"https:\/\/www.bbmnoticias.com\/labravaradiofm\/wp-json\/wp\/v2\/posts\/49986\/revisions"}],"wp:featuredmedia":[{"embeddable":true,"href":"https:\/\/www.bbmnoticias.com\/labravaradiofm\/wp-json\/wp\/v2\/media\/49987"}],"wp:attachment":[{"href":"https:\/\/www.bbmnoticias.com\/labravaradiofm\/wp-json\/wp\/v2\/media?parent=49986"}],"wp:term":[{"taxonomy":"category","embeddable":true,"href":"https:\/\/www.bbmnoticias.com\/labravaradiofm\/wp-json\/wp\/v2\/categories?post=49986"},{"taxonomy":"post_tag","embeddable":true,"href":"https:\/\/www.bbmnoticias.com\/labravaradiofm\/wp-json\/wp\/v2\/tags?post=49986"}],"curies":[{"name":"wp","href":"https:\/\/api.w.org\/{rel}","templated":true}]}}