{"id":4998,"date":"2021-11-05T10:45:21","date_gmt":"2021-11-05T16:45:21","guid":{"rendered":"https:\/\/www.bbmnoticias.com\/labravaradiofm\/?p=4998"},"modified":"2021-11-05T10:45:22","modified_gmt":"2021-11-05T16:45:22","slug":"carlos-trevino-exdirector-de-pemex-ya-no-esta-en-mexico","status":"publish","type":"post","link":"https:\/\/www.bbmnoticias.com\/labravaradiofm\/2021\/11\/05\/carlos-trevino-exdirector-de-pemex-ya-no-esta-en-mexico\/","title":{"rendered":"Carlos Trevi\u00f1o, exdirector de Pemex, ya no est\u00e1 en M\u00e9xico"},"content":{"rendered":"<div style=\"margin-top: 0px; margin-bottom: 0px;\" class=\"sharethis-inline-share-buttons\" ><\/div>\n<p>Ante el trascendido sobre una orden de aprehensi\u00f3n contra Carlos Trevi\u00f1o, exdirector de Pemex, por no asistir a una audiencia, su abogado inform\u00f3 que <strong>ya no est\u00e1 en M\u00e9xico<\/strong>.<\/p>\n\n\n\n<p>De acuerdo con el abogado \u00d3scar Zamudio, el <strong>exdirector<\/strong> de Petr\u00f3leos Mexicanos (<strong>Pemex<\/strong>), <strong>Carlos Trevi\u00f1o<\/strong>, contin\u00faa con su misma estrategia de defensa fuera de M\u00e9xico.<\/p>\n\n\n\n<p>Emilio Lozoya, tambi\u00e9n ex director de Pemex, revel\u00f3 a la Fiscal\u00eda General de la Rep\u00fablica (FGR) que Carlos Trevi\u00f1o recibi\u00f3 sobornos en el caso Odebrecht por lo que se le acusa de:<\/p>\n\n\n\n<ul class=\"wp-block-list\"><li>Asociaci\u00f3n delictuosa<\/li><li>Lavado de dinero<\/li><\/ul>\n\n\n\n<h2 class=\"wp-block-heading\">FGR debe pedir cancelaci\u00f3n de orden de aprehensi\u00f3n contra Carlos Trevi\u00f1o si existe<\/h2>\n\n\n\n<p>\u00d3scar Zamudio, abogado de Carlos Trevi\u00f1o, inform\u00f3 que el exdirector de Pemex <strong>no est\u00e1 en M\u00e9xico<\/strong> actualmente.<\/p>\n\n\n\n<p>Adem\u00e1s, coment\u00f3 que si existiera una orden de aprehensi\u00f3n en su contra como ha trascendido en las \u00faltimas horas, la FGR deber\u00eda solicitar su cancelaci\u00f3n.<\/p>\n\n\n\n<figure class=\"wp-block-pullquote\"><blockquote><p>\u201cCreemos que la FGR en una acto de congruencia tendr\u00eda que pedir la cancelaci\u00f3n de orden de aprehensi\u00f3n que en su caso exista contra mi cliente\u201d  \u00d3scar Zamudio<\/p><\/blockquote><\/figure>\n\n\n\n<p>El abogado de <strong>Carlos Trevi\u00f1o<\/strong> dijo a Ciro G\u00f3mez Leyva, en F\u00f3rmula que si hay una orden de aprehensi\u00f3n contra su cliente no es porque haya cometido alg\u00fan delito.<\/p>\n\n\n\n<p>Explic\u00f3 que en todo caso ser\u00eda por no cumplir el capricho de un juez de obligarlo a ir a una audiencia en la que no estaba preparado y principalmente por una cuesti\u00f3n de incompetencia promovida antes de ese acto.<\/p>\n\n\n\n<p>\u201cNo&nbsp;nos consta que existe una orden de aprehensi\u00f3n en su contra\u201d por no haberse presentando a una audiencia el 7 de septiembre ante un juez a modo, coment\u00f3 el abogado de Carlos Trevi\u00f1o.<\/p>\n\n\n\n<h2 class=\"wp-block-heading\">\u00bfD\u00f3nde est\u00e1 Carlos Trevi\u00f1o, exdirector de Pemex?<\/h2>\n\n\n\n<p>Ya no se encuentra en M\u00e9xico el <strong>exdirector de Pemex<\/strong>, Carlos Trevi\u00f1o, acusado por Emilio Lozoya en el caso Odebrecht.<\/p>\n\n\n\n<p>De acuerdo con su abogado, \u00d3scar Zamudio, el ex funcionario se encuentra actualmente en Texas, Estados Unidos, cuyas autoridades est\u00e1n informadas del domicilio actual.<\/p>\n\n\n\n<figure class=\"wp-block-pullquote\"><blockquote><p>\u201cNo est\u00e1 en territorio mexicano, pero los est\u00e1 esperando. No se est\u00e1 escondiendo\u201d   \u00d3scar Zamudio<\/p><\/blockquote><\/figure>\n\n\n\n<p>El abogado de Carlos Trevi\u00f1o indic\u00f3 que en Estados Unidos tienen conocimiento de todas las mentiras en el caso de Odebrecht, que tiene que ver con descubrir con las mentiras de Emilio Lozoya.<\/p>\n\n\n\n<figure class=\"wp-block-pullquote\"><blockquote><p>\u201cYa avis\u00f3 al a autoridades estadounidenses donde est\u00e1 y esto es del conocimiento de las autoridades mexicanas tambi\u00e9n&#8230; Est\u00e1 en Texas y es todo lo que te puedo decir\u201d  \u00d3scar Zamudio<\/p><\/blockquote><\/figure>\n\n\n\n<p>El abogado del exdirector de Pemex apunt\u00f3 que su estrategia de defensa es la misma pese al trascendido de que hay una orden de aprehensi\u00f3n en contra de su cliente.<\/p>\n","protected":false},"excerpt":{"rendered":"<p>Ante el trascendido sobre una orden de aprehensi\u00f3n contra Carlos Trevi\u00f1o, exdirector de Pemex, por no asistir a una audiencia, su abogado inform\u00f3 que ya no est\u00e1 en M\u00e9xico. De acuerdo con el abogado \u00d3scar Zamudio, el exdirector de Petr\u00f3leos Mexicanos (Pemex), Carlos Trevi\u00f1o, contin\u00faa con su misma estrategia de defensa fuera de M\u00e9xico. Emilio [&hellip;]<\/p>\n","protected":false},"author":2,"featured_media":4999,"comment_status":"closed","ping_status":"closed","sticky":false,"template":"","format":"standard","meta":{"footnotes":""},"categories":[19],"tags":[],"class_list":{"0":"post-4998","1":"post","2":"type-post","3":"status-publish","4":"format-standard","5":"has-post-thumbnail","7":"category-nacional"},"yoast_head":"<!-- This site is optimized with the Yoast SEO plugin v27.4 - https:\/\/yoast.com\/product\/yoast-seo-wordpress\/ -->\n<title>Carlos Trevi\u00f1o, exdirector de Pemex, ya no est\u00e1 en M\u00e9xico - LA BRAVA RADIO<\/title>\n<meta name=\"robots\" content=\"index, follow, max-snippet:-1, max-image-preview:large, max-video-preview:-1\" \/>\n<link rel=\"canonical\" href=\"https:\/\/www.bbmnoticias.com\/labravaradiofm\/2021\/11\/05\/carlos-trevino-exdirector-de-pemex-ya-no-esta-en-mexico\/\" \/>\n<meta property=\"og:locale\" content=\"es_MX\" \/>\n<meta property=\"og:type\" content=\"article\" \/>\n<meta property=\"og:title\" content=\"Carlos Trevi\u00f1o, exdirector de Pemex, ya no est\u00e1 en M\u00e9xico - LA BRAVA RADIO\" \/>\n<meta property=\"og:description\" content=\"Ante el trascendido sobre una orden de aprehensi\u00f3n contra Carlos Trevi\u00f1o, exdirector de Pemex, por no asistir a una audiencia, su abogado inform\u00f3 que ya no est\u00e1 en M\u00e9xico. De acuerdo con el abogado \u00d3scar Zamudio, el exdirector de Petr\u00f3leos Mexicanos (Pemex), Carlos Trevi\u00f1o, contin\u00faa con su misma estrategia de defensa fuera de M\u00e9xico. Emilio [&hellip;]\" \/>\n<meta property=\"og:url\" content=\"https:\/\/www.bbmnoticias.com\/labravaradiofm\/2021\/11\/05\/carlos-trevino-exdirector-de-pemex-ya-no-esta-en-mexico\/\" \/>\n<meta property=\"og:site_name\" content=\"LA BRAVA RADIO\" \/>\n<meta property=\"article:published_time\" content=\"2021-11-05T16:45:21+00:00\" \/>\n<meta property=\"article:modified_time\" content=\"2021-11-05T16:45:22+00:00\" \/>\n<meta property=\"og:image\" content=\"https:\/\/www.bbmnoticias.com\/labravaradiofm\/wp-content\/uploads\/sites\/5\/2021\/11\/n05112021-5.jpg\" \/>\n\t<meta property=\"og:image:width\" content=\"640\" \/>\n\t<meta property=\"og:image:height\" content=\"360\" \/>\n\t<meta property=\"og:image:type\" content=\"image\/jpeg\" \/>\n<meta name=\"author\" content=\"Staff\" \/>\n<meta name=\"twitter:card\" content=\"summary_large_image\" \/>\n<meta name=\"twitter:label1\" content=\"Escrito por\" \/>\n\t<meta name=\"twitter:data1\" content=\"Staff\" \/>\n\t<meta name=\"twitter:label2\" content=\"Tiempo de lectura\" \/>\n\t<meta name=\"twitter:data2\" content=\"2 minutos\" \/>\n<script type=\"application\/ld+json\" class=\"yoast-schema-graph\">{\"@context\":\"https:\\\/\\\/schema.org\",\"@graph\":[{\"@type\":\"Article\",\"@id\":\"https:\\\/\\\/www.bbmnoticias.com\\\/labravaradiofm\\\/2021\\\/11\\\/05\\\/carlos-trevino-exdirector-de-pemex-ya-no-esta-en-mexico\\\/#article\",\"isPartOf\":{\"@id\":\"https:\\\/\\\/www.bbmnoticias.com\\\/labravaradiofm\\\/2021\\\/11\\\/05\\\/carlos-trevino-exdirector-de-pemex-ya-no-esta-en-mexico\\\/\"},\"author\":{\"name\":\"Staff\",\"@id\":\"https:\\\/\\\/www.bbmnoticias.com\\\/labravaradiofm\\\/#\\\/schema\\\/person\\\/68a9e9036ef3c5b55aeb2b71dc8bab45\"},\"headline\":\"Carlos Trevi\u00f1o, exdirector de Pemex, ya no est\u00e1 en M\u00e9xico\",\"datePublished\":\"2021-11-05T16:45:21+00:00\",\"dateModified\":\"2021-11-05T16:45:22+00:00\",\"mainEntityOfPage\":{\"@id\":\"https:\\\/\\\/www.bbmnoticias.com\\\/labravaradiofm\\\/2021\\\/11\\\/05\\\/carlos-trevino-exdirector-de-pemex-ya-no-esta-en-mexico\\\/\"},\"wordCount\":489,\"image\":{\"@id\":\"https:\\\/\\\/www.bbmnoticias.com\\\/labravaradiofm\\\/2021\\\/11\\\/05\\\/carlos-trevino-exdirector-de-pemex-ya-no-esta-en-mexico\\\/#primaryimage\"},\"thumbnailUrl\":\"https:\\\/\\\/www.bbmnoticias.com\\\/labravaradiofm\\\/wp-content\\\/uploads\\\/sites\\\/5\\\/2021\\\/11\\\/n05112021-5.jpg\",\"articleSection\":[\"NACIONAL\"],\"inLanguage\":\"es\"},{\"@type\":\"WebPage\",\"@id\":\"https:\\\/\\\/www.bbmnoticias.com\\\/labravaradiofm\\\/2021\\\/11\\\/05\\\/carlos-trevino-exdirector-de-pemex-ya-no-esta-en-mexico\\\/\",\"url\":\"https:\\\/\\\/www.bbmnoticias.com\\\/labravaradiofm\\\/2021\\\/11\\\/05\\\/carlos-trevino-exdirector-de-pemex-ya-no-esta-en-mexico\\\/\",\"name\":\"Carlos Trevi\u00f1o, exdirector de Pemex, ya no est\u00e1 en M\u00e9xico - LA BRAVA RADIO\",\"isPartOf\":{\"@id\":\"https:\\\/\\\/www.bbmnoticias.com\\\/labravaradiofm\\\/#website\"},\"primaryImageOfPage\":{\"@id\":\"https:\\\/\\\/www.bbmnoticias.com\\\/labravaradiofm\\\/2021\\\/11\\\/05\\\/carlos-trevino-exdirector-de-pemex-ya-no-esta-en-mexico\\\/#primaryimage\"},\"image\":{\"@id\":\"https:\\\/\\\/www.bbmnoticias.com\\\/labravaradiofm\\\/2021\\\/11\\\/05\\\/carlos-trevino-exdirector-de-pemex-ya-no-esta-en-mexico\\\/#primaryimage\"},\"thumbnailUrl\":\"https:\\\/\\\/www.bbmnoticias.com\\\/labravaradiofm\\\/wp-content\\\/uploads\\\/sites\\\/5\\\/2021\\\/11\\\/n05112021-5.jpg\",\"datePublished\":\"2021-11-05T16:45:21+00:00\",\"dateModified\":\"2021-11-05T16:45:22+00:00\",\"author\":{\"@id\":\"https:\\\/\\\/www.bbmnoticias.com\\\/labravaradiofm\\\/#\\\/schema\\\/person\\\/68a9e9036ef3c5b55aeb2b71dc8bab45\"},\"breadcrumb\":{\"@id\":\"https:\\\/\\\/www.bbmnoticias.com\\\/labravaradiofm\\\/2021\\\/11\\\/05\\\/carlos-trevino-exdirector-de-pemex-ya-no-esta-en-mexico\\\/#breadcrumb\"},\"inLanguage\":\"es\",\"potentialAction\":[{\"@type\":\"ReadAction\",\"target\":[\"https:\\\/\\\/www.bbmnoticias.com\\\/labravaradiofm\\\/2021\\\/11\\\/05\\\/carlos-trevino-exdirector-de-pemex-ya-no-esta-en-mexico\\\/\"]}]},{\"@type\":\"ImageObject\",\"inLanguage\":\"es\",\"@id\":\"https:\\\/\\\/www.bbmnoticias.com\\\/labravaradiofm\\\/2021\\\/11\\\/05\\\/carlos-trevino-exdirector-de-pemex-ya-no-esta-en-mexico\\\/#primaryimage\",\"url\":\"https:\\\/\\\/www.bbmnoticias.com\\\/labravaradiofm\\\/wp-content\\\/uploads\\\/sites\\\/5\\\/2021\\\/11\\\/n05112021-5.jpg\",\"contentUrl\":\"https:\\\/\\\/www.bbmnoticias.com\\\/labravaradiofm\\\/wp-content\\\/uploads\\\/sites\\\/5\\\/2021\\\/11\\\/n05112021-5.jpg\",\"width\":640,\"height\":360},{\"@type\":\"BreadcrumbList\",\"@id\":\"https:\\\/\\\/www.bbmnoticias.com\\\/labravaradiofm\\\/2021\\\/11\\\/05\\\/carlos-trevino-exdirector-de-pemex-ya-no-esta-en-mexico\\\/#breadcrumb\",\"itemListElement\":[{\"@type\":\"ListItem\",\"position\":1,\"name\":\"Inicio\",\"item\":\"https:\\\/\\\/www.bbmnoticias.com\\\/labravaradiofm\\\/\"},{\"@type\":\"ListItem\",\"position\":2,\"name\":\"Carlos Trevi\u00f1o, exdirector de Pemex, ya no est\u00e1 en M\u00e9xico\"}]},{\"@type\":\"WebSite\",\"@id\":\"https:\\\/\\\/www.bbmnoticias.com\\\/labravaradiofm\\\/#website\",\"url\":\"https:\\\/\\\/www.bbmnoticias.com\\\/labravaradiofm\\\/\",\"name\":\"LA BRAVA RADIO\",\"description\":\"Empresa productora de medios, Radiodifusi\u00f3n, Noticias, tendencias y todo lo que necesitas saber de la pol\u00edtica mexicana e internacional; entretenimiento, espect\u00e1culos, salud y mucho m\u00e1s.\",\"potentialAction\":[{\"@type\":\"SearchAction\",\"target\":{\"@type\":\"EntryPoint\",\"urlTemplate\":\"https:\\\/\\\/www.bbmnoticias.com\\\/labravaradiofm\\\/?s={search_term_string}\"},\"query-input\":{\"@type\":\"PropertyValueSpecification\",\"valueRequired\":true,\"valueName\":\"search_term_string\"}}],\"inLanguage\":\"es\"},{\"@type\":\"Person\",\"@id\":\"https:\\\/\\\/www.bbmnoticias.com\\\/labravaradiofm\\\/#\\\/schema\\\/person\\\/68a9e9036ef3c5b55aeb2b71dc8bab45\",\"name\":\"Staff\",\"image\":{\"@type\":\"ImageObject\",\"inLanguage\":\"es\",\"@id\":\"https:\\\/\\\/secure.gravatar.com\\\/avatar\\\/fdd21ad66fd8b98c407f9dee5b5e588cfe7f0d8579ec20fa6527cd59bab7f0f0?s=96&d=mm&r=g\",\"url\":\"https:\\\/\\\/secure.gravatar.com\\\/avatar\\\/fdd21ad66fd8b98c407f9dee5b5e588cfe7f0d8579ec20fa6527cd59bab7f0f0?s=96&d=mm&r=g\",\"contentUrl\":\"https:\\\/\\\/secure.gravatar.com\\\/avatar\\\/fdd21ad66fd8b98c407f9dee5b5e588cfe7f0d8579ec20fa6527cd59bab7f0f0?s=96&d=mm&r=g\",\"caption\":\"Staff\"},\"url\":\"https:\\\/\\\/www.bbmnoticias.com\\\/labravaradiofm\\\/author\\\/redaccion\\\/\"}]}<\/script>\n<!-- \/ Yoast SEO plugin. -->","yoast_head_json":{"title":"Carlos Trevi\u00f1o, exdirector de Pemex, ya no est\u00e1 en M\u00e9xico - LA BRAVA RADIO","robots":{"index":"index","follow":"follow","max-snippet":"max-snippet:-1","max-image-preview":"max-image-preview:large","max-video-preview":"max-video-preview:-1"},"canonical":"https:\/\/www.bbmnoticias.com\/labravaradiofm\/2021\/11\/05\/carlos-trevino-exdirector-de-pemex-ya-no-esta-en-mexico\/","og_locale":"es_MX","og_type":"article","og_title":"Carlos Trevi\u00f1o, exdirector de Pemex, ya no est\u00e1 en M\u00e9xico - LA BRAVA RADIO","og_description":"Ante el trascendido sobre una orden de aprehensi\u00f3n contra Carlos Trevi\u00f1o, exdirector de Pemex, por no asistir a una audiencia, su abogado inform\u00f3 que ya no est\u00e1 en M\u00e9xico. De acuerdo con el abogado \u00d3scar Zamudio, el exdirector de Petr\u00f3leos Mexicanos (Pemex), Carlos Trevi\u00f1o, contin\u00faa con su misma estrategia de defensa fuera de M\u00e9xico. Emilio [&hellip;]","og_url":"https:\/\/www.bbmnoticias.com\/labravaradiofm\/2021\/11\/05\/carlos-trevino-exdirector-de-pemex-ya-no-esta-en-mexico\/","og_site_name":"LA BRAVA RADIO","article_published_time":"2021-11-05T16:45:21+00:00","article_modified_time":"2021-11-05T16:45:22+00:00","og_image":[{"width":640,"height":360,"url":"https:\/\/www.bbmnoticias.com\/labravaradiofm\/wp-content\/uploads\/sites\/5\/2021\/11\/n05112021-5.jpg","type":"image\/jpeg"}],"author":"Staff","twitter_card":"summary_large_image","twitter_misc":{"Escrito por":"Staff","Tiempo de lectura":"2 minutos"},"schema":{"@context":"https:\/\/schema.org","@graph":[{"@type":"Article","@id":"https:\/\/www.bbmnoticias.com\/labravaradiofm\/2021\/11\/05\/carlos-trevino-exdirector-de-pemex-ya-no-esta-en-mexico\/#article","isPartOf":{"@id":"https:\/\/www.bbmnoticias.com\/labravaradiofm\/2021\/11\/05\/carlos-trevino-exdirector-de-pemex-ya-no-esta-en-mexico\/"},"author":{"name":"Staff","@id":"https:\/\/www.bbmnoticias.com\/labravaradiofm\/#\/schema\/person\/68a9e9036ef3c5b55aeb2b71dc8bab45"},"headline":"Carlos Trevi\u00f1o, exdirector de Pemex, ya no est\u00e1 en M\u00e9xico","datePublished":"2021-11-05T16:45:21+00:00","dateModified":"2021-11-05T16:45:22+00:00","mainEntityOfPage":{"@id":"https:\/\/www.bbmnoticias.com\/labravaradiofm\/2021\/11\/05\/carlos-trevino-exdirector-de-pemex-ya-no-esta-en-mexico\/"},"wordCount":489,"image":{"@id":"https:\/\/www.bbmnoticias.com\/labravaradiofm\/2021\/11\/05\/carlos-trevino-exdirector-de-pemex-ya-no-esta-en-mexico\/#primaryimage"},"thumbnailUrl":"https:\/\/www.bbmnoticias.com\/labravaradiofm\/wp-content\/uploads\/sites\/5\/2021\/11\/n05112021-5.jpg","articleSection":["NACIONAL"],"inLanguage":"es"},{"@type":"WebPage","@id":"https:\/\/www.bbmnoticias.com\/labravaradiofm\/2021\/11\/05\/carlos-trevino-exdirector-de-pemex-ya-no-esta-en-mexico\/","url":"https:\/\/www.bbmnoticias.com\/labravaradiofm\/2021\/11\/05\/carlos-trevino-exdirector-de-pemex-ya-no-esta-en-mexico\/","name":"Carlos Trevi\u00f1o, exdirector de Pemex, ya no est\u00e1 en M\u00e9xico - LA BRAVA RADIO","isPartOf":{"@id":"https:\/\/www.bbmnoticias.com\/labravaradiofm\/#website"},"primaryImageOfPage":{"@id":"https:\/\/www.bbmnoticias.com\/labravaradiofm\/2021\/11\/05\/carlos-trevino-exdirector-de-pemex-ya-no-esta-en-mexico\/#primaryimage"},"image":{"@id":"https:\/\/www.bbmnoticias.com\/labravaradiofm\/2021\/11\/05\/carlos-trevino-exdirector-de-pemex-ya-no-esta-en-mexico\/#primaryimage"},"thumbnailUrl":"https:\/\/www.bbmnoticias.com\/labravaradiofm\/wp-content\/uploads\/sites\/5\/2021\/11\/n05112021-5.jpg","datePublished":"2021-11-05T16:45:21+00:00","dateModified":"2021-11-05T16:45:22+00:00","author":{"@id":"https:\/\/www.bbmnoticias.com\/labravaradiofm\/#\/schema\/person\/68a9e9036ef3c5b55aeb2b71dc8bab45"},"breadcrumb":{"@id":"https:\/\/www.bbmnoticias.com\/labravaradiofm\/2021\/11\/05\/carlos-trevino-exdirector-de-pemex-ya-no-esta-en-mexico\/#breadcrumb"},"inLanguage":"es","potentialAction":[{"@type":"ReadAction","target":["https:\/\/www.bbmnoticias.com\/labravaradiofm\/2021\/11\/05\/carlos-trevino-exdirector-de-pemex-ya-no-esta-en-mexico\/"]}]},{"@type":"ImageObject","inLanguage":"es","@id":"https:\/\/www.bbmnoticias.com\/labravaradiofm\/2021\/11\/05\/carlos-trevino-exdirector-de-pemex-ya-no-esta-en-mexico\/#primaryimage","url":"https:\/\/www.bbmnoticias.com\/labravaradiofm\/wp-content\/uploads\/sites\/5\/2021\/11\/n05112021-5.jpg","contentUrl":"https:\/\/www.bbmnoticias.com\/labravaradiofm\/wp-content\/uploads\/sites\/5\/2021\/11\/n05112021-5.jpg","width":640,"height":360},{"@type":"BreadcrumbList","@id":"https:\/\/www.bbmnoticias.com\/labravaradiofm\/2021\/11\/05\/carlos-trevino-exdirector-de-pemex-ya-no-esta-en-mexico\/#breadcrumb","itemListElement":[{"@type":"ListItem","position":1,"name":"Inicio","item":"https:\/\/www.bbmnoticias.com\/labravaradiofm\/"},{"@type":"ListItem","position":2,"name":"Carlos Trevi\u00f1o, exdirector de Pemex, ya no est\u00e1 en M\u00e9xico"}]},{"@type":"WebSite","@id":"https:\/\/www.bbmnoticias.com\/labravaradiofm\/#website","url":"https:\/\/www.bbmnoticias.com\/labravaradiofm\/","name":"LA BRAVA RADIO","description":"Empresa productora de medios, Radiodifusi\u00f3n, Noticias, tendencias y todo lo que necesitas saber de la pol\u00edtica mexicana e internacional; entretenimiento, espect\u00e1culos, salud y mucho m\u00e1s.","potentialAction":[{"@type":"SearchAction","target":{"@type":"EntryPoint","urlTemplate":"https:\/\/www.bbmnoticias.com\/labravaradiofm\/?s={search_term_string}"},"query-input":{"@type":"PropertyValueSpecification","valueRequired":true,"valueName":"search_term_string"}}],"inLanguage":"es"},{"@type":"Person","@id":"https:\/\/www.bbmnoticias.com\/labravaradiofm\/#\/schema\/person\/68a9e9036ef3c5b55aeb2b71dc8bab45","name":"Staff","image":{"@type":"ImageObject","inLanguage":"es","@id":"https:\/\/secure.gravatar.com\/avatar\/fdd21ad66fd8b98c407f9dee5b5e588cfe7f0d8579ec20fa6527cd59bab7f0f0?s=96&d=mm&r=g","url":"https:\/\/secure.gravatar.com\/avatar\/fdd21ad66fd8b98c407f9dee5b5e588cfe7f0d8579ec20fa6527cd59bab7f0f0?s=96&d=mm&r=g","contentUrl":"https:\/\/secure.gravatar.com\/avatar\/fdd21ad66fd8b98c407f9dee5b5e588cfe7f0d8579ec20fa6527cd59bab7f0f0?s=96&d=mm&r=g","caption":"Staff"},"url":"https:\/\/www.bbmnoticias.com\/labravaradiofm\/author\/redaccion\/"}]}},"_links":{"self":[{"href":"https:\/\/www.bbmnoticias.com\/labravaradiofm\/wp-json\/wp\/v2\/posts\/4998","targetHints":{"allow":["GET"]}}],"collection":[{"href":"https:\/\/www.bbmnoticias.com\/labravaradiofm\/wp-json\/wp\/v2\/posts"}],"about":[{"href":"https:\/\/www.bbmnoticias.com\/labravaradiofm\/wp-json\/wp\/v2\/types\/post"}],"author":[{"embeddable":true,"href":"https:\/\/www.bbmnoticias.com\/labravaradiofm\/wp-json\/wp\/v2\/users\/2"}],"replies":[{"embeddable":true,"href":"https:\/\/www.bbmnoticias.com\/labravaradiofm\/wp-json\/wp\/v2\/comments?post=4998"}],"version-history":[{"count":0,"href":"https:\/\/www.bbmnoticias.com\/labravaradiofm\/wp-json\/wp\/v2\/posts\/4998\/revisions"}],"wp:featuredmedia":[{"embeddable":true,"href":"https:\/\/www.bbmnoticias.com\/labravaradiofm\/wp-json\/wp\/v2\/media\/4999"}],"wp:attachment":[{"href":"https:\/\/www.bbmnoticias.com\/labravaradiofm\/wp-json\/wp\/v2\/media?parent=4998"}],"wp:term":[{"taxonomy":"category","embeddable":true,"href":"https:\/\/www.bbmnoticias.com\/labravaradiofm\/wp-json\/wp\/v2\/categories?post=4998"},{"taxonomy":"post_tag","embeddable":true,"href":"https:\/\/www.bbmnoticias.com\/labravaradiofm\/wp-json\/wp\/v2\/tags?post=4998"}],"curies":[{"name":"wp","href":"https:\/\/api.w.org\/{rel}","templated":true}]}}