{"id":49978,"date":"2024-11-13T10:46:22","date_gmt":"2024-11-13T16:46:22","guid":{"rendered":"https:\/\/www.bbmnoticias.com\/labravaradiofm\/?p=49978"},"modified":"2024-11-13T10:46:26","modified_gmt":"2024-11-13T16:46:26","slug":"gobierno-de-sheinbaum-crea-el-derecho-petrolero-para-el-bienestar-en-pemex","status":"publish","type":"post","link":"https:\/\/www.bbmnoticias.com\/labravaradiofm\/2024\/11\/13\/gobierno-de-sheinbaum-crea-el-derecho-petrolero-para-el-bienestar-en-pemex\/","title":{"rendered":"Gobierno de Sheinbaum crea el Derecho Petrolero para el Bienestar en Pemex"},"content":{"rendered":"<div style=\"margin-top: 0px; margin-bottom: 0px;\" class=\"sharethis-inline-share-buttons\" ><\/div>\n<p>La presidenta de M\u00e9xico, <strong>Claudia Sheinbaum Pardo<\/strong>, asegur\u00f3 que \u201ces una <strong>decisi\u00f3n<\/strong> del <strong>Senado<\/strong>\u201d la <strong>reelecci\u00f3n<\/strong> de <strong>Rosario Piedra Ibarra<\/strong> al frente de la <strong>Comisi\u00f3n Nacional de los Derechos Humanos<\/strong> (<strong>CNDH<\/strong>).<\/p>\n\n\n\n<figure class=\"wp-block-pullquote\"><blockquote><p>Es una decisi\u00f3n del Senado la que se tom\u00f3 ayer, y hasta ah\u00ed\u201d, apunt\u00f3 la mandataria mexicana en la conferencia matutina de Palacio Nacional.<\/p><\/blockquote><\/figure>\n\n\n\n<figure class=\"wp-block-embed is-type-video is-provider-youtube wp-block-embed-youtube wp-embed-aspect-16-9 wp-has-aspect-ratio\"><div class=\"wp-block-embed__wrapper\">\n<div class=\"youtube-embed\" data-video_id=\"z_NICQ_5D1s\"><iframe loading=\"lazy\" title=\"Conferencia matutina del mie\u0301rcoles 13 de noviembre, 2024.0030\" width=\"696\" height=\"392\" src=\"https:\/\/www.youtube.com\/embed\/z_NICQ_5D1s?feature=oembed&#038;enablejsapi=1\" frameborder=\"0\" allow=\"accelerometer; autoplay; clipboard-write; encrypted-media; gyroscope; picture-in-picture; web-share\" referrerpolicy=\"strict-origin-when-cross-origin\" allowfullscreen><\/iframe><\/div>\n<\/div><\/figure>\n\n\n\n<p>El Senado de la Rep\u00fablica reeligi\u00f3 a Rosario Piedra Ibarra como presidenta de la Comisi\u00f3n Nacional de los Derechos Humanos para un segundo per\u00edodo y pese a ser la peor evaluada de las candidatas y no contar con apoyo de ninguna asociaci\u00f3n civil.<\/p>\n\n\n\n<p>En una sesi\u00f3n que se prolong\u00f3 hasta la madrugada, Piedra Ibarra, quien en 2019 se convirti\u00f3 en la segunda mujer que llegaba a la presidencia el organismo, se apunt\u00f3 como la primera de los siete titulares que ha tenido la aut\u00f3noma CNDH, desde 1990, que ha repetido en el cargo.<\/p>\n\n\n\n<p>En la votaci\u00f3n en la C\u00e1mara Alta, Piedra Ibarra alcanz\u00f3 87 votos, los necesarios para alcanzar la mayor\u00eda calificada.<\/p>\n\n\n\n<p>Mientras que las otras dos integrantes de la terna, <strong>Nashieli Ram\u00edrez<\/strong>, actual presidenta de la Comisi\u00f3n de Derechos Humanos de la Ciudad de M\u00e9xico, y la <strong>abogada Paulina Hern\u00e1ndez Diz<\/strong>, obtuvieron 36 y 1 sufragios, respectivamente.<\/p>\n\n\n\n<p>La reelecci\u00f3n de Piedra Ibarra provoc\u00f3 posiciones encontradas de los senadores oficialistas y opositores.<\/p>\n\n\n\n<p>Esta reelecci\u00f3n se dio en medio de cr\u00edticas de la oposici\u00f3n y de organizaciones civiles, entre ellas Amnist\u00eda Internacional, que han destacado que M\u00e9xico vive una crisis de derechos humanos con miles de desaparecidos y v\u00edctimas de violencia, donde la direcci\u00f3n de la CNDH es fundamental.<\/p>\n\n\n\n<p>Piedra Ibarra ha sido muy criticada por haber sido impuesta por el expresidente Andr\u00e9s Manuel L\u00f3pez Obrador (2018-2024) y por, presuntamente, dirigir el organismo a favor del Gobierno.<\/p>\n","protected":false},"excerpt":{"rendered":"<p>La presidenta de M\u00e9xico, Claudia Sheinbaum Pardo, asegur\u00f3 que \u201ces una decisi\u00f3n del Senado\u201d la reelecci\u00f3n de Rosario Piedra Ibarra al frente de la Comisi\u00f3n Nacional de los Derechos Humanos (CNDH). Es una decisi\u00f3n del Senado la que se tom\u00f3 ayer, y hasta ah\u00ed\u201d, apunt\u00f3 la mandataria mexicana en la conferencia matutina de Palacio Nacional. [&hellip;]<\/p>\n","protected":false},"author":4,"featured_media":49979,"comment_status":"closed","ping_status":"closed","sticky":false,"template":"","format":"standard","meta":{"footnotes":""},"categories":[19],"tags":[],"class_list":{"0":"post-49978","1":"post","2":"type-post","3":"status-publish","4":"format-standard","5":"has-post-thumbnail","7":"category-nacional"},"yoast_head":"<!-- This site is optimized with the Yoast SEO plugin v27.4 - https:\/\/yoast.com\/product\/yoast-seo-wordpress\/ -->\n<title>Gobierno de Sheinbaum crea el Derecho Petrolero para el Bienestar en Pemex - LA BRAVA RADIO<\/title>\n<meta name=\"robots\" content=\"index, follow, max-snippet:-1, max-image-preview:large, max-video-preview:-1\" \/>\n<link rel=\"canonical\" href=\"https:\/\/www.bbmnoticias.com\/labravaradiofm\/2024\/11\/13\/gobierno-de-sheinbaum-crea-el-derecho-petrolero-para-el-bienestar-en-pemex\/\" \/>\n<meta property=\"og:locale\" content=\"es_MX\" \/>\n<meta property=\"og:type\" content=\"article\" \/>\n<meta property=\"og:title\" content=\"Gobierno de Sheinbaum crea el Derecho Petrolero para el Bienestar en Pemex - LA BRAVA RADIO\" \/>\n<meta property=\"og:description\" content=\"La presidenta de M\u00e9xico, Claudia Sheinbaum Pardo, asegur\u00f3 que \u201ces una decisi\u00f3n del Senado\u201d la reelecci\u00f3n de Rosario Piedra Ibarra al frente de la Comisi\u00f3n Nacional de los Derechos Humanos (CNDH). Es una decisi\u00f3n del Senado la que se tom\u00f3 ayer, y hasta ah\u00ed\u201d, apunt\u00f3 la mandataria mexicana en la conferencia matutina de Palacio Nacional. [&hellip;]\" \/>\n<meta property=\"og:url\" content=\"https:\/\/www.bbmnoticias.com\/labravaradiofm\/2024\/11\/13\/gobierno-de-sheinbaum-crea-el-derecho-petrolero-para-el-bienestar-en-pemex\/\" \/>\n<meta property=\"og:site_name\" content=\"LA BRAVA RADIO\" \/>\n<meta property=\"article:published_time\" content=\"2024-11-13T16:46:22+00:00\" \/>\n<meta property=\"article:modified_time\" content=\"2024-11-13T16:46:26+00:00\" \/>\n<meta property=\"og:image\" content=\"https:\/\/www.bbmnoticias.com\/labravaradiofm\/wp-content\/uploads\/sites\/5\/2024\/11\/pemex-edifico.webp\" \/>\n\t<meta property=\"og:image:width\" content=\"1536\" \/>\n\t<meta property=\"og:image:height\" content=\"1087\" \/>\n\t<meta property=\"og:image:type\" content=\"image\/webp\" \/>\n<meta name=\"author\" content=\"Agencias\" \/>\n<meta name=\"twitter:card\" content=\"summary_large_image\" \/>\n<meta name=\"twitter:label1\" content=\"Escrito por\" \/>\n\t<meta name=\"twitter:data1\" content=\"Agencias\" \/>\n\t<meta name=\"twitter:label2\" content=\"Tiempo de lectura\" \/>\n\t<meta name=\"twitter:data2\" content=\"2 minutos\" \/>\n<script type=\"application\/ld+json\" class=\"yoast-schema-graph\">{\"@context\":\"https:\\\/\\\/schema.org\",\"@graph\":[{\"@type\":\"Article\",\"@id\":\"https:\\\/\\\/www.bbmnoticias.com\\\/labravaradiofm\\\/2024\\\/11\\\/13\\\/gobierno-de-sheinbaum-crea-el-derecho-petrolero-para-el-bienestar-en-pemex\\\/#article\",\"isPartOf\":{\"@id\":\"https:\\\/\\\/www.bbmnoticias.com\\\/labravaradiofm\\\/2024\\\/11\\\/13\\\/gobierno-de-sheinbaum-crea-el-derecho-petrolero-para-el-bienestar-en-pemex\\\/\"},\"author\":{\"name\":\"Agencias\",\"@id\":\"https:\\\/\\\/www.bbmnoticias.com\\\/labravaradiofm\\\/#\\\/schema\\\/person\\\/000bdaf0a8fb5bff0d537c4d0778e33f\"},\"headline\":\"Gobierno de Sheinbaum crea el Derecho Petrolero para el Bienestar en Pemex\",\"datePublished\":\"2024-11-13T16:46:22+00:00\",\"dateModified\":\"2024-11-13T16:46:26+00:00\",\"mainEntityOfPage\":{\"@id\":\"https:\\\/\\\/www.bbmnoticias.com\\\/labravaradiofm\\\/2024\\\/11\\\/13\\\/gobierno-de-sheinbaum-crea-el-derecho-petrolero-para-el-bienestar-en-pemex\\\/\"},\"wordCount\":336,\"image\":{\"@id\":\"https:\\\/\\\/www.bbmnoticias.com\\\/labravaradiofm\\\/2024\\\/11\\\/13\\\/gobierno-de-sheinbaum-crea-el-derecho-petrolero-para-el-bienestar-en-pemex\\\/#primaryimage\"},\"thumbnailUrl\":\"https:\\\/\\\/www.bbmnoticias.com\\\/labravaradiofm\\\/wp-content\\\/uploads\\\/sites\\\/5\\\/2024\\\/11\\\/pemex-edifico.webp\",\"articleSection\":[\"NACIONAL\"],\"inLanguage\":\"es\"},{\"@type\":\"WebPage\",\"@id\":\"https:\\\/\\\/www.bbmnoticias.com\\\/labravaradiofm\\\/2024\\\/11\\\/13\\\/gobierno-de-sheinbaum-crea-el-derecho-petrolero-para-el-bienestar-en-pemex\\\/\",\"url\":\"https:\\\/\\\/www.bbmnoticias.com\\\/labravaradiofm\\\/2024\\\/11\\\/13\\\/gobierno-de-sheinbaum-crea-el-derecho-petrolero-para-el-bienestar-en-pemex\\\/\",\"name\":\"Gobierno de Sheinbaum crea el Derecho Petrolero para el Bienestar en Pemex - LA BRAVA RADIO\",\"isPartOf\":{\"@id\":\"https:\\\/\\\/www.bbmnoticias.com\\\/labravaradiofm\\\/#website\"},\"primaryImageOfPage\":{\"@id\":\"https:\\\/\\\/www.bbmnoticias.com\\\/labravaradiofm\\\/2024\\\/11\\\/13\\\/gobierno-de-sheinbaum-crea-el-derecho-petrolero-para-el-bienestar-en-pemex\\\/#primaryimage\"},\"image\":{\"@id\":\"https:\\\/\\\/www.bbmnoticias.com\\\/labravaradiofm\\\/2024\\\/11\\\/13\\\/gobierno-de-sheinbaum-crea-el-derecho-petrolero-para-el-bienestar-en-pemex\\\/#primaryimage\"},\"thumbnailUrl\":\"https:\\\/\\\/www.bbmnoticias.com\\\/labravaradiofm\\\/wp-content\\\/uploads\\\/sites\\\/5\\\/2024\\\/11\\\/pemex-edifico.webp\",\"datePublished\":\"2024-11-13T16:46:22+00:00\",\"dateModified\":\"2024-11-13T16:46:26+00:00\",\"author\":{\"@id\":\"https:\\\/\\\/www.bbmnoticias.com\\\/labravaradiofm\\\/#\\\/schema\\\/person\\\/000bdaf0a8fb5bff0d537c4d0778e33f\"},\"breadcrumb\":{\"@id\":\"https:\\\/\\\/www.bbmnoticias.com\\\/labravaradiofm\\\/2024\\\/11\\\/13\\\/gobierno-de-sheinbaum-crea-el-derecho-petrolero-para-el-bienestar-en-pemex\\\/#breadcrumb\"},\"inLanguage\":\"es\",\"potentialAction\":[{\"@type\":\"ReadAction\",\"target\":[\"https:\\\/\\\/www.bbmnoticias.com\\\/labravaradiofm\\\/2024\\\/11\\\/13\\\/gobierno-de-sheinbaum-crea-el-derecho-petrolero-para-el-bienestar-en-pemex\\\/\"]}]},{\"@type\":\"ImageObject\",\"inLanguage\":\"es\",\"@id\":\"https:\\\/\\\/www.bbmnoticias.com\\\/labravaradiofm\\\/2024\\\/11\\\/13\\\/gobierno-de-sheinbaum-crea-el-derecho-petrolero-para-el-bienestar-en-pemex\\\/#primaryimage\",\"url\":\"https:\\\/\\\/www.bbmnoticias.com\\\/labravaradiofm\\\/wp-content\\\/uploads\\\/sites\\\/5\\\/2024\\\/11\\\/pemex-edifico.webp\",\"contentUrl\":\"https:\\\/\\\/www.bbmnoticias.com\\\/labravaradiofm\\\/wp-content\\\/uploads\\\/sites\\\/5\\\/2024\\\/11\\\/pemex-edifico.webp\",\"width\":1536,\"height\":1087},{\"@type\":\"BreadcrumbList\",\"@id\":\"https:\\\/\\\/www.bbmnoticias.com\\\/labravaradiofm\\\/2024\\\/11\\\/13\\\/gobierno-de-sheinbaum-crea-el-derecho-petrolero-para-el-bienestar-en-pemex\\\/#breadcrumb\",\"itemListElement\":[{\"@type\":\"ListItem\",\"position\":1,\"name\":\"Inicio\",\"item\":\"https:\\\/\\\/www.bbmnoticias.com\\\/labravaradiofm\\\/\"},{\"@type\":\"ListItem\",\"position\":2,\"name\":\"Gobierno de Sheinbaum crea el Derecho Petrolero para el Bienestar en Pemex\"}]},{\"@type\":\"WebSite\",\"@id\":\"https:\\\/\\\/www.bbmnoticias.com\\\/labravaradiofm\\\/#website\",\"url\":\"https:\\\/\\\/www.bbmnoticias.com\\\/labravaradiofm\\\/\",\"name\":\"LA BRAVA RADIO\",\"description\":\"Empresa productora de medios, Radiodifusi\u00f3n, Noticias, tendencias y todo lo que necesitas saber de la pol\u00edtica mexicana e internacional; entretenimiento, espect\u00e1culos, salud y mucho m\u00e1s.\",\"potentialAction\":[{\"@type\":\"SearchAction\",\"target\":{\"@type\":\"EntryPoint\",\"urlTemplate\":\"https:\\\/\\\/www.bbmnoticias.com\\\/labravaradiofm\\\/?s={search_term_string}\"},\"query-input\":{\"@type\":\"PropertyValueSpecification\",\"valueRequired\":true,\"valueName\":\"search_term_string\"}}],\"inLanguage\":\"es\"},{\"@type\":\"Person\",\"@id\":\"https:\\\/\\\/www.bbmnoticias.com\\\/labravaradiofm\\\/#\\\/schema\\\/person\\\/000bdaf0a8fb5bff0d537c4d0778e33f\",\"name\":\"Agencias\",\"image\":{\"@type\":\"ImageObject\",\"inLanguage\":\"es\",\"@id\":\"https:\\\/\\\/secure.gravatar.com\\\/avatar\\\/739e0b61adf9e398b425c36718c8752286da0e8cd90f20ce9a86678abc26aa0d?s=96&d=mm&r=g\",\"url\":\"https:\\\/\\\/secure.gravatar.com\\\/avatar\\\/739e0b61adf9e398b425c36718c8752286da0e8cd90f20ce9a86678abc26aa0d?s=96&d=mm&r=g\",\"contentUrl\":\"https:\\\/\\\/secure.gravatar.com\\\/avatar\\\/739e0b61adf9e398b425c36718c8752286da0e8cd90f20ce9a86678abc26aa0d?s=96&d=mm&r=g\",\"caption\":\"Agencias\"},\"url\":\"https:\\\/\\\/www.bbmnoticias.com\\\/labravaradiofm\\\/author\\\/agencias\\\/\"}]}<\/script>\n<!-- \/ Yoast SEO plugin. -->","yoast_head_json":{"title":"Gobierno de Sheinbaum crea el Derecho Petrolero para el Bienestar en Pemex - LA BRAVA RADIO","robots":{"index":"index","follow":"follow","max-snippet":"max-snippet:-1","max-image-preview":"max-image-preview:large","max-video-preview":"max-video-preview:-1"},"canonical":"https:\/\/www.bbmnoticias.com\/labravaradiofm\/2024\/11\/13\/gobierno-de-sheinbaum-crea-el-derecho-petrolero-para-el-bienestar-en-pemex\/","og_locale":"es_MX","og_type":"article","og_title":"Gobierno de Sheinbaum crea el Derecho Petrolero para el Bienestar en Pemex - LA BRAVA RADIO","og_description":"La presidenta de M\u00e9xico, Claudia Sheinbaum Pardo, asegur\u00f3 que \u201ces una decisi\u00f3n del Senado\u201d la reelecci\u00f3n de Rosario Piedra Ibarra al frente de la Comisi\u00f3n Nacional de los Derechos Humanos (CNDH). Es una decisi\u00f3n del Senado la que se tom\u00f3 ayer, y hasta ah\u00ed\u201d, apunt\u00f3 la mandataria mexicana en la conferencia matutina de Palacio Nacional. [&hellip;]","og_url":"https:\/\/www.bbmnoticias.com\/labravaradiofm\/2024\/11\/13\/gobierno-de-sheinbaum-crea-el-derecho-petrolero-para-el-bienestar-en-pemex\/","og_site_name":"LA BRAVA RADIO","article_published_time":"2024-11-13T16:46:22+00:00","article_modified_time":"2024-11-13T16:46:26+00:00","og_image":[{"width":1536,"height":1087,"url":"https:\/\/www.bbmnoticias.com\/labravaradiofm\/wp-content\/uploads\/sites\/5\/2024\/11\/pemex-edifico.webp","type":"image\/webp"}],"author":"Agencias","twitter_card":"summary_large_image","twitter_misc":{"Escrito por":"Agencias","Tiempo de lectura":"2 minutos"},"schema":{"@context":"https:\/\/schema.org","@graph":[{"@type":"Article","@id":"https:\/\/www.bbmnoticias.com\/labravaradiofm\/2024\/11\/13\/gobierno-de-sheinbaum-crea-el-derecho-petrolero-para-el-bienestar-en-pemex\/#article","isPartOf":{"@id":"https:\/\/www.bbmnoticias.com\/labravaradiofm\/2024\/11\/13\/gobierno-de-sheinbaum-crea-el-derecho-petrolero-para-el-bienestar-en-pemex\/"},"author":{"name":"Agencias","@id":"https:\/\/www.bbmnoticias.com\/labravaradiofm\/#\/schema\/person\/000bdaf0a8fb5bff0d537c4d0778e33f"},"headline":"Gobierno de Sheinbaum crea el Derecho Petrolero para el Bienestar en Pemex","datePublished":"2024-11-13T16:46:22+00:00","dateModified":"2024-11-13T16:46:26+00:00","mainEntityOfPage":{"@id":"https:\/\/www.bbmnoticias.com\/labravaradiofm\/2024\/11\/13\/gobierno-de-sheinbaum-crea-el-derecho-petrolero-para-el-bienestar-en-pemex\/"},"wordCount":336,"image":{"@id":"https:\/\/www.bbmnoticias.com\/labravaradiofm\/2024\/11\/13\/gobierno-de-sheinbaum-crea-el-derecho-petrolero-para-el-bienestar-en-pemex\/#primaryimage"},"thumbnailUrl":"https:\/\/www.bbmnoticias.com\/labravaradiofm\/wp-content\/uploads\/sites\/5\/2024\/11\/pemex-edifico.webp","articleSection":["NACIONAL"],"inLanguage":"es"},{"@type":"WebPage","@id":"https:\/\/www.bbmnoticias.com\/labravaradiofm\/2024\/11\/13\/gobierno-de-sheinbaum-crea-el-derecho-petrolero-para-el-bienestar-en-pemex\/","url":"https:\/\/www.bbmnoticias.com\/labravaradiofm\/2024\/11\/13\/gobierno-de-sheinbaum-crea-el-derecho-petrolero-para-el-bienestar-en-pemex\/","name":"Gobierno de Sheinbaum crea el Derecho Petrolero para el Bienestar en Pemex - LA BRAVA RADIO","isPartOf":{"@id":"https:\/\/www.bbmnoticias.com\/labravaradiofm\/#website"},"primaryImageOfPage":{"@id":"https:\/\/www.bbmnoticias.com\/labravaradiofm\/2024\/11\/13\/gobierno-de-sheinbaum-crea-el-derecho-petrolero-para-el-bienestar-en-pemex\/#primaryimage"},"image":{"@id":"https:\/\/www.bbmnoticias.com\/labravaradiofm\/2024\/11\/13\/gobierno-de-sheinbaum-crea-el-derecho-petrolero-para-el-bienestar-en-pemex\/#primaryimage"},"thumbnailUrl":"https:\/\/www.bbmnoticias.com\/labravaradiofm\/wp-content\/uploads\/sites\/5\/2024\/11\/pemex-edifico.webp","datePublished":"2024-11-13T16:46:22+00:00","dateModified":"2024-11-13T16:46:26+00:00","author":{"@id":"https:\/\/www.bbmnoticias.com\/labravaradiofm\/#\/schema\/person\/000bdaf0a8fb5bff0d537c4d0778e33f"},"breadcrumb":{"@id":"https:\/\/www.bbmnoticias.com\/labravaradiofm\/2024\/11\/13\/gobierno-de-sheinbaum-crea-el-derecho-petrolero-para-el-bienestar-en-pemex\/#breadcrumb"},"inLanguage":"es","potentialAction":[{"@type":"ReadAction","target":["https:\/\/www.bbmnoticias.com\/labravaradiofm\/2024\/11\/13\/gobierno-de-sheinbaum-crea-el-derecho-petrolero-para-el-bienestar-en-pemex\/"]}]},{"@type":"ImageObject","inLanguage":"es","@id":"https:\/\/www.bbmnoticias.com\/labravaradiofm\/2024\/11\/13\/gobierno-de-sheinbaum-crea-el-derecho-petrolero-para-el-bienestar-en-pemex\/#primaryimage","url":"https:\/\/www.bbmnoticias.com\/labravaradiofm\/wp-content\/uploads\/sites\/5\/2024\/11\/pemex-edifico.webp","contentUrl":"https:\/\/www.bbmnoticias.com\/labravaradiofm\/wp-content\/uploads\/sites\/5\/2024\/11\/pemex-edifico.webp","width":1536,"height":1087},{"@type":"BreadcrumbList","@id":"https:\/\/www.bbmnoticias.com\/labravaradiofm\/2024\/11\/13\/gobierno-de-sheinbaum-crea-el-derecho-petrolero-para-el-bienestar-en-pemex\/#breadcrumb","itemListElement":[{"@type":"ListItem","position":1,"name":"Inicio","item":"https:\/\/www.bbmnoticias.com\/labravaradiofm\/"},{"@type":"ListItem","position":2,"name":"Gobierno de Sheinbaum crea el Derecho Petrolero para el Bienestar en Pemex"}]},{"@type":"WebSite","@id":"https:\/\/www.bbmnoticias.com\/labravaradiofm\/#website","url":"https:\/\/www.bbmnoticias.com\/labravaradiofm\/","name":"LA BRAVA RADIO","description":"Empresa productora de medios, Radiodifusi\u00f3n, Noticias, tendencias y todo lo que necesitas saber de la pol\u00edtica mexicana e internacional; entretenimiento, espect\u00e1culos, salud y mucho m\u00e1s.","potentialAction":[{"@type":"SearchAction","target":{"@type":"EntryPoint","urlTemplate":"https:\/\/www.bbmnoticias.com\/labravaradiofm\/?s={search_term_string}"},"query-input":{"@type":"PropertyValueSpecification","valueRequired":true,"valueName":"search_term_string"}}],"inLanguage":"es"},{"@type":"Person","@id":"https:\/\/www.bbmnoticias.com\/labravaradiofm\/#\/schema\/person\/000bdaf0a8fb5bff0d537c4d0778e33f","name":"Agencias","image":{"@type":"ImageObject","inLanguage":"es","@id":"https:\/\/secure.gravatar.com\/avatar\/739e0b61adf9e398b425c36718c8752286da0e8cd90f20ce9a86678abc26aa0d?s=96&d=mm&r=g","url":"https:\/\/secure.gravatar.com\/avatar\/739e0b61adf9e398b425c36718c8752286da0e8cd90f20ce9a86678abc26aa0d?s=96&d=mm&r=g","contentUrl":"https:\/\/secure.gravatar.com\/avatar\/739e0b61adf9e398b425c36718c8752286da0e8cd90f20ce9a86678abc26aa0d?s=96&d=mm&r=g","caption":"Agencias"},"url":"https:\/\/www.bbmnoticias.com\/labravaradiofm\/author\/agencias\/"}]}},"_links":{"self":[{"href":"https:\/\/www.bbmnoticias.com\/labravaradiofm\/wp-json\/wp\/v2\/posts\/49978","targetHints":{"allow":["GET"]}}],"collection":[{"href":"https:\/\/www.bbmnoticias.com\/labravaradiofm\/wp-json\/wp\/v2\/posts"}],"about":[{"href":"https:\/\/www.bbmnoticias.com\/labravaradiofm\/wp-json\/wp\/v2\/types\/post"}],"author":[{"embeddable":true,"href":"https:\/\/www.bbmnoticias.com\/labravaradiofm\/wp-json\/wp\/v2\/users\/4"}],"replies":[{"embeddable":true,"href":"https:\/\/www.bbmnoticias.com\/labravaradiofm\/wp-json\/wp\/v2\/comments?post=49978"}],"version-history":[{"count":0,"href":"https:\/\/www.bbmnoticias.com\/labravaradiofm\/wp-json\/wp\/v2\/posts\/49978\/revisions"}],"wp:featuredmedia":[{"embeddable":true,"href":"https:\/\/www.bbmnoticias.com\/labravaradiofm\/wp-json\/wp\/v2\/media\/49979"}],"wp:attachment":[{"href":"https:\/\/www.bbmnoticias.com\/labravaradiofm\/wp-json\/wp\/v2\/media?parent=49978"}],"wp:term":[{"taxonomy":"category","embeddable":true,"href":"https:\/\/www.bbmnoticias.com\/labravaradiofm\/wp-json\/wp\/v2\/categories?post=49978"},{"taxonomy":"post_tag","embeddable":true,"href":"https:\/\/www.bbmnoticias.com\/labravaradiofm\/wp-json\/wp\/v2\/tags?post=49978"}],"curies":[{"name":"wp","href":"https:\/\/api.w.org\/{rel}","templated":true}]}}