{"id":49974,"date":"2024-11-13T09:17:38","date_gmt":"2024-11-13T15:17:38","guid":{"rendered":"https:\/\/www.bbmnoticias.com\/labravaradiofm\/?p=49974"},"modified":"2024-11-13T09:17:43","modified_gmt":"2024-11-13T15:17:43","slug":"habitantes-de-oaxaca-se-oponen-a-que-caravanas-migrantes-lleguen-a-sus-comunidades","status":"publish","type":"post","link":"https:\/\/www.bbmnoticias.com\/labravaradiofm\/2024\/11\/13\/habitantes-de-oaxaca-se-oponen-a-que-caravanas-migrantes-lleguen-a-sus-comunidades\/","title":{"rendered":"Habitantes de Oaxaca se oponen a que caravanas migrantes lleguen a sus comunidades"},"content":{"rendered":"<div style=\"margin-top: 0px; margin-bottom: 0px;\" class=\"sharethis-inline-share-buttons\" ><\/div>\n<p><strong>Habitantes<\/strong> de diversas comunidades de <strong>Oaxaca<\/strong> se oponen a albergar <strong>caravanas<\/strong> <strong>migrantes<\/strong>.<\/p>\n\n\n\n<p>Comerciantes y transportistas ven beneficios econ\u00f3micos con la llegada de migrantes, a quienes venden comida y bebidas, rentan ba\u00f1os y transportan a municipios vecinos.<\/p>\n\n\n\n<p>Pero a nivel social se registran afectaciones como <strong>acumulaci\u00f3n de basura<\/strong>, <strong>peleas<\/strong> por el uso de electricidad y <strong>robos<\/strong>.<\/p>\n\n\n\n<p>Humberto Parrazales, presidente municipal de San Pedro Tapanatepec, record\u00f3 que en 2022 y 2023 la poblaci\u00f3n migrante los rebas\u00f3 y \u201ccolaps\u00f3 los servicios y el comercio\u201d.<\/p>\n\n\n\n<p>La alcaldesa Tania Isabel Escobar, de Santo Domingo Zanatepec, se\u00f1ala que el predio adonde llegan las caravanas migrantes no es propiedad del municipio sino del ejido, por lo que hay que pagar a los ejidatarios su renta y posteriormente invertir en la limpieza del lugar.<\/p>\n\n\n\n<p>Por ello, a inicios de a\u00f1o las autoridades de Santiago Niltepec y Santo Domingo Ingenio informaron al Instituto Nacional de Migraci\u00f3n que no permitir\u00edan el ingreso de caravanas.<\/p>\n\n\n\n<p>De esta forma, los migrantes fueron referidos al poblado La Venta de Juchit\u00e1n. Pero al cabo del paso de dos caravanas se retir\u00f3 el permiso de ingreso por las quejas de la poblaci\u00f3n, especialmente en materia de seguridad.<\/p>\n\n\n\n<p>Roque Altamirano Matus, autoridad municipal de La Venta, se\u00f1al\u00f3 que en varias ocasiones pobladores se llevaron detenidos a migrantes a la oficina municipal en medio de intentos de hacer justicia por propia mano.<\/p>\n\n\n\n<p>Este fin de semana se espera la llegada de una caravana migrante denominada \u2018Cristo Vive\u2019.<\/p>\n\n\n\n<p>Se compone de casi mil integrantes, pero para cuando ingrese a Juchit\u00e1n se espera que crezca a 3 mil miembros.<\/p>\n\n\n\n<p>Ser\u00e1 en el municipio donde se defina su ruta a seguir rumbo a la Ciudad de M\u00e9xico, si por Oaxaca o Veracruz.<\/p>\n\n\n\n<p>Con informaci\u00f3n de El Universal<\/p>\n","protected":false},"excerpt":{"rendered":"<p>Habitantes de diversas comunidades de Oaxaca se oponen a albergar caravanas migrantes. Comerciantes y transportistas ven beneficios econ\u00f3micos con la llegada de migrantes, a quienes venden comida y bebidas, rentan ba\u00f1os y transportan a municipios vecinos. Pero a nivel social se registran afectaciones como acumulaci\u00f3n de basura, peleas por el uso de electricidad y robos. [&hellip;]<\/p>\n","protected":false},"author":4,"featured_media":49975,"comment_status":"closed","ping_status":"closed","sticky":false,"template":"","format":"standard","meta":{"footnotes":""},"categories":[1025],"tags":[],"class_list":{"0":"post-49974","1":"post","2":"type-post","3":"status-publish","4":"format-standard","5":"has-post-thumbnail","7":"category-destacado"},"yoast_head":"<!-- This site is optimized with the Yoast SEO plugin v27.4 - https:\/\/yoast.com\/product\/yoast-seo-wordpress\/ -->\n<title>Habitantes de Oaxaca se oponen a que caravanas migrantes lleguen a sus comunidades - LA BRAVA RADIO<\/title>\n<meta name=\"robots\" content=\"index, follow, max-snippet:-1, max-image-preview:large, max-video-preview:-1\" \/>\n<link rel=\"canonical\" href=\"https:\/\/www.bbmnoticias.com\/labravaradiofm\/2024\/11\/13\/habitantes-de-oaxaca-se-oponen-a-que-caravanas-migrantes-lleguen-a-sus-comunidades\/\" \/>\n<meta property=\"og:locale\" content=\"es_MX\" \/>\n<meta property=\"og:type\" content=\"article\" \/>\n<meta property=\"og:title\" content=\"Habitantes de Oaxaca se oponen a que caravanas migrantes lleguen a sus comunidades - LA BRAVA RADIO\" \/>\n<meta property=\"og:description\" content=\"Habitantes de diversas comunidades de Oaxaca se oponen a albergar caravanas migrantes. Comerciantes y transportistas ven beneficios econ\u00f3micos con la llegada de migrantes, a quienes venden comida y bebidas, rentan ba\u00f1os y transportan a municipios vecinos. Pero a nivel social se registran afectaciones como acumulaci\u00f3n de basura, peleas por el uso de electricidad y robos. [&hellip;]\" \/>\n<meta property=\"og:url\" content=\"https:\/\/www.bbmnoticias.com\/labravaradiofm\/2024\/11\/13\/habitantes-de-oaxaca-se-oponen-a-que-caravanas-migrantes-lleguen-a-sus-comunidades\/\" \/>\n<meta property=\"og:site_name\" content=\"LA BRAVA RADIO\" \/>\n<meta property=\"article:published_time\" content=\"2024-11-13T15:17:38+00:00\" \/>\n<meta property=\"article:modified_time\" content=\"2024-11-13T15:17:43+00:00\" \/>\n<meta property=\"og:image\" content=\"https:\/\/www.bbmnoticias.com\/labravaradiofm\/wp-content\/uploads\/sites\/5\/2024\/11\/caravana-de-600-migrantes-pese-al-calor-llega-a-oaxaca-scaled-1.webp\" \/>\n\t<meta property=\"og:image:width\" content=\"1536\" \/>\n\t<meta property=\"og:image:height\" content=\"1026\" \/>\n\t<meta property=\"og:image:type\" content=\"image\/webp\" \/>\n<meta name=\"author\" content=\"Agencias\" \/>\n<meta name=\"twitter:card\" content=\"summary_large_image\" \/>\n<meta name=\"twitter:label1\" content=\"Escrito por\" \/>\n\t<meta name=\"twitter:data1\" content=\"Agencias\" \/>\n\t<meta name=\"twitter:label2\" content=\"Tiempo de lectura\" \/>\n\t<meta name=\"twitter:data2\" content=\"2 minutos\" \/>\n<script type=\"application\/ld+json\" class=\"yoast-schema-graph\">{\"@context\":\"https:\\\/\\\/schema.org\",\"@graph\":[{\"@type\":\"Article\",\"@id\":\"https:\\\/\\\/www.bbmnoticias.com\\\/labravaradiofm\\\/2024\\\/11\\\/13\\\/habitantes-de-oaxaca-se-oponen-a-que-caravanas-migrantes-lleguen-a-sus-comunidades\\\/#article\",\"isPartOf\":{\"@id\":\"https:\\\/\\\/www.bbmnoticias.com\\\/labravaradiofm\\\/2024\\\/11\\\/13\\\/habitantes-de-oaxaca-se-oponen-a-que-caravanas-migrantes-lleguen-a-sus-comunidades\\\/\"},\"author\":{\"name\":\"Agencias\",\"@id\":\"https:\\\/\\\/www.bbmnoticias.com\\\/labravaradiofm\\\/#\\\/schema\\\/person\\\/000bdaf0a8fb5bff0d537c4d0778e33f\"},\"headline\":\"Habitantes de Oaxaca se oponen a que caravanas migrantes lleguen a sus comunidades\",\"datePublished\":\"2024-11-13T15:17:38+00:00\",\"dateModified\":\"2024-11-13T15:17:43+00:00\",\"mainEntityOfPage\":{\"@id\":\"https:\\\/\\\/www.bbmnoticias.com\\\/labravaradiofm\\\/2024\\\/11\\\/13\\\/habitantes-de-oaxaca-se-oponen-a-que-caravanas-migrantes-lleguen-a-sus-comunidades\\\/\"},\"wordCount\":311,\"image\":{\"@id\":\"https:\\\/\\\/www.bbmnoticias.com\\\/labravaradiofm\\\/2024\\\/11\\\/13\\\/habitantes-de-oaxaca-se-oponen-a-que-caravanas-migrantes-lleguen-a-sus-comunidades\\\/#primaryimage\"},\"thumbnailUrl\":\"https:\\\/\\\/www.bbmnoticias.com\\\/labravaradiofm\\\/wp-content\\\/uploads\\\/sites\\\/5\\\/2024\\\/11\\\/caravana-de-600-migrantes-pese-al-calor-llega-a-oaxaca-scaled-1.webp\",\"articleSection\":[\"DESTACADO\"],\"inLanguage\":\"es\"},{\"@type\":\"WebPage\",\"@id\":\"https:\\\/\\\/www.bbmnoticias.com\\\/labravaradiofm\\\/2024\\\/11\\\/13\\\/habitantes-de-oaxaca-se-oponen-a-que-caravanas-migrantes-lleguen-a-sus-comunidades\\\/\",\"url\":\"https:\\\/\\\/www.bbmnoticias.com\\\/labravaradiofm\\\/2024\\\/11\\\/13\\\/habitantes-de-oaxaca-se-oponen-a-que-caravanas-migrantes-lleguen-a-sus-comunidades\\\/\",\"name\":\"Habitantes de Oaxaca se oponen a que caravanas migrantes lleguen a sus comunidades - LA BRAVA RADIO\",\"isPartOf\":{\"@id\":\"https:\\\/\\\/www.bbmnoticias.com\\\/labravaradiofm\\\/#website\"},\"primaryImageOfPage\":{\"@id\":\"https:\\\/\\\/www.bbmnoticias.com\\\/labravaradiofm\\\/2024\\\/11\\\/13\\\/habitantes-de-oaxaca-se-oponen-a-que-caravanas-migrantes-lleguen-a-sus-comunidades\\\/#primaryimage\"},\"image\":{\"@id\":\"https:\\\/\\\/www.bbmnoticias.com\\\/labravaradiofm\\\/2024\\\/11\\\/13\\\/habitantes-de-oaxaca-se-oponen-a-que-caravanas-migrantes-lleguen-a-sus-comunidades\\\/#primaryimage\"},\"thumbnailUrl\":\"https:\\\/\\\/www.bbmnoticias.com\\\/labravaradiofm\\\/wp-content\\\/uploads\\\/sites\\\/5\\\/2024\\\/11\\\/caravana-de-600-migrantes-pese-al-calor-llega-a-oaxaca-scaled-1.webp\",\"datePublished\":\"2024-11-13T15:17:38+00:00\",\"dateModified\":\"2024-11-13T15:17:43+00:00\",\"author\":{\"@id\":\"https:\\\/\\\/www.bbmnoticias.com\\\/labravaradiofm\\\/#\\\/schema\\\/person\\\/000bdaf0a8fb5bff0d537c4d0778e33f\"},\"breadcrumb\":{\"@id\":\"https:\\\/\\\/www.bbmnoticias.com\\\/labravaradiofm\\\/2024\\\/11\\\/13\\\/habitantes-de-oaxaca-se-oponen-a-que-caravanas-migrantes-lleguen-a-sus-comunidades\\\/#breadcrumb\"},\"inLanguage\":\"es\",\"potentialAction\":[{\"@type\":\"ReadAction\",\"target\":[\"https:\\\/\\\/www.bbmnoticias.com\\\/labravaradiofm\\\/2024\\\/11\\\/13\\\/habitantes-de-oaxaca-se-oponen-a-que-caravanas-migrantes-lleguen-a-sus-comunidades\\\/\"]}]},{\"@type\":\"ImageObject\",\"inLanguage\":\"es\",\"@id\":\"https:\\\/\\\/www.bbmnoticias.com\\\/labravaradiofm\\\/2024\\\/11\\\/13\\\/habitantes-de-oaxaca-se-oponen-a-que-caravanas-migrantes-lleguen-a-sus-comunidades\\\/#primaryimage\",\"url\":\"https:\\\/\\\/www.bbmnoticias.com\\\/labravaradiofm\\\/wp-content\\\/uploads\\\/sites\\\/5\\\/2024\\\/11\\\/caravana-de-600-migrantes-pese-al-calor-llega-a-oaxaca-scaled-1.webp\",\"contentUrl\":\"https:\\\/\\\/www.bbmnoticias.com\\\/labravaradiofm\\\/wp-content\\\/uploads\\\/sites\\\/5\\\/2024\\\/11\\\/caravana-de-600-migrantes-pese-al-calor-llega-a-oaxaca-scaled-1.webp\",\"width\":1536,\"height\":1026},{\"@type\":\"BreadcrumbList\",\"@id\":\"https:\\\/\\\/www.bbmnoticias.com\\\/labravaradiofm\\\/2024\\\/11\\\/13\\\/habitantes-de-oaxaca-se-oponen-a-que-caravanas-migrantes-lleguen-a-sus-comunidades\\\/#breadcrumb\",\"itemListElement\":[{\"@type\":\"ListItem\",\"position\":1,\"name\":\"Inicio\",\"item\":\"https:\\\/\\\/www.bbmnoticias.com\\\/labravaradiofm\\\/\"},{\"@type\":\"ListItem\",\"position\":2,\"name\":\"Habitantes de Oaxaca se oponen a que caravanas migrantes lleguen a sus comunidades\"}]},{\"@type\":\"WebSite\",\"@id\":\"https:\\\/\\\/www.bbmnoticias.com\\\/labravaradiofm\\\/#website\",\"url\":\"https:\\\/\\\/www.bbmnoticias.com\\\/labravaradiofm\\\/\",\"name\":\"LA BRAVA RADIO\",\"description\":\"Empresa productora de medios, Radiodifusi\u00f3n, Noticias, tendencias y todo lo que necesitas saber de la pol\u00edtica mexicana e internacional; entretenimiento, espect\u00e1culos, salud y mucho m\u00e1s.\",\"potentialAction\":[{\"@type\":\"SearchAction\",\"target\":{\"@type\":\"EntryPoint\",\"urlTemplate\":\"https:\\\/\\\/www.bbmnoticias.com\\\/labravaradiofm\\\/?s={search_term_string}\"},\"query-input\":{\"@type\":\"PropertyValueSpecification\",\"valueRequired\":true,\"valueName\":\"search_term_string\"}}],\"inLanguage\":\"es\"},{\"@type\":\"Person\",\"@id\":\"https:\\\/\\\/www.bbmnoticias.com\\\/labravaradiofm\\\/#\\\/schema\\\/person\\\/000bdaf0a8fb5bff0d537c4d0778e33f\",\"name\":\"Agencias\",\"image\":{\"@type\":\"ImageObject\",\"inLanguage\":\"es\",\"@id\":\"https:\\\/\\\/secure.gravatar.com\\\/avatar\\\/739e0b61adf9e398b425c36718c8752286da0e8cd90f20ce9a86678abc26aa0d?s=96&d=mm&r=g\",\"url\":\"https:\\\/\\\/secure.gravatar.com\\\/avatar\\\/739e0b61adf9e398b425c36718c8752286da0e8cd90f20ce9a86678abc26aa0d?s=96&d=mm&r=g\",\"contentUrl\":\"https:\\\/\\\/secure.gravatar.com\\\/avatar\\\/739e0b61adf9e398b425c36718c8752286da0e8cd90f20ce9a86678abc26aa0d?s=96&d=mm&r=g\",\"caption\":\"Agencias\"},\"url\":\"https:\\\/\\\/www.bbmnoticias.com\\\/labravaradiofm\\\/author\\\/agencias\\\/\"}]}<\/script>\n<!-- \/ Yoast SEO plugin. -->","yoast_head_json":{"title":"Habitantes de Oaxaca se oponen a que caravanas migrantes lleguen a sus comunidades - LA BRAVA RADIO","robots":{"index":"index","follow":"follow","max-snippet":"max-snippet:-1","max-image-preview":"max-image-preview:large","max-video-preview":"max-video-preview:-1"},"canonical":"https:\/\/www.bbmnoticias.com\/labravaradiofm\/2024\/11\/13\/habitantes-de-oaxaca-se-oponen-a-que-caravanas-migrantes-lleguen-a-sus-comunidades\/","og_locale":"es_MX","og_type":"article","og_title":"Habitantes de Oaxaca se oponen a que caravanas migrantes lleguen a sus comunidades - LA BRAVA RADIO","og_description":"Habitantes de diversas comunidades de Oaxaca se oponen a albergar caravanas migrantes. Comerciantes y transportistas ven beneficios econ\u00f3micos con la llegada de migrantes, a quienes venden comida y bebidas, rentan ba\u00f1os y transportan a municipios vecinos. Pero a nivel social se registran afectaciones como acumulaci\u00f3n de basura, peleas por el uso de electricidad y robos. [&hellip;]","og_url":"https:\/\/www.bbmnoticias.com\/labravaradiofm\/2024\/11\/13\/habitantes-de-oaxaca-se-oponen-a-que-caravanas-migrantes-lleguen-a-sus-comunidades\/","og_site_name":"LA BRAVA RADIO","article_published_time":"2024-11-13T15:17:38+00:00","article_modified_time":"2024-11-13T15:17:43+00:00","og_image":[{"width":1536,"height":1026,"url":"https:\/\/www.bbmnoticias.com\/labravaradiofm\/wp-content\/uploads\/sites\/5\/2024\/11\/caravana-de-600-migrantes-pese-al-calor-llega-a-oaxaca-scaled-1.webp","type":"image\/webp"}],"author":"Agencias","twitter_card":"summary_large_image","twitter_misc":{"Escrito por":"Agencias","Tiempo de lectura":"2 minutos"},"schema":{"@context":"https:\/\/schema.org","@graph":[{"@type":"Article","@id":"https:\/\/www.bbmnoticias.com\/labravaradiofm\/2024\/11\/13\/habitantes-de-oaxaca-se-oponen-a-que-caravanas-migrantes-lleguen-a-sus-comunidades\/#article","isPartOf":{"@id":"https:\/\/www.bbmnoticias.com\/labravaradiofm\/2024\/11\/13\/habitantes-de-oaxaca-se-oponen-a-que-caravanas-migrantes-lleguen-a-sus-comunidades\/"},"author":{"name":"Agencias","@id":"https:\/\/www.bbmnoticias.com\/labravaradiofm\/#\/schema\/person\/000bdaf0a8fb5bff0d537c4d0778e33f"},"headline":"Habitantes de Oaxaca se oponen a que caravanas migrantes lleguen a sus comunidades","datePublished":"2024-11-13T15:17:38+00:00","dateModified":"2024-11-13T15:17:43+00:00","mainEntityOfPage":{"@id":"https:\/\/www.bbmnoticias.com\/labravaradiofm\/2024\/11\/13\/habitantes-de-oaxaca-se-oponen-a-que-caravanas-migrantes-lleguen-a-sus-comunidades\/"},"wordCount":311,"image":{"@id":"https:\/\/www.bbmnoticias.com\/labravaradiofm\/2024\/11\/13\/habitantes-de-oaxaca-se-oponen-a-que-caravanas-migrantes-lleguen-a-sus-comunidades\/#primaryimage"},"thumbnailUrl":"https:\/\/www.bbmnoticias.com\/labravaradiofm\/wp-content\/uploads\/sites\/5\/2024\/11\/caravana-de-600-migrantes-pese-al-calor-llega-a-oaxaca-scaled-1.webp","articleSection":["DESTACADO"],"inLanguage":"es"},{"@type":"WebPage","@id":"https:\/\/www.bbmnoticias.com\/labravaradiofm\/2024\/11\/13\/habitantes-de-oaxaca-se-oponen-a-que-caravanas-migrantes-lleguen-a-sus-comunidades\/","url":"https:\/\/www.bbmnoticias.com\/labravaradiofm\/2024\/11\/13\/habitantes-de-oaxaca-se-oponen-a-que-caravanas-migrantes-lleguen-a-sus-comunidades\/","name":"Habitantes de Oaxaca se oponen a que caravanas migrantes lleguen a sus comunidades - LA BRAVA RADIO","isPartOf":{"@id":"https:\/\/www.bbmnoticias.com\/labravaradiofm\/#website"},"primaryImageOfPage":{"@id":"https:\/\/www.bbmnoticias.com\/labravaradiofm\/2024\/11\/13\/habitantes-de-oaxaca-se-oponen-a-que-caravanas-migrantes-lleguen-a-sus-comunidades\/#primaryimage"},"image":{"@id":"https:\/\/www.bbmnoticias.com\/labravaradiofm\/2024\/11\/13\/habitantes-de-oaxaca-se-oponen-a-que-caravanas-migrantes-lleguen-a-sus-comunidades\/#primaryimage"},"thumbnailUrl":"https:\/\/www.bbmnoticias.com\/labravaradiofm\/wp-content\/uploads\/sites\/5\/2024\/11\/caravana-de-600-migrantes-pese-al-calor-llega-a-oaxaca-scaled-1.webp","datePublished":"2024-11-13T15:17:38+00:00","dateModified":"2024-11-13T15:17:43+00:00","author":{"@id":"https:\/\/www.bbmnoticias.com\/labravaradiofm\/#\/schema\/person\/000bdaf0a8fb5bff0d537c4d0778e33f"},"breadcrumb":{"@id":"https:\/\/www.bbmnoticias.com\/labravaradiofm\/2024\/11\/13\/habitantes-de-oaxaca-se-oponen-a-que-caravanas-migrantes-lleguen-a-sus-comunidades\/#breadcrumb"},"inLanguage":"es","potentialAction":[{"@type":"ReadAction","target":["https:\/\/www.bbmnoticias.com\/labravaradiofm\/2024\/11\/13\/habitantes-de-oaxaca-se-oponen-a-que-caravanas-migrantes-lleguen-a-sus-comunidades\/"]}]},{"@type":"ImageObject","inLanguage":"es","@id":"https:\/\/www.bbmnoticias.com\/labravaradiofm\/2024\/11\/13\/habitantes-de-oaxaca-se-oponen-a-que-caravanas-migrantes-lleguen-a-sus-comunidades\/#primaryimage","url":"https:\/\/www.bbmnoticias.com\/labravaradiofm\/wp-content\/uploads\/sites\/5\/2024\/11\/caravana-de-600-migrantes-pese-al-calor-llega-a-oaxaca-scaled-1.webp","contentUrl":"https:\/\/www.bbmnoticias.com\/labravaradiofm\/wp-content\/uploads\/sites\/5\/2024\/11\/caravana-de-600-migrantes-pese-al-calor-llega-a-oaxaca-scaled-1.webp","width":1536,"height":1026},{"@type":"BreadcrumbList","@id":"https:\/\/www.bbmnoticias.com\/labravaradiofm\/2024\/11\/13\/habitantes-de-oaxaca-se-oponen-a-que-caravanas-migrantes-lleguen-a-sus-comunidades\/#breadcrumb","itemListElement":[{"@type":"ListItem","position":1,"name":"Inicio","item":"https:\/\/www.bbmnoticias.com\/labravaradiofm\/"},{"@type":"ListItem","position":2,"name":"Habitantes de Oaxaca se oponen a que caravanas migrantes lleguen a sus comunidades"}]},{"@type":"WebSite","@id":"https:\/\/www.bbmnoticias.com\/labravaradiofm\/#website","url":"https:\/\/www.bbmnoticias.com\/labravaradiofm\/","name":"LA BRAVA RADIO","description":"Empresa productora de medios, Radiodifusi\u00f3n, Noticias, tendencias y todo lo que necesitas saber de la pol\u00edtica mexicana e internacional; entretenimiento, espect\u00e1culos, salud y mucho m\u00e1s.","potentialAction":[{"@type":"SearchAction","target":{"@type":"EntryPoint","urlTemplate":"https:\/\/www.bbmnoticias.com\/labravaradiofm\/?s={search_term_string}"},"query-input":{"@type":"PropertyValueSpecification","valueRequired":true,"valueName":"search_term_string"}}],"inLanguage":"es"},{"@type":"Person","@id":"https:\/\/www.bbmnoticias.com\/labravaradiofm\/#\/schema\/person\/000bdaf0a8fb5bff0d537c4d0778e33f","name":"Agencias","image":{"@type":"ImageObject","inLanguage":"es","@id":"https:\/\/secure.gravatar.com\/avatar\/739e0b61adf9e398b425c36718c8752286da0e8cd90f20ce9a86678abc26aa0d?s=96&d=mm&r=g","url":"https:\/\/secure.gravatar.com\/avatar\/739e0b61adf9e398b425c36718c8752286da0e8cd90f20ce9a86678abc26aa0d?s=96&d=mm&r=g","contentUrl":"https:\/\/secure.gravatar.com\/avatar\/739e0b61adf9e398b425c36718c8752286da0e8cd90f20ce9a86678abc26aa0d?s=96&d=mm&r=g","caption":"Agencias"},"url":"https:\/\/www.bbmnoticias.com\/labravaradiofm\/author\/agencias\/"}]}},"_links":{"self":[{"href":"https:\/\/www.bbmnoticias.com\/labravaradiofm\/wp-json\/wp\/v2\/posts\/49974","targetHints":{"allow":["GET"]}}],"collection":[{"href":"https:\/\/www.bbmnoticias.com\/labravaradiofm\/wp-json\/wp\/v2\/posts"}],"about":[{"href":"https:\/\/www.bbmnoticias.com\/labravaradiofm\/wp-json\/wp\/v2\/types\/post"}],"author":[{"embeddable":true,"href":"https:\/\/www.bbmnoticias.com\/labravaradiofm\/wp-json\/wp\/v2\/users\/4"}],"replies":[{"embeddable":true,"href":"https:\/\/www.bbmnoticias.com\/labravaradiofm\/wp-json\/wp\/v2\/comments?post=49974"}],"version-history":[{"count":0,"href":"https:\/\/www.bbmnoticias.com\/labravaradiofm\/wp-json\/wp\/v2\/posts\/49974\/revisions"}],"wp:featuredmedia":[{"embeddable":true,"href":"https:\/\/www.bbmnoticias.com\/labravaradiofm\/wp-json\/wp\/v2\/media\/49975"}],"wp:attachment":[{"href":"https:\/\/www.bbmnoticias.com\/labravaradiofm\/wp-json\/wp\/v2\/media?parent=49974"}],"wp:term":[{"taxonomy":"category","embeddable":true,"href":"https:\/\/www.bbmnoticias.com\/labravaradiofm\/wp-json\/wp\/v2\/categories?post=49974"},{"taxonomy":"post_tag","embeddable":true,"href":"https:\/\/www.bbmnoticias.com\/labravaradiofm\/wp-json\/wp\/v2\/tags?post=49974"}],"curies":[{"name":"wp","href":"https:\/\/api.w.org\/{rel}","templated":true}]}}