{"id":49970,"date":"2024-11-13T09:21:00","date_gmt":"2024-11-13T15:21:00","guid":{"rendered":"https:\/\/www.bbmnoticias.com\/labravaradiofm\/?p=49970"},"modified":"2024-11-13T09:12:08","modified_gmt":"2024-11-13T15:12:08","slug":"gobierno-de-sheinbaum-no-aumentara-los-precios-de-energeticos-en-proximos-seis-anos","status":"publish","type":"post","link":"https:\/\/www.bbmnoticias.com\/labravaradiofm\/2024\/11\/13\/gobierno-de-sheinbaum-no-aumentara-los-precios-de-energeticos-en-proximos-seis-anos\/","title":{"rendered":"Gobierno de Sheinbaum no aumentar\u00e1 los precios de energ\u00e9ticos en pr\u00f3ximos seis a\u00f1os"},"content":{"rendered":"<div style=\"margin-top: 0px; margin-bottom: 0px;\" class=\"sharethis-inline-share-buttons\" ><\/div>\n<p>La titular de <strong>Energ\u00eda, Luz Elena Gonz\u00e1lez Escobar<\/strong>, hizo el compromiso de <strong>no aumentar<\/strong>\u00a0los <strong>precios<\/strong> de los <strong>energ\u00e9ticos<\/strong> en t\u00e9rminos reales en los <strong>pr\u00f3ximos seis a\u00f1os<\/strong>.<\/p>\n\n\n\n<p>Gonz\u00e1lez Escobar present\u00f3 en la conferencia matutina de Palacio Nacional la <strong>Estrategia Nacional del Sector de Hidrocarburos y Gas Natural<\/strong>, donde apunt\u00f3 que el hecho de que no aumenten los energ\u00e9ticos en el presente sexenio es para cuidar el bolsillo de los mexicanos.<\/p>\n\n\n\n<figure class=\"wp-block-pullquote\"><blockquote><p>Para cuidar la econom\u00eda nacional, no aumentar\u00e1 el precio de los energ\u00e9ticos en t\u00e9rminos reales en los pr\u00f3ximos seis a\u00f1os\u201d, destac\u00f3.<\/p><\/blockquote><\/figure>\n\n\n\n<p>\u201cSe mantendr\u00e1 el control en el precio m\u00e1ximo del Gas LP. El precio de las gasolinas y di\u00e9sel no se incrementar\u00e1 por encima de la inflaci\u00f3n\u201d, puntualiz\u00f3.<\/p>\n\n\n\n<p>Tambi\u00e9n dej\u00f3 en claro que \u201cno habr\u00e1 proyectos al margen de las comunidades ind\u00edgenas y sin beneficios sociales\u201d.<\/p>\n\n\n\n<p>\u201cVamos a verificar que exista un trabajo social con las comunidades y que se realicen consultas p\u00fablicas para que los proyectos tengan beneficios sociales\u201d, puntualiz\u00f3.<\/p>\n\n\n\n<figure class=\"wp-block-embed is-type-video is-provider-youtube wp-block-embed-youtube wp-embed-aspect-16-9 wp-has-aspect-ratio\"><div class=\"wp-block-embed__wrapper\">\n<div class=\"youtube-embed\" data-video_id=\"z_NICQ_5D1s\"><iframe loading=\"lazy\" title=\"Conferencia matutina del mie\u0301rcoles 13 de noviembre, 2024.0030\" width=\"696\" height=\"392\" src=\"https:\/\/www.youtube.com\/embed\/z_NICQ_5D1s?feature=oembed&#038;enablejsapi=1\" frameborder=\"0\" allow=\"accelerometer; autoplay; clipboard-write; encrypted-media; gyroscope; picture-in-picture; web-share\" referrerpolicy=\"strict-origin-when-cross-origin\" allowfullscreen><\/iframe><\/div>\n<\/div><\/figure>\n\n\n\n<p>La titular de Energ\u00eda enfatiz\u00f3 que ser\u00e1n fortalecidos proyectos mixtos \u201csin perder la soberan\u00eda nacional en la producci\u00f3n de hidrocarburos, industria petroqu\u00edmica, producci\u00f3n de fertilizantes, as\u00ed como en proyectos de generaci\u00f3n de nueva energ\u00eda, como energ\u00eda solar, e\u00f3lica, geotermia, hidr\u00f3geno verde, entre otros\u201d.<\/p>\n\n\n\n<p>Destac\u00f3 que la estrategia presentada esta ma\u00f1ana \u201ctiene como objetivo dar continuidad al rescate de la soberan\u00eda energ\u00e9tica. En el caso del sector petrolero, este rescate era obligado por los malos resultados de la privatizaci\u00f3n y el estado lamentable en el que se encontraba Pemex en el 2018\u201d.<\/p>\n\n\n\n<p>La funcionaria federal asever\u00f3 que entre 2012 y 2018, el sector petrolero del pa\u00eds sufri\u00f3 \u201cun terrible abandono ya que inversi\u00f3n p\u00fablica en exploraci\u00f3n y producci\u00f3n disminuy\u00f3 55 por ciento, la producci\u00f3n de petr\u00f3leo crudo cay\u00f3 28 por ciento y la de gas natural 22 por ciento\u201d.<\/p>\n\n\n\n<p>\u201cEl foco estar\u00e1 en fortalecer la soberan\u00eda y la seguridad energ\u00e9tica mediante una exploraci\u00f3n responsable y sostenible de los hidrocarburos de acuerdo a las necesidades nacionales\u201d, enfatiz\u00f3.<\/p>\n","protected":false},"excerpt":{"rendered":"<p>La titular de Energ\u00eda, Luz Elena Gonz\u00e1lez Escobar, hizo el compromiso de no aumentar\u00a0los precios de los energ\u00e9ticos en t\u00e9rminos reales en los pr\u00f3ximos seis a\u00f1os. Gonz\u00e1lez Escobar present\u00f3 en la conferencia matutina de Palacio Nacional la Estrategia Nacional del Sector de Hidrocarburos y Gas Natural, donde apunt\u00f3 que el hecho de que no aumenten [&hellip;]<\/p>\n","protected":false},"author":2,"featured_media":49971,"comment_status":"closed","ping_status":"closed","sticky":false,"template":"","format":"standard","meta":{"footnotes":""},"categories":[19],"tags":[],"class_list":{"0":"post-49970","1":"post","2":"type-post","3":"status-publish","4":"format-standard","5":"has-post-thumbnail","7":"category-nacional"},"yoast_head":"<!-- This site is optimized with the Yoast SEO plugin v27.4 - https:\/\/yoast.com\/product\/yoast-seo-wordpress\/ -->\n<title>Gobierno de Sheinbaum no aumentar\u00e1 los precios de energ\u00e9ticos en pr\u00f3ximos seis a\u00f1os - LA BRAVA RADIO<\/title>\n<meta name=\"robots\" content=\"index, follow, max-snippet:-1, max-image-preview:large, max-video-preview:-1\" \/>\n<link rel=\"canonical\" href=\"https:\/\/www.bbmnoticias.com\/labravaradiofm\/2024\/11\/13\/gobierno-de-sheinbaum-no-aumentara-los-precios-de-energeticos-en-proximos-seis-anos\/\" \/>\n<meta property=\"og:locale\" content=\"es_MX\" \/>\n<meta property=\"og:type\" content=\"article\" \/>\n<meta property=\"og:title\" content=\"Gobierno de Sheinbaum no aumentar\u00e1 los precios de energ\u00e9ticos en pr\u00f3ximos seis a\u00f1os - LA BRAVA RADIO\" \/>\n<meta property=\"og:description\" content=\"La titular de Energ\u00eda, Luz Elena Gonz\u00e1lez Escobar, hizo el compromiso de no aumentar\u00a0los precios de los energ\u00e9ticos en t\u00e9rminos reales en los pr\u00f3ximos seis a\u00f1os. Gonz\u00e1lez Escobar present\u00f3 en la conferencia matutina de Palacio Nacional la Estrategia Nacional del Sector de Hidrocarburos y Gas Natural, donde apunt\u00f3 que el hecho de que no aumenten [&hellip;]\" \/>\n<meta property=\"og:url\" content=\"https:\/\/www.bbmnoticias.com\/labravaradiofm\/2024\/11\/13\/gobierno-de-sheinbaum-no-aumentara-los-precios-de-energeticos-en-proximos-seis-anos\/\" \/>\n<meta property=\"og:site_name\" content=\"LA BRAVA RADIO\" \/>\n<meta property=\"article:published_time\" content=\"2024-11-13T15:21:00+00:00\" \/>\n<meta property=\"og:image\" content=\"https:\/\/www.bbmnoticias.com\/labravaradiofm\/wp-content\/uploads\/sites\/5\/2024\/11\/precios-gasolinas.webp\" \/>\n\t<meta property=\"og:image:width\" content=\"1000\" \/>\n\t<meta property=\"og:image:height\" content=\"563\" \/>\n\t<meta property=\"og:image:type\" content=\"image\/webp\" \/>\n<meta name=\"author\" content=\"Staff\" \/>\n<meta name=\"twitter:card\" content=\"summary_large_image\" \/>\n<meta name=\"twitter:label1\" content=\"Escrito por\" \/>\n\t<meta name=\"twitter:data1\" content=\"Staff\" \/>\n\t<meta name=\"twitter:label2\" content=\"Tiempo de lectura\" \/>\n\t<meta name=\"twitter:data2\" content=\"2 minutos\" \/>\n<script type=\"application\/ld+json\" class=\"yoast-schema-graph\">{\"@context\":\"https:\\\/\\\/schema.org\",\"@graph\":[{\"@type\":\"Article\",\"@id\":\"https:\\\/\\\/www.bbmnoticias.com\\\/labravaradiofm\\\/2024\\\/11\\\/13\\\/gobierno-de-sheinbaum-no-aumentara-los-precios-de-energeticos-en-proximos-seis-anos\\\/#article\",\"isPartOf\":{\"@id\":\"https:\\\/\\\/www.bbmnoticias.com\\\/labravaradiofm\\\/2024\\\/11\\\/13\\\/gobierno-de-sheinbaum-no-aumentara-los-precios-de-energeticos-en-proximos-seis-anos\\\/\"},\"author\":{\"name\":\"Staff\",\"@id\":\"https:\\\/\\\/www.bbmnoticias.com\\\/labravaradiofm\\\/#\\\/schema\\\/person\\\/68a9e9036ef3c5b55aeb2b71dc8bab45\"},\"headline\":\"Gobierno de Sheinbaum no aumentar\u00e1 los precios de energ\u00e9ticos en pr\u00f3ximos seis a\u00f1os\",\"datePublished\":\"2024-11-13T15:21:00+00:00\",\"mainEntityOfPage\":{\"@id\":\"https:\\\/\\\/www.bbmnoticias.com\\\/labravaradiofm\\\/2024\\\/11\\\/13\\\/gobierno-de-sheinbaum-no-aumentara-los-precios-de-energeticos-en-proximos-seis-anos\\\/\"},\"wordCount\":390,\"image\":{\"@id\":\"https:\\\/\\\/www.bbmnoticias.com\\\/labravaradiofm\\\/2024\\\/11\\\/13\\\/gobierno-de-sheinbaum-no-aumentara-los-precios-de-energeticos-en-proximos-seis-anos\\\/#primaryimage\"},\"thumbnailUrl\":\"https:\\\/\\\/www.bbmnoticias.com\\\/labravaradiofm\\\/wp-content\\\/uploads\\\/sites\\\/5\\\/2024\\\/11\\\/precios-gasolinas.webp\",\"articleSection\":[\"NACIONAL\"],\"inLanguage\":\"es\"},{\"@type\":\"WebPage\",\"@id\":\"https:\\\/\\\/www.bbmnoticias.com\\\/labravaradiofm\\\/2024\\\/11\\\/13\\\/gobierno-de-sheinbaum-no-aumentara-los-precios-de-energeticos-en-proximos-seis-anos\\\/\",\"url\":\"https:\\\/\\\/www.bbmnoticias.com\\\/labravaradiofm\\\/2024\\\/11\\\/13\\\/gobierno-de-sheinbaum-no-aumentara-los-precios-de-energeticos-en-proximos-seis-anos\\\/\",\"name\":\"Gobierno de Sheinbaum no aumentar\u00e1 los precios de energ\u00e9ticos en pr\u00f3ximos seis a\u00f1os - LA BRAVA RADIO\",\"isPartOf\":{\"@id\":\"https:\\\/\\\/www.bbmnoticias.com\\\/labravaradiofm\\\/#website\"},\"primaryImageOfPage\":{\"@id\":\"https:\\\/\\\/www.bbmnoticias.com\\\/labravaradiofm\\\/2024\\\/11\\\/13\\\/gobierno-de-sheinbaum-no-aumentara-los-precios-de-energeticos-en-proximos-seis-anos\\\/#primaryimage\"},\"image\":{\"@id\":\"https:\\\/\\\/www.bbmnoticias.com\\\/labravaradiofm\\\/2024\\\/11\\\/13\\\/gobierno-de-sheinbaum-no-aumentara-los-precios-de-energeticos-en-proximos-seis-anos\\\/#primaryimage\"},\"thumbnailUrl\":\"https:\\\/\\\/www.bbmnoticias.com\\\/labravaradiofm\\\/wp-content\\\/uploads\\\/sites\\\/5\\\/2024\\\/11\\\/precios-gasolinas.webp\",\"datePublished\":\"2024-11-13T15:21:00+00:00\",\"author\":{\"@id\":\"https:\\\/\\\/www.bbmnoticias.com\\\/labravaradiofm\\\/#\\\/schema\\\/person\\\/68a9e9036ef3c5b55aeb2b71dc8bab45\"},\"breadcrumb\":{\"@id\":\"https:\\\/\\\/www.bbmnoticias.com\\\/labravaradiofm\\\/2024\\\/11\\\/13\\\/gobierno-de-sheinbaum-no-aumentara-los-precios-de-energeticos-en-proximos-seis-anos\\\/#breadcrumb\"},\"inLanguage\":\"es\",\"potentialAction\":[{\"@type\":\"ReadAction\",\"target\":[\"https:\\\/\\\/www.bbmnoticias.com\\\/labravaradiofm\\\/2024\\\/11\\\/13\\\/gobierno-de-sheinbaum-no-aumentara-los-precios-de-energeticos-en-proximos-seis-anos\\\/\"]}]},{\"@type\":\"ImageObject\",\"inLanguage\":\"es\",\"@id\":\"https:\\\/\\\/www.bbmnoticias.com\\\/labravaradiofm\\\/2024\\\/11\\\/13\\\/gobierno-de-sheinbaum-no-aumentara-los-precios-de-energeticos-en-proximos-seis-anos\\\/#primaryimage\",\"url\":\"https:\\\/\\\/www.bbmnoticias.com\\\/labravaradiofm\\\/wp-content\\\/uploads\\\/sites\\\/5\\\/2024\\\/11\\\/precios-gasolinas.webp\",\"contentUrl\":\"https:\\\/\\\/www.bbmnoticias.com\\\/labravaradiofm\\\/wp-content\\\/uploads\\\/sites\\\/5\\\/2024\\\/11\\\/precios-gasolinas.webp\",\"width\":1000,\"height\":563},{\"@type\":\"BreadcrumbList\",\"@id\":\"https:\\\/\\\/www.bbmnoticias.com\\\/labravaradiofm\\\/2024\\\/11\\\/13\\\/gobierno-de-sheinbaum-no-aumentara-los-precios-de-energeticos-en-proximos-seis-anos\\\/#breadcrumb\",\"itemListElement\":[{\"@type\":\"ListItem\",\"position\":1,\"name\":\"Inicio\",\"item\":\"https:\\\/\\\/www.bbmnoticias.com\\\/labravaradiofm\\\/\"},{\"@type\":\"ListItem\",\"position\":2,\"name\":\"Gobierno de Sheinbaum no aumentar\u00e1 los precios de energ\u00e9ticos en pr\u00f3ximos seis a\u00f1os\"}]},{\"@type\":\"WebSite\",\"@id\":\"https:\\\/\\\/www.bbmnoticias.com\\\/labravaradiofm\\\/#website\",\"url\":\"https:\\\/\\\/www.bbmnoticias.com\\\/labravaradiofm\\\/\",\"name\":\"LA BRAVA RADIO\",\"description\":\"Empresa productora de medios, Radiodifusi\u00f3n, Noticias, tendencias y todo lo que necesitas saber de la pol\u00edtica mexicana e internacional; entretenimiento, espect\u00e1culos, salud y mucho m\u00e1s.\",\"potentialAction\":[{\"@type\":\"SearchAction\",\"target\":{\"@type\":\"EntryPoint\",\"urlTemplate\":\"https:\\\/\\\/www.bbmnoticias.com\\\/labravaradiofm\\\/?s={search_term_string}\"},\"query-input\":{\"@type\":\"PropertyValueSpecification\",\"valueRequired\":true,\"valueName\":\"search_term_string\"}}],\"inLanguage\":\"es\"},{\"@type\":\"Person\",\"@id\":\"https:\\\/\\\/www.bbmnoticias.com\\\/labravaradiofm\\\/#\\\/schema\\\/person\\\/68a9e9036ef3c5b55aeb2b71dc8bab45\",\"name\":\"Staff\",\"image\":{\"@type\":\"ImageObject\",\"inLanguage\":\"es\",\"@id\":\"https:\\\/\\\/secure.gravatar.com\\\/avatar\\\/fdd21ad66fd8b98c407f9dee5b5e588cfe7f0d8579ec20fa6527cd59bab7f0f0?s=96&d=mm&r=g\",\"url\":\"https:\\\/\\\/secure.gravatar.com\\\/avatar\\\/fdd21ad66fd8b98c407f9dee5b5e588cfe7f0d8579ec20fa6527cd59bab7f0f0?s=96&d=mm&r=g\",\"contentUrl\":\"https:\\\/\\\/secure.gravatar.com\\\/avatar\\\/fdd21ad66fd8b98c407f9dee5b5e588cfe7f0d8579ec20fa6527cd59bab7f0f0?s=96&d=mm&r=g\",\"caption\":\"Staff\"},\"url\":\"https:\\\/\\\/www.bbmnoticias.com\\\/labravaradiofm\\\/author\\\/redaccion\\\/\"}]}<\/script>\n<!-- \/ Yoast SEO plugin. -->","yoast_head_json":{"title":"Gobierno de Sheinbaum no aumentar\u00e1 los precios de energ\u00e9ticos en pr\u00f3ximos seis a\u00f1os - LA BRAVA RADIO","robots":{"index":"index","follow":"follow","max-snippet":"max-snippet:-1","max-image-preview":"max-image-preview:large","max-video-preview":"max-video-preview:-1"},"canonical":"https:\/\/www.bbmnoticias.com\/labravaradiofm\/2024\/11\/13\/gobierno-de-sheinbaum-no-aumentara-los-precios-de-energeticos-en-proximos-seis-anos\/","og_locale":"es_MX","og_type":"article","og_title":"Gobierno de Sheinbaum no aumentar\u00e1 los precios de energ\u00e9ticos en pr\u00f3ximos seis a\u00f1os - LA BRAVA RADIO","og_description":"La titular de Energ\u00eda, Luz Elena Gonz\u00e1lez Escobar, hizo el compromiso de no aumentar\u00a0los precios de los energ\u00e9ticos en t\u00e9rminos reales en los pr\u00f3ximos seis a\u00f1os. Gonz\u00e1lez Escobar present\u00f3 en la conferencia matutina de Palacio Nacional la Estrategia Nacional del Sector de Hidrocarburos y Gas Natural, donde apunt\u00f3 que el hecho de que no aumenten [&hellip;]","og_url":"https:\/\/www.bbmnoticias.com\/labravaradiofm\/2024\/11\/13\/gobierno-de-sheinbaum-no-aumentara-los-precios-de-energeticos-en-proximos-seis-anos\/","og_site_name":"LA BRAVA RADIO","article_published_time":"2024-11-13T15:21:00+00:00","og_image":[{"width":1000,"height":563,"url":"https:\/\/www.bbmnoticias.com\/labravaradiofm\/wp-content\/uploads\/sites\/5\/2024\/11\/precios-gasolinas.webp","type":"image\/webp"}],"author":"Staff","twitter_card":"summary_large_image","twitter_misc":{"Escrito por":"Staff","Tiempo de lectura":"2 minutos"},"schema":{"@context":"https:\/\/schema.org","@graph":[{"@type":"Article","@id":"https:\/\/www.bbmnoticias.com\/labravaradiofm\/2024\/11\/13\/gobierno-de-sheinbaum-no-aumentara-los-precios-de-energeticos-en-proximos-seis-anos\/#article","isPartOf":{"@id":"https:\/\/www.bbmnoticias.com\/labravaradiofm\/2024\/11\/13\/gobierno-de-sheinbaum-no-aumentara-los-precios-de-energeticos-en-proximos-seis-anos\/"},"author":{"name":"Staff","@id":"https:\/\/www.bbmnoticias.com\/labravaradiofm\/#\/schema\/person\/68a9e9036ef3c5b55aeb2b71dc8bab45"},"headline":"Gobierno de Sheinbaum no aumentar\u00e1 los precios de energ\u00e9ticos en pr\u00f3ximos seis a\u00f1os","datePublished":"2024-11-13T15:21:00+00:00","mainEntityOfPage":{"@id":"https:\/\/www.bbmnoticias.com\/labravaradiofm\/2024\/11\/13\/gobierno-de-sheinbaum-no-aumentara-los-precios-de-energeticos-en-proximos-seis-anos\/"},"wordCount":390,"image":{"@id":"https:\/\/www.bbmnoticias.com\/labravaradiofm\/2024\/11\/13\/gobierno-de-sheinbaum-no-aumentara-los-precios-de-energeticos-en-proximos-seis-anos\/#primaryimage"},"thumbnailUrl":"https:\/\/www.bbmnoticias.com\/labravaradiofm\/wp-content\/uploads\/sites\/5\/2024\/11\/precios-gasolinas.webp","articleSection":["NACIONAL"],"inLanguage":"es"},{"@type":"WebPage","@id":"https:\/\/www.bbmnoticias.com\/labravaradiofm\/2024\/11\/13\/gobierno-de-sheinbaum-no-aumentara-los-precios-de-energeticos-en-proximos-seis-anos\/","url":"https:\/\/www.bbmnoticias.com\/labravaradiofm\/2024\/11\/13\/gobierno-de-sheinbaum-no-aumentara-los-precios-de-energeticos-en-proximos-seis-anos\/","name":"Gobierno de Sheinbaum no aumentar\u00e1 los precios de energ\u00e9ticos en pr\u00f3ximos seis a\u00f1os - LA BRAVA RADIO","isPartOf":{"@id":"https:\/\/www.bbmnoticias.com\/labravaradiofm\/#website"},"primaryImageOfPage":{"@id":"https:\/\/www.bbmnoticias.com\/labravaradiofm\/2024\/11\/13\/gobierno-de-sheinbaum-no-aumentara-los-precios-de-energeticos-en-proximos-seis-anos\/#primaryimage"},"image":{"@id":"https:\/\/www.bbmnoticias.com\/labravaradiofm\/2024\/11\/13\/gobierno-de-sheinbaum-no-aumentara-los-precios-de-energeticos-en-proximos-seis-anos\/#primaryimage"},"thumbnailUrl":"https:\/\/www.bbmnoticias.com\/labravaradiofm\/wp-content\/uploads\/sites\/5\/2024\/11\/precios-gasolinas.webp","datePublished":"2024-11-13T15:21:00+00:00","author":{"@id":"https:\/\/www.bbmnoticias.com\/labravaradiofm\/#\/schema\/person\/68a9e9036ef3c5b55aeb2b71dc8bab45"},"breadcrumb":{"@id":"https:\/\/www.bbmnoticias.com\/labravaradiofm\/2024\/11\/13\/gobierno-de-sheinbaum-no-aumentara-los-precios-de-energeticos-en-proximos-seis-anos\/#breadcrumb"},"inLanguage":"es","potentialAction":[{"@type":"ReadAction","target":["https:\/\/www.bbmnoticias.com\/labravaradiofm\/2024\/11\/13\/gobierno-de-sheinbaum-no-aumentara-los-precios-de-energeticos-en-proximos-seis-anos\/"]}]},{"@type":"ImageObject","inLanguage":"es","@id":"https:\/\/www.bbmnoticias.com\/labravaradiofm\/2024\/11\/13\/gobierno-de-sheinbaum-no-aumentara-los-precios-de-energeticos-en-proximos-seis-anos\/#primaryimage","url":"https:\/\/www.bbmnoticias.com\/labravaradiofm\/wp-content\/uploads\/sites\/5\/2024\/11\/precios-gasolinas.webp","contentUrl":"https:\/\/www.bbmnoticias.com\/labravaradiofm\/wp-content\/uploads\/sites\/5\/2024\/11\/precios-gasolinas.webp","width":1000,"height":563},{"@type":"BreadcrumbList","@id":"https:\/\/www.bbmnoticias.com\/labravaradiofm\/2024\/11\/13\/gobierno-de-sheinbaum-no-aumentara-los-precios-de-energeticos-en-proximos-seis-anos\/#breadcrumb","itemListElement":[{"@type":"ListItem","position":1,"name":"Inicio","item":"https:\/\/www.bbmnoticias.com\/labravaradiofm\/"},{"@type":"ListItem","position":2,"name":"Gobierno de Sheinbaum no aumentar\u00e1 los precios de energ\u00e9ticos en pr\u00f3ximos seis a\u00f1os"}]},{"@type":"WebSite","@id":"https:\/\/www.bbmnoticias.com\/labravaradiofm\/#website","url":"https:\/\/www.bbmnoticias.com\/labravaradiofm\/","name":"LA BRAVA RADIO","description":"Empresa productora de medios, Radiodifusi\u00f3n, Noticias, tendencias y todo lo que necesitas saber de la pol\u00edtica mexicana e internacional; entretenimiento, espect\u00e1culos, salud y mucho m\u00e1s.","potentialAction":[{"@type":"SearchAction","target":{"@type":"EntryPoint","urlTemplate":"https:\/\/www.bbmnoticias.com\/labravaradiofm\/?s={search_term_string}"},"query-input":{"@type":"PropertyValueSpecification","valueRequired":true,"valueName":"search_term_string"}}],"inLanguage":"es"},{"@type":"Person","@id":"https:\/\/www.bbmnoticias.com\/labravaradiofm\/#\/schema\/person\/68a9e9036ef3c5b55aeb2b71dc8bab45","name":"Staff","image":{"@type":"ImageObject","inLanguage":"es","@id":"https:\/\/secure.gravatar.com\/avatar\/fdd21ad66fd8b98c407f9dee5b5e588cfe7f0d8579ec20fa6527cd59bab7f0f0?s=96&d=mm&r=g","url":"https:\/\/secure.gravatar.com\/avatar\/fdd21ad66fd8b98c407f9dee5b5e588cfe7f0d8579ec20fa6527cd59bab7f0f0?s=96&d=mm&r=g","contentUrl":"https:\/\/secure.gravatar.com\/avatar\/fdd21ad66fd8b98c407f9dee5b5e588cfe7f0d8579ec20fa6527cd59bab7f0f0?s=96&d=mm&r=g","caption":"Staff"},"url":"https:\/\/www.bbmnoticias.com\/labravaradiofm\/author\/redaccion\/"}]}},"_links":{"self":[{"href":"https:\/\/www.bbmnoticias.com\/labravaradiofm\/wp-json\/wp\/v2\/posts\/49970","targetHints":{"allow":["GET"]}}],"collection":[{"href":"https:\/\/www.bbmnoticias.com\/labravaradiofm\/wp-json\/wp\/v2\/posts"}],"about":[{"href":"https:\/\/www.bbmnoticias.com\/labravaradiofm\/wp-json\/wp\/v2\/types\/post"}],"author":[{"embeddable":true,"href":"https:\/\/www.bbmnoticias.com\/labravaradiofm\/wp-json\/wp\/v2\/users\/2"}],"replies":[{"embeddable":true,"href":"https:\/\/www.bbmnoticias.com\/labravaradiofm\/wp-json\/wp\/v2\/comments?post=49970"}],"version-history":[{"count":0,"href":"https:\/\/www.bbmnoticias.com\/labravaradiofm\/wp-json\/wp\/v2\/posts\/49970\/revisions"}],"wp:featuredmedia":[{"embeddable":true,"href":"https:\/\/www.bbmnoticias.com\/labravaradiofm\/wp-json\/wp\/v2\/media\/49971"}],"wp:attachment":[{"href":"https:\/\/www.bbmnoticias.com\/labravaradiofm\/wp-json\/wp\/v2\/media?parent=49970"}],"wp:term":[{"taxonomy":"category","embeddable":true,"href":"https:\/\/www.bbmnoticias.com\/labravaradiofm\/wp-json\/wp\/v2\/categories?post=49970"},{"taxonomy":"post_tag","embeddable":true,"href":"https:\/\/www.bbmnoticias.com\/labravaradiofm\/wp-json\/wp\/v2\/tags?post=49970"}],"curies":[{"name":"wp","href":"https:\/\/api.w.org\/{rel}","templated":true}]}}