{"id":49962,"date":"2024-11-13T08:41:02","date_gmt":"2024-11-13T14:41:02","guid":{"rendered":"https:\/\/www.bbmnoticias.com\/labravaradiofm\/?p=49962"},"modified":"2024-11-13T08:41:07","modified_gmt":"2024-11-13T14:41:07","slug":"convoca-gobierno-del-estado-al-concurso-estatal-para-seleccionar-la-imagen-oficial-de-la-guelaguetza-2025","status":"publish","type":"post","link":"https:\/\/www.bbmnoticias.com\/labravaradiofm\/2024\/11\/13\/convoca-gobierno-del-estado-al-concurso-estatal-para-seleccionar-la-imagen-oficial-de-la-guelaguetza-2025\/","title":{"rendered":"Convoca Gobierno del Estado al Concurso Estatal para seleccionar la imagen oficial de la Guelaguetza 2025"},"content":{"rendered":"<div style=\"margin-top: 0px; margin-bottom: 0px;\" class=\"sharethis-inline-share-buttons\" ><\/div>\n<p><strong>Oaxaca de Ju\u00e1rez, Oax. 13 de noviembre de 2024.-<\/strong> El Gobierno del Estado a trav\u00e9s de la Secretar\u00eda de Turismo (Sectur) dio a conocer la convocatoria al Concurso Estatal para seleccionar la imagen oficial de la Guelaguetza 2025, la cual est\u00e1 dirigida a oaxaque\u00f1as y oaxaque\u00f1os mayores de 18 a\u00f1os que tengan inter\u00e9s y que deseen plasmar una imagen que sea alusiva a esta m\u00e1xima fiesta.<\/p>\n\n\n\n<p>La secretaria Saymi Pineda Velasco explic\u00f3 que, por ley, en el mes de noviembre se debe emitir esta convocatoria para elegir la imagen de la Guelaguetza y las obras que participen podr\u00e1n representar las expresiones art\u00edsticas, folcl\u00f3ricas, danc\u00edsticas, gastron\u00f3micas y tradicionales de las ocho regiones del estado, de sus 16 culturas y el pueblo afromexicano.<\/p>\n\n\n\n<figure class=\"wp-block-embed is-type-rich is-provider-twitter wp-block-embed-twitter\"><div class=\"wp-block-embed__wrapper\">\n<blockquote class=\"twitter-tweet\" data-width=\"550\" data-dnt=\"true\"><p lang=\"es\" dir=\"ltr\">El Gobierno del Estado, a trav\u00e9s de la <a href=\"https:\/\/twitter.com\/SECTUR_GobOax?ref_src=twsrc%5Etfw\">@SECTUR_GobOax<\/a> invita a las y los oaxaque\u00f1os mayores de 18 a\u00f1os a participar en la convocatoria del Concurso Estatal para seleccionar la imagen oficial de la Guelaguetza 2025. Accede a <a href=\"https:\/\/t.co\/CU4Q0UOP7G\">https:\/\/t.co\/CU4Q0UOP7G<\/a>, consulta las bases e\u2026 <a href=\"https:\/\/t.co\/lW3M7X042p\">pic.twitter.com\/lW3M7X042p<\/a><\/p>&mdash; Gobierno de Oaxaca (@GobOax) <a href=\"https:\/\/twitter.com\/GobOax\/status\/1856546345940668826?ref_src=twsrc%5Etfw\">November 13, 2024<\/a><\/blockquote><script async src=\"https:\/\/platform.twitter.com\/widgets.js\" charset=\"utf-8\"><\/script>\n<\/div><\/figure>\n\n\n\n<p>La t\u00e9cnica de los trabajos podr\u00e1 ser considerada en las modalidades de pintura acr\u00edlica, acuarela, \u00f3leo, aerograf\u00eda, pintura al pastel, tinta, grabado, t\u00e9cnica mixta, entre otras que se especifican en la convocatoria.<\/p>\n\n\n\n<p>La convocatoria cerrar\u00e1 el 10 de enero de 2025 y el tema de las obras ser\u00e1 \u201cGuelaguetza 2025, Fiestas de los Lunes del Cerro\u201d. Las obras que se registren deber\u00e1n ser in\u00e9ditas, que no hayan sido comprometidas para otros eventos, ni exhibidas anteriormente y que no hayan participado en otros cert\u00e1menes, asever\u00f3 Pineda Velasco.<\/p>\n\n\n\n<p>Puntualiz\u00f3 que la recepci\u00f3n de las obras ser\u00e1 en la Secretar\u00eda de Turismo, ubicada en la avenida Ju\u00e1rez 703 de la ciudad de Oaxaca de Ju\u00e1rez, y en su momento el jurado calificador, que estar\u00e1 integrado por personas expertas en artes gr\u00e1ficas y las personas organizadoras de las festividades de los Lunes del Cerro, realizar\u00e1 la selecci\u00f3n de la obra ganadora de acuerdo a lineamientos correspondientes a la t\u00e9cnica, originalidad, composici\u00f3n de la obra, creatividad en el manejo de los elementos, materiales y rese\u00f1a o semblanza de la realizaci\u00f3n del trabajo.<\/p>\n\n\n\n<p>Dijo que la obra que resulte ganadora plasmar\u00e1 la imagen de la fiesta grande del pueblo de Oaxaca y representar\u00e1 a nivel local, nacional e internacional la Guelaguetza.<\/p>\n\n\n\n<p>Para m\u00e1s informaci\u00f3n, la convocatoria puede consultarse en las redes sociales del Gobierno del Estado y la Sectur Oaxaca.<\/p>\n","protected":false},"excerpt":{"rendered":"<p>Oaxaca de Ju\u00e1rez, Oax. 13 de noviembre de 2024.- El Gobierno del Estado a trav\u00e9s de la Secretar\u00eda de Turismo (Sectur) dio a conocer la convocatoria al Concurso Estatal para seleccionar la imagen oficial de la Guelaguetza 2025, la cual est\u00e1 dirigida a oaxaque\u00f1as y oaxaque\u00f1os mayores de 18 a\u00f1os que tengan inter\u00e9s y que [&hellip;]<\/p>\n","protected":false},"author":2,"featured_media":44981,"comment_status":"closed","ping_status":"closed","sticky":false,"template":"","format":"standard","meta":{"footnotes":""},"categories":[1025],"tags":[],"class_list":{"0":"post-49962","1":"post","2":"type-post","3":"status-publish","4":"format-standard","5":"has-post-thumbnail","7":"category-destacado"},"yoast_head":"<!-- This site is optimized with the Yoast SEO plugin v27.4 - https:\/\/yoast.com\/product\/yoast-seo-wordpress\/ -->\n<title>Convoca Gobierno del Estado al Concurso Estatal para seleccionar la imagen oficial de la Guelaguetza 2025 - LA BRAVA RADIO<\/title>\n<meta name=\"robots\" content=\"index, follow, max-snippet:-1, max-image-preview:large, max-video-preview:-1\" \/>\n<link rel=\"canonical\" href=\"https:\/\/www.bbmnoticias.com\/labravaradiofm\/2024\/11\/13\/convoca-gobierno-del-estado-al-concurso-estatal-para-seleccionar-la-imagen-oficial-de-la-guelaguetza-2025\/\" \/>\n<meta property=\"og:locale\" content=\"es_MX\" \/>\n<meta property=\"og:type\" content=\"article\" \/>\n<meta property=\"og:title\" content=\"Convoca Gobierno del Estado al Concurso Estatal para seleccionar la imagen oficial de la Guelaguetza 2025 - LA BRAVA RADIO\" \/>\n<meta property=\"og:description\" content=\"Oaxaca de Ju\u00e1rez, Oax. 13 de noviembre de 2024.- El Gobierno del Estado a trav\u00e9s de la Secretar\u00eda de Turismo (Sectur) dio a conocer la convocatoria al Concurso Estatal para seleccionar la imagen oficial de la Guelaguetza 2025, la cual est\u00e1 dirigida a oaxaque\u00f1as y oaxaque\u00f1os mayores de 18 a\u00f1os que tengan inter\u00e9s y que [&hellip;]\" \/>\n<meta property=\"og:url\" content=\"https:\/\/www.bbmnoticias.com\/labravaradiofm\/2024\/11\/13\/convoca-gobierno-del-estado-al-concurso-estatal-para-seleccionar-la-imagen-oficial-de-la-guelaguetza-2025\/\" \/>\n<meta property=\"og:site_name\" content=\"LA BRAVA RADIO\" \/>\n<meta property=\"article:published_time\" content=\"2024-11-13T14:41:02+00:00\" \/>\n<meta property=\"article:modified_time\" content=\"2024-11-13T14:41:07+00:00\" \/>\n<meta property=\"og:image\" content=\"https:\/\/www.bbmnoticias.com\/labravaradiofm\/wp-content\/uploads\/sites\/5\/2024\/07\/guelaguetza-oaxaca.jpeg\" \/>\n\t<meta property=\"og:image:width\" content=\"1040\" \/>\n\t<meta property=\"og:image:height\" content=\"692\" \/>\n\t<meta property=\"og:image:type\" content=\"image\/jpeg\" \/>\n<meta name=\"author\" content=\"Staff\" \/>\n<meta name=\"twitter:card\" content=\"summary_large_image\" \/>\n<meta name=\"twitter:label1\" content=\"Escrito por\" \/>\n\t<meta name=\"twitter:data1\" content=\"Staff\" \/>\n\t<meta name=\"twitter:label2\" content=\"Tiempo de lectura\" \/>\n\t<meta name=\"twitter:data2\" content=\"2 minutos\" \/>\n<script type=\"application\/ld+json\" class=\"yoast-schema-graph\">{\"@context\":\"https:\\\/\\\/schema.org\",\"@graph\":[{\"@type\":\"Article\",\"@id\":\"https:\\\/\\\/www.bbmnoticias.com\\\/labravaradiofm\\\/2024\\\/11\\\/13\\\/convoca-gobierno-del-estado-al-concurso-estatal-para-seleccionar-la-imagen-oficial-de-la-guelaguetza-2025\\\/#article\",\"isPartOf\":{\"@id\":\"https:\\\/\\\/www.bbmnoticias.com\\\/labravaradiofm\\\/2024\\\/11\\\/13\\\/convoca-gobierno-del-estado-al-concurso-estatal-para-seleccionar-la-imagen-oficial-de-la-guelaguetza-2025\\\/\"},\"author\":{\"name\":\"Staff\",\"@id\":\"https:\\\/\\\/www.bbmnoticias.com\\\/labravaradiofm\\\/#\\\/schema\\\/person\\\/68a9e9036ef3c5b55aeb2b71dc8bab45\"},\"headline\":\"Convoca Gobierno del Estado al Concurso Estatal para seleccionar la imagen oficial de la Guelaguetza 2025\",\"datePublished\":\"2024-11-13T14:41:02+00:00\",\"dateModified\":\"2024-11-13T14:41:07+00:00\",\"mainEntityOfPage\":{\"@id\":\"https:\\\/\\\/www.bbmnoticias.com\\\/labravaradiofm\\\/2024\\\/11\\\/13\\\/convoca-gobierno-del-estado-al-concurso-estatal-para-seleccionar-la-imagen-oficial-de-la-guelaguetza-2025\\\/\"},\"wordCount\":389,\"image\":{\"@id\":\"https:\\\/\\\/www.bbmnoticias.com\\\/labravaradiofm\\\/2024\\\/11\\\/13\\\/convoca-gobierno-del-estado-al-concurso-estatal-para-seleccionar-la-imagen-oficial-de-la-guelaguetza-2025\\\/#primaryimage\"},\"thumbnailUrl\":\"https:\\\/\\\/www.bbmnoticias.com\\\/labravaradiofm\\\/wp-content\\\/uploads\\\/sites\\\/5\\\/2024\\\/07\\\/guelaguetza-oaxaca.jpeg\",\"articleSection\":[\"DESTACADO\"],\"inLanguage\":\"es\"},{\"@type\":\"WebPage\",\"@id\":\"https:\\\/\\\/www.bbmnoticias.com\\\/labravaradiofm\\\/2024\\\/11\\\/13\\\/convoca-gobierno-del-estado-al-concurso-estatal-para-seleccionar-la-imagen-oficial-de-la-guelaguetza-2025\\\/\",\"url\":\"https:\\\/\\\/www.bbmnoticias.com\\\/labravaradiofm\\\/2024\\\/11\\\/13\\\/convoca-gobierno-del-estado-al-concurso-estatal-para-seleccionar-la-imagen-oficial-de-la-guelaguetza-2025\\\/\",\"name\":\"Convoca Gobierno del Estado al Concurso Estatal para seleccionar la imagen oficial de la Guelaguetza 2025 - LA BRAVA RADIO\",\"isPartOf\":{\"@id\":\"https:\\\/\\\/www.bbmnoticias.com\\\/labravaradiofm\\\/#website\"},\"primaryImageOfPage\":{\"@id\":\"https:\\\/\\\/www.bbmnoticias.com\\\/labravaradiofm\\\/2024\\\/11\\\/13\\\/convoca-gobierno-del-estado-al-concurso-estatal-para-seleccionar-la-imagen-oficial-de-la-guelaguetza-2025\\\/#primaryimage\"},\"image\":{\"@id\":\"https:\\\/\\\/www.bbmnoticias.com\\\/labravaradiofm\\\/2024\\\/11\\\/13\\\/convoca-gobierno-del-estado-al-concurso-estatal-para-seleccionar-la-imagen-oficial-de-la-guelaguetza-2025\\\/#primaryimage\"},\"thumbnailUrl\":\"https:\\\/\\\/www.bbmnoticias.com\\\/labravaradiofm\\\/wp-content\\\/uploads\\\/sites\\\/5\\\/2024\\\/07\\\/guelaguetza-oaxaca.jpeg\",\"datePublished\":\"2024-11-13T14:41:02+00:00\",\"dateModified\":\"2024-11-13T14:41:07+00:00\",\"author\":{\"@id\":\"https:\\\/\\\/www.bbmnoticias.com\\\/labravaradiofm\\\/#\\\/schema\\\/person\\\/68a9e9036ef3c5b55aeb2b71dc8bab45\"},\"breadcrumb\":{\"@id\":\"https:\\\/\\\/www.bbmnoticias.com\\\/labravaradiofm\\\/2024\\\/11\\\/13\\\/convoca-gobierno-del-estado-al-concurso-estatal-para-seleccionar-la-imagen-oficial-de-la-guelaguetza-2025\\\/#breadcrumb\"},\"inLanguage\":\"es\",\"potentialAction\":[{\"@type\":\"ReadAction\",\"target\":[\"https:\\\/\\\/www.bbmnoticias.com\\\/labravaradiofm\\\/2024\\\/11\\\/13\\\/convoca-gobierno-del-estado-al-concurso-estatal-para-seleccionar-la-imagen-oficial-de-la-guelaguetza-2025\\\/\"]}]},{\"@type\":\"ImageObject\",\"inLanguage\":\"es\",\"@id\":\"https:\\\/\\\/www.bbmnoticias.com\\\/labravaradiofm\\\/2024\\\/11\\\/13\\\/convoca-gobierno-del-estado-al-concurso-estatal-para-seleccionar-la-imagen-oficial-de-la-guelaguetza-2025\\\/#primaryimage\",\"url\":\"https:\\\/\\\/www.bbmnoticias.com\\\/labravaradiofm\\\/wp-content\\\/uploads\\\/sites\\\/5\\\/2024\\\/07\\\/guelaguetza-oaxaca.jpeg\",\"contentUrl\":\"https:\\\/\\\/www.bbmnoticias.com\\\/labravaradiofm\\\/wp-content\\\/uploads\\\/sites\\\/5\\\/2024\\\/07\\\/guelaguetza-oaxaca.jpeg\",\"width\":1040,\"height\":692},{\"@type\":\"BreadcrumbList\",\"@id\":\"https:\\\/\\\/www.bbmnoticias.com\\\/labravaradiofm\\\/2024\\\/11\\\/13\\\/convoca-gobierno-del-estado-al-concurso-estatal-para-seleccionar-la-imagen-oficial-de-la-guelaguetza-2025\\\/#breadcrumb\",\"itemListElement\":[{\"@type\":\"ListItem\",\"position\":1,\"name\":\"Inicio\",\"item\":\"https:\\\/\\\/www.bbmnoticias.com\\\/labravaradiofm\\\/\"},{\"@type\":\"ListItem\",\"position\":2,\"name\":\"Convoca Gobierno del Estado al Concurso Estatal para seleccionar la imagen oficial de la Guelaguetza 2025\"}]},{\"@type\":\"WebSite\",\"@id\":\"https:\\\/\\\/www.bbmnoticias.com\\\/labravaradiofm\\\/#website\",\"url\":\"https:\\\/\\\/www.bbmnoticias.com\\\/labravaradiofm\\\/\",\"name\":\"LA BRAVA RADIO\",\"description\":\"Empresa productora de medios, Radiodifusi\u00f3n, Noticias, tendencias y todo lo que necesitas saber de la pol\u00edtica mexicana e internacional; entretenimiento, espect\u00e1culos, salud y mucho m\u00e1s.\",\"potentialAction\":[{\"@type\":\"SearchAction\",\"target\":{\"@type\":\"EntryPoint\",\"urlTemplate\":\"https:\\\/\\\/www.bbmnoticias.com\\\/labravaradiofm\\\/?s={search_term_string}\"},\"query-input\":{\"@type\":\"PropertyValueSpecification\",\"valueRequired\":true,\"valueName\":\"search_term_string\"}}],\"inLanguage\":\"es\"},{\"@type\":\"Person\",\"@id\":\"https:\\\/\\\/www.bbmnoticias.com\\\/labravaradiofm\\\/#\\\/schema\\\/person\\\/68a9e9036ef3c5b55aeb2b71dc8bab45\",\"name\":\"Staff\",\"image\":{\"@type\":\"ImageObject\",\"inLanguage\":\"es\",\"@id\":\"https:\\\/\\\/secure.gravatar.com\\\/avatar\\\/fdd21ad66fd8b98c407f9dee5b5e588cfe7f0d8579ec20fa6527cd59bab7f0f0?s=96&d=mm&r=g\",\"url\":\"https:\\\/\\\/secure.gravatar.com\\\/avatar\\\/fdd21ad66fd8b98c407f9dee5b5e588cfe7f0d8579ec20fa6527cd59bab7f0f0?s=96&d=mm&r=g\",\"contentUrl\":\"https:\\\/\\\/secure.gravatar.com\\\/avatar\\\/fdd21ad66fd8b98c407f9dee5b5e588cfe7f0d8579ec20fa6527cd59bab7f0f0?s=96&d=mm&r=g\",\"caption\":\"Staff\"},\"url\":\"https:\\\/\\\/www.bbmnoticias.com\\\/labravaradiofm\\\/author\\\/redaccion\\\/\"}]}<\/script>\n<!-- \/ Yoast SEO plugin. -->","yoast_head_json":{"title":"Convoca Gobierno del Estado al Concurso Estatal para seleccionar la imagen oficial de la Guelaguetza 2025 - LA BRAVA RADIO","robots":{"index":"index","follow":"follow","max-snippet":"max-snippet:-1","max-image-preview":"max-image-preview:large","max-video-preview":"max-video-preview:-1"},"canonical":"https:\/\/www.bbmnoticias.com\/labravaradiofm\/2024\/11\/13\/convoca-gobierno-del-estado-al-concurso-estatal-para-seleccionar-la-imagen-oficial-de-la-guelaguetza-2025\/","og_locale":"es_MX","og_type":"article","og_title":"Convoca Gobierno del Estado al Concurso Estatal para seleccionar la imagen oficial de la Guelaguetza 2025 - LA BRAVA RADIO","og_description":"Oaxaca de Ju\u00e1rez, Oax. 13 de noviembre de 2024.- El Gobierno del Estado a trav\u00e9s de la Secretar\u00eda de Turismo (Sectur) dio a conocer la convocatoria al Concurso Estatal para seleccionar la imagen oficial de la Guelaguetza 2025, la cual est\u00e1 dirigida a oaxaque\u00f1as y oaxaque\u00f1os mayores de 18 a\u00f1os que tengan inter\u00e9s y que [&hellip;]","og_url":"https:\/\/www.bbmnoticias.com\/labravaradiofm\/2024\/11\/13\/convoca-gobierno-del-estado-al-concurso-estatal-para-seleccionar-la-imagen-oficial-de-la-guelaguetza-2025\/","og_site_name":"LA BRAVA RADIO","article_published_time":"2024-11-13T14:41:02+00:00","article_modified_time":"2024-11-13T14:41:07+00:00","og_image":[{"width":1040,"height":692,"url":"https:\/\/www.bbmnoticias.com\/labravaradiofm\/wp-content\/uploads\/sites\/5\/2024\/07\/guelaguetza-oaxaca.jpeg","type":"image\/jpeg"}],"author":"Staff","twitter_card":"summary_large_image","twitter_misc":{"Escrito por":"Staff","Tiempo de lectura":"2 minutos"},"schema":{"@context":"https:\/\/schema.org","@graph":[{"@type":"Article","@id":"https:\/\/www.bbmnoticias.com\/labravaradiofm\/2024\/11\/13\/convoca-gobierno-del-estado-al-concurso-estatal-para-seleccionar-la-imagen-oficial-de-la-guelaguetza-2025\/#article","isPartOf":{"@id":"https:\/\/www.bbmnoticias.com\/labravaradiofm\/2024\/11\/13\/convoca-gobierno-del-estado-al-concurso-estatal-para-seleccionar-la-imagen-oficial-de-la-guelaguetza-2025\/"},"author":{"name":"Staff","@id":"https:\/\/www.bbmnoticias.com\/labravaradiofm\/#\/schema\/person\/68a9e9036ef3c5b55aeb2b71dc8bab45"},"headline":"Convoca Gobierno del Estado al Concurso Estatal para seleccionar la imagen oficial de la Guelaguetza 2025","datePublished":"2024-11-13T14:41:02+00:00","dateModified":"2024-11-13T14:41:07+00:00","mainEntityOfPage":{"@id":"https:\/\/www.bbmnoticias.com\/labravaradiofm\/2024\/11\/13\/convoca-gobierno-del-estado-al-concurso-estatal-para-seleccionar-la-imagen-oficial-de-la-guelaguetza-2025\/"},"wordCount":389,"image":{"@id":"https:\/\/www.bbmnoticias.com\/labravaradiofm\/2024\/11\/13\/convoca-gobierno-del-estado-al-concurso-estatal-para-seleccionar-la-imagen-oficial-de-la-guelaguetza-2025\/#primaryimage"},"thumbnailUrl":"https:\/\/www.bbmnoticias.com\/labravaradiofm\/wp-content\/uploads\/sites\/5\/2024\/07\/guelaguetza-oaxaca.jpeg","articleSection":["DESTACADO"],"inLanguage":"es"},{"@type":"WebPage","@id":"https:\/\/www.bbmnoticias.com\/labravaradiofm\/2024\/11\/13\/convoca-gobierno-del-estado-al-concurso-estatal-para-seleccionar-la-imagen-oficial-de-la-guelaguetza-2025\/","url":"https:\/\/www.bbmnoticias.com\/labravaradiofm\/2024\/11\/13\/convoca-gobierno-del-estado-al-concurso-estatal-para-seleccionar-la-imagen-oficial-de-la-guelaguetza-2025\/","name":"Convoca Gobierno del Estado al Concurso Estatal para seleccionar la imagen oficial de la Guelaguetza 2025 - LA BRAVA RADIO","isPartOf":{"@id":"https:\/\/www.bbmnoticias.com\/labravaradiofm\/#website"},"primaryImageOfPage":{"@id":"https:\/\/www.bbmnoticias.com\/labravaradiofm\/2024\/11\/13\/convoca-gobierno-del-estado-al-concurso-estatal-para-seleccionar-la-imagen-oficial-de-la-guelaguetza-2025\/#primaryimage"},"image":{"@id":"https:\/\/www.bbmnoticias.com\/labravaradiofm\/2024\/11\/13\/convoca-gobierno-del-estado-al-concurso-estatal-para-seleccionar-la-imagen-oficial-de-la-guelaguetza-2025\/#primaryimage"},"thumbnailUrl":"https:\/\/www.bbmnoticias.com\/labravaradiofm\/wp-content\/uploads\/sites\/5\/2024\/07\/guelaguetza-oaxaca.jpeg","datePublished":"2024-11-13T14:41:02+00:00","dateModified":"2024-11-13T14:41:07+00:00","author":{"@id":"https:\/\/www.bbmnoticias.com\/labravaradiofm\/#\/schema\/person\/68a9e9036ef3c5b55aeb2b71dc8bab45"},"breadcrumb":{"@id":"https:\/\/www.bbmnoticias.com\/labravaradiofm\/2024\/11\/13\/convoca-gobierno-del-estado-al-concurso-estatal-para-seleccionar-la-imagen-oficial-de-la-guelaguetza-2025\/#breadcrumb"},"inLanguage":"es","potentialAction":[{"@type":"ReadAction","target":["https:\/\/www.bbmnoticias.com\/labravaradiofm\/2024\/11\/13\/convoca-gobierno-del-estado-al-concurso-estatal-para-seleccionar-la-imagen-oficial-de-la-guelaguetza-2025\/"]}]},{"@type":"ImageObject","inLanguage":"es","@id":"https:\/\/www.bbmnoticias.com\/labravaradiofm\/2024\/11\/13\/convoca-gobierno-del-estado-al-concurso-estatal-para-seleccionar-la-imagen-oficial-de-la-guelaguetza-2025\/#primaryimage","url":"https:\/\/www.bbmnoticias.com\/labravaradiofm\/wp-content\/uploads\/sites\/5\/2024\/07\/guelaguetza-oaxaca.jpeg","contentUrl":"https:\/\/www.bbmnoticias.com\/labravaradiofm\/wp-content\/uploads\/sites\/5\/2024\/07\/guelaguetza-oaxaca.jpeg","width":1040,"height":692},{"@type":"BreadcrumbList","@id":"https:\/\/www.bbmnoticias.com\/labravaradiofm\/2024\/11\/13\/convoca-gobierno-del-estado-al-concurso-estatal-para-seleccionar-la-imagen-oficial-de-la-guelaguetza-2025\/#breadcrumb","itemListElement":[{"@type":"ListItem","position":1,"name":"Inicio","item":"https:\/\/www.bbmnoticias.com\/labravaradiofm\/"},{"@type":"ListItem","position":2,"name":"Convoca Gobierno del Estado al Concurso Estatal para seleccionar la imagen oficial de la Guelaguetza 2025"}]},{"@type":"WebSite","@id":"https:\/\/www.bbmnoticias.com\/labravaradiofm\/#website","url":"https:\/\/www.bbmnoticias.com\/labravaradiofm\/","name":"LA BRAVA RADIO","description":"Empresa productora de medios, Radiodifusi\u00f3n, Noticias, tendencias y todo lo que necesitas saber de la pol\u00edtica mexicana e internacional; entretenimiento, espect\u00e1culos, salud y mucho m\u00e1s.","potentialAction":[{"@type":"SearchAction","target":{"@type":"EntryPoint","urlTemplate":"https:\/\/www.bbmnoticias.com\/labravaradiofm\/?s={search_term_string}"},"query-input":{"@type":"PropertyValueSpecification","valueRequired":true,"valueName":"search_term_string"}}],"inLanguage":"es"},{"@type":"Person","@id":"https:\/\/www.bbmnoticias.com\/labravaradiofm\/#\/schema\/person\/68a9e9036ef3c5b55aeb2b71dc8bab45","name":"Staff","image":{"@type":"ImageObject","inLanguage":"es","@id":"https:\/\/secure.gravatar.com\/avatar\/fdd21ad66fd8b98c407f9dee5b5e588cfe7f0d8579ec20fa6527cd59bab7f0f0?s=96&d=mm&r=g","url":"https:\/\/secure.gravatar.com\/avatar\/fdd21ad66fd8b98c407f9dee5b5e588cfe7f0d8579ec20fa6527cd59bab7f0f0?s=96&d=mm&r=g","contentUrl":"https:\/\/secure.gravatar.com\/avatar\/fdd21ad66fd8b98c407f9dee5b5e588cfe7f0d8579ec20fa6527cd59bab7f0f0?s=96&d=mm&r=g","caption":"Staff"},"url":"https:\/\/www.bbmnoticias.com\/labravaradiofm\/author\/redaccion\/"}]}},"_links":{"self":[{"href":"https:\/\/www.bbmnoticias.com\/labravaradiofm\/wp-json\/wp\/v2\/posts\/49962","targetHints":{"allow":["GET"]}}],"collection":[{"href":"https:\/\/www.bbmnoticias.com\/labravaradiofm\/wp-json\/wp\/v2\/posts"}],"about":[{"href":"https:\/\/www.bbmnoticias.com\/labravaradiofm\/wp-json\/wp\/v2\/types\/post"}],"author":[{"embeddable":true,"href":"https:\/\/www.bbmnoticias.com\/labravaradiofm\/wp-json\/wp\/v2\/users\/2"}],"replies":[{"embeddable":true,"href":"https:\/\/www.bbmnoticias.com\/labravaradiofm\/wp-json\/wp\/v2\/comments?post=49962"}],"version-history":[{"count":0,"href":"https:\/\/www.bbmnoticias.com\/labravaradiofm\/wp-json\/wp\/v2\/posts\/49962\/revisions"}],"wp:featuredmedia":[{"embeddable":true,"href":"https:\/\/www.bbmnoticias.com\/labravaradiofm\/wp-json\/wp\/v2\/media\/44981"}],"wp:attachment":[{"href":"https:\/\/www.bbmnoticias.com\/labravaradiofm\/wp-json\/wp\/v2\/media?parent=49962"}],"wp:term":[{"taxonomy":"category","embeddable":true,"href":"https:\/\/www.bbmnoticias.com\/labravaradiofm\/wp-json\/wp\/v2\/categories?post=49962"},{"taxonomy":"post_tag","embeddable":true,"href":"https:\/\/www.bbmnoticias.com\/labravaradiofm\/wp-json\/wp\/v2\/tags?post=49962"}],"curies":[{"name":"wp","href":"https:\/\/api.w.org\/{rel}","templated":true}]}}