{"id":49959,"date":"2024-11-13T08:17:16","date_gmt":"2024-11-13T14:17:16","guid":{"rendered":"https:\/\/www.bbmnoticias.com\/labravaradiofm\/?p=49959"},"modified":"2024-11-13T08:17:20","modified_gmt":"2024-11-13T14:17:20","slug":"paquete-economico-de-2025-contempla-fuerte-baja-del-deficit","status":"publish","type":"post","link":"https:\/\/www.bbmnoticias.com\/labravaradiofm\/2024\/11\/13\/paquete-economico-de-2025-contempla-fuerte-baja-del-deficit\/","title":{"rendered":"Paquete Econ\u00f3mico de 2025 contempla fuerte baja del d\u00e9ficit"},"content":{"rendered":"<div style=\"margin-top: 0px; margin-bottom: 0px;\" class=\"sharethis-inline-share-buttons\" ><\/div>\n<p>El <strong>Paquete Econ\u00f3mico de 2025<\/strong> responder\u00e1 a las preocupaciones de los<strong> inversionistas <\/strong>por el <strong>alto d\u00e9ficit fiscal<\/strong>, con el planteamiento de una reducci\u00f3n significativa, afirm\u00f3 el<strong> secretario de Hacienda, Rogelio Ram\u00edrez de la O<\/strong>.<\/p>\n\n\n\n<p>Reconoci\u00f3 que la principal preocupaci\u00f3n que escuchan de los <strong>inversionistas<\/strong> es el <strong>elevado d\u00e9ficit fiscal<\/strong>, ya que, combinado con <strong>altas tasas de inter\u00e9s<\/strong>, consume muchos <strong>recursos presupuestales<\/strong>, por lo que propondr\u00e1n su disminuci\u00f3n.<\/p>\n\n\n\n<p>Al mismo tiempo de que se reducir\u00e1 el <strong>d\u00e9ficit en las finanzas p\u00fablicas<\/strong>, se mantendr\u00e1n los programas que mantienen la din\u00e1mica en <strong>la inversi\u00f3n<\/strong>, sobre todo en <strong>infraestructura <\/strong>y el<strong> gasto social<\/strong>, recalc\u00f3 el funcionario.<\/p>\n\n\n\n<p>Al comparecer ante <strong>diputados de la Comisi\u00f3n de Hacienda<\/strong>, como un tr\u00e1mite para su ratificaci\u00f3n en el cargo, el titular de <strong>la Secretar\u00eda de Hacienda<\/strong> justific\u00f3 el <strong>aumento de la deuda p\u00fablica<\/strong> al 49.3 por ciento del PIB a septiembre de este a\u00f1o, desde 43.6 por ciento en 2018, por el<strong> financiamiento de inversi\u00f3n p\u00fablica<\/strong> en \u00e1reas y regiones del sur-sureste que antes estaban en el abandono. En este sentido prometi\u00f3 que se mejorar\u00e1 el <strong>perfil de deuda<\/strong>.<\/p>\n\n\n\n<p>Cuestionado por un <strong>legislador <\/strong>sobre si en <strong>el paquete fiscal <\/strong>de 2025 se plantear\u00e1 una <strong>reforma fiscal<\/strong> de fondo, el secretario respondi\u00f3 que \u201chay total conciencia en el <strong>gobierno<\/strong>, en el m\u00e1s alto nivel, de cu\u00e1l es la realidad de los recursos y esa pregunta la va a contestar la presidenta de la Rep\u00fablica, en el momento en el que lo considere oportuno, pero yo ahorita lo que les puedo asegurar es que hay conciencia\u201d.<\/p>\n\n\n\n<h2 class=\"wp-block-heading\">Estabilidad y gasto austero<\/h2>\n\n\n\n<p>Ram\u00edrez de la O reiter\u00f3 el compromiso de mantener <strong>finanzas p\u00fablicas sanas<\/strong> como una precondici\u00f3n para salvaguardar la <strong>estabilidad macroecon\u00f3mica<\/strong> y mantener un entorno propicio para la <strong>inversi\u00f3n <\/strong>y el<strong> empleo<\/strong>.<\/p>\n\n\n\n<p>Tambi\u00e9n recalc\u00f3 la promesa del gobierno de hacer uso de los <strong>recursos p\u00fablicos<\/strong> en beneficio de la poblaci\u00f3n, particularmente para los estratos menos favorecidos.<\/p>\n\n\n\n<p>\u201cNo regresar\u00e1n los <strong>gastos<\/strong> superfluos y seguiremos trabajando bajo el principio de <strong>austeridad<\/strong>\u201d, recalc\u00f3 durante su comparecencia.<\/p>\n\n\n\n<p>Asegur\u00f3 que el <strong>Paquete Econ\u00f3mico<\/strong> que se presentar\u00e1 en un par de d\u00edas marcar\u00e1 el inicio de un nuevo gobierno: el<strong> presupuesto p\u00fablico <\/strong>ser\u00e1 un reflejo fiel de las prioridades de la <strong>nueva administraci\u00f3n<\/strong> y al mismo tiempo un esfuerzo para consolidar y profundizar el <strong>modelo de desarrollo mexicano<\/strong>.<\/p>\n\n\n\n<p>El funcionario expuso que \u201cla situaci\u00f3n actual de la <strong>econom\u00eda mexicana <\/strong>est\u00e1 llena de oportunidades sobre las cuales podemos construir un pa\u00eds m\u00e1s pr\u00f3spero\u201d.<\/p>\n\n\n\n<h2 class=\"wp-block-heading\">Vital, el di\u00e1logo con la IP<\/h2>\n\n\n\n<p>El funcionario indic\u00f3 que siempre ha pensado que aparte de los modelos econ\u00f3micos es vital mantener un di\u00e1logo constante con <strong>empresarios<\/strong> e <strong>inversionistas nacionales y extranjeros<\/strong>, para entender lo que motiva sus planes y reacciones a los cambios en la <strong>econom\u00eda <\/strong>y las <strong>pol\u00edticas p\u00fablicas.<\/strong><\/p>\n\n\n\n<p>\u201cEsta retroalimentaci\u00f3n pr\u00e1ctica enriquece el an\u00e1lisis que hacemos en la Secretar\u00eda, nos da una visi\u00f3n integral y actualizada de la <strong>situaci\u00f3n econ\u00f3mica de M\u00e9xico<\/strong>, indispensable para tomar buenas decisiones\u201d, destac\u00f3.<\/p>\n\n\n\n<p>Acerca de las \u00e1reas de oportunidad para<strong> lograr ahorros <\/strong>y <strong>recortar el presupuesto<\/strong>, expuso que \u201cen la transversal de todo el <strong>gasto<\/strong> hay duplicidad de funciones y esas las vamos a eliminar\u201d.<\/p>\n\n\n\n<p>Asimismo, se\u00f1al\u00f3 que se suprimir\u00e1n las <strong>empresas subsidiarias<\/strong> de las <strong>empresas p\u00fablicas<\/strong>, debido a que hay demasiadas y cada una tiene sus consejos, su presidente y secretarios.<\/p>\n\n\n\n<p>Por otra parte, el funcionario respondi\u00f3 que las condiciones de las <strong>carreteras<\/strong> tambi\u00e9n est\u00e1n en sus<strong> preocupaciones<\/strong> y van a tener un <strong>presupuesto<\/strong> importante para el pr\u00f3ximo a\u00f1o.<\/p>\n\n\n\n<p>Una vez ratificado en su cargo, <strong>Ram\u00edrez de la O<\/strong> deber\u00e1 enviar el viernes al <strong>Congreso <\/strong>el <strong>paquete econ\u00f3mico de 2025<\/strong>.<\/p>\n\n\n\n<p>Junto con el secretario, se ratificaron en sus puestos una decena de funcionarios, entre los que destacan \u00c9dgar Amador Zamora, subsecretario de Hacienda; Bertha G\u00f3mez Castro, subsecretaria de Egresos; Grisel Galeano Garc\u00eda, procuradora Fiscal, y Mar\u00eda del Carmen Bonilla, titular de la Unidad de Cr\u00e9dito P\u00fablico.<\/p>\n","protected":false},"excerpt":{"rendered":"<p>El Paquete Econ\u00f3mico de 2025 responder\u00e1 a las preocupaciones de los inversionistas por el alto d\u00e9ficit fiscal, con el planteamiento de una reducci\u00f3n significativa, afirm\u00f3 el secretario de Hacienda, Rogelio Ram\u00edrez de la O. Reconoci\u00f3 que la principal preocupaci\u00f3n que escuchan de los inversionistas es el elevado d\u00e9ficit fiscal, ya que, combinado con altas tasas [&hellip;]<\/p>\n","protected":false},"author":4,"featured_media":49960,"comment_status":"closed","ping_status":"closed","sticky":false,"template":"","format":"standard","meta":{"footnotes":""},"categories":[1025,19],"tags":[],"class_list":{"0":"post-49959","1":"post","2":"type-post","3":"status-publish","4":"format-standard","5":"has-post-thumbnail","7":"category-destacado","8":"category-nacional"},"yoast_head":"<!-- This site is optimized with the Yoast SEO plugin v27.4 - https:\/\/yoast.com\/product\/yoast-seo-wordpress\/ -->\n<title>Paquete Econ\u00f3mico de 2025 contempla fuerte baja del d\u00e9ficit - LA BRAVA RADIO<\/title>\n<meta name=\"robots\" content=\"index, follow, max-snippet:-1, max-image-preview:large, max-video-preview:-1\" \/>\n<link rel=\"canonical\" href=\"https:\/\/www.bbmnoticias.com\/labravaradiofm\/2024\/11\/13\/paquete-economico-de-2025-contempla-fuerte-baja-del-deficit\/\" \/>\n<meta property=\"og:locale\" content=\"es_MX\" \/>\n<meta property=\"og:type\" content=\"article\" \/>\n<meta property=\"og:title\" content=\"Paquete Econ\u00f3mico de 2025 contempla fuerte baja del d\u00e9ficit - LA BRAVA RADIO\" \/>\n<meta property=\"og:description\" content=\"El Paquete Econ\u00f3mico de 2025 responder\u00e1 a las preocupaciones de los inversionistas por el alto d\u00e9ficit fiscal, con el planteamiento de una reducci\u00f3n significativa, afirm\u00f3 el secretario de Hacienda, Rogelio Ram\u00edrez de la O. Reconoci\u00f3 que la principal preocupaci\u00f3n que escuchan de los inversionistas es el elevado d\u00e9ficit fiscal, ya que, combinado con altas tasas [&hellip;]\" \/>\n<meta property=\"og:url\" content=\"https:\/\/www.bbmnoticias.com\/labravaradiofm\/2024\/11\/13\/paquete-economico-de-2025-contempla-fuerte-baja-del-deficit\/\" \/>\n<meta property=\"og:site_name\" content=\"LA BRAVA RADIO\" \/>\n<meta property=\"article:published_time\" content=\"2024-11-13T14:17:16+00:00\" \/>\n<meta property=\"article:modified_time\" content=\"2024-11-13T14:17:20+00:00\" \/>\n<meta property=\"og:image\" content=\"https:\/\/www.bbmnoticias.com\/labravaradiofm\/wp-content\/uploads\/sites\/5\/2024\/11\/deficit-mexico.jpg\" \/>\n\t<meta property=\"og:image:width\" content=\"800\" \/>\n\t<meta property=\"og:image:height\" content=\"450\" \/>\n\t<meta property=\"og:image:type\" content=\"image\/jpeg\" \/>\n<meta name=\"author\" content=\"Agencias\" \/>\n<meta name=\"twitter:card\" content=\"summary_large_image\" \/>\n<meta name=\"twitter:label1\" content=\"Escrito por\" \/>\n\t<meta name=\"twitter:data1\" content=\"Agencias\" \/>\n\t<meta name=\"twitter:label2\" content=\"Tiempo de lectura\" \/>\n\t<meta name=\"twitter:data2\" content=\"4 minutos\" \/>\n<script type=\"application\/ld+json\" class=\"yoast-schema-graph\">{\"@context\":\"https:\\\/\\\/schema.org\",\"@graph\":[{\"@type\":\"Article\",\"@id\":\"https:\\\/\\\/www.bbmnoticias.com\\\/labravaradiofm\\\/2024\\\/11\\\/13\\\/paquete-economico-de-2025-contempla-fuerte-baja-del-deficit\\\/#article\",\"isPartOf\":{\"@id\":\"https:\\\/\\\/www.bbmnoticias.com\\\/labravaradiofm\\\/2024\\\/11\\\/13\\\/paquete-economico-de-2025-contempla-fuerte-baja-del-deficit\\\/\"},\"author\":{\"name\":\"Agencias\",\"@id\":\"https:\\\/\\\/www.bbmnoticias.com\\\/labravaradiofm\\\/#\\\/schema\\\/person\\\/000bdaf0a8fb5bff0d537c4d0778e33f\"},\"headline\":\"Paquete Econ\u00f3mico de 2025 contempla fuerte baja del d\u00e9ficit\",\"datePublished\":\"2024-11-13T14:17:16+00:00\",\"dateModified\":\"2024-11-13T14:17:20+00:00\",\"mainEntityOfPage\":{\"@id\":\"https:\\\/\\\/www.bbmnoticias.com\\\/labravaradiofm\\\/2024\\\/11\\\/13\\\/paquete-economico-de-2025-contempla-fuerte-baja-del-deficit\\\/\"},\"wordCount\":714,\"image\":{\"@id\":\"https:\\\/\\\/www.bbmnoticias.com\\\/labravaradiofm\\\/2024\\\/11\\\/13\\\/paquete-economico-de-2025-contempla-fuerte-baja-del-deficit\\\/#primaryimage\"},\"thumbnailUrl\":\"https:\\\/\\\/www.bbmnoticias.com\\\/labravaradiofm\\\/wp-content\\\/uploads\\\/sites\\\/5\\\/2024\\\/11\\\/deficit-mexico.jpg\",\"articleSection\":[\"DESTACADO\",\"NACIONAL\"],\"inLanguage\":\"es\"},{\"@type\":\"WebPage\",\"@id\":\"https:\\\/\\\/www.bbmnoticias.com\\\/labravaradiofm\\\/2024\\\/11\\\/13\\\/paquete-economico-de-2025-contempla-fuerte-baja-del-deficit\\\/\",\"url\":\"https:\\\/\\\/www.bbmnoticias.com\\\/labravaradiofm\\\/2024\\\/11\\\/13\\\/paquete-economico-de-2025-contempla-fuerte-baja-del-deficit\\\/\",\"name\":\"Paquete Econ\u00f3mico de 2025 contempla fuerte baja del d\u00e9ficit - LA BRAVA RADIO\",\"isPartOf\":{\"@id\":\"https:\\\/\\\/www.bbmnoticias.com\\\/labravaradiofm\\\/#website\"},\"primaryImageOfPage\":{\"@id\":\"https:\\\/\\\/www.bbmnoticias.com\\\/labravaradiofm\\\/2024\\\/11\\\/13\\\/paquete-economico-de-2025-contempla-fuerte-baja-del-deficit\\\/#primaryimage\"},\"image\":{\"@id\":\"https:\\\/\\\/www.bbmnoticias.com\\\/labravaradiofm\\\/2024\\\/11\\\/13\\\/paquete-economico-de-2025-contempla-fuerte-baja-del-deficit\\\/#primaryimage\"},\"thumbnailUrl\":\"https:\\\/\\\/www.bbmnoticias.com\\\/labravaradiofm\\\/wp-content\\\/uploads\\\/sites\\\/5\\\/2024\\\/11\\\/deficit-mexico.jpg\",\"datePublished\":\"2024-11-13T14:17:16+00:00\",\"dateModified\":\"2024-11-13T14:17:20+00:00\",\"author\":{\"@id\":\"https:\\\/\\\/www.bbmnoticias.com\\\/labravaradiofm\\\/#\\\/schema\\\/person\\\/000bdaf0a8fb5bff0d537c4d0778e33f\"},\"breadcrumb\":{\"@id\":\"https:\\\/\\\/www.bbmnoticias.com\\\/labravaradiofm\\\/2024\\\/11\\\/13\\\/paquete-economico-de-2025-contempla-fuerte-baja-del-deficit\\\/#breadcrumb\"},\"inLanguage\":\"es\",\"potentialAction\":[{\"@type\":\"ReadAction\",\"target\":[\"https:\\\/\\\/www.bbmnoticias.com\\\/labravaradiofm\\\/2024\\\/11\\\/13\\\/paquete-economico-de-2025-contempla-fuerte-baja-del-deficit\\\/\"]}]},{\"@type\":\"ImageObject\",\"inLanguage\":\"es\",\"@id\":\"https:\\\/\\\/www.bbmnoticias.com\\\/labravaradiofm\\\/2024\\\/11\\\/13\\\/paquete-economico-de-2025-contempla-fuerte-baja-del-deficit\\\/#primaryimage\",\"url\":\"https:\\\/\\\/www.bbmnoticias.com\\\/labravaradiofm\\\/wp-content\\\/uploads\\\/sites\\\/5\\\/2024\\\/11\\\/deficit-mexico.jpg\",\"contentUrl\":\"https:\\\/\\\/www.bbmnoticias.com\\\/labravaradiofm\\\/wp-content\\\/uploads\\\/sites\\\/5\\\/2024\\\/11\\\/deficit-mexico.jpg\",\"width\":800,\"height\":450},{\"@type\":\"BreadcrumbList\",\"@id\":\"https:\\\/\\\/www.bbmnoticias.com\\\/labravaradiofm\\\/2024\\\/11\\\/13\\\/paquete-economico-de-2025-contempla-fuerte-baja-del-deficit\\\/#breadcrumb\",\"itemListElement\":[{\"@type\":\"ListItem\",\"position\":1,\"name\":\"Inicio\",\"item\":\"https:\\\/\\\/www.bbmnoticias.com\\\/labravaradiofm\\\/\"},{\"@type\":\"ListItem\",\"position\":2,\"name\":\"Paquete Econ\u00f3mico de 2025 contempla fuerte baja del d\u00e9ficit\"}]},{\"@type\":\"WebSite\",\"@id\":\"https:\\\/\\\/www.bbmnoticias.com\\\/labravaradiofm\\\/#website\",\"url\":\"https:\\\/\\\/www.bbmnoticias.com\\\/labravaradiofm\\\/\",\"name\":\"LA BRAVA RADIO\",\"description\":\"Empresa productora de medios, Radiodifusi\u00f3n, Noticias, tendencias y todo lo que necesitas saber de la pol\u00edtica mexicana e internacional; entretenimiento, espect\u00e1culos, salud y mucho m\u00e1s.\",\"potentialAction\":[{\"@type\":\"SearchAction\",\"target\":{\"@type\":\"EntryPoint\",\"urlTemplate\":\"https:\\\/\\\/www.bbmnoticias.com\\\/labravaradiofm\\\/?s={search_term_string}\"},\"query-input\":{\"@type\":\"PropertyValueSpecification\",\"valueRequired\":true,\"valueName\":\"search_term_string\"}}],\"inLanguage\":\"es\"},{\"@type\":\"Person\",\"@id\":\"https:\\\/\\\/www.bbmnoticias.com\\\/labravaradiofm\\\/#\\\/schema\\\/person\\\/000bdaf0a8fb5bff0d537c4d0778e33f\",\"name\":\"Agencias\",\"image\":{\"@type\":\"ImageObject\",\"inLanguage\":\"es\",\"@id\":\"https:\\\/\\\/secure.gravatar.com\\\/avatar\\\/739e0b61adf9e398b425c36718c8752286da0e8cd90f20ce9a86678abc26aa0d?s=96&d=mm&r=g\",\"url\":\"https:\\\/\\\/secure.gravatar.com\\\/avatar\\\/739e0b61adf9e398b425c36718c8752286da0e8cd90f20ce9a86678abc26aa0d?s=96&d=mm&r=g\",\"contentUrl\":\"https:\\\/\\\/secure.gravatar.com\\\/avatar\\\/739e0b61adf9e398b425c36718c8752286da0e8cd90f20ce9a86678abc26aa0d?s=96&d=mm&r=g\",\"caption\":\"Agencias\"},\"url\":\"https:\\\/\\\/www.bbmnoticias.com\\\/labravaradiofm\\\/author\\\/agencias\\\/\"}]}<\/script>\n<!-- \/ Yoast SEO plugin. -->","yoast_head_json":{"title":"Paquete Econ\u00f3mico de 2025 contempla fuerte baja del d\u00e9ficit - LA BRAVA RADIO","robots":{"index":"index","follow":"follow","max-snippet":"max-snippet:-1","max-image-preview":"max-image-preview:large","max-video-preview":"max-video-preview:-1"},"canonical":"https:\/\/www.bbmnoticias.com\/labravaradiofm\/2024\/11\/13\/paquete-economico-de-2025-contempla-fuerte-baja-del-deficit\/","og_locale":"es_MX","og_type":"article","og_title":"Paquete Econ\u00f3mico de 2025 contempla fuerte baja del d\u00e9ficit - LA BRAVA RADIO","og_description":"El Paquete Econ\u00f3mico de 2025 responder\u00e1 a las preocupaciones de los inversionistas por el alto d\u00e9ficit fiscal, con el planteamiento de una reducci\u00f3n significativa, afirm\u00f3 el secretario de Hacienda, Rogelio Ram\u00edrez de la O. Reconoci\u00f3 que la principal preocupaci\u00f3n que escuchan de los inversionistas es el elevado d\u00e9ficit fiscal, ya que, combinado con altas tasas [&hellip;]","og_url":"https:\/\/www.bbmnoticias.com\/labravaradiofm\/2024\/11\/13\/paquete-economico-de-2025-contempla-fuerte-baja-del-deficit\/","og_site_name":"LA BRAVA RADIO","article_published_time":"2024-11-13T14:17:16+00:00","article_modified_time":"2024-11-13T14:17:20+00:00","og_image":[{"width":800,"height":450,"url":"https:\/\/www.bbmnoticias.com\/labravaradiofm\/wp-content\/uploads\/sites\/5\/2024\/11\/deficit-mexico.jpg","type":"image\/jpeg"}],"author":"Agencias","twitter_card":"summary_large_image","twitter_misc":{"Escrito por":"Agencias","Tiempo de lectura":"4 minutos"},"schema":{"@context":"https:\/\/schema.org","@graph":[{"@type":"Article","@id":"https:\/\/www.bbmnoticias.com\/labravaradiofm\/2024\/11\/13\/paquete-economico-de-2025-contempla-fuerte-baja-del-deficit\/#article","isPartOf":{"@id":"https:\/\/www.bbmnoticias.com\/labravaradiofm\/2024\/11\/13\/paquete-economico-de-2025-contempla-fuerte-baja-del-deficit\/"},"author":{"name":"Agencias","@id":"https:\/\/www.bbmnoticias.com\/labravaradiofm\/#\/schema\/person\/000bdaf0a8fb5bff0d537c4d0778e33f"},"headline":"Paquete Econ\u00f3mico de 2025 contempla fuerte baja del d\u00e9ficit","datePublished":"2024-11-13T14:17:16+00:00","dateModified":"2024-11-13T14:17:20+00:00","mainEntityOfPage":{"@id":"https:\/\/www.bbmnoticias.com\/labravaradiofm\/2024\/11\/13\/paquete-economico-de-2025-contempla-fuerte-baja-del-deficit\/"},"wordCount":714,"image":{"@id":"https:\/\/www.bbmnoticias.com\/labravaradiofm\/2024\/11\/13\/paquete-economico-de-2025-contempla-fuerte-baja-del-deficit\/#primaryimage"},"thumbnailUrl":"https:\/\/www.bbmnoticias.com\/labravaradiofm\/wp-content\/uploads\/sites\/5\/2024\/11\/deficit-mexico.jpg","articleSection":["DESTACADO","NACIONAL"],"inLanguage":"es"},{"@type":"WebPage","@id":"https:\/\/www.bbmnoticias.com\/labravaradiofm\/2024\/11\/13\/paquete-economico-de-2025-contempla-fuerte-baja-del-deficit\/","url":"https:\/\/www.bbmnoticias.com\/labravaradiofm\/2024\/11\/13\/paquete-economico-de-2025-contempla-fuerte-baja-del-deficit\/","name":"Paquete Econ\u00f3mico de 2025 contempla fuerte baja del d\u00e9ficit - LA BRAVA RADIO","isPartOf":{"@id":"https:\/\/www.bbmnoticias.com\/labravaradiofm\/#website"},"primaryImageOfPage":{"@id":"https:\/\/www.bbmnoticias.com\/labravaradiofm\/2024\/11\/13\/paquete-economico-de-2025-contempla-fuerte-baja-del-deficit\/#primaryimage"},"image":{"@id":"https:\/\/www.bbmnoticias.com\/labravaradiofm\/2024\/11\/13\/paquete-economico-de-2025-contempla-fuerte-baja-del-deficit\/#primaryimage"},"thumbnailUrl":"https:\/\/www.bbmnoticias.com\/labravaradiofm\/wp-content\/uploads\/sites\/5\/2024\/11\/deficit-mexico.jpg","datePublished":"2024-11-13T14:17:16+00:00","dateModified":"2024-11-13T14:17:20+00:00","author":{"@id":"https:\/\/www.bbmnoticias.com\/labravaradiofm\/#\/schema\/person\/000bdaf0a8fb5bff0d537c4d0778e33f"},"breadcrumb":{"@id":"https:\/\/www.bbmnoticias.com\/labravaradiofm\/2024\/11\/13\/paquete-economico-de-2025-contempla-fuerte-baja-del-deficit\/#breadcrumb"},"inLanguage":"es","potentialAction":[{"@type":"ReadAction","target":["https:\/\/www.bbmnoticias.com\/labravaradiofm\/2024\/11\/13\/paquete-economico-de-2025-contempla-fuerte-baja-del-deficit\/"]}]},{"@type":"ImageObject","inLanguage":"es","@id":"https:\/\/www.bbmnoticias.com\/labravaradiofm\/2024\/11\/13\/paquete-economico-de-2025-contempla-fuerte-baja-del-deficit\/#primaryimage","url":"https:\/\/www.bbmnoticias.com\/labravaradiofm\/wp-content\/uploads\/sites\/5\/2024\/11\/deficit-mexico.jpg","contentUrl":"https:\/\/www.bbmnoticias.com\/labravaradiofm\/wp-content\/uploads\/sites\/5\/2024\/11\/deficit-mexico.jpg","width":800,"height":450},{"@type":"BreadcrumbList","@id":"https:\/\/www.bbmnoticias.com\/labravaradiofm\/2024\/11\/13\/paquete-economico-de-2025-contempla-fuerte-baja-del-deficit\/#breadcrumb","itemListElement":[{"@type":"ListItem","position":1,"name":"Inicio","item":"https:\/\/www.bbmnoticias.com\/labravaradiofm\/"},{"@type":"ListItem","position":2,"name":"Paquete Econ\u00f3mico de 2025 contempla fuerte baja del d\u00e9ficit"}]},{"@type":"WebSite","@id":"https:\/\/www.bbmnoticias.com\/labravaradiofm\/#website","url":"https:\/\/www.bbmnoticias.com\/labravaradiofm\/","name":"LA BRAVA RADIO","description":"Empresa productora de medios, Radiodifusi\u00f3n, Noticias, tendencias y todo lo que necesitas saber de la pol\u00edtica mexicana e internacional; entretenimiento, espect\u00e1culos, salud y mucho m\u00e1s.","potentialAction":[{"@type":"SearchAction","target":{"@type":"EntryPoint","urlTemplate":"https:\/\/www.bbmnoticias.com\/labravaradiofm\/?s={search_term_string}"},"query-input":{"@type":"PropertyValueSpecification","valueRequired":true,"valueName":"search_term_string"}}],"inLanguage":"es"},{"@type":"Person","@id":"https:\/\/www.bbmnoticias.com\/labravaradiofm\/#\/schema\/person\/000bdaf0a8fb5bff0d537c4d0778e33f","name":"Agencias","image":{"@type":"ImageObject","inLanguage":"es","@id":"https:\/\/secure.gravatar.com\/avatar\/739e0b61adf9e398b425c36718c8752286da0e8cd90f20ce9a86678abc26aa0d?s=96&d=mm&r=g","url":"https:\/\/secure.gravatar.com\/avatar\/739e0b61adf9e398b425c36718c8752286da0e8cd90f20ce9a86678abc26aa0d?s=96&d=mm&r=g","contentUrl":"https:\/\/secure.gravatar.com\/avatar\/739e0b61adf9e398b425c36718c8752286da0e8cd90f20ce9a86678abc26aa0d?s=96&d=mm&r=g","caption":"Agencias"},"url":"https:\/\/www.bbmnoticias.com\/labravaradiofm\/author\/agencias\/"}]}},"_links":{"self":[{"href":"https:\/\/www.bbmnoticias.com\/labravaradiofm\/wp-json\/wp\/v2\/posts\/49959","targetHints":{"allow":["GET"]}}],"collection":[{"href":"https:\/\/www.bbmnoticias.com\/labravaradiofm\/wp-json\/wp\/v2\/posts"}],"about":[{"href":"https:\/\/www.bbmnoticias.com\/labravaradiofm\/wp-json\/wp\/v2\/types\/post"}],"author":[{"embeddable":true,"href":"https:\/\/www.bbmnoticias.com\/labravaradiofm\/wp-json\/wp\/v2\/users\/4"}],"replies":[{"embeddable":true,"href":"https:\/\/www.bbmnoticias.com\/labravaradiofm\/wp-json\/wp\/v2\/comments?post=49959"}],"version-history":[{"count":0,"href":"https:\/\/www.bbmnoticias.com\/labravaradiofm\/wp-json\/wp\/v2\/posts\/49959\/revisions"}],"wp:featuredmedia":[{"embeddable":true,"href":"https:\/\/www.bbmnoticias.com\/labravaradiofm\/wp-json\/wp\/v2\/media\/49960"}],"wp:attachment":[{"href":"https:\/\/www.bbmnoticias.com\/labravaradiofm\/wp-json\/wp\/v2\/media?parent=49959"}],"wp:term":[{"taxonomy":"category","embeddable":true,"href":"https:\/\/www.bbmnoticias.com\/labravaradiofm\/wp-json\/wp\/v2\/categories?post=49959"},{"taxonomy":"post_tag","embeddable":true,"href":"https:\/\/www.bbmnoticias.com\/labravaradiofm\/wp-json\/wp\/v2\/tags?post=49959"}],"curies":[{"name":"wp","href":"https:\/\/api.w.org\/{rel}","templated":true}]}}