{"id":49952,"date":"2024-11-12T20:09:31","date_gmt":"2024-11-13T02:09:31","guid":{"rendered":"https:\/\/www.bbmnoticias.com\/labravaradiofm\/?p=49952"},"modified":"2024-11-12T20:09:35","modified_gmt":"2024-11-13T02:09:35","slug":"secuestran-y-asesinan-a-delegado-de-union-regional-ganadera-en-sinaloa-su-cuerpo-presenta-huellas-de-tortura","status":"publish","type":"post","link":"https:\/\/www.bbmnoticias.com\/labravaradiofm\/2024\/11\/12\/secuestran-y-asesinan-a-delegado-de-union-regional-ganadera-en-sinaloa-su-cuerpo-presenta-huellas-de-tortura\/","title":{"rendered":"Secuestran y asesinan a delegado de Uni\u00f3n Regional Ganadera en Sinaloa; su cuerpo presenta huellas de tortura"},"content":{"rendered":"<div style=\"margin-top: 0px; margin-bottom: 0px;\" class=\"sharethis-inline-share-buttons\" ><\/div>\n<p>Culiac\u00e1n, Sin. a 12 Nov.- El <strong>l\u00edder ganadero<\/strong> del municipio de San Ignacio, <strong>Ram\u00f3n Alberto Vel\u00e1zquez Ontiveros<\/strong> fue encontrado asesinado a un costado de la <strong>carretera M\u00e9xico-Nogales<\/strong>, a la altura de la comunidad del Espinal, en el municipio de <strong>Elota<\/strong>, poco despu\u00e9s que se report\u00f3 que hab\u00eda sido <strong>privado de su libertad<\/strong> por <strong>civiles armados<\/strong>.<\/p>\n\n\n\n<p>Los datos que se conocen apuntan que el conocido hombre del <strong>sector agropecuario<\/strong> fue interceptado cerca de la comunidad de Higueras de Abuya, dentro del municipio de <strong>Culiac\u00e1n<\/strong>, cuando conduc\u00eda su camioneta.<\/p>\n\n\n\n<p>El cuerpo de Vel\u00e1zquez Ontiveros, presentaba <strong>huellas de tortura y disparos de armas de fuego <\/strong>y cerca de \u00e9l le colocaron una cartulina, cuyo texto no se dio a conocer, por lo que peritos de la <strong>Fiscal\u00eda General del Estado<\/strong> que arribaron al lugar del hecho, levantaron las evidencia y testimonio de este nuevo asesinato.<\/p>\n\n\n\n<p>Cabe recordar que el pasado 30 de septiembre, en el fraccionamiento Alameda, del desarrollo Urbano Tres R\u00edos, fue asesinado con disparos de fusiles autom\u00e1ticos el l\u00edder de la <strong>Uni\u00f3n Ganadera Regional de Sinaloa<\/strong>, <strong>Faustino Hern\u00e1ndez \u00c1lvarez<\/strong>, junto con su secretario particular.<\/p>\n\n\n\n<p>El l\u00edder ganadero, excandidato a la alcald\u00eda de la capital del estado, fue sorprendido por sus homicidas, cuando esta sal\u00eda de su hogar, en la calle Rufino Tamayo, en compa\u00f1\u00eda de su auxiliar, cuando les dispararon en repetidas ocasiones.<\/p>\n","protected":false},"excerpt":{"rendered":"<p>Culiac\u00e1n, Sin. a 12 Nov.- El l\u00edder ganadero del municipio de San Ignacio, Ram\u00f3n Alberto Vel\u00e1zquez Ontiveros fue encontrado asesinado a un costado de la carretera M\u00e9xico-Nogales, a la altura de la comunidad del Espinal, en el municipio de Elota, poco despu\u00e9s que se report\u00f3 que hab\u00eda sido privado de su libertad por civiles armados. [&hellip;]<\/p>\n","protected":false},"author":4,"featured_media":49953,"comment_status":"closed","ping_status":"closed","sticky":false,"template":"","format":"standard","meta":{"footnotes":""},"categories":[1025,19],"tags":[],"class_list":{"0":"post-49952","1":"post","2":"type-post","3":"status-publish","4":"format-standard","5":"has-post-thumbnail","7":"category-destacado","8":"category-nacional"},"yoast_head":"<!-- This site is optimized with the Yoast SEO plugin v27.4 - https:\/\/yoast.com\/product\/yoast-seo-wordpress\/ -->\n<title>Secuestran y asesinan a delegado de Uni\u00f3n Regional Ganadera en Sinaloa; su cuerpo presenta huellas de tortura - LA BRAVA RADIO<\/title>\n<meta name=\"robots\" content=\"index, follow, max-snippet:-1, max-image-preview:large, max-video-preview:-1\" \/>\n<link rel=\"canonical\" href=\"https:\/\/www.bbmnoticias.com\/labravaradiofm\/2024\/11\/12\/secuestran-y-asesinan-a-delegado-de-union-regional-ganadera-en-sinaloa-su-cuerpo-presenta-huellas-de-tortura\/\" \/>\n<meta property=\"og:locale\" content=\"es_MX\" \/>\n<meta property=\"og:type\" content=\"article\" \/>\n<meta property=\"og:title\" content=\"Secuestran y asesinan a delegado de Uni\u00f3n Regional Ganadera en Sinaloa; su cuerpo presenta huellas de tortura - LA BRAVA RADIO\" \/>\n<meta property=\"og:description\" content=\"Culiac\u00e1n, Sin. a 12 Nov.- El l\u00edder ganadero del municipio de San Ignacio, Ram\u00f3n Alberto Vel\u00e1zquez Ontiveros fue encontrado asesinado a un costado de la carretera M\u00e9xico-Nogales, a la altura de la comunidad del Espinal, en el municipio de Elota, poco despu\u00e9s que se report\u00f3 que hab\u00eda sido privado de su libertad por civiles armados. [&hellip;]\" \/>\n<meta property=\"og:url\" content=\"https:\/\/www.bbmnoticias.com\/labravaradiofm\/2024\/11\/12\/secuestran-y-asesinan-a-delegado-de-union-regional-ganadera-en-sinaloa-su-cuerpo-presenta-huellas-de-tortura\/\" \/>\n<meta property=\"og:site_name\" content=\"LA BRAVA RADIO\" \/>\n<meta property=\"article:published_time\" content=\"2024-11-13T02:09:31+00:00\" \/>\n<meta property=\"article:modified_time\" content=\"2024-11-13T02:09:35+00:00\" \/>\n<meta property=\"og:image\" content=\"https:\/\/www.bbmnoticias.com\/labravaradiofm\/wp-content\/uploads\/sites\/5\/2024\/11\/delegado-sinaloa.jpg\" \/>\n\t<meta property=\"og:image:width\" content=\"978\" \/>\n\t<meta property=\"og:image:height\" content=\"709\" \/>\n\t<meta property=\"og:image:type\" content=\"image\/jpeg\" \/>\n<meta name=\"author\" content=\"Agencias\" \/>\n<meta name=\"twitter:card\" content=\"summary_large_image\" \/>\n<meta name=\"twitter:label1\" content=\"Escrito por\" \/>\n\t<meta name=\"twitter:data1\" content=\"Agencias\" \/>\n\t<meta name=\"twitter:label2\" content=\"Tiempo de lectura\" \/>\n\t<meta name=\"twitter:data2\" content=\"2 minutos\" \/>\n<script type=\"application\/ld+json\" class=\"yoast-schema-graph\">{\"@context\":\"https:\\\/\\\/schema.org\",\"@graph\":[{\"@type\":\"Article\",\"@id\":\"https:\\\/\\\/www.bbmnoticias.com\\\/labravaradiofm\\\/2024\\\/11\\\/12\\\/secuestran-y-asesinan-a-delegado-de-union-regional-ganadera-en-sinaloa-su-cuerpo-presenta-huellas-de-tortura\\\/#article\",\"isPartOf\":{\"@id\":\"https:\\\/\\\/www.bbmnoticias.com\\\/labravaradiofm\\\/2024\\\/11\\\/12\\\/secuestran-y-asesinan-a-delegado-de-union-regional-ganadera-en-sinaloa-su-cuerpo-presenta-huellas-de-tortura\\\/\"},\"author\":{\"name\":\"Agencias\",\"@id\":\"https:\\\/\\\/www.bbmnoticias.com\\\/labravaradiofm\\\/#\\\/schema\\\/person\\\/000bdaf0a8fb5bff0d537c4d0778e33f\"},\"headline\":\"Secuestran y asesinan a delegado de Uni\u00f3n Regional Ganadera en Sinaloa; su cuerpo presenta huellas de tortura\",\"datePublished\":\"2024-11-13T02:09:31+00:00\",\"dateModified\":\"2024-11-13T02:09:35+00:00\",\"mainEntityOfPage\":{\"@id\":\"https:\\\/\\\/www.bbmnoticias.com\\\/labravaradiofm\\\/2024\\\/11\\\/12\\\/secuestran-y-asesinan-a-delegado-de-union-regional-ganadera-en-sinaloa-su-cuerpo-presenta-huellas-de-tortura\\\/\"},\"wordCount\":259,\"image\":{\"@id\":\"https:\\\/\\\/www.bbmnoticias.com\\\/labravaradiofm\\\/2024\\\/11\\\/12\\\/secuestran-y-asesinan-a-delegado-de-union-regional-ganadera-en-sinaloa-su-cuerpo-presenta-huellas-de-tortura\\\/#primaryimage\"},\"thumbnailUrl\":\"https:\\\/\\\/www.bbmnoticias.com\\\/labravaradiofm\\\/wp-content\\\/uploads\\\/sites\\\/5\\\/2024\\\/11\\\/delegado-sinaloa.jpg\",\"articleSection\":[\"DESTACADO\",\"NACIONAL\"],\"inLanguage\":\"es\"},{\"@type\":\"WebPage\",\"@id\":\"https:\\\/\\\/www.bbmnoticias.com\\\/labravaradiofm\\\/2024\\\/11\\\/12\\\/secuestran-y-asesinan-a-delegado-de-union-regional-ganadera-en-sinaloa-su-cuerpo-presenta-huellas-de-tortura\\\/\",\"url\":\"https:\\\/\\\/www.bbmnoticias.com\\\/labravaradiofm\\\/2024\\\/11\\\/12\\\/secuestran-y-asesinan-a-delegado-de-union-regional-ganadera-en-sinaloa-su-cuerpo-presenta-huellas-de-tortura\\\/\",\"name\":\"Secuestran y asesinan a delegado de Uni\u00f3n Regional Ganadera en Sinaloa; su cuerpo presenta huellas de tortura - LA BRAVA RADIO\",\"isPartOf\":{\"@id\":\"https:\\\/\\\/www.bbmnoticias.com\\\/labravaradiofm\\\/#website\"},\"primaryImageOfPage\":{\"@id\":\"https:\\\/\\\/www.bbmnoticias.com\\\/labravaradiofm\\\/2024\\\/11\\\/12\\\/secuestran-y-asesinan-a-delegado-de-union-regional-ganadera-en-sinaloa-su-cuerpo-presenta-huellas-de-tortura\\\/#primaryimage\"},\"image\":{\"@id\":\"https:\\\/\\\/www.bbmnoticias.com\\\/labravaradiofm\\\/2024\\\/11\\\/12\\\/secuestran-y-asesinan-a-delegado-de-union-regional-ganadera-en-sinaloa-su-cuerpo-presenta-huellas-de-tortura\\\/#primaryimage\"},\"thumbnailUrl\":\"https:\\\/\\\/www.bbmnoticias.com\\\/labravaradiofm\\\/wp-content\\\/uploads\\\/sites\\\/5\\\/2024\\\/11\\\/delegado-sinaloa.jpg\",\"datePublished\":\"2024-11-13T02:09:31+00:00\",\"dateModified\":\"2024-11-13T02:09:35+00:00\",\"author\":{\"@id\":\"https:\\\/\\\/www.bbmnoticias.com\\\/labravaradiofm\\\/#\\\/schema\\\/person\\\/000bdaf0a8fb5bff0d537c4d0778e33f\"},\"breadcrumb\":{\"@id\":\"https:\\\/\\\/www.bbmnoticias.com\\\/labravaradiofm\\\/2024\\\/11\\\/12\\\/secuestran-y-asesinan-a-delegado-de-union-regional-ganadera-en-sinaloa-su-cuerpo-presenta-huellas-de-tortura\\\/#breadcrumb\"},\"inLanguage\":\"es\",\"potentialAction\":[{\"@type\":\"ReadAction\",\"target\":[\"https:\\\/\\\/www.bbmnoticias.com\\\/labravaradiofm\\\/2024\\\/11\\\/12\\\/secuestran-y-asesinan-a-delegado-de-union-regional-ganadera-en-sinaloa-su-cuerpo-presenta-huellas-de-tortura\\\/\"]}]},{\"@type\":\"ImageObject\",\"inLanguage\":\"es\",\"@id\":\"https:\\\/\\\/www.bbmnoticias.com\\\/labravaradiofm\\\/2024\\\/11\\\/12\\\/secuestran-y-asesinan-a-delegado-de-union-regional-ganadera-en-sinaloa-su-cuerpo-presenta-huellas-de-tortura\\\/#primaryimage\",\"url\":\"https:\\\/\\\/www.bbmnoticias.com\\\/labravaradiofm\\\/wp-content\\\/uploads\\\/sites\\\/5\\\/2024\\\/11\\\/delegado-sinaloa.jpg\",\"contentUrl\":\"https:\\\/\\\/www.bbmnoticias.com\\\/labravaradiofm\\\/wp-content\\\/uploads\\\/sites\\\/5\\\/2024\\\/11\\\/delegado-sinaloa.jpg\",\"width\":978,\"height\":709},{\"@type\":\"BreadcrumbList\",\"@id\":\"https:\\\/\\\/www.bbmnoticias.com\\\/labravaradiofm\\\/2024\\\/11\\\/12\\\/secuestran-y-asesinan-a-delegado-de-union-regional-ganadera-en-sinaloa-su-cuerpo-presenta-huellas-de-tortura\\\/#breadcrumb\",\"itemListElement\":[{\"@type\":\"ListItem\",\"position\":1,\"name\":\"Inicio\",\"item\":\"https:\\\/\\\/www.bbmnoticias.com\\\/labravaradiofm\\\/\"},{\"@type\":\"ListItem\",\"position\":2,\"name\":\"Secuestran y asesinan a delegado de Uni\u00f3n Regional Ganadera en Sinaloa; su cuerpo presenta huellas de tortura\"}]},{\"@type\":\"WebSite\",\"@id\":\"https:\\\/\\\/www.bbmnoticias.com\\\/labravaradiofm\\\/#website\",\"url\":\"https:\\\/\\\/www.bbmnoticias.com\\\/labravaradiofm\\\/\",\"name\":\"LA BRAVA RADIO\",\"description\":\"Empresa productora de medios, Radiodifusi\u00f3n, Noticias, tendencias y todo lo que necesitas saber de la pol\u00edtica mexicana e internacional; entretenimiento, espect\u00e1culos, salud y mucho m\u00e1s.\",\"potentialAction\":[{\"@type\":\"SearchAction\",\"target\":{\"@type\":\"EntryPoint\",\"urlTemplate\":\"https:\\\/\\\/www.bbmnoticias.com\\\/labravaradiofm\\\/?s={search_term_string}\"},\"query-input\":{\"@type\":\"PropertyValueSpecification\",\"valueRequired\":true,\"valueName\":\"search_term_string\"}}],\"inLanguage\":\"es\"},{\"@type\":\"Person\",\"@id\":\"https:\\\/\\\/www.bbmnoticias.com\\\/labravaradiofm\\\/#\\\/schema\\\/person\\\/000bdaf0a8fb5bff0d537c4d0778e33f\",\"name\":\"Agencias\",\"image\":{\"@type\":\"ImageObject\",\"inLanguage\":\"es\",\"@id\":\"https:\\\/\\\/secure.gravatar.com\\\/avatar\\\/739e0b61adf9e398b425c36718c8752286da0e8cd90f20ce9a86678abc26aa0d?s=96&d=mm&r=g\",\"url\":\"https:\\\/\\\/secure.gravatar.com\\\/avatar\\\/739e0b61adf9e398b425c36718c8752286da0e8cd90f20ce9a86678abc26aa0d?s=96&d=mm&r=g\",\"contentUrl\":\"https:\\\/\\\/secure.gravatar.com\\\/avatar\\\/739e0b61adf9e398b425c36718c8752286da0e8cd90f20ce9a86678abc26aa0d?s=96&d=mm&r=g\",\"caption\":\"Agencias\"},\"url\":\"https:\\\/\\\/www.bbmnoticias.com\\\/labravaradiofm\\\/author\\\/agencias\\\/\"}]}<\/script>\n<!-- \/ Yoast SEO plugin. -->","yoast_head_json":{"title":"Secuestran y asesinan a delegado de Uni\u00f3n Regional Ganadera en Sinaloa; su cuerpo presenta huellas de tortura - LA BRAVA RADIO","robots":{"index":"index","follow":"follow","max-snippet":"max-snippet:-1","max-image-preview":"max-image-preview:large","max-video-preview":"max-video-preview:-1"},"canonical":"https:\/\/www.bbmnoticias.com\/labravaradiofm\/2024\/11\/12\/secuestran-y-asesinan-a-delegado-de-union-regional-ganadera-en-sinaloa-su-cuerpo-presenta-huellas-de-tortura\/","og_locale":"es_MX","og_type":"article","og_title":"Secuestran y asesinan a delegado de Uni\u00f3n Regional Ganadera en Sinaloa; su cuerpo presenta huellas de tortura - LA BRAVA RADIO","og_description":"Culiac\u00e1n, Sin. a 12 Nov.- El l\u00edder ganadero del municipio de San Ignacio, Ram\u00f3n Alberto Vel\u00e1zquez Ontiveros fue encontrado asesinado a un costado de la carretera M\u00e9xico-Nogales, a la altura de la comunidad del Espinal, en el municipio de Elota, poco despu\u00e9s que se report\u00f3 que hab\u00eda sido privado de su libertad por civiles armados. [&hellip;]","og_url":"https:\/\/www.bbmnoticias.com\/labravaradiofm\/2024\/11\/12\/secuestran-y-asesinan-a-delegado-de-union-regional-ganadera-en-sinaloa-su-cuerpo-presenta-huellas-de-tortura\/","og_site_name":"LA BRAVA RADIO","article_published_time":"2024-11-13T02:09:31+00:00","article_modified_time":"2024-11-13T02:09:35+00:00","og_image":[{"width":978,"height":709,"url":"https:\/\/www.bbmnoticias.com\/labravaradiofm\/wp-content\/uploads\/sites\/5\/2024\/11\/delegado-sinaloa.jpg","type":"image\/jpeg"}],"author":"Agencias","twitter_card":"summary_large_image","twitter_misc":{"Escrito por":"Agencias","Tiempo de lectura":"2 minutos"},"schema":{"@context":"https:\/\/schema.org","@graph":[{"@type":"Article","@id":"https:\/\/www.bbmnoticias.com\/labravaradiofm\/2024\/11\/12\/secuestran-y-asesinan-a-delegado-de-union-regional-ganadera-en-sinaloa-su-cuerpo-presenta-huellas-de-tortura\/#article","isPartOf":{"@id":"https:\/\/www.bbmnoticias.com\/labravaradiofm\/2024\/11\/12\/secuestran-y-asesinan-a-delegado-de-union-regional-ganadera-en-sinaloa-su-cuerpo-presenta-huellas-de-tortura\/"},"author":{"name":"Agencias","@id":"https:\/\/www.bbmnoticias.com\/labravaradiofm\/#\/schema\/person\/000bdaf0a8fb5bff0d537c4d0778e33f"},"headline":"Secuestran y asesinan a delegado de Uni\u00f3n Regional Ganadera en Sinaloa; su cuerpo presenta huellas de tortura","datePublished":"2024-11-13T02:09:31+00:00","dateModified":"2024-11-13T02:09:35+00:00","mainEntityOfPage":{"@id":"https:\/\/www.bbmnoticias.com\/labravaradiofm\/2024\/11\/12\/secuestran-y-asesinan-a-delegado-de-union-regional-ganadera-en-sinaloa-su-cuerpo-presenta-huellas-de-tortura\/"},"wordCount":259,"image":{"@id":"https:\/\/www.bbmnoticias.com\/labravaradiofm\/2024\/11\/12\/secuestran-y-asesinan-a-delegado-de-union-regional-ganadera-en-sinaloa-su-cuerpo-presenta-huellas-de-tortura\/#primaryimage"},"thumbnailUrl":"https:\/\/www.bbmnoticias.com\/labravaradiofm\/wp-content\/uploads\/sites\/5\/2024\/11\/delegado-sinaloa.jpg","articleSection":["DESTACADO","NACIONAL"],"inLanguage":"es"},{"@type":"WebPage","@id":"https:\/\/www.bbmnoticias.com\/labravaradiofm\/2024\/11\/12\/secuestran-y-asesinan-a-delegado-de-union-regional-ganadera-en-sinaloa-su-cuerpo-presenta-huellas-de-tortura\/","url":"https:\/\/www.bbmnoticias.com\/labravaradiofm\/2024\/11\/12\/secuestran-y-asesinan-a-delegado-de-union-regional-ganadera-en-sinaloa-su-cuerpo-presenta-huellas-de-tortura\/","name":"Secuestran y asesinan a delegado de Uni\u00f3n Regional Ganadera en Sinaloa; su cuerpo presenta huellas de tortura - LA BRAVA RADIO","isPartOf":{"@id":"https:\/\/www.bbmnoticias.com\/labravaradiofm\/#website"},"primaryImageOfPage":{"@id":"https:\/\/www.bbmnoticias.com\/labravaradiofm\/2024\/11\/12\/secuestran-y-asesinan-a-delegado-de-union-regional-ganadera-en-sinaloa-su-cuerpo-presenta-huellas-de-tortura\/#primaryimage"},"image":{"@id":"https:\/\/www.bbmnoticias.com\/labravaradiofm\/2024\/11\/12\/secuestran-y-asesinan-a-delegado-de-union-regional-ganadera-en-sinaloa-su-cuerpo-presenta-huellas-de-tortura\/#primaryimage"},"thumbnailUrl":"https:\/\/www.bbmnoticias.com\/labravaradiofm\/wp-content\/uploads\/sites\/5\/2024\/11\/delegado-sinaloa.jpg","datePublished":"2024-11-13T02:09:31+00:00","dateModified":"2024-11-13T02:09:35+00:00","author":{"@id":"https:\/\/www.bbmnoticias.com\/labravaradiofm\/#\/schema\/person\/000bdaf0a8fb5bff0d537c4d0778e33f"},"breadcrumb":{"@id":"https:\/\/www.bbmnoticias.com\/labravaradiofm\/2024\/11\/12\/secuestran-y-asesinan-a-delegado-de-union-regional-ganadera-en-sinaloa-su-cuerpo-presenta-huellas-de-tortura\/#breadcrumb"},"inLanguage":"es","potentialAction":[{"@type":"ReadAction","target":["https:\/\/www.bbmnoticias.com\/labravaradiofm\/2024\/11\/12\/secuestran-y-asesinan-a-delegado-de-union-regional-ganadera-en-sinaloa-su-cuerpo-presenta-huellas-de-tortura\/"]}]},{"@type":"ImageObject","inLanguage":"es","@id":"https:\/\/www.bbmnoticias.com\/labravaradiofm\/2024\/11\/12\/secuestran-y-asesinan-a-delegado-de-union-regional-ganadera-en-sinaloa-su-cuerpo-presenta-huellas-de-tortura\/#primaryimage","url":"https:\/\/www.bbmnoticias.com\/labravaradiofm\/wp-content\/uploads\/sites\/5\/2024\/11\/delegado-sinaloa.jpg","contentUrl":"https:\/\/www.bbmnoticias.com\/labravaradiofm\/wp-content\/uploads\/sites\/5\/2024\/11\/delegado-sinaloa.jpg","width":978,"height":709},{"@type":"BreadcrumbList","@id":"https:\/\/www.bbmnoticias.com\/labravaradiofm\/2024\/11\/12\/secuestran-y-asesinan-a-delegado-de-union-regional-ganadera-en-sinaloa-su-cuerpo-presenta-huellas-de-tortura\/#breadcrumb","itemListElement":[{"@type":"ListItem","position":1,"name":"Inicio","item":"https:\/\/www.bbmnoticias.com\/labravaradiofm\/"},{"@type":"ListItem","position":2,"name":"Secuestran y asesinan a delegado de Uni\u00f3n Regional Ganadera en Sinaloa; su cuerpo presenta huellas de tortura"}]},{"@type":"WebSite","@id":"https:\/\/www.bbmnoticias.com\/labravaradiofm\/#website","url":"https:\/\/www.bbmnoticias.com\/labravaradiofm\/","name":"LA BRAVA RADIO","description":"Empresa productora de medios, Radiodifusi\u00f3n, Noticias, tendencias y todo lo que necesitas saber de la pol\u00edtica mexicana e internacional; entretenimiento, espect\u00e1culos, salud y mucho m\u00e1s.","potentialAction":[{"@type":"SearchAction","target":{"@type":"EntryPoint","urlTemplate":"https:\/\/www.bbmnoticias.com\/labravaradiofm\/?s={search_term_string}"},"query-input":{"@type":"PropertyValueSpecification","valueRequired":true,"valueName":"search_term_string"}}],"inLanguage":"es"},{"@type":"Person","@id":"https:\/\/www.bbmnoticias.com\/labravaradiofm\/#\/schema\/person\/000bdaf0a8fb5bff0d537c4d0778e33f","name":"Agencias","image":{"@type":"ImageObject","inLanguage":"es","@id":"https:\/\/secure.gravatar.com\/avatar\/739e0b61adf9e398b425c36718c8752286da0e8cd90f20ce9a86678abc26aa0d?s=96&d=mm&r=g","url":"https:\/\/secure.gravatar.com\/avatar\/739e0b61adf9e398b425c36718c8752286da0e8cd90f20ce9a86678abc26aa0d?s=96&d=mm&r=g","contentUrl":"https:\/\/secure.gravatar.com\/avatar\/739e0b61adf9e398b425c36718c8752286da0e8cd90f20ce9a86678abc26aa0d?s=96&d=mm&r=g","caption":"Agencias"},"url":"https:\/\/www.bbmnoticias.com\/labravaradiofm\/author\/agencias\/"}]}},"_links":{"self":[{"href":"https:\/\/www.bbmnoticias.com\/labravaradiofm\/wp-json\/wp\/v2\/posts\/49952","targetHints":{"allow":["GET"]}}],"collection":[{"href":"https:\/\/www.bbmnoticias.com\/labravaradiofm\/wp-json\/wp\/v2\/posts"}],"about":[{"href":"https:\/\/www.bbmnoticias.com\/labravaradiofm\/wp-json\/wp\/v2\/types\/post"}],"author":[{"embeddable":true,"href":"https:\/\/www.bbmnoticias.com\/labravaradiofm\/wp-json\/wp\/v2\/users\/4"}],"replies":[{"embeddable":true,"href":"https:\/\/www.bbmnoticias.com\/labravaradiofm\/wp-json\/wp\/v2\/comments?post=49952"}],"version-history":[{"count":0,"href":"https:\/\/www.bbmnoticias.com\/labravaradiofm\/wp-json\/wp\/v2\/posts\/49952\/revisions"}],"wp:featuredmedia":[{"embeddable":true,"href":"https:\/\/www.bbmnoticias.com\/labravaradiofm\/wp-json\/wp\/v2\/media\/49953"}],"wp:attachment":[{"href":"https:\/\/www.bbmnoticias.com\/labravaradiofm\/wp-json\/wp\/v2\/media?parent=49952"}],"wp:term":[{"taxonomy":"category","embeddable":true,"href":"https:\/\/www.bbmnoticias.com\/labravaradiofm\/wp-json\/wp\/v2\/categories?post=49952"},{"taxonomy":"post_tag","embeddable":true,"href":"https:\/\/www.bbmnoticias.com\/labravaradiofm\/wp-json\/wp\/v2\/tags?post=49952"}],"curies":[{"name":"wp","href":"https:\/\/api.w.org\/{rel}","templated":true}]}}