{"id":49946,"date":"2024-11-12T19:58:13","date_gmt":"2024-11-13T01:58:13","guid":{"rendered":"https:\/\/www.bbmnoticias.com\/labravaradiofm\/?p=49946"},"modified":"2024-11-12T19:58:18","modified_gmt":"2024-11-13T01:58:18","slug":"detienen-a-german-reyes-encargado-de-despacho-de-ssp-de-chilpancingo-lo-acusan-del-homicidio-del-exalcalde-alejandro-arcos-catalan","status":"publish","type":"post","link":"https:\/\/www.bbmnoticias.com\/labravaradiofm\/2024\/11\/12\/detienen-a-german-reyes-encargado-de-despacho-de-ssp-de-chilpancingo-lo-acusan-del-homicidio-del-exalcalde-alejandro-arcos-catalan\/","title":{"rendered":"Detienen a Germ\u00e1n Reyes, encargado de despacho de SSP de Chilpancingo; lo acusan del homicidio del exalcalde, Alejandro Arcos Catal\u00e1n"},"content":{"rendered":"<div style=\"margin-top: 0px; margin-bottom: 0px;\" class=\"sharethis-inline-share-buttons\" ><\/div>\n<p><strong>Chilpancingo.-<\/strong> La Fiscal\u00eda General del Estado (FGE) inform\u00f3 de la <strong>detenci\u00f3n <\/strong>del encargado de la <strong>Secretar\u00eda de Seguridad P\u00fablica<\/strong> <strong>de Chilpancingo<\/strong>, el capit\u00e1n de Justicia Militar retirado,<strong> Germ\u00e1n Reyes Reyes<\/strong>, acusado del delito de <strong>homicidio calificado<\/strong> contra el alcalde de la capital de Guerrero, el perredista <strong>Alejandro Arcos Catal\u00e1n<\/strong>.<\/p>\n\n\n\n<p>Reyes Reyes fue nombrado como encargado de despacho por el propio Arcos Catal\u00e1n al inicio de su administraci\u00f3n, tras el asesinato del capit\u00e1n del Ej\u00e9rcito, Ulises Hern\u00e1ndez Mart\u00ednez, quien era su principal propuesta.<\/p>\n\n\n\n<p>Por lo menos hasta 2023, Reyes Reyes se desempe\u00f1\u00f3 como Vicefiscal de Investigaci\u00f3n de Delitos Graves de la FGE, cuando estuvo encabezada por la teniente coronel, Sandra Luz Valdovinos Salmer\u00f3n.<\/p>\n\n\n\n<p>Alrededor de las 4 de la tarde, la FGE inform\u00f3 de la detenci\u00f3n de German \u201cN\u201d por el delito de homicidio calificado. La dependencia inform\u00f3 que la detenci\u00f3n ocurri\u00f3 en <strong>Chilpancingo <\/strong>y fue realizada por polic\u00edas ministeriales y soldados del Ej\u00e9rcito y la Guardia Nacional.<\/p>\n\n\n\n<figure class=\"wp-block-embed is-type-rich is-provider-twitter wp-block-embed-twitter\"><div class=\"wp-block-embed__wrapper\">\n<blockquote class=\"twitter-tweet\" data-width=\"550\" data-dnt=\"true\"><p lang=\"es\" dir=\"ltr\">\ud83d\udccdLa FGEGuerrero, el Ej\u00e9rcito Mexicano y GN detuvieron a un hombre por el delito de homicidio calificado en Chilpancingo.<br><br>Nota completa \u27a1\ufe0f <a href=\"https:\/\/t.co\/RP6hwwHF6F\">https:\/\/t.co\/RP6hwwHF6F<\/a> <a href=\"https:\/\/t.co\/A2ZmW1F0Sk\">pic.twitter.com\/A2ZmW1F0Sk<\/a><\/p>&mdash; FGE Guerrero (@FGEGuerrero) <a href=\"https:\/\/twitter.com\/FGEGuerrero\/status\/1856460704225886542?ref_src=twsrc%5Etfw\">November 12, 2024<\/a><\/blockquote><script async src=\"https:\/\/platform.twitter.com\/widgets.js\" charset=\"utf-8\"><\/script>\n<\/div><\/figure>\n\n\n\n<p>Por la ma\u00f1ana, en la conferencia matutina, el secretario de Seguridad P\u00fablica y Protecci\u00f3n Ciudadana, <strong>Omar Garc\u00eda Harfuch<\/strong>, afirm\u00f3 que la organizaci\u00f3n criminal <strong>\u201cLos Ardillos\u201d<\/strong> son los responsables del asesinato del alcalde de Chilpancingo, as\u00ed como del crimen contra once pobladores de la comunidad de Chautipan, que sus cad\u00e1veres, desmembrados, fueron hallados la noche del mi\u00e9rcoles en la batea de una camioneta sobre la autopista del Sol.<\/p>\n\n\n\n<p>Arcos Catal\u00e1n fue hallado muerto, decapitado, la tarde del domingo 6 de octubre en la calle Moctezuma, de la colonia Villa del Roble, cerca del libramiento que va a Tixtla.<\/p>\n\n\n\n<p>El cad\u00e1ver del alcalde estaba en el asiento del copiloto y su cabeza en el toldo.<\/p>\n","protected":false},"excerpt":{"rendered":"<p>Chilpancingo.- La Fiscal\u00eda General del Estado (FGE) inform\u00f3 de la detenci\u00f3n del encargado de la Secretar\u00eda de Seguridad P\u00fablica de Chilpancingo, el capit\u00e1n de Justicia Militar retirado, Germ\u00e1n Reyes Reyes, acusado del delito de homicidio calificado contra el alcalde de la capital de Guerrero, el perredista Alejandro Arcos Catal\u00e1n. Reyes Reyes fue nombrado como encargado [&hellip;]<\/p>\n","protected":false},"author":4,"featured_media":49947,"comment_status":"closed","ping_status":"closed","sticky":false,"template":"","format":"standard","meta":{"footnotes":""},"categories":[1025,19],"tags":[],"class_list":{"0":"post-49946","1":"post","2":"type-post","3":"status-publish","4":"format-standard","5":"has-post-thumbnail","7":"category-destacado","8":"category-nacional"},"yoast_head":"<!-- This site is optimized with the Yoast SEO plugin v27.4 - https:\/\/yoast.com\/product\/yoast-seo-wordpress\/ -->\n<title>Detienen a Germ\u00e1n Reyes, encargado de despacho de SSP de Chilpancingo; lo acusan del homicidio del exalcalde, Alejandro Arcos Catal\u00e1n - LA BRAVA RADIO<\/title>\n<meta name=\"robots\" content=\"index, follow, max-snippet:-1, max-image-preview:large, max-video-preview:-1\" \/>\n<link rel=\"canonical\" href=\"https:\/\/www.bbmnoticias.com\/labravaradiofm\/2024\/11\/12\/detienen-a-german-reyes-encargado-de-despacho-de-ssp-de-chilpancingo-lo-acusan-del-homicidio-del-exalcalde-alejandro-arcos-catalan\/\" \/>\n<meta property=\"og:locale\" content=\"es_MX\" \/>\n<meta property=\"og:type\" content=\"article\" \/>\n<meta property=\"og:title\" content=\"Detienen a Germ\u00e1n Reyes, encargado de despacho de SSP de Chilpancingo; lo acusan del homicidio del exalcalde, Alejandro Arcos Catal\u00e1n - LA BRAVA RADIO\" \/>\n<meta property=\"og:description\" content=\"Chilpancingo.- La Fiscal\u00eda General del Estado (FGE) inform\u00f3 de la detenci\u00f3n del encargado de la Secretar\u00eda de Seguridad P\u00fablica de Chilpancingo, el capit\u00e1n de Justicia Militar retirado, Germ\u00e1n Reyes Reyes, acusado del delito de homicidio calificado contra el alcalde de la capital de Guerrero, el perredista Alejandro Arcos Catal\u00e1n. Reyes Reyes fue nombrado como encargado [&hellip;]\" \/>\n<meta property=\"og:url\" content=\"https:\/\/www.bbmnoticias.com\/labravaradiofm\/2024\/11\/12\/detienen-a-german-reyes-encargado-de-despacho-de-ssp-de-chilpancingo-lo-acusan-del-homicidio-del-exalcalde-alejandro-arcos-catalan\/\" \/>\n<meta property=\"og:site_name\" content=\"LA BRAVA RADIO\" \/>\n<meta property=\"article:published_time\" content=\"2024-11-13T01:58:13+00:00\" \/>\n<meta property=\"article:modified_time\" content=\"2024-11-13T01:58:18+00:00\" \/>\n<meta property=\"og:image\" content=\"https:\/\/www.bbmnoticias.com\/labravaradiofm\/wp-content\/uploads\/sites\/5\/2024\/11\/german-reyes.jpg\" \/>\n\t<meta property=\"og:image:width\" content=\"800\" \/>\n\t<meta property=\"og:image:height\" content=\"484\" \/>\n\t<meta property=\"og:image:type\" content=\"image\/jpeg\" \/>\n<meta name=\"author\" content=\"Agencias\" \/>\n<meta name=\"twitter:card\" content=\"summary_large_image\" \/>\n<meta name=\"twitter:label1\" content=\"Escrito por\" \/>\n\t<meta name=\"twitter:data1\" content=\"Agencias\" \/>\n\t<meta name=\"twitter:label2\" content=\"Tiempo de lectura\" \/>\n\t<meta name=\"twitter:data2\" content=\"2 minutos\" \/>\n<script type=\"application\/ld+json\" class=\"yoast-schema-graph\">{\"@context\":\"https:\\\/\\\/schema.org\",\"@graph\":[{\"@type\":\"Article\",\"@id\":\"https:\\\/\\\/www.bbmnoticias.com\\\/labravaradiofm\\\/2024\\\/11\\\/12\\\/detienen-a-german-reyes-encargado-de-despacho-de-ssp-de-chilpancingo-lo-acusan-del-homicidio-del-exalcalde-alejandro-arcos-catalan\\\/#article\",\"isPartOf\":{\"@id\":\"https:\\\/\\\/www.bbmnoticias.com\\\/labravaradiofm\\\/2024\\\/11\\\/12\\\/detienen-a-german-reyes-encargado-de-despacho-de-ssp-de-chilpancingo-lo-acusan-del-homicidio-del-exalcalde-alejandro-arcos-catalan\\\/\"},\"author\":{\"name\":\"Agencias\",\"@id\":\"https:\\\/\\\/www.bbmnoticias.com\\\/labravaradiofm\\\/#\\\/schema\\\/person\\\/000bdaf0a8fb5bff0d537c4d0778e33f\"},\"headline\":\"Detienen a Germ\u00e1n Reyes, encargado de despacho de SSP de Chilpancingo; lo acusan del homicidio del exalcalde, Alejandro Arcos Catal\u00e1n\",\"datePublished\":\"2024-11-13T01:58:13+00:00\",\"dateModified\":\"2024-11-13T01:58:18+00:00\",\"mainEntityOfPage\":{\"@id\":\"https:\\\/\\\/www.bbmnoticias.com\\\/labravaradiofm\\\/2024\\\/11\\\/12\\\/detienen-a-german-reyes-encargado-de-despacho-de-ssp-de-chilpancingo-lo-acusan-del-homicidio-del-exalcalde-alejandro-arcos-catalan\\\/\"},\"wordCount\":323,\"image\":{\"@id\":\"https:\\\/\\\/www.bbmnoticias.com\\\/labravaradiofm\\\/2024\\\/11\\\/12\\\/detienen-a-german-reyes-encargado-de-despacho-de-ssp-de-chilpancingo-lo-acusan-del-homicidio-del-exalcalde-alejandro-arcos-catalan\\\/#primaryimage\"},\"thumbnailUrl\":\"https:\\\/\\\/www.bbmnoticias.com\\\/labravaradiofm\\\/wp-content\\\/uploads\\\/sites\\\/5\\\/2024\\\/11\\\/german-reyes.jpg\",\"articleSection\":[\"DESTACADO\",\"NACIONAL\"],\"inLanguage\":\"es\"},{\"@type\":\"WebPage\",\"@id\":\"https:\\\/\\\/www.bbmnoticias.com\\\/labravaradiofm\\\/2024\\\/11\\\/12\\\/detienen-a-german-reyes-encargado-de-despacho-de-ssp-de-chilpancingo-lo-acusan-del-homicidio-del-exalcalde-alejandro-arcos-catalan\\\/\",\"url\":\"https:\\\/\\\/www.bbmnoticias.com\\\/labravaradiofm\\\/2024\\\/11\\\/12\\\/detienen-a-german-reyes-encargado-de-despacho-de-ssp-de-chilpancingo-lo-acusan-del-homicidio-del-exalcalde-alejandro-arcos-catalan\\\/\",\"name\":\"Detienen a Germ\u00e1n Reyes, encargado de despacho de SSP de Chilpancingo; lo acusan del homicidio del exalcalde, Alejandro Arcos Catal\u00e1n - LA BRAVA RADIO\",\"isPartOf\":{\"@id\":\"https:\\\/\\\/www.bbmnoticias.com\\\/labravaradiofm\\\/#website\"},\"primaryImageOfPage\":{\"@id\":\"https:\\\/\\\/www.bbmnoticias.com\\\/labravaradiofm\\\/2024\\\/11\\\/12\\\/detienen-a-german-reyes-encargado-de-despacho-de-ssp-de-chilpancingo-lo-acusan-del-homicidio-del-exalcalde-alejandro-arcos-catalan\\\/#primaryimage\"},\"image\":{\"@id\":\"https:\\\/\\\/www.bbmnoticias.com\\\/labravaradiofm\\\/2024\\\/11\\\/12\\\/detienen-a-german-reyes-encargado-de-despacho-de-ssp-de-chilpancingo-lo-acusan-del-homicidio-del-exalcalde-alejandro-arcos-catalan\\\/#primaryimage\"},\"thumbnailUrl\":\"https:\\\/\\\/www.bbmnoticias.com\\\/labravaradiofm\\\/wp-content\\\/uploads\\\/sites\\\/5\\\/2024\\\/11\\\/german-reyes.jpg\",\"datePublished\":\"2024-11-13T01:58:13+00:00\",\"dateModified\":\"2024-11-13T01:58:18+00:00\",\"author\":{\"@id\":\"https:\\\/\\\/www.bbmnoticias.com\\\/labravaradiofm\\\/#\\\/schema\\\/person\\\/000bdaf0a8fb5bff0d537c4d0778e33f\"},\"breadcrumb\":{\"@id\":\"https:\\\/\\\/www.bbmnoticias.com\\\/labravaradiofm\\\/2024\\\/11\\\/12\\\/detienen-a-german-reyes-encargado-de-despacho-de-ssp-de-chilpancingo-lo-acusan-del-homicidio-del-exalcalde-alejandro-arcos-catalan\\\/#breadcrumb\"},\"inLanguage\":\"es\",\"potentialAction\":[{\"@type\":\"ReadAction\",\"target\":[\"https:\\\/\\\/www.bbmnoticias.com\\\/labravaradiofm\\\/2024\\\/11\\\/12\\\/detienen-a-german-reyes-encargado-de-despacho-de-ssp-de-chilpancingo-lo-acusan-del-homicidio-del-exalcalde-alejandro-arcos-catalan\\\/\"]}]},{\"@type\":\"ImageObject\",\"inLanguage\":\"es\",\"@id\":\"https:\\\/\\\/www.bbmnoticias.com\\\/labravaradiofm\\\/2024\\\/11\\\/12\\\/detienen-a-german-reyes-encargado-de-despacho-de-ssp-de-chilpancingo-lo-acusan-del-homicidio-del-exalcalde-alejandro-arcos-catalan\\\/#primaryimage\",\"url\":\"https:\\\/\\\/www.bbmnoticias.com\\\/labravaradiofm\\\/wp-content\\\/uploads\\\/sites\\\/5\\\/2024\\\/11\\\/german-reyes.jpg\",\"contentUrl\":\"https:\\\/\\\/www.bbmnoticias.com\\\/labravaradiofm\\\/wp-content\\\/uploads\\\/sites\\\/5\\\/2024\\\/11\\\/german-reyes.jpg\",\"width\":800,\"height\":484},{\"@type\":\"BreadcrumbList\",\"@id\":\"https:\\\/\\\/www.bbmnoticias.com\\\/labravaradiofm\\\/2024\\\/11\\\/12\\\/detienen-a-german-reyes-encargado-de-despacho-de-ssp-de-chilpancingo-lo-acusan-del-homicidio-del-exalcalde-alejandro-arcos-catalan\\\/#breadcrumb\",\"itemListElement\":[{\"@type\":\"ListItem\",\"position\":1,\"name\":\"Inicio\",\"item\":\"https:\\\/\\\/www.bbmnoticias.com\\\/labravaradiofm\\\/\"},{\"@type\":\"ListItem\",\"position\":2,\"name\":\"Detienen a Germ\u00e1n Reyes, encargado de despacho de SSP de Chilpancingo; lo acusan del homicidio del exalcalde, Alejandro Arcos Catal\u00e1n\"}]},{\"@type\":\"WebSite\",\"@id\":\"https:\\\/\\\/www.bbmnoticias.com\\\/labravaradiofm\\\/#website\",\"url\":\"https:\\\/\\\/www.bbmnoticias.com\\\/labravaradiofm\\\/\",\"name\":\"LA BRAVA RADIO\",\"description\":\"Empresa productora de medios, Radiodifusi\u00f3n, Noticias, tendencias y todo lo que necesitas saber de la pol\u00edtica mexicana e internacional; entretenimiento, espect\u00e1culos, salud y mucho m\u00e1s.\",\"potentialAction\":[{\"@type\":\"SearchAction\",\"target\":{\"@type\":\"EntryPoint\",\"urlTemplate\":\"https:\\\/\\\/www.bbmnoticias.com\\\/labravaradiofm\\\/?s={search_term_string}\"},\"query-input\":{\"@type\":\"PropertyValueSpecification\",\"valueRequired\":true,\"valueName\":\"search_term_string\"}}],\"inLanguage\":\"es\"},{\"@type\":\"Person\",\"@id\":\"https:\\\/\\\/www.bbmnoticias.com\\\/labravaradiofm\\\/#\\\/schema\\\/person\\\/000bdaf0a8fb5bff0d537c4d0778e33f\",\"name\":\"Agencias\",\"image\":{\"@type\":\"ImageObject\",\"inLanguage\":\"es\",\"@id\":\"https:\\\/\\\/secure.gravatar.com\\\/avatar\\\/739e0b61adf9e398b425c36718c8752286da0e8cd90f20ce9a86678abc26aa0d?s=96&d=mm&r=g\",\"url\":\"https:\\\/\\\/secure.gravatar.com\\\/avatar\\\/739e0b61adf9e398b425c36718c8752286da0e8cd90f20ce9a86678abc26aa0d?s=96&d=mm&r=g\",\"contentUrl\":\"https:\\\/\\\/secure.gravatar.com\\\/avatar\\\/739e0b61adf9e398b425c36718c8752286da0e8cd90f20ce9a86678abc26aa0d?s=96&d=mm&r=g\",\"caption\":\"Agencias\"},\"url\":\"https:\\\/\\\/www.bbmnoticias.com\\\/labravaradiofm\\\/author\\\/agencias\\\/\"}]}<\/script>\n<!-- \/ Yoast SEO plugin. -->","yoast_head_json":{"title":"Detienen a Germ\u00e1n Reyes, encargado de despacho de SSP de Chilpancingo; lo acusan del homicidio del exalcalde, Alejandro Arcos Catal\u00e1n - LA BRAVA RADIO","robots":{"index":"index","follow":"follow","max-snippet":"max-snippet:-1","max-image-preview":"max-image-preview:large","max-video-preview":"max-video-preview:-1"},"canonical":"https:\/\/www.bbmnoticias.com\/labravaradiofm\/2024\/11\/12\/detienen-a-german-reyes-encargado-de-despacho-de-ssp-de-chilpancingo-lo-acusan-del-homicidio-del-exalcalde-alejandro-arcos-catalan\/","og_locale":"es_MX","og_type":"article","og_title":"Detienen a Germ\u00e1n Reyes, encargado de despacho de SSP de Chilpancingo; lo acusan del homicidio del exalcalde, Alejandro Arcos Catal\u00e1n - LA BRAVA RADIO","og_description":"Chilpancingo.- La Fiscal\u00eda General del Estado (FGE) inform\u00f3 de la detenci\u00f3n del encargado de la Secretar\u00eda de Seguridad P\u00fablica de Chilpancingo, el capit\u00e1n de Justicia Militar retirado, Germ\u00e1n Reyes Reyes, acusado del delito de homicidio calificado contra el alcalde de la capital de Guerrero, el perredista Alejandro Arcos Catal\u00e1n. Reyes Reyes fue nombrado como encargado [&hellip;]","og_url":"https:\/\/www.bbmnoticias.com\/labravaradiofm\/2024\/11\/12\/detienen-a-german-reyes-encargado-de-despacho-de-ssp-de-chilpancingo-lo-acusan-del-homicidio-del-exalcalde-alejandro-arcos-catalan\/","og_site_name":"LA BRAVA RADIO","article_published_time":"2024-11-13T01:58:13+00:00","article_modified_time":"2024-11-13T01:58:18+00:00","og_image":[{"width":800,"height":484,"url":"https:\/\/www.bbmnoticias.com\/labravaradiofm\/wp-content\/uploads\/sites\/5\/2024\/11\/german-reyes.jpg","type":"image\/jpeg"}],"author":"Agencias","twitter_card":"summary_large_image","twitter_misc":{"Escrito por":"Agencias","Tiempo de lectura":"2 minutos"},"schema":{"@context":"https:\/\/schema.org","@graph":[{"@type":"Article","@id":"https:\/\/www.bbmnoticias.com\/labravaradiofm\/2024\/11\/12\/detienen-a-german-reyes-encargado-de-despacho-de-ssp-de-chilpancingo-lo-acusan-del-homicidio-del-exalcalde-alejandro-arcos-catalan\/#article","isPartOf":{"@id":"https:\/\/www.bbmnoticias.com\/labravaradiofm\/2024\/11\/12\/detienen-a-german-reyes-encargado-de-despacho-de-ssp-de-chilpancingo-lo-acusan-del-homicidio-del-exalcalde-alejandro-arcos-catalan\/"},"author":{"name":"Agencias","@id":"https:\/\/www.bbmnoticias.com\/labravaradiofm\/#\/schema\/person\/000bdaf0a8fb5bff0d537c4d0778e33f"},"headline":"Detienen a Germ\u00e1n Reyes, encargado de despacho de SSP de Chilpancingo; lo acusan del homicidio del exalcalde, Alejandro Arcos Catal\u00e1n","datePublished":"2024-11-13T01:58:13+00:00","dateModified":"2024-11-13T01:58:18+00:00","mainEntityOfPage":{"@id":"https:\/\/www.bbmnoticias.com\/labravaradiofm\/2024\/11\/12\/detienen-a-german-reyes-encargado-de-despacho-de-ssp-de-chilpancingo-lo-acusan-del-homicidio-del-exalcalde-alejandro-arcos-catalan\/"},"wordCount":323,"image":{"@id":"https:\/\/www.bbmnoticias.com\/labravaradiofm\/2024\/11\/12\/detienen-a-german-reyes-encargado-de-despacho-de-ssp-de-chilpancingo-lo-acusan-del-homicidio-del-exalcalde-alejandro-arcos-catalan\/#primaryimage"},"thumbnailUrl":"https:\/\/www.bbmnoticias.com\/labravaradiofm\/wp-content\/uploads\/sites\/5\/2024\/11\/german-reyes.jpg","articleSection":["DESTACADO","NACIONAL"],"inLanguage":"es"},{"@type":"WebPage","@id":"https:\/\/www.bbmnoticias.com\/labravaradiofm\/2024\/11\/12\/detienen-a-german-reyes-encargado-de-despacho-de-ssp-de-chilpancingo-lo-acusan-del-homicidio-del-exalcalde-alejandro-arcos-catalan\/","url":"https:\/\/www.bbmnoticias.com\/labravaradiofm\/2024\/11\/12\/detienen-a-german-reyes-encargado-de-despacho-de-ssp-de-chilpancingo-lo-acusan-del-homicidio-del-exalcalde-alejandro-arcos-catalan\/","name":"Detienen a Germ\u00e1n Reyes, encargado de despacho de SSP de Chilpancingo; lo acusan del homicidio del exalcalde, Alejandro Arcos Catal\u00e1n - LA BRAVA RADIO","isPartOf":{"@id":"https:\/\/www.bbmnoticias.com\/labravaradiofm\/#website"},"primaryImageOfPage":{"@id":"https:\/\/www.bbmnoticias.com\/labravaradiofm\/2024\/11\/12\/detienen-a-german-reyes-encargado-de-despacho-de-ssp-de-chilpancingo-lo-acusan-del-homicidio-del-exalcalde-alejandro-arcos-catalan\/#primaryimage"},"image":{"@id":"https:\/\/www.bbmnoticias.com\/labravaradiofm\/2024\/11\/12\/detienen-a-german-reyes-encargado-de-despacho-de-ssp-de-chilpancingo-lo-acusan-del-homicidio-del-exalcalde-alejandro-arcos-catalan\/#primaryimage"},"thumbnailUrl":"https:\/\/www.bbmnoticias.com\/labravaradiofm\/wp-content\/uploads\/sites\/5\/2024\/11\/german-reyes.jpg","datePublished":"2024-11-13T01:58:13+00:00","dateModified":"2024-11-13T01:58:18+00:00","author":{"@id":"https:\/\/www.bbmnoticias.com\/labravaradiofm\/#\/schema\/person\/000bdaf0a8fb5bff0d537c4d0778e33f"},"breadcrumb":{"@id":"https:\/\/www.bbmnoticias.com\/labravaradiofm\/2024\/11\/12\/detienen-a-german-reyes-encargado-de-despacho-de-ssp-de-chilpancingo-lo-acusan-del-homicidio-del-exalcalde-alejandro-arcos-catalan\/#breadcrumb"},"inLanguage":"es","potentialAction":[{"@type":"ReadAction","target":["https:\/\/www.bbmnoticias.com\/labravaradiofm\/2024\/11\/12\/detienen-a-german-reyes-encargado-de-despacho-de-ssp-de-chilpancingo-lo-acusan-del-homicidio-del-exalcalde-alejandro-arcos-catalan\/"]}]},{"@type":"ImageObject","inLanguage":"es","@id":"https:\/\/www.bbmnoticias.com\/labravaradiofm\/2024\/11\/12\/detienen-a-german-reyes-encargado-de-despacho-de-ssp-de-chilpancingo-lo-acusan-del-homicidio-del-exalcalde-alejandro-arcos-catalan\/#primaryimage","url":"https:\/\/www.bbmnoticias.com\/labravaradiofm\/wp-content\/uploads\/sites\/5\/2024\/11\/german-reyes.jpg","contentUrl":"https:\/\/www.bbmnoticias.com\/labravaradiofm\/wp-content\/uploads\/sites\/5\/2024\/11\/german-reyes.jpg","width":800,"height":484},{"@type":"BreadcrumbList","@id":"https:\/\/www.bbmnoticias.com\/labravaradiofm\/2024\/11\/12\/detienen-a-german-reyes-encargado-de-despacho-de-ssp-de-chilpancingo-lo-acusan-del-homicidio-del-exalcalde-alejandro-arcos-catalan\/#breadcrumb","itemListElement":[{"@type":"ListItem","position":1,"name":"Inicio","item":"https:\/\/www.bbmnoticias.com\/labravaradiofm\/"},{"@type":"ListItem","position":2,"name":"Detienen a Germ\u00e1n Reyes, encargado de despacho de SSP de Chilpancingo; lo acusan del homicidio del exalcalde, Alejandro Arcos Catal\u00e1n"}]},{"@type":"WebSite","@id":"https:\/\/www.bbmnoticias.com\/labravaradiofm\/#website","url":"https:\/\/www.bbmnoticias.com\/labravaradiofm\/","name":"LA BRAVA RADIO","description":"Empresa productora de medios, Radiodifusi\u00f3n, Noticias, tendencias y todo lo que necesitas saber de la pol\u00edtica mexicana e internacional; entretenimiento, espect\u00e1culos, salud y mucho m\u00e1s.","potentialAction":[{"@type":"SearchAction","target":{"@type":"EntryPoint","urlTemplate":"https:\/\/www.bbmnoticias.com\/labravaradiofm\/?s={search_term_string}"},"query-input":{"@type":"PropertyValueSpecification","valueRequired":true,"valueName":"search_term_string"}}],"inLanguage":"es"},{"@type":"Person","@id":"https:\/\/www.bbmnoticias.com\/labravaradiofm\/#\/schema\/person\/000bdaf0a8fb5bff0d537c4d0778e33f","name":"Agencias","image":{"@type":"ImageObject","inLanguage":"es","@id":"https:\/\/secure.gravatar.com\/avatar\/739e0b61adf9e398b425c36718c8752286da0e8cd90f20ce9a86678abc26aa0d?s=96&d=mm&r=g","url":"https:\/\/secure.gravatar.com\/avatar\/739e0b61adf9e398b425c36718c8752286da0e8cd90f20ce9a86678abc26aa0d?s=96&d=mm&r=g","contentUrl":"https:\/\/secure.gravatar.com\/avatar\/739e0b61adf9e398b425c36718c8752286da0e8cd90f20ce9a86678abc26aa0d?s=96&d=mm&r=g","caption":"Agencias"},"url":"https:\/\/www.bbmnoticias.com\/labravaradiofm\/author\/agencias\/"}]}},"_links":{"self":[{"href":"https:\/\/www.bbmnoticias.com\/labravaradiofm\/wp-json\/wp\/v2\/posts\/49946","targetHints":{"allow":["GET"]}}],"collection":[{"href":"https:\/\/www.bbmnoticias.com\/labravaradiofm\/wp-json\/wp\/v2\/posts"}],"about":[{"href":"https:\/\/www.bbmnoticias.com\/labravaradiofm\/wp-json\/wp\/v2\/types\/post"}],"author":[{"embeddable":true,"href":"https:\/\/www.bbmnoticias.com\/labravaradiofm\/wp-json\/wp\/v2\/users\/4"}],"replies":[{"embeddable":true,"href":"https:\/\/www.bbmnoticias.com\/labravaradiofm\/wp-json\/wp\/v2\/comments?post=49946"}],"version-history":[{"count":0,"href":"https:\/\/www.bbmnoticias.com\/labravaradiofm\/wp-json\/wp\/v2\/posts\/49946\/revisions"}],"wp:featuredmedia":[{"embeddable":true,"href":"https:\/\/www.bbmnoticias.com\/labravaradiofm\/wp-json\/wp\/v2\/media\/49947"}],"wp:attachment":[{"href":"https:\/\/www.bbmnoticias.com\/labravaradiofm\/wp-json\/wp\/v2\/media?parent=49946"}],"wp:term":[{"taxonomy":"category","embeddable":true,"href":"https:\/\/www.bbmnoticias.com\/labravaradiofm\/wp-json\/wp\/v2\/categories?post=49946"},{"taxonomy":"post_tag","embeddable":true,"href":"https:\/\/www.bbmnoticias.com\/labravaradiofm\/wp-json\/wp\/v2\/tags?post=49946"}],"curies":[{"name":"wp","href":"https:\/\/api.w.org\/{rel}","templated":true}]}}