{"id":49942,"date":"2024-11-12T19:28:24","date_gmt":"2024-11-13T01:28:24","guid":{"rendered":"https:\/\/www.bbmnoticias.com\/labravaradiofm\/?p=49942"},"modified":"2024-11-12T19:45:29","modified_gmt":"2024-11-13T01:45:29","slug":"diputada-de-morena-se-echa-un-coyotito-durante-sesion-en-san-lazaro","status":"publish","type":"post","link":"https:\/\/www.bbmnoticias.com\/labravaradiofm\/2024\/11\/12\/diputada-de-morena-se-echa-un-coyotito-durante-sesion-en-san-lazaro\/","title":{"rendered":"Diputada de Morena se echa un &#8216;coyotito&#8217; durante sesi\u00f3n en San L\u00e1zaro"},"content":{"rendered":"<div style=\"margin-top: 0px; margin-bottom: 0px;\" class=\"sharethis-inline-share-buttons\" ><\/div>\n<p>Esta tarde, la diputada de Morena, <strong>Herminia L\u00f3pez Santiago<\/strong>, f<strong>ue captada tomando una siesta<\/strong> en el recinto de San L\u00e1zaro durante la sesi\u00f3n que discute la reforma constitucional en materia de protecci\u00f3n y cuidado animal.<\/p>\n\n\n\n<p>Previo al descuido de la legisladora, la Mesa Directiva de la C\u00e1mara de Diputados hizo la declaratoria de validez de la reforma a la Constituci\u00f3n sobre igualdad sustantiva.<\/p>\n\n\n\n<p>De acuerdo con la informaci\u00f3n disponible en la p\u00e1gina oficial de la C\u00e1mara de Diputados, L\u00f3pez Santiago no ha presentado, en dos meses de la LXVI Legislatura, ninguna iniciativa.<\/p>\n\n\n\n<h2 class=\"wp-block-heading\">\u00bfQui\u00e9n es Herminia L\u00f3pez Santiago?<\/h2>\n\n\n\n<p>La diputada morenista <strong>naci\u00f3 en abril de 1965<\/strong> en el municipio de&nbsp;&nbsp;Santiago Tlazoyaltepec, ubicado en el estado de Oaxaca, <strong>donde curso la secundaria, \u00faltimo grado de estudios de la legisladora.<\/strong><\/p>\n\n\n\n<p>Posteriormente,<strong> el 29 de agosto de este a\u00f1o<\/strong>, luego de haber sido electa por la v\u00eda plurinominal en la tercera circunscripci\u00f3n, L\u00f3pez <strong>tomo protesta como diputada federal de Morena.<\/strong><\/p>\n\n\n\n<p>De igual manera, actualmente&nbsp;<strong>es miembra activa<\/strong> de las comisiones de Pueblos Ind\u00edgenas, Educaci\u00f3n y Ciencia y Tecnolog\u00eda.<\/p>\n","protected":false},"excerpt":{"rendered":"<p>Esta tarde, la diputada de Morena, Herminia L\u00f3pez Santiago, fue captada tomando una siesta en el recinto de San L\u00e1zaro durante la sesi\u00f3n que discute la reforma constitucional en materia de protecci\u00f3n y cuidado animal. Previo al descuido de la legisladora, la Mesa Directiva de la C\u00e1mara de Diputados hizo la declaratoria de validez de [&hellip;]<\/p>\n","protected":false},"author":9,"featured_media":49943,"comment_status":"closed","ping_status":"closed","sticky":false,"template":"","format":"standard","meta":{"footnotes":""},"categories":[1025,19],"tags":[],"class_list":{"0":"post-49942","1":"post","2":"type-post","3":"status-publish","4":"format-standard","5":"has-post-thumbnail","7":"category-destacado","8":"category-nacional"},"yoast_head":"<!-- This site is optimized with the Yoast SEO plugin v27.4 - https:\/\/yoast.com\/product\/yoast-seo-wordpress\/ -->\n<title>Diputada de Morena se echa un &#039;coyotito&#039; durante sesi\u00f3n en San L\u00e1zaro - LA BRAVA RADIO<\/title>\n<meta name=\"robots\" content=\"index, follow, max-snippet:-1, max-image-preview:large, max-video-preview:-1\" \/>\n<link rel=\"canonical\" href=\"https:\/\/www.bbmnoticias.com\/labravaradiofm\/2024\/11\/12\/diputada-de-morena-se-echa-un-coyotito-durante-sesion-en-san-lazaro\/\" \/>\n<meta property=\"og:locale\" content=\"es_MX\" \/>\n<meta property=\"og:type\" content=\"article\" \/>\n<meta property=\"og:title\" content=\"Diputada de Morena se echa un &#039;coyotito&#039; durante sesi\u00f3n en San L\u00e1zaro - LA BRAVA RADIO\" \/>\n<meta property=\"og:description\" content=\"Esta tarde, la diputada de Morena, Herminia L\u00f3pez Santiago, fue captada tomando una siesta en el recinto de San L\u00e1zaro durante la sesi\u00f3n que discute la reforma constitucional en materia de protecci\u00f3n y cuidado animal. Previo al descuido de la legisladora, la Mesa Directiva de la C\u00e1mara de Diputados hizo la declaratoria de validez de [&hellip;]\" \/>\n<meta property=\"og:url\" content=\"https:\/\/www.bbmnoticias.com\/labravaradiofm\/2024\/11\/12\/diputada-de-morena-se-echa-un-coyotito-durante-sesion-en-san-lazaro\/\" \/>\n<meta property=\"og:site_name\" content=\"LA BRAVA RADIO\" \/>\n<meta property=\"article:published_time\" content=\"2024-11-13T01:28:24+00:00\" \/>\n<meta property=\"article:modified_time\" content=\"2024-11-13T01:45:29+00:00\" \/>\n<meta property=\"og:image\" content=\"https:\/\/www.bbmnoticias.com\/labravaradiofm\/wp-content\/uploads\/sites\/5\/2024\/11\/diputada-duerme.jpg\" \/>\n\t<meta property=\"og:image:width\" content=\"800\" \/>\n\t<meta property=\"og:image:height\" content=\"452\" \/>\n\t<meta property=\"og:image:type\" content=\"image\/jpeg\" \/>\n<meta name=\"author\" content=\"Milenio\" \/>\n<meta name=\"twitter:card\" content=\"summary_large_image\" \/>\n<meta name=\"twitter:label1\" content=\"Escrito por\" \/>\n\t<meta name=\"twitter:data1\" content=\"Milenio\" \/>\n\t<meta name=\"twitter:label2\" content=\"Tiempo de lectura\" \/>\n\t<meta name=\"twitter:data2\" content=\"2 minutos\" \/>\n<script type=\"application\/ld+json\" class=\"yoast-schema-graph\">{\"@context\":\"https:\\\/\\\/schema.org\",\"@graph\":[{\"@type\":\"Article\",\"@id\":\"https:\\\/\\\/www.bbmnoticias.com\\\/labravaradiofm\\\/2024\\\/11\\\/12\\\/diputada-de-morena-se-echa-un-coyotito-durante-sesion-en-san-lazaro\\\/#article\",\"isPartOf\":{\"@id\":\"https:\\\/\\\/www.bbmnoticias.com\\\/labravaradiofm\\\/2024\\\/11\\\/12\\\/diputada-de-morena-se-echa-un-coyotito-durante-sesion-en-san-lazaro\\\/\"},\"author\":{\"name\":\"Milenio\",\"@id\":\"https:\\\/\\\/www.bbmnoticias.com\\\/labravaradiofm\\\/#\\\/schema\\\/person\\\/721d0cdff27d6c6be0b7dfbd566fedd1\"},\"headline\":\"Diputada de Morena se echa un &#8216;coyotito&#8217; durante sesi\u00f3n en San L\u00e1zaro\",\"datePublished\":\"2024-11-13T01:28:24+00:00\",\"dateModified\":\"2024-11-13T01:45:29+00:00\",\"mainEntityOfPage\":{\"@id\":\"https:\\\/\\\/www.bbmnoticias.com\\\/labravaradiofm\\\/2024\\\/11\\\/12\\\/diputada-de-morena-se-echa-un-coyotito-durante-sesion-en-san-lazaro\\\/\"},\"wordCount\":209,\"image\":{\"@id\":\"https:\\\/\\\/www.bbmnoticias.com\\\/labravaradiofm\\\/2024\\\/11\\\/12\\\/diputada-de-morena-se-echa-un-coyotito-durante-sesion-en-san-lazaro\\\/#primaryimage\"},\"thumbnailUrl\":\"https:\\\/\\\/www.bbmnoticias.com\\\/labravaradiofm\\\/wp-content\\\/uploads\\\/sites\\\/5\\\/2024\\\/11\\\/diputada-duerme.jpg\",\"articleSection\":[\"DESTACADO\",\"NACIONAL\"],\"inLanguage\":\"es\"},{\"@type\":\"WebPage\",\"@id\":\"https:\\\/\\\/www.bbmnoticias.com\\\/labravaradiofm\\\/2024\\\/11\\\/12\\\/diputada-de-morena-se-echa-un-coyotito-durante-sesion-en-san-lazaro\\\/\",\"url\":\"https:\\\/\\\/www.bbmnoticias.com\\\/labravaradiofm\\\/2024\\\/11\\\/12\\\/diputada-de-morena-se-echa-un-coyotito-durante-sesion-en-san-lazaro\\\/\",\"name\":\"Diputada de Morena se echa un 'coyotito' durante sesi\u00f3n en San L\u00e1zaro - LA BRAVA RADIO\",\"isPartOf\":{\"@id\":\"https:\\\/\\\/www.bbmnoticias.com\\\/labravaradiofm\\\/#website\"},\"primaryImageOfPage\":{\"@id\":\"https:\\\/\\\/www.bbmnoticias.com\\\/labravaradiofm\\\/2024\\\/11\\\/12\\\/diputada-de-morena-se-echa-un-coyotito-durante-sesion-en-san-lazaro\\\/#primaryimage\"},\"image\":{\"@id\":\"https:\\\/\\\/www.bbmnoticias.com\\\/labravaradiofm\\\/2024\\\/11\\\/12\\\/diputada-de-morena-se-echa-un-coyotito-durante-sesion-en-san-lazaro\\\/#primaryimage\"},\"thumbnailUrl\":\"https:\\\/\\\/www.bbmnoticias.com\\\/labravaradiofm\\\/wp-content\\\/uploads\\\/sites\\\/5\\\/2024\\\/11\\\/diputada-duerme.jpg\",\"datePublished\":\"2024-11-13T01:28:24+00:00\",\"dateModified\":\"2024-11-13T01:45:29+00:00\",\"author\":{\"@id\":\"https:\\\/\\\/www.bbmnoticias.com\\\/labravaradiofm\\\/#\\\/schema\\\/person\\\/721d0cdff27d6c6be0b7dfbd566fedd1\"},\"breadcrumb\":{\"@id\":\"https:\\\/\\\/www.bbmnoticias.com\\\/labravaradiofm\\\/2024\\\/11\\\/12\\\/diputada-de-morena-se-echa-un-coyotito-durante-sesion-en-san-lazaro\\\/#breadcrumb\"},\"inLanguage\":\"es\",\"potentialAction\":[{\"@type\":\"ReadAction\",\"target\":[\"https:\\\/\\\/www.bbmnoticias.com\\\/labravaradiofm\\\/2024\\\/11\\\/12\\\/diputada-de-morena-se-echa-un-coyotito-durante-sesion-en-san-lazaro\\\/\"]}]},{\"@type\":\"ImageObject\",\"inLanguage\":\"es\",\"@id\":\"https:\\\/\\\/www.bbmnoticias.com\\\/labravaradiofm\\\/2024\\\/11\\\/12\\\/diputada-de-morena-se-echa-un-coyotito-durante-sesion-en-san-lazaro\\\/#primaryimage\",\"url\":\"https:\\\/\\\/www.bbmnoticias.com\\\/labravaradiofm\\\/wp-content\\\/uploads\\\/sites\\\/5\\\/2024\\\/11\\\/diputada-duerme.jpg\",\"contentUrl\":\"https:\\\/\\\/www.bbmnoticias.com\\\/labravaradiofm\\\/wp-content\\\/uploads\\\/sites\\\/5\\\/2024\\\/11\\\/diputada-duerme.jpg\",\"width\":800,\"height\":452},{\"@type\":\"BreadcrumbList\",\"@id\":\"https:\\\/\\\/www.bbmnoticias.com\\\/labravaradiofm\\\/2024\\\/11\\\/12\\\/diputada-de-morena-se-echa-un-coyotito-durante-sesion-en-san-lazaro\\\/#breadcrumb\",\"itemListElement\":[{\"@type\":\"ListItem\",\"position\":1,\"name\":\"Inicio\",\"item\":\"https:\\\/\\\/www.bbmnoticias.com\\\/labravaradiofm\\\/\"},{\"@type\":\"ListItem\",\"position\":2,\"name\":\"Diputada de Morena se echa un &#8216;coyotito&#8217; durante sesi\u00f3n en San L\u00e1zaro\"}]},{\"@type\":\"WebSite\",\"@id\":\"https:\\\/\\\/www.bbmnoticias.com\\\/labravaradiofm\\\/#website\",\"url\":\"https:\\\/\\\/www.bbmnoticias.com\\\/labravaradiofm\\\/\",\"name\":\"LA BRAVA RADIO\",\"description\":\"Empresa productora de medios, Radiodifusi\u00f3n, Noticias, tendencias y todo lo que necesitas saber de la pol\u00edtica mexicana e internacional; entretenimiento, espect\u00e1culos, salud y mucho m\u00e1s.\",\"potentialAction\":[{\"@type\":\"SearchAction\",\"target\":{\"@type\":\"EntryPoint\",\"urlTemplate\":\"https:\\\/\\\/www.bbmnoticias.com\\\/labravaradiofm\\\/?s={search_term_string}\"},\"query-input\":{\"@type\":\"PropertyValueSpecification\",\"valueRequired\":true,\"valueName\":\"search_term_string\"}}],\"inLanguage\":\"es\"},{\"@type\":\"Person\",\"@id\":\"https:\\\/\\\/www.bbmnoticias.com\\\/labravaradiofm\\\/#\\\/schema\\\/person\\\/721d0cdff27d6c6be0b7dfbd566fedd1\",\"name\":\"Milenio\",\"image\":{\"@type\":\"ImageObject\",\"inLanguage\":\"es\",\"@id\":\"https:\\\/\\\/secure.gravatar.com\\\/avatar\\\/cc78c90822baf77761fc8dc7e5a764bdbe7760545b0e1698cf9eff8a1818736c?s=96&d=mm&r=g\",\"url\":\"https:\\\/\\\/secure.gravatar.com\\\/avatar\\\/cc78c90822baf77761fc8dc7e5a764bdbe7760545b0e1698cf9eff8a1818736c?s=96&d=mm&r=g\",\"contentUrl\":\"https:\\\/\\\/secure.gravatar.com\\\/avatar\\\/cc78c90822baf77761fc8dc7e5a764bdbe7760545b0e1698cf9eff8a1818736c?s=96&d=mm&r=g\",\"caption\":\"Milenio\"},\"url\":\"https:\\\/\\\/www.bbmnoticias.com\\\/labravaradiofm\\\/author\\\/milenio\\\/\"}]}<\/script>\n<!-- \/ Yoast SEO plugin. -->","yoast_head_json":{"title":"Diputada de Morena se echa un 'coyotito' durante sesi\u00f3n en San L\u00e1zaro - LA BRAVA RADIO","robots":{"index":"index","follow":"follow","max-snippet":"max-snippet:-1","max-image-preview":"max-image-preview:large","max-video-preview":"max-video-preview:-1"},"canonical":"https:\/\/www.bbmnoticias.com\/labravaradiofm\/2024\/11\/12\/diputada-de-morena-se-echa-un-coyotito-durante-sesion-en-san-lazaro\/","og_locale":"es_MX","og_type":"article","og_title":"Diputada de Morena se echa un 'coyotito' durante sesi\u00f3n en San L\u00e1zaro - LA BRAVA RADIO","og_description":"Esta tarde, la diputada de Morena, Herminia L\u00f3pez Santiago, fue captada tomando una siesta en el recinto de San L\u00e1zaro durante la sesi\u00f3n que discute la reforma constitucional en materia de protecci\u00f3n y cuidado animal. Previo al descuido de la legisladora, la Mesa Directiva de la C\u00e1mara de Diputados hizo la declaratoria de validez de [&hellip;]","og_url":"https:\/\/www.bbmnoticias.com\/labravaradiofm\/2024\/11\/12\/diputada-de-morena-se-echa-un-coyotito-durante-sesion-en-san-lazaro\/","og_site_name":"LA BRAVA RADIO","article_published_time":"2024-11-13T01:28:24+00:00","article_modified_time":"2024-11-13T01:45:29+00:00","og_image":[{"width":800,"height":452,"url":"https:\/\/www.bbmnoticias.com\/labravaradiofm\/wp-content\/uploads\/sites\/5\/2024\/11\/diputada-duerme.jpg","type":"image\/jpeg"}],"author":"Milenio","twitter_card":"summary_large_image","twitter_misc":{"Escrito por":"Milenio","Tiempo de lectura":"2 minutos"},"schema":{"@context":"https:\/\/schema.org","@graph":[{"@type":"Article","@id":"https:\/\/www.bbmnoticias.com\/labravaradiofm\/2024\/11\/12\/diputada-de-morena-se-echa-un-coyotito-durante-sesion-en-san-lazaro\/#article","isPartOf":{"@id":"https:\/\/www.bbmnoticias.com\/labravaradiofm\/2024\/11\/12\/diputada-de-morena-se-echa-un-coyotito-durante-sesion-en-san-lazaro\/"},"author":{"name":"Milenio","@id":"https:\/\/www.bbmnoticias.com\/labravaradiofm\/#\/schema\/person\/721d0cdff27d6c6be0b7dfbd566fedd1"},"headline":"Diputada de Morena se echa un &#8216;coyotito&#8217; durante sesi\u00f3n en San L\u00e1zaro","datePublished":"2024-11-13T01:28:24+00:00","dateModified":"2024-11-13T01:45:29+00:00","mainEntityOfPage":{"@id":"https:\/\/www.bbmnoticias.com\/labravaradiofm\/2024\/11\/12\/diputada-de-morena-se-echa-un-coyotito-durante-sesion-en-san-lazaro\/"},"wordCount":209,"image":{"@id":"https:\/\/www.bbmnoticias.com\/labravaradiofm\/2024\/11\/12\/diputada-de-morena-se-echa-un-coyotito-durante-sesion-en-san-lazaro\/#primaryimage"},"thumbnailUrl":"https:\/\/www.bbmnoticias.com\/labravaradiofm\/wp-content\/uploads\/sites\/5\/2024\/11\/diputada-duerme.jpg","articleSection":["DESTACADO","NACIONAL"],"inLanguage":"es"},{"@type":"WebPage","@id":"https:\/\/www.bbmnoticias.com\/labravaradiofm\/2024\/11\/12\/diputada-de-morena-se-echa-un-coyotito-durante-sesion-en-san-lazaro\/","url":"https:\/\/www.bbmnoticias.com\/labravaradiofm\/2024\/11\/12\/diputada-de-morena-se-echa-un-coyotito-durante-sesion-en-san-lazaro\/","name":"Diputada de Morena se echa un 'coyotito' durante sesi\u00f3n en San L\u00e1zaro - LA BRAVA RADIO","isPartOf":{"@id":"https:\/\/www.bbmnoticias.com\/labravaradiofm\/#website"},"primaryImageOfPage":{"@id":"https:\/\/www.bbmnoticias.com\/labravaradiofm\/2024\/11\/12\/diputada-de-morena-se-echa-un-coyotito-durante-sesion-en-san-lazaro\/#primaryimage"},"image":{"@id":"https:\/\/www.bbmnoticias.com\/labravaradiofm\/2024\/11\/12\/diputada-de-morena-se-echa-un-coyotito-durante-sesion-en-san-lazaro\/#primaryimage"},"thumbnailUrl":"https:\/\/www.bbmnoticias.com\/labravaradiofm\/wp-content\/uploads\/sites\/5\/2024\/11\/diputada-duerme.jpg","datePublished":"2024-11-13T01:28:24+00:00","dateModified":"2024-11-13T01:45:29+00:00","author":{"@id":"https:\/\/www.bbmnoticias.com\/labravaradiofm\/#\/schema\/person\/721d0cdff27d6c6be0b7dfbd566fedd1"},"breadcrumb":{"@id":"https:\/\/www.bbmnoticias.com\/labravaradiofm\/2024\/11\/12\/diputada-de-morena-se-echa-un-coyotito-durante-sesion-en-san-lazaro\/#breadcrumb"},"inLanguage":"es","potentialAction":[{"@type":"ReadAction","target":["https:\/\/www.bbmnoticias.com\/labravaradiofm\/2024\/11\/12\/diputada-de-morena-se-echa-un-coyotito-durante-sesion-en-san-lazaro\/"]}]},{"@type":"ImageObject","inLanguage":"es","@id":"https:\/\/www.bbmnoticias.com\/labravaradiofm\/2024\/11\/12\/diputada-de-morena-se-echa-un-coyotito-durante-sesion-en-san-lazaro\/#primaryimage","url":"https:\/\/www.bbmnoticias.com\/labravaradiofm\/wp-content\/uploads\/sites\/5\/2024\/11\/diputada-duerme.jpg","contentUrl":"https:\/\/www.bbmnoticias.com\/labravaradiofm\/wp-content\/uploads\/sites\/5\/2024\/11\/diputada-duerme.jpg","width":800,"height":452},{"@type":"BreadcrumbList","@id":"https:\/\/www.bbmnoticias.com\/labravaradiofm\/2024\/11\/12\/diputada-de-morena-se-echa-un-coyotito-durante-sesion-en-san-lazaro\/#breadcrumb","itemListElement":[{"@type":"ListItem","position":1,"name":"Inicio","item":"https:\/\/www.bbmnoticias.com\/labravaradiofm\/"},{"@type":"ListItem","position":2,"name":"Diputada de Morena se echa un &#8216;coyotito&#8217; durante sesi\u00f3n en San L\u00e1zaro"}]},{"@type":"WebSite","@id":"https:\/\/www.bbmnoticias.com\/labravaradiofm\/#website","url":"https:\/\/www.bbmnoticias.com\/labravaradiofm\/","name":"LA BRAVA RADIO","description":"Empresa productora de medios, Radiodifusi\u00f3n, Noticias, tendencias y todo lo que necesitas saber de la pol\u00edtica mexicana e internacional; entretenimiento, espect\u00e1culos, salud y mucho m\u00e1s.","potentialAction":[{"@type":"SearchAction","target":{"@type":"EntryPoint","urlTemplate":"https:\/\/www.bbmnoticias.com\/labravaradiofm\/?s={search_term_string}"},"query-input":{"@type":"PropertyValueSpecification","valueRequired":true,"valueName":"search_term_string"}}],"inLanguage":"es"},{"@type":"Person","@id":"https:\/\/www.bbmnoticias.com\/labravaradiofm\/#\/schema\/person\/721d0cdff27d6c6be0b7dfbd566fedd1","name":"Milenio","image":{"@type":"ImageObject","inLanguage":"es","@id":"https:\/\/secure.gravatar.com\/avatar\/cc78c90822baf77761fc8dc7e5a764bdbe7760545b0e1698cf9eff8a1818736c?s=96&d=mm&r=g","url":"https:\/\/secure.gravatar.com\/avatar\/cc78c90822baf77761fc8dc7e5a764bdbe7760545b0e1698cf9eff8a1818736c?s=96&d=mm&r=g","contentUrl":"https:\/\/secure.gravatar.com\/avatar\/cc78c90822baf77761fc8dc7e5a764bdbe7760545b0e1698cf9eff8a1818736c?s=96&d=mm&r=g","caption":"Milenio"},"url":"https:\/\/www.bbmnoticias.com\/labravaradiofm\/author\/milenio\/"}]}},"_links":{"self":[{"href":"https:\/\/www.bbmnoticias.com\/labravaradiofm\/wp-json\/wp\/v2\/posts\/49942","targetHints":{"allow":["GET"]}}],"collection":[{"href":"https:\/\/www.bbmnoticias.com\/labravaradiofm\/wp-json\/wp\/v2\/posts"}],"about":[{"href":"https:\/\/www.bbmnoticias.com\/labravaradiofm\/wp-json\/wp\/v2\/types\/post"}],"author":[{"embeddable":true,"href":"https:\/\/www.bbmnoticias.com\/labravaradiofm\/wp-json\/wp\/v2\/users\/9"}],"replies":[{"embeddable":true,"href":"https:\/\/www.bbmnoticias.com\/labravaradiofm\/wp-json\/wp\/v2\/comments?post=49942"}],"version-history":[{"count":0,"href":"https:\/\/www.bbmnoticias.com\/labravaradiofm\/wp-json\/wp\/v2\/posts\/49942\/revisions"}],"wp:featuredmedia":[{"embeddable":true,"href":"https:\/\/www.bbmnoticias.com\/labravaradiofm\/wp-json\/wp\/v2\/media\/49943"}],"wp:attachment":[{"href":"https:\/\/www.bbmnoticias.com\/labravaradiofm\/wp-json\/wp\/v2\/media?parent=49942"}],"wp:term":[{"taxonomy":"category","embeddable":true,"href":"https:\/\/www.bbmnoticias.com\/labravaradiofm\/wp-json\/wp\/v2\/categories?post=49942"},{"taxonomy":"post_tag","embeddable":true,"href":"https:\/\/www.bbmnoticias.com\/labravaradiofm\/wp-json\/wp\/v2\/tags?post=49942"}],"curies":[{"name":"wp","href":"https:\/\/api.w.org\/{rel}","templated":true}]}}