{"id":49930,"date":"2024-11-12T15:50:31","date_gmt":"2024-11-12T21:50:31","guid":{"rendered":"https:\/\/www.bbmnoticias.com\/labravaradiofm\/?p=49930"},"modified":"2024-11-12T15:50:35","modified_gmt":"2024-11-12T21:50:35","slug":"morena-y-aliados-acuerdan-apoyar-reeleccion-de-rosario-piedra-en-cndh-es-una-decision-de-estado-dicen","status":"publish","type":"post","link":"https:\/\/www.bbmnoticias.com\/labravaradiofm\/2024\/11\/12\/morena-y-aliados-acuerdan-apoyar-reeleccion-de-rosario-piedra-en-cndh-es-una-decision-de-estado-dicen\/","title":{"rendered":"Morena y aliados acuerdan apoyar reelecci\u00f3n de Rosario Piedra en CNDH; \u201ces una decisi\u00f3n de Estado\u201d, dicen"},"content":{"rendered":"<div style=\"margin-top: 0px; margin-bottom: 0px;\" class=\"sharethis-inline-share-buttons\" ><\/div>\n<p>La bancada de <strong>Morena <\/strong>y sus aliados apoyar\u00e1n la reelecci\u00f3n de <strong>Rosario Piedra<\/strong> al frente de la <strong>Comisi\u00f3n Nacional de los Derechos Humanos<\/strong>.<\/p>\n\n\n\n<p>Fuentes de la 4T confirmaron que durante la reuni\u00f3n previa del grupo parlamentario de Morena en el Senado se inform\u00f3 que la decisi\u00f3n de los liderazgos de la bancada es respaldar a Piedra Ibarra para que se mantenga durante los pr\u00f3ximos 5 a\u00f1os en la Presidencia del \u00f3rgano aut\u00f3nomo.<\/p>\n\n\n\n<p>Aunque la mayor\u00eda de los <strong>legisladores <\/strong>de Morena estaba en <strong>contra <\/strong>de la <strong>reelecci\u00f3n <\/strong>de la ombudsperson, tuvieron que aceptar la recomendaci\u00f3n para votar en la sesi\u00f3n de hoy en favor de Rosario Piedra.<\/p>\n\n\n\n<p>\u201cEs una decisi\u00f3n de Estado\u201d, argumentaron los l\u00edderes de la fracci\u00f3n parlamentaria.<\/p>\n\n\n\n<p><strong>Sa\u00fal Monreal<\/strong>, senador por Morena, confirm\u00f3 que \u201chay voto unificado y fortalecido\u201d de Morena y sus aliados para apoyar la reelecci\u00f3n de Rosario Piedra en la CNDH.<\/p>\n\n\n\n<p>En entrevista en el marco de la reuni\u00f3n plenaria explic\u00f3 que ya \u201chay humo blanco\u201d en este tema y se espera sea ratificado en la votaci\u00f3n en el pleno.<\/p>\n\n\n\n<p>La bancada de Morena en el Senado busca un consenso para votar de <strong>manera unificada a favor de la reelecci\u00f3n <\/strong>de Rosario Piedra como presidenta de la Comisi\u00f3n Nacional de los Derechos Humanos (CNDH).<\/p>\n\n\n\n<p>Expuso que se buscar\u00e1 la unidad en su grupo parlamentario, m\u00e1s all\u00e1 del punto de vista que cada uno tiene sobre las tres candidatas finalistas.<\/p>\n\n\n\n<p>Rechaz\u00f3 que los legisladores de Morena hayan recibido alguna \u201cl\u00ednea\u201d para votar por la reelecci\u00f3n de Rosario Piedra. \u201cTodo va a ser bajo consciencia\u201d, afirm\u00f3.<\/p>\n\n\n\n<p>Cabe se\u00f1alar que la C\u00e1mara Alta tiene hasta el pr\u00f3ximo 15 de noviembre para elegir a la persona titular de la CNDH, lo cual deber\u00e1 ocurrir por mayor\u00eda calificada (voto a favor dos terceras partes de los presentes).<\/p>\n\n\n\n<p>El grupo parlamentario del <strong>PRI <\/strong>en el Senado <strong>critic\u00f3 <\/strong>que <strong>Morena <\/strong>pretenda <strong>reelegir <\/strong>a <strong>Rosario Piedra Ibarra<\/strong> como presidenta de la Comisi\u00f3n Nacional de los Derechos Humanos (CNDH).<\/p>\n\n\n\n<p>En entrevista, el senador <strong>Alejandro Moreno C\u00e1rdenas<\/strong>, presidente del PRI, lament\u00f3 que la fracci\u00f3n mayoritaria impuse la propuesta para mantener cinco a\u00f1os m\u00e1s en el cargo a la actual ombudsperson, a pesar de que su gesti\u00f3n tuvo cero resultados y dej\u00f3 mucho qu\u00e9 desear.<\/p>\n\n\n\n<p>\u201cEs lamentable, es incre\u00edble que se pretenda impulsar otra vez la propuesta que estuvo al frente de la Comisi\u00f3n de los Derechos Humanos, porque no s\u00f3lo no cumpli\u00f3 con la expectativa y gener\u00f3 resultados, \u00bfqui\u00e9n va a defender a las v\u00edctimas?\u201d, cuestion\u00f3.<\/p>\n\n\n\n<p>Moreno C\u00e1rdenas resalt\u00f3 que no ha habido una sola resoluci\u00f3n en la que se se\u00f1ale cu\u00e1l ha sido el actuar del gobierno. \u201cPr\u00e1cticamente es una tapadera, no hay nada. Las <strong>v\u00edctimas<\/strong>, los cientos, miles de v\u00edctimas que hay, no ven ese compromiso, esa atenci\u00f3n de la Comisi\u00f3n Nacional de los Derechos Humanos y luego son muy sensibles desde el gobierno, pero todos ustedes vieron que en la comparecencia en las comisiones, qui\u00e9n fue la que tuvo la peor evaluaci\u00f3n en los resultados\u201d.<\/p>\n\n\n\n<p>El presidente del PRI advirti\u00f3 que a una instituci\u00f3n tan importante como la Comisi\u00f3n Nacional de los Derechos Humanos \u201cdebe ir un perfil no s\u00f3lo preparado, capacitado, sino que atienda a las v\u00edctimas de manera responsable y que tenga una relaci\u00f3n de <strong>autonom\u00eda <\/strong>con el gobierno de la Rep\u00fablica\u201d.<\/p>\n","protected":false},"excerpt":{"rendered":"<p>La bancada de Morena y sus aliados apoyar\u00e1n la reelecci\u00f3n de Rosario Piedra al frente de la Comisi\u00f3n Nacional de los Derechos Humanos. Fuentes de la 4T confirmaron que durante la reuni\u00f3n previa del grupo parlamentario de Morena en el Senado se inform\u00f3 que la decisi\u00f3n de los liderazgos de la bancada es respaldar a [&hellip;]<\/p>\n","protected":false},"author":4,"featured_media":49931,"comment_status":"closed","ping_status":"closed","sticky":false,"template":"","format":"standard","meta":{"footnotes":""},"categories":[1025,19],"tags":[],"class_list":{"0":"post-49930","1":"post","2":"type-post","3":"status-publish","4":"format-standard","5":"has-post-thumbnail","7":"category-destacado","8":"category-nacional"},"yoast_head":"<!-- This site is optimized with the Yoast SEO plugin v27.4 - https:\/\/yoast.com\/product\/yoast-seo-wordpress\/ -->\n<title>Morena y aliados acuerdan apoyar reelecci\u00f3n de Rosario Piedra en CNDH; \u201ces una decisi\u00f3n de Estado\u201d, dicen - LA BRAVA RADIO<\/title>\n<meta name=\"robots\" content=\"index, follow, max-snippet:-1, max-image-preview:large, max-video-preview:-1\" \/>\n<link rel=\"canonical\" href=\"https:\/\/www.bbmnoticias.com\/labravaradiofm\/2024\/11\/12\/morena-y-aliados-acuerdan-apoyar-reeleccion-de-rosario-piedra-en-cndh-es-una-decision-de-estado-dicen\/\" \/>\n<meta property=\"og:locale\" content=\"es_MX\" \/>\n<meta property=\"og:type\" content=\"article\" \/>\n<meta property=\"og:title\" content=\"Morena y aliados acuerdan apoyar reelecci\u00f3n de Rosario Piedra en CNDH; \u201ces una decisi\u00f3n de Estado\u201d, dicen - LA BRAVA RADIO\" \/>\n<meta property=\"og:description\" content=\"La bancada de Morena y sus aliados apoyar\u00e1n la reelecci\u00f3n de Rosario Piedra al frente de la Comisi\u00f3n Nacional de los Derechos Humanos. Fuentes de la 4T confirmaron que durante la reuni\u00f3n previa del grupo parlamentario de Morena en el Senado se inform\u00f3 que la decisi\u00f3n de los liderazgos de la bancada es respaldar a [&hellip;]\" \/>\n<meta property=\"og:url\" content=\"https:\/\/www.bbmnoticias.com\/labravaradiofm\/2024\/11\/12\/morena-y-aliados-acuerdan-apoyar-reeleccion-de-rosario-piedra-en-cndh-es-una-decision-de-estado-dicen\/\" \/>\n<meta property=\"og:site_name\" content=\"LA BRAVA RADIO\" \/>\n<meta property=\"article:published_time\" content=\"2024-11-12T21:50:31+00:00\" \/>\n<meta property=\"article:modified_time\" content=\"2024-11-12T21:50:35+00:00\" \/>\n<meta property=\"og:image\" content=\"https:\/\/www.bbmnoticias.com\/labravaradiofm\/wp-content\/uploads\/sites\/5\/2024\/11\/rosario-piedra.jpg\" \/>\n\t<meta property=\"og:image:width\" content=\"800\" \/>\n\t<meta property=\"og:image:height\" content=\"484\" \/>\n\t<meta property=\"og:image:type\" content=\"image\/jpeg\" \/>\n<meta name=\"author\" content=\"Agencias\" \/>\n<meta name=\"twitter:card\" content=\"summary_large_image\" \/>\n<meta name=\"twitter:label1\" content=\"Escrito por\" \/>\n\t<meta name=\"twitter:data1\" content=\"Agencias\" \/>\n\t<meta name=\"twitter:label2\" content=\"Tiempo de lectura\" \/>\n\t<meta name=\"twitter:data2\" content=\"3 minutos\" \/>\n<script type=\"application\/ld+json\" class=\"yoast-schema-graph\">{\"@context\":\"https:\\\/\\\/schema.org\",\"@graph\":[{\"@type\":\"Article\",\"@id\":\"https:\\\/\\\/www.bbmnoticias.com\\\/labravaradiofm\\\/2024\\\/11\\\/12\\\/morena-y-aliados-acuerdan-apoyar-reeleccion-de-rosario-piedra-en-cndh-es-una-decision-de-estado-dicen\\\/#article\",\"isPartOf\":{\"@id\":\"https:\\\/\\\/www.bbmnoticias.com\\\/labravaradiofm\\\/2024\\\/11\\\/12\\\/morena-y-aliados-acuerdan-apoyar-reeleccion-de-rosario-piedra-en-cndh-es-una-decision-de-estado-dicen\\\/\"},\"author\":{\"name\":\"Agencias\",\"@id\":\"https:\\\/\\\/www.bbmnoticias.com\\\/labravaradiofm\\\/#\\\/schema\\\/person\\\/000bdaf0a8fb5bff0d537c4d0778e33f\"},\"headline\":\"Morena y aliados acuerdan apoyar reelecci\u00f3n de Rosario Piedra en CNDH; \u201ces una decisi\u00f3n de Estado\u201d, dicen\",\"datePublished\":\"2024-11-12T21:50:31+00:00\",\"dateModified\":\"2024-11-12T21:50:35+00:00\",\"mainEntityOfPage\":{\"@id\":\"https:\\\/\\\/www.bbmnoticias.com\\\/labravaradiofm\\\/2024\\\/11\\\/12\\\/morena-y-aliados-acuerdan-apoyar-reeleccion-de-rosario-piedra-en-cndh-es-una-decision-de-estado-dicen\\\/\"},\"wordCount\":615,\"image\":{\"@id\":\"https:\\\/\\\/www.bbmnoticias.com\\\/labravaradiofm\\\/2024\\\/11\\\/12\\\/morena-y-aliados-acuerdan-apoyar-reeleccion-de-rosario-piedra-en-cndh-es-una-decision-de-estado-dicen\\\/#primaryimage\"},\"thumbnailUrl\":\"https:\\\/\\\/www.bbmnoticias.com\\\/labravaradiofm\\\/wp-content\\\/uploads\\\/sites\\\/5\\\/2024\\\/11\\\/rosario-piedra.jpg\",\"articleSection\":[\"DESTACADO\",\"NACIONAL\"],\"inLanguage\":\"es\"},{\"@type\":\"WebPage\",\"@id\":\"https:\\\/\\\/www.bbmnoticias.com\\\/labravaradiofm\\\/2024\\\/11\\\/12\\\/morena-y-aliados-acuerdan-apoyar-reeleccion-de-rosario-piedra-en-cndh-es-una-decision-de-estado-dicen\\\/\",\"url\":\"https:\\\/\\\/www.bbmnoticias.com\\\/labravaradiofm\\\/2024\\\/11\\\/12\\\/morena-y-aliados-acuerdan-apoyar-reeleccion-de-rosario-piedra-en-cndh-es-una-decision-de-estado-dicen\\\/\",\"name\":\"Morena y aliados acuerdan apoyar reelecci\u00f3n de Rosario Piedra en CNDH; \u201ces una decisi\u00f3n de Estado\u201d, dicen - LA BRAVA RADIO\",\"isPartOf\":{\"@id\":\"https:\\\/\\\/www.bbmnoticias.com\\\/labravaradiofm\\\/#website\"},\"primaryImageOfPage\":{\"@id\":\"https:\\\/\\\/www.bbmnoticias.com\\\/labravaradiofm\\\/2024\\\/11\\\/12\\\/morena-y-aliados-acuerdan-apoyar-reeleccion-de-rosario-piedra-en-cndh-es-una-decision-de-estado-dicen\\\/#primaryimage\"},\"image\":{\"@id\":\"https:\\\/\\\/www.bbmnoticias.com\\\/labravaradiofm\\\/2024\\\/11\\\/12\\\/morena-y-aliados-acuerdan-apoyar-reeleccion-de-rosario-piedra-en-cndh-es-una-decision-de-estado-dicen\\\/#primaryimage\"},\"thumbnailUrl\":\"https:\\\/\\\/www.bbmnoticias.com\\\/labravaradiofm\\\/wp-content\\\/uploads\\\/sites\\\/5\\\/2024\\\/11\\\/rosario-piedra.jpg\",\"datePublished\":\"2024-11-12T21:50:31+00:00\",\"dateModified\":\"2024-11-12T21:50:35+00:00\",\"author\":{\"@id\":\"https:\\\/\\\/www.bbmnoticias.com\\\/labravaradiofm\\\/#\\\/schema\\\/person\\\/000bdaf0a8fb5bff0d537c4d0778e33f\"},\"breadcrumb\":{\"@id\":\"https:\\\/\\\/www.bbmnoticias.com\\\/labravaradiofm\\\/2024\\\/11\\\/12\\\/morena-y-aliados-acuerdan-apoyar-reeleccion-de-rosario-piedra-en-cndh-es-una-decision-de-estado-dicen\\\/#breadcrumb\"},\"inLanguage\":\"es\",\"potentialAction\":[{\"@type\":\"ReadAction\",\"target\":[\"https:\\\/\\\/www.bbmnoticias.com\\\/labravaradiofm\\\/2024\\\/11\\\/12\\\/morena-y-aliados-acuerdan-apoyar-reeleccion-de-rosario-piedra-en-cndh-es-una-decision-de-estado-dicen\\\/\"]}]},{\"@type\":\"ImageObject\",\"inLanguage\":\"es\",\"@id\":\"https:\\\/\\\/www.bbmnoticias.com\\\/labravaradiofm\\\/2024\\\/11\\\/12\\\/morena-y-aliados-acuerdan-apoyar-reeleccion-de-rosario-piedra-en-cndh-es-una-decision-de-estado-dicen\\\/#primaryimage\",\"url\":\"https:\\\/\\\/www.bbmnoticias.com\\\/labravaradiofm\\\/wp-content\\\/uploads\\\/sites\\\/5\\\/2024\\\/11\\\/rosario-piedra.jpg\",\"contentUrl\":\"https:\\\/\\\/www.bbmnoticias.com\\\/labravaradiofm\\\/wp-content\\\/uploads\\\/sites\\\/5\\\/2024\\\/11\\\/rosario-piedra.jpg\",\"width\":800,\"height\":484},{\"@type\":\"BreadcrumbList\",\"@id\":\"https:\\\/\\\/www.bbmnoticias.com\\\/labravaradiofm\\\/2024\\\/11\\\/12\\\/morena-y-aliados-acuerdan-apoyar-reeleccion-de-rosario-piedra-en-cndh-es-una-decision-de-estado-dicen\\\/#breadcrumb\",\"itemListElement\":[{\"@type\":\"ListItem\",\"position\":1,\"name\":\"Inicio\",\"item\":\"https:\\\/\\\/www.bbmnoticias.com\\\/labravaradiofm\\\/\"},{\"@type\":\"ListItem\",\"position\":2,\"name\":\"Morena y aliados acuerdan apoyar reelecci\u00f3n de Rosario Piedra en CNDH; \u201ces una decisi\u00f3n de Estado\u201d, dicen\"}]},{\"@type\":\"WebSite\",\"@id\":\"https:\\\/\\\/www.bbmnoticias.com\\\/labravaradiofm\\\/#website\",\"url\":\"https:\\\/\\\/www.bbmnoticias.com\\\/labravaradiofm\\\/\",\"name\":\"LA BRAVA RADIO\",\"description\":\"Empresa productora de medios, Radiodifusi\u00f3n, Noticias, tendencias y todo lo que necesitas saber de la pol\u00edtica mexicana e internacional; entretenimiento, espect\u00e1culos, salud y mucho m\u00e1s.\",\"potentialAction\":[{\"@type\":\"SearchAction\",\"target\":{\"@type\":\"EntryPoint\",\"urlTemplate\":\"https:\\\/\\\/www.bbmnoticias.com\\\/labravaradiofm\\\/?s={search_term_string}\"},\"query-input\":{\"@type\":\"PropertyValueSpecification\",\"valueRequired\":true,\"valueName\":\"search_term_string\"}}],\"inLanguage\":\"es\"},{\"@type\":\"Person\",\"@id\":\"https:\\\/\\\/www.bbmnoticias.com\\\/labravaradiofm\\\/#\\\/schema\\\/person\\\/000bdaf0a8fb5bff0d537c4d0778e33f\",\"name\":\"Agencias\",\"image\":{\"@type\":\"ImageObject\",\"inLanguage\":\"es\",\"@id\":\"https:\\\/\\\/secure.gravatar.com\\\/avatar\\\/739e0b61adf9e398b425c36718c8752286da0e8cd90f20ce9a86678abc26aa0d?s=96&d=mm&r=g\",\"url\":\"https:\\\/\\\/secure.gravatar.com\\\/avatar\\\/739e0b61adf9e398b425c36718c8752286da0e8cd90f20ce9a86678abc26aa0d?s=96&d=mm&r=g\",\"contentUrl\":\"https:\\\/\\\/secure.gravatar.com\\\/avatar\\\/739e0b61adf9e398b425c36718c8752286da0e8cd90f20ce9a86678abc26aa0d?s=96&d=mm&r=g\",\"caption\":\"Agencias\"},\"url\":\"https:\\\/\\\/www.bbmnoticias.com\\\/labravaradiofm\\\/author\\\/agencias\\\/\"}]}<\/script>\n<!-- \/ Yoast SEO plugin. -->","yoast_head_json":{"title":"Morena y aliados acuerdan apoyar reelecci\u00f3n de Rosario Piedra en CNDH; \u201ces una decisi\u00f3n de Estado\u201d, dicen - LA BRAVA RADIO","robots":{"index":"index","follow":"follow","max-snippet":"max-snippet:-1","max-image-preview":"max-image-preview:large","max-video-preview":"max-video-preview:-1"},"canonical":"https:\/\/www.bbmnoticias.com\/labravaradiofm\/2024\/11\/12\/morena-y-aliados-acuerdan-apoyar-reeleccion-de-rosario-piedra-en-cndh-es-una-decision-de-estado-dicen\/","og_locale":"es_MX","og_type":"article","og_title":"Morena y aliados acuerdan apoyar reelecci\u00f3n de Rosario Piedra en CNDH; \u201ces una decisi\u00f3n de Estado\u201d, dicen - LA BRAVA RADIO","og_description":"La bancada de Morena y sus aliados apoyar\u00e1n la reelecci\u00f3n de Rosario Piedra al frente de la Comisi\u00f3n Nacional de los Derechos Humanos. Fuentes de la 4T confirmaron que durante la reuni\u00f3n previa del grupo parlamentario de Morena en el Senado se inform\u00f3 que la decisi\u00f3n de los liderazgos de la bancada es respaldar a [&hellip;]","og_url":"https:\/\/www.bbmnoticias.com\/labravaradiofm\/2024\/11\/12\/morena-y-aliados-acuerdan-apoyar-reeleccion-de-rosario-piedra-en-cndh-es-una-decision-de-estado-dicen\/","og_site_name":"LA BRAVA RADIO","article_published_time":"2024-11-12T21:50:31+00:00","article_modified_time":"2024-11-12T21:50:35+00:00","og_image":[{"width":800,"height":484,"url":"https:\/\/www.bbmnoticias.com\/labravaradiofm\/wp-content\/uploads\/sites\/5\/2024\/11\/rosario-piedra.jpg","type":"image\/jpeg"}],"author":"Agencias","twitter_card":"summary_large_image","twitter_misc":{"Escrito por":"Agencias","Tiempo de lectura":"3 minutos"},"schema":{"@context":"https:\/\/schema.org","@graph":[{"@type":"Article","@id":"https:\/\/www.bbmnoticias.com\/labravaradiofm\/2024\/11\/12\/morena-y-aliados-acuerdan-apoyar-reeleccion-de-rosario-piedra-en-cndh-es-una-decision-de-estado-dicen\/#article","isPartOf":{"@id":"https:\/\/www.bbmnoticias.com\/labravaradiofm\/2024\/11\/12\/morena-y-aliados-acuerdan-apoyar-reeleccion-de-rosario-piedra-en-cndh-es-una-decision-de-estado-dicen\/"},"author":{"name":"Agencias","@id":"https:\/\/www.bbmnoticias.com\/labravaradiofm\/#\/schema\/person\/000bdaf0a8fb5bff0d537c4d0778e33f"},"headline":"Morena y aliados acuerdan apoyar reelecci\u00f3n de Rosario Piedra en CNDH; \u201ces una decisi\u00f3n de Estado\u201d, dicen","datePublished":"2024-11-12T21:50:31+00:00","dateModified":"2024-11-12T21:50:35+00:00","mainEntityOfPage":{"@id":"https:\/\/www.bbmnoticias.com\/labravaradiofm\/2024\/11\/12\/morena-y-aliados-acuerdan-apoyar-reeleccion-de-rosario-piedra-en-cndh-es-una-decision-de-estado-dicen\/"},"wordCount":615,"image":{"@id":"https:\/\/www.bbmnoticias.com\/labravaradiofm\/2024\/11\/12\/morena-y-aliados-acuerdan-apoyar-reeleccion-de-rosario-piedra-en-cndh-es-una-decision-de-estado-dicen\/#primaryimage"},"thumbnailUrl":"https:\/\/www.bbmnoticias.com\/labravaradiofm\/wp-content\/uploads\/sites\/5\/2024\/11\/rosario-piedra.jpg","articleSection":["DESTACADO","NACIONAL"],"inLanguage":"es"},{"@type":"WebPage","@id":"https:\/\/www.bbmnoticias.com\/labravaradiofm\/2024\/11\/12\/morena-y-aliados-acuerdan-apoyar-reeleccion-de-rosario-piedra-en-cndh-es-una-decision-de-estado-dicen\/","url":"https:\/\/www.bbmnoticias.com\/labravaradiofm\/2024\/11\/12\/morena-y-aliados-acuerdan-apoyar-reeleccion-de-rosario-piedra-en-cndh-es-una-decision-de-estado-dicen\/","name":"Morena y aliados acuerdan apoyar reelecci\u00f3n de Rosario Piedra en CNDH; \u201ces una decisi\u00f3n de Estado\u201d, dicen - LA BRAVA RADIO","isPartOf":{"@id":"https:\/\/www.bbmnoticias.com\/labravaradiofm\/#website"},"primaryImageOfPage":{"@id":"https:\/\/www.bbmnoticias.com\/labravaradiofm\/2024\/11\/12\/morena-y-aliados-acuerdan-apoyar-reeleccion-de-rosario-piedra-en-cndh-es-una-decision-de-estado-dicen\/#primaryimage"},"image":{"@id":"https:\/\/www.bbmnoticias.com\/labravaradiofm\/2024\/11\/12\/morena-y-aliados-acuerdan-apoyar-reeleccion-de-rosario-piedra-en-cndh-es-una-decision-de-estado-dicen\/#primaryimage"},"thumbnailUrl":"https:\/\/www.bbmnoticias.com\/labravaradiofm\/wp-content\/uploads\/sites\/5\/2024\/11\/rosario-piedra.jpg","datePublished":"2024-11-12T21:50:31+00:00","dateModified":"2024-11-12T21:50:35+00:00","author":{"@id":"https:\/\/www.bbmnoticias.com\/labravaradiofm\/#\/schema\/person\/000bdaf0a8fb5bff0d537c4d0778e33f"},"breadcrumb":{"@id":"https:\/\/www.bbmnoticias.com\/labravaradiofm\/2024\/11\/12\/morena-y-aliados-acuerdan-apoyar-reeleccion-de-rosario-piedra-en-cndh-es-una-decision-de-estado-dicen\/#breadcrumb"},"inLanguage":"es","potentialAction":[{"@type":"ReadAction","target":["https:\/\/www.bbmnoticias.com\/labravaradiofm\/2024\/11\/12\/morena-y-aliados-acuerdan-apoyar-reeleccion-de-rosario-piedra-en-cndh-es-una-decision-de-estado-dicen\/"]}]},{"@type":"ImageObject","inLanguage":"es","@id":"https:\/\/www.bbmnoticias.com\/labravaradiofm\/2024\/11\/12\/morena-y-aliados-acuerdan-apoyar-reeleccion-de-rosario-piedra-en-cndh-es-una-decision-de-estado-dicen\/#primaryimage","url":"https:\/\/www.bbmnoticias.com\/labravaradiofm\/wp-content\/uploads\/sites\/5\/2024\/11\/rosario-piedra.jpg","contentUrl":"https:\/\/www.bbmnoticias.com\/labravaradiofm\/wp-content\/uploads\/sites\/5\/2024\/11\/rosario-piedra.jpg","width":800,"height":484},{"@type":"BreadcrumbList","@id":"https:\/\/www.bbmnoticias.com\/labravaradiofm\/2024\/11\/12\/morena-y-aliados-acuerdan-apoyar-reeleccion-de-rosario-piedra-en-cndh-es-una-decision-de-estado-dicen\/#breadcrumb","itemListElement":[{"@type":"ListItem","position":1,"name":"Inicio","item":"https:\/\/www.bbmnoticias.com\/labravaradiofm\/"},{"@type":"ListItem","position":2,"name":"Morena y aliados acuerdan apoyar reelecci\u00f3n de Rosario Piedra en CNDH; \u201ces una decisi\u00f3n de Estado\u201d, dicen"}]},{"@type":"WebSite","@id":"https:\/\/www.bbmnoticias.com\/labravaradiofm\/#website","url":"https:\/\/www.bbmnoticias.com\/labravaradiofm\/","name":"LA BRAVA RADIO","description":"Empresa productora de medios, Radiodifusi\u00f3n, Noticias, tendencias y todo lo que necesitas saber de la pol\u00edtica mexicana e internacional; entretenimiento, espect\u00e1culos, salud y mucho m\u00e1s.","potentialAction":[{"@type":"SearchAction","target":{"@type":"EntryPoint","urlTemplate":"https:\/\/www.bbmnoticias.com\/labravaradiofm\/?s={search_term_string}"},"query-input":{"@type":"PropertyValueSpecification","valueRequired":true,"valueName":"search_term_string"}}],"inLanguage":"es"},{"@type":"Person","@id":"https:\/\/www.bbmnoticias.com\/labravaradiofm\/#\/schema\/person\/000bdaf0a8fb5bff0d537c4d0778e33f","name":"Agencias","image":{"@type":"ImageObject","inLanguage":"es","@id":"https:\/\/secure.gravatar.com\/avatar\/739e0b61adf9e398b425c36718c8752286da0e8cd90f20ce9a86678abc26aa0d?s=96&d=mm&r=g","url":"https:\/\/secure.gravatar.com\/avatar\/739e0b61adf9e398b425c36718c8752286da0e8cd90f20ce9a86678abc26aa0d?s=96&d=mm&r=g","contentUrl":"https:\/\/secure.gravatar.com\/avatar\/739e0b61adf9e398b425c36718c8752286da0e8cd90f20ce9a86678abc26aa0d?s=96&d=mm&r=g","caption":"Agencias"},"url":"https:\/\/www.bbmnoticias.com\/labravaradiofm\/author\/agencias\/"}]}},"_links":{"self":[{"href":"https:\/\/www.bbmnoticias.com\/labravaradiofm\/wp-json\/wp\/v2\/posts\/49930","targetHints":{"allow":["GET"]}}],"collection":[{"href":"https:\/\/www.bbmnoticias.com\/labravaradiofm\/wp-json\/wp\/v2\/posts"}],"about":[{"href":"https:\/\/www.bbmnoticias.com\/labravaradiofm\/wp-json\/wp\/v2\/types\/post"}],"author":[{"embeddable":true,"href":"https:\/\/www.bbmnoticias.com\/labravaradiofm\/wp-json\/wp\/v2\/users\/4"}],"replies":[{"embeddable":true,"href":"https:\/\/www.bbmnoticias.com\/labravaradiofm\/wp-json\/wp\/v2\/comments?post=49930"}],"version-history":[{"count":0,"href":"https:\/\/www.bbmnoticias.com\/labravaradiofm\/wp-json\/wp\/v2\/posts\/49930\/revisions"}],"wp:featuredmedia":[{"embeddable":true,"href":"https:\/\/www.bbmnoticias.com\/labravaradiofm\/wp-json\/wp\/v2\/media\/49931"}],"wp:attachment":[{"href":"https:\/\/www.bbmnoticias.com\/labravaradiofm\/wp-json\/wp\/v2\/media?parent=49930"}],"wp:term":[{"taxonomy":"category","embeddable":true,"href":"https:\/\/www.bbmnoticias.com\/labravaradiofm\/wp-json\/wp\/v2\/categories?post=49930"},{"taxonomy":"post_tag","embeddable":true,"href":"https:\/\/www.bbmnoticias.com\/labravaradiofm\/wp-json\/wp\/v2\/tags?post=49930"}],"curies":[{"name":"wp","href":"https:\/\/api.w.org\/{rel}","templated":true}]}}