{"id":49927,"date":"2024-11-12T15:43:54","date_gmt":"2024-11-12T21:43:54","guid":{"rendered":"https:\/\/www.bbmnoticias.com\/labravaradiofm\/?p=49927"},"modified":"2024-11-12T15:43:59","modified_gmt":"2024-11-12T21:43:59","slug":"oaxaca-y-dinamarca-impulsaran-proyectos-estrategicos-de-desarrollo","status":"publish","type":"post","link":"https:\/\/www.bbmnoticias.com\/labravaradiofm\/2024\/11\/12\/oaxaca-y-dinamarca-impulsaran-proyectos-estrategicos-de-desarrollo\/","title":{"rendered":"Oaxaca y Dinamarca impulsar\u00e1n proyectos estrat\u00e9gicos de desarrollo"},"content":{"rendered":"<div style=\"margin-top: 0px; margin-bottom: 0px;\" class=\"sharethis-inline-share-buttons\" ><\/div>\n<ul class=\"wp-block-list\">\n<li><em>Firman Memor\u00e1ndum de Entendimiento para la cooperaci\u00f3n en materia de comercio, inversiones, sustentabilidad y desarrollo de los sectores empresarial y productivo.<\/em><\/li>\n<\/ul>\n\n\n\n<p><strong>Ciudad de M\u00e9xico. 12 de noviembre de 2024<\/strong>.- La Secretar\u00eda de Desarrollo Econ\u00f3mico (Sedeco) y la Embajada de Dinamarca en M\u00e9xico firmaron un Memor\u00e1ndum de Entendimiento que permitir\u00e1 la cooperaci\u00f3n para impulsar proyectos estrat\u00e9gicos de desarrollo que favorezcan a la entidad.<\/p>\n\n\n\n<p>Entre estas acciones se encuentran en materia de comercio, intercambio de conocimientos, de inversi\u00f3n en proyectos estrat\u00e9gicos, sustentabilidad, energ\u00eda renovable, salud, agropecuario y medio ambiente, entre otros.<\/p>\n\n\n\n<p>El titular de la Sedeco Ra\u00fal Ruiz Robles y el representante del pa\u00eds escandinavo Kim Hoejlund Christensen signaron el documento que demuestra que como nunca Oaxaca est\u00e1 dando pasos hist\u00f3ricos para afianzar una ruta de crecimiento econ\u00f3mico, de desarrollo integral y sustentable.<\/p>\n\n\n\n<p>Con ello, la Primavera Oaxaque\u00f1a impulsa acciones que abonan al crecimiento de empresas, ampliaci\u00f3n de mercados, atracci\u00f3n de inversiones, formaci\u00f3n de profesionistas y empleos bien remunerados.<\/p>\n\n\n\n<p>Ruiz Robles destac\u00f3 que con este acuerdo, el estado avanza hacia un futuro pr\u00f3spero, con desarrollo y bienestar, ampliando alianzas estrat\u00e9gicas para impulsar proyectos como el Corredor Interoce\u00e1nico del Istmo de Tehuantepec (CIIT) en beneficio del sur \u2013 sureste, pero tambi\u00e9n de las comunidades oaxaque\u00f1as.<\/p>\n\n\n\n<p>Precis\u00f3 que el CIIT coloca a Oaxaca en la mira del mundo como promisorio epicentro de intercambio comercial entre Am\u00e9rica, Europa y Asia, adem\u00e1s del mercado interno, en el que se destaca su potencial para inversiones y proyectos de desarrollo en los \u00e1mbitos industrial, cient\u00edfico, tecnol\u00f3gico y de sustentabilidad, entre otros.<\/p>\n\n\n\n<p>La entidad tambi\u00e9n forma parte del Memor\u00e1ndum de Entendimiento entre Portugal y Coatzacoalcos, Veracruz, que consigna acuerdos de colaboraci\u00f3n en materia de ciencia, tecnolog\u00eda y energ\u00edas renovables, entre otros puntos.<\/p>\n","protected":false},"excerpt":{"rendered":"<p>Ciudad de M\u00e9xico. 12 de noviembre de 2024.- La Secretar\u00eda de Desarrollo Econ\u00f3mico (Sedeco) y la Embajada de Dinamarca en M\u00e9xico firmaron un Memor\u00e1ndum de Entendimiento que permitir\u00e1 la cooperaci\u00f3n para impulsar proyectos estrat\u00e9gicos de desarrollo que favorezcan a la entidad. Entre estas acciones se encuentran en materia de comercio, intercambio de conocimientos, de inversi\u00f3n [&hellip;]<\/p>\n","protected":false},"author":2,"featured_media":49928,"comment_status":"closed","ping_status":"closed","sticky":false,"template":"","format":"standard","meta":{"footnotes":""},"categories":[2],"tags":[],"class_list":{"0":"post-49927","1":"post","2":"type-post","3":"status-publish","4":"format-standard","5":"has-post-thumbnail","7":"category-oaxaca"},"yoast_head":"<!-- This site is optimized with the Yoast SEO plugin v27.4 - https:\/\/yoast.com\/product\/yoast-seo-wordpress\/ -->\n<title>Oaxaca y Dinamarca impulsar\u00e1n proyectos estrat\u00e9gicos de desarrollo - LA BRAVA RADIO<\/title>\n<meta name=\"robots\" content=\"index, follow, max-snippet:-1, max-image-preview:large, max-video-preview:-1\" \/>\n<link rel=\"canonical\" href=\"https:\/\/www.bbmnoticias.com\/labravaradiofm\/2024\/11\/12\/oaxaca-y-dinamarca-impulsaran-proyectos-estrategicos-de-desarrollo\/\" \/>\n<meta property=\"og:locale\" content=\"es_MX\" \/>\n<meta property=\"og:type\" content=\"article\" \/>\n<meta property=\"og:title\" content=\"Oaxaca y Dinamarca impulsar\u00e1n proyectos estrat\u00e9gicos de desarrollo - LA BRAVA RADIO\" \/>\n<meta property=\"og:description\" content=\"Ciudad de M\u00e9xico. 12 de noviembre de 2024.- La Secretar\u00eda de Desarrollo Econ\u00f3mico (Sedeco) y la Embajada de Dinamarca en M\u00e9xico firmaron un Memor\u00e1ndum de Entendimiento que permitir\u00e1 la cooperaci\u00f3n para impulsar proyectos estrat\u00e9gicos de desarrollo que favorezcan a la entidad. Entre estas acciones se encuentran en materia de comercio, intercambio de conocimientos, de inversi\u00f3n [&hellip;]\" \/>\n<meta property=\"og:url\" content=\"https:\/\/www.bbmnoticias.com\/labravaradiofm\/2024\/11\/12\/oaxaca-y-dinamarca-impulsaran-proyectos-estrategicos-de-desarrollo\/\" \/>\n<meta property=\"og:site_name\" content=\"LA BRAVA RADIO\" \/>\n<meta property=\"article:published_time\" content=\"2024-11-12T21:43:54+00:00\" \/>\n<meta property=\"article:modified_time\" content=\"2024-11-12T21:43:59+00:00\" \/>\n<meta property=\"og:image\" content=\"https:\/\/www.bbmnoticias.com\/labravaradiofm\/wp-content\/uploads\/sites\/5\/2024\/11\/oaxaca-dinamarca.jpg\" \/>\n\t<meta property=\"og:image:width\" content=\"900\" \/>\n\t<meta property=\"og:image:height\" content=\"603\" \/>\n\t<meta property=\"og:image:type\" content=\"image\/jpeg\" \/>\n<meta name=\"author\" content=\"Staff\" \/>\n<meta name=\"twitter:card\" content=\"summary_large_image\" \/>\n<meta name=\"twitter:label1\" content=\"Escrito por\" \/>\n\t<meta name=\"twitter:data1\" content=\"Staff\" \/>\n\t<meta name=\"twitter:label2\" content=\"Tiempo de lectura\" \/>\n\t<meta name=\"twitter:data2\" content=\"2 minutos\" \/>\n<script type=\"application\/ld+json\" class=\"yoast-schema-graph\">{\"@context\":\"https:\\\/\\\/schema.org\",\"@graph\":[{\"@type\":\"Article\",\"@id\":\"https:\\\/\\\/www.bbmnoticias.com\\\/labravaradiofm\\\/2024\\\/11\\\/12\\\/oaxaca-y-dinamarca-impulsaran-proyectos-estrategicos-de-desarrollo\\\/#article\",\"isPartOf\":{\"@id\":\"https:\\\/\\\/www.bbmnoticias.com\\\/labravaradiofm\\\/2024\\\/11\\\/12\\\/oaxaca-y-dinamarca-impulsaran-proyectos-estrategicos-de-desarrollo\\\/\"},\"author\":{\"name\":\"Staff\",\"@id\":\"https:\\\/\\\/www.bbmnoticias.com\\\/labravaradiofm\\\/#\\\/schema\\\/person\\\/68a9e9036ef3c5b55aeb2b71dc8bab45\"},\"headline\":\"Oaxaca y Dinamarca impulsar\u00e1n proyectos estrat\u00e9gicos de desarrollo\",\"datePublished\":\"2024-11-12T21:43:54+00:00\",\"dateModified\":\"2024-11-12T21:43:59+00:00\",\"mainEntityOfPage\":{\"@id\":\"https:\\\/\\\/www.bbmnoticias.com\\\/labravaradiofm\\\/2024\\\/11\\\/12\\\/oaxaca-y-dinamarca-impulsaran-proyectos-estrategicos-de-desarrollo\\\/\"},\"wordCount\":325,\"image\":{\"@id\":\"https:\\\/\\\/www.bbmnoticias.com\\\/labravaradiofm\\\/2024\\\/11\\\/12\\\/oaxaca-y-dinamarca-impulsaran-proyectos-estrategicos-de-desarrollo\\\/#primaryimage\"},\"thumbnailUrl\":\"https:\\\/\\\/www.bbmnoticias.com\\\/labravaradiofm\\\/wp-content\\\/uploads\\\/sites\\\/5\\\/2024\\\/11\\\/oaxaca-dinamarca.jpg\",\"articleSection\":[\"LOCAL\"],\"inLanguage\":\"es\"},{\"@type\":\"WebPage\",\"@id\":\"https:\\\/\\\/www.bbmnoticias.com\\\/labravaradiofm\\\/2024\\\/11\\\/12\\\/oaxaca-y-dinamarca-impulsaran-proyectos-estrategicos-de-desarrollo\\\/\",\"url\":\"https:\\\/\\\/www.bbmnoticias.com\\\/labravaradiofm\\\/2024\\\/11\\\/12\\\/oaxaca-y-dinamarca-impulsaran-proyectos-estrategicos-de-desarrollo\\\/\",\"name\":\"Oaxaca y Dinamarca impulsar\u00e1n proyectos estrat\u00e9gicos de desarrollo - LA BRAVA RADIO\",\"isPartOf\":{\"@id\":\"https:\\\/\\\/www.bbmnoticias.com\\\/labravaradiofm\\\/#website\"},\"primaryImageOfPage\":{\"@id\":\"https:\\\/\\\/www.bbmnoticias.com\\\/labravaradiofm\\\/2024\\\/11\\\/12\\\/oaxaca-y-dinamarca-impulsaran-proyectos-estrategicos-de-desarrollo\\\/#primaryimage\"},\"image\":{\"@id\":\"https:\\\/\\\/www.bbmnoticias.com\\\/labravaradiofm\\\/2024\\\/11\\\/12\\\/oaxaca-y-dinamarca-impulsaran-proyectos-estrategicos-de-desarrollo\\\/#primaryimage\"},\"thumbnailUrl\":\"https:\\\/\\\/www.bbmnoticias.com\\\/labravaradiofm\\\/wp-content\\\/uploads\\\/sites\\\/5\\\/2024\\\/11\\\/oaxaca-dinamarca.jpg\",\"datePublished\":\"2024-11-12T21:43:54+00:00\",\"dateModified\":\"2024-11-12T21:43:59+00:00\",\"author\":{\"@id\":\"https:\\\/\\\/www.bbmnoticias.com\\\/labravaradiofm\\\/#\\\/schema\\\/person\\\/68a9e9036ef3c5b55aeb2b71dc8bab45\"},\"breadcrumb\":{\"@id\":\"https:\\\/\\\/www.bbmnoticias.com\\\/labravaradiofm\\\/2024\\\/11\\\/12\\\/oaxaca-y-dinamarca-impulsaran-proyectos-estrategicos-de-desarrollo\\\/#breadcrumb\"},\"inLanguage\":\"es\",\"potentialAction\":[{\"@type\":\"ReadAction\",\"target\":[\"https:\\\/\\\/www.bbmnoticias.com\\\/labravaradiofm\\\/2024\\\/11\\\/12\\\/oaxaca-y-dinamarca-impulsaran-proyectos-estrategicos-de-desarrollo\\\/\"]}]},{\"@type\":\"ImageObject\",\"inLanguage\":\"es\",\"@id\":\"https:\\\/\\\/www.bbmnoticias.com\\\/labravaradiofm\\\/2024\\\/11\\\/12\\\/oaxaca-y-dinamarca-impulsaran-proyectos-estrategicos-de-desarrollo\\\/#primaryimage\",\"url\":\"https:\\\/\\\/www.bbmnoticias.com\\\/labravaradiofm\\\/wp-content\\\/uploads\\\/sites\\\/5\\\/2024\\\/11\\\/oaxaca-dinamarca.jpg\",\"contentUrl\":\"https:\\\/\\\/www.bbmnoticias.com\\\/labravaradiofm\\\/wp-content\\\/uploads\\\/sites\\\/5\\\/2024\\\/11\\\/oaxaca-dinamarca.jpg\",\"width\":900,\"height\":603},{\"@type\":\"BreadcrumbList\",\"@id\":\"https:\\\/\\\/www.bbmnoticias.com\\\/labravaradiofm\\\/2024\\\/11\\\/12\\\/oaxaca-y-dinamarca-impulsaran-proyectos-estrategicos-de-desarrollo\\\/#breadcrumb\",\"itemListElement\":[{\"@type\":\"ListItem\",\"position\":1,\"name\":\"Inicio\",\"item\":\"https:\\\/\\\/www.bbmnoticias.com\\\/labravaradiofm\\\/\"},{\"@type\":\"ListItem\",\"position\":2,\"name\":\"Oaxaca y Dinamarca impulsar\u00e1n proyectos estrat\u00e9gicos de desarrollo\"}]},{\"@type\":\"WebSite\",\"@id\":\"https:\\\/\\\/www.bbmnoticias.com\\\/labravaradiofm\\\/#website\",\"url\":\"https:\\\/\\\/www.bbmnoticias.com\\\/labravaradiofm\\\/\",\"name\":\"LA BRAVA RADIO\",\"description\":\"Empresa productora de medios, Radiodifusi\u00f3n, Noticias, tendencias y todo lo que necesitas saber de la pol\u00edtica mexicana e internacional; entretenimiento, espect\u00e1culos, salud y mucho m\u00e1s.\",\"potentialAction\":[{\"@type\":\"SearchAction\",\"target\":{\"@type\":\"EntryPoint\",\"urlTemplate\":\"https:\\\/\\\/www.bbmnoticias.com\\\/labravaradiofm\\\/?s={search_term_string}\"},\"query-input\":{\"@type\":\"PropertyValueSpecification\",\"valueRequired\":true,\"valueName\":\"search_term_string\"}}],\"inLanguage\":\"es\"},{\"@type\":\"Person\",\"@id\":\"https:\\\/\\\/www.bbmnoticias.com\\\/labravaradiofm\\\/#\\\/schema\\\/person\\\/68a9e9036ef3c5b55aeb2b71dc8bab45\",\"name\":\"Staff\",\"image\":{\"@type\":\"ImageObject\",\"inLanguage\":\"es\",\"@id\":\"https:\\\/\\\/secure.gravatar.com\\\/avatar\\\/fdd21ad66fd8b98c407f9dee5b5e588cfe7f0d8579ec20fa6527cd59bab7f0f0?s=96&d=mm&r=g\",\"url\":\"https:\\\/\\\/secure.gravatar.com\\\/avatar\\\/fdd21ad66fd8b98c407f9dee5b5e588cfe7f0d8579ec20fa6527cd59bab7f0f0?s=96&d=mm&r=g\",\"contentUrl\":\"https:\\\/\\\/secure.gravatar.com\\\/avatar\\\/fdd21ad66fd8b98c407f9dee5b5e588cfe7f0d8579ec20fa6527cd59bab7f0f0?s=96&d=mm&r=g\",\"caption\":\"Staff\"},\"url\":\"https:\\\/\\\/www.bbmnoticias.com\\\/labravaradiofm\\\/author\\\/redaccion\\\/\"}]}<\/script>\n<!-- \/ Yoast SEO plugin. -->","yoast_head_json":{"title":"Oaxaca y Dinamarca impulsar\u00e1n proyectos estrat\u00e9gicos de desarrollo - LA BRAVA RADIO","robots":{"index":"index","follow":"follow","max-snippet":"max-snippet:-1","max-image-preview":"max-image-preview:large","max-video-preview":"max-video-preview:-1"},"canonical":"https:\/\/www.bbmnoticias.com\/labravaradiofm\/2024\/11\/12\/oaxaca-y-dinamarca-impulsaran-proyectos-estrategicos-de-desarrollo\/","og_locale":"es_MX","og_type":"article","og_title":"Oaxaca y Dinamarca impulsar\u00e1n proyectos estrat\u00e9gicos de desarrollo - LA BRAVA RADIO","og_description":"Ciudad de M\u00e9xico. 12 de noviembre de 2024.- La Secretar\u00eda de Desarrollo Econ\u00f3mico (Sedeco) y la Embajada de Dinamarca en M\u00e9xico firmaron un Memor\u00e1ndum de Entendimiento que permitir\u00e1 la cooperaci\u00f3n para impulsar proyectos estrat\u00e9gicos de desarrollo que favorezcan a la entidad. Entre estas acciones se encuentran en materia de comercio, intercambio de conocimientos, de inversi\u00f3n [&hellip;]","og_url":"https:\/\/www.bbmnoticias.com\/labravaradiofm\/2024\/11\/12\/oaxaca-y-dinamarca-impulsaran-proyectos-estrategicos-de-desarrollo\/","og_site_name":"LA BRAVA RADIO","article_published_time":"2024-11-12T21:43:54+00:00","article_modified_time":"2024-11-12T21:43:59+00:00","og_image":[{"width":900,"height":603,"url":"https:\/\/www.bbmnoticias.com\/labravaradiofm\/wp-content\/uploads\/sites\/5\/2024\/11\/oaxaca-dinamarca.jpg","type":"image\/jpeg"}],"author":"Staff","twitter_card":"summary_large_image","twitter_misc":{"Escrito por":"Staff","Tiempo de lectura":"2 minutos"},"schema":{"@context":"https:\/\/schema.org","@graph":[{"@type":"Article","@id":"https:\/\/www.bbmnoticias.com\/labravaradiofm\/2024\/11\/12\/oaxaca-y-dinamarca-impulsaran-proyectos-estrategicos-de-desarrollo\/#article","isPartOf":{"@id":"https:\/\/www.bbmnoticias.com\/labravaradiofm\/2024\/11\/12\/oaxaca-y-dinamarca-impulsaran-proyectos-estrategicos-de-desarrollo\/"},"author":{"name":"Staff","@id":"https:\/\/www.bbmnoticias.com\/labravaradiofm\/#\/schema\/person\/68a9e9036ef3c5b55aeb2b71dc8bab45"},"headline":"Oaxaca y Dinamarca impulsar\u00e1n proyectos estrat\u00e9gicos de desarrollo","datePublished":"2024-11-12T21:43:54+00:00","dateModified":"2024-11-12T21:43:59+00:00","mainEntityOfPage":{"@id":"https:\/\/www.bbmnoticias.com\/labravaradiofm\/2024\/11\/12\/oaxaca-y-dinamarca-impulsaran-proyectos-estrategicos-de-desarrollo\/"},"wordCount":325,"image":{"@id":"https:\/\/www.bbmnoticias.com\/labravaradiofm\/2024\/11\/12\/oaxaca-y-dinamarca-impulsaran-proyectos-estrategicos-de-desarrollo\/#primaryimage"},"thumbnailUrl":"https:\/\/www.bbmnoticias.com\/labravaradiofm\/wp-content\/uploads\/sites\/5\/2024\/11\/oaxaca-dinamarca.jpg","articleSection":["LOCAL"],"inLanguage":"es"},{"@type":"WebPage","@id":"https:\/\/www.bbmnoticias.com\/labravaradiofm\/2024\/11\/12\/oaxaca-y-dinamarca-impulsaran-proyectos-estrategicos-de-desarrollo\/","url":"https:\/\/www.bbmnoticias.com\/labravaradiofm\/2024\/11\/12\/oaxaca-y-dinamarca-impulsaran-proyectos-estrategicos-de-desarrollo\/","name":"Oaxaca y Dinamarca impulsar\u00e1n proyectos estrat\u00e9gicos de desarrollo - LA BRAVA RADIO","isPartOf":{"@id":"https:\/\/www.bbmnoticias.com\/labravaradiofm\/#website"},"primaryImageOfPage":{"@id":"https:\/\/www.bbmnoticias.com\/labravaradiofm\/2024\/11\/12\/oaxaca-y-dinamarca-impulsaran-proyectos-estrategicos-de-desarrollo\/#primaryimage"},"image":{"@id":"https:\/\/www.bbmnoticias.com\/labravaradiofm\/2024\/11\/12\/oaxaca-y-dinamarca-impulsaran-proyectos-estrategicos-de-desarrollo\/#primaryimage"},"thumbnailUrl":"https:\/\/www.bbmnoticias.com\/labravaradiofm\/wp-content\/uploads\/sites\/5\/2024\/11\/oaxaca-dinamarca.jpg","datePublished":"2024-11-12T21:43:54+00:00","dateModified":"2024-11-12T21:43:59+00:00","author":{"@id":"https:\/\/www.bbmnoticias.com\/labravaradiofm\/#\/schema\/person\/68a9e9036ef3c5b55aeb2b71dc8bab45"},"breadcrumb":{"@id":"https:\/\/www.bbmnoticias.com\/labravaradiofm\/2024\/11\/12\/oaxaca-y-dinamarca-impulsaran-proyectos-estrategicos-de-desarrollo\/#breadcrumb"},"inLanguage":"es","potentialAction":[{"@type":"ReadAction","target":["https:\/\/www.bbmnoticias.com\/labravaradiofm\/2024\/11\/12\/oaxaca-y-dinamarca-impulsaran-proyectos-estrategicos-de-desarrollo\/"]}]},{"@type":"ImageObject","inLanguage":"es","@id":"https:\/\/www.bbmnoticias.com\/labravaradiofm\/2024\/11\/12\/oaxaca-y-dinamarca-impulsaran-proyectos-estrategicos-de-desarrollo\/#primaryimage","url":"https:\/\/www.bbmnoticias.com\/labravaradiofm\/wp-content\/uploads\/sites\/5\/2024\/11\/oaxaca-dinamarca.jpg","contentUrl":"https:\/\/www.bbmnoticias.com\/labravaradiofm\/wp-content\/uploads\/sites\/5\/2024\/11\/oaxaca-dinamarca.jpg","width":900,"height":603},{"@type":"BreadcrumbList","@id":"https:\/\/www.bbmnoticias.com\/labravaradiofm\/2024\/11\/12\/oaxaca-y-dinamarca-impulsaran-proyectos-estrategicos-de-desarrollo\/#breadcrumb","itemListElement":[{"@type":"ListItem","position":1,"name":"Inicio","item":"https:\/\/www.bbmnoticias.com\/labravaradiofm\/"},{"@type":"ListItem","position":2,"name":"Oaxaca y Dinamarca impulsar\u00e1n proyectos estrat\u00e9gicos de desarrollo"}]},{"@type":"WebSite","@id":"https:\/\/www.bbmnoticias.com\/labravaradiofm\/#website","url":"https:\/\/www.bbmnoticias.com\/labravaradiofm\/","name":"LA BRAVA RADIO","description":"Empresa productora de medios, Radiodifusi\u00f3n, Noticias, tendencias y todo lo que necesitas saber de la pol\u00edtica mexicana e internacional; entretenimiento, espect\u00e1culos, salud y mucho m\u00e1s.","potentialAction":[{"@type":"SearchAction","target":{"@type":"EntryPoint","urlTemplate":"https:\/\/www.bbmnoticias.com\/labravaradiofm\/?s={search_term_string}"},"query-input":{"@type":"PropertyValueSpecification","valueRequired":true,"valueName":"search_term_string"}}],"inLanguage":"es"},{"@type":"Person","@id":"https:\/\/www.bbmnoticias.com\/labravaradiofm\/#\/schema\/person\/68a9e9036ef3c5b55aeb2b71dc8bab45","name":"Staff","image":{"@type":"ImageObject","inLanguage":"es","@id":"https:\/\/secure.gravatar.com\/avatar\/fdd21ad66fd8b98c407f9dee5b5e588cfe7f0d8579ec20fa6527cd59bab7f0f0?s=96&d=mm&r=g","url":"https:\/\/secure.gravatar.com\/avatar\/fdd21ad66fd8b98c407f9dee5b5e588cfe7f0d8579ec20fa6527cd59bab7f0f0?s=96&d=mm&r=g","contentUrl":"https:\/\/secure.gravatar.com\/avatar\/fdd21ad66fd8b98c407f9dee5b5e588cfe7f0d8579ec20fa6527cd59bab7f0f0?s=96&d=mm&r=g","caption":"Staff"},"url":"https:\/\/www.bbmnoticias.com\/labravaradiofm\/author\/redaccion\/"}]}},"_links":{"self":[{"href":"https:\/\/www.bbmnoticias.com\/labravaradiofm\/wp-json\/wp\/v2\/posts\/49927","targetHints":{"allow":["GET"]}}],"collection":[{"href":"https:\/\/www.bbmnoticias.com\/labravaradiofm\/wp-json\/wp\/v2\/posts"}],"about":[{"href":"https:\/\/www.bbmnoticias.com\/labravaradiofm\/wp-json\/wp\/v2\/types\/post"}],"author":[{"embeddable":true,"href":"https:\/\/www.bbmnoticias.com\/labravaradiofm\/wp-json\/wp\/v2\/users\/2"}],"replies":[{"embeddable":true,"href":"https:\/\/www.bbmnoticias.com\/labravaradiofm\/wp-json\/wp\/v2\/comments?post=49927"}],"version-history":[{"count":0,"href":"https:\/\/www.bbmnoticias.com\/labravaradiofm\/wp-json\/wp\/v2\/posts\/49927\/revisions"}],"wp:featuredmedia":[{"embeddable":true,"href":"https:\/\/www.bbmnoticias.com\/labravaradiofm\/wp-json\/wp\/v2\/media\/49928"}],"wp:attachment":[{"href":"https:\/\/www.bbmnoticias.com\/labravaradiofm\/wp-json\/wp\/v2\/media?parent=49927"}],"wp:term":[{"taxonomy":"category","embeddable":true,"href":"https:\/\/www.bbmnoticias.com\/labravaradiofm\/wp-json\/wp\/v2\/categories?post=49927"},{"taxonomy":"post_tag","embeddable":true,"href":"https:\/\/www.bbmnoticias.com\/labravaradiofm\/wp-json\/wp\/v2\/tags?post=49927"}],"curies":[{"name":"wp","href":"https:\/\/api.w.org\/{rel}","templated":true}]}}