{"id":49924,"date":"2024-11-12T15:31:38","date_gmt":"2024-11-12T21:31:38","guid":{"rendered":"https:\/\/www.bbmnoticias.com\/labravaradiofm\/?p=49924"},"modified":"2024-11-12T15:31:43","modified_gmt":"2024-11-12T21:31:43","slug":"sheinbaum-e-iniciativa-privada-firman-el-pacic-2024-2025-para-controlar-precios","status":"publish","type":"post","link":"https:\/\/www.bbmnoticias.com\/labravaradiofm\/2024\/11\/12\/sheinbaum-e-iniciativa-privada-firman-el-pacic-2024-2025-para-controlar-precios\/","title":{"rendered":"Sheinbaum e iniciativa privada firman el PACIC 2024-2025 para controlar precios"},"content":{"rendered":"<div style=\"margin-top: 0px; margin-bottom: 0px;\" class=\"sharethis-inline-share-buttons\" ><\/div>\n<p>La presidenta <strong>Claudia Sheinbaum Pardo<\/strong> firm\u00f3 con la <strong>iniciativa privada<\/strong> el\u00a0<strong>Paquete contra la Inflaci\u00f3n y la Carest\u00eda<\/strong> (<strong>PACIC<\/strong>) 2024-2025, cuyo objetivo es mantener el control de los <strong>precios<\/strong> de <strong>productos<\/strong> de la <strong>canasta b\u00e1sica<\/strong>.<\/p>\n\n\n\n<p>Por medio de redes sociales, Sheinbaum Pardo destac\u00f3 que ahora los 24 productos de la canasta b\u00e1sica en su conjunto tendr\u00e1n un precio total fijo de 910 pesos.<\/p>\n\n\n\n<p>\u201cFirmamos el Paquete contra la Inflaci\u00f3n y la Carest\u00eda (Pacic) 2024-2025 con empresas productoras y comercializadoras de los 24 productos de la canasta b\u00e1sica\u201d, sostuvo.<\/p>\n\n\n\n<p>\u201cEl compromiso es fijar el precio m\u00e1ximo en 910 pesos; esto representa 129 pesos de reducci\u00f3n respecto al acuerdo anterior, que fue de mil 39 pesos\u201d, se\u00f1al\u00f3.<\/p>\n\n\n\n<p>\u201cAgradecemos esta importante colaboraci\u00f3n en apoyo a la econom\u00eda popular\u201d, puntualiz\u00f3 en su mensaje la mandataria mexicana.<\/p>\n\n\n\n<p>El PACIC fue implementado por la <strong>Secretar\u00eda de Hacienda y Cr\u00e9dito P\u00fablico<\/strong> (<strong>SHCP<\/strong>)\u00a0 durante el Gobierno de Andr\u00e9s Manuel L\u00f3pez Obrador (2018-2024) para combatir el alza de precios de productos de la canasta b\u00e1sica.<\/p>\n\n\n\n<figure class=\"wp-block-embed is-type-rich is-provider-twitter wp-block-embed-twitter\"><div class=\"wp-block-embed__wrapper\">\n<blockquote class=\"twitter-tweet\" data-width=\"550\" data-dnt=\"true\"><p lang=\"es\" dir=\"ltr\">Firmamos el Paquete contra la Inflaci\u00f3n y la Carest\u00eda (Pacic) 2024-2025 con empresas productoras y comercializadoras de los 24 productos de la canasta b\u00e1sica.<br><br>El compromiso es fijar el precio m\u00e1ximo en 910 pesos; esto representa 129 pesos de reducci\u00f3n respecto al acuerdo\u2026 <a href=\"https:\/\/t.co\/Cl1vbSjc9n\">pic.twitter.com\/Cl1vbSjc9n<\/a><\/p>&mdash; Claudia Sheinbaum Pardo (@Claudiashein) <a href=\"https:\/\/twitter.com\/Claudiashein\/status\/1856413061625610652?ref_src=twsrc%5Etfw\">November 12, 2024<\/a><\/blockquote><script async src=\"https:\/\/platform.twitter.com\/widgets.js\" charset=\"utf-8\"><\/script>\n<\/div><\/figure>\n\n\n\n<p>Dicho programa inici\u00f3 en mayo de 2022 y se renov\u00f3 hasta en tres ocasiones para lograr reducir la inflaci\u00f3n.<\/p>\n\n\n\n<p>La tasa de inflaci\u00f3n en M\u00e9xico subi\u00f3 en octubre al 4.76 por ciento, un alza del 0.55 % respecto al mes anterior, seg\u00fan inform\u00f3 hace unos d\u00edas el Instituto Nacional de Estad\u00edstica y Geograf\u00eda (Inegi).<\/p>\n\n\n\n<p>\u201cCon este resultado, la inflaci\u00f3n general anual se ubic\u00f3 en 4.76 por ciento. En el mismo mes de 2023, la inflaci\u00f3n mensual fue de 0.38 % y la anual, de 4.26 por ciento\u201d, precis\u00f3 el organismo.<\/p>\n\n\n\n<p>El \u00edndice de precios subyacente, considerado un mejor par\u00e1metro para medir la carest\u00eda general porque excluye art\u00edculos de alta volatilidad, subi\u00f3 un 0.28 por ciento mensual y un 3,8 % anual.<\/p>\n","protected":false},"excerpt":{"rendered":"<p>La presidenta Claudia Sheinbaum Pardo firm\u00f3 con la iniciativa privada el\u00a0Paquete contra la Inflaci\u00f3n y la Carest\u00eda (PACIC) 2024-2025, cuyo objetivo es mantener el control de los precios de productos de la canasta b\u00e1sica. Por medio de redes sociales, Sheinbaum Pardo destac\u00f3 que ahora los 24 productos de la canasta b\u00e1sica en su conjunto tendr\u00e1n [&hellip;]<\/p>\n","protected":false},"author":2,"featured_media":49925,"comment_status":"closed","ping_status":"closed","sticky":false,"template":"","format":"standard","meta":{"footnotes":""},"categories":[1025,19],"tags":[],"class_list":{"0":"post-49924","1":"post","2":"type-post","3":"status-publish","4":"format-standard","5":"has-post-thumbnail","7":"category-destacado","8":"category-nacional"},"yoast_head":"<!-- This site is optimized with the Yoast SEO plugin v27.4 - https:\/\/yoast.com\/product\/yoast-seo-wordpress\/ -->\n<title>Sheinbaum e iniciativa privada firman el PACIC 2024-2025 para controlar precios - LA BRAVA RADIO<\/title>\n<meta name=\"robots\" content=\"index, follow, max-snippet:-1, max-image-preview:large, max-video-preview:-1\" \/>\n<link rel=\"canonical\" href=\"https:\/\/www.bbmnoticias.com\/labravaradiofm\/2024\/11\/12\/sheinbaum-e-iniciativa-privada-firman-el-pacic-2024-2025-para-controlar-precios\/\" \/>\n<meta property=\"og:locale\" content=\"es_MX\" \/>\n<meta property=\"og:type\" content=\"article\" \/>\n<meta property=\"og:title\" content=\"Sheinbaum e iniciativa privada firman el PACIC 2024-2025 para controlar precios - LA BRAVA RADIO\" \/>\n<meta property=\"og:description\" content=\"La presidenta Claudia Sheinbaum Pardo firm\u00f3 con la iniciativa privada el\u00a0Paquete contra la Inflaci\u00f3n y la Carest\u00eda (PACIC) 2024-2025, cuyo objetivo es mantener el control de los precios de productos de la canasta b\u00e1sica. Por medio de redes sociales, Sheinbaum Pardo destac\u00f3 que ahora los 24 productos de la canasta b\u00e1sica en su conjunto tendr\u00e1n [&hellip;]\" \/>\n<meta property=\"og:url\" content=\"https:\/\/www.bbmnoticias.com\/labravaradiofm\/2024\/11\/12\/sheinbaum-e-iniciativa-privada-firman-el-pacic-2024-2025-para-controlar-precios\/\" \/>\n<meta property=\"og:site_name\" content=\"LA BRAVA RADIO\" \/>\n<meta property=\"article:published_time\" content=\"2024-11-12T21:31:38+00:00\" \/>\n<meta property=\"article:modified_time\" content=\"2024-11-12T21:31:43+00:00\" \/>\n<meta property=\"og:image\" content=\"https:\/\/www.bbmnoticias.com\/labravaradiofm\/wp-content\/uploads\/sites\/5\/2024\/11\/sheinbaum-pacic-inflacion-ip-empresarios.webp\" \/>\n\t<meta property=\"og:image:width\" content=\"1536\" \/>\n\t<meta property=\"og:image:height\" content=\"1024\" \/>\n\t<meta property=\"og:image:type\" content=\"image\/webp\" \/>\n<meta name=\"author\" content=\"Staff\" \/>\n<meta name=\"twitter:card\" content=\"summary_large_image\" \/>\n<meta name=\"twitter:label1\" content=\"Escrito por\" \/>\n\t<meta name=\"twitter:data1\" content=\"Staff\" \/>\n\t<meta name=\"twitter:label2\" content=\"Tiempo de lectura\" \/>\n\t<meta name=\"twitter:data2\" content=\"2 minutos\" \/>\n<script type=\"application\/ld+json\" class=\"yoast-schema-graph\">{\"@context\":\"https:\\\/\\\/schema.org\",\"@graph\":[{\"@type\":\"Article\",\"@id\":\"https:\\\/\\\/www.bbmnoticias.com\\\/labravaradiofm\\\/2024\\\/11\\\/12\\\/sheinbaum-e-iniciativa-privada-firman-el-pacic-2024-2025-para-controlar-precios\\\/#article\",\"isPartOf\":{\"@id\":\"https:\\\/\\\/www.bbmnoticias.com\\\/labravaradiofm\\\/2024\\\/11\\\/12\\\/sheinbaum-e-iniciativa-privada-firman-el-pacic-2024-2025-para-controlar-precios\\\/\"},\"author\":{\"name\":\"Staff\",\"@id\":\"https:\\\/\\\/www.bbmnoticias.com\\\/labravaradiofm\\\/#\\\/schema\\\/person\\\/68a9e9036ef3c5b55aeb2b71dc8bab45\"},\"headline\":\"Sheinbaum e iniciativa privada firman el PACIC 2024-2025 para controlar precios\",\"datePublished\":\"2024-11-12T21:31:38+00:00\",\"dateModified\":\"2024-11-12T21:31:43+00:00\",\"mainEntityOfPage\":{\"@id\":\"https:\\\/\\\/www.bbmnoticias.com\\\/labravaradiofm\\\/2024\\\/11\\\/12\\\/sheinbaum-e-iniciativa-privada-firman-el-pacic-2024-2025-para-controlar-precios\\\/\"},\"wordCount\":316,\"image\":{\"@id\":\"https:\\\/\\\/www.bbmnoticias.com\\\/labravaradiofm\\\/2024\\\/11\\\/12\\\/sheinbaum-e-iniciativa-privada-firman-el-pacic-2024-2025-para-controlar-precios\\\/#primaryimage\"},\"thumbnailUrl\":\"https:\\\/\\\/www.bbmnoticias.com\\\/labravaradiofm\\\/wp-content\\\/uploads\\\/sites\\\/5\\\/2024\\\/11\\\/sheinbaum-pacic-inflacion-ip-empresarios.webp\",\"articleSection\":[\"DESTACADO\",\"NACIONAL\"],\"inLanguage\":\"es\"},{\"@type\":\"WebPage\",\"@id\":\"https:\\\/\\\/www.bbmnoticias.com\\\/labravaradiofm\\\/2024\\\/11\\\/12\\\/sheinbaum-e-iniciativa-privada-firman-el-pacic-2024-2025-para-controlar-precios\\\/\",\"url\":\"https:\\\/\\\/www.bbmnoticias.com\\\/labravaradiofm\\\/2024\\\/11\\\/12\\\/sheinbaum-e-iniciativa-privada-firman-el-pacic-2024-2025-para-controlar-precios\\\/\",\"name\":\"Sheinbaum e iniciativa privada firman el PACIC 2024-2025 para controlar precios - LA BRAVA RADIO\",\"isPartOf\":{\"@id\":\"https:\\\/\\\/www.bbmnoticias.com\\\/labravaradiofm\\\/#website\"},\"primaryImageOfPage\":{\"@id\":\"https:\\\/\\\/www.bbmnoticias.com\\\/labravaradiofm\\\/2024\\\/11\\\/12\\\/sheinbaum-e-iniciativa-privada-firman-el-pacic-2024-2025-para-controlar-precios\\\/#primaryimage\"},\"image\":{\"@id\":\"https:\\\/\\\/www.bbmnoticias.com\\\/labravaradiofm\\\/2024\\\/11\\\/12\\\/sheinbaum-e-iniciativa-privada-firman-el-pacic-2024-2025-para-controlar-precios\\\/#primaryimage\"},\"thumbnailUrl\":\"https:\\\/\\\/www.bbmnoticias.com\\\/labravaradiofm\\\/wp-content\\\/uploads\\\/sites\\\/5\\\/2024\\\/11\\\/sheinbaum-pacic-inflacion-ip-empresarios.webp\",\"datePublished\":\"2024-11-12T21:31:38+00:00\",\"dateModified\":\"2024-11-12T21:31:43+00:00\",\"author\":{\"@id\":\"https:\\\/\\\/www.bbmnoticias.com\\\/labravaradiofm\\\/#\\\/schema\\\/person\\\/68a9e9036ef3c5b55aeb2b71dc8bab45\"},\"breadcrumb\":{\"@id\":\"https:\\\/\\\/www.bbmnoticias.com\\\/labravaradiofm\\\/2024\\\/11\\\/12\\\/sheinbaum-e-iniciativa-privada-firman-el-pacic-2024-2025-para-controlar-precios\\\/#breadcrumb\"},\"inLanguage\":\"es\",\"potentialAction\":[{\"@type\":\"ReadAction\",\"target\":[\"https:\\\/\\\/www.bbmnoticias.com\\\/labravaradiofm\\\/2024\\\/11\\\/12\\\/sheinbaum-e-iniciativa-privada-firman-el-pacic-2024-2025-para-controlar-precios\\\/\"]}]},{\"@type\":\"ImageObject\",\"inLanguage\":\"es\",\"@id\":\"https:\\\/\\\/www.bbmnoticias.com\\\/labravaradiofm\\\/2024\\\/11\\\/12\\\/sheinbaum-e-iniciativa-privada-firman-el-pacic-2024-2025-para-controlar-precios\\\/#primaryimage\",\"url\":\"https:\\\/\\\/www.bbmnoticias.com\\\/labravaradiofm\\\/wp-content\\\/uploads\\\/sites\\\/5\\\/2024\\\/11\\\/sheinbaum-pacic-inflacion-ip-empresarios.webp\",\"contentUrl\":\"https:\\\/\\\/www.bbmnoticias.com\\\/labravaradiofm\\\/wp-content\\\/uploads\\\/sites\\\/5\\\/2024\\\/11\\\/sheinbaum-pacic-inflacion-ip-empresarios.webp\",\"width\":1536,\"height\":1024},{\"@type\":\"BreadcrumbList\",\"@id\":\"https:\\\/\\\/www.bbmnoticias.com\\\/labravaradiofm\\\/2024\\\/11\\\/12\\\/sheinbaum-e-iniciativa-privada-firman-el-pacic-2024-2025-para-controlar-precios\\\/#breadcrumb\",\"itemListElement\":[{\"@type\":\"ListItem\",\"position\":1,\"name\":\"Inicio\",\"item\":\"https:\\\/\\\/www.bbmnoticias.com\\\/labravaradiofm\\\/\"},{\"@type\":\"ListItem\",\"position\":2,\"name\":\"Sheinbaum e iniciativa privada firman el PACIC 2024-2025 para controlar precios\"}]},{\"@type\":\"WebSite\",\"@id\":\"https:\\\/\\\/www.bbmnoticias.com\\\/labravaradiofm\\\/#website\",\"url\":\"https:\\\/\\\/www.bbmnoticias.com\\\/labravaradiofm\\\/\",\"name\":\"LA BRAVA RADIO\",\"description\":\"Empresa productora de medios, Radiodifusi\u00f3n, Noticias, tendencias y todo lo que necesitas saber de la pol\u00edtica mexicana e internacional; entretenimiento, espect\u00e1culos, salud y mucho m\u00e1s.\",\"potentialAction\":[{\"@type\":\"SearchAction\",\"target\":{\"@type\":\"EntryPoint\",\"urlTemplate\":\"https:\\\/\\\/www.bbmnoticias.com\\\/labravaradiofm\\\/?s={search_term_string}\"},\"query-input\":{\"@type\":\"PropertyValueSpecification\",\"valueRequired\":true,\"valueName\":\"search_term_string\"}}],\"inLanguage\":\"es\"},{\"@type\":\"Person\",\"@id\":\"https:\\\/\\\/www.bbmnoticias.com\\\/labravaradiofm\\\/#\\\/schema\\\/person\\\/68a9e9036ef3c5b55aeb2b71dc8bab45\",\"name\":\"Staff\",\"image\":{\"@type\":\"ImageObject\",\"inLanguage\":\"es\",\"@id\":\"https:\\\/\\\/secure.gravatar.com\\\/avatar\\\/fdd21ad66fd8b98c407f9dee5b5e588cfe7f0d8579ec20fa6527cd59bab7f0f0?s=96&d=mm&r=g\",\"url\":\"https:\\\/\\\/secure.gravatar.com\\\/avatar\\\/fdd21ad66fd8b98c407f9dee5b5e588cfe7f0d8579ec20fa6527cd59bab7f0f0?s=96&d=mm&r=g\",\"contentUrl\":\"https:\\\/\\\/secure.gravatar.com\\\/avatar\\\/fdd21ad66fd8b98c407f9dee5b5e588cfe7f0d8579ec20fa6527cd59bab7f0f0?s=96&d=mm&r=g\",\"caption\":\"Staff\"},\"url\":\"https:\\\/\\\/www.bbmnoticias.com\\\/labravaradiofm\\\/author\\\/redaccion\\\/\"}]}<\/script>\n<!-- \/ Yoast SEO plugin. -->","yoast_head_json":{"title":"Sheinbaum e iniciativa privada firman el PACIC 2024-2025 para controlar precios - LA BRAVA RADIO","robots":{"index":"index","follow":"follow","max-snippet":"max-snippet:-1","max-image-preview":"max-image-preview:large","max-video-preview":"max-video-preview:-1"},"canonical":"https:\/\/www.bbmnoticias.com\/labravaradiofm\/2024\/11\/12\/sheinbaum-e-iniciativa-privada-firman-el-pacic-2024-2025-para-controlar-precios\/","og_locale":"es_MX","og_type":"article","og_title":"Sheinbaum e iniciativa privada firman el PACIC 2024-2025 para controlar precios - LA BRAVA RADIO","og_description":"La presidenta Claudia Sheinbaum Pardo firm\u00f3 con la iniciativa privada el\u00a0Paquete contra la Inflaci\u00f3n y la Carest\u00eda (PACIC) 2024-2025, cuyo objetivo es mantener el control de los precios de productos de la canasta b\u00e1sica. Por medio de redes sociales, Sheinbaum Pardo destac\u00f3 que ahora los 24 productos de la canasta b\u00e1sica en su conjunto tendr\u00e1n [&hellip;]","og_url":"https:\/\/www.bbmnoticias.com\/labravaradiofm\/2024\/11\/12\/sheinbaum-e-iniciativa-privada-firman-el-pacic-2024-2025-para-controlar-precios\/","og_site_name":"LA BRAVA RADIO","article_published_time":"2024-11-12T21:31:38+00:00","article_modified_time":"2024-11-12T21:31:43+00:00","og_image":[{"width":1536,"height":1024,"url":"https:\/\/www.bbmnoticias.com\/labravaradiofm\/wp-content\/uploads\/sites\/5\/2024\/11\/sheinbaum-pacic-inflacion-ip-empresarios.webp","type":"image\/webp"}],"author":"Staff","twitter_card":"summary_large_image","twitter_misc":{"Escrito por":"Staff","Tiempo de lectura":"2 minutos"},"schema":{"@context":"https:\/\/schema.org","@graph":[{"@type":"Article","@id":"https:\/\/www.bbmnoticias.com\/labravaradiofm\/2024\/11\/12\/sheinbaum-e-iniciativa-privada-firman-el-pacic-2024-2025-para-controlar-precios\/#article","isPartOf":{"@id":"https:\/\/www.bbmnoticias.com\/labravaradiofm\/2024\/11\/12\/sheinbaum-e-iniciativa-privada-firman-el-pacic-2024-2025-para-controlar-precios\/"},"author":{"name":"Staff","@id":"https:\/\/www.bbmnoticias.com\/labravaradiofm\/#\/schema\/person\/68a9e9036ef3c5b55aeb2b71dc8bab45"},"headline":"Sheinbaum e iniciativa privada firman el PACIC 2024-2025 para controlar precios","datePublished":"2024-11-12T21:31:38+00:00","dateModified":"2024-11-12T21:31:43+00:00","mainEntityOfPage":{"@id":"https:\/\/www.bbmnoticias.com\/labravaradiofm\/2024\/11\/12\/sheinbaum-e-iniciativa-privada-firman-el-pacic-2024-2025-para-controlar-precios\/"},"wordCount":316,"image":{"@id":"https:\/\/www.bbmnoticias.com\/labravaradiofm\/2024\/11\/12\/sheinbaum-e-iniciativa-privada-firman-el-pacic-2024-2025-para-controlar-precios\/#primaryimage"},"thumbnailUrl":"https:\/\/www.bbmnoticias.com\/labravaradiofm\/wp-content\/uploads\/sites\/5\/2024\/11\/sheinbaum-pacic-inflacion-ip-empresarios.webp","articleSection":["DESTACADO","NACIONAL"],"inLanguage":"es"},{"@type":"WebPage","@id":"https:\/\/www.bbmnoticias.com\/labravaradiofm\/2024\/11\/12\/sheinbaum-e-iniciativa-privada-firman-el-pacic-2024-2025-para-controlar-precios\/","url":"https:\/\/www.bbmnoticias.com\/labravaradiofm\/2024\/11\/12\/sheinbaum-e-iniciativa-privada-firman-el-pacic-2024-2025-para-controlar-precios\/","name":"Sheinbaum e iniciativa privada firman el PACIC 2024-2025 para controlar precios - LA BRAVA RADIO","isPartOf":{"@id":"https:\/\/www.bbmnoticias.com\/labravaradiofm\/#website"},"primaryImageOfPage":{"@id":"https:\/\/www.bbmnoticias.com\/labravaradiofm\/2024\/11\/12\/sheinbaum-e-iniciativa-privada-firman-el-pacic-2024-2025-para-controlar-precios\/#primaryimage"},"image":{"@id":"https:\/\/www.bbmnoticias.com\/labravaradiofm\/2024\/11\/12\/sheinbaum-e-iniciativa-privada-firman-el-pacic-2024-2025-para-controlar-precios\/#primaryimage"},"thumbnailUrl":"https:\/\/www.bbmnoticias.com\/labravaradiofm\/wp-content\/uploads\/sites\/5\/2024\/11\/sheinbaum-pacic-inflacion-ip-empresarios.webp","datePublished":"2024-11-12T21:31:38+00:00","dateModified":"2024-11-12T21:31:43+00:00","author":{"@id":"https:\/\/www.bbmnoticias.com\/labravaradiofm\/#\/schema\/person\/68a9e9036ef3c5b55aeb2b71dc8bab45"},"breadcrumb":{"@id":"https:\/\/www.bbmnoticias.com\/labravaradiofm\/2024\/11\/12\/sheinbaum-e-iniciativa-privada-firman-el-pacic-2024-2025-para-controlar-precios\/#breadcrumb"},"inLanguage":"es","potentialAction":[{"@type":"ReadAction","target":["https:\/\/www.bbmnoticias.com\/labravaradiofm\/2024\/11\/12\/sheinbaum-e-iniciativa-privada-firman-el-pacic-2024-2025-para-controlar-precios\/"]}]},{"@type":"ImageObject","inLanguage":"es","@id":"https:\/\/www.bbmnoticias.com\/labravaradiofm\/2024\/11\/12\/sheinbaum-e-iniciativa-privada-firman-el-pacic-2024-2025-para-controlar-precios\/#primaryimage","url":"https:\/\/www.bbmnoticias.com\/labravaradiofm\/wp-content\/uploads\/sites\/5\/2024\/11\/sheinbaum-pacic-inflacion-ip-empresarios.webp","contentUrl":"https:\/\/www.bbmnoticias.com\/labravaradiofm\/wp-content\/uploads\/sites\/5\/2024\/11\/sheinbaum-pacic-inflacion-ip-empresarios.webp","width":1536,"height":1024},{"@type":"BreadcrumbList","@id":"https:\/\/www.bbmnoticias.com\/labravaradiofm\/2024\/11\/12\/sheinbaum-e-iniciativa-privada-firman-el-pacic-2024-2025-para-controlar-precios\/#breadcrumb","itemListElement":[{"@type":"ListItem","position":1,"name":"Inicio","item":"https:\/\/www.bbmnoticias.com\/labravaradiofm\/"},{"@type":"ListItem","position":2,"name":"Sheinbaum e iniciativa privada firman el PACIC 2024-2025 para controlar precios"}]},{"@type":"WebSite","@id":"https:\/\/www.bbmnoticias.com\/labravaradiofm\/#website","url":"https:\/\/www.bbmnoticias.com\/labravaradiofm\/","name":"LA BRAVA RADIO","description":"Empresa productora de medios, Radiodifusi\u00f3n, Noticias, tendencias y todo lo que necesitas saber de la pol\u00edtica mexicana e internacional; entretenimiento, espect\u00e1culos, salud y mucho m\u00e1s.","potentialAction":[{"@type":"SearchAction","target":{"@type":"EntryPoint","urlTemplate":"https:\/\/www.bbmnoticias.com\/labravaradiofm\/?s={search_term_string}"},"query-input":{"@type":"PropertyValueSpecification","valueRequired":true,"valueName":"search_term_string"}}],"inLanguage":"es"},{"@type":"Person","@id":"https:\/\/www.bbmnoticias.com\/labravaradiofm\/#\/schema\/person\/68a9e9036ef3c5b55aeb2b71dc8bab45","name":"Staff","image":{"@type":"ImageObject","inLanguage":"es","@id":"https:\/\/secure.gravatar.com\/avatar\/fdd21ad66fd8b98c407f9dee5b5e588cfe7f0d8579ec20fa6527cd59bab7f0f0?s=96&d=mm&r=g","url":"https:\/\/secure.gravatar.com\/avatar\/fdd21ad66fd8b98c407f9dee5b5e588cfe7f0d8579ec20fa6527cd59bab7f0f0?s=96&d=mm&r=g","contentUrl":"https:\/\/secure.gravatar.com\/avatar\/fdd21ad66fd8b98c407f9dee5b5e588cfe7f0d8579ec20fa6527cd59bab7f0f0?s=96&d=mm&r=g","caption":"Staff"},"url":"https:\/\/www.bbmnoticias.com\/labravaradiofm\/author\/redaccion\/"}]}},"_links":{"self":[{"href":"https:\/\/www.bbmnoticias.com\/labravaradiofm\/wp-json\/wp\/v2\/posts\/49924","targetHints":{"allow":["GET"]}}],"collection":[{"href":"https:\/\/www.bbmnoticias.com\/labravaradiofm\/wp-json\/wp\/v2\/posts"}],"about":[{"href":"https:\/\/www.bbmnoticias.com\/labravaradiofm\/wp-json\/wp\/v2\/types\/post"}],"author":[{"embeddable":true,"href":"https:\/\/www.bbmnoticias.com\/labravaradiofm\/wp-json\/wp\/v2\/users\/2"}],"replies":[{"embeddable":true,"href":"https:\/\/www.bbmnoticias.com\/labravaradiofm\/wp-json\/wp\/v2\/comments?post=49924"}],"version-history":[{"count":0,"href":"https:\/\/www.bbmnoticias.com\/labravaradiofm\/wp-json\/wp\/v2\/posts\/49924\/revisions"}],"wp:featuredmedia":[{"embeddable":true,"href":"https:\/\/www.bbmnoticias.com\/labravaradiofm\/wp-json\/wp\/v2\/media\/49925"}],"wp:attachment":[{"href":"https:\/\/www.bbmnoticias.com\/labravaradiofm\/wp-json\/wp\/v2\/media?parent=49924"}],"wp:term":[{"taxonomy":"category","embeddable":true,"href":"https:\/\/www.bbmnoticias.com\/labravaradiofm\/wp-json\/wp\/v2\/categories?post=49924"},{"taxonomy":"post_tag","embeddable":true,"href":"https:\/\/www.bbmnoticias.com\/labravaradiofm\/wp-json\/wp\/v2\/tags?post=49924"}],"curies":[{"name":"wp","href":"https:\/\/api.w.org\/{rel}","templated":true}]}}