{"id":49920,"date":"2024-11-12T14:28:26","date_gmt":"2024-11-12T20:28:26","guid":{"rendered":"https:\/\/www.bbmnoticias.com\/labravaradiofm\/?p=49920"},"modified":"2024-11-12T14:28:31","modified_gmt":"2024-11-12T20:28:31","slug":"en-un-acto-de-justicia-social-la-primavera-oaxaquena-asegura-a-periodistas-independientes-y-garantiza-acceso-a-la-informacion","status":"publish","type":"post","link":"https:\/\/www.bbmnoticias.com\/labravaradiofm\/2024\/11\/12\/en-un-acto-de-justicia-social-la-primavera-oaxaquena-asegura-a-periodistas-independientes-y-garantiza-acceso-a-la-informacion\/","title":{"rendered":"En un acto de justicia social, la Primavera Oaxaque\u00f1a asegura a periodistas independientes y garantiza acceso a la informaci\u00f3n"},"content":{"rendered":"<div style=\"margin-top: 0px; margin-bottom: 0px;\" class=\"sharethis-inline-share-buttons\" ><\/div>\n<p><strong>Oaxaca de Ju\u00e1rez, Oax. 12 de noviembre de 2024.-<\/strong> A trav\u00e9s de una comunicaci\u00f3n abierta, objetiva y de respeto hacia las personas periodistas, el Gobierno de la Primavera Oaxaque\u00f1a trabaja como nunca antes para garantizar el acceso a la informaci\u00f3n p\u00fablica, un derecho humano consagrado en la Carta Magna.<\/p>\n\n\n\n<p>En el marco del Segundo Informe del Gobernador Salom\u00f3n Jara Cruz, la coordinadora de Comunicaci\u00f3n Social Elizabeth \u00c1lvarez Acosta dio a conocer que, de diciembre de&nbsp;2022 a noviembre de 2024, se han realizado cien Conferencias de Prensa Semanal del Ejecutivo Estatal, con un total de 2 mil 403 registros de periodistas.<\/p>\n\n\n\n<p>Mediante este ejercicio que abona a la transparencia, el Mandatario estatal, as\u00ed como el funcionariado y personas invitadas especiales han contestado un total de mil 624 preguntas. Los medios de comunicaci\u00f3n que han realizado la mayor cantidad de cuestionamientos son: Heraldo de M\u00e9xico, Estado Actual, Milenio, Periodistas Oaxaca y Noticias.<\/p>\n\n\n\n<p>Aunado, se han efectuado 120 conferencias del Gabinete Legal y Ampliado, y como un acto de justicia social con el gremio period\u00edstico que durante a\u00f1os fue excluido por gobiernos anteriores, se implement\u00f3 la Incorporaci\u00f3n de Personas Trabajadoras Independientes al R\u00e9gimen del Seguro Social para Periodistas Activos e Independientes.<\/p>\n\n\n\n<p>Por ello, a partir del 1 de diciembre del actual, 72 periodistas podr\u00e1n contar con un seguro m\u00e9dico, el cual ser\u00e1 pagado en su totalidad por el Gobierno del Estado. Hasta diciembre del 2025 las y los beneficiarios tendr\u00e1n acceso de manera integral a los cinco seguros que otorga el Instituto Mexicano del Seguro Social (IMSS): Enfermedades y maternidad; Riesgos de trabajo; Invalidez y vida; Retiro, cesant\u00eda en edad avanzada y vejez; Guarder\u00eda y prestaciones sociales.<\/p>\n\n\n\n<p>Con estas acciones, el Gobierno de Oaxaca repara la deuda hist\u00f3rica con el pueblo, reconociendo el importante papel que desempe\u00f1an los medios de comunicaci\u00f3n en la sociedad, ya que garantiza el ejercicio de la libertad de las ideas, sin coacciones ni censura y transparenta la acci\u00f3n gubernamental.<\/p>\n","protected":false},"excerpt":{"rendered":"<p>Oaxaca de Ju\u00e1rez, Oax. 12 de noviembre de 2024.- A trav\u00e9s de una comunicaci\u00f3n abierta, objetiva y de respeto hacia las personas periodistas, el Gobierno de la Primavera Oaxaque\u00f1a trabaja como nunca antes para garantizar el acceso a la informaci\u00f3n p\u00fablica, un derecho humano consagrado en la Carta Magna. En el marco del Segundo Informe [&hellip;]<\/p>\n","protected":false},"author":2,"featured_media":49921,"comment_status":"closed","ping_status":"closed","sticky":false,"template":"","format":"standard","meta":{"footnotes":""},"categories":[1025],"tags":[],"class_list":{"0":"post-49920","1":"post","2":"type-post","3":"status-publish","4":"format-standard","5":"has-post-thumbnail","7":"category-destacado"},"yoast_head":"<!-- This site is optimized with the Yoast SEO plugin v27.4 - https:\/\/yoast.com\/product\/yoast-seo-wordpress\/ -->\n<title>En un acto de justicia social, la Primavera Oaxaque\u00f1a asegura a periodistas independientes y garantiza acceso a la informaci\u00f3n - LA BRAVA RADIO<\/title>\n<meta name=\"robots\" content=\"index, follow, max-snippet:-1, max-image-preview:large, max-video-preview:-1\" \/>\n<link rel=\"canonical\" href=\"https:\/\/www.bbmnoticias.com\/labravaradiofm\/2024\/11\/12\/en-un-acto-de-justicia-social-la-primavera-oaxaquena-asegura-a-periodistas-independientes-y-garantiza-acceso-a-la-informacion\/\" \/>\n<meta property=\"og:locale\" content=\"es_MX\" \/>\n<meta property=\"og:type\" content=\"article\" \/>\n<meta property=\"og:title\" content=\"En un acto de justicia social, la Primavera Oaxaque\u00f1a asegura a periodistas independientes y garantiza acceso a la informaci\u00f3n - LA BRAVA RADIO\" \/>\n<meta property=\"og:description\" content=\"Oaxaca de Ju\u00e1rez, Oax. 12 de noviembre de 2024.- A trav\u00e9s de una comunicaci\u00f3n abierta, objetiva y de respeto hacia las personas periodistas, el Gobierno de la Primavera Oaxaque\u00f1a trabaja como nunca antes para garantizar el acceso a la informaci\u00f3n p\u00fablica, un derecho humano consagrado en la Carta Magna. En el marco del Segundo Informe [&hellip;]\" \/>\n<meta property=\"og:url\" content=\"https:\/\/www.bbmnoticias.com\/labravaradiofm\/2024\/11\/12\/en-un-acto-de-justicia-social-la-primavera-oaxaquena-asegura-a-periodistas-independientes-y-garantiza-acceso-a-la-informacion\/\" \/>\n<meta property=\"og:site_name\" content=\"LA BRAVA RADIO\" \/>\n<meta property=\"article:published_time\" content=\"2024-11-12T20:28:26+00:00\" \/>\n<meta property=\"article:modified_time\" content=\"2024-11-12T20:28:31+00:00\" \/>\n<meta property=\"og:image\" content=\"https:\/\/www.bbmnoticias.com\/labravaradiofm\/wp-content\/uploads\/sites\/5\/2024\/11\/periodistas-oaxaca.jpg\" \/>\n\t<meta property=\"og:image:width\" content=\"800\" \/>\n\t<meta property=\"og:image:height\" content=\"533\" \/>\n\t<meta property=\"og:image:type\" content=\"image\/jpeg\" \/>\n<meta name=\"author\" content=\"Staff\" \/>\n<meta name=\"twitter:card\" content=\"summary_large_image\" \/>\n<meta name=\"twitter:label1\" content=\"Escrito por\" \/>\n\t<meta name=\"twitter:data1\" content=\"Staff\" \/>\n\t<meta name=\"twitter:label2\" content=\"Tiempo de lectura\" \/>\n\t<meta name=\"twitter:data2\" content=\"2 minutos\" \/>\n<script type=\"application\/ld+json\" class=\"yoast-schema-graph\">{\"@context\":\"https:\\\/\\\/schema.org\",\"@graph\":[{\"@type\":\"Article\",\"@id\":\"https:\\\/\\\/www.bbmnoticias.com\\\/labravaradiofm\\\/2024\\\/11\\\/12\\\/en-un-acto-de-justicia-social-la-primavera-oaxaquena-asegura-a-periodistas-independientes-y-garantiza-acceso-a-la-informacion\\\/#article\",\"isPartOf\":{\"@id\":\"https:\\\/\\\/www.bbmnoticias.com\\\/labravaradiofm\\\/2024\\\/11\\\/12\\\/en-un-acto-de-justicia-social-la-primavera-oaxaquena-asegura-a-periodistas-independientes-y-garantiza-acceso-a-la-informacion\\\/\"},\"author\":{\"name\":\"Staff\",\"@id\":\"https:\\\/\\\/www.bbmnoticias.com\\\/labravaradiofm\\\/#\\\/schema\\\/person\\\/68a9e9036ef3c5b55aeb2b71dc8bab45\"},\"headline\":\"En un acto de justicia social, la Primavera Oaxaque\u00f1a asegura a periodistas independientes y garantiza acceso a la informaci\u00f3n\",\"datePublished\":\"2024-11-12T20:28:26+00:00\",\"dateModified\":\"2024-11-12T20:28:31+00:00\",\"mainEntityOfPage\":{\"@id\":\"https:\\\/\\\/www.bbmnoticias.com\\\/labravaradiofm\\\/2024\\\/11\\\/12\\\/en-un-acto-de-justicia-social-la-primavera-oaxaquena-asegura-a-periodistas-independientes-y-garantiza-acceso-a-la-informacion\\\/\"},\"wordCount\":357,\"image\":{\"@id\":\"https:\\\/\\\/www.bbmnoticias.com\\\/labravaradiofm\\\/2024\\\/11\\\/12\\\/en-un-acto-de-justicia-social-la-primavera-oaxaquena-asegura-a-periodistas-independientes-y-garantiza-acceso-a-la-informacion\\\/#primaryimage\"},\"thumbnailUrl\":\"https:\\\/\\\/www.bbmnoticias.com\\\/labravaradiofm\\\/wp-content\\\/uploads\\\/sites\\\/5\\\/2024\\\/11\\\/periodistas-oaxaca.jpg\",\"articleSection\":[\"DESTACADO\"],\"inLanguage\":\"es\"},{\"@type\":\"WebPage\",\"@id\":\"https:\\\/\\\/www.bbmnoticias.com\\\/labravaradiofm\\\/2024\\\/11\\\/12\\\/en-un-acto-de-justicia-social-la-primavera-oaxaquena-asegura-a-periodistas-independientes-y-garantiza-acceso-a-la-informacion\\\/\",\"url\":\"https:\\\/\\\/www.bbmnoticias.com\\\/labravaradiofm\\\/2024\\\/11\\\/12\\\/en-un-acto-de-justicia-social-la-primavera-oaxaquena-asegura-a-periodistas-independientes-y-garantiza-acceso-a-la-informacion\\\/\",\"name\":\"En un acto de justicia social, la Primavera Oaxaque\u00f1a asegura a periodistas independientes y garantiza acceso a la informaci\u00f3n - LA BRAVA RADIO\",\"isPartOf\":{\"@id\":\"https:\\\/\\\/www.bbmnoticias.com\\\/labravaradiofm\\\/#website\"},\"primaryImageOfPage\":{\"@id\":\"https:\\\/\\\/www.bbmnoticias.com\\\/labravaradiofm\\\/2024\\\/11\\\/12\\\/en-un-acto-de-justicia-social-la-primavera-oaxaquena-asegura-a-periodistas-independientes-y-garantiza-acceso-a-la-informacion\\\/#primaryimage\"},\"image\":{\"@id\":\"https:\\\/\\\/www.bbmnoticias.com\\\/labravaradiofm\\\/2024\\\/11\\\/12\\\/en-un-acto-de-justicia-social-la-primavera-oaxaquena-asegura-a-periodistas-independientes-y-garantiza-acceso-a-la-informacion\\\/#primaryimage\"},\"thumbnailUrl\":\"https:\\\/\\\/www.bbmnoticias.com\\\/labravaradiofm\\\/wp-content\\\/uploads\\\/sites\\\/5\\\/2024\\\/11\\\/periodistas-oaxaca.jpg\",\"datePublished\":\"2024-11-12T20:28:26+00:00\",\"dateModified\":\"2024-11-12T20:28:31+00:00\",\"author\":{\"@id\":\"https:\\\/\\\/www.bbmnoticias.com\\\/labravaradiofm\\\/#\\\/schema\\\/person\\\/68a9e9036ef3c5b55aeb2b71dc8bab45\"},\"breadcrumb\":{\"@id\":\"https:\\\/\\\/www.bbmnoticias.com\\\/labravaradiofm\\\/2024\\\/11\\\/12\\\/en-un-acto-de-justicia-social-la-primavera-oaxaquena-asegura-a-periodistas-independientes-y-garantiza-acceso-a-la-informacion\\\/#breadcrumb\"},\"inLanguage\":\"es\",\"potentialAction\":[{\"@type\":\"ReadAction\",\"target\":[\"https:\\\/\\\/www.bbmnoticias.com\\\/labravaradiofm\\\/2024\\\/11\\\/12\\\/en-un-acto-de-justicia-social-la-primavera-oaxaquena-asegura-a-periodistas-independientes-y-garantiza-acceso-a-la-informacion\\\/\"]}]},{\"@type\":\"ImageObject\",\"inLanguage\":\"es\",\"@id\":\"https:\\\/\\\/www.bbmnoticias.com\\\/labravaradiofm\\\/2024\\\/11\\\/12\\\/en-un-acto-de-justicia-social-la-primavera-oaxaquena-asegura-a-periodistas-independientes-y-garantiza-acceso-a-la-informacion\\\/#primaryimage\",\"url\":\"https:\\\/\\\/www.bbmnoticias.com\\\/labravaradiofm\\\/wp-content\\\/uploads\\\/sites\\\/5\\\/2024\\\/11\\\/periodistas-oaxaca.jpg\",\"contentUrl\":\"https:\\\/\\\/www.bbmnoticias.com\\\/labravaradiofm\\\/wp-content\\\/uploads\\\/sites\\\/5\\\/2024\\\/11\\\/periodistas-oaxaca.jpg\",\"width\":800,\"height\":533},{\"@type\":\"BreadcrumbList\",\"@id\":\"https:\\\/\\\/www.bbmnoticias.com\\\/labravaradiofm\\\/2024\\\/11\\\/12\\\/en-un-acto-de-justicia-social-la-primavera-oaxaquena-asegura-a-periodistas-independientes-y-garantiza-acceso-a-la-informacion\\\/#breadcrumb\",\"itemListElement\":[{\"@type\":\"ListItem\",\"position\":1,\"name\":\"Inicio\",\"item\":\"https:\\\/\\\/www.bbmnoticias.com\\\/labravaradiofm\\\/\"},{\"@type\":\"ListItem\",\"position\":2,\"name\":\"En un acto de justicia social, la Primavera Oaxaque\u00f1a asegura a periodistas independientes y garantiza acceso a la informaci\u00f3n\"}]},{\"@type\":\"WebSite\",\"@id\":\"https:\\\/\\\/www.bbmnoticias.com\\\/labravaradiofm\\\/#website\",\"url\":\"https:\\\/\\\/www.bbmnoticias.com\\\/labravaradiofm\\\/\",\"name\":\"LA BRAVA RADIO\",\"description\":\"Empresa productora de medios, Radiodifusi\u00f3n, Noticias, tendencias y todo lo que necesitas saber de la pol\u00edtica mexicana e internacional; entretenimiento, espect\u00e1culos, salud y mucho m\u00e1s.\",\"potentialAction\":[{\"@type\":\"SearchAction\",\"target\":{\"@type\":\"EntryPoint\",\"urlTemplate\":\"https:\\\/\\\/www.bbmnoticias.com\\\/labravaradiofm\\\/?s={search_term_string}\"},\"query-input\":{\"@type\":\"PropertyValueSpecification\",\"valueRequired\":true,\"valueName\":\"search_term_string\"}}],\"inLanguage\":\"es\"},{\"@type\":\"Person\",\"@id\":\"https:\\\/\\\/www.bbmnoticias.com\\\/labravaradiofm\\\/#\\\/schema\\\/person\\\/68a9e9036ef3c5b55aeb2b71dc8bab45\",\"name\":\"Staff\",\"image\":{\"@type\":\"ImageObject\",\"inLanguage\":\"es\",\"@id\":\"https:\\\/\\\/secure.gravatar.com\\\/avatar\\\/fdd21ad66fd8b98c407f9dee5b5e588cfe7f0d8579ec20fa6527cd59bab7f0f0?s=96&d=mm&r=g\",\"url\":\"https:\\\/\\\/secure.gravatar.com\\\/avatar\\\/fdd21ad66fd8b98c407f9dee5b5e588cfe7f0d8579ec20fa6527cd59bab7f0f0?s=96&d=mm&r=g\",\"contentUrl\":\"https:\\\/\\\/secure.gravatar.com\\\/avatar\\\/fdd21ad66fd8b98c407f9dee5b5e588cfe7f0d8579ec20fa6527cd59bab7f0f0?s=96&d=mm&r=g\",\"caption\":\"Staff\"},\"url\":\"https:\\\/\\\/www.bbmnoticias.com\\\/labravaradiofm\\\/author\\\/redaccion\\\/\"}]}<\/script>\n<!-- \/ Yoast SEO plugin. -->","yoast_head_json":{"title":"En un acto de justicia social, la Primavera Oaxaque\u00f1a asegura a periodistas independientes y garantiza acceso a la informaci\u00f3n - LA BRAVA RADIO","robots":{"index":"index","follow":"follow","max-snippet":"max-snippet:-1","max-image-preview":"max-image-preview:large","max-video-preview":"max-video-preview:-1"},"canonical":"https:\/\/www.bbmnoticias.com\/labravaradiofm\/2024\/11\/12\/en-un-acto-de-justicia-social-la-primavera-oaxaquena-asegura-a-periodistas-independientes-y-garantiza-acceso-a-la-informacion\/","og_locale":"es_MX","og_type":"article","og_title":"En un acto de justicia social, la Primavera Oaxaque\u00f1a asegura a periodistas independientes y garantiza acceso a la informaci\u00f3n - LA BRAVA RADIO","og_description":"Oaxaca de Ju\u00e1rez, Oax. 12 de noviembre de 2024.- A trav\u00e9s de una comunicaci\u00f3n abierta, objetiva y de respeto hacia las personas periodistas, el Gobierno de la Primavera Oaxaque\u00f1a trabaja como nunca antes para garantizar el acceso a la informaci\u00f3n p\u00fablica, un derecho humano consagrado en la Carta Magna. En el marco del Segundo Informe [&hellip;]","og_url":"https:\/\/www.bbmnoticias.com\/labravaradiofm\/2024\/11\/12\/en-un-acto-de-justicia-social-la-primavera-oaxaquena-asegura-a-periodistas-independientes-y-garantiza-acceso-a-la-informacion\/","og_site_name":"LA BRAVA RADIO","article_published_time":"2024-11-12T20:28:26+00:00","article_modified_time":"2024-11-12T20:28:31+00:00","og_image":[{"width":800,"height":533,"url":"https:\/\/www.bbmnoticias.com\/labravaradiofm\/wp-content\/uploads\/sites\/5\/2024\/11\/periodistas-oaxaca.jpg","type":"image\/jpeg"}],"author":"Staff","twitter_card":"summary_large_image","twitter_misc":{"Escrito por":"Staff","Tiempo de lectura":"2 minutos"},"schema":{"@context":"https:\/\/schema.org","@graph":[{"@type":"Article","@id":"https:\/\/www.bbmnoticias.com\/labravaradiofm\/2024\/11\/12\/en-un-acto-de-justicia-social-la-primavera-oaxaquena-asegura-a-periodistas-independientes-y-garantiza-acceso-a-la-informacion\/#article","isPartOf":{"@id":"https:\/\/www.bbmnoticias.com\/labravaradiofm\/2024\/11\/12\/en-un-acto-de-justicia-social-la-primavera-oaxaquena-asegura-a-periodistas-independientes-y-garantiza-acceso-a-la-informacion\/"},"author":{"name":"Staff","@id":"https:\/\/www.bbmnoticias.com\/labravaradiofm\/#\/schema\/person\/68a9e9036ef3c5b55aeb2b71dc8bab45"},"headline":"En un acto de justicia social, la Primavera Oaxaque\u00f1a asegura a periodistas independientes y garantiza acceso a la informaci\u00f3n","datePublished":"2024-11-12T20:28:26+00:00","dateModified":"2024-11-12T20:28:31+00:00","mainEntityOfPage":{"@id":"https:\/\/www.bbmnoticias.com\/labravaradiofm\/2024\/11\/12\/en-un-acto-de-justicia-social-la-primavera-oaxaquena-asegura-a-periodistas-independientes-y-garantiza-acceso-a-la-informacion\/"},"wordCount":357,"image":{"@id":"https:\/\/www.bbmnoticias.com\/labravaradiofm\/2024\/11\/12\/en-un-acto-de-justicia-social-la-primavera-oaxaquena-asegura-a-periodistas-independientes-y-garantiza-acceso-a-la-informacion\/#primaryimage"},"thumbnailUrl":"https:\/\/www.bbmnoticias.com\/labravaradiofm\/wp-content\/uploads\/sites\/5\/2024\/11\/periodistas-oaxaca.jpg","articleSection":["DESTACADO"],"inLanguage":"es"},{"@type":"WebPage","@id":"https:\/\/www.bbmnoticias.com\/labravaradiofm\/2024\/11\/12\/en-un-acto-de-justicia-social-la-primavera-oaxaquena-asegura-a-periodistas-independientes-y-garantiza-acceso-a-la-informacion\/","url":"https:\/\/www.bbmnoticias.com\/labravaradiofm\/2024\/11\/12\/en-un-acto-de-justicia-social-la-primavera-oaxaquena-asegura-a-periodistas-independientes-y-garantiza-acceso-a-la-informacion\/","name":"En un acto de justicia social, la Primavera Oaxaque\u00f1a asegura a periodistas independientes y garantiza acceso a la informaci\u00f3n - LA BRAVA RADIO","isPartOf":{"@id":"https:\/\/www.bbmnoticias.com\/labravaradiofm\/#website"},"primaryImageOfPage":{"@id":"https:\/\/www.bbmnoticias.com\/labravaradiofm\/2024\/11\/12\/en-un-acto-de-justicia-social-la-primavera-oaxaquena-asegura-a-periodistas-independientes-y-garantiza-acceso-a-la-informacion\/#primaryimage"},"image":{"@id":"https:\/\/www.bbmnoticias.com\/labravaradiofm\/2024\/11\/12\/en-un-acto-de-justicia-social-la-primavera-oaxaquena-asegura-a-periodistas-independientes-y-garantiza-acceso-a-la-informacion\/#primaryimage"},"thumbnailUrl":"https:\/\/www.bbmnoticias.com\/labravaradiofm\/wp-content\/uploads\/sites\/5\/2024\/11\/periodistas-oaxaca.jpg","datePublished":"2024-11-12T20:28:26+00:00","dateModified":"2024-11-12T20:28:31+00:00","author":{"@id":"https:\/\/www.bbmnoticias.com\/labravaradiofm\/#\/schema\/person\/68a9e9036ef3c5b55aeb2b71dc8bab45"},"breadcrumb":{"@id":"https:\/\/www.bbmnoticias.com\/labravaradiofm\/2024\/11\/12\/en-un-acto-de-justicia-social-la-primavera-oaxaquena-asegura-a-periodistas-independientes-y-garantiza-acceso-a-la-informacion\/#breadcrumb"},"inLanguage":"es","potentialAction":[{"@type":"ReadAction","target":["https:\/\/www.bbmnoticias.com\/labravaradiofm\/2024\/11\/12\/en-un-acto-de-justicia-social-la-primavera-oaxaquena-asegura-a-periodistas-independientes-y-garantiza-acceso-a-la-informacion\/"]}]},{"@type":"ImageObject","inLanguage":"es","@id":"https:\/\/www.bbmnoticias.com\/labravaradiofm\/2024\/11\/12\/en-un-acto-de-justicia-social-la-primavera-oaxaquena-asegura-a-periodistas-independientes-y-garantiza-acceso-a-la-informacion\/#primaryimage","url":"https:\/\/www.bbmnoticias.com\/labravaradiofm\/wp-content\/uploads\/sites\/5\/2024\/11\/periodistas-oaxaca.jpg","contentUrl":"https:\/\/www.bbmnoticias.com\/labravaradiofm\/wp-content\/uploads\/sites\/5\/2024\/11\/periodistas-oaxaca.jpg","width":800,"height":533},{"@type":"BreadcrumbList","@id":"https:\/\/www.bbmnoticias.com\/labravaradiofm\/2024\/11\/12\/en-un-acto-de-justicia-social-la-primavera-oaxaquena-asegura-a-periodistas-independientes-y-garantiza-acceso-a-la-informacion\/#breadcrumb","itemListElement":[{"@type":"ListItem","position":1,"name":"Inicio","item":"https:\/\/www.bbmnoticias.com\/labravaradiofm\/"},{"@type":"ListItem","position":2,"name":"En un acto de justicia social, la Primavera Oaxaque\u00f1a asegura a periodistas independientes y garantiza acceso a la informaci\u00f3n"}]},{"@type":"WebSite","@id":"https:\/\/www.bbmnoticias.com\/labravaradiofm\/#website","url":"https:\/\/www.bbmnoticias.com\/labravaradiofm\/","name":"LA BRAVA RADIO","description":"Empresa productora de medios, Radiodifusi\u00f3n, Noticias, tendencias y todo lo que necesitas saber de la pol\u00edtica mexicana e internacional; entretenimiento, espect\u00e1culos, salud y mucho m\u00e1s.","potentialAction":[{"@type":"SearchAction","target":{"@type":"EntryPoint","urlTemplate":"https:\/\/www.bbmnoticias.com\/labravaradiofm\/?s={search_term_string}"},"query-input":{"@type":"PropertyValueSpecification","valueRequired":true,"valueName":"search_term_string"}}],"inLanguage":"es"},{"@type":"Person","@id":"https:\/\/www.bbmnoticias.com\/labravaradiofm\/#\/schema\/person\/68a9e9036ef3c5b55aeb2b71dc8bab45","name":"Staff","image":{"@type":"ImageObject","inLanguage":"es","@id":"https:\/\/secure.gravatar.com\/avatar\/fdd21ad66fd8b98c407f9dee5b5e588cfe7f0d8579ec20fa6527cd59bab7f0f0?s=96&d=mm&r=g","url":"https:\/\/secure.gravatar.com\/avatar\/fdd21ad66fd8b98c407f9dee5b5e588cfe7f0d8579ec20fa6527cd59bab7f0f0?s=96&d=mm&r=g","contentUrl":"https:\/\/secure.gravatar.com\/avatar\/fdd21ad66fd8b98c407f9dee5b5e588cfe7f0d8579ec20fa6527cd59bab7f0f0?s=96&d=mm&r=g","caption":"Staff"},"url":"https:\/\/www.bbmnoticias.com\/labravaradiofm\/author\/redaccion\/"}]}},"_links":{"self":[{"href":"https:\/\/www.bbmnoticias.com\/labravaradiofm\/wp-json\/wp\/v2\/posts\/49920","targetHints":{"allow":["GET"]}}],"collection":[{"href":"https:\/\/www.bbmnoticias.com\/labravaradiofm\/wp-json\/wp\/v2\/posts"}],"about":[{"href":"https:\/\/www.bbmnoticias.com\/labravaradiofm\/wp-json\/wp\/v2\/types\/post"}],"author":[{"embeddable":true,"href":"https:\/\/www.bbmnoticias.com\/labravaradiofm\/wp-json\/wp\/v2\/users\/2"}],"replies":[{"embeddable":true,"href":"https:\/\/www.bbmnoticias.com\/labravaradiofm\/wp-json\/wp\/v2\/comments?post=49920"}],"version-history":[{"count":0,"href":"https:\/\/www.bbmnoticias.com\/labravaradiofm\/wp-json\/wp\/v2\/posts\/49920\/revisions"}],"wp:featuredmedia":[{"embeddable":true,"href":"https:\/\/www.bbmnoticias.com\/labravaradiofm\/wp-json\/wp\/v2\/media\/49921"}],"wp:attachment":[{"href":"https:\/\/www.bbmnoticias.com\/labravaradiofm\/wp-json\/wp\/v2\/media?parent=49920"}],"wp:term":[{"taxonomy":"category","embeddable":true,"href":"https:\/\/www.bbmnoticias.com\/labravaradiofm\/wp-json\/wp\/v2\/categories?post=49920"},{"taxonomy":"post_tag","embeddable":true,"href":"https:\/\/www.bbmnoticias.com\/labravaradiofm\/wp-json\/wp\/v2\/tags?post=49920"}],"curies":[{"name":"wp","href":"https:\/\/api.w.org\/{rel}","templated":true}]}}